{"id":4745,"date":"2016-10-18T13:15:03","date_gmt":"2016-10-18T11:15:03","guid":{"rendered":"https:\/\/oui-oui.es\/blog\/?p=4745"},"modified":"2016-10-18T13:15:03","modified_gmt":"2016-10-18T11:15:03","slug":"babymoon-en-aire-de-bardenas","status":"publish","type":"post","link":"https:\/\/oui-oui.es\/blog\/babymoon-en-aire-de-bardenas\/","title":{"rendered":"Babymoon en Aire de B\u00e1rdenas"},"content":{"rendered":"<p><a href=\"http:\/\/www.oui-oui.es\/decoracion-con-estilo\/954-caja-de-luz-pequena.html\"><img loading=\"lazy\" decoding=\"async\" class=\"aligncenter size-large wp-image-4748\" src=\"https:\/\/oui-oui.es\/blog\/wp-content\/uploads\/2016\/10\/Oui-OUi-babymoon-aire-de-bardenas-lightbox-caja-de-luz-1024x1024.jpg\" alt=\"oui-oui-babymoon-aire-de-bardenas-lightbox-caja-de-luz\" width=\"1024\" height=\"1024\" srcset=\"https:\/\/oui-oui.es\/blog\/wp-content\/uploads\/2016\/10\/Oui-OUi-babymoon-aire-de-bardenas-lightbox-caja-de-luz-1024x1024.jpg 1024w, https:\/\/oui-oui.es\/blog\/wp-content\/uploads\/2016\/10\/Oui-OUi-babymoon-aire-de-bardenas-lightbox-caja-de-luz-150x150.jpg 150w, https:\/\/oui-oui.es\/blog\/wp-content\/uploads\/2016\/10\/Oui-OUi-babymoon-aire-de-bardenas-lightbox-caja-de-luz-300x300.jpg 300w, https:\/\/oui-oui.es\/blog\/wp-content\/uploads\/2016\/10\/Oui-OUi-babymoon-aire-de-bardenas-lightbox-caja-de-luz-768x768.jpg 768w, https:\/\/oui-oui.es\/blog\/wp-content\/uploads\/2016\/10\/Oui-OUi-babymoon-aire-de-bardenas-lightbox-caja-de-luz-600x600.jpg 600w\" sizes=\"auto, (max-width: 1024px) 100vw, 1024px\" \/><\/a><\/p>\n<p>Soy muy fan del concepto <strong>Babymoon<\/strong>; se trata del <strong>viaje que haces embarazada, unos meses antes de dar a luz, para disfrutar del relax del que carecer\u00e1s al menos durante el siguiente a\u00f1o.<\/strong><\/p>\n<p>Con Mart\u00edn planeamos nuestra <strong>babymoon<\/strong> dos meses antes de que naciera (acabo de descubrir que<a href=\"http:\/\/superfluo-imprescindible.blogspot.com.es\/2012\/05\/vas-tener-un-bebe-organiza-tu-babymoon.html\" target=\"_blank\"><strong> escrib\u00ed un post<\/strong><\/a> en 2012 (antes de ni siquiera pensar en embarazarme) y en \u00e9l est\u00e1n los dos hoteles a los que hemos ido de <strong>babymoon!<\/strong>) pero con Frida, entre que mis 7 meses de embarazo conincid\u00edan con que era invierno, Navidad, estaba Mart\u00edn y era temporada alt\u00edsima de trabajo&#8230;Pues lo dejamos para despu\u00e9s, as\u00ed que decidimos irnos de <strong>babymoon<\/strong> cuando Frida ya ten\u00eda 8 meses y, tras la vuelta de verano, ya ten\u00edamos de nuevo todas las rutinas establecidas de nuevo.<\/p>\n<p><img loading=\"lazy\" decoding=\"async\" class=\"aligncenter size-full wp-image-4755\" src=\"https:\/\/oui-oui.es\/blog\/wp-content\/uploads\/2016\/10\/Oui-Oui-babymoon-aire-de-bardenas-habitaciones-cubo.jpg\" alt=\"oui-oui-babymoon-aire-de-bardenas-habitaciones-cubo\" width=\"840\" height=\"460\" srcset=\"https:\/\/oui-oui.es\/blog\/wp-content\/uploads\/2016\/10\/Oui-Oui-babymoon-aire-de-bardenas-habitaciones-cubo.jpg 840w, https:\/\/oui-oui.es\/blog\/wp-content\/uploads\/2016\/10\/Oui-Oui-babymoon-aire-de-bardenas-habitaciones-cubo-300x164.jpg 300w, https:\/\/oui-oui.es\/blog\/wp-content\/uploads\/2016\/10\/Oui-Oui-babymoon-aire-de-bardenas-habitaciones-cubo-768x421.jpg 768w, https:\/\/oui-oui.es\/blog\/wp-content\/uploads\/2016\/10\/Oui-Oui-babymoon-aire-de-bardenas-habitaciones-cubo-600x329.jpg 600w\" sizes=\"auto, (max-width: 840px) 100vw, 840px\" \/><\/p>\n<p>Soy muy fan de los <strong>hoteles que merecen un viaje<\/strong>, de las <strong>piscinas ic\u00f3nicas<\/strong> y del dise\u00f1o (y los servicios de relax) en general, as\u00ed que por todo ello (m\u00e1s la gastronom\u00eda, se me olvidaba!) , elegimos el <a href=\"http:\/\/airebardenas.com\/es\/\" target=\"_blank\"><strong>hotel Aire de B\u00e1rdenas<\/strong><\/a> como nuestro <strong>destino de babymoon<\/strong>.<\/p>\n<p>&nbsp;<\/p>\n<p>El hotel se caracteriza por sus <strong>construcciones en cubos<\/strong>, estrategicamente distribuidas para disfrutar de la intimidad suficiente, de hecho, durante nuestra estancia tambi\u00e9n hab\u00eda familias con ni\u00f1os a los que no escuchamos en ning\u00fan momento.<\/p>\n<p><img loading=\"lazy\" decoding=\"async\" class=\"aligncenter size-full wp-image-4752\" src=\"https:\/\/oui-oui.es\/blog\/wp-content\/uploads\/2016\/10\/Oui-Oui-babymoon-dormir-en-burbuja-aire-de-bardenas.jpg\" alt=\"oui-oui-babymoon-dormir-en-burbuja-aire-de-bardenas\" width=\"840\" height=\"460\" srcset=\"https:\/\/oui-oui.es\/blog\/wp-content\/uploads\/2016\/10\/Oui-Oui-babymoon-dormir-en-burbuja-aire-de-bardenas.jpg 840w, https:\/\/oui-oui.es\/blog\/wp-content\/uploads\/2016\/10\/Oui-Oui-babymoon-dormir-en-burbuja-aire-de-bardenas-300x164.jpg 300w, https:\/\/oui-oui.es\/blog\/wp-content\/uploads\/2016\/10\/Oui-Oui-babymoon-dormir-en-burbuja-aire-de-bardenas-768x421.jpg 768w, https:\/\/oui-oui.es\/blog\/wp-content\/uploads\/2016\/10\/Oui-Oui-babymoon-dormir-en-burbuja-aire-de-bardenas-600x329.jpg 600w\" sizes=\"auto, (max-width: 840px) 100vw, 840px\" \/><\/p>\n<p>&nbsp;<\/p>\n<p>A mi me conquistaron <strong>las vistas desde sus cubos<\/strong>, las <strong>burbujas<\/strong> (puedes dormir en unas burbujas transparentes <strong>para ver las estrellas por la noche<\/strong>, aunque te recomiendo que si vas dos d\u00edas cojas la primera noche burbuja y la segunda un cubo, pues la burbuja es peque\u00f1s y menos c\u00f3moda) y, sobretodo, <strong>su ba\u00f1era exterior<\/strong>.<\/p>\n<p><img loading=\"lazy\" decoding=\"async\" class=\"aligncenter size-large wp-image-4746\" src=\"https:\/\/oui-oui.es\/blog\/wp-content\/uploads\/2016\/10\/Oui-Oui-babymoon-aire-de-bardenas-ba\u00f1era-exterior-hab-22-cubo-con-vistas-1024x1024.jpg\" alt=\"oui-oui-babymoon-aire-de-bardenas-banera-exterior-hab-22-cubo-con-vistas\" width=\"1024\" height=\"1024\" srcset=\"https:\/\/oui-oui.es\/blog\/wp-content\/uploads\/2016\/10\/Oui-Oui-babymoon-aire-de-bardenas-ba\u00f1era-exterior-hab-22-cubo-con-vistas-1024x1024.jpg 1024w, https:\/\/oui-oui.es\/blog\/wp-content\/uploads\/2016\/10\/Oui-Oui-babymoon-aire-de-bardenas-ba\u00f1era-exterior-hab-22-cubo-con-vistas-150x150.jpg 150w, https:\/\/oui-oui.es\/blog\/wp-content\/uploads\/2016\/10\/Oui-Oui-babymoon-aire-de-bardenas-ba\u00f1era-exterior-hab-22-cubo-con-vistas-300x300.jpg 300w, https:\/\/oui-oui.es\/blog\/wp-content\/uploads\/2016\/10\/Oui-Oui-babymoon-aire-de-bardenas-ba\u00f1era-exterior-hab-22-cubo-con-vistas-768x768.jpg 768w, https:\/\/oui-oui.es\/blog\/wp-content\/uploads\/2016\/10\/Oui-Oui-babymoon-aire-de-bardenas-ba\u00f1era-exterior-hab-22-cubo-con-vistas-600x600.jpg 600w\" sizes=\"auto, (max-width: 1024px) 100vw, 1024px\" \/><\/p>\n<p>De hecho en dos d\u00edas me ba\u00f1\u00e9 m\u00e1s veces que en los \u00faltimos ocho meses&#8230;Que levante la mano la madre con beb\u00e9 reciente que se haya ba\u00f1ado m\u00e1s de una vez desde que di\u00f3 a luz&#8230;Un imposible!<\/p>\n<p>Si ten\u00e9is en mente un viaje al hotel (un <strong>destino perfecto de babymoon<\/strong>) os recomiendo que <strong>elij\u00e1is la habitaci\u00f3n 22<\/strong>, se trata de un cubo con vistas que adem\u00e1s tienen ba\u00f1era en el exterior, hay habitaciones m\u00e1s grandes (como la suite) pero en mi opini\u00f3n no te hace falta tanto espacio porque a cambio tienes mejores vistas, as\u00ed que apuntad; habitaci\u00f3n 22 \ud83d\ude09<\/p>\n<p>Del <strong><a href=\"http:\/\/airebardenas.com\/es\/\" target=\"_blank\">hotel Aire de B\u00e1rdenas<\/a> me gustaron muchas cosas<\/strong>; adem\u00e1s de su <strong>arquitectura y dise\u00f1o<\/strong> (premiado en numerosas ocasiones), <strong>detalles<\/strong> como que tengan (a la venta) <strong>bombas para la ba\u00f1era<\/strong>, que te presenten una <strong>polaroid<\/strong> (comprando tu el carrete) para que hagas fotos durante tu estancia, el <strong>packaging<\/strong> de las amenities o que te dejen una bonita <strong>postal<\/strong> en la habitaci\u00f3n para que escribas a quien quieras y ellos se encargan de envi\u00e1rtela (gratuitamente).<\/p>\n<p><img loading=\"lazy\" decoding=\"async\" class=\"aligncenter size-large wp-image-4750\" src=\"https:\/\/oui-oui.es\/blog\/wp-content\/uploads\/2016\/10\/Oui-Oui-babymoon-cubos-aire-de-bardenas-1024x538.jpg\" alt=\"oui-oui-babymoon-cubos-aire-de-bardenas\" width=\"1024\" height=\"538\" srcset=\"https:\/\/oui-oui.es\/blog\/wp-content\/uploads\/2016\/10\/Oui-Oui-babymoon-cubos-aire-de-bardenas-1024x538.jpg 1024w, https:\/\/oui-oui.es\/blog\/wp-content\/uploads\/2016\/10\/Oui-Oui-babymoon-cubos-aire-de-bardenas-300x158.jpg 300w, https:\/\/oui-oui.es\/blog\/wp-content\/uploads\/2016\/10\/Oui-Oui-babymoon-cubos-aire-de-bardenas-768x403.jpg 768w, https:\/\/oui-oui.es\/blog\/wp-content\/uploads\/2016\/10\/Oui-Oui-babymoon-cubos-aire-de-bardenas-600x315.jpg 600w, https:\/\/oui-oui.es\/blog\/wp-content\/uploads\/2016\/10\/Oui-Oui-babymoon-cubos-aire-de-bardenas.jpg 1200w\" sizes=\"auto, (max-width: 1024px) 100vw, 1024px\" \/><\/p>\n<p><strong>La cocina tambi\u00e9n es buen\u00edsima<\/strong>, puedes cenar all\u00ed (comer no estoy segura pero entiendo que tambi\u00e9n, nosotros optamos por ir a Tudela a probar el famoso <strong>men\u00fa de verduras<\/strong> del <a href=\"http:\/\/www.restaurante33.com\" target=\"_blank\"><strong>restaurante 33<\/strong><\/a> que nos pareci\u00f3 la bomba, as\u00ed que recomendad\u00edsimo tambi\u00e9n), con una carta llena de verduras (tambi\u00e9n tienen men\u00fa s\u00f3lo de verduras).<\/p>\n<p><strong>El desayuno<\/strong> buen\u00edsimo tambi\u00e9n, aunque fue el \u00fanico aspecto que nos dej\u00f3 mal sabor de boca, pues, a\u00fan sabiendo que no estaba inclu\u00eddo en el precio de la habitaci\u00f3n, en ning\u00fan momento nos esper\u00e1bamos que costase 20\u20ac\/persona&#8230;Nos pareci\u00f3 desproporcionado, en general por un deayuno, pero en particular por el tipo de desayuno que tomas y, sobretodo, porque trat\u00e1ndose de un hotel de cuatro estrellas, ser\u00eda mejor que incluyeran eso en el precio de la habitaciones que parece que se diluye de otra forma&#8230;O, en su defecto, que el precio del desyuno constara en la carta, que aparece todo lo que vas a tomar, menos el precio.<\/p>\n<p><a href=\"http:\/\/www.oui-oui.es\/decoracion-con-estilo\/497-taza-enjoy-the-little-things.html\"><img loading=\"lazy\" decoding=\"async\" class=\"aligncenter size-large wp-image-4751\" src=\"https:\/\/oui-oui.es\/blog\/wp-content\/uploads\/2016\/10\/Oui-Oui-babymoon-desayuno-aire-de-bardenas-taza-enjoy-the-little-things-1024x1024.jpg\" alt=\"oui-oui-babymoon-desayuno-aire-de-bardenas-taza-enjoy-the-little-things\" width=\"1024\" height=\"1024\" srcset=\"https:\/\/oui-oui.es\/blog\/wp-content\/uploads\/2016\/10\/Oui-Oui-babymoon-desayuno-aire-de-bardenas-taza-enjoy-the-little-things-1024x1024.jpg 1024w, https:\/\/oui-oui.es\/blog\/wp-content\/uploads\/2016\/10\/Oui-Oui-babymoon-desayuno-aire-de-bardenas-taza-enjoy-the-little-things-150x150.jpg 150w, https:\/\/oui-oui.es\/blog\/wp-content\/uploads\/2016\/10\/Oui-Oui-babymoon-desayuno-aire-de-bardenas-taza-enjoy-the-little-things-300x300.jpg 300w, https:\/\/oui-oui.es\/blog\/wp-content\/uploads\/2016\/10\/Oui-Oui-babymoon-desayuno-aire-de-bardenas-taza-enjoy-the-little-things-768x768.jpg 768w, https:\/\/oui-oui.es\/blog\/wp-content\/uploads\/2016\/10\/Oui-Oui-babymoon-desayuno-aire-de-bardenas-taza-enjoy-the-little-things-600x600.jpg 600w, https:\/\/oui-oui.es\/blog\/wp-content\/uploads\/2016\/10\/Oui-Oui-babymoon-desayuno-aire-de-bardenas-taza-enjoy-the-little-things.jpg 2014w\" sizes=\"auto, (max-width: 1024px) 100vw, 1024px\" \/><\/a><\/p>\n<p>Por cierto, tambi\u00e9n <strong>celebran bodas<\/strong>, as\u00ed que si est\u00e1s buscando un sitio especial para <strong>celebrar tu boda cerca de Tudela<\/strong> \u00a1ya lo tienes!<\/p>\n<p><a href=\"http:\/\/www.oui-oui.es\/fiestas\/1095-bombillas-de-feria.html\"><img loading=\"lazy\" decoding=\"async\" class=\"aligncenter size-full wp-image-4753\" src=\"https:\/\/oui-oui.es\/blog\/wp-content\/uploads\/2016\/10\/Oui-Oui-aire-de-bardenas-bodas-tudela-navarra.jpg\" alt=\"oui-oui-aire-de-bardenas-bodas-tudela-navarra\" width=\"567\" height=\"384\" srcset=\"https:\/\/oui-oui.es\/blog\/wp-content\/uploads\/2016\/10\/Oui-Oui-aire-de-bardenas-bodas-tudela-navarra.jpg 567w, https:\/\/oui-oui.es\/blog\/wp-content\/uploads\/2016\/10\/Oui-Oui-aire-de-bardenas-bodas-tudela-navarra-300x203.jpg 300w\" sizes=\"auto, (max-width: 567px) 100vw, 567px\" \/><\/a><\/p>\n<p>Si te acercas por la zona <strong>no puedes dejar de visitar<\/strong> \u00a1por supuesto! el <strong>desierto de las Bardenas Reales<\/strong>, un parque natural al lado del hotel con un paisaje muy peculiar, merece la pena ir en coche, dejarlo aparcado y dar una vuelta andando.<\/p>\n<p><a href=\"http:\/\/www.oui-oui.es\/decoracion-con-estilo\/563-le-sac-en-papier-the-paper-bag.html\"><img loading=\"lazy\" decoding=\"async\" class=\"aligncenter size-large wp-image-4747\" src=\"https:\/\/oui-oui.es\/blog\/wp-content\/uploads\/2016\/10\/Oui-Oui-babymoon-aire-de-bardenas-le-sac-en-papier-bardenas-reales-1024x768.jpg\" alt=\"oui-oui-babymoon-aire-de-bardenas-le-sac-en-papier-bardenas-reales\" width=\"1024\" height=\"768\" srcset=\"https:\/\/oui-oui.es\/blog\/wp-content\/uploads\/2016\/10\/Oui-Oui-babymoon-aire-de-bardenas-le-sac-en-papier-bardenas-reales-1024x768.jpg 1024w, https:\/\/oui-oui.es\/blog\/wp-content\/uploads\/2016\/10\/Oui-Oui-babymoon-aire-de-bardenas-le-sac-en-papier-bardenas-reales-300x225.jpg 300w, https:\/\/oui-oui.es\/blog\/wp-content\/uploads\/2016\/10\/Oui-Oui-babymoon-aire-de-bardenas-le-sac-en-papier-bardenas-reales-768x576.jpg 768w, https:\/\/oui-oui.es\/blog\/wp-content\/uploads\/2016\/10\/Oui-Oui-babymoon-aire-de-bardenas-le-sac-en-papier-bardenas-reales-600x450.jpg 600w\" sizes=\"auto, (max-width: 1024px) 100vw, 1024px\" \/><\/a><\/p>\n<p>Si ten\u00e9is alguna <strong>recomendaci\u00f3n de hotel boutique<\/strong> (preferiblemente con piscina) \u00a1me encantar\u00eda conocerla!<\/p>\n","protected":false},"excerpt":{"rendered":"<p>Soy muy fan del concepto Babymoon; se trata del viaje que haces embarazada, unos meses antes de dar a luz, para disfrutar del relax del que carecer\u00e1s al menos durante el siguiente a\u00f1o. Con Mart\u00edn planeamos nuestra babymoon dos meses antes de que naciera (acabo de descubrir que escrib\u00ed un post en 2012 (antes de [&hellip;]<\/p>\n","protected":false},"author":1,"featured_media":4755,"comment_status":"open","ping_status":"open","sticky":false,"template":"","format":"standard","meta":{"jetpack_post_was_ever_published":false,"_jetpack_newsletter_access":"","_jetpack_dont_email_post_to_subs":false,"_jetpack_newsletter_tier_id":0,"_jetpack_memberships_contains_paywalled_content":false,"_jetpack_memberships_contains_paid_content":false,"footnotes":"","jetpack_publicize_message":"","jetpack_publicize_feature_enabled":true,"jetpack_social_post_already_shared":true,"jetpack_social_options":{"image_generator_settings":{"template":"highway","default_image_id":0,"font":"","enabled":false},"version":2}},"categories":[177,535],"tags":[776,770,666,632],"class_list":["post-4745","post","type-post","status-publish","format-standard","has-post-thumbnail","hentry","category-lifestyle-2","category-maternidad","tag-babymoon","tag-hoteles","tag-hoteles-con-encanto-ir-con-ninos","tag-viajes"],"aioseo_notices":[],"jetpack_publicize_connections":[],"jetpack_featured_media_url":"https:\/\/oui-oui.es\/blog\/wp-content\/uploads\/2016\/10\/Oui-Oui-babymoon-aire-de-bardenas-habitaciones-cubo.jpg","jetpack_sharing_enabled":true,"jetpack-related-posts":[{"id":1692,"url":"https:\/\/oui-oui.es\/blog\/mi-agenda-de-octubre\/","url_meta":{"origin":4745,"position":0},"title":"Mi agenda de octubre","author":"Mar\u00eda \u2665Oui Oui\u2665","date":"12 noviembre, 2014","format":false,"excerpt":"Outlook me va a dos por hora, as\u00ed que mientras sincroniza carpetas y actualiza correos he decidido escribir otro post (s\u00ed, o no escribo en un mes o escribo dos d\u00edas seguidos, a\u00fan no he conseguido ser constante con el blog, qu\u00e9 se le va a hacer!). Y como tengo\u2026","rel":"","context":"En \u00abESTILO DE VIDA\u00bb","block_context":{"text":"ESTILO DE VIDA","link":"https:\/\/oui-oui.es\/blog\/category\/lifestyle-2\/"},"img":{"alt_text":"","src":"https:\/\/i0.wp.com\/oui-oui.es\/blog\/wp-content\/uploads\/2014\/11\/oui-oui-las-autc3a9nticas-puertas-del-ratoncito-pc3a9rez-58.jpg?resize=350%2C200&ssl=1","width":350,"height":200,"srcset":"https:\/\/i0.wp.com\/oui-oui.es\/blog\/wp-content\/uploads\/2014\/11\/oui-oui-las-autc3a9nticas-puertas-del-ratoncito-pc3a9rez-58.jpg?resize=350%2C200&ssl=1 1x, https:\/\/i0.wp.com\/oui-oui.es\/blog\/wp-content\/uploads\/2014\/11\/oui-oui-las-autc3a9nticas-puertas-del-ratoncito-pc3a9rez-58.jpg?resize=525%2C300&ssl=1 1.5x, https:\/\/i0.wp.com\/oui-oui.es\/blog\/wp-content\/uploads\/2014\/11\/oui-oui-las-autc3a9nticas-puertas-del-ratoncito-pc3a9rez-58.jpg?resize=700%2C400&ssl=1 2x, https:\/\/i0.wp.com\/oui-oui.es\/blog\/wp-content\/uploads\/2014\/11\/oui-oui-las-autc3a9nticas-puertas-del-ratoncito-pc3a9rez-58.jpg?resize=1050%2C600&ssl=1 3x, https:\/\/i0.wp.com\/oui-oui.es\/blog\/wp-content\/uploads\/2014\/11\/oui-oui-las-autc3a9nticas-puertas-del-ratoncito-pc3a9rez-58.jpg?resize=1400%2C800&ssl=1 4x"},"classes":[]},{"id":4537,"url":"https:\/\/oui-oui.es\/blog\/casa-la-bonita\/","url_meta":{"origin":4745,"position":1},"title":"Casa La Bonita","author":"Mar\u00eda \u2665Oui Oui\u2665","date":"27 junio, 2016","format":false,"excerpt":"Me gustan los hoteles peque\u00f1os y con encanto, las casas rurales, los hoteles boutique y los alojamientos especiales.Ahora con ni\u00f1os no es tan f\u00e1cil encontrar uno que nos cuadre a todos pero a\u00fan as\u00ed no me rindo, por eso en cuanto descubr\u00ed Casa La Bonita en Agua Amarga (uno de\u2026","rel":"","context":"En \u00abESTILO DE VIDA\u00bb","block_context":{"text":"ESTILO DE VIDA","link":"https:\/\/oui-oui.es\/blog\/category\/lifestyle-2\/"},"img":{"alt_text":"","src":"https:\/\/i0.wp.com\/oui-oui.es\/blog\/wp-content\/uploads\/2016\/06\/Oui-Oui-casa-la-bonita-hoteles-cool-aguamarga-alojamiento-con-encanto-almeria-1.jpg?resize=350%2C200&ssl=1","width":350,"height":200,"srcset":"https:\/\/i0.wp.com\/oui-oui.es\/blog\/wp-content\/uploads\/2016\/06\/Oui-Oui-casa-la-bonita-hoteles-cool-aguamarga-alojamiento-con-encanto-almeria-1.jpg?resize=350%2C200&ssl=1 1x, https:\/\/i0.wp.com\/oui-oui.es\/blog\/wp-content\/uploads\/2016\/06\/Oui-Oui-casa-la-bonita-hoteles-cool-aguamarga-alojamiento-con-encanto-almeria-1.jpg?resize=525%2C300&ssl=1 1.5x"},"classes":[]},{"id":926,"url":"https:\/\/oui-oui.es\/blog\/dos-regalos-diferentes-para-momentos-muy-especiales\/","url_meta":{"origin":4745,"position":2},"title":"Dos regalos diferentes para momentos muy especiales","author":"Mar\u00eda \u2665Oui Oui\u2665","date":"11 julio, 2013","format":false,"excerpt":"Desde siempre me han encantado los cuadernos y las listas, listas para todo, de pros y contras, de temas pendientes, de cosas que hacer antes de los 30, del equipaje b\u00e1sico para ir a esquiar....Y un cuaderno para cada cosa, adem\u00e1s de comprar todos los que me gustaban por su\u2026","rel":"","context":"En \u00abA una futura novia\u00bb","block_context":{"text":"A una futura novia","link":"https:\/\/oui-oui.es\/blog\/category\/no-se-que-regalar\/a-una-futura-novia\/"},"img":{"alt_text":"","src":"https:\/\/i0.wp.com\/oui-oui.es\/blog\/wp-content\/uploads\/oui-oui-escribir-en-cuadernos.jpg?resize=350%2C200&ssl=1","width":350,"height":200},"classes":[]},{"id":5326,"url":"https:\/\/oui-oui.es\/blog\/las-puertas-del-ratoncito-perez-de-enero-a-abril\/","url_meta":{"origin":4745,"position":3},"title":"Las puertas del ratoncito P\u00e9rez de enero a abril!","author":"Mar\u00eda \u2665Oui Oui\u2665","date":"28 abril, 2017","format":false,"excerpt":"Me acabo de dar cuenta de que \u00a1\u00a1llevo seis meses sin ense\u00f1aros las diferentes puertas del ratoncito P\u00e9rez que hemos hecho!. Uno de mis sue\u00f1os es poner en Oui Oui un set de fotograf\u00eda mono y as\u00ed hacer las fotos seg\u00fan nos entrega mi padre las puertas antes de empaquetarlas\u2026","rel":"","context":"En \u00abPUERTAS RATONCITO P\u00c9REZ\u00bb","block_context":{"text":"PUERTAS RATONCITO P\u00c9REZ","link":"https:\/\/oui-oui.es\/blog\/category\/puertas-para-el-ratoncito-perez\/"},"img":{"alt_text":"","src":"https:\/\/i0.wp.com\/oui-oui.es\/blog\/wp-content\/uploads\/2017\/04\/Puerta-ratoncito-P%C3%A9rez-Oui-Oui-complementos-puerta-raton-perez.puerta-ratoncito-Spyderman-Puerta-ratoncito-Motteau-puerta-arcoiris-9.jpg?resize=350%2C200&ssl=1","width":350,"height":200,"srcset":"https:\/\/i0.wp.com\/oui-oui.es\/blog\/wp-content\/uploads\/2017\/04\/Puerta-ratoncito-P%C3%A9rez-Oui-Oui-complementos-puerta-raton-perez.puerta-ratoncito-Spyderman-Puerta-ratoncito-Motteau-puerta-arcoiris-9.jpg?resize=350%2C200&ssl=1 1x, https:\/\/i0.wp.com\/oui-oui.es\/blog\/wp-content\/uploads\/2017\/04\/Puerta-ratoncito-P%C3%A9rez-Oui-Oui-complementos-puerta-raton-perez.puerta-ratoncito-Spyderman-Puerta-ratoncito-Motteau-puerta-arcoiris-9.jpg?resize=525%2C300&ssl=1 1.5x, https:\/\/i0.wp.com\/oui-oui.es\/blog\/wp-content\/uploads\/2017\/04\/Puerta-ratoncito-P%C3%A9rez-Oui-Oui-complementos-puerta-raton-perez.puerta-ratoncito-Spyderman-Puerta-ratoncito-Motteau-puerta-arcoiris-9.jpg?resize=700%2C400&ssl=1 2x, https:\/\/i0.wp.com\/oui-oui.es\/blog\/wp-content\/uploads\/2017\/04\/Puerta-ratoncito-P%C3%A9rez-Oui-Oui-complementos-puerta-raton-perez.puerta-ratoncito-Spyderman-Puerta-ratoncito-Motteau-puerta-arcoiris-9.jpg?resize=1050%2C600&ssl=1 3x, https:\/\/i0.wp.com\/oui-oui.es\/blog\/wp-content\/uploads\/2017\/04\/Puerta-ratoncito-P%C3%A9rez-Oui-Oui-complementos-puerta-raton-perez.puerta-ratoncito-Spyderman-Puerta-ratoncito-Motteau-puerta-arcoiris-9.jpg?resize=1400%2C800&ssl=1 4x"},"classes":[]},{"id":2544,"url":"https:\/\/oui-oui.es\/blog\/3-hoteles-con-encanto-para-ir-con-ninos-cerca-de-madrid\/","url_meta":{"origin":4745,"position":4},"title":"3 hoteles con encanto para ir con ni\u00f1os cerca de Madrid","author":"Mar\u00eda \u2665Oui Oui\u2665","date":"4 junio, 2015","format":false,"excerpt":"Parece que las palabras ni\u00f1os y \"con encanto\" son incompatibles, pero yo me niego a ello, as\u00ed que voy a intentar recopilar en el blog todas las direcciones \"con encanto\" (al final es el t\u00e9rmino de b\u00fasqueda, porque cuando pongo \"hoteles monos\" salen hoteles CON monos...jajaja) que vaya descubriendo, porque\u2026","rel":"","context":"En \u00abESTILO DE VIDA\u00bb","block_context":{"text":"ESTILO DE VIDA","link":"https:\/\/oui-oui.es\/blog\/category\/lifestyle-2\/"},"img":{"alt_text":"","src":"https:\/\/i0.wp.com\/oui-oui.es\/blog\/wp-content\/uploads\/2015\/06\/oui-oui-hoteles-con-encanto-con-nic3b1os-madrid-candeleda-la-casa-de-los-tomillares-4.jpg?resize=350%2C200&ssl=1","width":350,"height":200,"srcset":"https:\/\/i0.wp.com\/oui-oui.es\/blog\/wp-content\/uploads\/2015\/06\/oui-oui-hoteles-con-encanto-con-nic3b1os-madrid-candeleda-la-casa-de-los-tomillares-4.jpg?resize=350%2C200&ssl=1 1x, https:\/\/i0.wp.com\/oui-oui.es\/blog\/wp-content\/uploads\/2015\/06\/oui-oui-hoteles-con-encanto-con-nic3b1os-madrid-candeleda-la-casa-de-los-tomillares-4.jpg?resize=525%2C300&ssl=1 1.5x"},"classes":[]},{"id":96,"url":"https:\/\/oui-oui.es\/blog\/una-boda-sencilla-llena-de-detalles-y-con-un-estilo-muy-campestre\/","url_meta":{"origin":4745,"position":5},"title":"Una boda sencilla, llena de detalles y con un estilo muy campestre","author":"Mar\u00eda \u2665Oui Oui\u2665","date":"20 noviembre, 2012","format":false,"excerpt":"\u00c1lvaro y yo nos casamos en septiembre del a\u00f1o pasado y hasta ahora no he escrito un post completo sobre la boda (en Superfluo Imprescindible lo hice sobre los zapatos y sobre el ramo) por lo abrumador que se me hac\u00eda pensar c\u00f3mo contarlo todo. Pero tras ped\u00edrmelo muchas personas\u2026","rel":"","context":"En \u00abBoda\u00bb","block_context":{"text":"Boda","link":"https:\/\/oui-oui.es\/blog\/category\/fiestas-celebraciones\/boda\/"},"img":{"alt_text":"","src":"https:\/\/i0.wp.com\/oui-oui.es\/blog\/wp-content\/uploads\/oui-oui-boda-ma-carteles-madera-boda-palacio-de-rubianes.jpg?resize=350%2C200&ssl=1","width":350,"height":200,"srcset":"https:\/\/i0.wp.com\/oui-oui.es\/blog\/wp-content\/uploads\/oui-oui-boda-ma-carteles-madera-boda-palacio-de-rubianes.jpg?resize=350%2C200&ssl=1 1x, https:\/\/i0.wp.com\/oui-oui.es\/blog\/wp-content\/uploads\/oui-oui-boda-ma-carteles-madera-boda-palacio-de-rubianes.jpg?resize=525%2C300&ssl=1 1.5x, https:\/\/i0.wp.com\/oui-oui.es\/blog\/wp-content\/uploads\/oui-oui-boda-ma-carteles-madera-boda-palacio-de-rubianes.jpg?resize=700%2C400&ssl=1 2x, https:\/\/i0.wp.com\/oui-oui.es\/blog\/wp-content\/uploads\/oui-oui-boda-ma-carteles-madera-boda-palacio-de-rubianes.jpg?resize=1050%2C600&ssl=1 3x"},"classes":[]}],"_links":{"self":[{"href":"https:\/\/oui-oui.es\/blog\/wp-json\/wp\/v2\/posts\/4745","targetHints":{"allow":["GET"]}}],"collection":[{"href":"https:\/\/oui-oui.es\/blog\/wp-json\/wp\/v2\/posts"}],"about":[{"href":"https:\/\/oui-oui.es\/blog\/wp-json\/wp\/v2\/types\/post"}],"author":[{"embeddable":true,"href":"https:\/\/oui-oui.es\/blog\/wp-json\/wp\/v2\/users\/1"}],"replies":[{"embeddable":true,"href":"https:\/\/oui-oui.es\/blog\/wp-json\/wp\/v2\/comments?post=4745"}],"version-history":[{"count":1,"href":"https:\/\/oui-oui.es\/blog\/wp-json\/wp\/v2\/posts\/4745\/revisions"}],"predecessor-version":[{"id":4756,"href":"https:\/\/oui-oui.es\/blog\/wp-json\/wp\/v2\/posts\/4745\/revisions\/4756"}],"wp:featuredmedia":[{"embeddable":true,"href":"https:\/\/oui-oui.es\/blog\/wp-json\/wp\/v2\/media\/4755"}],"wp:attachment":[{"href":"https:\/\/oui-oui.es\/blog\/wp-json\/wp\/v2\/media?parent=4745"}],"wp:term":[{"taxonomy":"category","embeddable":true,"href":"https:\/\/oui-oui.es\/blog\/wp-json\/wp\/v2\/categories?post=4745"},{"taxonomy":"post_tag","embeddable":true,"href":"https:\/\/oui-oui.es\/blog\/wp-json\/wp\/v2\/tags?post=4745"}],"curies":[{"name":"wp","href":"https:\/\/api.w.org\/{rel}","templated":true}]}}