{"id":4772,"date":"2016-10-24T00:00:24","date_gmt":"2016-10-23T22:00:24","guid":{"rendered":"https:\/\/oui-oui.es\/blog\/?p=4772"},"modified":"2016-10-24T14:14:52","modified_gmt":"2016-10-24T12:14:52","slug":"un-fin-de-semana-en-los-enebrales","status":"publish","type":"post","link":"https:\/\/oui-oui.es\/blog\/un-fin-de-semana-en-los-enebrales\/","title":{"rendered":"Un fin de semana en los Enebrales"},"content":{"rendered":"<p><img loading=\"lazy\" decoding=\"async\" class=\"aligncenter size-large wp-image-4782\" src=\"https:\/\/oui-oui.es\/blog\/wp-content\/uploads\/2016\/10\/Oui-Oui-finca-los-enebrales-planes-con-ni\u00f1os-hotel-rural-ni\u00f1os-cerca-de-madrid-pavos-reales-1024x768.jpg\" alt=\"oui-oui-finca-los-enebrales-planes-con-ninos-hotel-rural-ninos-cerca-de-madrid-pavos-reales\" width=\"1024\" height=\"768\" srcset=\"https:\/\/oui-oui.es\/blog\/wp-content\/uploads\/2016\/10\/Oui-Oui-finca-los-enebrales-planes-con-ni\u00f1os-hotel-rural-ni\u00f1os-cerca-de-madrid-pavos-reales-1024x768.jpg 1024w, https:\/\/oui-oui.es\/blog\/wp-content\/uploads\/2016\/10\/Oui-Oui-finca-los-enebrales-planes-con-ni\u00f1os-hotel-rural-ni\u00f1os-cerca-de-madrid-pavos-reales-300x225.jpg 300w, https:\/\/oui-oui.es\/blog\/wp-content\/uploads\/2016\/10\/Oui-Oui-finca-los-enebrales-planes-con-ni\u00f1os-hotel-rural-ni\u00f1os-cerca-de-madrid-pavos-reales-768x576.jpg 768w, https:\/\/oui-oui.es\/blog\/wp-content\/uploads\/2016\/10\/Oui-Oui-finca-los-enebrales-planes-con-ni\u00f1os-hotel-rural-ni\u00f1os-cerca-de-madrid-pavos-reales-600x450.jpg 600w\" sizes=\"auto, (max-width: 1024px) 100vw, 1024px\" \/><\/p>\n<p>Me gusta que me sorprendan y reconozco que no es f\u00e1cil, por un lado soy detallista y me gusta que lo sean conmigo, y, por otro, tengo tanto contacto con caterings, restaurantes, fot\u00f3grafos, organizadores de eventos, etc&#8230;Que , aunque a los que \u00abestamos metidos en \u00e9sto\u00bb nos parezca lo normal, hay muchas cosas que no tienen el alto grado de detalle y calidad que disfrutamos en presentaciones, experiencias o fiestas.<\/p>\n<p>Pero <a href=\"http:\/\/losenebrales.com\/\" target=\"_blank\"><strong>Los Enebrales<\/strong><\/a> <strong>lo consigui\u00f3 y con creces<\/strong>, la idea era ir a pasar un fin de semana en familia al campo cerca de Madrid y hacer alguna actividad con ni\u00f1os, pero desde que llegamos <strong>no dejaron de sorprendernos con sus detalles.<\/strong><\/p>\n<p><a href=\"http:\/\/losenebrales.com\/\" target=\"_blank\"><strong>Los Enebrales<\/strong><\/a> es una finca con hotel rural en Toledo, a 50 minutos de Madrid, en el que <strong>han pensado muy bien<\/strong> (los due\u00f1os tienen tres hijos, la peque\u00f1a de 11 meses, que est\u00e1n all\u00ed con ellos) <strong>en las necesidades de las familias<\/strong>, por lo pronto se adaptan s\u00faper bien a todo tipo de combinaciones de cama supletoria\/cuna, etc&#8230;Pero no s\u00f3lo eso, sino que <strong>toda la experiencia del fin de semana est\u00e1 pensada para que disfrutemos todos; los ni\u00f1os y los padres.<\/strong><\/p>\n<p>Llegamos el s\u00e1bado por la ma\u00f1ana y el primer detalle que me encant\u00f3 fueron <strong>los dulces que nos dejaron en la habitaci\u00f3n<\/strong>, no te esperas que es un hotel en el campo al que vas en plan de ni\u00f1os te dejen un cuenco de moras y fresas, zumos naturales, chocolates y unas chuches&#8230;Todo apto para tomar ni\u00f1os y mayores.<\/p>\n<p>Lo segundo que me chifl\u00f3 es la <strong>\u00abbarra libre\u00bb de refrescos, agua y aperitivos<\/strong> (patatas, frutos secos&#8230;) que hay en el sal\u00f3n permanentemente, todo puesto de forma ideal, con sus cartelitos, botellas de cristal, cestas, etc&#8230;Para que tanto ni\u00f1os como mayores puedan tomar lo que necesiten sin pedirlo en el bar (por supuesto los ni\u00f1os arrasaron con las patatas y los gusanitos&#8230;je,je), y los mayores que quieran una cerveza, s\u00f3lo tienen que pedirla <strong>\u00a1todo inclu\u00eddo en el precio del pack del finde!<\/strong><\/p>\n<p><img loading=\"lazy\" decoding=\"async\" class=\"aligncenter size-full wp-image-4773\" src=\"https:\/\/oui-oui.es\/blog\/wp-content\/uploads\/2016\/10\/Oui-Oui-finca-los-enebrales-finde-con-ni\u00f1os-hotel-ni\u00f1os-casa-rural-con-ni\u00f1os.jpg\" alt=\"oui-oui-finca-los-enebrales-finde-con-ninos-hotel-ninos-casa-rural-con-ninos\" width=\"640\" height=\"427\" srcset=\"https:\/\/oui-oui.es\/blog\/wp-content\/uploads\/2016\/10\/Oui-Oui-finca-los-enebrales-finde-con-ni\u00f1os-hotel-ni\u00f1os-casa-rural-con-ni\u00f1os.jpg 640w, https:\/\/oui-oui.es\/blog\/wp-content\/uploads\/2016\/10\/Oui-Oui-finca-los-enebrales-finde-con-ni\u00f1os-hotel-ni\u00f1os-casa-rural-con-ni\u00f1os-300x200.jpg 300w, https:\/\/oui-oui.es\/blog\/wp-content\/uploads\/2016\/10\/Oui-Oui-finca-los-enebrales-finde-con-ni\u00f1os-hotel-ni\u00f1os-casa-rural-con-ni\u00f1os-600x400.jpg 600w\" sizes=\"auto, (max-width: 640px) 100vw, 640px\" \/><\/p>\n<p>Para comer,\u00a0 ten\u00edan preparada una <strong>s\u00faper barbacoa<\/strong> (con vistas a un mar de encinas) con buffet de ensaladas (aunque si va un grupo grande se adaptan a lo que necesite), as\u00ed cada uno se iba sirviendo o acercando a la barbacoa al ritmo que quisiera (ya sab\u00e9is lo \u00fatil que es \u00e9so para cuando hay muchos ni\u00f1os comiendo), cuando los ni\u00f1os hab\u00edan terminado de comer, <strong>mientras los mayores est\u00e1bamos con el postre y el caf\u00e9 hincharon un castillo justo al lado para que fueran jugando un poco.<\/strong><\/p>\n<p>En la sobremesa, nosotros optamos por meternos dentro del hotel, en el sal\u00f3n, donde en un lado tienen una chimenea enorme (que por la noche servir\u00e1 para que los mayores tomemos una copa tranquilamente), pero en el otro tienen <strong>una mesa baja llena de pinturas y papeles para colorear, perfecto para que disfruten un poco mientras nosotros reposamos en los sof\u00e1s de al lado.<\/strong><\/p>\n<p><img loading=\"lazy\" decoding=\"async\" class=\"aligncenter size-large wp-image-4776\" src=\"https:\/\/oui-oui.es\/blog\/wp-content\/uploads\/2016\/10\/Oui-Oui-finca-los-enebrales-planes-con-ni\u00f1os-hotel-rural-ni\u00f1os-cerca-de-madrid-3-1024x1024.jpg\" alt=\"oui-oui-finca-los-enebrales-planes-con-ninos-hotel-rural-ninos-cerca-de-madrid-3\" width=\"1024\" height=\"1024\" srcset=\"https:\/\/oui-oui.es\/blog\/wp-content\/uploads\/2016\/10\/Oui-Oui-finca-los-enebrales-planes-con-ni\u00f1os-hotel-rural-ni\u00f1os-cerca-de-madrid-3-1024x1024.jpg 1024w, https:\/\/oui-oui.es\/blog\/wp-content\/uploads\/2016\/10\/Oui-Oui-finca-los-enebrales-planes-con-ni\u00f1os-hotel-rural-ni\u00f1os-cerca-de-madrid-3-150x150.jpg 150w, https:\/\/oui-oui.es\/blog\/wp-content\/uploads\/2016\/10\/Oui-Oui-finca-los-enebrales-planes-con-ni\u00f1os-hotel-rural-ni\u00f1os-cerca-de-madrid-3-300x300.jpg 300w, https:\/\/oui-oui.es\/blog\/wp-content\/uploads\/2016\/10\/Oui-Oui-finca-los-enebrales-planes-con-ni\u00f1os-hotel-rural-ni\u00f1os-cerca-de-madrid-3-768x768.jpg 768w, https:\/\/oui-oui.es\/blog\/wp-content\/uploads\/2016\/10\/Oui-Oui-finca-los-enebrales-planes-con-ni\u00f1os-hotel-rural-ni\u00f1os-cerca-de-madrid-3-600x600.jpg 600w\" sizes=\"auto, (max-width: 1024px) 100vw, 1024px\" \/><\/p>\n<p><strong>\u00bfY qu\u00e9 hacemos por la tarde?<\/strong>, pues nosotros optamos por dar un <strong>paseo por el campo<\/strong>, <a href=\"http:\/\/losenebrales.com\/\" target=\"_blank\"><strong>Los Enebrales<\/strong><\/a> est\u00e1 en una finca enorme, en pleno campo, <strong>lleno de encinas<\/strong>. En nuestro paseo pasamos por la zona de los cachorritos de perro que acababan de nacer, <strong>fuimos a dar de comer a las cabras, los ni\u00f1os montaron en pony por el campo, y tambi\u00e9n disfrutaron ofreciendo zanahorias a los caballos<\/strong>.Un plan que a Mart\u00edn le encanta, y que es genial para que interact\u00faen todos los ni\u00f1os de diferentes edades, en nuestro caso dimos el paseo todas las personas que est\u00e1bamos alojadas en ese momento (aunque muchos no nos conoc\u00edamos), guiados por Eva y Carlos, (los due\u00f1os, que en todo momento te hacen sentir como en casa), as\u00ed, los adultos \u00edbamos charlando a nuestro aire y los ni\u00f1os jugando entre ellos, de nuevo, otro detallazo&#8230;Eva llevaba una <strong>bandeja llena de botellas de agua por si alguien ten\u00eda sed en el camino!<\/strong><\/p>\n<p><img loading=\"lazy\" decoding=\"async\" class=\"aligncenter size-large wp-image-4775\" src=\"https:\/\/oui-oui.es\/blog\/wp-content\/uploads\/2016\/10\/Oui-Oui-finca-los-enebrales-planes-con-ni\u00f1os-hotel-rural-ni\u00f1os-cerca-de-madrid-2-1024x768.jpg\" alt=\"oui-oui-finca-los-enebrales-planes-con-ninos-hotel-rural-ninos-cerca-de-madrid-2\" width=\"1024\" height=\"768\" srcset=\"https:\/\/oui-oui.es\/blog\/wp-content\/uploads\/2016\/10\/Oui-Oui-finca-los-enebrales-planes-con-ni\u00f1os-hotel-rural-ni\u00f1os-cerca-de-madrid-2-1024x768.jpg 1024w, https:\/\/oui-oui.es\/blog\/wp-content\/uploads\/2016\/10\/Oui-Oui-finca-los-enebrales-planes-con-ni\u00f1os-hotel-rural-ni\u00f1os-cerca-de-madrid-2-300x225.jpg 300w, https:\/\/oui-oui.es\/blog\/wp-content\/uploads\/2016\/10\/Oui-Oui-finca-los-enebrales-planes-con-ni\u00f1os-hotel-rural-ni\u00f1os-cerca-de-madrid-2-768x576.jpg 768w, https:\/\/oui-oui.es\/blog\/wp-content\/uploads\/2016\/10\/Oui-Oui-finca-los-enebrales-planes-con-ni\u00f1os-hotel-rural-ni\u00f1os-cerca-de-madrid-2-600x450.jpg 600w\" sizes=\"auto, (max-width: 1024px) 100vw, 1024px\" \/><\/p>\n<p>&nbsp;<\/p>\n<div id=\"attachment_4793\" style=\"width: 1034px\" class=\"wp-caption aligncenter\"><img loading=\"lazy\" decoding=\"async\" aria-describedby=\"caption-attachment-4793\" class=\"size-large wp-image-4793\" src=\"https:\/\/oui-oui.es\/blog\/wp-content\/uploads\/2016\/10\/Oui-Oui-finca-los-enebrales-talleres-ni\u00f1os-campo-hotel-rural-ni\u00f1os-cerca-madrid-NG-Estudio-2-1024x683.jpg\" alt=\"Foto @ngestudio_natalia\" width=\"1024\" height=\"683\" srcset=\"https:\/\/oui-oui.es\/blog\/wp-content\/uploads\/2016\/10\/Oui-Oui-finca-los-enebrales-talleres-ni\u00f1os-campo-hotel-rural-ni\u00f1os-cerca-madrid-NG-Estudio-2-1024x683.jpg 1024w, https:\/\/oui-oui.es\/blog\/wp-content\/uploads\/2016\/10\/Oui-Oui-finca-los-enebrales-talleres-ni\u00f1os-campo-hotel-rural-ni\u00f1os-cerca-madrid-NG-Estudio-2-300x200.jpg 300w, https:\/\/oui-oui.es\/blog\/wp-content\/uploads\/2016\/10\/Oui-Oui-finca-los-enebrales-talleres-ni\u00f1os-campo-hotel-rural-ni\u00f1os-cerca-madrid-NG-Estudio-2-768x512.jpg 768w, https:\/\/oui-oui.es\/blog\/wp-content\/uploads\/2016\/10\/Oui-Oui-finca-los-enebrales-talleres-ni\u00f1os-campo-hotel-rural-ni\u00f1os-cerca-madrid-NG-Estudio-2-600x400.jpg 600w, https:\/\/oui-oui.es\/blog\/wp-content\/uploads\/2016\/10\/Oui-Oui-finca-los-enebrales-talleres-ni\u00f1os-campo-hotel-rural-ni\u00f1os-cerca-madrid-NG-Estudio-2.jpg 1200w\" sizes=\"auto, (max-width: 1024px) 100vw, 1024px\" \/><p id=\"caption-attachment-4793\" class=\"wp-caption-text\">Foto @ngestudio_natalia<\/p><\/div>\n<div id=\"attachment_4788\" style=\"width: 1034px\" class=\"wp-caption aligncenter\"><img loading=\"lazy\" decoding=\"async\" aria-describedby=\"caption-attachment-4788\" class=\"size-large wp-image-4788\" src=\"https:\/\/oui-oui.es\/blog\/wp-content\/uploads\/2016\/10\/Oui-Oui-finca-los-enebrales-talleres-ni\u00f1os-campo-hotel-rural-ni\u00f1os-cerca-madrid-NG-Estudio-1-1024x683.jpg\" alt=\"Foto @ngestudio_natalia\" width=\"1024\" height=\"683\" srcset=\"https:\/\/oui-oui.es\/blog\/wp-content\/uploads\/2016\/10\/Oui-Oui-finca-los-enebrales-talleres-ni\u00f1os-campo-hotel-rural-ni\u00f1os-cerca-madrid-NG-Estudio-1-1024x683.jpg 1024w, https:\/\/oui-oui.es\/blog\/wp-content\/uploads\/2016\/10\/Oui-Oui-finca-los-enebrales-talleres-ni\u00f1os-campo-hotel-rural-ni\u00f1os-cerca-madrid-NG-Estudio-1-300x200.jpg 300w, https:\/\/oui-oui.es\/blog\/wp-content\/uploads\/2016\/10\/Oui-Oui-finca-los-enebrales-talleres-ni\u00f1os-campo-hotel-rural-ni\u00f1os-cerca-madrid-NG-Estudio-1-768x512.jpg 768w, https:\/\/oui-oui.es\/blog\/wp-content\/uploads\/2016\/10\/Oui-Oui-finca-los-enebrales-talleres-ni\u00f1os-campo-hotel-rural-ni\u00f1os-cerca-madrid-NG-Estudio-1-600x400.jpg 600w, https:\/\/oui-oui.es\/blog\/wp-content\/uploads\/2016\/10\/Oui-Oui-finca-los-enebrales-talleres-ni\u00f1os-campo-hotel-rural-ni\u00f1os-cerca-madrid-NG-Estudio-1.jpg 1200w\" sizes=\"auto, (max-width: 1024px) 100vw, 1024px\" \/><p id=\"caption-attachment-4788\" class=\"wp-caption-text\">Foto @ngestudio_natalia<\/p><\/div>\n<p>&nbsp;<\/p>\n<p>Al llegar del paseo, \u00a1nos ten\u00e1in preparada una <strong>mesa de merienda<\/strong> para todos los ni\u00f1os!<\/p>\n<p><img loading=\"lazy\" decoding=\"async\" class=\"aligncenter size-large wp-image-4781\" src=\"https:\/\/oui-oui.es\/blog\/wp-content\/uploads\/2016\/10\/Oui-Oui-finca-los-enebrales-finde-con-ni\u00f1os-hotel-ni\u00f1os-casa-rural-con-ni\u00f1os-merienda-1024x768.jpg\" alt=\"oui-oui-finca-los-enebrales-finde-con-ninos-hotel-ninos-casa-rural-con-ninos-merienda\" width=\"1024\" height=\"768\" srcset=\"https:\/\/oui-oui.es\/blog\/wp-content\/uploads\/2016\/10\/Oui-Oui-finca-los-enebrales-finde-con-ni\u00f1os-hotel-ni\u00f1os-casa-rural-con-ni\u00f1os-merienda-1024x768.jpg 1024w, https:\/\/oui-oui.es\/blog\/wp-content\/uploads\/2016\/10\/Oui-Oui-finca-los-enebrales-finde-con-ni\u00f1os-hotel-ni\u00f1os-casa-rural-con-ni\u00f1os-merienda-300x225.jpg 300w, https:\/\/oui-oui.es\/blog\/wp-content\/uploads\/2016\/10\/Oui-Oui-finca-los-enebrales-finde-con-ni\u00f1os-hotel-ni\u00f1os-casa-rural-con-ni\u00f1os-merienda-768x576.jpg 768w, https:\/\/oui-oui.es\/blog\/wp-content\/uploads\/2016\/10\/Oui-Oui-finca-los-enebrales-finde-con-ni\u00f1os-hotel-ni\u00f1os-casa-rural-con-ni\u00f1os-merienda-600x450.jpg 600w\" sizes=\"auto, (max-width: 1024px) 100vw, 1024px\" \/><\/p>\n<p>No s\u00e9 por qu\u00e9, pero en el campo el tiempo cunde un mont\u00f3n, as\u00ed que <strong>despu\u00e9s del paseo a\u00fan tuvimos tiempo para hacer taller de cocina con los ni\u00f1os<\/strong>, de nuevo en una zona del sal\u00f3n (qu\u00e9 es enorme pero tremendamente acogedor) en la que los padres podemos estar lo suficientemente cerca de los ni\u00f1os para participar en la actividad o un poquito m\u00e1s lejos en los sof\u00e1s pero viendo todo, porque de la actividad se encarga parte del personal del hotel, todas con much\u00edsima mano con los ni\u00f1os; <strong>hicimos galletas, piruletas de chocolate y despu\u00e9s la pizza que despu\u00e9s se cenar\u00eda cada ni\u00f1o!<\/strong><\/p>\n<p><a href=\"http:\/\/www.oui-oui.es\/detalles-decoracion-ninos-habitacion-pinterest\/1186-juego-cocinita-en-maleta.html\"><img loading=\"lazy\" decoding=\"async\" class=\"aligncenter size-large wp-image-4777\" src=\"https:\/\/oui-oui.es\/blog\/wp-content\/uploads\/2016\/10\/Oui-Oui-finca-los-enebrales-planes-con-ni\u00f1os-hotel-rural-ni\u00f1os-cerca-de-madrid-4-1024x1024.jpg\" alt=\"oui-oui-finca-los-enebrales-planes-con-ninos-hotel-rural-ninos-cerca-de-madrid-4\" width=\"1024\" height=\"1024\" srcset=\"https:\/\/oui-oui.es\/blog\/wp-content\/uploads\/2016\/10\/Oui-Oui-finca-los-enebrales-planes-con-ni\u00f1os-hotel-rural-ni\u00f1os-cerca-de-madrid-4-1024x1024.jpg 1024w, https:\/\/oui-oui.es\/blog\/wp-content\/uploads\/2016\/10\/Oui-Oui-finca-los-enebrales-planes-con-ni\u00f1os-hotel-rural-ni\u00f1os-cerca-de-madrid-4-150x150.jpg 150w, https:\/\/oui-oui.es\/blog\/wp-content\/uploads\/2016\/10\/Oui-Oui-finca-los-enebrales-planes-con-ni\u00f1os-hotel-rural-ni\u00f1os-cerca-de-madrid-4-300x300.jpg 300w, https:\/\/oui-oui.es\/blog\/wp-content\/uploads\/2016\/10\/Oui-Oui-finca-los-enebrales-planes-con-ni\u00f1os-hotel-rural-ni\u00f1os-cerca-de-madrid-4-768x768.jpg 768w, https:\/\/oui-oui.es\/blog\/wp-content\/uploads\/2016\/10\/Oui-Oui-finca-los-enebrales-planes-con-ni\u00f1os-hotel-rural-ni\u00f1os-cerca-de-madrid-4-600x600.jpg 600w\" sizes=\"auto, (max-width: 1024px) 100vw, 1024px\" \/><\/a><\/p>\n<p>&nbsp;<\/p>\n<div id=\"attachment_4790\" style=\"width: 1034px\" class=\"wp-caption aligncenter\"><img loading=\"lazy\" decoding=\"async\" aria-describedby=\"caption-attachment-4790\" class=\"size-large wp-image-4790\" src=\"https:\/\/oui-oui.es\/blog\/wp-content\/uploads\/2016\/10\/Oui-Oui-finca-los-enebrales-talleres-ni\u00f1os-campo-hotel-rural-ni\u00f1os-cerca-madrid-NG-Estudio-3-1024x684.jpg\" alt=\"Foto @ngestudio_natalia\" width=\"1024\" height=\"684\" srcset=\"https:\/\/oui-oui.es\/blog\/wp-content\/uploads\/2016\/10\/Oui-Oui-finca-los-enebrales-talleres-ni\u00f1os-campo-hotel-rural-ni\u00f1os-cerca-madrid-NG-Estudio-3-1024x684.jpg 1024w, https:\/\/oui-oui.es\/blog\/wp-content\/uploads\/2016\/10\/Oui-Oui-finca-los-enebrales-talleres-ni\u00f1os-campo-hotel-rural-ni\u00f1os-cerca-madrid-NG-Estudio-3-300x200.jpg 300w, https:\/\/oui-oui.es\/blog\/wp-content\/uploads\/2016\/10\/Oui-Oui-finca-los-enebrales-talleres-ni\u00f1os-campo-hotel-rural-ni\u00f1os-cerca-madrid-NG-Estudio-3-768x513.jpg 768w, https:\/\/oui-oui.es\/blog\/wp-content\/uploads\/2016\/10\/Oui-Oui-finca-los-enebrales-talleres-ni\u00f1os-campo-hotel-rural-ni\u00f1os-cerca-madrid-NG-Estudio-3-600x401.jpg 600w, https:\/\/oui-oui.es\/blog\/wp-content\/uploads\/2016\/10\/Oui-Oui-finca-los-enebrales-talleres-ni\u00f1os-campo-hotel-rural-ni\u00f1os-cerca-madrid-NG-Estudio-3.jpg 1200w\" sizes=\"auto, (max-width: 1024px) 100vw, 1024px\" \/><p id=\"caption-attachment-4790\" class=\"wp-caption-text\">Foto @ngestudio_natalia<\/p><\/div>\n<p>En <a href=\"http:\/\/losenebrales.com\/\" target=\"_blank\"><strong>Los Enebrales<\/strong><\/a> <strong>estar\u00e1s con todas las comodidades de un hotel pero sinti\u00e9ndote como en casa<\/strong>, algo que cuando viajas con ni\u00f1os es especialmente importante.<\/p>\n<p>De nuevo, como conocen las necesidades de una familia de primera mano, nos prepararon a los padres una <strong>cena de picoteo<\/strong> en la zona de sof\u00e1s de al lado de donde estaban los ni\u00f1os terminando sus pizzas, hablando, jugando&#8230;As\u00ed no se nos hac\u00eda tarde y los ni\u00f1os sent\u00edan que \u00abse quedaban un poco m\u00e1s\u00bb antes de irse a dormir.<\/p>\n<p>Una vez acostados, <strong>los padres pudimos disfrutar de una copa frente a la chimenea<\/strong>, el gran <em>gustazo<\/em> del d\u00eda, la verdad \ud83d\ude09<\/p>\n<p><img loading=\"lazy\" decoding=\"async\" class=\"aligncenter size-large wp-image-4785\" src=\"https:\/\/oui-oui.es\/blog\/wp-content\/uploads\/2016\/10\/Oui-Oui-finca-los-enebrales-finde-con-ni\u00f1os-hotel-ni\u00f1os-casa-rural-con-ni\u00f1os-copa-chimenea-1024x1024.jpg\" alt=\"oui-oui-finca-los-enebrales-finde-con-ninos-hotel-ninos-casa-rural-con-ninos-copa-chimenea\" width=\"1024\" height=\"1024\" srcset=\"https:\/\/oui-oui.es\/blog\/wp-content\/uploads\/2016\/10\/Oui-Oui-finca-los-enebrales-finde-con-ni\u00f1os-hotel-ni\u00f1os-casa-rural-con-ni\u00f1os-copa-chimenea-1024x1024.jpg 1024w, https:\/\/oui-oui.es\/blog\/wp-content\/uploads\/2016\/10\/Oui-Oui-finca-los-enebrales-finde-con-ni\u00f1os-hotel-ni\u00f1os-casa-rural-con-ni\u00f1os-copa-chimenea-150x150.jpg 150w, https:\/\/oui-oui.es\/blog\/wp-content\/uploads\/2016\/10\/Oui-Oui-finca-los-enebrales-finde-con-ni\u00f1os-hotel-ni\u00f1os-casa-rural-con-ni\u00f1os-copa-chimenea-300x300.jpg 300w, https:\/\/oui-oui.es\/blog\/wp-content\/uploads\/2016\/10\/Oui-Oui-finca-los-enebrales-finde-con-ni\u00f1os-hotel-ni\u00f1os-casa-rural-con-ni\u00f1os-copa-chimenea-768x768.jpg 768w, https:\/\/oui-oui.es\/blog\/wp-content\/uploads\/2016\/10\/Oui-Oui-finca-los-enebrales-finde-con-ni\u00f1os-hotel-ni\u00f1os-casa-rural-con-ni\u00f1os-copa-chimenea-600x600.jpg 600w\" sizes=\"auto, (max-width: 1024px) 100vw, 1024px\" \/><\/p>\n<p>Y no acababan ah\u00ed los detalles, a la ma\u00f1ana siguiente, fuimos los primeros en aparecer en el <strong>desayuno<\/strong> y, cu\u00e1l es mi sorpresa, que ya ten\u00edamos una mesa preparada con trona para Frida, vasito con pajita para Mart\u00edn y dos servicios de adulto&#8230;Ni en el mejor hotel cada familia tiene preparada su mesa as\u00ed!, de hecho, una ni\u00f1a de otra familia cumpl\u00eda ese domingo once a\u00f1os y al bajar a desayunar Eva les sorprendi\u00f3 a todos con una tarta y velas para que soplara. Por no hablar del desayuno, el mejor de los \u00faltimos tiempos, sin ninguna duda&#8230;<strong>Todo casero y buen\u00edsimo<\/strong>.<\/p>\n<p><a href=\"http:\/\/www.oui-oui.es\/fiestas\/662-banderin-flores-romantico-vintage.html\"><img loading=\"lazy\" decoding=\"async\" class=\"aligncenter size-large wp-image-4779\" src=\"https:\/\/oui-oui.es\/blog\/wp-content\/uploads\/2016\/10\/Oui-Oui-finca-los-enebrales-planes-con-ni\u00f1os-hotel-rural-ni\u00f1os-cerca-de-madrid-6-1024x1024.jpg\" alt=\"oui-oui-finca-los-enebrales-planes-con-ninos-hotel-rural-ninos-cerca-de-madrid-6\" width=\"1024\" height=\"1024\" srcset=\"https:\/\/oui-oui.es\/blog\/wp-content\/uploads\/2016\/10\/Oui-Oui-finca-los-enebrales-planes-con-ni\u00f1os-hotel-rural-ni\u00f1os-cerca-de-madrid-6-1024x1024.jpg 1024w, https:\/\/oui-oui.es\/blog\/wp-content\/uploads\/2016\/10\/Oui-Oui-finca-los-enebrales-planes-con-ni\u00f1os-hotel-rural-ni\u00f1os-cerca-de-madrid-6-150x150.jpg 150w, https:\/\/oui-oui.es\/blog\/wp-content\/uploads\/2016\/10\/Oui-Oui-finca-los-enebrales-planes-con-ni\u00f1os-hotel-rural-ni\u00f1os-cerca-de-madrid-6-300x300.jpg 300w, https:\/\/oui-oui.es\/blog\/wp-content\/uploads\/2016\/10\/Oui-Oui-finca-los-enebrales-planes-con-ni\u00f1os-hotel-rural-ni\u00f1os-cerca-de-madrid-6-768x768.jpg 768w, https:\/\/oui-oui.es\/blog\/wp-content\/uploads\/2016\/10\/Oui-Oui-finca-los-enebrales-planes-con-ni\u00f1os-hotel-rural-ni\u00f1os-cerca-de-madrid-6-600x600.jpg 600w\" sizes=\"auto, (max-width: 1024px) 100vw, 1024px\" \/><\/a><\/p>\n<p><img loading=\"lazy\" decoding=\"async\" class=\"aligncenter size-large wp-image-4780\" src=\"https:\/\/oui-oui.es\/blog\/wp-content\/uploads\/2016\/10\/Oui-Oui-finca-los-enebrales-planes-con-ni\u00f1os-hotel-rural-ni\u00f1os-cerca-de-madrid-9-1024x683.jpg\" alt=\"oui-oui-finca-los-enebrales-planes-con-ninos-hotel-rural-ninos-cerca-de-madrid-9\" width=\"1024\" height=\"683\" srcset=\"https:\/\/oui-oui.es\/blog\/wp-content\/uploads\/2016\/10\/Oui-Oui-finca-los-enebrales-planes-con-ni\u00f1os-hotel-rural-ni\u00f1os-cerca-de-madrid-9-1024x683.jpg 1024w, https:\/\/oui-oui.es\/blog\/wp-content\/uploads\/2016\/10\/Oui-Oui-finca-los-enebrales-planes-con-ni\u00f1os-hotel-rural-ni\u00f1os-cerca-de-madrid-9-300x200.jpg 300w, https:\/\/oui-oui.es\/blog\/wp-content\/uploads\/2016\/10\/Oui-Oui-finca-los-enebrales-planes-con-ni\u00f1os-hotel-rural-ni\u00f1os-cerca-de-madrid-9-768x512.jpg 768w, https:\/\/oui-oui.es\/blog\/wp-content\/uploads\/2016\/10\/Oui-Oui-finca-los-enebrales-planes-con-ni\u00f1os-hotel-rural-ni\u00f1os-cerca-de-madrid-9-600x400.jpg 600w\" sizes=\"auto, (max-width: 1024px) 100vw, 1024px\" \/><\/p>\n<p>Otra de las familias que estaban alojadas lo hicieron para conocer <a href=\"http:\/\/losenebrales.com\/\" target=\"_blank\"><strong>Los Enebrales<\/strong><\/a> puesto que ten\u00edan pensado <strong>celebrar la Comuni\u00f3n<\/strong> all\u00ed, y me parece un plan perfecto para una comuni\u00f3n, en el campo, pero con las comodidades y servicios de un gran hotel, donde los ni\u00f1os despu\u00e9s de comer se lo pasar\u00e1n pipa con mil actividades.<\/p>\n<div id=\"attachment_4784\" style=\"width: 910px\" class=\"wp-caption aligncenter\"><a href=\"http:\/\/www.oui-oui.es\/65-fiestas\"><img loading=\"lazy\" decoding=\"async\" aria-describedby=\"caption-attachment-4784\" class=\"size-full wp-image-4784\" src=\"https:\/\/oui-oui.es\/blog\/wp-content\/uploads\/2016\/10\/Oui-Oui-finca-los-enebrales-comuniones-picnic-palomitas-click-10.jpg\" alt=\"Foto de Click 10\" width=\"900\" height=\"600\" srcset=\"https:\/\/oui-oui.es\/blog\/wp-content\/uploads\/2016\/10\/Oui-Oui-finca-los-enebrales-comuniones-picnic-palomitas-click-10.jpg 900w, https:\/\/oui-oui.es\/blog\/wp-content\/uploads\/2016\/10\/Oui-Oui-finca-los-enebrales-comuniones-picnic-palomitas-click-10-300x200.jpg 300w, https:\/\/oui-oui.es\/blog\/wp-content\/uploads\/2016\/10\/Oui-Oui-finca-los-enebrales-comuniones-picnic-palomitas-click-10-768x512.jpg 768w, https:\/\/oui-oui.es\/blog\/wp-content\/uploads\/2016\/10\/Oui-Oui-finca-los-enebrales-comuniones-picnic-palomitas-click-10-600x400.jpg 600w\" sizes=\"auto, (max-width: 900px) 100vw, 900px\" \/><\/a><p id=\"caption-attachment-4784\" class=\"wp-caption-text\">Foto de Click 10<\/p><\/div>\n<p>En <a href=\"http:\/\/losenebrales.com\/\" target=\"_blank\"><strong>Los Enebrales<\/strong><\/a> tambi\u00e9n <strong>celebran bodas, grandes o peque\u00f1as, se adaptan a tus gustos sin problem!<\/strong><\/p>\n<p><a href=\"http:\/\/www.oui-oui.es\/3-ddetalles-decoracion-boda-con-estilo\"><img loading=\"lazy\" decoding=\"async\" class=\"aligncenter size-large wp-image-4786\" src=\"https:\/\/oui-oui.es\/blog\/wp-content\/uploads\/2016\/10\/Oui-Oui-boda-cerca-madrid-boda-en-toledo-finca-los-enebrales-1024x680.jpg\" alt=\"oui-oui-boda-cerca-madrid-boda-en-toledo-finca-los-enebrales\" width=\"1024\" height=\"680\" srcset=\"https:\/\/oui-oui.es\/blog\/wp-content\/uploads\/2016\/10\/Oui-Oui-boda-cerca-madrid-boda-en-toledo-finca-los-enebrales-1024x680.jpg 1024w, https:\/\/oui-oui.es\/blog\/wp-content\/uploads\/2016\/10\/Oui-Oui-boda-cerca-madrid-boda-en-toledo-finca-los-enebrales-300x199.jpg 300w, https:\/\/oui-oui.es\/blog\/wp-content\/uploads\/2016\/10\/Oui-Oui-boda-cerca-madrid-boda-en-toledo-finca-los-enebrales-768x510.jpg 768w, https:\/\/oui-oui.es\/blog\/wp-content\/uploads\/2016\/10\/Oui-Oui-boda-cerca-madrid-boda-en-toledo-finca-los-enebrales-600x399.jpg 600w\" sizes=\"auto, (max-width: 1024px) 100vw, 1024px\" \/><\/a><\/p>\n<p><img loading=\"lazy\" decoding=\"async\" class=\"aligncenter size-large wp-image-4783\" src=\"https:\/\/oui-oui.es\/blog\/wp-content\/uploads\/2016\/10\/Oui-Oui-finca-los-enebrales-planes-con-ni\u00f1os-hotel-rural-ni\u00f1os-cerca-de-madrid-7-1024x683.jpg\" alt=\"oui-oui-finca-los-enebrales-planes-con-ninos-hotel-rural-ninos-cerca-de-madrid-7\" width=\"1024\" height=\"683\" srcset=\"https:\/\/oui-oui.es\/blog\/wp-content\/uploads\/2016\/10\/Oui-Oui-finca-los-enebrales-planes-con-ni\u00f1os-hotel-rural-ni\u00f1os-cerca-de-madrid-7-1024x683.jpg 1024w, https:\/\/oui-oui.es\/blog\/wp-content\/uploads\/2016\/10\/Oui-Oui-finca-los-enebrales-planes-con-ni\u00f1os-hotel-rural-ni\u00f1os-cerca-de-madrid-7-300x200.jpg 300w, https:\/\/oui-oui.es\/blog\/wp-content\/uploads\/2016\/10\/Oui-Oui-finca-los-enebrales-planes-con-ni\u00f1os-hotel-rural-ni\u00f1os-cerca-de-madrid-7-768x512.jpg 768w, https:\/\/oui-oui.es\/blog\/wp-content\/uploads\/2016\/10\/Oui-Oui-finca-los-enebrales-planes-con-ni\u00f1os-hotel-rural-ni\u00f1os-cerca-de-madrid-7-600x400.jpg 600w\" sizes=\"auto, (max-width: 1024px) 100vw, 1024px\" \/><\/p>\n<p><strong>Unas fechas muy buenas para ir en familia son de octubre a abril, por ejemplo, tambi\u00e9n en invierno<\/strong>, porque el hotel es tan grande (tiene un sal\u00f3n adyacente con capacidad para 500 personas sentadas) que si hiciera mal tiempo, Eva en un <em>plis plas<\/em> monta una actividad dentro&#8230;Yo ya estoy planeando otra visita con amigos!<\/p>\n<p>&nbsp;<\/p>\n<div id=\"attachment_4791\" style=\"width: 1034px\" class=\"wp-caption aligncenter\"><img loading=\"lazy\" decoding=\"async\" aria-describedby=\"caption-attachment-4791\" class=\"size-large wp-image-4791\" src=\"https:\/\/oui-oui.es\/blog\/wp-content\/uploads\/2016\/10\/Oui-Oui-finca-los-enebrales-talleres-ni\u00f1os-campo-hotel-rural-ni\u00f1os-cerca-madrid-NG-Estudio-4-1024x684.jpg\" alt=\"Foto @ngestudio_natalia\" width=\"1024\" height=\"684\" srcset=\"https:\/\/oui-oui.es\/blog\/wp-content\/uploads\/2016\/10\/Oui-Oui-finca-los-enebrales-talleres-ni\u00f1os-campo-hotel-rural-ni\u00f1os-cerca-madrid-NG-Estudio-4-1024x684.jpg 1024w, https:\/\/oui-oui.es\/blog\/wp-content\/uploads\/2016\/10\/Oui-Oui-finca-los-enebrales-talleres-ni\u00f1os-campo-hotel-rural-ni\u00f1os-cerca-madrid-NG-Estudio-4-300x200.jpg 300w, https:\/\/oui-oui.es\/blog\/wp-content\/uploads\/2016\/10\/Oui-Oui-finca-los-enebrales-talleres-ni\u00f1os-campo-hotel-rural-ni\u00f1os-cerca-madrid-NG-Estudio-4-768x513.jpg 768w, https:\/\/oui-oui.es\/blog\/wp-content\/uploads\/2016\/10\/Oui-Oui-finca-los-enebrales-talleres-ni\u00f1os-campo-hotel-rural-ni\u00f1os-cerca-madrid-NG-Estudio-4-600x401.jpg 600w, https:\/\/oui-oui.es\/blog\/wp-content\/uploads\/2016\/10\/Oui-Oui-finca-los-enebrales-talleres-ni\u00f1os-campo-hotel-rural-ni\u00f1os-cerca-madrid-NG-Estudio-4.jpg 1200w\" sizes=\"auto, (max-width: 1024px) 100vw, 1024px\" \/><p id=\"caption-attachment-4791\" class=\"wp-caption-text\">Foto @ngestudio_natalia<\/p><\/div>\n<p>\u00a1Por cierto!, si est\u00e1s buscando <strong>plan para Nochevieja<\/strong> les quedan pocas habitaciones peroalguna hay, si yo no tuviera cogida ya otra casa sin duda \u00edbamos a <strong>Los Enebrales<\/strong> (para el a\u00f1o que viene!)<\/p>\n<p>Aqu\u00ed pod\u00e9is ver los <a href=\"https:\/\/issuu.com\/fincalosenebrales\/docs\/fin_de_semana_ni__os?e=0\/34312281\" target=\"_blank\"><strong>packs para un fin de semana familiar<\/strong><\/a> en el campo<\/p>\n<p>Y Aqu\u00ed la info para <a href=\"http:\/\/losenebrales.com\/bodas\/\" target=\"_blank\"><strong>bodas<\/strong><\/a> y <a href=\"http:\/\/losenebrales.com\/eventos\/\" target=\"_blank\"><strong>eventos<\/strong><\/a><\/p>\n<p>De nuevo, <strong>\u00a1gracias Eva y Carlos por hacernos sentir como en casa con todas las comodidades de un hotel!<\/strong><\/p>\n","protected":false},"excerpt":{"rendered":"<p>Me gusta que me sorprendan y reconozco que no es f\u00e1cil, por un lado soy detallista y me gusta que lo sean conmigo, y, por otro, tengo tanto contacto con caterings, restaurantes, fot\u00f3grafos, organizadores de eventos, etc&#8230;Que , aunque a los que \u00abestamos metidos en \u00e9sto\u00bb nos parezca lo normal, hay muchas cosas que no [&hellip;]<\/p>\n","protected":false},"author":1,"featured_media":4793,"comment_status":"open","ping_status":"open","sticky":false,"template":"","format":"standard","meta":{"jetpack_post_was_ever_published":false,"_jetpack_newsletter_access":"","_jetpack_dont_email_post_to_subs":false,"_jetpack_newsletter_tier_id":0,"_jetpack_memberships_contains_paywalled_content":false,"_jetpack_memberships_contains_paid_content":false,"footnotes":"","jetpack_publicize_message":"","jetpack_publicize_feature_enabled":true,"jetpack_social_post_already_shared":true,"jetpack_social_options":{"image_generator_settings":{"template":"highway","default_image_id":0,"font":"","enabled":false},"version":2}},"categories":[28,704,29,177],"tags":[666,721,706],"class_list":["post-4772","post","type-post","status-publish","format-standard","has-post-thumbnail","hentry","category-bautizos","category-boda","category-comuniones","category-lifestyle-2","tag-hoteles-con-encanto-ir-con-ninos","tag-planes-con-ninos","tag-viajar-con-ninos"],"aioseo_notices":[],"jetpack_publicize_connections":[],"jetpack_featured_media_url":"https:\/\/oui-oui.es\/blog\/wp-content\/uploads\/2016\/10\/Oui-Oui-finca-los-enebrales-talleres-ni\u00f1os-campo-hotel-rural-ni\u00f1os-cerca-madrid-NG-Estudio-2.jpg","jetpack_sharing_enabled":true,"jetpack-related-posts":[{"id":1311,"url":"https:\/\/oui-oui.es\/blog\/ahora-si-que-si-carnaval\/","url_meta":{"origin":4772,"position":0},"title":"Ahora s\u00ed que s\u00ed&#8230;Carnaval!!!","author":"Mar\u00eda \u2665Oui Oui\u2665","date":"21 febrero, 2014","format":false,"excerpt":"Comienza la cuenta atr\u00e1s, queda una semana y tengo unas ganas locas (bueno, las he tenido desde siempre, sino, leed el post del a\u00f1o pasado) de disfrazar a Mart\u00edn. Lo malo es cuando te metes en Pinterest a buscar ideas e inspiraci\u00f3n y sales necesitando 5 carnavales para poder disfrazarle\u2026","rel":"","context":"En \u00abNI\u00d1OS Y NI\u00d1AS\u00bb","block_context":{"text":"NI\u00d1OS Y NI\u00d1AS","link":"https:\/\/oui-oui.es\/blog\/category\/ninos\/"},"img":{"alt_text":"","src":"https:\/\/i0.wp.com\/oui-oui.es\/blog\/wp-content\/uploads\/2014\/02\/oui-oui-disfraces-originales-para-bebc3a9s-nic3b1os-reno.jpg?resize=350%2C200&ssl=1","width":350,"height":200},"classes":[]},{"id":2544,"url":"https:\/\/oui-oui.es\/blog\/3-hoteles-con-encanto-para-ir-con-ninos-cerca-de-madrid\/","url_meta":{"origin":4772,"position":1},"title":"3 hoteles con encanto para ir con ni\u00f1os cerca de Madrid","author":"Mar\u00eda \u2665Oui Oui\u2665","date":"4 junio, 2015","format":false,"excerpt":"Parece que las palabras ni\u00f1os y \"con encanto\" son incompatibles, pero yo me niego a ello, as\u00ed que voy a intentar recopilar en el blog todas las direcciones \"con encanto\" (al final es el t\u00e9rmino de b\u00fasqueda, porque cuando pongo \"hoteles monos\" salen hoteles CON monos...jajaja) que vaya descubriendo, porque\u2026","rel":"","context":"En \u00abESTILO DE VIDA\u00bb","block_context":{"text":"ESTILO DE VIDA","link":"https:\/\/oui-oui.es\/blog\/category\/lifestyle-2\/"},"img":{"alt_text":"","src":"https:\/\/i0.wp.com\/oui-oui.es\/blog\/wp-content\/uploads\/2015\/06\/oui-oui-hoteles-con-encanto-con-nic3b1os-madrid-candeleda-la-casa-de-los-tomillares-4.jpg?resize=350%2C200&ssl=1","width":350,"height":200,"srcset":"https:\/\/i0.wp.com\/oui-oui.es\/blog\/wp-content\/uploads\/2015\/06\/oui-oui-hoteles-con-encanto-con-nic3b1os-madrid-candeleda-la-casa-de-los-tomillares-4.jpg?resize=350%2C200&ssl=1 1x, https:\/\/i0.wp.com\/oui-oui.es\/blog\/wp-content\/uploads\/2015\/06\/oui-oui-hoteles-con-encanto-con-nic3b1os-madrid-candeleda-la-casa-de-los-tomillares-4.jpg?resize=525%2C300&ssl=1 1.5x"},"classes":[]},{"id":9164,"url":"https:\/\/oui-oui.es\/blog\/cuadernos-de-actividades-y-otros-juegos-para-vacaciones\/","url_meta":{"origin":4772,"position":2},"title":"Cuadernos de actividades y otros juegos para vacaciones","author":"Mar\u00eda \u2665Oui Oui\u2665","date":"25 junio, 2018","format":false,"excerpt":"Recuerdo cuando llegaba el verano y me encantaba ir a comprar un cuaderno de actividades, por entonces s\u00f3lo exist\u00edan los t\u00edpicos de \"Vacaciones Santillana\" y alg\u00fan cuaderno Rubio, pero, junto al regalo que nos hac\u00edan mis padres por las buenas notas (y que sol\u00eda elegir entre esos anuncios de juguetes\u2026","rel":"","context":"En \u00abNI\u00d1OS Y NI\u00d1AS\u00bb","block_context":{"text":"NI\u00d1OS Y NI\u00d1AS","link":"https:\/\/oui-oui.es\/blog\/category\/ninos\/"},"img":{"alt_text":"","src":"https:\/\/i0.wp.com\/oui-oui.es\/blog\/wp-content\/uploads\/2018\/06\/IMG_5669.jpg?resize=350%2C200&ssl=1","width":350,"height":200,"srcset":"https:\/\/i0.wp.com\/oui-oui.es\/blog\/wp-content\/uploads\/2018\/06\/IMG_5669.jpg?resize=350%2C200&ssl=1 1x, https:\/\/i0.wp.com\/oui-oui.es\/blog\/wp-content\/uploads\/2018\/06\/IMG_5669.jpg?resize=525%2C300&ssl=1 1.5x, https:\/\/i0.wp.com\/oui-oui.es\/blog\/wp-content\/uploads\/2018\/06\/IMG_5669.jpg?resize=700%2C400&ssl=1 2x, https:\/\/i0.wp.com\/oui-oui.es\/blog\/wp-content\/uploads\/2018\/06\/IMG_5669.jpg?resize=1050%2C600&ssl=1 3x, https:\/\/i0.wp.com\/oui-oui.es\/blog\/wp-content\/uploads\/2018\/06\/IMG_5669.jpg?resize=1400%2C800&ssl=1 4x"},"classes":[]},{"id":8988,"url":"https:\/\/oui-oui.es\/blog\/10-tips-para-iniciarte-en-el-senderismo-con-ninos\/","url_meta":{"origin":4772,"position":3},"title":"10 Tips para iniciarte en el senderismo con ni\u00f1os","author":"Mar\u00eda \u2665Oui Oui\u2665","date":"20 abril, 2018","format":false,"excerpt":"El post de hoy es un poco diferente porque es la primera vez que hago una colaboraci\u00f3n para que alguien que no sea yo escriba un post, pero la verdad es que desde que conoc\u00ed (virtualmente) a Laura de Mini Explorers ten\u00eda ganas de hacer algo con ella. Las casualidades\u2026","rel":"","context":"En \u00abNI\u00d1OS Y NI\u00d1AS\u00bb","block_context":{"text":"NI\u00d1OS Y NI\u00d1AS","link":"https:\/\/oui-oui.es\/blog\/category\/ninos\/"},"img":{"alt_text":"","src":"https:\/\/i0.wp.com\/oui-oui.es\/blog\/wp-content\/uploads\/2018\/04\/Como-iniciarte-en-el-senderismo-con-ni%C3%B1os-monta%C3%B1a-ni%C3%B1os-mini-explorers-cantimplora-oui-oui.jpg?resize=350%2C200&ssl=1","width":350,"height":200,"srcset":"https:\/\/i0.wp.com\/oui-oui.es\/blog\/wp-content\/uploads\/2018\/04\/Como-iniciarte-en-el-senderismo-con-ni%C3%B1os-monta%C3%B1a-ni%C3%B1os-mini-explorers-cantimplora-oui-oui.jpg?resize=350%2C200&ssl=1 1x, https:\/\/i0.wp.com\/oui-oui.es\/blog\/wp-content\/uploads\/2018\/04\/Como-iniciarte-en-el-senderismo-con-ni%C3%B1os-monta%C3%B1a-ni%C3%B1os-mini-explorers-cantimplora-oui-oui.jpg?resize=525%2C300&ssl=1 1.5x, https:\/\/i0.wp.com\/oui-oui.es\/blog\/wp-content\/uploads\/2018\/04\/Como-iniciarte-en-el-senderismo-con-ni%C3%B1os-monta%C3%B1a-ni%C3%B1os-mini-explorers-cantimplora-oui-oui.jpg?resize=700%2C400&ssl=1 2x, https:\/\/i0.wp.com\/oui-oui.es\/blog\/wp-content\/uploads\/2018\/04\/Como-iniciarte-en-el-senderismo-con-ni%C3%B1os-monta%C3%B1a-ni%C3%B1os-mini-explorers-cantimplora-oui-oui.jpg?resize=1050%2C600&ssl=1 3x, https:\/\/i0.wp.com\/oui-oui.es\/blog\/wp-content\/uploads\/2018\/04\/Como-iniciarte-en-el-senderismo-con-ni%C3%B1os-monta%C3%B1a-ni%C3%B1os-mini-explorers-cantimplora-oui-oui.jpg?resize=1400%2C800&ssl=1 4x"},"classes":[]},{"id":8904,"url":"https:\/\/oui-oui.es\/blog\/esquiar-con-ninos-en-cerler\/","url_meta":{"origin":4772,"position":4},"title":"Esquiar con ni\u00f1os en Cerler","author":"Mar\u00eda \u2665Oui Oui\u2665","date":"12 marzo, 2018","format":false,"excerpt":"Hace un mes tuvimos la oportunidad de pasar un fin de semana de esqu\u00ed con los ni\u00f1os en Cerler, de la mano de Electrolux. Fue un fin de semana especial porque coincid\u00eda con el cumplea\u00f1os de Frida y era nuestro primer viaje en familia a la nieve los cuatro juntos.\u2026","rel":"","context":"En \u00abESQU\u00cd\u00bb","block_context":{"text":"ESQU\u00cd","link":"https:\/\/oui-oui.es\/blog\/category\/esqui\/"},"img":{"alt_text":"","src":"https:\/\/i0.wp.com\/oui-oui.es\/blog\/wp-content\/uploads\/2018\/03\/Oui-Oui-esquiar-con-ni%C3%B1os-en-cerler.jpg?resize=350%2C200&ssl=1","width":350,"height":200,"srcset":"https:\/\/i0.wp.com\/oui-oui.es\/blog\/wp-content\/uploads\/2018\/03\/Oui-Oui-esquiar-con-ni%C3%B1os-en-cerler.jpg?resize=350%2C200&ssl=1 1x, https:\/\/i0.wp.com\/oui-oui.es\/blog\/wp-content\/uploads\/2018\/03\/Oui-Oui-esquiar-con-ni%C3%B1os-en-cerler.jpg?resize=525%2C300&ssl=1 1.5x, https:\/\/i0.wp.com\/oui-oui.es\/blog\/wp-content\/uploads\/2018\/03\/Oui-Oui-esquiar-con-ni%C3%B1os-en-cerler.jpg?resize=700%2C400&ssl=1 2x, https:\/\/i0.wp.com\/oui-oui.es\/blog\/wp-content\/uploads\/2018\/03\/Oui-Oui-esquiar-con-ni%C3%B1os-en-cerler.jpg?resize=1050%2C600&ssl=1 3x"},"classes":[]},{"id":9396,"url":"https:\/\/oui-oui.es\/blog\/los-mini-trolley-para-ninos-mas-ideales-ya-estan-aqui\/","url_meta":{"origin":4772,"position":5},"title":"Los mini trolley para ni\u00f1os m\u00e1s ideales ya est\u00e1n aqu\u00ed","author":"Mar\u00eda \u2665Oui Oui\u2665","date":"22 octubre, 2018","format":false,"excerpt":"Recuerdo el a\u00f1o pasado buscar una maleta para ni\u00f1os mona que pudieran llevar ellos mismos como loca y quedarme sin ella porque no encontr\u00e9 nada, o bien eran de merchandising o de animales para sentarse encima, pero adem\u00e1s de que no cab\u00eda mucho, acababas arrastr\u00e1ndoles t\u00fa... Por eso cuando vi\u2026","rel":"","context":"En \u00abREGALOS\u00bb","block_context":{"text":"REGALOS","link":"https:\/\/oui-oui.es\/blog\/category\/no-se-que-regalar\/"},"img":{"alt_text":"","src":"https:\/\/i0.wp.com\/oui-oui.es\/blog\/wp-content\/uploads\/2018\/10\/Oui-Oui-maleta-ni%C3%B1os-mona-trolley-ni%C3%B1os-maletas-olli-ella-see-ya-suitcase-maleta-viaje-ni%C3%B1os-2.jpg?resize=350%2C200&ssl=1","width":350,"height":200,"srcset":"https:\/\/i0.wp.com\/oui-oui.es\/blog\/wp-content\/uploads\/2018\/10\/Oui-Oui-maleta-ni%C3%B1os-mona-trolley-ni%C3%B1os-maletas-olli-ella-see-ya-suitcase-maleta-viaje-ni%C3%B1os-2.jpg?resize=350%2C200&ssl=1 1x, https:\/\/i0.wp.com\/oui-oui.es\/blog\/wp-content\/uploads\/2018\/10\/Oui-Oui-maleta-ni%C3%B1os-mona-trolley-ni%C3%B1os-maletas-olli-ella-see-ya-suitcase-maleta-viaje-ni%C3%B1os-2.jpg?resize=525%2C300&ssl=1 1.5x, https:\/\/i0.wp.com\/oui-oui.es\/blog\/wp-content\/uploads\/2018\/10\/Oui-Oui-maleta-ni%C3%B1os-mona-trolley-ni%C3%B1os-maletas-olli-ella-see-ya-suitcase-maleta-viaje-ni%C3%B1os-2.jpg?resize=700%2C400&ssl=1 2x, https:\/\/i0.wp.com\/oui-oui.es\/blog\/wp-content\/uploads\/2018\/10\/Oui-Oui-maleta-ni%C3%B1os-mona-trolley-ni%C3%B1os-maletas-olli-ella-see-ya-suitcase-maleta-viaje-ni%C3%B1os-2.jpg?resize=1050%2C600&ssl=1 3x, https:\/\/i0.wp.com\/oui-oui.es\/blog\/wp-content\/uploads\/2018\/10\/Oui-Oui-maleta-ni%C3%B1os-mona-trolley-ni%C3%B1os-maletas-olli-ella-see-ya-suitcase-maleta-viaje-ni%C3%B1os-2.jpg?resize=1400%2C800&ssl=1 4x"},"classes":[]}],"_links":{"self":[{"href":"https:\/\/oui-oui.es\/blog\/wp-json\/wp\/v2\/posts\/4772","targetHints":{"allow":["GET"]}}],"collection":[{"href":"https:\/\/oui-oui.es\/blog\/wp-json\/wp\/v2\/posts"}],"about":[{"href":"https:\/\/oui-oui.es\/blog\/wp-json\/wp\/v2\/types\/post"}],"author":[{"embeddable":true,"href":"https:\/\/oui-oui.es\/blog\/wp-json\/wp\/v2\/users\/1"}],"replies":[{"embeddable":true,"href":"https:\/\/oui-oui.es\/blog\/wp-json\/wp\/v2\/comments?post=4772"}],"version-history":[{"count":4,"href":"https:\/\/oui-oui.es\/blog\/wp-json\/wp\/v2\/posts\/4772\/revisions"}],"predecessor-version":[{"id":4813,"href":"https:\/\/oui-oui.es\/blog\/wp-json\/wp\/v2\/posts\/4772\/revisions\/4813"}],"wp:featuredmedia":[{"embeddable":true,"href":"https:\/\/oui-oui.es\/blog\/wp-json\/wp\/v2\/media\/4793"}],"wp:attachment":[{"href":"https:\/\/oui-oui.es\/blog\/wp-json\/wp\/v2\/media?parent=4772"}],"wp:term":[{"taxonomy":"category","embeddable":true,"href":"https:\/\/oui-oui.es\/blog\/wp-json\/wp\/v2\/categories?post=4772"},{"taxonomy":"post_tag","embeddable":true,"href":"https:\/\/oui-oui.es\/blog\/wp-json\/wp\/v2\/tags?post=4772"}],"curies":[{"name":"wp","href":"https:\/\/api.w.org\/{rel}","templated":true}]}}