{"id":4826,"date":"2016-10-28T00:01:46","date_gmt":"2016-10-27T22:01:46","guid":{"rendered":"https:\/\/oui-oui.es\/blog\/?p=4826"},"modified":"2016-10-27T14:52:20","modified_gmt":"2016-10-27T12:52:20","slug":"bar-de-cereales","status":"publish","type":"post","link":"https:\/\/oui-oui.es\/blog\/bar-de-cereales\/","title":{"rendered":"Bar de cereales"},"content":{"rendered":"<p>Llevaba dos a\u00f1os detr\u00e1s de ir a Londres a conocer <a href=\"http:\/\/www.cerealkillercafe.co.uk\/\" target=\"_blank\"><strong>Cereal Killer Cafe<\/strong><\/a> y al final han acabado abriendo en Madrid un par de locales de este estilo; <a href=\"http:\/\/www.cereallovers.es\" target=\"_blank\"><strong>Cereal Lovers<\/strong><\/a> (el primero en abrir, en el Mercado de Ant\u00f3n Mart\u00edn) y <a href=\"http:\/\/www.cerealhunterscafe.com\/\" target=\"_blank\"><strong>Cereal Hunters<\/strong><\/a> (Mej\u00eda Lequerica, al lado de Tribunal), abrieron antes de verano pero no s\u00e9 c\u00f3mo \u00a1me enter\u00e9 la semana pasada! as\u00ed que en cuanto me lo contaron busqu\u00e9 un hueco en la agenda para ir a conocer <a href=\"http:\/\/www.cerealhunterscafe.com\/\" target=\"_blank\"><strong>Cereal Hunters<\/strong><\/a> porque me pillaba en mi ruta de temas que hacer por el centro ese d\u00eda (tengo pendiente conocer<a href=\"http:\/\/www.cereallovers.es\" target=\"_blank\"> <strong>Cereal Lovers<\/strong><\/a>, que al ser el primero en abrir, se lo merece).<\/p>\n<p><img loading=\"lazy\" decoding=\"async\" class=\"aligncenter size-large wp-image-4828\" src=\"https:\/\/oui-oui.es\/blog\/wp-content\/uploads\/2016\/10\/Oui-Oui-bar-de-cereales-madrid-desayunar-cereales-madrid-cereal-hunters-2-1024x768.jpg\" alt=\"oui-oui-bar-de-cereales-madrid-desayunar-cereales-madrid-cereal-hunters-2\" width=\"1024\" height=\"768\" srcset=\"https:\/\/oui-oui.es\/blog\/wp-content\/uploads\/2016\/10\/Oui-Oui-bar-de-cereales-madrid-desayunar-cereales-madrid-cereal-hunters-2-1024x768.jpg 1024w, https:\/\/oui-oui.es\/blog\/wp-content\/uploads\/2016\/10\/Oui-Oui-bar-de-cereales-madrid-desayunar-cereales-madrid-cereal-hunters-2-300x225.jpg 300w, https:\/\/oui-oui.es\/blog\/wp-content\/uploads\/2016\/10\/Oui-Oui-bar-de-cereales-madrid-desayunar-cereales-madrid-cereal-hunters-2-768x576.jpg 768w, https:\/\/oui-oui.es\/blog\/wp-content\/uploads\/2016\/10\/Oui-Oui-bar-de-cereales-madrid-desayunar-cereales-madrid-cereal-hunters-2-600x450.jpg 600w\" sizes=\"auto, (max-width: 1024px) 100vw, 1024px\" \/><\/p>\n<p>Para los que no conocierais la idea, se trata de un<strong> bar de cereales<\/strong> en el que, como su propio nombre indica, tienes decenas de tipos de cereales para elegir con otras decenas de combinaciones para complementarlos.Te gusten o no los cereales <strong>merece la pena ir por la est\u00e9tica, porque ver tanta caja de cereales junta, con dise\u00f1os diferentes, ediciones especiales, etc&#8230;Es la bomba<\/strong><\/p>\n<p><img loading=\"lazy\" decoding=\"async\" class=\"aligncenter size-large wp-image-4829\" src=\"https:\/\/oui-oui.es\/blog\/wp-content\/uploads\/2016\/10\/Oui-Oui-bar-de-cereales-madrid-desayunar-cereales-madrid-cereal-hunters-3-1024x768.jpg\" alt=\"oui-oui-bar-de-cereales-madrid-desayunar-cereales-madrid-cereal-hunters-3\" width=\"1024\" height=\"768\" srcset=\"https:\/\/oui-oui.es\/blog\/wp-content\/uploads\/2016\/10\/Oui-Oui-bar-de-cereales-madrid-desayunar-cereales-madrid-cereal-hunters-3-1024x768.jpg 1024w, https:\/\/oui-oui.es\/blog\/wp-content\/uploads\/2016\/10\/Oui-Oui-bar-de-cereales-madrid-desayunar-cereales-madrid-cereal-hunters-3-300x225.jpg 300w, https:\/\/oui-oui.es\/blog\/wp-content\/uploads\/2016\/10\/Oui-Oui-bar-de-cereales-madrid-desayunar-cereales-madrid-cereal-hunters-3-768x576.jpg 768w, https:\/\/oui-oui.es\/blog\/wp-content\/uploads\/2016\/10\/Oui-Oui-bar-de-cereales-madrid-desayunar-cereales-madrid-cereal-hunters-3-600x450.jpg 600w\" sizes=\"auto, (max-width: 1024px) 100vw, 1024px\" \/><\/p>\n<p>Yo a\u00fan recuerdo una caja de <strong>cereales con forma de batman<\/strong> que me compraron mis abuelos en un <em>\u00abUSA en El Corte Ingl\u00e9s\u00bb<\/em> de hace unos veinticinco a\u00f1os&#8230;Aquellos cereales eran sin chocolate (amarillos), y justo ayer me encontr\u00e9 con una <strong>caja especial batman con los cereales de chocolate en forma de murci\u00e9lago<\/strong> que fueron los que escog\u00ed para llevarme (pensando en halloween)&#8230;Al final se los comi\u00f3 Mart\u00edn as\u00ed que no llegan a Halloween \ud83d\ude09<\/p>\n<p><img loading=\"lazy\" decoding=\"async\" class=\"aligncenter size-full wp-image-4831\" src=\"https:\/\/oui-oui.es\/blog\/wp-content\/uploads\/2016\/10\/Oui-Oui-cereales-batman-bar-cereales-madrid.jpg\" alt=\"oui-oui-cereales-batman-bar-cereales-madrid\" width=\"600\" height=\"891\" srcset=\"https:\/\/oui-oui.es\/blog\/wp-content\/uploads\/2016\/10\/Oui-Oui-cereales-batman-bar-cereales-madrid.jpg 600w, https:\/\/oui-oui.es\/blog\/wp-content\/uploads\/2016\/10\/Oui-Oui-cereales-batman-bar-cereales-madrid-202x300.jpg 202w, https:\/\/oui-oui.es\/blog\/wp-content\/uploads\/2016\/10\/Oui-Oui-cereales-batman-bar-cereales-madrid-300x446.jpg 300w\" sizes=\"auto, (max-width: 600px) 100vw, 600px\" \/><\/p>\n<p>Adem\u00e1s de <strong>cereales de todos los tipos, formas, sabores y colores<\/strong>, tienes <strong>m\u00e1s de diez tipos de leche<\/strong>s para elegir (de avena, de arroz, sin lactosa, de almendra,batidos&#8230;) y hasta puedes <strong>colorear la leche<\/strong> para crear leche azul con <strong>cereales de Nemo que tienen pececillos naranjas<\/strong>, genial, verdad?.Tambi\u00e9n diferentes <strong>toppings<\/strong> (como perlitas de Reese\u00b4s, mini Oreo, mini galletas pr\u00edncipe, pepitas de chocolate, etc&#8230;)<\/p>\n<div id=\"attachment_4833\" style=\"width: 560px\" class=\"wp-caption aligncenter\"><img loading=\"lazy\" decoding=\"async\" aria-describedby=\"caption-attachment-4833\" class=\"size-full wp-image-4833\" src=\"https:\/\/oui-oui.es\/blog\/wp-content\/uploads\/2016\/10\/Oui-Oui-leche-verde-leche-mint-cereal-hunters.jpg\" alt=\"Foto de tripadvisor...tengo que pedirme la leche verde!\" width=\"550\" height=\"412\" srcset=\"https:\/\/oui-oui.es\/blog\/wp-content\/uploads\/2016\/10\/Oui-Oui-leche-verde-leche-mint-cereal-hunters.jpg 550w, https:\/\/oui-oui.es\/blog\/wp-content\/uploads\/2016\/10\/Oui-Oui-leche-verde-leche-mint-cereal-hunters-300x225.jpg 300w\" sizes=\"auto, (max-width: 550px) 100vw, 550px\" \/><p id=\"caption-attachment-4833\" class=\"wp-caption-text\">Foto de tripadvisor&#8230;tengo que pedirme la leche verde!<\/p><\/div>\n<p>&nbsp;<\/p>\n<div id=\"attachment_4832\" style=\"width: 650px\" class=\"wp-caption aligncenter\"><img loading=\"lazy\" decoding=\"async\" aria-describedby=\"caption-attachment-4832\" class=\"size-full wp-image-4832\" src=\"https:\/\/oui-oui.es\/blog\/wp-content\/uploads\/2016\/10\/Oui-Oui-cereales-de-colores-cereal-hunters-bar-cereales-madrid.jpeg\" alt=\"Foto de 11870\" width=\"640\" height=\"477\" srcset=\"https:\/\/oui-oui.es\/blog\/wp-content\/uploads\/2016\/10\/Oui-Oui-cereales-de-colores-cereal-hunters-bar-cereales-madrid.jpeg 640w, https:\/\/oui-oui.es\/blog\/wp-content\/uploads\/2016\/10\/Oui-Oui-cereales-de-colores-cereal-hunters-bar-cereales-madrid-300x224.jpeg 300w, https:\/\/oui-oui.es\/blog\/wp-content\/uploads\/2016\/10\/Oui-Oui-cereales-de-colores-cereal-hunters-bar-cereales-madrid-600x447.jpeg 600w\" sizes=\"auto, (max-width: 640px) 100vw, 640px\" \/><p id=\"caption-attachment-4832\" class=\"wp-caption-text\">Foto de 11870<\/p><\/div>\n<p><img loading=\"lazy\" decoding=\"async\" class=\"aligncenter size-large wp-image-4827\" src=\"https:\/\/oui-oui.es\/blog\/wp-content\/uploads\/2016\/10\/Oui-Oui-bar-de-cereales-madrid-desayunar-cereales-madrid-cereal-hunters-1-1024x768.jpg\" alt=\"oui-oui-bar-de-cereales-madrid-desayunar-cereales-madrid-cereal-hunters-1\" width=\"1024\" height=\"768\" srcset=\"https:\/\/oui-oui.es\/blog\/wp-content\/uploads\/2016\/10\/Oui-Oui-bar-de-cereales-madrid-desayunar-cereales-madrid-cereal-hunters-1-1024x768.jpg 1024w, https:\/\/oui-oui.es\/blog\/wp-content\/uploads\/2016\/10\/Oui-Oui-bar-de-cereales-madrid-desayunar-cereales-madrid-cereal-hunters-1-300x225.jpg 300w, https:\/\/oui-oui.es\/blog\/wp-content\/uploads\/2016\/10\/Oui-Oui-bar-de-cereales-madrid-desayunar-cereales-madrid-cereal-hunters-1-768x576.jpg 768w, https:\/\/oui-oui.es\/blog\/wp-content\/uploads\/2016\/10\/Oui-Oui-bar-de-cereales-madrid-desayunar-cereales-madrid-cereal-hunters-1-600x450.jpg 600w\" sizes=\"auto, (max-width: 1024px) 100vw, 1024px\" \/><\/p>\n<p>La \u00fanica pega de <a href=\"http:\/\/www.cerealhunterscafe.com\/\" target=\"_blank\"><strong>Cereal Hunters<\/strong><\/a> es que todas esas cosas son extra y que el precio empieza en los bols de cereales espa\u00f1oles (es decir, los ma\u00b4s baratos que nadie pide porque los guays son de importaci\u00f3n), as\u00ed que al final, con topping y leche coloreada o especial, el bol te sale a 4\u20ac, que es caro para un bol de leche con cereales, pero no me lo parece para <strong>una merienda diferente; con ni\u00f1os o con amigas<\/strong> para subir a <a href=\"https:\/\/www.instagram.com\/ouiouidetalles\/?hl=es\" target=\"_blank\">Instagram<\/a> una foto chula \ud83d\ude09<\/p>\n<p><img loading=\"lazy\" decoding=\"async\" class=\"aligncenter size-large wp-image-4830\" src=\"https:\/\/oui-oui.es\/blog\/wp-content\/uploads\/2016\/10\/Oui-Oui-bar-de-cereales-madrid-desayunar-cereales-madrid-cereal-hunters-4-1024x768.jpg\" alt=\"oui-oui-bar-de-cereales-madrid-desayunar-cereales-madrid-cereal-hunters-4\" width=\"1024\" height=\"768\" srcset=\"https:\/\/oui-oui.es\/blog\/wp-content\/uploads\/2016\/10\/Oui-Oui-bar-de-cereales-madrid-desayunar-cereales-madrid-cereal-hunters-4-1024x768.jpg 1024w, https:\/\/oui-oui.es\/blog\/wp-content\/uploads\/2016\/10\/Oui-Oui-bar-de-cereales-madrid-desayunar-cereales-madrid-cereal-hunters-4-300x225.jpg 300w, https:\/\/oui-oui.es\/blog\/wp-content\/uploads\/2016\/10\/Oui-Oui-bar-de-cereales-madrid-desayunar-cereales-madrid-cereal-hunters-4-768x576.jpg 768w, https:\/\/oui-oui.es\/blog\/wp-content\/uploads\/2016\/10\/Oui-Oui-bar-de-cereales-madrid-desayunar-cereales-madrid-cereal-hunters-4-600x450.jpg 600w\" sizes=\"auto, (max-width: 1024px) 100vw, 1024px\" \/><\/p>\n<p>Yo tengo pendiente volver con Mart\u00edn porque le encantaron los cereales y lo de la leche azul le flip\u00f3!<\/p>\n","protected":false},"excerpt":{"rendered":"<p>Llevaba dos a\u00f1os detr\u00e1s de ir a Londres a conocer Cereal Killer Cafe y al final han acabado abriendo en Madrid un par de locales de este estilo; Cereal Lovers (el primero en abrir, en el Mercado de Ant\u00f3n Mart\u00edn) y Cereal Hunters (Mej\u00eda Lequerica, al lado de Tribunal), abrieron antes de verano pero no [&hellip;]<\/p>\n","protected":false},"author":1,"featured_media":4829,"comment_status":"open","ping_status":"open","sticky":false,"template":"","format":"standard","meta":{"jetpack_post_was_ever_published":false,"_jetpack_newsletter_access":"","_jetpack_dont_email_post_to_subs":false,"_jetpack_newsletter_tier_id":0,"_jetpack_memberships_contains_paywalled_content":false,"_jetpack_memberships_contains_paid_content":false,"footnotes":"","jetpack_publicize_message":"","jetpack_publicize_feature_enabled":true,"jetpack_social_post_already_shared":true,"jetpack_social_options":{"image_generator_settings":{"template":"highway","default_image_id":0,"font":"","enabled":false},"version":2}},"categories":[177,769],"tags":[781,695,782,721],"class_list":["post-4826","post","type-post","status-publish","format-standard","has-post-thumbnail","hentry","category-lifestyle-2","category-la-guia-de-maria","tag-desayunar","tag-gastro","tag-merendar","tag-planes-con-ninos"],"aioseo_notices":[],"jetpack_publicize_connections":[],"jetpack_featured_media_url":"https:\/\/oui-oui.es\/blog\/wp-content\/uploads\/2016\/10\/Oui-Oui-bar-de-cereales-madrid-desayunar-cereales-madrid-cereal-hunters-3.jpg","jetpack_sharing_enabled":true,"jetpack-related-posts":[{"id":2757,"url":"https:\/\/oui-oui.es\/blog\/cascabel-la-antojeria-de-punto-mx\/","url_meta":{"origin":4826,"position":0},"title":"Cascabel |La antojer\u00eda de Punto Mx","author":"Mar\u00eda \u2665Oui Oui\u2665","date":"20 julio, 2015","format":false,"excerpt":"Parece que \u00faltimamente s\u00f3lo escribo de restaurantes y tiendas de comida, pero estoy apurando mis d\u00edas de verano en Madrid y, aprovechando que todo va a un ritmo un poco m\u00e1s lento, quedando a comer\/cenar todo lo que puedo! Ten\u00eda muchas ganas de conocer Cascabel, hace un par de a\u00f1os\u2026","rel":"","context":"En \u00abESTILO DE VIDA\u00bb","block_context":{"text":"ESTILO DE VIDA","link":"https:\/\/oui-oui.es\/blog\/category\/lifestyle-2\/"},"img":{"alt_text":"","src":"https:\/\/i0.wp.com\/oui-oui.es\/blog\/wp-content\/uploads\/Oui-Oui-restaurante-cascabel-salon-cascabel-taco-arabe-e1438294249632.jpg?resize=350%2C200&ssl=1","width":350,"height":200,"srcset":"https:\/\/i0.wp.com\/oui-oui.es\/blog\/wp-content\/uploads\/Oui-Oui-restaurante-cascabel-salon-cascabel-taco-arabe-e1438294249632.jpg?resize=350%2C200&ssl=1 1x, https:\/\/i0.wp.com\/oui-oui.es\/blog\/wp-content\/uploads\/Oui-Oui-restaurante-cascabel-salon-cascabel-taco-arabe-e1438294249632.jpg?resize=525%2C300&ssl=1 1.5x, https:\/\/i0.wp.com\/oui-oui.es\/blog\/wp-content\/uploads\/Oui-Oui-restaurante-cascabel-salon-cascabel-taco-arabe-e1438294249632.jpg?resize=700%2C400&ssl=1 2x"},"classes":[]},{"id":3285,"url":"https:\/\/oui-oui.es\/blog\/mis-imprescindibles-en-leon-restaurantes-y-bares-de-tapas\/","url_meta":{"origin":4826,"position":1},"title":"Mis imprescindibles en Le\u00f3n | restaurantes y bares de tapas","author":"Mar\u00eda \u2665Oui Oui\u2665","date":"7 septiembre, 2015","format":false,"excerpt":"\u00a0 Me encanta conocer restaurantes nuevos; de todo tipo, pero en Madrid la t\u00f3nica general es que sean de dise\u00f1o, con una cuidada decoraci\u00f3n, muchos con cartas variadas de corte internacional o de cocina creativa. Por eso, cuando salgo a ciudades m\u00e1s peque\u00f1as me apetece disfrutar de lugares m\u00e1s aut\u00e9nticos,\u2026","rel":"","context":"En \u00abESTILO DE VIDA\u00bb","block_context":{"text":"ESTILO DE VIDA","link":"https:\/\/oui-oui.es\/blog\/category\/lifestyle-2\/"},"img":{"alt_text":"","src":"https:\/\/i0.wp.com\/oui-oui.es\/blog\/wp-content\/uploads\/2015\/09\/Oui-Oui-restaurantes-en-Le%C3%B3n-mes%C3%B3n-el-burgo.jpg?resize=350%2C200&ssl=1","width":350,"height":200,"srcset":"https:\/\/i0.wp.com\/oui-oui.es\/blog\/wp-content\/uploads\/2015\/09\/Oui-Oui-restaurantes-en-Le%C3%B3n-mes%C3%B3n-el-burgo.jpg?resize=350%2C200&ssl=1 1x, https:\/\/i0.wp.com\/oui-oui.es\/blog\/wp-content\/uploads\/2015\/09\/Oui-Oui-restaurantes-en-Le%C3%B3n-mes%C3%B3n-el-burgo.jpg?resize=525%2C300&ssl=1 1.5x, https:\/\/i0.wp.com\/oui-oui.es\/blog\/wp-content\/uploads\/2015\/09\/Oui-Oui-restaurantes-en-Le%C3%B3n-mes%C3%B3n-el-burgo.jpg?resize=700%2C400&ssl=1 2x, https:\/\/i0.wp.com\/oui-oui.es\/blog\/wp-content\/uploads\/2015\/09\/Oui-Oui-restaurantes-en-Le%C3%B3n-mes%C3%B3n-el-burgo.jpg?resize=1050%2C600&ssl=1 3x, https:\/\/i0.wp.com\/oui-oui.es\/blog\/wp-content\/uploads\/2015\/09\/Oui-Oui-restaurantes-en-Le%C3%B3n-mes%C3%B3n-el-burgo.jpg?resize=1400%2C800&ssl=1 4x"},"classes":[]},{"id":9212,"url":"https:\/\/oui-oui.es\/blog\/mentoring-antes-de-vacaciones\/","url_meta":{"origin":4826,"position":2},"title":"Mentoring antes de vacaciones","author":"Mar\u00eda \u2665Oui Oui\u2665","date":"16 julio, 2018","format":false,"excerpt":"No s\u00e9 si os pasa pero, para m\u00ed, julio es un mes de balance. Aprovecho que los ni\u00f1os est\u00e1n en el campamento de los abuelos para ponerme al d\u00eda con esas tareas pendientes que he arrastrado todo el a\u00f1o, tanto personales como profesionales. Adem\u00e1s, el a\u00f1o empieza en septiembre y\u2026","rel":"","context":"En \u00abEMPRENDEDORAS\u00bb","block_context":{"text":"EMPRENDEDORAS","link":"https:\/\/oui-oui.es\/blog\/category\/mentoring-emprendedores\/"},"img":{"alt_text":"","src":"https:\/\/i0.wp.com\/oui-oui.es\/blog\/wp-content\/uploads\/2018\/07\/Oui-Oui-Mentoring-Elena-Bau-3.jpg?resize=350%2C200&ssl=1","width":350,"height":200,"srcset":"https:\/\/i0.wp.com\/oui-oui.es\/blog\/wp-content\/uploads\/2018\/07\/Oui-Oui-Mentoring-Elena-Bau-3.jpg?resize=350%2C200&ssl=1 1x, https:\/\/i0.wp.com\/oui-oui.es\/blog\/wp-content\/uploads\/2018\/07\/Oui-Oui-Mentoring-Elena-Bau-3.jpg?resize=525%2C300&ssl=1 1.5x, https:\/\/i0.wp.com\/oui-oui.es\/blog\/wp-content\/uploads\/2018\/07\/Oui-Oui-Mentoring-Elena-Bau-3.jpg?resize=700%2C400&ssl=1 2x, https:\/\/i0.wp.com\/oui-oui.es\/blog\/wp-content\/uploads\/2018\/07\/Oui-Oui-Mentoring-Elena-Bau-3.jpg?resize=1050%2C600&ssl=1 3x, https:\/\/i0.wp.com\/oui-oui.es\/blog\/wp-content\/uploads\/2018\/07\/Oui-Oui-Mentoring-Elena-Bau-3.jpg?resize=1400%2C800&ssl=1 4x"},"classes":[]},{"id":4334,"url":"https:\/\/oui-oui.es\/blog\/en-el-huerto-de-florette\/","url_meta":{"origin":4826,"position":3},"title":"En el huerto de Florette","author":"Mar\u00eda \u2665Oui Oui\u2665","date":"23 mayo, 2016","format":false,"excerpt":"Me encanta conocer el proceso y las tripas de c\u00f3mo se producen las cosas, antes de dejar el banco tuve la oportunidad (\u00a1gracias Morgan Stanley!) de visitar Inditex y Pescanova y fue una gran experiencia, as\u00ed que cuando desde Florette me invitaron a conocer su huerto y la f\u00e1brica en\u2026","rel":"","context":"En \u00abESTILO DE VIDA\u00bb","block_context":{"text":"ESTILO DE VIDA","link":"https:\/\/oui-oui.es\/blog\/category\/lifestyle-2\/"},"img":{"alt_text":"","src":"https:\/\/i0.wp.com\/oui-oui.es\/blog\/wp-content\/uploads\/2016\/05\/Oui-Oui-viaje-florette-huerto-florette-cojin-tractor.jpg?resize=350%2C200&ssl=1","width":350,"height":200,"srcset":"https:\/\/i0.wp.com\/oui-oui.es\/blog\/wp-content\/uploads\/2016\/05\/Oui-Oui-viaje-florette-huerto-florette-cojin-tractor.jpg?resize=350%2C200&ssl=1 1x, https:\/\/i0.wp.com\/oui-oui.es\/blog\/wp-content\/uploads\/2016\/05\/Oui-Oui-viaje-florette-huerto-florette-cojin-tractor.jpg?resize=525%2C300&ssl=1 1.5x, https:\/\/i0.wp.com\/oui-oui.es\/blog\/wp-content\/uploads\/2016\/05\/Oui-Oui-viaje-florette-huerto-florette-cojin-tractor.jpg?resize=700%2C400&ssl=1 2x, https:\/\/i0.wp.com\/oui-oui.es\/blog\/wp-content\/uploads\/2016\/05\/Oui-Oui-viaje-florette-huerto-florette-cojin-tractor.jpg?resize=1050%2C600&ssl=1 3x, https:\/\/i0.wp.com\/oui-oui.es\/blog\/wp-content\/uploads\/2016\/05\/Oui-Oui-viaje-florette-huerto-florette-cojin-tractor.jpg?resize=1400%2C800&ssl=1 4x"},"classes":[]},{"id":3857,"url":"https:\/\/oui-oui.es\/blog\/como-afrontar-la-llegada-de-un-segundo-hermano\/","url_meta":{"origin":4826,"position":4},"title":"C\u00f3mo afrontar la llegada de un segundo hermano","author":"Mar\u00eda \u2665Oui Oui\u2665","date":"7 diciembre, 2015","format":false,"excerpt":"Hace unas semanas acud\u00ed a un clase sobre c\u00f3mo gestionar la llegada de un segundo hermano y no qued\u00e9 muy contenta. Cuando se despu\u00e9s se lo coment\u00e9 a amigas que tienen dos y tres hijos me dec\u00edan que era una tonter\u00eda, que las hubiese preguntado a ellas...En eso no estoy\u2026","rel":"","context":"En \u00abMATERNIDAD\u00bb","block_context":{"text":"MATERNIDAD","link":"https:\/\/oui-oui.es\/blog\/category\/maternidad\/"},"img":{"alt_text":"","src":"https:\/\/i0.wp.com\/oui-oui.es\/blog\/wp-content\/uploads\/2015\/12\/Oui-Oui-como-afrontar-llegada-segundo-hermano.jpg?resize=350%2C200&ssl=1","width":350,"height":200,"srcset":"https:\/\/i0.wp.com\/oui-oui.es\/blog\/wp-content\/uploads\/2015\/12\/Oui-Oui-como-afrontar-llegada-segundo-hermano.jpg?resize=350%2C200&ssl=1 1x, https:\/\/i0.wp.com\/oui-oui.es\/blog\/wp-content\/uploads\/2015\/12\/Oui-Oui-como-afrontar-llegada-segundo-hermano.jpg?resize=525%2C300&ssl=1 1.5x, https:\/\/i0.wp.com\/oui-oui.es\/blog\/wp-content\/uploads\/2015\/12\/Oui-Oui-como-afrontar-llegada-segundo-hermano.jpg?resize=700%2C400&ssl=1 2x"},"classes":[]},{"id":3698,"url":"https:\/\/oui-oui.es\/blog\/nos-vamos-a-paris\/","url_meta":{"origin":4826,"position":5},"title":"Nos vamos a Par\u00eds!","author":"Mar\u00eda \u2665Oui Oui\u2665","date":"5 noviembre, 2015","format":false,"excerpt":"Si, con el post del \u00faltimo viaje a Par\u00eds a\u00fan pendiente, me vuelvo a Par\u00eds unos d\u00edas, as\u00ed que no hay excusa y la semana que viene os contar\u00e9 un mont\u00f3n de cosas \u00a1sin falta!. Al haber ido varias veces, puedo permitirme ir a ver cosas diferentes,\u00a0 os dejo con\u2026","rel":"","context":"En \u00abESTILO DE VIDA\u00bb","block_context":{"text":"ESTILO DE VIDA","link":"https:\/\/oui-oui.es\/blog\/category\/lifestyle-2\/"},"img":{"alt_text":"","src":"https:\/\/i0.wp.com\/oui-oui.es\/blog\/wp-content\/uploads\/2015\/11\/Oui-Oui-piscina-hotel-bristol-paris.jpg?resize=350%2C200&ssl=1","width":350,"height":200,"srcset":"https:\/\/i0.wp.com\/oui-oui.es\/blog\/wp-content\/uploads\/2015\/11\/Oui-Oui-piscina-hotel-bristol-paris.jpg?resize=350%2C200&ssl=1 1x, https:\/\/i0.wp.com\/oui-oui.es\/blog\/wp-content\/uploads\/2015\/11\/Oui-Oui-piscina-hotel-bristol-paris.jpg?resize=525%2C300&ssl=1 1.5x, https:\/\/i0.wp.com\/oui-oui.es\/blog\/wp-content\/uploads\/2015\/11\/Oui-Oui-piscina-hotel-bristol-paris.jpg?resize=700%2C400&ssl=1 2x, https:\/\/i0.wp.com\/oui-oui.es\/blog\/wp-content\/uploads\/2015\/11\/Oui-Oui-piscina-hotel-bristol-paris.jpg?resize=1050%2C600&ssl=1 3x"},"classes":[]}],"_links":{"self":[{"href":"https:\/\/oui-oui.es\/blog\/wp-json\/wp\/v2\/posts\/4826","targetHints":{"allow":["GET"]}}],"collection":[{"href":"https:\/\/oui-oui.es\/blog\/wp-json\/wp\/v2\/posts"}],"about":[{"href":"https:\/\/oui-oui.es\/blog\/wp-json\/wp\/v2\/types\/post"}],"author":[{"embeddable":true,"href":"https:\/\/oui-oui.es\/blog\/wp-json\/wp\/v2\/users\/1"}],"replies":[{"embeddable":true,"href":"https:\/\/oui-oui.es\/blog\/wp-json\/wp\/v2\/comments?post=4826"}],"version-history":[{"count":2,"href":"https:\/\/oui-oui.es\/blog\/wp-json\/wp\/v2\/posts\/4826\/revisions"}],"predecessor-version":[{"id":4835,"href":"https:\/\/oui-oui.es\/blog\/wp-json\/wp\/v2\/posts\/4826\/revisions\/4835"}],"wp:featuredmedia":[{"embeddable":true,"href":"https:\/\/oui-oui.es\/blog\/wp-json\/wp\/v2\/media\/4829"}],"wp:attachment":[{"href":"https:\/\/oui-oui.es\/blog\/wp-json\/wp\/v2\/media?parent=4826"}],"wp:term":[{"taxonomy":"category","embeddable":true,"href":"https:\/\/oui-oui.es\/blog\/wp-json\/wp\/v2\/categories?post=4826"},{"taxonomy":"post_tag","embeddable":true,"href":"https:\/\/oui-oui.es\/blog\/wp-json\/wp\/v2\/tags?post=4826"}],"curies":[{"name":"wp","href":"https:\/\/api.w.org\/{rel}","templated":true}]}}