{"id":4837,"date":"2016-10-31T00:01:55","date_gmt":"2016-10-30T22:01:55","guid":{"rendered":"https:\/\/oui-oui.es\/blog\/?p=4837"},"modified":"2016-10-28T14:57:31","modified_gmt":"2016-10-28T12:57:31","slug":"la-seleccion-de-barricas-de-azpilicueta","status":"publish","type":"post","link":"https:\/\/oui-oui.es\/blog\/la-seleccion-de-barricas-de-azpilicueta\/","title":{"rendered":"La selecci\u00f3n de barricas de Azpilicueta"},"content":{"rendered":"<p><img loading=\"lazy\" decoding=\"async\" class=\"aligncenter size-large wp-image-4847\" src=\"https:\/\/oui-oui.es\/blog\/wp-content\/uploads\/2016\/10\/Oui-Oui-azpilicueta-seleccion-barricas-toneleria-vino-y-madera-elena-adell-9-1024x496.jpg\" alt=\"oui-oui-azpilicueta-seleccion-barricas-toneleria-vino-y-madera-elena-adell-9\" width=\"1024\" height=\"496\" srcset=\"https:\/\/oui-oui.es\/blog\/wp-content\/uploads\/2016\/10\/Oui-Oui-azpilicueta-seleccion-barricas-toneleria-vino-y-madera-elena-adell-9-1024x496.jpg 1024w, https:\/\/oui-oui.es\/blog\/wp-content\/uploads\/2016\/10\/Oui-Oui-azpilicueta-seleccion-barricas-toneleria-vino-y-madera-elena-adell-9-300x145.jpg 300w, https:\/\/oui-oui.es\/blog\/wp-content\/uploads\/2016\/10\/Oui-Oui-azpilicueta-seleccion-barricas-toneleria-vino-y-madera-elena-adell-9-768x372.jpg 768w, https:\/\/oui-oui.es\/blog\/wp-content\/uploads\/2016\/10\/Oui-Oui-azpilicueta-seleccion-barricas-toneleria-vino-y-madera-elena-adell-9-600x291.jpg 600w\" sizes=\"auto, (max-width: 1024px) 100vw, 1024px\" \/><\/p>\n<p>\u00bfSe puede conocer una marca de vinos con un plan distinto a la t\u00edpica cata y aperitivo en la bodega?.<\/p>\n<p>S\u00ed, se puede, y as\u00ed nos lo demostr\u00f3 <a href=\"http:\/\/www.azpilicueta.com\/\" target=\"_blank\"><strong>Azpilicueta<\/strong><\/a> la semana pasada, cuando nos invit\u00f3 a un peque\u00f1o grupo de <em>bloggers<\/em> y medios a conocer de primera mano su forma de elaborar el vino.<\/p>\n<p>Pasamos 24h dentro del mundo del vino, comenzando con una cena maridaje que compartimos con <strong>Elena Adell<\/strong>, la en\u00f3loga de <a href=\"http:\/\/www.azpilicueta.com\/\" target=\"_blank\"><strong>Azpilicueta<\/strong><\/a> y de esas personas especiales que no te cansas de escuchar, por su inquietud y porque constantemente te transmite la pasi\u00f3n que siente por lo que cuenta, por eso la cena fue genial, nada aburrida (reconozco que el <em>momento sumille<\/em>r muchas veces da pereza) y en la que aprend\u00ed varias cosas:<\/p>\n<p><strong> 1)<\/strong> El vino blanco va fant\u00e1stico con los quesos<\/p>\n<p><strong> 2)<\/strong> Pude apreciar un maridaje en el que, de verdad, notas c\u00f3mo un vino rosado le aporta a un plato graso (como la panceta).<\/p>\n<p><strong>3)<\/strong> Lo m\u00e1s importante, un buen vino es aqu\u00e9l que te gusta, no tiene por qu\u00e9 ser Reserva, en mi caso me gustan m\u00e1s los vinos j\u00f3venes, o como mucho Crianza.<\/p>\n<p><img loading=\"lazy\" decoding=\"async\" class=\"aligncenter size-large wp-image-4848\" src=\"https:\/\/oui-oui.es\/blog\/wp-content\/uploads\/2016\/10\/Oui-Oui-azpilicueta-seleccion-barricas-toneleria-vino-y-madera-elena-adell-10-1024x683.jpg\" alt=\"oui-oui-azpilicueta-seleccion-barricas-toneleria-vino-y-madera-elena-adell-10\" width=\"1024\" height=\"683\" srcset=\"https:\/\/oui-oui.es\/blog\/wp-content\/uploads\/2016\/10\/Oui-Oui-azpilicueta-seleccion-barricas-toneleria-vino-y-madera-elena-adell-10-1024x683.jpg 1024w, https:\/\/oui-oui.es\/blog\/wp-content\/uploads\/2016\/10\/Oui-Oui-azpilicueta-seleccion-barricas-toneleria-vino-y-madera-elena-adell-10-300x200.jpg 300w, https:\/\/oui-oui.es\/blog\/wp-content\/uploads\/2016\/10\/Oui-Oui-azpilicueta-seleccion-barricas-toneleria-vino-y-madera-elena-adell-10-768x512.jpg 768w, https:\/\/oui-oui.es\/blog\/wp-content\/uploads\/2016\/10\/Oui-Oui-azpilicueta-seleccion-barricas-toneleria-vino-y-madera-elena-adell-10-600x400.jpg 600w\" sizes=\"auto, (max-width: 1024px) 100vw, 1024px\" \/><\/p>\n<p>Pasamos la noche en el <a href=\"https:\/\/www.hotelviura.com\/\" target=\"_blank\"><strong>Hotel Viura<\/strong><\/a>, muy recomendable si vas a visitar la zona (Rioja Alavesa) y con un desayuno incre\u00edble (la cena tambi\u00e9n).<\/p>\n<p><img loading=\"lazy\" decoding=\"async\" class=\"aligncenter size-large wp-image-4838\" src=\"https:\/\/oui-oui.es\/blog\/wp-content\/uploads\/2016\/10\/Oui-Oui-azpilicueta-seleccion-barricas-hotel-viura-1024x512.jpg\" alt=\"oui-oui-azpilicueta-seleccion-barricas-hotel-viura\" width=\"1024\" height=\"512\" srcset=\"https:\/\/oui-oui.es\/blog\/wp-content\/uploads\/2016\/10\/Oui-Oui-azpilicueta-seleccion-barricas-hotel-viura-1024x512.jpg 1024w, https:\/\/oui-oui.es\/blog\/wp-content\/uploads\/2016\/10\/Oui-Oui-azpilicueta-seleccion-barricas-hotel-viura-300x150.jpg 300w, https:\/\/oui-oui.es\/blog\/wp-content\/uploads\/2016\/10\/Oui-Oui-azpilicueta-seleccion-barricas-hotel-viura-768x384.jpg 768w, https:\/\/oui-oui.es\/blog\/wp-content\/uploads\/2016\/10\/Oui-Oui-azpilicueta-seleccion-barricas-hotel-viura-600x300.jpg 600w, https:\/\/oui-oui.es\/blog\/wp-content\/uploads\/2016\/10\/Oui-Oui-azpilicueta-seleccion-barricas-hotel-viura.jpg 1600w\" sizes=\"auto, (max-width: 1024px) 100vw, 1024px\" \/><\/p>\n<p>Y al d\u00eda siguiente, bastante pronto (no consigo poder dormir ni en este tipo de viajes!) pusimos rumbo a la <a href=\"http:\/\/www.toneleriagangutia.com\/\" target=\"_blank\"><strong>Toneler\u00eda Gangutia<\/strong><\/a>, una empresa familiar que lleva fabricando toneles desde el S.XIX en la que la propietaria nos fascin\u00f3 al <strong>descubrirnos el mundo que hay detr\u00e1s de una barrica<\/strong>, desde la selecci\u00f3n de la madera en origen (Azpilicueta es de las pocas bodegas que <strong>compran directamente la madera en el bosque<\/strong>, sin intermediarios, seleccionando de forma expresa una parte u otra de un bosque o un bosque u otro seg\u00fan el toque que quieran darle al vino), un <strong>proceso pr\u00e1cticamente artesanal<\/strong> que es fascinante conocer, cada vino demanda una determinada barrica, con una madera concreta, un secado, un tostado y hasta un n\u00famero de bielas, etc&#8230;<\/p>\n<p><img loading=\"lazy\" decoding=\"async\" class=\"aligncenter size-large wp-image-4844\" src=\"https:\/\/oui-oui.es\/blog\/wp-content\/uploads\/2016\/10\/Oui-Oui-azpilicueta-seleccion-barricas-toneleria-vino-y-madera-elena-adell-6-1024x683.jpg\" alt=\"oui-oui-azpilicueta-seleccion-barricas-toneleria-vino-y-madera-elena-adell-6\" width=\"1024\" height=\"683\" srcset=\"https:\/\/oui-oui.es\/blog\/wp-content\/uploads\/2016\/10\/Oui-Oui-azpilicueta-seleccion-barricas-toneleria-vino-y-madera-elena-adell-6-1024x683.jpg 1024w, https:\/\/oui-oui.es\/blog\/wp-content\/uploads\/2016\/10\/Oui-Oui-azpilicueta-seleccion-barricas-toneleria-vino-y-madera-elena-adell-6-300x200.jpg 300w, https:\/\/oui-oui.es\/blog\/wp-content\/uploads\/2016\/10\/Oui-Oui-azpilicueta-seleccion-barricas-toneleria-vino-y-madera-elena-adell-6-768x512.jpg 768w, https:\/\/oui-oui.es\/blog\/wp-content\/uploads\/2016\/10\/Oui-Oui-azpilicueta-seleccion-barricas-toneleria-vino-y-madera-elena-adell-6-600x400.jpg 600w\" sizes=\"auto, (max-width: 1024px) 100vw, 1024px\" \/><\/p>\n<p>Despu\u00e9s de la visita tan interesante a la <strong>toneler\u00eda<\/strong> (El de tonelero es un oficio reconocido por la UNESCO como Patrimonio Cultural Inmaterial. Muy arraigado en La Rioja y que ha ayudado hist\u00f3ricamente a enriquecer la personalidad de los vinos) y en todo momento acompa\u00f1ados por la en\u00f3loga <strong>Elena Adell<\/strong>,\u00a1un privilegio! , <strong>tuvimos la oportunidad de hacer nuestro propio vino<\/strong>, Elena nos gui\u00f3 por los pasos de cata necesarios y es incre\u00edble ver c\u00f3mo podemos apreciar la diferencia de un vino al otro cambiando nosostros mismos los porcentajes de tipo de uva (que a su vez cada tipo de uva hab\u00eda estado un tiempo \u00abx\u00bb en una barrica \u00aby\u00bb), ahora tengo en casa mi propio vino <strong>Azpilicueta<\/strong> y ya estoy buscando el momento especial para disfrutarlo \ud83d\ude09<\/p>\n<style>.eic-frame-4849 { width: 500px; height:500px; background-color: #444444; border: 1px solid #444444; }.eic-frame-4849 .eic-image { border: 1px solid #444444; }<\/style><div class=\"eic-container\"><div class=\"eic-frame eic-frame-4849 eic-frame-2-row-bottom-2-col\" data-layout-name=\"2-row-bottom-2-col\" data-orig-width=\"500\" data-orig-border=\"1\" data-ratio=\"1\"><div class=\"eic-rows\"><div class=\"eic-row eic-child-1\" style=\"top: 0; left: 0; right: 0; bottom: 50%; height: 50%;\"><div class=\"eic-image eic-image-0\" data-size-x=\"500\" data-size-y=\"333.25\" data-pos-x=\"-4\" data-pos-y=\"-61\"><img decoding=\"async\" src=\"https:\/\/oui-oui.es\/blog\/wp-content\/uploads\/2016\/10\/Oui-Oui-azpilicueta-seleccion-barricas-toneleria-vino-y-madera-elena-adell-7-600x400.jpg\" style=\"width: 500px !important;height: 333px !important;max-width: none !important;max-height: none !important;position: absolute !important;left: -4px !important;top: -61px !important;padding: 0 !important;margin: 0 !important;border: none !important;\" title=\"oui-oui-azpilicueta-seleccion-barricas-toneleria-vino-y-madera-elena-adell-7\" alt=\"oui-oui-azpilicueta-seleccion-barricas-toneleria-vino-y-madera-elena-adell-7\" \/><\/div><\/div><div class=\"eic-row eic-child-2\" style=\"bottom: 0; left: 0; right: 0; top: 50%; height: 50%;\"><div class=\"eic-cols\"><div class=\"eic-col eic-child-1\" style=\"top: 0; bottom: 0; left: 0; right: 50%; width: 50%;\"><div class=\"eic-image eic-image-1\" data-size-x=\"376.5360735843633\" data-size-y=\"251\" data-pos-x=\"-62.76803679218165\" data-pos-y=\"0\"><img decoding=\"async\" src=\"https:\/\/oui-oui.es\/blog\/wp-content\/uploads\/2016\/10\/Oui-Oui-azpilicueta-seleccion-barricas-toneleria-vino-y-madera-elena-adell-1-600x400.jpg\" style=\"width: 376px !important;height: 251px !important;max-width: none !important;max-height: none !important;position: absolute !important;left: -62.76803679218165px !important;top: 0px !important;padding: 0 !important;margin: 0 !important;border: none !important;\" title=\"oui-oui-azpilicueta-seleccion-barricas-toneleria-vino-y-madera-elena-adell-1\" alt=\"oui-oui-azpilicueta-seleccion-barricas-toneleria-vino-y-madera-elena-adell-1\" \/><\/div><\/div><div class=\"eic-col eic-child-2\" style=\"top: 0; bottom: 0; right: 0; left: 50%; width: 50%;\"><div class=\"eic-image eic-image-2\" data-size-x=\"376.5\" data-size-y=\"251\" data-pos-x=\"-62.75\" data-pos-y=\"0\"><img decoding=\"async\" src=\"https:\/\/oui-oui.es\/blog\/wp-content\/uploads\/2016\/10\/Oui-Oui-azpilicueta-seleccion-barricas-toneleria-vino-y-madera-elena-adell-5-600x400.jpg\" style=\"width: 376px !important;height: 251px !important;max-width: none !important;max-height: none !important;position: absolute !important;left: -62.75px !important;top: 0px !important;padding: 0 !important;margin: 0 !important;border: none !important;\" title=\"oui-oui-azpilicueta-seleccion-barricas-toneleria-vino-y-madera-elena-adell-5\" alt=\"oui-oui-azpilicueta-seleccion-barricas-toneleria-vino-y-madera-elena-adell-5\" \/><\/div><\/div><\/div><\/div><\/div><\/div><\/div>\n<p><img loading=\"lazy\" decoding=\"async\" class=\"aligncenter size-large wp-image-4840\" src=\"https:\/\/oui-oui.es\/blog\/wp-content\/uploads\/2016\/10\/Oui-Oui-azpilicueta-seleccion-barricas-toneleria-vino-y-madera-elena-adell-2-1024x683.jpg\" alt=\"oui-oui-azpilicueta-seleccion-barricas-toneleria-vino-y-madera-elena-adell-2\" width=\"1024\" height=\"683\" srcset=\"https:\/\/oui-oui.es\/blog\/wp-content\/uploads\/2016\/10\/Oui-Oui-azpilicueta-seleccion-barricas-toneleria-vino-y-madera-elena-adell-2-1024x683.jpg 1024w, https:\/\/oui-oui.es\/blog\/wp-content\/uploads\/2016\/10\/Oui-Oui-azpilicueta-seleccion-barricas-toneleria-vino-y-madera-elena-adell-2-300x200.jpg 300w, https:\/\/oui-oui.es\/blog\/wp-content\/uploads\/2016\/10\/Oui-Oui-azpilicueta-seleccion-barricas-toneleria-vino-y-madera-elena-adell-2-768x512.jpg 768w, https:\/\/oui-oui.es\/blog\/wp-content\/uploads\/2016\/10\/Oui-Oui-azpilicueta-seleccion-barricas-toneleria-vino-y-madera-elena-adell-2-600x400.jpg 600w\" sizes=\"auto, (max-width: 1024px) 100vw, 1024px\" \/><\/p>\n<p><img loading=\"lazy\" decoding=\"async\" class=\"aligncenter size-large wp-image-4841\" src=\"https:\/\/oui-oui.es\/blog\/wp-content\/uploads\/2016\/10\/Oui-Oui-azpilicueta-seleccion-barricas-toneleria-vino-y-madera-elena-adell-3-1024x683.jpg\" alt=\"oui-oui-azpilicueta-seleccion-barricas-toneleria-vino-y-madera-elena-adell-3\" width=\"1024\" height=\"683\" srcset=\"https:\/\/oui-oui.es\/blog\/wp-content\/uploads\/2016\/10\/Oui-Oui-azpilicueta-seleccion-barricas-toneleria-vino-y-madera-elena-adell-3-1024x683.jpg 1024w, https:\/\/oui-oui.es\/blog\/wp-content\/uploads\/2016\/10\/Oui-Oui-azpilicueta-seleccion-barricas-toneleria-vino-y-madera-elena-adell-3-300x200.jpg 300w, https:\/\/oui-oui.es\/blog\/wp-content\/uploads\/2016\/10\/Oui-Oui-azpilicueta-seleccion-barricas-toneleria-vino-y-madera-elena-adell-3-768x512.jpg 768w, https:\/\/oui-oui.es\/blog\/wp-content\/uploads\/2016\/10\/Oui-Oui-azpilicueta-seleccion-barricas-toneleria-vino-y-madera-elena-adell-3-600x400.jpg 600w\" sizes=\"auto, (max-width: 1024px) 100vw, 1024px\" \/><\/p>\n<p>Para acabar la jornada, tuvimos la suerte de conocer en primicia y de primera mano, Su \u00faltimo vino; <strong>Selecci\u00f3n de barricas de Azpilicueta<\/strong>; una <strong>edici\u00f3n limitada de 167 barricas de roble franc\u00e9s<\/strong>, seleccionadas una a una por la en\u00f3loga, Elena Adell con el fin de ensalzar la elegancia del Tempranillo (100% tempranillo 100% roble franc\u00e9s, Crianza 2013). Un vino muy f\u00e1cil de tomar, un tinto con toques afrutados y ligeras notas especiadas que con cada sorbo nos invita al siguiente (y con un PVP muy atractivo; 9.30\u20ac).<\/p>\n<p><img loading=\"lazy\" decoding=\"async\" class=\"aligncenter size-large wp-image-4846\" src=\"https:\/\/oui-oui.es\/blog\/wp-content\/uploads\/2016\/10\/Oui-Oui-azpilicueta-seleccion-barricas-toneleria-vino-y-madera-elena-adell-8-1024x926.jpg\" alt=\"oui-oui-azpilicueta-seleccion-barricas-toneleria-vino-y-madera-elena-adell-8\" width=\"1024\" height=\"926\" srcset=\"https:\/\/oui-oui.es\/blog\/wp-content\/uploads\/2016\/10\/Oui-Oui-azpilicueta-seleccion-barricas-toneleria-vino-y-madera-elena-adell-8-1024x926.jpg 1024w, https:\/\/oui-oui.es\/blog\/wp-content\/uploads\/2016\/10\/Oui-Oui-azpilicueta-seleccion-barricas-toneleria-vino-y-madera-elena-adell-8-300x271.jpg 300w, https:\/\/oui-oui.es\/blog\/wp-content\/uploads\/2016\/10\/Oui-Oui-azpilicueta-seleccion-barricas-toneleria-vino-y-madera-elena-adell-8-768x695.jpg 768w, https:\/\/oui-oui.es\/blog\/wp-content\/uploads\/2016\/10\/Oui-Oui-azpilicueta-seleccion-barricas-toneleria-vino-y-madera-elena-adell-8-600x543.jpg 600w\" sizes=\"auto, (max-width: 1024px) 100vw, 1024px\" \/><\/p>\n<p>Sin duda esta experiencia me ha servido para valorar mucho m\u00e1s un vino, poder entender mejor su etiqueta y concentrarme m\u00e1s en los aromas y matices. la influencia de la madera en el vino es espectacular.<\/p>\n<p>El viaje fue si cabe m\u00e1s especial porque en todo momento estuvimso atendid\u00edsimos por anfitrionas, <strong>todas las personas que nos ense\u00f1aron y explicaron todo fueron mujeres<\/strong>, algo no tan habitual en el mundo del vino, y de lo que me enorgullezco especialmente, si ten\u00e9is previsto viajar a la zona de la Rioja lindando con \u00c1lava, no dud\u00e9is en intentar gestionar una visita, tanto a la toneler\u00eda como a <a href=\"http:\/\/www.azpilicueta.com\/\" target=\"_blank\"><strong>Azpilicueta<\/strong><\/a>.<\/p>\n<p>Gracias a <strong>Azpilicueta<\/strong> y en especial <strong>Elena Adell<\/strong>, a la responsable de la <strong>toneler\u00eda Gangutia<\/strong> (que no me acuerdo de tu nombre, sorry!) y a <strong>Natalia<\/strong> por este planazo!<\/p>\n","protected":false},"excerpt":{"rendered":"<p>\u00bfSe puede conocer una marca de vinos con un plan distinto a la t\u00edpica cata y aperitivo en la bodega?. S\u00ed, se puede, y as\u00ed nos lo demostr\u00f3 Azpilicueta la semana pasada, cuando nos invit\u00f3 a un peque\u00f1o grupo de bloggers y medios a conocer de primera mano su forma de elaborar el vino. Pasamos [&hellip;]<\/p>\n","protected":false},"author":1,"featured_media":4847,"comment_status":"open","ping_status":"open","sticky":false,"template":"","format":"standard","meta":{"jetpack_post_was_ever_published":false,"_jetpack_newsletter_access":"","_jetpack_dont_email_post_to_subs":false,"_jetpack_newsletter_tier_id":0,"_jetpack_memberships_contains_paywalled_content":false,"_jetpack_memberships_contains_paid_content":false,"footnotes":"","jetpack_publicize_message":"","jetpack_publicize_feature_enabled":true,"jetpack_social_post_already_shared":true,"jetpack_social_options":{"image_generator_settings":{"template":"highway","default_image_id":0,"font":"","enabled":false},"version":2}},"categories":[177],"tags":[695,632,783],"class_list":["post-4837","post","type-post","status-publish","format-standard","has-post-thumbnail","hentry","category-lifestyle-2","tag-gastro","tag-viajes","tag-vinos"],"aioseo_notices":[],"jetpack_publicize_connections":[],"jetpack_featured_media_url":"https:\/\/oui-oui.es\/blog\/wp-content\/uploads\/2016\/10\/Oui-Oui-azpilicueta-seleccion-barricas-toneleria-vino-y-madera-elena-adell-9.jpg","jetpack_sharing_enabled":true,"jetpack-related-posts":[{"id":3821,"url":"https:\/\/oui-oui.es\/blog\/cenar-con-expertos-cenas-adivina\/","url_meta":{"origin":4837,"position":0},"title":"Cenar con expertos | Cenas Adivina","author":"Mar\u00eda \u2665Oui Oui\u2665","date":"26 noviembre, 2015","format":false,"excerpt":"Conoc\u00ed a Silvia y su proyecto hace unos meses aunque no fue hasta hace unas semanas que pude acudir a una de sus interesants cenas...las Cenas Adivina \u00bfy qu\u00e9 es eso? (os preguntar\u00e9is si a\u00fan no la conoc\u00e9is), pues un nuevo proyecto, lleno de ilusi\u00f3n y, sobretodo, rodeado de gente\u2026","rel":"","context":"En \u00abESTILO DE VIDA\u00bb","block_context":{"text":"ESTILO DE VIDA","link":"https:\/\/oui-oui.es\/blog\/category\/lifestyle-2\/"},"img":{"alt_text":"","src":"https:\/\/i0.wp.com\/oui-oui.es\/blog\/wp-content\/uploads\/2015\/11\/Oui-Oui-cenas-adivina.jpg?resize=350%2C200&ssl=1","width":350,"height":200,"srcset":"https:\/\/i0.wp.com\/oui-oui.es\/blog\/wp-content\/uploads\/2015\/11\/Oui-Oui-cenas-adivina.jpg?resize=350%2C200&ssl=1 1x, https:\/\/i0.wp.com\/oui-oui.es\/blog\/wp-content\/uploads\/2015\/11\/Oui-Oui-cenas-adivina.jpg?resize=525%2C300&ssl=1 1.5x, https:\/\/i0.wp.com\/oui-oui.es\/blog\/wp-content\/uploads\/2015\/11\/Oui-Oui-cenas-adivina.jpg?resize=700%2C400&ssl=1 2x"},"classes":[]},{"id":4334,"url":"https:\/\/oui-oui.es\/blog\/en-el-huerto-de-florette\/","url_meta":{"origin":4837,"position":1},"title":"En el huerto de Florette","author":"Mar\u00eda \u2665Oui Oui\u2665","date":"23 mayo, 2016","format":false,"excerpt":"Me encanta conocer el proceso y las tripas de c\u00f3mo se producen las cosas, antes de dejar el banco tuve la oportunidad (\u00a1gracias Morgan Stanley!) de visitar Inditex y Pescanova y fue una gran experiencia, as\u00ed que cuando desde Florette me invitaron a conocer su huerto y la f\u00e1brica en\u2026","rel":"","context":"En \u00abESTILO DE VIDA\u00bb","block_context":{"text":"ESTILO DE VIDA","link":"https:\/\/oui-oui.es\/blog\/category\/lifestyle-2\/"},"img":{"alt_text":"","src":"https:\/\/i0.wp.com\/oui-oui.es\/blog\/wp-content\/uploads\/2016\/05\/Oui-Oui-viaje-florette-huerto-florette-cojin-tractor.jpg?resize=350%2C200&ssl=1","width":350,"height":200,"srcset":"https:\/\/i0.wp.com\/oui-oui.es\/blog\/wp-content\/uploads\/2016\/05\/Oui-Oui-viaje-florette-huerto-florette-cojin-tractor.jpg?resize=350%2C200&ssl=1 1x, https:\/\/i0.wp.com\/oui-oui.es\/blog\/wp-content\/uploads\/2016\/05\/Oui-Oui-viaje-florette-huerto-florette-cojin-tractor.jpg?resize=525%2C300&ssl=1 1.5x, https:\/\/i0.wp.com\/oui-oui.es\/blog\/wp-content\/uploads\/2016\/05\/Oui-Oui-viaje-florette-huerto-florette-cojin-tractor.jpg?resize=700%2C400&ssl=1 2x, https:\/\/i0.wp.com\/oui-oui.es\/blog\/wp-content\/uploads\/2016\/05\/Oui-Oui-viaje-florette-huerto-florette-cojin-tractor.jpg?resize=1050%2C600&ssl=1 3x, https:\/\/i0.wp.com\/oui-oui.es\/blog\/wp-content\/uploads\/2016\/05\/Oui-Oui-viaje-florette-huerto-florette-cojin-tractor.jpg?resize=1400%2C800&ssl=1 4x"},"classes":[]},{"id":5203,"url":"https:\/\/oui-oui.es\/blog\/10-regalos-para-padres-distintos\/","url_meta":{"origin":4837,"position":2},"title":"10 regalos para padres distintos","author":"Mar\u00eda \u2665Oui Oui\u2665","date":"15 marzo, 2017","format":false,"excerpt":"Quedan cinco d\u00edas para el D\u00eda del Padre as\u00ed que a\u00fan est\u00e1s a tiempo de sorprenderle con algo distinto a una corbata o un jersey!, aqu\u00ed van 5 propuestas que espero que os gusten! Para el pap\u00e1 gourmet Sorpr\u00e9ndele con un porr\u00f3n, si, has le\u00eddo bien, con un Porr\u00f3n Mol\u00f3n,\u2026","rel":"","context":"En \u00abA un hombre\/ novio\/ marido\/ padre\u00bb","block_context":{"text":"A un hombre\/ novio\/ marido\/ padre","link":"https:\/\/oui-oui.es\/blog\/category\/no-se-que-regalar\/a-un-hombrenoviomaridopadre\/"},"img":{"alt_text":"","src":"https:\/\/i0.wp.com\/oui-oui.es\/blog\/wp-content\/uploads\/2017\/03\/Oui-Oui-mochila-portabebes-senderismo-papa-y-bebe-en-la-monta%C3%B1a.jpg?resize=350%2C200&ssl=1","width":350,"height":200,"srcset":"https:\/\/i0.wp.com\/oui-oui.es\/blog\/wp-content\/uploads\/2017\/03\/Oui-Oui-mochila-portabebes-senderismo-papa-y-bebe-en-la-monta%C3%B1a.jpg?resize=350%2C200&ssl=1 1x, https:\/\/i0.wp.com\/oui-oui.es\/blog\/wp-content\/uploads\/2017\/03\/Oui-Oui-mochila-portabebes-senderismo-papa-y-bebe-en-la-monta%C3%B1a.jpg?resize=525%2C300&ssl=1 1.5x"},"classes":[]},{"id":9554,"url":"https:\/\/oui-oui.es\/blog\/net-a-emprender\/","url_meta":{"origin":4837,"position":3},"title":"Net \u00e0 Emprender","author":"Mar\u00eda \u2665Oui Oui\u2665","date":"14 enero, 2019","format":false,"excerpt":"En muchas de las sesiones de mentoring, surge la misma pregunta \u00bfc\u00f3mo hago para darme a conocer personalmente para que me inviten a eventos y para conectar con otros emprendedores con los que hacer colaboraciones y crear sinergias?. Y la respuesta no es f\u00e1cil, porque es el conjunto de muchas\u2026","rel":"","context":"En \u00abEMPRENDEDORAS\u00bb","block_context":{"text":"EMPRENDEDORAS","link":"https:\/\/oui-oui.es\/blog\/category\/mentoring-emprendedores\/"},"img":{"alt_text":"","src":"https:\/\/i0.wp.com\/oui-oui.es\/blog\/wp-content\/uploads\/2019\/01\/Oui-Oui-net-a-emprender-mentoring-emprendedores-mentoring-oui-oui-espacio-la-galerie-ten-cook.jpg?resize=350%2C200&ssl=1","width":350,"height":200,"srcset":"https:\/\/i0.wp.com\/oui-oui.es\/blog\/wp-content\/uploads\/2019\/01\/Oui-Oui-net-a-emprender-mentoring-emprendedores-mentoring-oui-oui-espacio-la-galerie-ten-cook.jpg?resize=350%2C200&ssl=1 1x, https:\/\/i0.wp.com\/oui-oui.es\/blog\/wp-content\/uploads\/2019\/01\/Oui-Oui-net-a-emprender-mentoring-emprendedores-mentoring-oui-oui-espacio-la-galerie-ten-cook.jpg?resize=525%2C300&ssl=1 1.5x, https:\/\/i0.wp.com\/oui-oui.es\/blog\/wp-content\/uploads\/2019\/01\/Oui-Oui-net-a-emprender-mentoring-emprendedores-mentoring-oui-oui-espacio-la-galerie-ten-cook.jpg?resize=700%2C400&ssl=1 2x, https:\/\/i0.wp.com\/oui-oui.es\/blog\/wp-content\/uploads\/2019\/01\/Oui-Oui-net-a-emprender-mentoring-emprendedores-mentoring-oui-oui-espacio-la-galerie-ten-cook.jpg?resize=1050%2C600&ssl=1 3x"},"classes":[]},{"id":9138,"url":"https:\/\/oui-oui.es\/blog\/6-2-restaurantes-que-no-debes-perderte-en-el-barrio-de-las-letras\/","url_meta":{"origin":4837,"position":4},"title":"6 + 2 restaurantes que no debes perderte en el Barrio de las Letras","author":"Mar\u00eda \u2665Oui Oui\u2665","date":"13 junio, 2018","format":false,"excerpt":"Los a\u00f1os ( y los ni\u00f1os) van pesando y se notan en algunas cosas...Como en las salidas. No puedo quejarme porque yo a\u00fan salgo bastante ( de hecho hoy tengo cena con amigas...je,je), pero tras este finde de DecorAcci\u00f3n si me di cuenta que notaba el cansancio acumulado. En las\u2026","rel":"","context":"En \u00abESTILO DE VIDA\u00bb","block_context":{"text":"ESTILO DE VIDA","link":"https:\/\/oui-oui.es\/blog\/category\/lifestyle-2\/"},"img":{"alt_text":"","src":"https:\/\/i0.wp.com\/oui-oui.es\/blog\/wp-content\/uploads\/2018\/06\/Oui-Oui-restaurantes-barrio-letras-restaurante-bistronomika-cocina-creativa-huertas.jpg?resize=350%2C200&ssl=1","width":350,"height":200,"srcset":"https:\/\/i0.wp.com\/oui-oui.es\/blog\/wp-content\/uploads\/2018\/06\/Oui-Oui-restaurantes-barrio-letras-restaurante-bistronomika-cocina-creativa-huertas.jpg?resize=350%2C200&ssl=1 1x, https:\/\/i0.wp.com\/oui-oui.es\/blog\/wp-content\/uploads\/2018\/06\/Oui-Oui-restaurantes-barrio-letras-restaurante-bistronomika-cocina-creativa-huertas.jpg?resize=525%2C300&ssl=1 1.5x, https:\/\/i0.wp.com\/oui-oui.es\/blog\/wp-content\/uploads\/2018\/06\/Oui-Oui-restaurantes-barrio-letras-restaurante-bistronomika-cocina-creativa-huertas.jpg?resize=700%2C400&ssl=1 2x"},"classes":[]},{"id":8834,"url":"https:\/\/oui-oui.es\/blog\/un-dia-especial-de-una-cena-un-libro-y-una-peli\/","url_meta":{"origin":4837,"position":5},"title":"Un d\u00eda especial, de una cena, un libro y una peli","author":"Mar\u00eda \u2665Oui Oui\u2665","date":"5 febrero, 2018","format":false,"excerpt":"Desde peque\u00f1a mi madre siempre me dec\u00eda \"las cosas pasan por algo\" y lo cierto es que ese mensaje cal\u00f3 en m\u00ed y es parte de mi forma de ver la vida; da todo lo que puedas de t\u00ed, f\u00f3rmate,trabaja duro y persigue tus objetivos, pero hay veces, muchas, en\u2026","rel":"","context":"En \u00abESTILO DE VIDA\u00bb","block_context":{"text":"ESTILO DE VIDA","link":"https:\/\/oui-oui.es\/blog\/category\/lifestyle-2\/"},"img":{"alt_text":"","src":"https:\/\/i0.wp.com\/oui-oui.es\/blog\/wp-content\/uploads\/2018\/02\/Oui-Oui-Anne-Dauphine-Julliand-ganar-al-viento-pelicula-felicidad-ni%C3%B1os-enfermos.jpg?resize=350%2C200&ssl=1","width":350,"height":200,"srcset":"https:\/\/i0.wp.com\/oui-oui.es\/blog\/wp-content\/uploads\/2018\/02\/Oui-Oui-Anne-Dauphine-Julliand-ganar-al-viento-pelicula-felicidad-ni%C3%B1os-enfermos.jpg?resize=350%2C200&ssl=1 1x, https:\/\/i0.wp.com\/oui-oui.es\/blog\/wp-content\/uploads\/2018\/02\/Oui-Oui-Anne-Dauphine-Julliand-ganar-al-viento-pelicula-felicidad-ni%C3%B1os-enfermos.jpg?resize=525%2C300&ssl=1 1.5x, https:\/\/i0.wp.com\/oui-oui.es\/blog\/wp-content\/uploads\/2018\/02\/Oui-Oui-Anne-Dauphine-Julliand-ganar-al-viento-pelicula-felicidad-ni%C3%B1os-enfermos.jpg?resize=700%2C400&ssl=1 2x"},"classes":[]}],"_links":{"self":[{"href":"https:\/\/oui-oui.es\/blog\/wp-json\/wp\/v2\/posts\/4837","targetHints":{"allow":["GET"]}}],"collection":[{"href":"https:\/\/oui-oui.es\/blog\/wp-json\/wp\/v2\/posts"}],"about":[{"href":"https:\/\/oui-oui.es\/blog\/wp-json\/wp\/v2\/types\/post"}],"author":[{"embeddable":true,"href":"https:\/\/oui-oui.es\/blog\/wp-json\/wp\/v2\/users\/1"}],"replies":[{"embeddable":true,"href":"https:\/\/oui-oui.es\/blog\/wp-json\/wp\/v2\/comments?post=4837"}],"version-history":[{"count":1,"href":"https:\/\/oui-oui.es\/blog\/wp-json\/wp\/v2\/posts\/4837\/revisions"}],"predecessor-version":[{"id":4850,"href":"https:\/\/oui-oui.es\/blog\/wp-json\/wp\/v2\/posts\/4837\/revisions\/4850"}],"wp:featuredmedia":[{"embeddable":true,"href":"https:\/\/oui-oui.es\/blog\/wp-json\/wp\/v2\/media\/4847"}],"wp:attachment":[{"href":"https:\/\/oui-oui.es\/blog\/wp-json\/wp\/v2\/media?parent=4837"}],"wp:term":[{"taxonomy":"category","embeddable":true,"href":"https:\/\/oui-oui.es\/blog\/wp-json\/wp\/v2\/categories?post=4837"},{"taxonomy":"post_tag","embeddable":true,"href":"https:\/\/oui-oui.es\/blog\/wp-json\/wp\/v2\/tags?post=4837"}],"curies":[{"name":"wp","href":"https:\/\/api.w.org\/{rel}","templated":true}]}}