{"id":5055,"date":"2017-01-25T00:01:55","date_gmt":"2017-01-24T22:01:55","guid":{"rendered":"https:\/\/oui-oui.es\/blog\/?p=5055"},"modified":"2017-01-23T15:50:48","modified_gmt":"2017-01-23T13:50:48","slug":"la-wishlist-del-primer-cumpleanos-de-frida","status":"publish","type":"post","link":"https:\/\/oui-oui.es\/blog\/la-wishlist-del-primer-cumpleanos-de-frida\/","title":{"rendered":"La Wishlist del primer cumplea\u00f1os de Frida"},"content":{"rendered":"<p>Quedan dos semanas para que <strong>Frida cumpla un a\u00f1o<\/strong>, es un t\u00f3pico pero ha pasado volando y aqu\u00ed estoy rompi\u00e9ndome la cabeza para ver qu\u00e9 le regalamos, porque <strong>quiero que tenga algo especial de recuerdo<\/strong>, y a la vez me parece que ya tiene de todo con los juguetes de Mart\u00edn, aunque sean heredados est\u00e1n nuevos y no me apetece acumular m\u00e1s cosas&#8230;Eso unido a que las cosas que va necesitando ya se las hemos comprado (lo \u00faltimo el <strong><a href=\"http:\/\/www.oui-oui.es\/detalles-decoracion-ninos-habitacion-pinterest\/1263-bol-aprendizaje-num-num.html\" target=\"_blank\">bol de aprendizaje para comer<\/a> y las <a href=\"http:\/\/www.oui-oui.es\/detalles-decoracion-ninos-habitacion-pinterest\/1241-precucharas-bebe.html\" target=\"_blank\">pre chucharas<\/a><\/strong>&#8230;Tengo que hacer otro post sobre eso porque \u00a1est\u00e1 encantada y son s\u00faper \u00fatiles).<\/p>\n<p>Por supuesto siempre est\u00e1 la ropa pero las marcas espa\u00f1olas \u00a1a\u00fan no han lanzado sus colecciones de primavera!, as\u00ed que eso lo dejar\u00e9 para un poco m\u00e1s adelante.Eso s\u00ed, tengo este <strong>jerseicito mint<\/strong> de <a href=\"https:\/\/www.instagram.com\/upbylola\/\" target=\"_blank\"><strong>Up by Lola<\/strong><\/a> guardado en la retina, pensando a\u00fan el conjunto \ud83d\ude09<\/p>\n<p><img loading=\"lazy\" decoding=\"async\" class=\"aligncenter size-full wp-image-5063\" src=\"https:\/\/oui-oui.es\/blog\/wp-content\/uploads\/2017\/01\/Oui-Oui-wishlist-Frida-jersey-mint-up-by-lola.jpg\" alt=\"\" width=\"475\" height=\"594\" srcset=\"https:\/\/oui-oui.es\/blog\/wp-content\/uploads\/2017\/01\/Oui-Oui-wishlist-Frida-jersey-mint-up-by-lola.jpg 475w, https:\/\/oui-oui.es\/blog\/wp-content\/uploads\/2017\/01\/Oui-Oui-wishlist-Frida-jersey-mint-up-by-lola-240x300.jpg 240w, https:\/\/oui-oui.es\/blog\/wp-content\/uploads\/2017\/01\/Oui-Oui-wishlist-Frida-jersey-mint-up-by-lola-300x375.jpg 300w\" sizes=\"auto, (max-width: 475px) 100vw, 475px\" \/><\/p>\n<p>Uno de los regalos que tuve claro que le har\u00eda alg\u00fan d\u00eda a Frida seg\u00fan lo vi fue el <strong>set de vajilla para ni\u00f1os de <a href=\"http:\/\/somosbonjour.es\/\" target=\"_blank\">Somos Bonjour<\/a><\/strong>, aunque me esperar\u00e9 al siguiente cumplea\u00f1os para que no lo rompa.<\/p>\n<p><img loading=\"lazy\" decoding=\"async\" class=\"aligncenter size-full wp-image-5056\" src=\"https:\/\/oui-oui.es\/blog\/wp-content\/uploads\/2017\/01\/Oui-Oui-whislist-Frida-vajilla-ni\u00f1o-gatito-rosa-somos-bonjour.jpg\" alt=\"\" width=\"1000\" height=\"668\" srcset=\"https:\/\/oui-oui.es\/blog\/wp-content\/uploads\/2017\/01\/Oui-Oui-whislist-Frida-vajilla-ni\u00f1o-gatito-rosa-somos-bonjour.jpg 1000w, https:\/\/oui-oui.es\/blog\/wp-content\/uploads\/2017\/01\/Oui-Oui-whislist-Frida-vajilla-ni\u00f1o-gatito-rosa-somos-bonjour-300x200.jpg 300w, https:\/\/oui-oui.es\/blog\/wp-content\/uploads\/2017\/01\/Oui-Oui-whislist-Frida-vajilla-ni\u00f1o-gatito-rosa-somos-bonjour-768x513.jpg 768w, https:\/\/oui-oui.es\/blog\/wp-content\/uploads\/2017\/01\/Oui-Oui-whislist-Frida-vajilla-ni\u00f1o-gatito-rosa-somos-bonjour-600x401.jpg 600w\" sizes=\"auto, (max-width: 1000px) 100vw, 1000px\" \/><\/p>\n<p>Tambi\u00e9n supe que en alg\u00fan momento les comprar\u00eda un <strong>cochecito de juguete de mimbre<\/strong>, as\u00ed que creo que le ha tocado a Frida \ud83d\ude09<\/p>\n<p><img loading=\"lazy\" decoding=\"async\" class=\"aligncenter size-full wp-image-5057\" src=\"https:\/\/oui-oui.es\/blog\/wp-content\/uploads\/2017\/01\/Oui-Oui-wishlist-Frida-cochecito-beb\u00e9-mimbre.jpg\" alt=\"\" width=\"564\" height=\"404\" srcset=\"https:\/\/oui-oui.es\/blog\/wp-content\/uploads\/2017\/01\/Oui-Oui-wishlist-Frida-cochecito-beb\u00e9-mimbre.jpg 564w, https:\/\/oui-oui.es\/blog\/wp-content\/uploads\/2017\/01\/Oui-Oui-wishlist-Frida-cochecito-beb\u00e9-mimbre-300x215.jpg 300w\" sizes=\"auto, (max-width: 564px) 100vw, 564px\" \/><\/p>\n<p>Los <strong>zapatitos de <a href=\"https:\/\/hubbleandduke.com.au\/collections\/footwear\" target=\"_blank\">Hubble &amp; Duke<\/a><\/strong> me hacen ojitos<\/p>\n<p><img loading=\"lazy\" decoding=\"async\" class=\"aligncenter size-large wp-image-5062\" src=\"https:\/\/oui-oui.es\/blog\/wp-content\/uploads\/2017\/01\/Oui-Oui-wishlist-FRida-zapatos-Hubble-and-Duke-1024x748.jpg\" alt=\"\" width=\"1024\" height=\"748\" srcset=\"https:\/\/oui-oui.es\/blog\/wp-content\/uploads\/2017\/01\/Oui-Oui-wishlist-FRida-zapatos-Hubble-and-Duke-1024x748.jpg 1024w, https:\/\/oui-oui.es\/blog\/wp-content\/uploads\/2017\/01\/Oui-Oui-wishlist-FRida-zapatos-Hubble-and-Duke-300x219.jpg 300w, https:\/\/oui-oui.es\/blog\/wp-content\/uploads\/2017\/01\/Oui-Oui-wishlist-FRida-zapatos-Hubble-and-Duke-768x561.jpg 768w, https:\/\/oui-oui.es\/blog\/wp-content\/uploads\/2017\/01\/Oui-Oui-wishlist-FRida-zapatos-Hubble-and-Duke-600x438.jpg 600w, https:\/\/oui-oui.es\/blog\/wp-content\/uploads\/2017\/01\/Oui-Oui-wishlist-FRida-zapatos-Hubble-and-Duke.jpg 1125w\" sizes=\"auto, (max-width: 1024px) 100vw, 1024px\" \/><\/p>\n<p>&nbsp;<\/p>\n<p>Y, por supuesto, no puede faltar un <strong>gorrito de fiesta<\/strong>, los de <a href=\"http:\/\/shop.la-fete.nl\/product\/feesthoedje-gehaakt\" target=\"_blank\"><strong>La F\u00eate<\/strong><\/a> me chiflan, aunque no me decido por la combinaci\u00f3n de colores \ud83d\ude42<\/p>\n<p><img loading=\"lazy\" decoding=\"async\" class=\"aligncenter size-large wp-image-5061\" src=\"https:\/\/oui-oui.es\/blog\/wp-content\/uploads\/2017\/01\/Oui-Oui-wishlist-Frida-gorro-fiesta-crochet-la-f\u00eate-laf\u00e8te-party-hat-1024x1008.jpg\" alt=\"\" width=\"1024\" height=\"1008\" srcset=\"https:\/\/oui-oui.es\/blog\/wp-content\/uploads\/2017\/01\/Oui-Oui-wishlist-Frida-gorro-fiesta-crochet-la-f\u00eate-laf\u00e8te-party-hat-1024x1008.jpg 1024w, https:\/\/oui-oui.es\/blog\/wp-content\/uploads\/2017\/01\/Oui-Oui-wishlist-Frida-gorro-fiesta-crochet-la-f\u00eate-laf\u00e8te-party-hat-300x295.jpg 300w, https:\/\/oui-oui.es\/blog\/wp-content\/uploads\/2017\/01\/Oui-Oui-wishlist-Frida-gorro-fiesta-crochet-la-f\u00eate-laf\u00e8te-party-hat-768x756.jpg 768w, https:\/\/oui-oui.es\/blog\/wp-content\/uploads\/2017\/01\/Oui-Oui-wishlist-Frida-gorro-fiesta-crochet-la-f\u00eate-laf\u00e8te-party-hat-600x590.jpg 600w, https:\/\/oui-oui.es\/blog\/wp-content\/uploads\/2017\/01\/Oui-Oui-wishlist-Frida-gorro-fiesta-crochet-la-f\u00eate-laf\u00e8te-party-hat.jpg 1125w\" sizes=\"auto, (max-width: 1024px) 100vw, 1024px\" \/><\/p>\n<p>&nbsp;<\/p>\n<p>De juguetes m\u00e1s peque\u00f1os, hab\u00eda pensado en la <a href=\"http:\/\/jaisaeducativos.net\/bebes\/950-bola-pikler-doble.html\" target=\"_blank\"><strong>bola Pikler<\/strong><\/a>, me encantar\u00eda saber vuestra opini\u00f3n si alguna la tiene&#8230;No se si ya es mayor para ella, yo creo que puede seguir gust\u00e1ndole, le encantan las pelotas y los coches \ud83d\ude09<\/p>\n<p><img loading=\"lazy\" decoding=\"async\" class=\"aligncenter size-full wp-image-5058\" src=\"https:\/\/oui-oui.es\/blog\/wp-content\/uploads\/2017\/01\/Oui-Oui-wishlist-Frida-bola-Pikler-bola-natural-para-bebe.jpg\" alt=\"\" width=\"800\" height=\"707\" srcset=\"https:\/\/oui-oui.es\/blog\/wp-content\/uploads\/2017\/01\/Oui-Oui-wishlist-Frida-bola-Pikler-bola-natural-para-bebe.jpg 800w, https:\/\/oui-oui.es\/blog\/wp-content\/uploads\/2017\/01\/Oui-Oui-wishlist-Frida-bola-Pikler-bola-natural-para-bebe-300x265.jpg 300w, https:\/\/oui-oui.es\/blog\/wp-content\/uploads\/2017\/01\/Oui-Oui-wishlist-Frida-bola-Pikler-bola-natural-para-bebe-768x679.jpg 768w, https:\/\/oui-oui.es\/blog\/wp-content\/uploads\/2017\/01\/Oui-Oui-wishlist-Frida-bola-Pikler-bola-natural-para-bebe-600x530.jpg 600w\" sizes=\"auto, (max-width: 800px) 100vw, 800px\" \/><\/p>\n<p>Creo que ya estoy casi decidida por esta <a href=\"http:\/\/www.montessoriparatodos.es\/material-montessori\/26-material-montessori-hucha-de-madera-con-monedas-y-cajon.html\" target=\"_blank\"><strong>hucha con monedas <\/strong><\/a>(material Montessori, como caja de permanencia)<\/p>\n<p><img loading=\"lazy\" decoding=\"async\" class=\"aligncenter size-full wp-image-5059\" src=\"https:\/\/oui-oui.es\/blog\/wp-content\/uploads\/2017\/01\/Oui-OUi-wishlist-Frida-material-montessori-hucha-de-madera-con-monedas-y-cajon.jpg\" alt=\"\" width=\"368\" height=\"420\" srcset=\"https:\/\/oui-oui.es\/blog\/wp-content\/uploads\/2017\/01\/Oui-OUi-wishlist-Frida-material-montessori-hucha-de-madera-con-monedas-y-cajon.jpg 368w, https:\/\/oui-oui.es\/blog\/wp-content\/uploads\/2017\/01\/Oui-OUi-wishlist-Frida-material-montessori-hucha-de-madera-con-monedas-y-cajon-263x300.jpg 263w, https:\/\/oui-oui.es\/blog\/wp-content\/uploads\/2017\/01\/Oui-OUi-wishlist-Frida-material-montessori-hucha-de-madera-con-monedas-y-cajon-300x342.jpg 300w\" sizes=\"auto, (max-width: 368px) 100vw, 368px\" \/><\/p>\n<p>Y otra cosa que me apetece mucho (voy a ver si involucro a las abuelas y bisabuela para hacerle m\u00e1s &#8211; y tambi\u00e9n a Mart\u00edn-) es un <strong>cuento de fieltro<\/strong>, en <strong>Etsy<\/strong> hay maravillas, como \u00e9stas.<\/p>\n<p><img loading=\"lazy\" decoding=\"async\" class=\"aligncenter size-full wp-image-5060\" src=\"https:\/\/oui-oui.es\/blog\/wp-content\/uploads\/2017\/01\/Oui-Oui-wishlist-Frida-cuento-fieltro-libro-fieltro-montessori.jpg\" alt=\"\" width=\"875\" height=\"875\" srcset=\"https:\/\/oui-oui.es\/blog\/wp-content\/uploads\/2017\/01\/Oui-Oui-wishlist-Frida-cuento-fieltro-libro-fieltro-montessori.jpg 875w, https:\/\/oui-oui.es\/blog\/wp-content\/uploads\/2017\/01\/Oui-Oui-wishlist-Frida-cuento-fieltro-libro-fieltro-montessori-150x150.jpg 150w, https:\/\/oui-oui.es\/blog\/wp-content\/uploads\/2017\/01\/Oui-Oui-wishlist-Frida-cuento-fieltro-libro-fieltro-montessori-300x300.jpg 300w, https:\/\/oui-oui.es\/blog\/wp-content\/uploads\/2017\/01\/Oui-Oui-wishlist-Frida-cuento-fieltro-libro-fieltro-montessori-768x768.jpg 768w, https:\/\/oui-oui.es\/blog\/wp-content\/uploads\/2017\/01\/Oui-Oui-wishlist-Frida-cuento-fieltro-libro-fieltro-montessori-600x600.jpg 600w\" sizes=\"auto, (max-width: 875px) 100vw, 875px\" \/><\/p>\n<p>As\u00ed que nada, aqu\u00ed estoy terminando de <em>cerrar<\/em> los regalos para ponerme a pensar la fiesta!<\/p>\n","protected":false},"excerpt":{"rendered":"<p>Quedan dos semanas para que Frida cumpla un a\u00f1o, es un t\u00f3pico pero ha pasado volando y aqu\u00ed estoy rompi\u00e9ndome la cabeza para ver qu\u00e9 le regalamos, porque quiero que tenga algo especial de recuerdo, y a la vez me parece que ya tiene de todo con los juguetes de Mart\u00edn, aunque sean heredados est\u00e1n [&hellip;]<\/p>\n","protected":false},"author":1,"featured_media":5061,"comment_status":"open","ping_status":"open","sticky":false,"template":"","format":"standard","meta":{"jetpack_post_was_ever_published":false,"_jetpack_newsletter_access":"","_jetpack_dont_email_post_to_subs":false,"_jetpack_newsletter_tier_id":0,"_jetpack_memberships_contains_paywalled_content":false,"_jetpack_memberships_contains_paid_content":false,"footnotes":"","jetpack_publicize_message":"","jetpack_publicize_feature_enabled":true,"jetpack_social_post_already_shared":true,"jetpack_social_options":{"image_generator_settings":{"template":"highway","default_image_id":0,"font":"","enabled":false},"version":2}},"categories":[7,174,18],"tags":[700,753],"class_list":["post-5055","post","type-post","status-publish","format-standard","has-post-thumbnail","hentry","category-fiestas-celebraciones","category-ninos","category-regalos-originales-para-ninos","tag-compras-bebe","tag-wishlistfrida"],"aioseo_notices":[],"jetpack_publicize_connections":[],"jetpack_featured_media_url":"https:\/\/oui-oui.es\/blog\/wp-content\/uploads\/2017\/01\/Oui-Oui-wishlist-Frida-gorro-fiesta-crochet-la-f\u00eate-laf\u00e8te-party-hat.jpg","jetpack_sharing_enabled":true,"jetpack-related-posts":[{"id":4286,"url":"https:\/\/oui-oui.es\/blog\/un-cisne-en-la-habitacion\/","url_meta":{"origin":5055,"position":0},"title":"Un cisne en la habitaci\u00f3n","author":"Mar\u00eda \u2665Oui Oui\u2665","date":"11 mayo, 2016","format":false,"excerpt":"Hay veces que veo un producto en una feria por el mundo y, aunque tengo claro que lo quiero para Oui Oui, por h o por b se retrasa...Eso pas\u00f3 con la cabeza de cisne de fieltro, desde hace m\u00e1s de un a\u00f1o rondaba en mi cabeza y, cosas el\u2026","rel":"","context":"En \u00abNI\u00d1OS Y NI\u00d1AS\u00bb","block_context":{"text":"NI\u00d1OS Y NI\u00d1AS","link":"https:\/\/oui-oui.es\/blog\/category\/ninos\/"},"img":{"alt_text":"","src":"https:\/\/i0.wp.com\/oui-oui.es\/blog\/wp-content\/uploads\/2016\/05\/Oui-Oui-cabeza-cisne-fieltro-habitaci%C3%B3n-beb%C3%A9-pinterest-cuna-alta.jpg?resize=350%2C200&ssl=1","width":350,"height":200,"srcset":"https:\/\/i0.wp.com\/oui-oui.es\/blog\/wp-content\/uploads\/2016\/05\/Oui-Oui-cabeza-cisne-fieltro-habitaci%C3%B3n-beb%C3%A9-pinterest-cuna-alta.jpg?resize=350%2C200&ssl=1 1x, https:\/\/i0.wp.com\/oui-oui.es\/blog\/wp-content\/uploads\/2016\/05\/Oui-Oui-cabeza-cisne-fieltro-habitaci%C3%B3n-beb%C3%A9-pinterest-cuna-alta.jpg?resize=525%2C300&ssl=1 1.5x"},"classes":[]},{"id":9602,"url":"https:\/\/oui-oui.es\/blog\/el-tercer-cumple-de-frida\/","url_meta":{"origin":5055,"position":1},"title":"El tercer cumple de Frida","author":"Mar\u00eda \u2665Oui Oui\u2665","date":"12 febrero, 2019","format":false,"excerpt":"El domingo celebramos el tercer cumplea\u00f1os de Frida, cuando lo empezamos a plantear hace meses d\u00ed por hecho que estar\u00edamos en nuestra nueva casa, as\u00ed que pensando en los temas de la fiesta acabamos decidiendo que ser\u00eda \"La fiesta de la plastilina\" , ya me imaginaba mi cocina nueva llena\u2026","rel":"","context":"En \u00abFIESTAS y CELEBRACIONES\u00bb","block_context":{"text":"FIESTAS y CELEBRACIONES","link":"https:\/\/oui-oui.es\/blog\/category\/fiestas-celebraciones\/"},"img":{"alt_text":"","src":"https:\/\/i0.wp.com\/oui-oui.es\/blog\/wp-content\/uploads\/2019\/02\/Oui-Oui-cumplea%C3%B1os-infantiles-espacio-la-galerie-local-cumplea%C3%B1os-tarta-ten-cook-2.jpg?resize=350%2C200&ssl=1","width":350,"height":200,"srcset":"https:\/\/i0.wp.com\/oui-oui.es\/blog\/wp-content\/uploads\/2019\/02\/Oui-Oui-cumplea%C3%B1os-infantiles-espacio-la-galerie-local-cumplea%C3%B1os-tarta-ten-cook-2.jpg?resize=350%2C200&ssl=1 1x, https:\/\/i0.wp.com\/oui-oui.es\/blog\/wp-content\/uploads\/2019\/02\/Oui-Oui-cumplea%C3%B1os-infantiles-espacio-la-galerie-local-cumplea%C3%B1os-tarta-ten-cook-2.jpg?resize=525%2C300&ssl=1 1.5x, https:\/\/i0.wp.com\/oui-oui.es\/blog\/wp-content\/uploads\/2019\/02\/Oui-Oui-cumplea%C3%B1os-infantiles-espacio-la-galerie-local-cumplea%C3%B1os-tarta-ten-cook-2.jpg?resize=700%2C400&ssl=1 2x, https:\/\/i0.wp.com\/oui-oui.es\/blog\/wp-content\/uploads\/2019\/02\/Oui-Oui-cumplea%C3%B1os-infantiles-espacio-la-galerie-local-cumplea%C3%B1os-tarta-ten-cook-2.jpg?resize=1050%2C600&ssl=1 3x, https:\/\/i0.wp.com\/oui-oui.es\/blog\/wp-content\/uploads\/2019\/02\/Oui-Oui-cumplea%C3%B1os-infantiles-espacio-la-galerie-local-cumplea%C3%B1os-tarta-ten-cook-2.jpg?resize=1400%2C800&ssl=1 4x"},"classes":[]},{"id":3890,"url":"https:\/\/oui-oui.es\/blog\/la-iii-wishlist-de-frida\/","url_meta":{"origin":5055,"position":2},"title":"La III Wishlist de Frida!","author":"Mar\u00eda \u2665Oui Oui\u2665","date":"17 diciembre, 2015","format":false,"excerpt":"Parece que me voy animando seg\u00fan se acerca el momento y cada vez veo m\u00e1s cosas que me apetecen para ella y para su rinc\u00f3n de la habitaci\u00f3n (ahora si que siento que tengo que volver a reestructurar un poco la habitaci\u00f3n de Mart\u00edn que ser\u00e1 de los dos!), as\u00ed\u2026","rel":"","context":"En \u00abNI\u00d1OS Y NI\u00d1AS\u00bb","block_context":{"text":"NI\u00d1OS Y NI\u00d1AS","link":"https:\/\/oui-oui.es\/blog\/category\/ninos\/"},"img":{"alt_text":"","src":"https:\/\/i0.wp.com\/oui-oui.es\/blog\/wp-content\/uploads\/2015\/12\/Oui-Oui-wishlist-frida-lamina-dibujo-mrs-miguetto.jpg?resize=350%2C200&ssl=1","width":350,"height":200,"srcset":"https:\/\/i0.wp.com\/oui-oui.es\/blog\/wp-content\/uploads\/2015\/12\/Oui-Oui-wishlist-frida-lamina-dibujo-mrs-miguetto.jpg?resize=350%2C200&ssl=1 1x, https:\/\/i0.wp.com\/oui-oui.es\/blog\/wp-content\/uploads\/2015\/12\/Oui-Oui-wishlist-frida-lamina-dibujo-mrs-miguetto.jpg?resize=525%2C300&ssl=1 1.5x, https:\/\/i0.wp.com\/oui-oui.es\/blog\/wp-content\/uploads\/2015\/12\/Oui-Oui-wishlist-frida-lamina-dibujo-mrs-miguetto.jpg?resize=700%2C400&ssl=1 2x"},"classes":[]},{"id":3663,"url":"https:\/\/oui-oui.es\/blog\/la-wishlist-para-frida\/","url_meta":{"origin":5055,"position":3},"title":"La wishlist para Frida","author":"Mar\u00eda \u2665Oui Oui\u2665","date":"4 noviembre, 2015","format":false,"excerpt":"A\u00fan quedan un poco m\u00e1s de tres meses pero es ahora cuando empiezo a tener las ganas de ver y buscar cosas para Frida (as\u00ed se llamar\u00e1 la ni\u00f1a que esperamos para febrero!) as\u00ed que voy a ir recopil\u00e1ndolas en mis wishlist para que no se me olviden. Hay dos\u2026","rel":"","context":"En \u00abMATERNIDAD\u00bb","block_context":{"text":"MATERNIDAD","link":"https:\/\/oui-oui.es\/blog\/category\/maternidad\/"},"img":{"alt_text":"","src":"https:\/\/i0.wp.com\/oui-oui.es\/blog\/wp-content\/uploads\/2015\/11\/Oui-Oui-libro-frida-kahlo-ni%C3%B1os-coleccion-mujeres-cuentos-ni%C3%B1os-cuento-frida-ed-alba.jpg?resize=350%2C200&ssl=1","width":350,"height":200},"classes":[]},{"id":5462,"url":"https:\/\/oui-oui.es\/blog\/el-carrito-de-mimbre-que-estabas-buscando\/","url_meta":{"origin":5055,"position":4},"title":"El carrito de mimbre que estabas buscando!","author":"Mar\u00eda \u2665Oui Oui\u2665","date":"30 mayo, 2017","format":false,"excerpt":"Me encanta descubrir objetos para ni\u00f1os que sean especiales, que transmitan algo m\u00e1s, y cuando conoc\u00ed los carritos y las cestas de Olli Ella tuve un flechazo \u00a1los quer\u00eda para Frida y Mart\u00edn y los quer\u00eda para m\u00ed! , ya os cont\u00e9 que le regalamos a Frida por su primer\u2026","rel":"","context":"En \u00abNI\u00d1OS Y NI\u00d1AS\u00bb","block_context":{"text":"NI\u00d1OS Y NI\u00d1AS","link":"https:\/\/oui-oui.es\/blog\/category\/ninos\/"},"img":{"alt_text":"","src":"https:\/\/i0.wp.com\/oui-oui.es\/blog\/wp-content\/uploads\/2017\/05\/Oui-Oui-carrito-mimbre-cochecito-mimbre-carrito-ni%C3%B1os-mimbre-luggy-basket-NATURAL-olli-ella-carrito-compra-mimbre-natural-ni%C3%B1o-cesta-picnic.jpg?resize=350%2C200&ssl=1","width":350,"height":200,"srcset":"https:\/\/i0.wp.com\/oui-oui.es\/blog\/wp-content\/uploads\/2017\/05\/Oui-Oui-carrito-mimbre-cochecito-mimbre-carrito-ni%C3%B1os-mimbre-luggy-basket-NATURAL-olli-ella-carrito-compra-mimbre-natural-ni%C3%B1o-cesta-picnic.jpg?resize=350%2C200&ssl=1 1x, https:\/\/i0.wp.com\/oui-oui.es\/blog\/wp-content\/uploads\/2017\/05\/Oui-Oui-carrito-mimbre-cochecito-mimbre-carrito-ni%C3%B1os-mimbre-luggy-basket-NATURAL-olli-ella-carrito-compra-mimbre-natural-ni%C3%B1o-cesta-picnic.jpg?resize=525%2C300&ssl=1 1.5x, https:\/\/i0.wp.com\/oui-oui.es\/blog\/wp-content\/uploads\/2017\/05\/Oui-Oui-carrito-mimbre-cochecito-mimbre-carrito-ni%C3%B1os-mimbre-luggy-basket-NATURAL-olli-ella-carrito-compra-mimbre-natural-ni%C3%B1o-cesta-picnic.jpg?resize=700%2C400&ssl=1 2x, https:\/\/i0.wp.com\/oui-oui.es\/blog\/wp-content\/uploads\/2017\/05\/Oui-Oui-carrito-mimbre-cochecito-mimbre-carrito-ni%C3%B1os-mimbre-luggy-basket-NATURAL-olli-ella-carrito-compra-mimbre-natural-ni%C3%B1o-cesta-picnic.jpg?resize=1050%2C600&ssl=1 3x"},"classes":[]},{"id":5292,"url":"https:\/\/oui-oui.es\/blog\/como-sobrevivir-al-momento-mas-estresante-del-dia\/","url_meta":{"origin":5055,"position":5},"title":"C\u00f3mo sobrevivir al momento m\u00e1s estresante del d\u00eda","author":"Mar\u00eda \u2665Oui Oui\u2665","date":"21 abril, 2017","format":false,"excerpt":"Supongo que a las que sois madres de dos ( o m\u00e1s) \u00e9sto os sonar\u00e1 ya de largo, pero quer\u00eda compartir mis reflexiones y forma de organizarme durante los \u00faltimos meses en lo que (ayer, en un momento de desesperaci\u00f3n) auto denomin\u00e9 el momento m\u00e1s estresante del d\u00eda; v\u00e9ase el\u2026","rel":"","context":"En \u00abMATERNIDAD\u00bb","block_context":{"text":"MATERNIDAD","link":"https:\/\/oui-oui.es\/blog\/category\/maternidad\/"},"img":{"alt_text":"","src":"https:\/\/i0.wp.com\/oui-oui.es\/blog\/wp-content\/uploads\/2017\/04\/Oui-Oui-como-organizarte-momento-ba%C3%B1os-alfombra-pi%C3%B1a.jpg?resize=350%2C200&ssl=1","width":350,"height":200,"srcset":"https:\/\/i0.wp.com\/oui-oui.es\/blog\/wp-content\/uploads\/2017\/04\/Oui-Oui-como-organizarte-momento-ba%C3%B1os-alfombra-pi%C3%B1a.jpg?resize=350%2C200&ssl=1 1x, https:\/\/i0.wp.com\/oui-oui.es\/blog\/wp-content\/uploads\/2017\/04\/Oui-Oui-como-organizarte-momento-ba%C3%B1os-alfombra-pi%C3%B1a.jpg?resize=525%2C300&ssl=1 1.5x, https:\/\/i0.wp.com\/oui-oui.es\/blog\/wp-content\/uploads\/2017\/04\/Oui-Oui-como-organizarte-momento-ba%C3%B1os-alfombra-pi%C3%B1a.jpg?resize=700%2C400&ssl=1 2x, https:\/\/i0.wp.com\/oui-oui.es\/blog\/wp-content\/uploads\/2017\/04\/Oui-Oui-como-organizarte-momento-ba%C3%B1os-alfombra-pi%C3%B1a.jpg?resize=1050%2C600&ssl=1 3x, https:\/\/i0.wp.com\/oui-oui.es\/blog\/wp-content\/uploads\/2017\/04\/Oui-Oui-como-organizarte-momento-ba%C3%B1os-alfombra-pi%C3%B1a.jpg?resize=1400%2C800&ssl=1 4x"},"classes":[]}],"_links":{"self":[{"href":"https:\/\/oui-oui.es\/blog\/wp-json\/wp\/v2\/posts\/5055","targetHints":{"allow":["GET"]}}],"collection":[{"href":"https:\/\/oui-oui.es\/blog\/wp-json\/wp\/v2\/posts"}],"about":[{"href":"https:\/\/oui-oui.es\/blog\/wp-json\/wp\/v2\/types\/post"}],"author":[{"embeddable":true,"href":"https:\/\/oui-oui.es\/blog\/wp-json\/wp\/v2\/users\/1"}],"replies":[{"embeddable":true,"href":"https:\/\/oui-oui.es\/blog\/wp-json\/wp\/v2\/comments?post=5055"}],"version-history":[{"count":1,"href":"https:\/\/oui-oui.es\/blog\/wp-json\/wp\/v2\/posts\/5055\/revisions"}],"predecessor-version":[{"id":5064,"href":"https:\/\/oui-oui.es\/blog\/wp-json\/wp\/v2\/posts\/5055\/revisions\/5064"}],"wp:featuredmedia":[{"embeddable":true,"href":"https:\/\/oui-oui.es\/blog\/wp-json\/wp\/v2\/media\/5061"}],"wp:attachment":[{"href":"https:\/\/oui-oui.es\/blog\/wp-json\/wp\/v2\/media?parent=5055"}],"wp:term":[{"taxonomy":"category","embeddable":true,"href":"https:\/\/oui-oui.es\/blog\/wp-json\/wp\/v2\/categories?post=5055"},{"taxonomy":"post_tag","embeddable":true,"href":"https:\/\/oui-oui.es\/blog\/wp-json\/wp\/v2\/tags?post=5055"}],"curies":[{"name":"wp","href":"https:\/\/api.w.org\/{rel}","templated":true}]}}