{"id":5082,"date":"2017-02-01T00:01:15","date_gmt":"2017-01-31T22:01:15","guid":{"rendered":"https:\/\/oui-oui.es\/blog\/?p=5082"},"modified":"2017-02-01T01:22:10","modified_gmt":"2017-01-31T23:22:10","slug":"la-wishlist-de-mis-35","status":"publish","type":"post","link":"https:\/\/oui-oui.es\/blog\/la-wishlist-de-mis-35\/","title":{"rendered":"La wishlist de mis 35"},"content":{"rendered":"<p>Queda un mes para mi cumple y como soy <em>do\u00f1a wishlist<\/em>, no pod\u00eda faltar la m\u00eda \ud83d\ude09 , adem\u00e1s, este a\u00f1o<strong> \u00a1cumplo 35!<\/strong> , en mi caso, creo que s\u00f3lo voy a celebrar mi cumple (con m\u00e1s gente que mi familia cercana) cada 5 a\u00f1os&#8230;As\u00ed que \u00e9ste <strong>deber\u00eda ser El A\u00f1o<\/strong>, pero tengo tantos planes\/viajes para esta primavera que me da un poco de pereza planificar, adem\u00e1s, una fiesta de cumplea\u00f1os&#8230;Bueno, a\u00fan no s\u00e9&#8230;Mientras, voy haciendo mi wishlist \ud83d\ude09<\/p>\n<p>Los primeros de mi lista no pod\u00edan ser otros que los jarrones de <a href=\"http:\/\/somosbonjour.es\/\" target=\"_blank\"><strong>Somos Bonjour<\/strong><\/a>, ya los ped\u00ed por Reyes, e incluso les facilit\u00e9 el trabajo a Sus Majestades hablando todo por email con Elena para que s\u00f3lo tuevieran que mandar un mail&#8230;Pero parece ser que les result\u00f3 muy complicado, as\u00ed que espero que esta vez, que mi querido esposo cuenta con la ayuda de <a href=\"http:\/\/flamintgo.es\/\" target=\"_blank\">Flamintgo<\/a>, los tenga \ud83d\ude09 Me chifla el alto rosa pomelo (pero tambi\u00e9n el mediano mint, por si no queda el rosa&#8230;O ambos!)<\/p>\n<p><img loading=\"lazy\" decoding=\"async\" class=\"aligncenter size-full wp-image-5083\" src=\"https:\/\/oui-oui.es\/blog\/wp-content\/uploads\/2017\/01\/Oui-Oui-wishlist-cumplea\u00f1os-jarr\u00f3n-topos-somos-bonjour.jpg\" alt=\"\" width=\"667\" height=\"1000\" srcset=\"https:\/\/oui-oui.es\/blog\/wp-content\/uploads\/2017\/01\/Oui-Oui-wishlist-cumplea\u00f1os-jarr\u00f3n-topos-somos-bonjour.jpg 667w, https:\/\/oui-oui.es\/blog\/wp-content\/uploads\/2017\/01\/Oui-Oui-wishlist-cumplea\u00f1os-jarr\u00f3n-topos-somos-bonjour-200x300.jpg 200w, https:\/\/oui-oui.es\/blog\/wp-content\/uploads\/2017\/01\/Oui-Oui-wishlist-cumplea\u00f1os-jarr\u00f3n-topos-somos-bonjour-600x900.jpg 600w, https:\/\/oui-oui.es\/blog\/wp-content\/uploads\/2017\/01\/Oui-Oui-wishlist-cumplea\u00f1os-jarr\u00f3n-topos-somos-bonjour-300x450.jpg 300w\" sizes=\"auto, (max-width: 667px) 100vw, 667px\" \/><\/p>\n<p>&nbsp;<\/p>\n<p>Los cuadros de <a href=\"https:\/\/marendevineart.com\/\" target=\"_blank\"><strong>Maren Devine<\/strong><\/a> me encantan, por supuesto la serie de Frida, pero como no es plan tener media casa llena de cosas de Frida, me quedo con las <strong>l\u00e1minas de guerreras<\/strong>, como \u00e9sta que se puede comprar AQU\u00cd (ojo, que est\u00e1 en Texas&#8230;Por eso escribo la wishlist con tanta anticipaci\u00f3n, je,je)<\/p>\n<p><img loading=\"lazy\" decoding=\"async\" class=\"aligncenter size-full wp-image-5085\" src=\"https:\/\/oui-oui.es\/blog\/wp-content\/uploads\/2017\/01\/Oui-Oui-wishlist-Mar\u00eda-35-maren-devine-art-warriorgirlsara.finaljpg_1024x1024.jpg\" alt=\"\" width=\"1024\" height=\"1024\" srcset=\"https:\/\/oui-oui.es\/blog\/wp-content\/uploads\/2017\/01\/Oui-Oui-wishlist-Mar\u00eda-35-maren-devine-art-warriorgirlsara.finaljpg_1024x1024.jpg 1024w, https:\/\/oui-oui.es\/blog\/wp-content\/uploads\/2017\/01\/Oui-Oui-wishlist-Mar\u00eda-35-maren-devine-art-warriorgirlsara.finaljpg_1024x1024-150x150.jpg 150w, https:\/\/oui-oui.es\/blog\/wp-content\/uploads\/2017\/01\/Oui-Oui-wishlist-Mar\u00eda-35-maren-devine-art-warriorgirlsara.finaljpg_1024x1024-300x300.jpg 300w, https:\/\/oui-oui.es\/blog\/wp-content\/uploads\/2017\/01\/Oui-Oui-wishlist-Mar\u00eda-35-maren-devine-art-warriorgirlsara.finaljpg_1024x1024-768x768.jpg 768w, https:\/\/oui-oui.es\/blog\/wp-content\/uploads\/2017\/01\/Oui-Oui-wishlist-Mar\u00eda-35-maren-devine-art-warriorgirlsara.finaljpg_1024x1024-600x600.jpg 600w\" sizes=\"auto, (max-width: 1024px) 100vw, 1024px\" \/><\/p>\n<p>Tambi\u00e9n vende en <a href=\"https:\/\/www.etsy.com\/es\/shop\/Marendevineart\/items?order=price_asc&amp;ref=pagination&amp;page=2\" target=\"_blank\">ETSY<\/a>, otras como \u00e9stas<\/p>\n<p><img loading=\"lazy\" decoding=\"async\" class=\"aligncenter size-full wp-image-5084\" src=\"https:\/\/oui-oui.es\/blog\/wp-content\/uploads\/2017\/01\/Oui-Oui-wishlist-Mar\u00eda-35-maren-devine-art-warriorgirl-ETSY.jpg\" alt=\"\" width=\"875\" height=\"997\" srcset=\"https:\/\/oui-oui.es\/blog\/wp-content\/uploads\/2017\/01\/Oui-Oui-wishlist-Mar\u00eda-35-maren-devine-art-warriorgirl-ETSY.jpg 875w, https:\/\/oui-oui.es\/blog\/wp-content\/uploads\/2017\/01\/Oui-Oui-wishlist-Mar\u00eda-35-maren-devine-art-warriorgirl-ETSY-263x300.jpg 263w, https:\/\/oui-oui.es\/blog\/wp-content\/uploads\/2017\/01\/Oui-Oui-wishlist-Mar\u00eda-35-maren-devine-art-warriorgirl-ETSY-768x875.jpg 768w, https:\/\/oui-oui.es\/blog\/wp-content\/uploads\/2017\/01\/Oui-Oui-wishlist-Mar\u00eda-35-maren-devine-art-warriorgirl-ETSY-600x684.jpg 600w, https:\/\/oui-oui.es\/blog\/wp-content\/uploads\/2017\/01\/Oui-Oui-wishlist-Mar\u00eda-35-maren-devine-art-warriorgirl-ETSY-300x342.jpg 300w\" sizes=\"auto, (max-width: 875px) 100vw, 875px\" \/><\/p>\n<p><img loading=\"lazy\" decoding=\"async\" class=\"aligncenter size-full wp-image-5086\" src=\"https:\/\/oui-oui.es\/blog\/wp-content\/uploads\/2017\/01\/Oui-Oui-wishlist-Mar\u00eda-35-maren-devine-art-warriorgirlsara.finaljpg_1024x1024-SARA.jpg\" alt=\"\" width=\"875\" height=\"875\" srcset=\"https:\/\/oui-oui.es\/blog\/wp-content\/uploads\/2017\/01\/Oui-Oui-wishlist-Mar\u00eda-35-maren-devine-art-warriorgirlsara.finaljpg_1024x1024-SARA.jpg 875w, https:\/\/oui-oui.es\/blog\/wp-content\/uploads\/2017\/01\/Oui-Oui-wishlist-Mar\u00eda-35-maren-devine-art-warriorgirlsara.finaljpg_1024x1024-SARA-150x150.jpg 150w, https:\/\/oui-oui.es\/blog\/wp-content\/uploads\/2017\/01\/Oui-Oui-wishlist-Mar\u00eda-35-maren-devine-art-warriorgirlsara.finaljpg_1024x1024-SARA-300x300.jpg 300w, https:\/\/oui-oui.es\/blog\/wp-content\/uploads\/2017\/01\/Oui-Oui-wishlist-Mar\u00eda-35-maren-devine-art-warriorgirlsara.finaljpg_1024x1024-SARA-768x768.jpg 768w, https:\/\/oui-oui.es\/blog\/wp-content\/uploads\/2017\/01\/Oui-Oui-wishlist-Mar\u00eda-35-maren-devine-art-warriorgirlsara.finaljpg_1024x1024-SARA-600x600.jpg 600w\" sizes=\"auto, (max-width: 875px) 100vw, 875px\" \/><\/p>\n<p>No s\u00e9 si me hago mayor, pero me apetece ir teniendo m\u00e1s piezas especiales en casa, espero poder pasarme en breve por la galer\u00eda <a href=\"http:\/\/www.yellowkorner.com\/es-es\/p\/life-whell\/9946.html\" target=\"_blank\"><strong>Yellow Korner Madrid<\/strong><\/a> (C\/Hermosilla, 20) , pero mientras, desde el ordenador, me pedir\u00eda alguna de estas <strong>fotograf\u00edas<\/strong> ( de <strong>Ludwig Favre<\/strong> la primera y de <strong>Maria Svarbova<\/strong> la segunda) en <strong>formato Large<\/strong>&#8230;<\/p>\n<p><img loading=\"lazy\" decoding=\"async\" class=\"aligncenter size-full wp-image-5087\" src=\"https:\/\/oui-oui.es\/blog\/wp-content\/uploads\/2017\/01\/Oui-Oui-wishlist-Mar\u00eda-35-ludwig-favre-yellow-korner-madrid.jpg\" alt=\"\" width=\"556\" height=\"371\" srcset=\"https:\/\/oui-oui.es\/blog\/wp-content\/uploads\/2017\/01\/Oui-Oui-wishlist-Mar\u00eda-35-ludwig-favre-yellow-korner-madrid.jpg 556w, https:\/\/oui-oui.es\/blog\/wp-content\/uploads\/2017\/01\/Oui-Oui-wishlist-Mar\u00eda-35-ludwig-favre-yellow-korner-madrid-300x200.jpg 300w\" sizes=\"auto, (max-width: 556px) 100vw, 556px\" \/><\/p>\n<p><img loading=\"lazy\" decoding=\"async\" class=\"aligncenter size-large wp-image-5088\" src=\"https:\/\/oui-oui.es\/blog\/wp-content\/uploads\/2017\/01\/Oui-Oui-wishlist-Mar\u00eda-35-Maria-Svarbova-yellow-korner-madrid.jpg\" alt=\"\" width=\"556\" height=\"371\" srcset=\"https:\/\/oui-oui.es\/blog\/wp-content\/uploads\/2017\/01\/Oui-Oui-wishlist-Mar\u00eda-35-Maria-Svarbova-yellow-korner-madrid.jpg 556w, https:\/\/oui-oui.es\/blog\/wp-content\/uploads\/2017\/01\/Oui-Oui-wishlist-Mar\u00eda-35-Maria-Svarbova-yellow-korner-madrid-300x200.jpg 300w\" sizes=\"auto, (max-width: 556px) 100vw, 556px\" \/><\/p>\n<p>&nbsp;<\/p>\n<p>Y, s\u00ed, <strong>me encantan las piscinas<\/strong>&#8230;Puestos a pedir, una <strong>fotograf\u00eda de playa o de esqu\u00ed<\/strong> de <a href=\"https:\/\/www.graymalin.com\/\" target=\"_blank\">Gray Malin<\/a>, ser\u00eda la pera tambi\u00e9n!, aunque me cuesta mucho decidirme&#8230;<\/p>\n<p><img loading=\"lazy\" decoding=\"async\" class=\"aligncenter size-full wp-image-5089\" src=\"https:\/\/oui-oui.es\/blog\/wp-content\/uploads\/2017\/01\/Oui-Oui-wishlist-Mar\u00eda-35-gray-Malin-iceberg-swan-float.jpg\" alt=\"\" width=\"1000\" height=\"667\" srcset=\"https:\/\/oui-oui.es\/blog\/wp-content\/uploads\/2017\/01\/Oui-Oui-wishlist-Mar\u00eda-35-gray-Malin-iceberg-swan-float.jpg 1000w, https:\/\/oui-oui.es\/blog\/wp-content\/uploads\/2017\/01\/Oui-Oui-wishlist-Mar\u00eda-35-gray-Malin-iceberg-swan-float-300x200.jpg 300w, https:\/\/oui-oui.es\/blog\/wp-content\/uploads\/2017\/01\/Oui-Oui-wishlist-Mar\u00eda-35-gray-Malin-iceberg-swan-float-768x512.jpg 768w, https:\/\/oui-oui.es\/blog\/wp-content\/uploads\/2017\/01\/Oui-Oui-wishlist-Mar\u00eda-35-gray-Malin-iceberg-swan-float-600x400.jpg 600w\" sizes=\"auto, (max-width: 1000px) 100vw, 1000px\" \/><\/p>\n<p>Me encantar\u00eda completar la cristaler\u00eda de vasos y copas, a\u00fan no me he puesto a ello, pero se aceptan sorpresas&#8230; Me encantan los de <strong>Mestizo Store<\/strong> (C\/Piamonte, 4 . Madrid) y <a href=\"https:\/\/www.ruevintage74.com\" target=\"_blank\">Rue Vintage <\/a><\/p>\n<p><img loading=\"lazy\" decoding=\"async\" class=\"aligncenter size-full wp-image-5090\" src=\"https:\/\/oui-oui.es\/blog\/wp-content\/uploads\/2017\/01\/Oui-Oui-wishlist-Mar\u00eda-35-juego-caf\u00e9-dorado-rue-vintage.jpg\" alt=\"\" width=\"800\" height=\"800\" srcset=\"https:\/\/oui-oui.es\/blog\/wp-content\/uploads\/2017\/01\/Oui-Oui-wishlist-Mar\u00eda-35-juego-caf\u00e9-dorado-rue-vintage.jpg 800w, https:\/\/oui-oui.es\/blog\/wp-content\/uploads\/2017\/01\/Oui-Oui-wishlist-Mar\u00eda-35-juego-caf\u00e9-dorado-rue-vintage-150x150.jpg 150w, https:\/\/oui-oui.es\/blog\/wp-content\/uploads\/2017\/01\/Oui-Oui-wishlist-Mar\u00eda-35-juego-caf\u00e9-dorado-rue-vintage-300x300.jpg 300w, https:\/\/oui-oui.es\/blog\/wp-content\/uploads\/2017\/01\/Oui-Oui-wishlist-Mar\u00eda-35-juego-caf\u00e9-dorado-rue-vintage-768x768.jpg 768w, https:\/\/oui-oui.es\/blog\/wp-content\/uploads\/2017\/01\/Oui-Oui-wishlist-Mar\u00eda-35-juego-caf\u00e9-dorado-rue-vintage-600x600.jpg 600w\" sizes=\"auto, (max-width: 800px) 100vw, 800px\" \/><\/p>\n<p>Ah\u00ed lo dejo&#8230;Aunque seguro que acabo actualiz\u00e1ndola \ud83d\ude09<\/p>\n","protected":false},"excerpt":{"rendered":"<p>Queda un mes para mi cumple y como soy do\u00f1a wishlist, no pod\u00eda faltar la m\u00eda \ud83d\ude09 , adem\u00e1s, este a\u00f1o \u00a1cumplo 35! , en mi caso, creo que s\u00f3lo voy a celebrar mi cumple (con m\u00e1s gente que mi familia cercana) cada 5 a\u00f1os&#8230;As\u00ed que \u00e9ste deber\u00eda ser El A\u00f1o, pero tengo tantos planes\/viajes [&hellip;]<\/p>\n","protected":false},"author":1,"featured_media":5089,"comment_status":"open","ping_status":"open","sticky":false,"template":"","format":"standard","meta":{"jetpack_post_was_ever_published":false,"_jetpack_newsletter_access":"","_jetpack_dont_email_post_to_subs":false,"_jetpack_newsletter_tier_id":0,"_jetpack_memberships_contains_paywalled_content":false,"_jetpack_memberships_contains_paid_content":false,"footnotes":"","jetpack_publicize_message":"","jetpack_publicize_feature_enabled":true,"jetpack_social_post_already_shared":true,"jetpack_social_options":{"image_generator_settings":{"template":"highway","default_image_id":0,"font":"","enabled":false},"version":2}},"categories":[177],"tags":[744,536,711],"class_list":["post-5082","post","type-post","status-publish","format-standard","has-post-thumbnail","hentry","category-lifestyle-2","tag-decoracion","tag-fotografia","tag-wishlist"],"aioseo_notices":[],"jetpack_publicize_connections":[],"jetpack_featured_media_url":"https:\/\/oui-oui.es\/blog\/wp-content\/uploads\/2017\/01\/Oui-Oui-wishlist-Mar\u00eda-35-gray-Malin-iceberg-swan-float.jpg","jetpack_sharing_enabled":true,"jetpack-related-posts":[{"id":4009,"url":"https:\/\/oui-oui.es\/blog\/mi-wishlist-de-cumpleanos\/","url_meta":{"origin":5082,"position":0},"title":"Lo que me gusta una wishlist, aqu\u00ed la de mi cumple!","author":"Mar\u00eda \u2665Oui Oui\u2665","date":"5 febrero, 2016","format":false,"excerpt":"Esta semana los post van de regalos, se nota que estamos en meses de muchas celebraciones, \u00bfverdad?. Hoy empieza la cuenta atr\u00e1s para mi 34 cumplea\u00f1os, as\u00ed que, previsora una, dejo aqu\u00ed mi peque\u00f1a wishlist para que luego algunos no me digan que no les ha dado tiempo o que\u2026","rel":"","context":"En \u00abESTILO DE VIDA\u00bb","block_context":{"text":"ESTILO DE VIDA","link":"https:\/\/oui-oui.es\/blog\/category\/lifestyle-2\/"},"img":{"alt_text":"","src":"https:\/\/i0.wp.com\/oui-oui.es\/blog\/wp-content\/uploads\/2016\/01\/Oui-Oui-tarta-hersheys-sugar-factory-madrid.jpg?resize=350%2C200&ssl=1","width":350,"height":200,"srcset":"https:\/\/i0.wp.com\/oui-oui.es\/blog\/wp-content\/uploads\/2016\/01\/Oui-Oui-tarta-hersheys-sugar-factory-madrid.jpg?resize=350%2C200&ssl=1 1x, https:\/\/i0.wp.com\/oui-oui.es\/blog\/wp-content\/uploads\/2016\/01\/Oui-Oui-tarta-hersheys-sugar-factory-madrid.jpg?resize=525%2C300&ssl=1 1.5x, https:\/\/i0.wp.com\/oui-oui.es\/blog\/wp-content\/uploads\/2016\/01\/Oui-Oui-tarta-hersheys-sugar-factory-madrid.jpg?resize=700%2C400&ssl=1 2x, https:\/\/i0.wp.com\/oui-oui.es\/blog\/wp-content\/uploads\/2016\/01\/Oui-Oui-tarta-hersheys-sugar-factory-madrid.jpg?resize=1050%2C600&ssl=1 3x"},"classes":[]},{"id":3027,"url":"https:\/\/oui-oui.es\/blog\/wishlist-de-septiembre\/","url_meta":{"origin":5082,"position":1},"title":"Wishlist de septiembre","author":"Mar\u00eda \u2665Oui Oui\u2665","date":"1 septiembre, 2015","format":false,"excerpt":"Ya de vuelta al blog aprovecho que septiembre es un mes lleno de celebraciones para empezar de nuevo con las listas de deseos que tanto me gustan; celebramos cuatro a\u00f1os de casados y a los dos d\u00edas es mi Santo (un tanto olvidado desde hace dos a\u00f1os porque coincide con\u2026","rel":"","context":"En \u00abESTILO DE VIDA\u00bb","block_context":{"text":"ESTILO DE VIDA","link":"https:\/\/oui-oui.es\/blog\/category\/lifestyle-2\/"},"img":{"alt_text":"","src":"https:\/\/i0.wp.com\/oui-oui.es\/blog\/wp-content\/uploads\/2015\/09\/Oui-Oui-algo-sucede-ultimo-disco-2015-julieta-venegas.jpg?resize=350%2C200&ssl=1","width":350,"height":200,"srcset":"https:\/\/i0.wp.com\/oui-oui.es\/blog\/wp-content\/uploads\/2015\/09\/Oui-Oui-algo-sucede-ultimo-disco-2015-julieta-venegas.jpg?resize=350%2C200&ssl=1 1x, https:\/\/i0.wp.com\/oui-oui.es\/blog\/wp-content\/uploads\/2015\/09\/Oui-Oui-algo-sucede-ultimo-disco-2015-julieta-venegas.jpg?resize=525%2C300&ssl=1 1.5x"},"classes":[]},{"id":3663,"url":"https:\/\/oui-oui.es\/blog\/la-wishlist-para-frida\/","url_meta":{"origin":5082,"position":2},"title":"La wishlist para Frida","author":"Mar\u00eda \u2665Oui Oui\u2665","date":"4 noviembre, 2015","format":false,"excerpt":"A\u00fan quedan un poco m\u00e1s de tres meses pero es ahora cuando empiezo a tener las ganas de ver y buscar cosas para Frida (as\u00ed se llamar\u00e1 la ni\u00f1a que esperamos para febrero!) as\u00ed que voy a ir recopil\u00e1ndolas en mis wishlist para que no se me olviden. Hay dos\u2026","rel":"","context":"En \u00abMATERNIDAD\u00bb","block_context":{"text":"MATERNIDAD","link":"https:\/\/oui-oui.es\/blog\/category\/maternidad\/"},"img":{"alt_text":"","src":"https:\/\/i0.wp.com\/oui-oui.es\/blog\/wp-content\/uploads\/2015\/11\/Oui-Oui-libro-frida-kahlo-ni%C3%B1os-coleccion-mujeres-cuentos-ni%C3%B1os-cuento-frida-ed-alba.jpg?resize=350%2C200&ssl=1","width":350,"height":200},"classes":[]},{"id":3487,"url":"https:\/\/oui-oui.es\/blog\/la-wishlist-de-martin-por-su-segundo-cumpleanos\/","url_meta":{"origin":5082,"position":3},"title":"La wishlist de Mart\u00edn por su segundo cumplea\u00f1os","author":"Mar\u00eda \u2665Oui Oui\u2665","date":"12 octubre, 2015","format":false,"excerpt":"El cumplea\u00f1os de Mart\u00edn fue hace exactamente un mes y, como nos pill\u00f3 reci\u00e9n llegados de viaje y con l\u00edo de trabajo no me di\u00f3 tiempo a hacer su lista de regalos como me hubiera gustado, est\u00e1 claro que no pasa nada, tuvo regalos m\u00e1s que de sobra (hasta guard\u00e9\u2026","rel":"","context":"En \u00abNI\u00d1OS Y NI\u00d1AS\u00bb","block_context":{"text":"NI\u00d1OS Y NI\u00d1AS","link":"https:\/\/oui-oui.es\/blog\/category\/ninos\/"},"img":{"alt_text":"","src":"https:\/\/i0.wp.com\/oui-oui.es\/blog\/wp-content\/uploads\/2015\/10\/Oui-Oui-wishlist-martin-babyoui-material-montessori-torre-rosa-tigriteando.jpg?resize=350%2C200&ssl=1","width":350,"height":200},"classes":[]},{"id":3890,"url":"https:\/\/oui-oui.es\/blog\/la-iii-wishlist-de-frida\/","url_meta":{"origin":5082,"position":4},"title":"La III Wishlist de Frida!","author":"Mar\u00eda \u2665Oui Oui\u2665","date":"17 diciembre, 2015","format":false,"excerpt":"Parece que me voy animando seg\u00fan se acerca el momento y cada vez veo m\u00e1s cosas que me apetecen para ella y para su rinc\u00f3n de la habitaci\u00f3n (ahora si que siento que tengo que volver a reestructurar un poco la habitaci\u00f3n de Mart\u00edn que ser\u00e1 de los dos!), as\u00ed\u2026","rel":"","context":"En \u00abNI\u00d1OS Y NI\u00d1AS\u00bb","block_context":{"text":"NI\u00d1OS Y NI\u00d1AS","link":"https:\/\/oui-oui.es\/blog\/category\/ninos\/"},"img":{"alt_text":"","src":"https:\/\/i0.wp.com\/oui-oui.es\/blog\/wp-content\/uploads\/2015\/12\/Oui-Oui-wishlist-frida-lamina-dibujo-mrs-miguetto.jpg?resize=350%2C200&ssl=1","width":350,"height":200,"srcset":"https:\/\/i0.wp.com\/oui-oui.es\/blog\/wp-content\/uploads\/2015\/12\/Oui-Oui-wishlist-frida-lamina-dibujo-mrs-miguetto.jpg?resize=350%2C200&ssl=1 1x, https:\/\/i0.wp.com\/oui-oui.es\/blog\/wp-content\/uploads\/2015\/12\/Oui-Oui-wishlist-frida-lamina-dibujo-mrs-miguetto.jpg?resize=525%2C300&ssl=1 1.5x, https:\/\/i0.wp.com\/oui-oui.es\/blog\/wp-content\/uploads\/2015\/12\/Oui-Oui-wishlist-frida-lamina-dibujo-mrs-miguetto.jpg?resize=700%2C400&ssl=1 2x"},"classes":[]},{"id":5032,"url":"https:\/\/oui-oui.es\/blog\/flechazo-el-calzado-de-anniel\/","url_meta":{"origin":5082,"position":5},"title":"Flechazo: el calzado de Anniel","author":"Mar\u00eda \u2665Oui Oui\u2665","date":"20 enero, 2017","format":false,"excerpt":"Muchas veces las cosas surgen en cadena; vi unas botas de ni\u00f1a que me chiflaron y d\u00ed por hecho que habr\u00eda talla para Frida, total que iba a preparar un post de wishlist para su cumplea\u00f1os \u00a1cumple ya un a\u00f1o y, s\u00ed, se me ha pasado volando! y cuando voy\u2026","rel":"","context":"En \u00abESTILO DE VIDA\u00bb","block_context":{"text":"ESTILO DE VIDA","link":"https:\/\/oui-oui.es\/blog\/category\/lifestyle-2\/"},"img":{"alt_text":"","src":"https:\/\/i0.wp.com\/oui-oui.es\/blog\/wp-content\/uploads\/2017\/01\/Oui-Oui-botas-nieve-para-ni%C3%B1a-botas-forrados-bambi-anouk.jpg?resize=350%2C200&ssl=1","width":350,"height":200,"srcset":"https:\/\/i0.wp.com\/oui-oui.es\/blog\/wp-content\/uploads\/2017\/01\/Oui-Oui-botas-nieve-para-ni%C3%B1a-botas-forrados-bambi-anouk.jpg?resize=350%2C200&ssl=1 1x, https:\/\/i0.wp.com\/oui-oui.es\/blog\/wp-content\/uploads\/2017\/01\/Oui-Oui-botas-nieve-para-ni%C3%B1a-botas-forrados-bambi-anouk.jpg?resize=525%2C300&ssl=1 1.5x, https:\/\/i0.wp.com\/oui-oui.es\/blog\/wp-content\/uploads\/2017\/01\/Oui-Oui-botas-nieve-para-ni%C3%B1a-botas-forrados-bambi-anouk.jpg?resize=700%2C400&ssl=1 2x"},"classes":[]}],"_links":{"self":[{"href":"https:\/\/oui-oui.es\/blog\/wp-json\/wp\/v2\/posts\/5082","targetHints":{"allow":["GET"]}}],"collection":[{"href":"https:\/\/oui-oui.es\/blog\/wp-json\/wp\/v2\/posts"}],"about":[{"href":"https:\/\/oui-oui.es\/blog\/wp-json\/wp\/v2\/types\/post"}],"author":[{"embeddable":true,"href":"https:\/\/oui-oui.es\/blog\/wp-json\/wp\/v2\/users\/1"}],"replies":[{"embeddable":true,"href":"https:\/\/oui-oui.es\/blog\/wp-json\/wp\/v2\/comments?post=5082"}],"version-history":[{"count":2,"href":"https:\/\/oui-oui.es\/blog\/wp-json\/wp\/v2\/posts\/5082\/revisions"}],"predecessor-version":[{"id":5103,"href":"https:\/\/oui-oui.es\/blog\/wp-json\/wp\/v2\/posts\/5082\/revisions\/5103"}],"wp:featuredmedia":[{"embeddable":true,"href":"https:\/\/oui-oui.es\/blog\/wp-json\/wp\/v2\/media\/5089"}],"wp:attachment":[{"href":"https:\/\/oui-oui.es\/blog\/wp-json\/wp\/v2\/media?parent=5082"}],"wp:term":[{"taxonomy":"category","embeddable":true,"href":"https:\/\/oui-oui.es\/blog\/wp-json\/wp\/v2\/categories?post=5082"},{"taxonomy":"post_tag","embeddable":true,"href":"https:\/\/oui-oui.es\/blog\/wp-json\/wp\/v2\/tags?post=5082"}],"curies":[{"name":"wp","href":"https:\/\/api.w.org\/{rel}","templated":true}]}}