{"id":5104,"date":"2017-02-06T15:07:07","date_gmt":"2017-02-06T13:07:07","guid":{"rendered":"https:\/\/oui-oui.es\/blog\/?p=5104"},"modified":"2017-02-06T22:53:56","modified_gmt":"2017-02-06T20:53:56","slug":"el-estudio-de-elena-bau","status":"publish","type":"post","link":"https:\/\/oui-oui.es\/blog\/el-estudio-de-elena-bau\/","title":{"rendered":"El Estudio de Elena Bau"},"content":{"rendered":"<p><img loading=\"lazy\" decoding=\"async\" class=\"aligncenter size-full wp-image-5123\" src=\"https:\/\/oui-oui.es\/blog\/wp-content\/uploads\/2017\/02\/Oui-Oui-Elena-Bau-Mar\u00eda-Oui-Oui-inauguraci\u00f3n-estudio-Elena-Bau.jpg\" alt=\"\" width=\"800\" height=\"533\" srcset=\"https:\/\/oui-oui.es\/blog\/wp-content\/uploads\/2017\/02\/Oui-Oui-Elena-Bau-Mar\u00eda-Oui-Oui-inauguraci\u00f3n-estudio-Elena-Bau.jpg 800w, https:\/\/oui-oui.es\/blog\/wp-content\/uploads\/2017\/02\/Oui-Oui-Elena-Bau-Mar\u00eda-Oui-Oui-inauguraci\u00f3n-estudio-Elena-Bau-300x200.jpg 300w, https:\/\/oui-oui.es\/blog\/wp-content\/uploads\/2017\/02\/Oui-Oui-Elena-Bau-Mar\u00eda-Oui-Oui-inauguraci\u00f3n-estudio-Elena-Bau-768x512.jpg 768w, https:\/\/oui-oui.es\/blog\/wp-content\/uploads\/2017\/02\/Oui-Oui-Elena-Bau-Mar\u00eda-Oui-Oui-inauguraci\u00f3n-estudio-Elena-Bau-600x400.jpg 600w\" sizes=\"auto, (max-width: 800px) 100vw, 800px\" \/><\/p>\n<p>Conozco a Elena desde cuando hac\u00eda las reuniones con los novios en <em><strong>\u00abEl Pisito\u00bb<\/strong><\/em>, cuando llevaba a cuestas <em>el tocho<\/em> de <strong>\u00e1lbumes de bodas para mostrar su trabajo<\/strong> (y el de su equipo, que tanto ha valorado y cuidado desde el principio), hace s\u00f3lo tres a\u00f1os de eso y ha llovido mucho pero ella ha crecido una barbaridad en ese tiempo. Cogi\u00f3 un estudio en <strong>Hortaleza 104<\/strong>, donde al principio hac\u00eda un fr\u00edo que pelaba (me acuerdo de lo que nos re\u00edamos porque las dos nos pas\u00e1bamos el d\u00eda con las UGG y jers\u00e9is gordos, porque en Oui Oui hace tambi\u00e9n bastante fr\u00edo..je,je) y donde sigui\u00f3 creciendo, de hecho <strong>tambi\u00e9n inaugur\u00f3 ese estudio y recuerdo lo bien que me lo pas\u00e9 en la inauguraci\u00f3n<\/strong> \ud83d\ude09<\/p>\n<p><img loading=\"lazy\" decoding=\"async\" class=\"aligncenter size-full wp-image-5119\" src=\"https:\/\/oui-oui.es\/blog\/wp-content\/uploads\/2017\/02\/Oui-Oui-inauguraci\u00f3n-estudio-elena-bau-apodaca16-21.jpg\" alt=\"\" width=\"800\" height=\"533\" srcset=\"https:\/\/oui-oui.es\/blog\/wp-content\/uploads\/2017\/02\/Oui-Oui-inauguraci\u00f3n-estudio-elena-bau-apodaca16-21.jpg 800w, https:\/\/oui-oui.es\/blog\/wp-content\/uploads\/2017\/02\/Oui-Oui-inauguraci\u00f3n-estudio-elena-bau-apodaca16-21-300x200.jpg 300w, https:\/\/oui-oui.es\/blog\/wp-content\/uploads\/2017\/02\/Oui-Oui-inauguraci\u00f3n-estudio-elena-bau-apodaca16-21-768x512.jpg 768w, https:\/\/oui-oui.es\/blog\/wp-content\/uploads\/2017\/02\/Oui-Oui-inauguraci\u00f3n-estudio-elena-bau-apodaca16-21-600x400.jpg 600w\" sizes=\"auto, (max-width: 800px) 100vw, 800px\" \/><\/p>\n<p>En ese estudio le hicimos esta <strong>foto <em>Pinterest<\/em> a Mart\u00edn<\/strong> (que luego montamos con fondo de nieve detr\u00e1s) para felicitar la navidad de 2014; a\u00fan recuerdo llevando a Mart\u00edn por la Traves\u00eda de San Mateo con el coche, que quer\u00eda conducirlo y nos sal\u00edamos de la acera&#8230;Un show!. Ah\u00ed ten\u00eda quince meses y le veo s\u00faper mayor&#8230;<\/p>\n<p><img loading=\"lazy\" decoding=\"async\" class=\"aligncenter size-large wp-image-5121\" src=\"https:\/\/oui-oui.es\/blog\/wp-content\/uploads\/2017\/02\/Oui-Oui-Mart\u00edn-en-coche-con-pino-Navidad-2014-683x1024.jpg\" alt=\"\" width=\"683\" height=\"1024\" srcset=\"https:\/\/oui-oui.es\/blog\/wp-content\/uploads\/2017\/02\/Oui-Oui-Mart\u00edn-en-coche-con-pino-Navidad-2014-683x1024.jpg 683w, https:\/\/oui-oui.es\/blog\/wp-content\/uploads\/2017\/02\/Oui-Oui-Mart\u00edn-en-coche-con-pino-Navidad-2014-200x300.jpg 200w, https:\/\/oui-oui.es\/blog\/wp-content\/uploads\/2017\/02\/Oui-Oui-Mart\u00edn-en-coche-con-pino-Navidad-2014-768x1152.jpg 768w, https:\/\/oui-oui.es\/blog\/wp-content\/uploads\/2017\/02\/Oui-Oui-Mart\u00edn-en-coche-con-pino-Navidad-2014-600x900.jpg 600w, https:\/\/oui-oui.es\/blog\/wp-content\/uploads\/2017\/02\/Oui-Oui-Mart\u00edn-en-coche-con-pino-Navidad-2014-300x450.jpg 300w\" sizes=\"auto, (max-width: 683px) 100vw, 683px\" \/><\/p>\n<p>En Hortaleza tambi\u00e9n hicimos <strong>las fotos de embarazada<\/strong>, una sesi\u00f3n de producto&#8230;\u00a1Tenemos grandes recuerdos!<\/p>\n<p>Elena sigui\u00f3 trabajando duro (m\u00e1s de lo que deber\u00eda, que siempre se lo decimos las amigas) , pero el trabajo duro junto con el talento siempre dan resultado y <strong>Elena Bau sigui\u00f3 creciendo&#8230;<\/strong><\/p>\n<p><a href=\"elenabau.es\/\"><img loading=\"lazy\" decoding=\"async\" class=\"aligncenter size-full wp-image-5111\" src=\"https:\/\/oui-oui.es\/blog\/wp-content\/uploads\/2017\/02\/Oui-Oui-inauguraci\u00f3n-estudio-elena-bau-apodaca16-37.jpg\" alt=\"\" width=\"800\" height=\"533\" srcset=\"https:\/\/oui-oui.es\/blog\/wp-content\/uploads\/2017\/02\/Oui-Oui-inauguraci\u00f3n-estudio-elena-bau-apodaca16-37.jpg 800w, https:\/\/oui-oui.es\/blog\/wp-content\/uploads\/2017\/02\/Oui-Oui-inauguraci\u00f3n-estudio-elena-bau-apodaca16-37-300x200.jpg 300w, https:\/\/oui-oui.es\/blog\/wp-content\/uploads\/2017\/02\/Oui-Oui-inauguraci\u00f3n-estudio-elena-bau-apodaca16-37-768x512.jpg 768w, https:\/\/oui-oui.es\/blog\/wp-content\/uploads\/2017\/02\/Oui-Oui-inauguraci\u00f3n-estudio-elena-bau-apodaca16-37-600x400.jpg 600w\" sizes=\"auto, (max-width: 800px) 100vw, 800px\" \/><\/a><\/p>\n<p>Hasta llegar a <strong>Apodaca, 16<\/strong> un antiguo garaje que <strong>ha decorado ella misma con estilazo<\/strong> convirti\u00e9ndolo en un <strong>Estudio de Fotograf\u00eda<\/strong> con may\u00fasculas&#8230;<\/p>\n<p><img loading=\"lazy\" decoding=\"async\" class=\"aligncenter size-full wp-image-5117\" src=\"https:\/\/oui-oui.es\/blog\/wp-content\/uploads\/2017\/02\/Oui-Oui-inauguraci\u00f3n-estudio-elena-bau-apodaca16-2-1.jpg\" alt=\"\" width=\"533\" height=\"800\" srcset=\"https:\/\/oui-oui.es\/blog\/wp-content\/uploads\/2017\/02\/Oui-Oui-inauguraci\u00f3n-estudio-elena-bau-apodaca16-2-1.jpg 533w, https:\/\/oui-oui.es\/blog\/wp-content\/uploads\/2017\/02\/Oui-Oui-inauguraci\u00f3n-estudio-elena-bau-apodaca16-2-1-200x300.jpg 200w, https:\/\/oui-oui.es\/blog\/wp-content\/uploads\/2017\/02\/Oui-Oui-inauguraci\u00f3n-estudio-elena-bau-apodaca16-2-1-300x450.jpg 300w\" sizes=\"auto, (max-width: 533px) 100vw, 533px\" \/><\/p>\n<p><img loading=\"lazy\" decoding=\"async\" class=\"aligncenter size-full wp-image-5118\" src=\"https:\/\/oui-oui.es\/blog\/wp-content\/uploads\/2017\/02\/Oui-Oui-inauguraci\u00f3n-estudio-elena-bau-apodaca16-5-1.jpg\" alt=\"\" width=\"533\" height=\"800\" srcset=\"https:\/\/oui-oui.es\/blog\/wp-content\/uploads\/2017\/02\/Oui-Oui-inauguraci\u00f3n-estudio-elena-bau-apodaca16-5-1.jpg 533w, https:\/\/oui-oui.es\/blog\/wp-content\/uploads\/2017\/02\/Oui-Oui-inauguraci\u00f3n-estudio-elena-bau-apodaca16-5-1-200x300.jpg 200w, https:\/\/oui-oui.es\/blog\/wp-content\/uploads\/2017\/02\/Oui-Oui-inauguraci\u00f3n-estudio-elena-bau-apodaca16-5-1-300x450.jpg 300w\" sizes=\"auto, (max-width: 533px) 100vw, 533px\" \/><\/p>\n<p>&nbsp;<\/p>\n<p>El martes pasado lo inauguraba y no pod\u00eda perd\u00e9rmelo&#8230;<strong>Un fiest\u00f3n lleno de amigos<\/strong> que quer\u00edamos <strong>celebrar con Elena su \u00e9xito<\/strong> y nos lo pasamos en grande (no hay como ver las fotos con todo el mundo sonriendo).<\/p>\n<p><a href=\"elenabau.es\/\"><img loading=\"lazy\" decoding=\"async\" class=\"aligncenter size-full wp-image-5115\" src=\"https:\/\/oui-oui.es\/blog\/wp-content\/uploads\/2017\/02\/Oui-Oui-inauguraci\u00f3n-estudio-elena-bau-apodaca16-73.jpg\" alt=\"\" width=\"800\" height=\"533\" srcset=\"https:\/\/oui-oui.es\/blog\/wp-content\/uploads\/2017\/02\/Oui-Oui-inauguraci\u00f3n-estudio-elena-bau-apodaca16-73.jpg 800w, https:\/\/oui-oui.es\/blog\/wp-content\/uploads\/2017\/02\/Oui-Oui-inauguraci\u00f3n-estudio-elena-bau-apodaca16-73-300x200.jpg 300w, https:\/\/oui-oui.es\/blog\/wp-content\/uploads\/2017\/02\/Oui-Oui-inauguraci\u00f3n-estudio-elena-bau-apodaca16-73-768x512.jpg 768w, https:\/\/oui-oui.es\/blog\/wp-content\/uploads\/2017\/02\/Oui-Oui-inauguraci\u00f3n-estudio-elena-bau-apodaca16-73-600x400.jpg 600w\" sizes=\"auto, (max-width: 800px) 100vw, 800px\" \/><\/a><\/p>\n<p><a href=\"elenabau.es\/\"><img loading=\"lazy\" decoding=\"async\" class=\"aligncenter size-full wp-image-5116\" src=\"https:\/\/oui-oui.es\/blog\/wp-content\/uploads\/2017\/02\/Oui-Oui-inauguraci\u00f3n-estudio-elena-bau-apodaca16-90.jpg\" alt=\"\" width=\"800\" height=\"533\" srcset=\"https:\/\/oui-oui.es\/blog\/wp-content\/uploads\/2017\/02\/Oui-Oui-inauguraci\u00f3n-estudio-elena-bau-apodaca16-90.jpg 800w, https:\/\/oui-oui.es\/blog\/wp-content\/uploads\/2017\/02\/Oui-Oui-inauguraci\u00f3n-estudio-elena-bau-apodaca16-90-300x200.jpg 300w, https:\/\/oui-oui.es\/blog\/wp-content\/uploads\/2017\/02\/Oui-Oui-inauguraci\u00f3n-estudio-elena-bau-apodaca16-90-768x512.jpg 768w, https:\/\/oui-oui.es\/blog\/wp-content\/uploads\/2017\/02\/Oui-Oui-inauguraci\u00f3n-estudio-elena-bau-apodaca16-90-600x400.jpg 600w\" sizes=\"auto, (max-width: 800px) 100vw, 800px\" \/><\/a><\/p>\n<p><a href=\"elenabau.es\/\"><img loading=\"lazy\" decoding=\"async\" class=\"aligncenter size-full wp-image-5110\" src=\"https:\/\/oui-oui.es\/blog\/wp-content\/uploads\/2017\/02\/Oui-Oui-inauguraci\u00f3n-estudio-elena-bau-apodaca16-34.jpg\" alt=\"\" width=\"800\" height=\"533\" srcset=\"https:\/\/oui-oui.es\/blog\/wp-content\/uploads\/2017\/02\/Oui-Oui-inauguraci\u00f3n-estudio-elena-bau-apodaca16-34.jpg 800w, https:\/\/oui-oui.es\/blog\/wp-content\/uploads\/2017\/02\/Oui-Oui-inauguraci\u00f3n-estudio-elena-bau-apodaca16-34-300x200.jpg 300w, https:\/\/oui-oui.es\/blog\/wp-content\/uploads\/2017\/02\/Oui-Oui-inauguraci\u00f3n-estudio-elena-bau-apodaca16-34-768x512.jpg 768w, https:\/\/oui-oui.es\/blog\/wp-content\/uploads\/2017\/02\/Oui-Oui-inauguraci\u00f3n-estudio-elena-bau-apodaca16-34-600x400.jpg 600w\" sizes=\"auto, (max-width: 800px) 100vw, 800px\" \/><\/a><\/p>\n<p><a href=\"elenabau.es\/\"><img loading=\"lazy\" decoding=\"async\" class=\"aligncenter size-full wp-image-5113\" src=\"https:\/\/oui-oui.es\/blog\/wp-content\/uploads\/2017\/02\/Oui-Oui-inauguraci\u00f3n-estudio-elena-bau-apodaca16-66.jpg\" alt=\"\" width=\"800\" height=\"533\" srcset=\"https:\/\/oui-oui.es\/blog\/wp-content\/uploads\/2017\/02\/Oui-Oui-inauguraci\u00f3n-estudio-elena-bau-apodaca16-66.jpg 800w, https:\/\/oui-oui.es\/blog\/wp-content\/uploads\/2017\/02\/Oui-Oui-inauguraci\u00f3n-estudio-elena-bau-apodaca16-66-300x200.jpg 300w, https:\/\/oui-oui.es\/blog\/wp-content\/uploads\/2017\/02\/Oui-Oui-inauguraci\u00f3n-estudio-elena-bau-apodaca16-66-768x512.jpg 768w, https:\/\/oui-oui.es\/blog\/wp-content\/uploads\/2017\/02\/Oui-Oui-inauguraci\u00f3n-estudio-elena-bau-apodaca16-66-600x400.jpg 600w\" sizes=\"auto, (max-width: 800px) 100vw, 800px\" \/><\/a><\/p>\n<p><a href=\"elenabau.es\/\"><img loading=\"lazy\" decoding=\"async\" class=\"aligncenter size-full wp-image-5114\" src=\"https:\/\/oui-oui.es\/blog\/wp-content\/uploads\/2017\/02\/Oui-Oui-inauguraci\u00f3n-estudio-elena-bau-apodaca16-68.jpg\" alt=\"\" width=\"800\" height=\"533\" srcset=\"https:\/\/oui-oui.es\/blog\/wp-content\/uploads\/2017\/02\/Oui-Oui-inauguraci\u00f3n-estudio-elena-bau-apodaca16-68.jpg 800w, https:\/\/oui-oui.es\/blog\/wp-content\/uploads\/2017\/02\/Oui-Oui-inauguraci\u00f3n-estudio-elena-bau-apodaca16-68-300x200.jpg 300w, https:\/\/oui-oui.es\/blog\/wp-content\/uploads\/2017\/02\/Oui-Oui-inauguraci\u00f3n-estudio-elena-bau-apodaca16-68-768x512.jpg 768w, https:\/\/oui-oui.es\/blog\/wp-content\/uploads\/2017\/02\/Oui-Oui-inauguraci\u00f3n-estudio-elena-bau-apodaca16-68-600x400.jpg 600w\" sizes=\"auto, (max-width: 800px) 100vw, 800px\" \/><\/a><\/p>\n<p><a href=\"elenabau.es\/\"><img loading=\"lazy\" decoding=\"async\" class=\"aligncenter size-full wp-image-5112\" src=\"https:\/\/oui-oui.es\/blog\/wp-content\/uploads\/2017\/02\/Oui-Oui-inauguraci\u00f3n-estudio-elena-bau-apodaca16-55.jpg\" alt=\"\" width=\"800\" height=\"533\" srcset=\"https:\/\/oui-oui.es\/blog\/wp-content\/uploads\/2017\/02\/Oui-Oui-inauguraci\u00f3n-estudio-elena-bau-apodaca16-55.jpg 800w, https:\/\/oui-oui.es\/blog\/wp-content\/uploads\/2017\/02\/Oui-Oui-inauguraci\u00f3n-estudio-elena-bau-apodaca16-55-300x200.jpg 300w, https:\/\/oui-oui.es\/blog\/wp-content\/uploads\/2017\/02\/Oui-Oui-inauguraci\u00f3n-estudio-elena-bau-apodaca16-55-768x512.jpg 768w, https:\/\/oui-oui.es\/blog\/wp-content\/uploads\/2017\/02\/Oui-Oui-inauguraci\u00f3n-estudio-elena-bau-apodaca16-55-600x400.jpg 600w\" sizes=\"auto, (max-width: 800px) 100vw, 800px\" \/><\/a><\/p>\n<p>Montaron un <strong>fotomat\u00f3n instant\u00e1neo<\/strong> con el que ten\u00edas la foto en el momento en tu whatsapp y fue la revoluci\u00f3n!<\/p>\n<p><a href=\"elenabau.es\/\"><img loading=\"lazy\" decoding=\"async\" class=\"aligncenter size-full wp-image-5109\" src=\"https:\/\/oui-oui.es\/blog\/wp-content\/uploads\/2017\/02\/Oui-Oui-inauguraci\u00f3n-estudio-elena-bau-apodaca16-24.jpg\" alt=\"\" width=\"800\" height=\"533\" srcset=\"https:\/\/oui-oui.es\/blog\/wp-content\/uploads\/2017\/02\/Oui-Oui-inauguraci\u00f3n-estudio-elena-bau-apodaca16-24.jpg 800w, https:\/\/oui-oui.es\/blog\/wp-content\/uploads\/2017\/02\/Oui-Oui-inauguraci\u00f3n-estudio-elena-bau-apodaca16-24-300x200.jpg 300w, https:\/\/oui-oui.es\/blog\/wp-content\/uploads\/2017\/02\/Oui-Oui-inauguraci\u00f3n-estudio-elena-bau-apodaca16-24-768x512.jpg 768w, https:\/\/oui-oui.es\/blog\/wp-content\/uploads\/2017\/02\/Oui-Oui-inauguraci\u00f3n-estudio-elena-bau-apodaca16-24-600x400.jpg 600w\" sizes=\"auto, (max-width: 800px) 100vw, 800px\" \/><\/a><\/p>\n<p><img loading=\"lazy\" decoding=\"async\" class=\"aligncenter size-full wp-image-5124\" src=\"https:\/\/oui-oui.es\/blog\/wp-content\/uploads\/2017\/02\/Oui-Oui-Elena-Bau-Mar\u00eda-Oui-Oui-inauguraci\u00f3n-estudio-Elena-Bau-foto-\u00c1lvaro.jpg\" alt=\"\" width=\"800\" height=\"533\" srcset=\"https:\/\/oui-oui.es\/blog\/wp-content\/uploads\/2017\/02\/Oui-Oui-Elena-Bau-Mar\u00eda-Oui-Oui-inauguraci\u00f3n-estudio-Elena-Bau-foto-\u00c1lvaro.jpg 800w, https:\/\/oui-oui.es\/blog\/wp-content\/uploads\/2017\/02\/Oui-Oui-Elena-Bau-Mar\u00eda-Oui-Oui-inauguraci\u00f3n-estudio-Elena-Bau-foto-\u00c1lvaro-300x200.jpg 300w, https:\/\/oui-oui.es\/blog\/wp-content\/uploads\/2017\/02\/Oui-Oui-Elena-Bau-Mar\u00eda-Oui-Oui-inauguraci\u00f3n-estudio-Elena-Bau-foto-\u00c1lvaro-768x512.jpg 768w, https:\/\/oui-oui.es\/blog\/wp-content\/uploads\/2017\/02\/Oui-Oui-Elena-Bau-Mar\u00eda-Oui-Oui-inauguraci\u00f3n-estudio-Elena-Bau-foto-\u00c1lvaro-600x400.jpg 600w\" sizes=\"auto, (max-width: 800px) 100vw, 800px\" \/><\/p>\n<p><img loading=\"lazy\" decoding=\"async\" class=\"aligncenter size-full wp-image-5120\" src=\"https:\/\/oui-oui.es\/blog\/wp-content\/uploads\/2017\/02\/Oui-Oui-inauguraci\u00f3n-estudio-elena-bau-apodaca16-104.jpg\" alt=\"\" width=\"800\" height=\"533\" srcset=\"https:\/\/oui-oui.es\/blog\/wp-content\/uploads\/2017\/02\/Oui-Oui-inauguraci\u00f3n-estudio-elena-bau-apodaca16-104.jpg 800w, https:\/\/oui-oui.es\/blog\/wp-content\/uploads\/2017\/02\/Oui-Oui-inauguraci\u00f3n-estudio-elena-bau-apodaca16-104-300x200.jpg 300w, https:\/\/oui-oui.es\/blog\/wp-content\/uploads\/2017\/02\/Oui-Oui-inauguraci\u00f3n-estudio-elena-bau-apodaca16-104-768x512.jpg 768w, https:\/\/oui-oui.es\/blog\/wp-content\/uploads\/2017\/02\/Oui-Oui-inauguraci\u00f3n-estudio-elena-bau-apodaca16-104-600x400.jpg 600w\" sizes=\"auto, (max-width: 800px) 100vw, 800px\" \/><\/p>\n<p>Elena, \u00a1te deseo lo mejor en esta nueva etapa!, sigue siendo un ejemplo de trabajo y tes\u00f3n!<\/p>\n","protected":false},"excerpt":{"rendered":"<p>Conozco a Elena desde cuando hac\u00eda las reuniones con los novios en \u00abEl Pisito\u00bb, cuando llevaba a cuestas el tocho de \u00e1lbumes de bodas para mostrar su trabajo (y el de su equipo, que tanto ha valorado y cuidado desde el principio), hace s\u00f3lo tres a\u00f1os de eso y ha llovido mucho pero ella ha [&hellip;]<\/p>\n","protected":false},"author":1,"featured_media":5117,"comment_status":"open","ping_status":"open","sticky":false,"template":"","format":"standard","meta":{"jetpack_post_was_ever_published":false,"_jetpack_newsletter_access":"","_jetpack_dont_email_post_to_subs":false,"_jetpack_newsletter_tier_id":0,"_jetpack_memberships_contains_paywalled_content":false,"_jetpack_memberships_contains_paid_content":false,"footnotes":"","jetpack_publicize_message":"","jetpack_publicize_feature_enabled":true,"jetpack_social_post_already_shared":true,"jetpack_social_options":{"image_generator_settings":{"template":"highway","default_image_id":0,"font":"","enabled":false},"version":2}},"categories":[704,709],"tags":[536],"class_list":["post-5104","post","type-post","status-publish","format-standard","has-post-thumbnail","hentry","category-boda","category-opinion","tag-fotografia"],"aioseo_notices":[],"jetpack_publicize_connections":[],"jetpack_featured_media_url":"https:\/\/oui-oui.es\/blog\/wp-content\/uploads\/2017\/02\/Oui-Oui-inauguraci\u00f3n-estudio-elena-bau-apodaca16-2-1.jpg","jetpack_sharing_enabled":true,"jetpack-related-posts":[{"id":10192,"url":"https:\/\/oui-oui.es\/blog\/llega-el-frio-y-con-el-las-alfombras\/","url_meta":{"origin":5104,"position":0},"title":"Llega el fr\u00edo y con \u00e9l \u00a1las alfombras!","author":"Mar\u00eda \u2665Oui Oui\u2665","date":"14 octubre, 2019","format":false,"excerpt":"Se me acumulan los post deco \u00a1lo s\u00e9! pero una de las cosas que m\u00e1s me gustan del blog es escribir por impulso. Cuando estoy buscando algo, encuentro varias que me gustan y pienso \u00a1tengo que compartirlas!. Me pas\u00f3 la semana pasada con cojines pero el trabajo hizo que me\u2026","rel":"","context":"En \u00abDECORACI\u00d3N\u00bb","block_context":{"text":"DECORACI\u00d3N","link":"https:\/\/oui-oui.es\/blog\/category\/decoracion-de-casa\/"},"img":{"alt_text":"","src":"https:\/\/i0.wp.com\/oui-oui.es\/blog\/wp-content\/uploads\/2019\/10\/Oui-Oui-alfombra-bereber-amarillo-y-negro-rue-vintage-alfombras-con-estilo.jpg?resize=350%2C200&ssl=1","width":350,"height":200,"srcset":"https:\/\/i0.wp.com\/oui-oui.es\/blog\/wp-content\/uploads\/2019\/10\/Oui-Oui-alfombra-bereber-amarillo-y-negro-rue-vintage-alfombras-con-estilo.jpg?resize=350%2C200&ssl=1 1x, https:\/\/i0.wp.com\/oui-oui.es\/blog\/wp-content\/uploads\/2019\/10\/Oui-Oui-alfombra-bereber-amarillo-y-negro-rue-vintage-alfombras-con-estilo.jpg?resize=525%2C300&ssl=1 1.5x"},"classes":[]},{"id":4880,"url":"https:\/\/oui-oui.es\/blog\/tiendas-donde-comprar-las-puertas-del-ratoncito-perez\/","url_meta":{"origin":5104,"position":1},"title":"Tiendas donde comprar las puertas del ratoncito P\u00e9rez","author":"Mar\u00eda \u2665Oui Oui\u2665","date":"11 noviembre, 2016","format":false,"excerpt":"No hay duda de que las puertas del ratoncito P\u00e9rez son nuestro producto m\u00e1s querido; porque naci\u00f3 antes incluso que la propia tienda de Oui Oui, porque revolucionaron el mundo del ratoncito P\u00e9rez y, sobretodo, porque es mi padre quien est\u00e1 detr\u00e1s de todo desde el principio y quien sigue\u2026","rel":"","context":"En \u00abPUERTAS RATONCITO P\u00c9REZ\u00bb","block_context":{"text":"PUERTAS RATONCITO P\u00c9REZ","link":"https:\/\/oui-oui.es\/blog\/category\/puertas-para-el-ratoncito-perez\/"},"img":{"alt_text":"","src":"https:\/\/i0.wp.com\/oui-oui.es\/blog\/wp-content\/uploads\/2016\/11\/Oui-Oui-puertas-ratoncito-Perez-puerta-raton-perez-autenticas-puertas-ratoncito-perez-Marta-Machin-photo-67.jpg?resize=350%2C200&ssl=1","width":350,"height":200,"srcset":"https:\/\/i0.wp.com\/oui-oui.es\/blog\/wp-content\/uploads\/2016\/11\/Oui-Oui-puertas-ratoncito-Perez-puerta-raton-perez-autenticas-puertas-ratoncito-perez-Marta-Machin-photo-67.jpg?resize=350%2C200&ssl=1 1x, https:\/\/i0.wp.com\/oui-oui.es\/blog\/wp-content\/uploads\/2016\/11\/Oui-Oui-puertas-ratoncito-Perez-puerta-raton-perez-autenticas-puertas-ratoncito-perez-Marta-Machin-photo-67.jpg?resize=525%2C300&ssl=1 1.5x, https:\/\/i0.wp.com\/oui-oui.es\/blog\/wp-content\/uploads\/2016\/11\/Oui-Oui-puertas-ratoncito-Perez-puerta-raton-perez-autenticas-puertas-ratoncito-perez-Marta-Machin-photo-67.jpg?resize=700%2C400&ssl=1 2x, https:\/\/i0.wp.com\/oui-oui.es\/blog\/wp-content\/uploads\/2016\/11\/Oui-Oui-puertas-ratoncito-Perez-puerta-raton-perez-autenticas-puertas-ratoncito-perez-Marta-Machin-photo-67.jpg?resize=1050%2C600&ssl=1 3x, https:\/\/i0.wp.com\/oui-oui.es\/blog\/wp-content\/uploads\/2016\/11\/Oui-Oui-puertas-ratoncito-Perez-puerta-raton-perez-autenticas-puertas-ratoncito-perez-Marta-Machin-photo-67.jpg?resize=1400%2C800&ssl=1 4x"},"classes":[]},{"id":9962,"url":"https:\/\/oui-oui.es\/blog\/el-tratamiento-que-ha-recuperado-y-alisado-mi-cabello-fosco\/","url_meta":{"origin":5104,"position":2},"title":"El tratamiento que ha recuperado y alisado mi cabello fosco","author":"Mar\u00eda \u2665Oui Oui\u2665","date":"21 junio, 2019","format":false,"excerpt":"Tengo el pelo fosco desde peque\u00f1a, con rizos rebeldes en el flequillo y en la coronilla, si ten\u00e9is el pelo as\u00ed sab\u00e9is de lo que hablo...Desde que me alcanza la memoria recuerdo hacer cosas para intentar alisar mi pelo...Horas de secador, planchar el pelo con la plancha de la ropa,\u2026","rel":"","context":"En \u00abA una futura novia\u00bb","block_context":{"text":"A una futura novia","link":"https:\/\/oui-oui.es\/blog\/category\/no-se-que-regalar\/a-una-futura-novia\/"},"img":{"alt_text":"","src":"https:\/\/i0.wp.com\/oui-oui.es\/blog\/wp-content\/uploads\/2019\/06\/035ElenaBau_ItziarAeguilera.jpg?resize=350%2C200&ssl=1","width":350,"height":200,"srcset":"https:\/\/i0.wp.com\/oui-oui.es\/blog\/wp-content\/uploads\/2019\/06\/035ElenaBau_ItziarAeguilera.jpg?resize=350%2C200&ssl=1 1x, https:\/\/i0.wp.com\/oui-oui.es\/blog\/wp-content\/uploads\/2019\/06\/035ElenaBau_ItziarAeguilera.jpg?resize=525%2C300&ssl=1 1.5x, https:\/\/i0.wp.com\/oui-oui.es\/blog\/wp-content\/uploads\/2019\/06\/035ElenaBau_ItziarAeguilera.jpg?resize=700%2C400&ssl=1 2x, https:\/\/i0.wp.com\/oui-oui.es\/blog\/wp-content\/uploads\/2019\/06\/035ElenaBau_ItziarAeguilera.jpg?resize=1050%2C600&ssl=1 3x, https:\/\/i0.wp.com\/oui-oui.es\/blog\/wp-content\/uploads\/2019\/06\/035ElenaBau_ItziarAeguilera.jpg?resize=1400%2C800&ssl=1 4x"},"classes":[]},{"id":5134,"url":"https:\/\/oui-oui.es\/blog\/the-wedding-studio\/","url_meta":{"origin":5104,"position":3},"title":"The Wedding Studio","author":"Mar\u00eda \u2665Oui Oui\u2665","date":"15 febrero, 2017","format":false,"excerpt":"Desde hac\u00eda tiempo quer\u00edamos ofrecer a los novios y profesionales del mundo bodas algo diferente, desde nuestro punto de vista, con nuestro estilo y formas de hacer. La boda perfecta es fruto del buen trabajo en equipo de todos los que participan en ella, y, como si comparti\u00e9ramos Studio cada\u2026","rel":"","context":"En \u00abBoda\u00bb","block_context":{"text":"Boda","link":"https:\/\/oui-oui.es\/blog\/category\/fiestas-celebraciones\/boda\/"},"img":{"alt_text":"","src":"https:\/\/i0.wp.com\/oui-oui.es\/blog\/wp-content\/uploads\/2017\/02\/Oui-Oui-The-Wedding-Studio-Elena-Bau-Fotograf%C3%ADa-Bodas-Color%C3%ADn.jpg?resize=350%2C200&ssl=1","width":350,"height":200,"srcset":"https:\/\/i0.wp.com\/oui-oui.es\/blog\/wp-content\/uploads\/2017\/02\/Oui-Oui-The-Wedding-Studio-Elena-Bau-Fotograf%C3%ADa-Bodas-Color%C3%ADn.jpg?resize=350%2C200&ssl=1 1x, https:\/\/i0.wp.com\/oui-oui.es\/blog\/wp-content\/uploads\/2017\/02\/Oui-Oui-The-Wedding-Studio-Elena-Bau-Fotograf%C3%ADa-Bodas-Color%C3%ADn.jpg?resize=525%2C300&ssl=1 1.5x, https:\/\/i0.wp.com\/oui-oui.es\/blog\/wp-content\/uploads\/2017\/02\/Oui-Oui-The-Wedding-Studio-Elena-Bau-Fotograf%C3%ADa-Bodas-Color%C3%ADn.jpg?resize=700%2C400&ssl=1 2x, https:\/\/i0.wp.com\/oui-oui.es\/blog\/wp-content\/uploads\/2017\/02\/Oui-Oui-The-Wedding-Studio-Elena-Bau-Fotograf%C3%ADa-Bodas-Color%C3%ADn.jpg?resize=1050%2C600&ssl=1 3x, https:\/\/i0.wp.com\/oui-oui.es\/blog\/wp-content\/uploads\/2017\/02\/Oui-Oui-The-Wedding-Studio-Elena-Bau-Fotograf%C3%ADa-Bodas-Color%C3%ADn.jpg?resize=1400%2C800&ssl=1 4x"},"classes":[]},{"id":9346,"url":"https:\/\/oui-oui.es\/blog\/los-muebles-de-tabolo-design-se-inundan-de-color\/","url_meta":{"origin":5104,"position":4},"title":"Los muebles de T\u00e1bolo Design se inundan de color","author":"Mar\u00eda \u2665Oui Oui\u2665","date":"8 octubre, 2018","format":false,"excerpt":"Uno de los aspectos m\u00e1s importantes de emprender es invertir, invertir dinero y tiempo, e invertir lo ganado. No todos los emprendedores lo entienden, pero si queires ver resultados deber\u00e1s reinvertir constantemente lo ganado, al menos los primeros a\u00f1os. Recuerdo cuando conoc\u00ed a Natalia, co-fundadora de T\u00e1bolo Design, en una\u2026","rel":"","context":"En \u00abDECORACI\u00d3N\u00bb","block_context":{"text":"DECORACI\u00d3N","link":"https:\/\/oui-oui.es\/blog\/category\/decoracion-de-casa\/"},"img":{"alt_text":"","src":"https:\/\/i0.wp.com\/oui-oui.es\/blog\/wp-content\/uploads\/2018\/10\/Oui-Oui-tabolo-design-editorial-Elena-Bau-telas-y-muebles-tabolo-design-8.jpg?resize=350%2C200&ssl=1","width":350,"height":200,"srcset":"https:\/\/i0.wp.com\/oui-oui.es\/blog\/wp-content\/uploads\/2018\/10\/Oui-Oui-tabolo-design-editorial-Elena-Bau-telas-y-muebles-tabolo-design-8.jpg?resize=350%2C200&ssl=1 1x, https:\/\/i0.wp.com\/oui-oui.es\/blog\/wp-content\/uploads\/2018\/10\/Oui-Oui-tabolo-design-editorial-Elena-Bau-telas-y-muebles-tabolo-design-8.jpg?resize=525%2C300&ssl=1 1.5x, https:\/\/i0.wp.com\/oui-oui.es\/blog\/wp-content\/uploads\/2018\/10\/Oui-Oui-tabolo-design-editorial-Elena-Bau-telas-y-muebles-tabolo-design-8.jpg?resize=700%2C400&ssl=1 2x, https:\/\/i0.wp.com\/oui-oui.es\/blog\/wp-content\/uploads\/2018\/10\/Oui-Oui-tabolo-design-editorial-Elena-Bau-telas-y-muebles-tabolo-design-8.jpg?resize=1050%2C600&ssl=1 3x, https:\/\/i0.wp.com\/oui-oui.es\/blog\/wp-content\/uploads\/2018\/10\/Oui-Oui-tabolo-design-editorial-Elena-Bau-telas-y-muebles-tabolo-design-8.jpg?resize=1400%2C800&ssl=1 4x"},"classes":[]},{"id":3396,"url":"https:\/\/oui-oui.es\/blog\/5-1-de-mis-fotografos-favoritos\/","url_meta":{"origin":5104,"position":5},"title":"5 + 1 de mis fot\u00f3grafos favoritos","author":"Mar\u00eda \u2665Oui Oui\u2665","date":"30 septiembre, 2015","format":false,"excerpt":"Me encantan las buenas fotograf\u00edas aunque no entiendo mucho de fotograf\u00eda, pero de lo que s\u00ed entiendo es de est\u00e9tica, de fotos que transmiten, de luz y de recuerdos. Desde que estaba embarazada de Mart\u00edn supe que quer\u00eda hacer una sesi\u00f3n de fotos de reci\u00e9n nacido y una vez la\u2026","rel":"","context":"En \u00abBoda\u00bb","block_context":{"text":"Boda","link":"https:\/\/oui-oui.es\/blog\/category\/fiestas-celebraciones\/boda\/"},"img":{"alt_text":"","src":"https:\/\/i0.wp.com\/oui-oui.es\/blog\/wp-content\/uploads\/2015\/09\/Oui-Oui-aire-de-loewe-luc%C3%ADa-M.jpg?resize=350%2C200&ssl=1","width":350,"height":200,"srcset":"https:\/\/i0.wp.com\/oui-oui.es\/blog\/wp-content\/uploads\/2015\/09\/Oui-Oui-aire-de-loewe-luc%C3%ADa-M.jpg?resize=350%2C200&ssl=1 1x, https:\/\/i0.wp.com\/oui-oui.es\/blog\/wp-content\/uploads\/2015\/09\/Oui-Oui-aire-de-loewe-luc%C3%ADa-M.jpg?resize=525%2C300&ssl=1 1.5x, https:\/\/i0.wp.com\/oui-oui.es\/blog\/wp-content\/uploads\/2015\/09\/Oui-Oui-aire-de-loewe-luc%C3%ADa-M.jpg?resize=700%2C400&ssl=1 2x"},"classes":[]}],"_links":{"self":[{"href":"https:\/\/oui-oui.es\/blog\/wp-json\/wp\/v2\/posts\/5104","targetHints":{"allow":["GET"]}}],"collection":[{"href":"https:\/\/oui-oui.es\/blog\/wp-json\/wp\/v2\/posts"}],"about":[{"href":"https:\/\/oui-oui.es\/blog\/wp-json\/wp\/v2\/types\/post"}],"author":[{"embeddable":true,"href":"https:\/\/oui-oui.es\/blog\/wp-json\/wp\/v2\/users\/1"}],"replies":[{"embeddable":true,"href":"https:\/\/oui-oui.es\/blog\/wp-json\/wp\/v2\/comments?post=5104"}],"version-history":[{"count":4,"href":"https:\/\/oui-oui.es\/blog\/wp-json\/wp\/v2\/posts\/5104\/revisions"}],"predecessor-version":[{"id":5127,"href":"https:\/\/oui-oui.es\/blog\/wp-json\/wp\/v2\/posts\/5104\/revisions\/5127"}],"wp:featuredmedia":[{"embeddable":true,"href":"https:\/\/oui-oui.es\/blog\/wp-json\/wp\/v2\/media\/5117"}],"wp:attachment":[{"href":"https:\/\/oui-oui.es\/blog\/wp-json\/wp\/v2\/media?parent=5104"}],"wp:term":[{"taxonomy":"category","embeddable":true,"href":"https:\/\/oui-oui.es\/blog\/wp-json\/wp\/v2\/categories?post=5104"},{"taxonomy":"post_tag","embeddable":true,"href":"https:\/\/oui-oui.es\/blog\/wp-json\/wp\/v2\/tags?post=5104"}],"curies":[{"name":"wp","href":"https:\/\/api.w.org\/{rel}","templated":true}]}}