{"id":5129,"date":"2017-02-13T15:20:28","date_gmt":"2017-02-13T13:20:28","guid":{"rendered":"https:\/\/oui-oui.es\/blog\/?p=5129"},"modified":"2017-02-13T15:20:28","modified_gmt":"2017-02-13T13:20:28","slug":"oui-oui-loves-mexico-frida","status":"publish","type":"post","link":"https:\/\/oui-oui.es\/blog\/oui-oui-loves-mexico-frida\/","title":{"rendered":"Oui Oui loves M\u00e9xico | Frida"},"content":{"rendered":"<div id=\"attachment_5130\" style=\"width: 1034px\" class=\"wp-caption aligncenter\"><a href=\"http:\/\/www.oui-oui.es\/72-frida\"><img loading=\"lazy\" decoding=\"async\" aria-describedby=\"caption-attachment-5130\" class=\"wp-image-5130 size-large\" title=\"Elena Bau Fotograf\u00eda\" src=\"https:\/\/oui-oui.es\/blog\/wp-content\/uploads\/2017\/02\/Oui-Oui-babyshoer-Frida-mexicana-elena-bau-eventos-colorin-10-1024x683.jpg\" width=\"1024\" height=\"683\" srcset=\"https:\/\/oui-oui.es\/blog\/wp-content\/uploads\/2017\/02\/Oui-Oui-babyshoer-Frida-mexicana-elena-bau-eventos-colorin-10-1024x683.jpg 1024w, https:\/\/oui-oui.es\/blog\/wp-content\/uploads\/2017\/02\/Oui-Oui-babyshoer-Frida-mexicana-elena-bau-eventos-colorin-10-300x200.jpg 300w, https:\/\/oui-oui.es\/blog\/wp-content\/uploads\/2017\/02\/Oui-Oui-babyshoer-Frida-mexicana-elena-bau-eventos-colorin-10-768x512.jpg 768w, https:\/\/oui-oui.es\/blog\/wp-content\/uploads\/2017\/02\/Oui-Oui-babyshoer-Frida-mexicana-elena-bau-eventos-colorin-10-600x400.jpg 600w\" sizes=\"auto, (max-width: 1024px) 100vw, 1024px\" \/><\/a><p id=\"caption-attachment-5130\" class=\"wp-caption-text\">Elena Bau Fotograf\u00eda<\/p><\/div>\n<p>Ten\u00eda muchas ganas de <strong>lanzar esta nueva secci\u00f3n<\/strong> y no pod\u00eda llamarse de otra forma que <a href=\"http:\/\/www.oui-oui.es\/72-frida\" target=\"_blank\"><strong>FRIDA<\/strong><\/a>, una secci\u00f3n en la que <strong>plasmar nuestro amor por m\u00e9xico, por su cultura, colores, por su m\u00fasica, gastrono\u00eda e iconograf\u00eda<\/strong>&#8230;Desde el comienzo de Oui Oui hemos ido trayendo <strong>productos mexicanos<\/strong> gracias a nuestras c\u00f3mplices al otro lado del Atl\u00e1ntico (\u00a1gracias Marta, Tere y Ester!), desde los <a href=\"http:\/\/www.oui-oui.es\/ddetalles-decoracion-boda-con-estilo\/489-topper-novios-mexicanos-calaveras.html\" target=\"_blank\"><strong>novios mexicanos en forma de calaca<\/strong><\/a>, pasando por la <strong>guirnalda inspirada en el papel picado<\/strong>, las <strong><a href=\"http:\/\/www.oui-oui.es\/regalo-original-regalo-con-estilo\/492-figurita-padres-con-bebe-calavera-mexicana.html\" target=\"_blank\">calacas de familia con beb\u00e9<\/a><\/strong>, el <a href=\"http:\/\/www.oui-oui.es\/decoracion-con-estilo\/1124-vaso-frida.html\" target=\"_blank\"><strong>vaso de Frida Kahlo<\/strong><\/a> o, recientemente, su <a href=\"http:\/\/www.oui-oui.es\/detalles-decoracion-ninos-habitacion-pinterest\/1138-pequena-y-grande-frida-kahlo.html\" target=\"_blank\"><strong>biograf\u00eda para ni\u00f1os<\/strong><\/a> y <a href=\"http:\/\/www.oui-oui.es\/libros-y-cuentos\/1273-frida-kahlo-una-biografia.html\" target=\"_blank\"><strong>mayores<\/strong><\/a>.<\/p>\n<p>Queremos que <strong>esta secci\u00f3n re\u00fana todos los productos de est\u00e9tica mexicana que vayamos encontrando por el mundo<\/strong>, con una especial menci\u00f3n a <strong>Frida Kahlo<\/strong>, por lo que nos atrae como mujer y personaje y lo que representa como icono.<\/p>\n<p><a href=\"http:\/\/www.oui-oui.es\/72-frida\"><img loading=\"lazy\" decoding=\"async\" class=\"aligncenter size-large wp-image-5131\" src=\"https:\/\/oui-oui.es\/blog\/wp-content\/uploads\/2017\/02\/Oui-Oui-secci\u00f3n-FRIDA-biografia-Frida-Kahlo-Maria-Hesse-vaso-frida-peque\u00f1a-y-grande-frida-kahlo-fiesta-mexicana-1024x768.jpg\" alt=\"\" width=\"1024\" height=\"768\" srcset=\"https:\/\/oui-oui.es\/blog\/wp-content\/uploads\/2017\/02\/Oui-Oui-secci\u00f3n-FRIDA-biografia-Frida-Kahlo-Maria-Hesse-vaso-frida-peque\u00f1a-y-grande-frida-kahlo-fiesta-mexicana-1024x768.jpg 1024w, https:\/\/oui-oui.es\/blog\/wp-content\/uploads\/2017\/02\/Oui-Oui-secci\u00f3n-FRIDA-biografia-Frida-Kahlo-Maria-Hesse-vaso-frida-peque\u00f1a-y-grande-frida-kahlo-fiesta-mexicana-300x225.jpg 300w, https:\/\/oui-oui.es\/blog\/wp-content\/uploads\/2017\/02\/Oui-Oui-secci\u00f3n-FRIDA-biografia-Frida-Kahlo-Maria-Hesse-vaso-frida-peque\u00f1a-y-grande-frida-kahlo-fiesta-mexicana-768x576.jpg 768w, https:\/\/oui-oui.es\/blog\/wp-content\/uploads\/2017\/02\/Oui-Oui-secci\u00f3n-FRIDA-biografia-Frida-Kahlo-Maria-Hesse-vaso-frida-peque\u00f1a-y-grande-frida-kahlo-fiesta-mexicana-600x450.jpg 600w\" sizes=\"auto, (max-width: 1024px) 100vw, 1024px\" \/><\/a><\/p>\n<p><a href=\"http:\/\/www.oui-oui.es\/ddetalles-decoracion-boda-con-estilo\/489-topper-novios-mexicanos-calaveras.html\"><img loading=\"lazy\" decoding=\"async\" class=\"aligncenter size-large wp-image-5132\" src=\"https:\/\/oui-oui.es\/blog\/wp-content\/uploads\/2017\/02\/Oui-Oui-dia-de-los-muertos-madrid-calaca-novios-catrina-novios-calaca-con-bebe-5-e1486991681968-1024x1024.jpg\" alt=\"\" width=\"1024\" height=\"1024\" srcset=\"https:\/\/oui-oui.es\/blog\/wp-content\/uploads\/2017\/02\/Oui-Oui-dia-de-los-muertos-madrid-calaca-novios-catrina-novios-calaca-con-bebe-5-e1486991681968-1024x1024.jpg 1024w, https:\/\/oui-oui.es\/blog\/wp-content\/uploads\/2017\/02\/Oui-Oui-dia-de-los-muertos-madrid-calaca-novios-catrina-novios-calaca-con-bebe-5-e1486991681968-150x150.jpg 150w, https:\/\/oui-oui.es\/blog\/wp-content\/uploads\/2017\/02\/Oui-Oui-dia-de-los-muertos-madrid-calaca-novios-catrina-novios-calaca-con-bebe-5-e1486991681968-300x300.jpg 300w, https:\/\/oui-oui.es\/blog\/wp-content\/uploads\/2017\/02\/Oui-Oui-dia-de-los-muertos-madrid-calaca-novios-catrina-novios-calaca-con-bebe-5-e1486991681968-768x768.jpg 768w, https:\/\/oui-oui.es\/blog\/wp-content\/uploads\/2017\/02\/Oui-Oui-dia-de-los-muertos-madrid-calaca-novios-catrina-novios-calaca-con-bebe-5-e1486991681968-600x600.jpg 600w\" sizes=\"auto, (max-width: 1024px) 100vw, 1024px\" \/><\/a><\/p>\n<p>Poco a poco iremos haciendo m\u00e1s grande la secci\u00f3n y ya estamos preparando alguna sorpresa m\u00e1s para verano&#8230;Para que puedas decorar tu fiesta mexicana a todo color as\u00ed como darle un toque mexicano a tu casa u oficina \ud83d\ude09<\/p>\n<p>\u00bfOs gusta la idea? \u00bfhay alg\u00fan objeto o producto que os gustar\u00eda que traj\u00e9ramos?<\/p>\n<h2 style=\"text-align: center;\"><strong>#OuiOuilovesMexico<\/strong><\/h2>\n<p>&nbsp;<\/p>\n","protected":false},"excerpt":{"rendered":"<p>Ten\u00eda muchas ganas de lanzar esta nueva secci\u00f3n y no pod\u00eda llamarse de otra forma que FRIDA, una secci\u00f3n en la que plasmar nuestro amor por m\u00e9xico, por su cultura, colores, por su m\u00fasica, gastrono\u00eda e iconograf\u00eda&#8230;Desde el comienzo de Oui Oui hemos ido trayendo productos mexicanos gracias a nuestras c\u00f3mplices al otro lado del [&hellip;]<\/p>\n","protected":false},"author":1,"featured_media":5130,"comment_status":"open","ping_status":"open","sticky":false,"template":"","format":"standard","meta":{"jetpack_post_was_ever_published":false,"_jetpack_newsletter_access":"","_jetpack_dont_email_post_to_subs":false,"_jetpack_newsletter_tier_id":0,"_jetpack_memberships_contains_paywalled_content":false,"_jetpack_memberships_contains_paid_content":false,"footnotes":"","jetpack_publicize_message":"","jetpack_publicize_feature_enabled":true,"jetpack_social_post_already_shared":true,"jetpack_social_options":{"image_generator_settings":{"template":"highway","default_image_id":0,"font":"","enabled":false},"version":2}},"categories":[13],"tags":[794,758,793],"class_list":["post-5129","post","type-post","status-publish","format-standard","has-post-thumbnail","hentry","category-oui-oui","tag-fiestas","tag-frida","tag-mexico"],"aioseo_notices":[],"jetpack_publicize_connections":[],"jetpack_featured_media_url":"https:\/\/oui-oui.es\/blog\/wp-content\/uploads\/2017\/02\/Oui-Oui-babyshoer-Frida-mexicana-elena-bau-eventos-colorin-10.jpg","jetpack_sharing_enabled":true,"jetpack-related-posts":[{"id":5736,"url":"https:\/\/oui-oui.es\/blog\/living-mexico-vestidos-mexicanos-para-madres-e-hijas\/","url_meta":{"origin":5129,"position":0},"title":"Living M\u00e9xico | Vestidos mexicanos para madres e hijas","author":"Mar\u00eda \u2665Oui Oui\u2665","date":"14 junio, 2017","format":false,"excerpt":"Los que me conocen saben de mi pasi\u00f3n por M\u00e9xico; su gastronom\u00eda, sus colores, la iconograf\u00eda, sus tradiciones, por supuesto Frida Kahlo, cuyas pinturas, est\u00e9tica y vida me llam\u00f3 a atenci\u00f3n desde muy joven. A la vuelta de un viaje a M\u00e9xico con amigas celebr\u00e9 mi cumplea\u00f1os con una fiesta\u2026","rel":"","context":"En \u00abESTILO DE VIDA\u00bb","block_context":{"text":"ESTILO DE VIDA","link":"https:\/\/oui-oui.es\/blog\/category\/lifestyle-2\/"},"img":{"alt_text":"","src":"https:\/\/i0.wp.com\/oui-oui.es\/blog\/wp-content\/uploads\/2017\/06\/Oui-Oui-Venta-Especial-Mexico-Living-Mexico-Tiretta-Living-La-Parra-Olga-Vallejo-131.jpg?resize=350%2C200&ssl=1","width":350,"height":200,"srcset":"https:\/\/i0.wp.com\/oui-oui.es\/blog\/wp-content\/uploads\/2017\/06\/Oui-Oui-Venta-Especial-Mexico-Living-Mexico-Tiretta-Living-La-Parra-Olga-Vallejo-131.jpg?resize=350%2C200&ssl=1 1x, https:\/\/i0.wp.com\/oui-oui.es\/blog\/wp-content\/uploads\/2017\/06\/Oui-Oui-Venta-Especial-Mexico-Living-Mexico-Tiretta-Living-La-Parra-Olga-Vallejo-131.jpg?resize=525%2C300&ssl=1 1.5x, https:\/\/i0.wp.com\/oui-oui.es\/blog\/wp-content\/uploads\/2017\/06\/Oui-Oui-Venta-Especial-Mexico-Living-Mexico-Tiretta-Living-La-Parra-Olga-Vallejo-131.jpg?resize=700%2C400&ssl=1 2x, https:\/\/i0.wp.com\/oui-oui.es\/blog\/wp-content\/uploads\/2017\/06\/Oui-Oui-Venta-Especial-Mexico-Living-Mexico-Tiretta-Living-La-Parra-Olga-Vallejo-131.jpg?resize=1050%2C600&ssl=1 3x, https:\/\/i0.wp.com\/oui-oui.es\/blog\/wp-content\/uploads\/2017\/06\/Oui-Oui-Venta-Especial-Mexico-Living-Mexico-Tiretta-Living-La-Parra-Olga-Vallejo-131.jpg?resize=1400%2C800&ssl=1 4x"},"classes":[]},{"id":3794,"url":"https:\/\/oui-oui.es\/blog\/mas-descubrimientos-para-frida\/","url_meta":{"origin":5129,"position":1},"title":"M\u00e1s descubrimientos para Frida","author":"Mar\u00eda \u2665Oui Oui\u2665","date":"23 noviembre, 2015","format":false,"excerpt":"Sin darme cuenta, la forma m\u00e1s organizada de aglutinar todo lo que encuentro que me gusta para Frida es el blog, as\u00ed lo dejo escrito, con su fotito y su link, y cuando quiero repasar tengo todo en la misma etiqueta (\u00a1ay lo que han hecho las etiquetas por m\u00ed!).\u2026","rel":"","context":"En \u00abMATERNIDAD\u00bb","block_context":{"text":"MATERNIDAD","link":"https:\/\/oui-oui.es\/blog\/category\/maternidad\/"},"img":{"alt_text":"","src":"https:\/\/i0.wp.com\/oui-oui.es\/blog\/wp-content\/uploads\/2015\/11\/Oui-Oui-mantita-cisne-colette-bream.jpg?resize=350%2C200&ssl=1","width":350,"height":200,"srcset":"https:\/\/i0.wp.com\/oui-oui.es\/blog\/wp-content\/uploads\/2015\/11\/Oui-Oui-mantita-cisne-colette-bream.jpg?resize=350%2C200&ssl=1 1x, https:\/\/i0.wp.com\/oui-oui.es\/blog\/wp-content\/uploads\/2015\/11\/Oui-Oui-mantita-cisne-colette-bream.jpg?resize=525%2C300&ssl=1 1.5x, https:\/\/i0.wp.com\/oui-oui.es\/blog\/wp-content\/uploads\/2015\/11\/Oui-Oui-mantita-cisne-colette-bream.jpg?resize=700%2C400&ssl=1 2x"},"classes":[]},{"id":3915,"url":"https:\/\/oui-oui.es\/blog\/iv-wishlist-de-frida\/","url_meta":{"origin":5129,"position":2},"title":"IV Wishlist de Frida ;)","author":"Mar\u00eda \u2665Oui Oui\u2665","date":"20 enero, 2016","format":false,"excerpt":"Este fin de semana hemos organizado casi todo para la llegada de Frida, as\u00ed que voy viendo m\u00e1s claro las cosas que le faltan y alg\u00fan caprichito que quiero darle(me). Como el m\u00f3vil de cisne y plumas de Vanessa Byrne que me tiene enamorada, absolutamente delicado... La mini butaca Enmanuelle\u2026","rel":"","context":"En \u00abMATERNIDAD\u00bb","block_context":{"text":"MATERNIDAD","link":"https:\/\/oui-oui.es\/blog\/category\/maternidad\/"},"img":{"alt_text":"","src":"https:\/\/i0.wp.com\/oui-oui.es\/blog\/wp-content\/uploads\/2016\/01\/Oui-Oui-wishlist-frida-m%C3%B3bil-cuna-plumas-y-cisne.jpg?resize=350%2C200&ssl=1","width":350,"height":200,"srcset":"https:\/\/i0.wp.com\/oui-oui.es\/blog\/wp-content\/uploads\/2016\/01\/Oui-Oui-wishlist-frida-m%C3%B3bil-cuna-plumas-y-cisne.jpg?resize=350%2C200&ssl=1 1x, https:\/\/i0.wp.com\/oui-oui.es\/blog\/wp-content\/uploads\/2016\/01\/Oui-Oui-wishlist-frida-m%C3%B3bil-cuna-plumas-y-cisne.jpg?resize=525%2C300&ssl=1 1.5x, https:\/\/i0.wp.com\/oui-oui.es\/blog\/wp-content\/uploads\/2016\/01\/Oui-Oui-wishlist-frida-m%C3%B3bil-cuna-plumas-y-cisne.jpg?resize=700%2C400&ssl=1 2x"},"classes":[]},{"id":4086,"url":"https:\/\/oui-oui.es\/blog\/la-babyshower-de-frida\/","url_meta":{"origin":5129,"position":3},"title":"La babyshower de Frida","author":"Mar\u00eda \u2665Oui Oui\u2665","date":"10 marzo, 2016","format":false,"excerpt":"Ya sab\u00e9is que me encanta celebrarlo todo, con Mart\u00edn hice fiesta de revelaci\u00f3n del sexo del beb\u00e9 y mis amigas me organizaron una babyshower, con Frida no me di\u00f3 tiempo a hacer la gender reveal party, pero hice una virtual con la tarta rellena de rosa, pod\u00e9is verla aqu\u00ed. \u00a0\u2026","rel":"","context":"En \u00abBabyshowers\u00bb","block_context":{"text":"Babyshowers","link":"https:\/\/oui-oui.es\/blog\/category\/fiestas-celebraciones\/babyshowers\/"},"img":{"alt_text":"","src":"https:\/\/i0.wp.com\/oui-oui.es\/blog\/wp-content\/uploads\/2016\/03\/Oui-Oui-babyshoer-Frida-mexicana-elena-bau-eventos-colorin-9.jpg?resize=350%2C200&ssl=1","width":350,"height":200,"srcset":"https:\/\/i0.wp.com\/oui-oui.es\/blog\/wp-content\/uploads\/2016\/03\/Oui-Oui-babyshoer-Frida-mexicana-elena-bau-eventos-colorin-9.jpg?resize=350%2C200&ssl=1 1x, https:\/\/i0.wp.com\/oui-oui.es\/blog\/wp-content\/uploads\/2016\/03\/Oui-Oui-babyshoer-Frida-mexicana-elena-bau-eventos-colorin-9.jpg?resize=525%2C300&ssl=1 1.5x, https:\/\/i0.wp.com\/oui-oui.es\/blog\/wp-content\/uploads\/2016\/03\/Oui-Oui-babyshoer-Frida-mexicana-elena-bau-eventos-colorin-9.jpg?resize=700%2C400&ssl=1 2x, https:\/\/i0.wp.com\/oui-oui.es\/blog\/wp-content\/uploads\/2016\/03\/Oui-Oui-babyshoer-Frida-mexicana-elena-bau-eventos-colorin-9.jpg?resize=1050%2C600&ssl=1 3x, https:\/\/i0.wp.com\/oui-oui.es\/blog\/wp-content\/uploads\/2016\/03\/Oui-Oui-babyshoer-Frida-mexicana-elena-bau-eventos-colorin-9.jpg?resize=1400%2C800&ssl=1 4x"},"classes":[]},{"id":4310,"url":"https:\/\/oui-oui.es\/blog\/mi-pequena-frida\/","url_meta":{"origin":5129,"position":4},"title":"Mi peque\u00f1a Frida","author":"Mar\u00eda \u2665Oui Oui\u2665","date":"17 mayo, 2016","format":false,"excerpt":"Ten\u00eda muchas ganas de hacerle unas fotos de reci\u00e9n nacida a Frida, era algo que ten\u00eda en mente durante todo el embarazo, y mi amiga Elena Bau se las hizo la semana que cumpl\u00eda quince d\u00edas. Tenemos un mont\u00f3n de fotos preciosas, algunas con atrezzo parecido a las que le\u2026","rel":"","context":"En \u00abMATERNIDAD\u00bb","block_context":{"text":"MATERNIDAD","link":"https:\/\/oui-oui.es\/blog\/category\/maternidad\/"},"img":{"alt_text":"","src":"https:\/\/i0.wp.com\/oui-oui.es\/blog\/wp-content\/uploads\/2016\/05\/Oui-Oui-fotos-Frida-reci%C3%A9n-nacida-Elena-Bau-4.jpg?resize=350%2C200&ssl=1","width":350,"height":200,"srcset":"https:\/\/i0.wp.com\/oui-oui.es\/blog\/wp-content\/uploads\/2016\/05\/Oui-Oui-fotos-Frida-reci%C3%A9n-nacida-Elena-Bau-4.jpg?resize=350%2C200&ssl=1 1x, https:\/\/i0.wp.com\/oui-oui.es\/blog\/wp-content\/uploads\/2016\/05\/Oui-Oui-fotos-Frida-reci%C3%A9n-nacida-Elena-Bau-4.jpg?resize=525%2C300&ssl=1 1.5x, https:\/\/i0.wp.com\/oui-oui.es\/blog\/wp-content\/uploads\/2016\/05\/Oui-Oui-fotos-Frida-reci%C3%A9n-nacida-Elena-Bau-4.jpg?resize=700%2C400&ssl=1 2x, https:\/\/i0.wp.com\/oui-oui.es\/blog\/wp-content\/uploads\/2016\/05\/Oui-Oui-fotos-Frida-reci%C3%A9n-nacida-Elena-Bau-4.jpg?resize=1050%2C600&ssl=1 3x, https:\/\/i0.wp.com\/oui-oui.es\/blog\/wp-content\/uploads\/2016\/05\/Oui-Oui-fotos-Frida-reci%C3%A9n-nacida-Elena-Bau-4.jpg?resize=1400%2C800&ssl=1 4x"},"classes":[]},{"id":3663,"url":"https:\/\/oui-oui.es\/blog\/la-wishlist-para-frida\/","url_meta":{"origin":5129,"position":5},"title":"La wishlist para Frida","author":"Mar\u00eda \u2665Oui Oui\u2665","date":"4 noviembre, 2015","format":false,"excerpt":"A\u00fan quedan un poco m\u00e1s de tres meses pero es ahora cuando empiezo a tener las ganas de ver y buscar cosas para Frida (as\u00ed se llamar\u00e1 la ni\u00f1a que esperamos para febrero!) as\u00ed que voy a ir recopil\u00e1ndolas en mis wishlist para que no se me olviden. Hay dos\u2026","rel":"","context":"En \u00abMATERNIDAD\u00bb","block_context":{"text":"MATERNIDAD","link":"https:\/\/oui-oui.es\/blog\/category\/maternidad\/"},"img":{"alt_text":"","src":"https:\/\/i0.wp.com\/oui-oui.es\/blog\/wp-content\/uploads\/2015\/11\/Oui-Oui-libro-frida-kahlo-ni%C3%B1os-coleccion-mujeres-cuentos-ni%C3%B1os-cuento-frida-ed-alba.jpg?resize=350%2C200&ssl=1","width":350,"height":200},"classes":[]}],"_links":{"self":[{"href":"https:\/\/oui-oui.es\/blog\/wp-json\/wp\/v2\/posts\/5129","targetHints":{"allow":["GET"]}}],"collection":[{"href":"https:\/\/oui-oui.es\/blog\/wp-json\/wp\/v2\/posts"}],"about":[{"href":"https:\/\/oui-oui.es\/blog\/wp-json\/wp\/v2\/types\/post"}],"author":[{"embeddable":true,"href":"https:\/\/oui-oui.es\/blog\/wp-json\/wp\/v2\/users\/1"}],"replies":[{"embeddable":true,"href":"https:\/\/oui-oui.es\/blog\/wp-json\/wp\/v2\/comments?post=5129"}],"version-history":[{"count":1,"href":"https:\/\/oui-oui.es\/blog\/wp-json\/wp\/v2\/posts\/5129\/revisions"}],"predecessor-version":[{"id":5133,"href":"https:\/\/oui-oui.es\/blog\/wp-json\/wp\/v2\/posts\/5129\/revisions\/5133"}],"wp:featuredmedia":[{"embeddable":true,"href":"https:\/\/oui-oui.es\/blog\/wp-json\/wp\/v2\/media\/5130"}],"wp:attachment":[{"href":"https:\/\/oui-oui.es\/blog\/wp-json\/wp\/v2\/media?parent=5129"}],"wp:term":[{"taxonomy":"category","embeddable":true,"href":"https:\/\/oui-oui.es\/blog\/wp-json\/wp\/v2\/categories?post=5129"},{"taxonomy":"post_tag","embeddable":true,"href":"https:\/\/oui-oui.es\/blog\/wp-json\/wp\/v2\/tags?post=5129"}],"curies":[{"name":"wp","href":"https:\/\/api.w.org\/{rel}","templated":true}]}}