{"id":5185,"date":"2017-03-10T00:01:57","date_gmt":"2017-03-09T22:01:57","guid":{"rendered":"https:\/\/oui-oui.es\/blog\/?p=5185"},"modified":"2017-03-07T17:18:55","modified_gmt":"2017-03-07T15:18:55","slug":"3-nuevos-japos-fusion-que-no-te-puedes-perder","status":"publish","type":"post","link":"https:\/\/oui-oui.es\/blog\/3-nuevos-japos-fusion-que-no-te-puedes-perder\/","title":{"rendered":"3 nuevos japos fusi\u00f3n que no te puedes perder"},"content":{"rendered":"<p>Me chifla la comida japonesa, pero creo que me gusta a\u00fan m\u00e1s la cocina japonesa fusionada (hasta ahora, mis prefes son <strong>Nikkei 225<\/strong> y <strong>Umiko<\/strong>).<\/p>\n<p>Y, de repente, inauguran 3 <strong>restaurantes japoneses fusi\u00f3n en Madrid<\/strong> que no querr\u00e1s perderte, por su propuesta culinaria y por su decoraci\u00f3n!<\/p>\n<p>Empiezo por <strong>PEYOTE SAN <\/strong>(Marqu\u00e9s de la Ensenada,16 Tlf:\u00a0<span class=\"_Xbe _ZWk kno-fv\"><a class=\"fl r-ip5vkHokbxX0\" title=\"Llamar a trav\u00e9s de Hangouts\" data-number=\"+34910882212\" data-pstn-out-call-url=\"\" data-rtid=\"ip5vkHokbxX0\" data-ved=\"0ahUKEwjbitvw0MTSAhWlCsAKHe55ArMQkAgImwEoADAV\">91 088 22 12<\/a><\/span>).<\/p>\n<p><img loading=\"lazy\" decoding=\"async\" class=\"aligncenter size-full wp-image-5188\" src=\"https:\/\/oui-oui.es\/blog\/wp-content\/uploads\/2017\/03\/Oui-Oui-peyote-san-restaurante-mexicano-japon\u00e9s-madrid.jpg\" alt=\"\" width=\"620\" height=\"431\" srcset=\"https:\/\/oui-oui.es\/blog\/wp-content\/uploads\/2017\/03\/Oui-Oui-peyote-san-restaurante-mexicano-japon\u00e9s-madrid.jpg 620w, https:\/\/oui-oui.es\/blog\/wp-content\/uploads\/2017\/03\/Oui-Oui-peyote-san-restaurante-mexicano-japon\u00e9s-madrid-300x209.jpg 300w, https:\/\/oui-oui.es\/blog\/wp-content\/uploads\/2017\/03\/Oui-Oui-peyote-san-restaurante-mexicano-japon\u00e9s-madrid-600x417.jpg 600w\" sizes=\"auto, (max-width: 620px) 100vw, 620px\" \/><\/p>\n<p>La \u00faltima apertura del <strong>grupo Larumba<\/strong>. <strong>Fusi\u00f3n japo- mexicana<\/strong> con propuestas buen\u00edsimas (aunque ech\u00e9 de menos m\u00e1s picante) como el tartar de at\u00fan o unas tortillas relenas de frijoles que no recuerdo que llevaban encima pero estaba riqu\u00edsimas!. Tiene mucho ambiente, genial para ir con amigas a tomar una copa, aunque me gustar\u00eda repetir de d\u00eda, pues se aprecia much\u00edsimo mejor la deco (realizada por <strong>Estudio Singular<\/strong>, me chifla la cristaler\u00eda de S\u00e9rax, los <strong>sujeta palillos de cactus<\/strong>&#8230;).<\/p>\n<p>Para cuado vuelva, me pido alguno de estos platos:<\/p>\n<p><img loading=\"lazy\" decoding=\"async\" class=\"aligncenter size-full wp-image-5186\" src=\"https:\/\/oui-oui.es\/blog\/wp-content\/uploads\/2017\/03\/Oui-Oui-peyote-san-restaurante-japones-mexicano-madrid.jpg\" alt=\"\" width=\"601\" height=\"592\" srcset=\"https:\/\/oui-oui.es\/blog\/wp-content\/uploads\/2017\/03\/Oui-Oui-peyote-san-restaurante-japones-mexicano-madrid.jpg 601w, https:\/\/oui-oui.es\/blog\/wp-content\/uploads\/2017\/03\/Oui-Oui-peyote-san-restaurante-japones-mexicano-madrid-300x296.jpg 300w, https:\/\/oui-oui.es\/blog\/wp-content\/uploads\/2017\/03\/Oui-Oui-peyote-san-restaurante-japones-mexicano-madrid-600x591.jpg 600w\" sizes=\"auto, (max-width: 601px) 100vw, 601px\" \/><\/p>\n<p><img loading=\"lazy\" decoding=\"async\" class=\"aligncenter size-full wp-image-5187\" src=\"https:\/\/oui-oui.es\/blog\/wp-content\/uploads\/2017\/03\/Oui-Oui-peyote-san-restaurante-japones-mexicano-madrid-postre-paleta-pintor.jpg\" alt=\"\" width=\"598\" height=\"591\" srcset=\"https:\/\/oui-oui.es\/blog\/wp-content\/uploads\/2017\/03\/Oui-Oui-peyote-san-restaurante-japones-mexicano-madrid-postre-paleta-pintor.jpg 598w, https:\/\/oui-oui.es\/blog\/wp-content\/uploads\/2017\/03\/Oui-Oui-peyote-san-restaurante-japones-mexicano-madrid-postre-paleta-pintor-300x296.jpg 300w\" sizes=\"auto, (max-width: 598px) 100vw, 598px\" \/><\/p>\n<p><strong>ZAPEROCO<\/strong> (C\/Vel\u00e1zquez,102 Tlf: 91 410 94 09)<\/p>\n<p><img loading=\"lazy\" decoding=\"async\" class=\"aligncenter size-large wp-image-5189\" src=\"https:\/\/oui-oui.es\/blog\/wp-content\/uploads\/2017\/03\/Oui-Oui-Zaperoco-Madrid-restaurante-japones-tropical-mural-azarraluqui-1024x1024.jpg\" alt=\"\" width=\"1024\" height=\"1024\" srcset=\"https:\/\/oui-oui.es\/blog\/wp-content\/uploads\/2017\/03\/Oui-Oui-Zaperoco-Madrid-restaurante-japones-tropical-mural-azarraluqui-1024x1024.jpg 1024w, https:\/\/oui-oui.es\/blog\/wp-content\/uploads\/2017\/03\/Oui-Oui-Zaperoco-Madrid-restaurante-japones-tropical-mural-azarraluqui-150x150.jpg 150w, https:\/\/oui-oui.es\/blog\/wp-content\/uploads\/2017\/03\/Oui-Oui-Zaperoco-Madrid-restaurante-japones-tropical-mural-azarraluqui-300x300.jpg 300w, https:\/\/oui-oui.es\/blog\/wp-content\/uploads\/2017\/03\/Oui-Oui-Zaperoco-Madrid-restaurante-japones-tropical-mural-azarraluqui-768x768.jpg 768w, https:\/\/oui-oui.es\/blog\/wp-content\/uploads\/2017\/03\/Oui-Oui-Zaperoco-Madrid-restaurante-japones-tropical-mural-azarraluqui-600x600.jpg 600w, https:\/\/oui-oui.es\/blog\/wp-content\/uploads\/2017\/03\/Oui-Oui-Zaperoco-Madrid-restaurante-japones-tropical-mural-azarraluqui.jpg 1125w\" sizes=\"auto, (max-width: 1024px) 100vw, 1024px\" \/><\/p>\n<p>Una propuesta <strong>japonesa-tropical<\/strong>, decorado por el <strong>Estudio de Marta Auyanet<\/strong>, con un precioso mural de Azarraluqui.Quiero ir en breve as\u00ed que actualizar\u00e9 con mis favoritos de la carta!<\/p>\n<p><img loading=\"lazy\" decoding=\"async\" class=\"aligncenter size-large wp-image-5190\" src=\"https:\/\/oui-oui.es\/blog\/wp-content\/uploads\/2017\/03\/Oui-Oui-Zaperoco-Madrid-restaurante-japones-tropical-mural-azarraluqui-zaperoco-velazquez-1024x1024.jpg\" alt=\"\" width=\"1024\" height=\"1024\" srcset=\"https:\/\/oui-oui.es\/blog\/wp-content\/uploads\/2017\/03\/Oui-Oui-Zaperoco-Madrid-restaurante-japones-tropical-mural-azarraluqui-zaperoco-velazquez-1024x1024.jpg 1024w, https:\/\/oui-oui.es\/blog\/wp-content\/uploads\/2017\/03\/Oui-Oui-Zaperoco-Madrid-restaurante-japones-tropical-mural-azarraluqui-zaperoco-velazquez-150x150.jpg 150w, https:\/\/oui-oui.es\/blog\/wp-content\/uploads\/2017\/03\/Oui-Oui-Zaperoco-Madrid-restaurante-japones-tropical-mural-azarraluqui-zaperoco-velazquez-300x300.jpg 300w, https:\/\/oui-oui.es\/blog\/wp-content\/uploads\/2017\/03\/Oui-Oui-Zaperoco-Madrid-restaurante-japones-tropical-mural-azarraluqui-zaperoco-velazquez-768x768.jpg 768w, https:\/\/oui-oui.es\/blog\/wp-content\/uploads\/2017\/03\/Oui-Oui-Zaperoco-Madrid-restaurante-japones-tropical-mural-azarraluqui-zaperoco-velazquez-600x600.jpg 600w, https:\/\/oui-oui.es\/blog\/wp-content\/uploads\/2017\/03\/Oui-Oui-Zaperoco-Madrid-restaurante-japones-tropical-mural-azarraluqui-zaperoco-velazquez.jpg 1125w\" sizes=\"auto, (max-width: 1024px) 100vw, 1024px\" \/><\/p>\n<p><strong>CHOW CHOW <\/strong>(C\/Concha Espina,55).<\/p>\n<p><img loading=\"lazy\" decoding=\"async\" class=\"aligncenter size-full wp-image-5191\" src=\"https:\/\/oui-oui.es\/blog\/wp-content\/uploads\/2017\/03\/Oui-Oui-japones-mexicano-restaurante-chow-chow.jpg\" alt=\"\" width=\"978\" height=\"652\" srcset=\"https:\/\/oui-oui.es\/blog\/wp-content\/uploads\/2017\/03\/Oui-Oui-japones-mexicano-restaurante-chow-chow.jpg 978w, https:\/\/oui-oui.es\/blog\/wp-content\/uploads\/2017\/03\/Oui-Oui-japones-mexicano-restaurante-chow-chow-300x200.jpg 300w, https:\/\/oui-oui.es\/blog\/wp-content\/uploads\/2017\/03\/Oui-Oui-japones-mexicano-restaurante-chow-chow-768x512.jpg 768w, https:\/\/oui-oui.es\/blog\/wp-content\/uploads\/2017\/03\/Oui-Oui-japones-mexicano-restaurante-chow-chow-600x400.jpg 600w\" sizes=\"auto, (max-width: 978px) 100vw, 978px\" \/><\/p>\n<p>Del grupo Teckel y Pointer, llega un nuevo <em>cachorro <\/em>con una propuesta japonesa-mexicana fruto de la fusi\u00f3n de los chefs de los restaurantes japoneses Suntory y El Japonez, ambos en Ciudad de M\u00e9xico, concretamente en el Distrito de Polanco. La decoraci\u00f3n correr\u00e1 a cargo de <strong>Mar\u00eda Villal\u00f3n Puras<\/strong> y se supone que abr\u00edan a principios de marzo, as\u00ed que no debe quedar mucho \u00a1estad atentos!.<\/p>\n<p>Ya ten\u00e9is tres ideas para ir a cenar el finde (que viene porque seguramente \u00e9ste est\u00e9n llenos!)<\/p>\n<p>&nbsp;<\/p>\n<p>&nbsp;<\/p>\n","protected":false},"excerpt":{"rendered":"<p>Me chifla la comida japonesa, pero creo que me gusta a\u00fan m\u00e1s la cocina japonesa fusionada (hasta ahora, mis prefes son Nikkei 225 y Umiko). Y, de repente, inauguran 3 restaurantes japoneses fusi\u00f3n en Madrid que no querr\u00e1s perderte, por su propuesta culinaria y por su decoraci\u00f3n! Empiezo por PEYOTE SAN (Marqu\u00e9s de la Ensenada,16 [&hellip;]<\/p>\n","protected":false},"author":1,"featured_media":5189,"comment_status":"open","ping_status":"open","sticky":false,"template":"","format":"standard","meta":{"jetpack_post_was_ever_published":false,"_jetpack_newsletter_access":"","_jetpack_dont_email_post_to_subs":false,"_jetpack_newsletter_tier_id":0,"_jetpack_memberships_contains_paywalled_content":false,"_jetpack_memberships_contains_paid_content":false,"footnotes":"","jetpack_publicize_message":"","jetpack_publicize_feature_enabled":true,"jetpack_social_post_already_shared":true,"jetpack_social_options":{"image_generator_settings":{"template":"highway","default_image_id":0,"font":"","enabled":false},"version":2}},"categories":[769],"tags":[736],"class_list":["post-5185","post","type-post","status-publish","format-standard","has-post-thumbnail","hentry","category-la-guia-de-maria","tag-restaurantes"],"aioseo_notices":[],"jetpack_publicize_connections":[],"jetpack_featured_media_url":"https:\/\/oui-oui.es\/blog\/wp-content\/uploads\/2017\/03\/Oui-Oui-Zaperoco-Madrid-restaurante-japones-tropical-mural-azarraluqui.jpg","jetpack_sharing_enabled":true,"jetpack-related-posts":[{"id":4418,"url":"https:\/\/oui-oui.es\/blog\/restaurantes-que-tachar-en-junio\/","url_meta":{"origin":5185,"position":0},"title":"Restaurantes que tachar en junio","author":"Mar\u00eda \u2665Oui Oui\u2665","date":"8 junio, 2016","format":false,"excerpt":"Los restaurantes de este mes van a estar dedicados al Barrio de las Letras, como os contaba ayer, participaremos en DecorAcci\u00f3n y me gusta (en la medida de lo posible porque con los horarios del stand es complicado) aprovechar para tachar esos sitios que tengo pendiente por la zona y\u2026","rel":"","context":"En \u00abESTILO DE VIDA\u00bb","block_context":{"text":"ESTILO DE VIDA","link":"https:\/\/oui-oui.es\/blog\/category\/lifestyle-2\/"},"img":{"alt_text":"","src":"https:\/\/i0.wp.com\/oui-oui.es\/blog\/wp-content\/uploads\/2016\/06\/Oui-Oui-restaurantes-tachar-junio-mercado-anton-martin-buns-and-bones.jpg?resize=350%2C200&ssl=1","width":350,"height":200,"srcset":"https:\/\/i0.wp.com\/oui-oui.es\/blog\/wp-content\/uploads\/2016\/06\/Oui-Oui-restaurantes-tachar-junio-mercado-anton-martin-buns-and-bones.jpg?resize=350%2C200&ssl=1 1x, https:\/\/i0.wp.com\/oui-oui.es\/blog\/wp-content\/uploads\/2016\/06\/Oui-Oui-restaurantes-tachar-junio-mercado-anton-martin-buns-and-bones.jpg?resize=525%2C300&ssl=1 1.5x, https:\/\/i0.wp.com\/oui-oui.es\/blog\/wp-content\/uploads\/2016\/06\/Oui-Oui-restaurantes-tachar-junio-mercado-anton-martin-buns-and-bones.jpg?resize=700%2C400&ssl=1 2x"},"classes":[]},{"id":4960,"url":"https:\/\/oui-oui.es\/blog\/restaurantes-que-tachar-en-diciembre-2\/","url_meta":{"origin":5185,"position":1},"title":"Restaurantes que tachar en diciembre","author":"Mar\u00eda \u2665Oui Oui\u2665","date":"2 diciembre, 2016","format":false,"excerpt":"Tengo esta secci\u00f3n un poco abandonada, b\u00e1sicamente por falta de tiempo y porque \u00e9sta ha hecho que salga menos a comer por ah\u00ed, pero no quiero despedir el a\u00f1o, ni empezar diciembre (mes de las cenas y comidas fuera por excelencia) sin dejar, al menos plasmados, todos los restaurantes que\u2026","rel":"","context":"En \u00abLA GU\u00cdA DE MAR\u00cdA\u00bb","block_context":{"text":"LA GU\u00cdA DE MAR\u00cdA","link":"https:\/\/oui-oui.es\/blog\/category\/la-guia-de-maria\/"},"img":{"alt_text":"","src":"https:\/\/i0.wp.com\/oui-oui.es\/blog\/wp-content\/uploads\/2016\/12\/Oui-Oui-duck-and-sushi-restaurantes-cuzco-restaurantes-calle-orense-restaurantes-plaza-castilla.jpg?resize=350%2C200&ssl=1","width":350,"height":200,"srcset":"https:\/\/i0.wp.com\/oui-oui.es\/blog\/wp-content\/uploads\/2016\/12\/Oui-Oui-duck-and-sushi-restaurantes-cuzco-restaurantes-calle-orense-restaurantes-plaza-castilla.jpg?resize=350%2C200&ssl=1 1x, https:\/\/i0.wp.com\/oui-oui.es\/blog\/wp-content\/uploads\/2016\/12\/Oui-Oui-duck-and-sushi-restaurantes-cuzco-restaurantes-calle-orense-restaurantes-plaza-castilla.jpg?resize=525%2C300&ssl=1 1.5x"},"classes":[]},{"id":3897,"url":"https:\/\/oui-oui.es\/blog\/restaurantes-que-tachar-en-diciembre\/","url_meta":{"origin":5185,"position":2},"title":"Restaurantes que tachar en diciembre","author":"Mar\u00eda \u2665Oui Oui\u2665","date":"18 diciembre, 2015","format":false,"excerpt":"Es momento de cenas navide\u00f1as, si no has reservado ya en los sitios m\u00e1s de moda ser\u00e1 dif\u00edcil encontrar mesa, pero aqu\u00ed va mi selecci\u00f3n...Empezando por donde cenamos antes de ayer ;) La Vaquer\u00eda Monta\u00f1esa En el antiguo local de la Vaquer\u00eda Suiza se sit\u00faa la \u00faltima propuesta gastron\u00f3mica del\u2026","rel":"","context":"En \u00abESTILO DE VIDA\u00bb","block_context":{"text":"ESTILO DE VIDA","link":"https:\/\/oui-oui.es\/blog\/category\/lifestyle-2\/"},"img":{"alt_text":"","src":"https:\/\/i0.wp.com\/oui-oui.es\/blog\/wp-content\/uploads\/2015\/12\/Oui-Oui-restaurantes-tachar-diciembre-la-vaqueria-monta%C3%B1esa.jpg?resize=350%2C200&ssl=1","width":350,"height":200,"srcset":"https:\/\/i0.wp.com\/oui-oui.es\/blog\/wp-content\/uploads\/2015\/12\/Oui-Oui-restaurantes-tachar-diciembre-la-vaqueria-monta%C3%B1esa.jpg?resize=350%2C200&ssl=1 1x, https:\/\/i0.wp.com\/oui-oui.es\/blog\/wp-content\/uploads\/2015\/12\/Oui-Oui-restaurantes-tachar-diciembre-la-vaqueria-monta%C3%B1esa.jpg?resize=525%2C300&ssl=1 1.5x"},"classes":[]},{"id":3451,"url":"https:\/\/oui-oui.es\/blog\/restaurantes-que-tachar-en-octubre\/","url_meta":{"origin":5185,"position":3},"title":"Restaurantes que tachar en octubre","author":"Mar\u00eda \u2665Oui Oui\u2665","date":"7 octubre, 2015","format":false,"excerpt":"\u00a0 Empezamos mes y con \u00e9l tengo que actualizar mi lista de restaurantes a los que ir, ya hice la lista de septiembre y estoy content\u00edsima porque pude tachar muchos, aunque a\u00fan tengo pendientes La Pagoda, Chuka Ramen, La Chamartina y\u00a0 la terraza de Dear Hotel (el primer d\u00eda con\u2026","rel":"","context":"En \u00abESTILO DE VIDA\u00bb","block_context":{"text":"ESTILO DE VIDA","link":"https:\/\/oui-oui.es\/blog\/category\/lifestyle-2\/"},"img":{"alt_text":"","src":"https:\/\/i0.wp.com\/oui-oui.es\/blog\/wp-content\/uploads\/2015\/10\/Oui-Oui-kilometros-de-pizza-las-tablas-restaurantes-con-ni%C3%B1os-pizza-boquerones-en-vinagre.jpg?resize=350%2C200&ssl=1","width":350,"height":200,"srcset":"https:\/\/i0.wp.com\/oui-oui.es\/blog\/wp-content\/uploads\/2015\/10\/Oui-Oui-kilometros-de-pizza-las-tablas-restaurantes-con-ni%C3%B1os-pizza-boquerones-en-vinagre.jpg?resize=350%2C200&ssl=1 1x, https:\/\/i0.wp.com\/oui-oui.es\/blog\/wp-content\/uploads\/2015\/10\/Oui-Oui-kilometros-de-pizza-las-tablas-restaurantes-con-ni%C3%B1os-pizza-boquerones-en-vinagre.jpg?resize=525%2C300&ssl=1 1.5x, https:\/\/i0.wp.com\/oui-oui.es\/blog\/wp-content\/uploads\/2015\/10\/Oui-Oui-kilometros-de-pizza-las-tablas-restaurantes-con-ni%C3%B1os-pizza-boquerones-en-vinagre.jpg?resize=700%2C400&ssl=1 2x"},"classes":[]},{"id":5093,"url":"https:\/\/oui-oui.es\/blog\/restaurante-paipai\/","url_meta":{"origin":5185,"position":4},"title":"Restaurante P\u00c1IPAI","author":"Mar\u00eda \u2665Oui Oui\u2665","date":"27 enero, 2017","format":false,"excerpt":"Paso todas las ma\u00f1anas por delante, y cuando empezaron las obras y vi c\u00f3mo estaban decorando la fachada supe que iba a ser un restaurante especial...De hecho en mi mente se trataba de la nueva apertura de un gran \"grupo de restaurantes\", nada m\u00e1s lejos, detr\u00e1s del restaurante Paip\u00e1i est\u00e1\u2026","rel":"","context":"En \u00abESTILO DE VIDA\u00bb","block_context":{"text":"ESTILO DE VIDA","link":"https:\/\/oui-oui.es\/blog\/category\/lifestyle-2\/"},"img":{"alt_text":"","src":"https:\/\/i0.wp.com\/oui-oui.es\/blog\/wp-content\/uploads\/2017\/01\/Oui-Oui-restaurante-paipai-madrid-la-gu%C3%ADa-de-mar%C3%ADa-restaurantes-nueva-espa%C3%B1a-fernando-ruiz.jpg?resize=350%2C200&ssl=1","width":350,"height":200,"srcset":"https:\/\/i0.wp.com\/oui-oui.es\/blog\/wp-content\/uploads\/2017\/01\/Oui-Oui-restaurante-paipai-madrid-la-gu%C3%ADa-de-mar%C3%ADa-restaurantes-nueva-espa%C3%B1a-fernando-ruiz.jpg?resize=350%2C200&ssl=1 1x, https:\/\/i0.wp.com\/oui-oui.es\/blog\/wp-content\/uploads\/2017\/01\/Oui-Oui-restaurante-paipai-madrid-la-gu%C3%ADa-de-mar%C3%ADa-restaurantes-nueva-espa%C3%B1a-fernando-ruiz.jpg?resize=525%2C300&ssl=1 1.5x, https:\/\/i0.wp.com\/oui-oui.es\/blog\/wp-content\/uploads\/2017\/01\/Oui-Oui-restaurante-paipai-madrid-la-gu%C3%ADa-de-mar%C3%ADa-restaurantes-nueva-espa%C3%B1a-fernando-ruiz.jpg?resize=700%2C400&ssl=1 2x, https:\/\/i0.wp.com\/oui-oui.es\/blog\/wp-content\/uploads\/2017\/01\/Oui-Oui-restaurante-paipai-madrid-la-gu%C3%ADa-de-mar%C3%ADa-restaurantes-nueva-espa%C3%B1a-fernando-ruiz.jpg?resize=1050%2C600&ssl=1 3x, https:\/\/i0.wp.com\/oui-oui.es\/blog\/wp-content\/uploads\/2017\/01\/Oui-Oui-restaurante-paipai-madrid-la-gu%C3%ADa-de-mar%C3%ADa-restaurantes-nueva-espa%C3%B1a-fernando-ruiz.jpg?resize=1400%2C800&ssl=1 4x"},"classes":[]},{"id":4048,"url":"https:\/\/oui-oui.es\/blog\/restaurantes-que-tachar-en-febrero\/","url_meta":{"origin":5185,"position":5},"title":"Restaurantes que tachar en Febrero","author":"Mar\u00eda \u2665Oui Oui\u2665","date":"9 febrero, 2016","format":false,"excerpt":"Est\u00e1 claro que febrero no ser\u00e1 un mes f\u00e1cil para tachar restaurantes, me quedan unos diez d\u00edas como m\u00e1ximo para dar a luz y no s\u00e9 como nos apa\u00f1aremos siendo cuatro en casa, con la lactancia, el cansancio, etc...Pero a\u00fan as\u00ed, os dejo la lista para que pod\u00e1is tacharlos vosotros!\u2026","rel":"","context":"En \u00abESTILO DE VIDA\u00bb","block_context":{"text":"ESTILO DE VIDA","link":"https:\/\/oui-oui.es\/blog\/category\/lifestyle-2\/"},"img":{"alt_text":"","src":"https:\/\/i0.wp.com\/oui-oui.es\/blog\/wp-content\/uploads\/2016\/02\/Oui-Oui-floren-domezain-restaurante-lechuga.jpg?resize=350%2C200&ssl=1","width":350,"height":200,"srcset":"https:\/\/i0.wp.com\/oui-oui.es\/blog\/wp-content\/uploads\/2016\/02\/Oui-Oui-floren-domezain-restaurante-lechuga.jpg?resize=350%2C200&ssl=1 1x, https:\/\/i0.wp.com\/oui-oui.es\/blog\/wp-content\/uploads\/2016\/02\/Oui-Oui-floren-domezain-restaurante-lechuga.jpg?resize=525%2C300&ssl=1 1.5x"},"classes":[]}],"_links":{"self":[{"href":"https:\/\/oui-oui.es\/blog\/wp-json\/wp\/v2\/posts\/5185","targetHints":{"allow":["GET"]}}],"collection":[{"href":"https:\/\/oui-oui.es\/blog\/wp-json\/wp\/v2\/posts"}],"about":[{"href":"https:\/\/oui-oui.es\/blog\/wp-json\/wp\/v2\/types\/post"}],"author":[{"embeddable":true,"href":"https:\/\/oui-oui.es\/blog\/wp-json\/wp\/v2\/users\/1"}],"replies":[{"embeddable":true,"href":"https:\/\/oui-oui.es\/blog\/wp-json\/wp\/v2\/comments?post=5185"}],"version-history":[{"count":1,"href":"https:\/\/oui-oui.es\/blog\/wp-json\/wp\/v2\/posts\/5185\/revisions"}],"predecessor-version":[{"id":5192,"href":"https:\/\/oui-oui.es\/blog\/wp-json\/wp\/v2\/posts\/5185\/revisions\/5192"}],"wp:featuredmedia":[{"embeddable":true,"href":"https:\/\/oui-oui.es\/blog\/wp-json\/wp\/v2\/media\/5189"}],"wp:attachment":[{"href":"https:\/\/oui-oui.es\/blog\/wp-json\/wp\/v2\/media?parent=5185"}],"wp:term":[{"taxonomy":"category","embeddable":true,"href":"https:\/\/oui-oui.es\/blog\/wp-json\/wp\/v2\/categories?post=5185"},{"taxonomy":"post_tag","embeddable":true,"href":"https:\/\/oui-oui.es\/blog\/wp-json\/wp\/v2\/tags?post=5185"}],"curies":[{"name":"wp","href":"https:\/\/api.w.org\/{rel}","templated":true}]}}