{"id":5203,"date":"2017-03-15T00:01:17","date_gmt":"2017-03-14T22:01:17","guid":{"rendered":"https:\/\/oui-oui.es\/blog\/?p=5203"},"modified":"2017-03-14T13:28:33","modified_gmt":"2017-03-14T11:28:33","slug":"10-regalos-para-padres-distintos","status":"publish","type":"post","link":"https:\/\/oui-oui.es\/blog\/10-regalos-para-padres-distintos\/","title":{"rendered":"10 regalos para padres distintos"},"content":{"rendered":"<p><img loading=\"lazy\" decoding=\"async\" class=\"aligncenter size-large wp-image-5223\" src=\"https:\/\/oui-oui.es\/blog\/wp-content\/uploads\/2017\/03\/Oui-Oui-dia-del-padre-1024x768.jpg\" alt=\"\" width=\"1024\" height=\"768\" srcset=\"https:\/\/oui-oui.es\/blog\/wp-content\/uploads\/2017\/03\/Oui-Oui-dia-del-padre-1024x768.jpg 1024w, https:\/\/oui-oui.es\/blog\/wp-content\/uploads\/2017\/03\/Oui-Oui-dia-del-padre-300x225.jpg 300w, https:\/\/oui-oui.es\/blog\/wp-content\/uploads\/2017\/03\/Oui-Oui-dia-del-padre-768x576.jpg 768w, https:\/\/oui-oui.es\/blog\/wp-content\/uploads\/2017\/03\/Oui-Oui-dia-del-padre-600x450.jpg 600w\" sizes=\"auto, (max-width: 1024px) 100vw, 1024px\" \/><\/p>\n<p>Quedan cinco d\u00edas para el <a href=\"http:\/\/www.oui-oui.es\/48-para-padres\" target=\"_blank\"><strong>D\u00eda del Padre<\/strong><\/a> as\u00ed que a\u00fan est\u00e1s a tiempo de sorprenderle con algo distinto a una corbata o un jersey!, aqu\u00ed van 5 propuestas que espero que os gusten!<\/p>\n<p><strong>Para el pap\u00e1 gourmet<\/strong><\/p>\n<p><img loading=\"lazy\" decoding=\"async\" class=\"aligncenter size-large wp-image-5204\" src=\"https:\/\/oui-oui.es\/blog\/wp-content\/uploads\/2017\/03\/Oui-Oui-porron-molon-vino-noches-de-verano-1024x576.jpeg\" alt=\"\" width=\"1024\" height=\"576\" srcset=\"https:\/\/oui-oui.es\/blog\/wp-content\/uploads\/2017\/03\/Oui-Oui-porron-molon-vino-noches-de-verano-1024x576.jpeg 1024w, https:\/\/oui-oui.es\/blog\/wp-content\/uploads\/2017\/03\/Oui-Oui-porron-molon-vino-noches-de-verano-300x169.jpeg 300w, https:\/\/oui-oui.es\/blog\/wp-content\/uploads\/2017\/03\/Oui-Oui-porron-molon-vino-noches-de-verano-768x432.jpeg 768w, https:\/\/oui-oui.es\/blog\/wp-content\/uploads\/2017\/03\/Oui-Oui-porron-molon-vino-noches-de-verano-600x338.jpeg 600w, https:\/\/oui-oui.es\/blog\/wp-content\/uploads\/2017\/03\/Oui-Oui-porron-molon-vino-noches-de-verano-500x280.jpeg 500w, https:\/\/oui-oui.es\/blog\/wp-content\/uploads\/2017\/03\/Oui-Oui-porron-molon-vino-noches-de-verano.jpeg 1280w\" sizes=\"auto, (max-width: 1024px) 100vw, 1024px\" \/><\/p>\n<p>Sorpr\u00e9ndele con un porr\u00f3n, si, has le\u00eddo bien, con un <a href=\"http:\/\/www.porronmolon.com\/\" target=\"_blank\"><strong>Porr\u00f3n Mol\u00f3n<\/strong><\/a>, la re-evoluci\u00f3n del porr\u00f3n de toda la vida con mucho rollo, un homenaje a la vuelta a lo aut\u00e9ntico, y esencial que nos lleva a ese simple estado de felicidad que mola tanto&#8230;Seguro que a tu padre le trae recuerdos preciosos!, adem\u00e1s, tienen <a href=\"http:\/\/www.porronmolon.com\/los-vinos\/\" target=\"_blank\">vinos<\/a> para hacer el pack completo.<\/p>\n<p>&nbsp;<\/p>\n<p><strong>Para el pap\u00e1 amante de la monta\u00f1a<\/strong><\/p>\n<p><img loading=\"lazy\" decoding=\"async\" class=\"aligncenter size-full wp-image-5208\" src=\"https:\/\/oui-oui.es\/blog\/wp-content\/uploads\/2017\/03\/Oui-Oui-mochila-portabebes-senderismo-papa-y-bebe-en-la-monta\u00f1a.jpg\" alt=\"\" width=\"564\" height=\"317\" srcset=\"https:\/\/oui-oui.es\/blog\/wp-content\/uploads\/2017\/03\/Oui-Oui-mochila-portabebes-senderismo-papa-y-bebe-en-la-monta\u00f1a.jpg 564w, https:\/\/oui-oui.es\/blog\/wp-content\/uploads\/2017\/03\/Oui-Oui-mochila-portabebes-senderismo-papa-y-bebe-en-la-monta\u00f1a-300x169.jpg 300w, https:\/\/oui-oui.es\/blog\/wp-content\/uploads\/2017\/03\/Oui-Oui-mochila-portabebes-senderismo-papa-y-bebe-en-la-monta\u00f1a-500x280.jpg 500w\" sizes=\"auto, (max-width: 564px) 100vw, 564px\" \/><\/p>\n<p>Con una <strong>mochila portabeb\u00e9s para senderismo<\/strong> ya no habr\u00e1 excusa para no ir todos juntos de excuris\u00f3n a la monta\u00f1a, <a href=\"http:\/\/amzn.to\/2nmbz4S\" target=\"_blank\">aqu\u00ed tienes una selecci\u00f3n<\/a>, pero si ya us\u00e1is alguna me encantar\u00eda conocer vuestra opini\u00f3n, que estamos buscando una \ud83d\ude09<\/p>\n<p>Si quieres hacer un regalo m\u00e1s de detalle, las <a href=\"http:\/\/www.oui-oui.es\/buscar?controller=search&amp;orderby=position&amp;orderway=desc&amp;search-cat-select=0&amp;search_query=acampada&amp;submit_search=\" target=\"_blank\"><strong>tazas para aventureros<\/strong><\/a>, o el set con <a href=\"http:\/\/www.oui-oui.es\/decoracion-con-estilo\/1205-termo-camping.html\" target=\"_blank\"><strong>cantimplora<\/strong><\/a> y <a href=\"http:\/\/www.oui-oui.es\/decoracion-con-estilo\/1206-kit-1-auxilios.html\" target=\"_blank\"><strong>botiqu\u00edn<\/strong><\/a> son un \u00e9xito entre los chicos, adem\u00e1s, al ser la taza de metal, es erfecta para tener en la oficina y rellenar con el caf\u00e9 de la m\u00e1quina, as\u00ed parece que tienen un trocito de monta\u00f1a en la ofi \ud83d\ude09<\/p>\n<p><a href=\"http:\/\/www.oui-oui.es\/48-para-padres\"><img loading=\"lazy\" decoding=\"async\" class=\"aligncenter size-large wp-image-5206\" src=\"https:\/\/oui-oui.es\/blog\/wp-content\/uploads\/2017\/03\/Oui-Oui-set-acampada-tazas-acampada-cantimplora-acampada-wanderlust-1024x684.jpg\" alt=\"\" width=\"1024\" height=\"684\" srcset=\"https:\/\/oui-oui.es\/blog\/wp-content\/uploads\/2017\/03\/Oui-Oui-set-acampada-tazas-acampada-cantimplora-acampada-wanderlust-1024x684.jpg 1024w, https:\/\/oui-oui.es\/blog\/wp-content\/uploads\/2017\/03\/Oui-Oui-set-acampada-tazas-acampada-cantimplora-acampada-wanderlust-300x200.jpg 300w, https:\/\/oui-oui.es\/blog\/wp-content\/uploads\/2017\/03\/Oui-Oui-set-acampada-tazas-acampada-cantimplora-acampada-wanderlust-768x513.jpg 768w, https:\/\/oui-oui.es\/blog\/wp-content\/uploads\/2017\/03\/Oui-Oui-set-acampada-tazas-acampada-cantimplora-acampada-wanderlust-600x400.jpg 600w, https:\/\/oui-oui.es\/blog\/wp-content\/uploads\/2017\/03\/Oui-Oui-set-acampada-tazas-acampada-cantimplora-acampada-wanderlust.jpg 2048w\" sizes=\"auto, (max-width: 1024px) 100vw, 1024px\" \/><\/a><\/p>\n<p>O la <strong><a href=\"http:\/\/www.oui-oui.es\/decoracion-con-estilo\/1277-hucha-aventuras.html\" target=\"_blank\">hucha para aventuras<\/a><\/strong> , para que disfrute planificando ese viaje s\u00f3lo o con amigos que todo pade deber\u00eda hacer una vez al a\u00f1o!<\/p>\n<p><a href=\"http:\/\/www.oui-oui.es\/decoracion-con-estilo\/1277-hucha-aventuras.html\"><img loading=\"lazy\" decoding=\"async\" class=\"aligncenter size-large wp-image-5207\" src=\"https:\/\/oui-oui.es\/blog\/wp-content\/uploads\/2017\/03\/Oui-Oui-hucha-aventuras-9\u20ac-1024x1024.jpg\" alt=\"\" width=\"1024\" height=\"1024\" srcset=\"https:\/\/oui-oui.es\/blog\/wp-content\/uploads\/2017\/03\/Oui-Oui-hucha-aventuras-9\u20ac-1024x1024.jpg 1024w, https:\/\/oui-oui.es\/blog\/wp-content\/uploads\/2017\/03\/Oui-Oui-hucha-aventuras-9\u20ac-150x150.jpg 150w, https:\/\/oui-oui.es\/blog\/wp-content\/uploads\/2017\/03\/Oui-Oui-hucha-aventuras-9\u20ac-300x300.jpg 300w, https:\/\/oui-oui.es\/blog\/wp-content\/uploads\/2017\/03\/Oui-Oui-hucha-aventuras-9\u20ac-768x768.jpg 768w, https:\/\/oui-oui.es\/blog\/wp-content\/uploads\/2017\/03\/Oui-Oui-hucha-aventuras-9\u20ac-600x600.jpg 600w\" sizes=\"auto, (max-width: 1024px) 100vw, 1024px\" \/><\/a><\/p>\n<p><strong>Para el pap\u00e1 familiar<\/strong><\/p>\n<p><a href=\"http:\/\/www.martamachin.com\/sesiones2\/sesion-dia-del-padre-2017\/\"><img loading=\"lazy\" decoding=\"async\" class=\"aligncenter size-large wp-image-5205\" src=\"https:\/\/oui-oui.es\/blog\/wp-content\/uploads\/2017\/03\/Oui-Oui-sesiones-familiares-daddy-and-me-marta-machin-photography-1024x684.jpg\" alt=\"\" width=\"1024\" height=\"684\" srcset=\"https:\/\/oui-oui.es\/blog\/wp-content\/uploads\/2017\/03\/Oui-Oui-sesiones-familiares-daddy-and-me-marta-machin-photography-1024x684.jpg 1024w, https:\/\/oui-oui.es\/blog\/wp-content\/uploads\/2017\/03\/Oui-Oui-sesiones-familiares-daddy-and-me-marta-machin-photography-300x200.jpg 300w, https:\/\/oui-oui.es\/blog\/wp-content\/uploads\/2017\/03\/Oui-Oui-sesiones-familiares-daddy-and-me-marta-machin-photography-768x513.jpg 768w, https:\/\/oui-oui.es\/blog\/wp-content\/uploads\/2017\/03\/Oui-Oui-sesiones-familiares-daddy-and-me-marta-machin-photography-600x401.jpg 600w, https:\/\/oui-oui.es\/blog\/wp-content\/uploads\/2017\/03\/Oui-Oui-sesiones-familiares-daddy-and-me-marta-machin-photography.jpg 2000w\" sizes=\"auto, (max-width: 1024px) 100vw, 1024px\" \/><\/a><\/p>\n<p>Una <strong>sesi\u00f3n de fotos padre-hijos<\/strong> en la que tambi\u00e9n puede colarse la madre y tener un precioso recuerdo para toda la familia! <a href=\"http:\/\/www.martamachin.com\" target=\"_blank\"><strong>Marta Mach\u00edn<\/strong><\/a> ha creado las <strong><a href=\"http:\/\/www.martamachin.com\/sesiones2\/sesion-dia-del-padre-2017\/\" target=\"_blank\">sesiones Daddy &amp; Me<\/a><\/strong>, que se llevar\u00e1n a cabo el s\u00e1bado 18 de marzo y que son el regalo perfecto; plan el s\u00e1bado por la ma\u00f1ana en el parque y regalito para pap\u00e1! yo tengo varias fotos familiares de ella y son una pasada!<\/p>\n<p><strong>Para el pap\u00e1 viajero<\/strong><\/p>\n<p>Para ese padre que se pasa la semana de avi\u00f3n en avi\u00f3n, nada m\u00e1s divertido que el <a href=\"http:\/\/www.oui-oui.es\/decoracion-con-estilo\/927-felpudo-aeropuerto.html\" target=\"_blank\"><strong>felpudo aeropuerto<\/strong><\/a>, con apartado de entradas y salidas \ud83d\ude09 Si queire redonder al regalo, la <a href=\"https:\/\/www.uyuni.eu\/es\/\" target=\"_blank\"><strong>maleta patinete de Uyuni<\/strong><\/a> es genial (y si la compras con el C\u00f3digo OUIOUI tendr\u00e1n un regalito extra!)<\/p>\n<p><a href=\"http:\/\/www.oui-oui.es\/decoracion-con-estilo\/927-felpudo-aeropuerto.html\"><img loading=\"lazy\" decoding=\"async\" class=\"aligncenter size-large wp-image-5221\" src=\"https:\/\/oui-oui.es\/blog\/wp-content\/uploads\/2017\/03\/Oui-Oui-Felpudo-Aeropuerto-felpudo-arrivals-departures-felpudo-aeropuerto-fisura-1024x1024.jpg\" alt=\"\" width=\"1024\" height=\"1024\" srcset=\"https:\/\/oui-oui.es\/blog\/wp-content\/uploads\/2017\/03\/Oui-Oui-Felpudo-Aeropuerto-felpudo-arrivals-departures-felpudo-aeropuerto-fisura-1024x1024.jpg 1024w, https:\/\/oui-oui.es\/blog\/wp-content\/uploads\/2017\/03\/Oui-Oui-Felpudo-Aeropuerto-felpudo-arrivals-departures-felpudo-aeropuerto-fisura-150x150.jpg 150w, https:\/\/oui-oui.es\/blog\/wp-content\/uploads\/2017\/03\/Oui-Oui-Felpudo-Aeropuerto-felpudo-arrivals-departures-felpudo-aeropuerto-fisura-300x300.jpg 300w, https:\/\/oui-oui.es\/blog\/wp-content\/uploads\/2017\/03\/Oui-Oui-Felpudo-Aeropuerto-felpudo-arrivals-departures-felpudo-aeropuerto-fisura-768x768.jpg 768w, https:\/\/oui-oui.es\/blog\/wp-content\/uploads\/2017\/03\/Oui-Oui-Felpudo-Aeropuerto-felpudo-arrivals-departures-felpudo-aeropuerto-fisura-600x600.jpg 600w\" sizes=\"auto, (max-width: 1024px) 100vw, 1024px\" \/><\/a><\/p>\n<p><strong>Para el pap\u00e1 fashion<\/strong><\/p>\n<p><img loading=\"lazy\" decoding=\"async\" class=\"aligncenter size-large wp-image-5212\" src=\"https:\/\/oui-oui.es\/blog\/wp-content\/uploads\/2017\/03\/Oui-Oui-dia-del-padre-ba\u00f1adores-a-juego-padre-hija-padre-hijo-Ocoly-1-1024x1017.jpg\" alt=\"\" width=\"1024\" height=\"1017\" srcset=\"https:\/\/oui-oui.es\/blog\/wp-content\/uploads\/2017\/03\/Oui-Oui-dia-del-padre-ba\u00f1adores-a-juego-padre-hija-padre-hijo-Ocoly-1-1024x1017.jpg 1024w, https:\/\/oui-oui.es\/blog\/wp-content\/uploads\/2017\/03\/Oui-Oui-dia-del-padre-ba\u00f1adores-a-juego-padre-hija-padre-hijo-Ocoly-1-150x150.jpg 150w, https:\/\/oui-oui.es\/blog\/wp-content\/uploads\/2017\/03\/Oui-Oui-dia-del-padre-ba\u00f1adores-a-juego-padre-hija-padre-hijo-Ocoly-1-300x298.jpg 300w, https:\/\/oui-oui.es\/blog\/wp-content\/uploads\/2017\/03\/Oui-Oui-dia-del-padre-ba\u00f1adores-a-juego-padre-hija-padre-hijo-Ocoly-1-768x763.jpg 768w, https:\/\/oui-oui.es\/blog\/wp-content\/uploads\/2017\/03\/Oui-Oui-dia-del-padre-ba\u00f1adores-a-juego-padre-hija-padre-hijo-Ocoly-1-600x596.jpg 600w, https:\/\/oui-oui.es\/blog\/wp-content\/uploads\/2017\/03\/Oui-Oui-dia-del-padre-ba\u00f1adores-a-juego-padre-hija-padre-hijo-Ocoly-1.jpg 1125w\" sizes=\"auto, (max-width: 1024px) 100vw, 1024px\" \/><\/p>\n<p>Unos <strong><a href=\"https:\/\/ocoly.com\/es\/\" target=\"_blank\">ba\u00f1adores a juego con sus hijos<\/a><\/strong>, sean ni\u00f1o o ni\u00f1a, hay bastantes estampados a elegir para hombre, en ni\u00f1os unos cuatro, creo que me quedo con el de tiburones ;), \u00e9stos son de la marca <a href=\"https:\/\/ocoly.com\/es\/\" target=\"_blank\">Ocoly<\/a><\/p>\n<p><img loading=\"lazy\" decoding=\"async\" class=\"aligncenter size-large wp-image-5211\" src=\"https:\/\/oui-oui.es\/blog\/wp-content\/uploads\/2017\/03\/Oui-Oui-dia-del-padre-ba\u00f1adores-a-juego-padre-hija-padre-hijo-Ocoly-1024x771.jpg\" alt=\"\" width=\"1024\" height=\"771\" srcset=\"https:\/\/oui-oui.es\/blog\/wp-content\/uploads\/2017\/03\/Oui-Oui-dia-del-padre-ba\u00f1adores-a-juego-padre-hija-padre-hijo-Ocoly-1024x771.jpg 1024w, https:\/\/oui-oui.es\/blog\/wp-content\/uploads\/2017\/03\/Oui-Oui-dia-del-padre-ba\u00f1adores-a-juego-padre-hija-padre-hijo-Ocoly-300x226.jpg 300w, https:\/\/oui-oui.es\/blog\/wp-content\/uploads\/2017\/03\/Oui-Oui-dia-del-padre-ba\u00f1adores-a-juego-padre-hija-padre-hijo-Ocoly-768x579.jpg 768w, https:\/\/oui-oui.es\/blog\/wp-content\/uploads\/2017\/03\/Oui-Oui-dia-del-padre-ba\u00f1adores-a-juego-padre-hija-padre-hijo-Ocoly-600x452.jpg 600w, https:\/\/oui-oui.es\/blog\/wp-content\/uploads\/2017\/03\/Oui-Oui-dia-del-padre-ba\u00f1adores-a-juego-padre-hija-padre-hijo-Ocoly.jpg 1119w\" sizes=\"auto, (max-width: 1024px) 100vw, 1024px\" \/><\/p>\n<p>&nbsp;<\/p>\n<p><strong>Para el pap\u00e1 deco<\/strong><\/p>\n<p>Parece que a un padre nunca se le regala algo de decoraci\u00f3n&#8230;\u00a1Gran error porque hay muchos a los que les encanta!, un detalle mon\u00edsimo son estos <a href=\"http:\/\/www.oui-oui.es\/decoracion-con-estilo\/1220-posavasos-marmol.html\" target=\"_blank\"><strong>posavados de m\u00e1rmol<\/strong><\/a>, para cuando tenga su momento relax con un vino o una cerve.<\/p>\n<p><a href=\"http:\/\/www.oui-oui.es\/decoracion-con-estilo\/1220-posavasos-marmol.html\"><img loading=\"lazy\" decoding=\"async\" class=\"aligncenter size-large wp-image-5210\" src=\"https:\/\/oui-oui.es\/blog\/wp-content\/uploads\/2017\/03\/Oui-Oui-posavasos-m\u00e1rbol-blanco-vasos-tallados-1024x1024.jpg\" alt=\"\" width=\"1024\" height=\"1024\" srcset=\"https:\/\/oui-oui.es\/blog\/wp-content\/uploads\/2017\/03\/Oui-Oui-posavasos-m\u00e1rbol-blanco-vasos-tallados-1024x1024.jpg 1024w, https:\/\/oui-oui.es\/blog\/wp-content\/uploads\/2017\/03\/Oui-Oui-posavasos-m\u00e1rbol-blanco-vasos-tallados-150x150.jpg 150w, https:\/\/oui-oui.es\/blog\/wp-content\/uploads\/2017\/03\/Oui-Oui-posavasos-m\u00e1rbol-blanco-vasos-tallados-300x300.jpg 300w, https:\/\/oui-oui.es\/blog\/wp-content\/uploads\/2017\/03\/Oui-Oui-posavasos-m\u00e1rbol-blanco-vasos-tallados-768x768.jpg 768w, https:\/\/oui-oui.es\/blog\/wp-content\/uploads\/2017\/03\/Oui-Oui-posavasos-m\u00e1rbol-blanco-vasos-tallados-600x600.jpg 600w\" sizes=\"auto, (max-width: 1024px) 100vw, 1024px\" \/><\/a><\/p>\n<p>&nbsp;<\/p>\n<p>&nbsp;<\/p>\n<p>&nbsp;<\/p>\n<p>&nbsp;<\/p>\n","protected":false},"excerpt":{"rendered":"<p>Quedan cinco d\u00edas para el D\u00eda del Padre as\u00ed que a\u00fan est\u00e1s a tiempo de sorprenderle con algo distinto a una corbata o un jersey!, aqu\u00ed van 5 propuestas que espero que os gusten! Para el pap\u00e1 gourmet Sorpr\u00e9ndele con un porr\u00f3n, si, has le\u00eddo bien, con un Porr\u00f3n Mol\u00f3n, la re-evoluci\u00f3n del porr\u00f3n de [&hellip;]<\/p>\n","protected":false},"author":1,"featured_media":5208,"comment_status":"open","ping_status":"open","sticky":false,"template":"","format":"standard","meta":{"jetpack_post_was_ever_published":false,"_jetpack_newsletter_access":"","_jetpack_dont_email_post_to_subs":false,"_jetpack_newsletter_tier_id":0,"_jetpack_memberships_contains_paywalled_content":false,"_jetpack_memberships_contains_paid_content":false,"footnotes":"","jetpack_publicize_message":"","jetpack_publicize_feature_enabled":true,"jetpack_social_post_already_shared":true,"jetpack_social_options":{"image_generator_settings":{"template":"highway","default_image_id":0,"font":"","enabled":false},"version":2}},"categories":[24],"tags":[744,797,536,695,734],"class_list":["post-5203","post","type-post","status-publish","format-standard","has-post-thumbnail","hentry","category-a-un-hombrenoviomaridopadre","tag-decoracion","tag-dia-del-padre","tag-fotografia","tag-gastro","tag-regalos"],"aioseo_notices":[],"jetpack_publicize_connections":[],"jetpack_featured_media_url":"https:\/\/oui-oui.es\/blog\/wp-content\/uploads\/2017\/03\/Oui-Oui-mochila-portabebes-senderismo-papa-y-bebe-en-la-monta\u00f1a.jpg","jetpack_sharing_enabled":true,"jetpack-related-posts":[{"id":2005,"url":"https:\/\/oui-oui.es\/blog\/5-regalos-diferentes-para-el-dia-del-padre\/","url_meta":{"origin":5203,"position":0},"title":"5 regalos diferentes para el d\u00eda del Padre","author":"Mar\u00eda \u2665Oui Oui\u2665","date":"16 marzo, 2015","format":false,"excerpt":"\u00a0 Ahora que me toca hacer dos regalos del d\u00eda del padre (uno al m\u00edo y otra al de Mart\u00edn), me doy cuenta de la diferencia de enfoque a la hora de regalar como hija o como madre, as\u00ed, para regalar a mi padre hay que devanarse los sesos porque\u2026","rel":"","context":"En \u00abD\u00eda del Padre\u00bb","block_context":{"text":"D\u00eda del Padre","link":"https:\/\/oui-oui.es\/blog\/category\/no-se-que-regalar\/dia-del-padre\/"},"img":{"alt_text":"","src":"https:\/\/i0.wp.com\/oui-oui.es\/blog\/wp-content\/uploads\/2015\/03\/oui-oui-cojc3adn-reservado-para-papc3a1-reserved-for-dad.jpg?resize=350%2C200&ssl=1","width":350,"height":200,"srcset":"https:\/\/i0.wp.com\/oui-oui.es\/blog\/wp-content\/uploads\/2015\/03\/oui-oui-cojc3adn-reservado-para-papc3a1-reserved-for-dad.jpg?resize=350%2C200&ssl=1 1x, https:\/\/i0.wp.com\/oui-oui.es\/blog\/wp-content\/uploads\/2015\/03\/oui-oui-cojc3adn-reservado-para-papc3a1-reserved-for-dad.jpg?resize=525%2C300&ssl=1 1.5x"},"classes":[]},{"id":3451,"url":"https:\/\/oui-oui.es\/blog\/restaurantes-que-tachar-en-octubre\/","url_meta":{"origin":5203,"position":1},"title":"Restaurantes que tachar en octubre","author":"Mar\u00eda \u2665Oui Oui\u2665","date":"7 octubre, 2015","format":false,"excerpt":"\u00a0 Empezamos mes y con \u00e9l tengo que actualizar mi lista de restaurantes a los que ir, ya hice la lista de septiembre y estoy content\u00edsima porque pude tachar muchos, aunque a\u00fan tengo pendientes La Pagoda, Chuka Ramen, La Chamartina y\u00a0 la terraza de Dear Hotel (el primer d\u00eda con\u2026","rel":"","context":"En \u00abESTILO DE VIDA\u00bb","block_context":{"text":"ESTILO DE VIDA","link":"https:\/\/oui-oui.es\/blog\/category\/lifestyle-2\/"},"img":{"alt_text":"","src":"https:\/\/i0.wp.com\/oui-oui.es\/blog\/wp-content\/uploads\/2015\/10\/Oui-Oui-kilometros-de-pizza-las-tablas-restaurantes-con-ni%C3%B1os-pizza-boquerones-en-vinagre.jpg?resize=350%2C200&ssl=1","width":350,"height":200,"srcset":"https:\/\/i0.wp.com\/oui-oui.es\/blog\/wp-content\/uploads\/2015\/10\/Oui-Oui-kilometros-de-pizza-las-tablas-restaurantes-con-ni%C3%B1os-pizza-boquerones-en-vinagre.jpg?resize=350%2C200&ssl=1 1x, https:\/\/i0.wp.com\/oui-oui.es\/blog\/wp-content\/uploads\/2015\/10\/Oui-Oui-kilometros-de-pizza-las-tablas-restaurantes-con-ni%C3%B1os-pizza-boquerones-en-vinagre.jpg?resize=525%2C300&ssl=1 1.5x, https:\/\/i0.wp.com\/oui-oui.es\/blog\/wp-content\/uploads\/2015\/10\/Oui-Oui-kilometros-de-pizza-las-tablas-restaurantes-con-ni%C3%B1os-pizza-boquerones-en-vinagre.jpg?resize=700%2C400&ssl=1 2x"},"classes":[]},{"id":5001,"url":"https:\/\/oui-oui.es\/blog\/5-regalos-para-un-chico\/","url_meta":{"origin":5203,"position":2},"title":"5 regalos para un chico","author":"Mar\u00eda \u2665Oui Oui\u2665","date":"20 diciembre, 2016","format":false,"excerpt":"Sin duda son los m\u00e1s dif\u00edciles de regalar, en general no quieren nada, o quieren cosas muy concretas pero que nos parecen tan divertidas de regalar. Parece dif\u00edcil sorprenderles as\u00ed que espero ayudaros con esta peque\u00f1a selecci\u00f3n ;) Un set de acampada Sorpr\u00e9ndele con una taza como las que ten\u00eda\u2026","rel":"","context":"En \u00abA un chico\u00bb","block_context":{"text":"A un chico","link":"https:\/\/oui-oui.es\/blog\/category\/no-se-que-regalar\/a-un-chico\/"},"img":{"alt_text":"","src":"https:\/\/i0.wp.com\/oui-oui.es\/blog\/wp-content\/uploads\/2016\/12\/Oui-Oui-regalo-original-chicos-barberias-madrid-barberia-malayerba.png?resize=350%2C200&ssl=1","width":350,"height":200,"srcset":"https:\/\/i0.wp.com\/oui-oui.es\/blog\/wp-content\/uploads\/2016\/12\/Oui-Oui-regalo-original-chicos-barberias-madrid-barberia-malayerba.png?resize=350%2C200&ssl=1 1x, https:\/\/i0.wp.com\/oui-oui.es\/blog\/wp-content\/uploads\/2016\/12\/Oui-Oui-regalo-original-chicos-barberias-madrid-barberia-malayerba.png?resize=525%2C300&ssl=1 1.5x"},"classes":[]},{"id":4616,"url":"https:\/\/oui-oui.es\/blog\/mi-pequenita-fridala-cancion\/","url_meta":{"origin":5203,"position":3},"title":"Mi peque\u00f1ita Frida; la canci\u00f3n","author":"Mar\u00eda \u2665Oui Oui\u2665","date":"8 julio, 2016","format":false,"excerpt":"Hace un par de meses recibimos uno de los regalos m\u00e1s originales, bonitos (\u00a1y pr\u00e1cticos!) que pod\u00edamos imaginar...Una nana personalizada para Frida, una canci\u00f3n de dos minutos pensada y compuesta para ayudarla a tranquilizarse y a dormir. La letra, la melod\u00eda y, sobretodo, la voz, son preciosas. Manuela, la creadora\u2026","rel":"","context":"En \u00abA un hombre\/ novio\/ marido\/ padre\u00bb","block_context":{"text":"A un hombre\/ novio\/ marido\/ padre","link":"https:\/\/oui-oui.es\/blog\/category\/no-se-que-regalar\/a-un-hombrenoviomaridopadre\/"},"img":{"alt_text":"","src":"https:\/\/i0.wp.com\/oui-oui.es\/blog\/wp-content\/uploads\/2016\/07\/Oui-Oui-te-compongo-tu-cancion-mi-pequ%C3%B1ita-Frida.jpg?resize=350%2C200&ssl=1","width":350,"height":200,"srcset":"https:\/\/i0.wp.com\/oui-oui.es\/blog\/wp-content\/uploads\/2016\/07\/Oui-Oui-te-compongo-tu-cancion-mi-pequ%C3%B1ita-Frida.jpg?resize=350%2C200&ssl=1 1x, https:\/\/i0.wp.com\/oui-oui.es\/blog\/wp-content\/uploads\/2016\/07\/Oui-Oui-te-compongo-tu-cancion-mi-pequ%C3%B1ita-Frida.jpg?resize=525%2C300&ssl=1 1.5x, https:\/\/i0.wp.com\/oui-oui.es\/blog\/wp-content\/uploads\/2016\/07\/Oui-Oui-te-compongo-tu-cancion-mi-pequ%C3%B1ita-Frida.jpg?resize=700%2C400&ssl=1 2x, https:\/\/i0.wp.com\/oui-oui.es\/blog\/wp-content\/uploads\/2016\/07\/Oui-Oui-te-compongo-tu-cancion-mi-pequ%C3%B1ita-Frida.jpg?resize=1050%2C600&ssl=1 3x, https:\/\/i0.wp.com\/oui-oui.es\/blog\/wp-content\/uploads\/2016\/07\/Oui-Oui-te-compongo-tu-cancion-mi-pequ%C3%B1ita-Frida.jpg?resize=1400%2C800&ssl=1 4x"},"classes":[]},{"id":10003,"url":"https:\/\/oui-oui.es\/blog\/la-puerta-del-ratoncito-perez-de-friends\/","url_meta":{"origin":5203,"position":4},"title":"La puerta del ratoncito P\u00e9rez de Friends","author":"Mar\u00eda \u2665Oui Oui\u2665","date":"22 julio, 2019","format":false,"excerpt":"Soy s\u00faper fan de Friends, recuerdo cuando me descubri\u00f3 la serie mi amigo Miguel en el instituto y c\u00f3mo me enganch\u00e9 a verla a medio d\u00eda y luego la vi durante a\u00f1os como plan cuando nos qued\u00e1bamos en casa. Me llev\u00e9 una decepci\u00f3n cuando fui a New York y descubr\u00ed\u2026","rel":"","context":"En \u00abA un hombre\/ novio\/ marido\/ padre\u00bb","block_context":{"text":"A un hombre\/ novio\/ marido\/ padre","link":"https:\/\/oui-oui.es\/blog\/category\/no-se-que-regalar\/a-un-hombrenoviomaridopadre\/"},"img":{"alt_text":"","src":"https:\/\/i0.wp.com\/oui-oui.es\/blog\/wp-content\/uploads\/2019\/07\/Oui-Oui-puerta-ratoncito-perez-friends.-friends-door-puerta-friends-miniatura-puerta-friends.jpg?resize=350%2C200&ssl=1","width":350,"height":200,"srcset":"https:\/\/i0.wp.com\/oui-oui.es\/blog\/wp-content\/uploads\/2019\/07\/Oui-Oui-puerta-ratoncito-perez-friends.-friends-door-puerta-friends-miniatura-puerta-friends.jpg?resize=350%2C200&ssl=1 1x, https:\/\/i0.wp.com\/oui-oui.es\/blog\/wp-content\/uploads\/2019\/07\/Oui-Oui-puerta-ratoncito-perez-friends.-friends-door-puerta-friends-miniatura-puerta-friends.jpg?resize=525%2C300&ssl=1 1.5x, https:\/\/i0.wp.com\/oui-oui.es\/blog\/wp-content\/uploads\/2019\/07\/Oui-Oui-puerta-ratoncito-perez-friends.-friends-door-puerta-friends-miniatura-puerta-friends.jpg?resize=700%2C400&ssl=1 2x, https:\/\/i0.wp.com\/oui-oui.es\/blog\/wp-content\/uploads\/2019\/07\/Oui-Oui-puerta-ratoncito-perez-friends.-friends-door-puerta-friends-miniatura-puerta-friends.jpg?resize=1050%2C600&ssl=1 3x, https:\/\/i0.wp.com\/oui-oui.es\/blog\/wp-content\/uploads\/2019\/07\/Oui-Oui-puerta-ratoncito-perez-friends.-friends-door-puerta-friends-miniatura-puerta-friends.jpg?resize=1400%2C800&ssl=1 4x"},"classes":[]},{"id":652,"url":"https:\/\/oui-oui.es\/blog\/sorprende-el-dia-de-la-madre-con-algo-diferente\/","url_meta":{"origin":5203,"position":5},"title":"Sorprende el d\u00eda de la madre con algo diferente","author":"Mar\u00eda \u2665Oui Oui\u2665","date":"24 abril, 2013","format":false,"excerpt":"\u00bfPensando a\u00fan qu\u00e9 regalar este a\u00f1o a tu madre para variar entre flores, perfumes, un pa\u00f1uelo...? Yo ya s\u00e9 lo que le voy a regalar a la m\u00eda, no lo puedo desvelar porque lee el blog ;) pero si a\u00fan no sab\u00e9is que regalarla os doy varias ideas que tenemos\u2026","rel":"","context":"En \u00abA una futura o reciente mam\u00e1\u00bb","block_context":{"text":"A una futura o reciente mam\u00e1","link":"https:\/\/oui-oui.es\/blog\/category\/no-se-que-regalar\/a-una-futura-o-reciente-mama\/"},"img":{"alt_text":"","src":"https:\/\/i0.wp.com\/oui-oui.es\/blog\/wp-content\/uploads\/oui-oui-ideas-originales-dia-de-la-madre-regalos-diferentes-regalo-personalizado-mamc3a1s-recientes.jpg?resize=350%2C200&ssl=1","width":350,"height":200},"classes":[]}],"_links":{"self":[{"href":"https:\/\/oui-oui.es\/blog\/wp-json\/wp\/v2\/posts\/5203","targetHints":{"allow":["GET"]}}],"collection":[{"href":"https:\/\/oui-oui.es\/blog\/wp-json\/wp\/v2\/posts"}],"about":[{"href":"https:\/\/oui-oui.es\/blog\/wp-json\/wp\/v2\/types\/post"}],"author":[{"embeddable":true,"href":"https:\/\/oui-oui.es\/blog\/wp-json\/wp\/v2\/users\/1"}],"replies":[{"embeddable":true,"href":"https:\/\/oui-oui.es\/blog\/wp-json\/wp\/v2\/comments?post=5203"}],"version-history":[{"count":4,"href":"https:\/\/oui-oui.es\/blog\/wp-json\/wp\/v2\/posts\/5203\/revisions"}],"predecessor-version":[{"id":5224,"href":"https:\/\/oui-oui.es\/blog\/wp-json\/wp\/v2\/posts\/5203\/revisions\/5224"}],"wp:featuredmedia":[{"embeddable":true,"href":"https:\/\/oui-oui.es\/blog\/wp-json\/wp\/v2\/media\/5208"}],"wp:attachment":[{"href":"https:\/\/oui-oui.es\/blog\/wp-json\/wp\/v2\/media?parent=5203"}],"wp:term":[{"taxonomy":"category","embeddable":true,"href":"https:\/\/oui-oui.es\/blog\/wp-json\/wp\/v2\/categories?post=5203"},{"taxonomy":"post_tag","embeddable":true,"href":"https:\/\/oui-oui.es\/blog\/wp-json\/wp\/v2\/tags?post=5203"}],"curies":[{"name":"wp","href":"https:\/\/api.w.org\/{rel}","templated":true}]}}