{"id":524,"date":"2013-01-31T00:00:54","date_gmt":"2013-01-30T23:00:54","guid":{"rendered":"http:\/\/ouiouiblog.wordpress.com\/?p=524"},"modified":"2013-01-31T00:00:54","modified_gmt":"2013-01-30T23:00:54","slug":"os-vamos-a-dar-la-lata","status":"publish","type":"post","link":"https:\/\/oui-oui.es\/blog\/os-vamos-a-dar-la-lata\/","title":{"rendered":"Os vamos a dar la lata"},"content":{"rendered":"<p style=\"text-align:center;\"><a href=\"https:\/\/oui-oui.es\/blog\/wp-content\/uploads\/oui-oui-blog-supernatural-superserio-estudio-disec3b1o.jpg\"><img loading=\"lazy\" decoding=\"async\" class=\"aligncenter size-full wp-image-528\" alt=\"Oui Oui blog-supernatural superserio-estudio dise\u00f1o\" src=\"https:\/\/oui-oui.es\/blog\/wp-content\/uploads\/oui-oui-blog-supernatural-superserio-estudio-disec3b1o.jpg\" width=\"529\" height=\"529\" srcset=\"https:\/\/oui-oui.es\/blog\/wp-content\/uploads\/oui-oui-blog-supernatural-superserio-estudio-disec3b1o.jpg 600w, https:\/\/oui-oui.es\/blog\/wp-content\/uploads\/oui-oui-blog-supernatural-superserio-estudio-disec3b1o-150x150.jpg 150w, https:\/\/oui-oui.es\/blog\/wp-content\/uploads\/oui-oui-blog-supernatural-superserio-estudio-disec3b1o-300x300.jpg 300w\" sizes=\"auto, (max-width: 529px) 100vw, 529px\" \/><\/a><\/p>\n<p style=\"text-align:center;\">Si est\u00e1s buscando unas <strong>invitaciones que se salgan de lo normal<\/strong> sin caer en horteradas, seguro que te gustar\u00e1n \u00e9stas creadas por <a href=\"http:\/\/supersuperserio.wordpress.com\/\" target=\"_blank\"><strong>Supernatural Superserio<\/strong><\/a> (a m\u00ed el nombre del estudio de dise\u00f1o ya me encanta, sobretodo al pronunciarlo en alto).<a href=\"https:\/\/oui-oui.es\/blog\/wp-content\/uploads\/oui-oui-blog-invitaciones-boda-originales-lata-supernatural-superserio-1.jpg\"><img loading=\"lazy\" decoding=\"async\" class=\"aligncenter size-full wp-image-525\" alt=\"Oui Oui blog-invitaciones boda originales-lata-supernatural superserio (1)\" src=\"https:\/\/oui-oui.es\/blog\/wp-content\/uploads\/oui-oui-blog-invitaciones-boda-originales-lata-supernatural-superserio-1.jpg\" width=\"487\" height=\"324\" srcset=\"https:\/\/oui-oui.es\/blog\/wp-content\/uploads\/oui-oui-blog-invitaciones-boda-originales-lata-supernatural-superserio-1.jpg 487w, https:\/\/oui-oui.es\/blog\/wp-content\/uploads\/oui-oui-blog-invitaciones-boda-originales-lata-supernatural-superserio-1-300x199.jpg 300w\" sizes=\"auto, (max-width: 487px) 100vw, 487px\" \/><\/a><\/p>\n<p style=\"text-align:center;\">Arriesgaron creando unas <strong>in<\/strong><strong>vitaciones en lat<\/strong><strong>a de conserva<\/strong>, en sus exterior aparec\u00eda el nombre de los novios y el <strong>\u00abconsumir preferentemente antes de\u00bb<\/strong> con la <strong>fecha de la boda<\/strong>, y en su interior una tela con el t\u00edtulo <strong>\u00abos vamos a dar la lata\u00bb<\/strong> y todas las <strong>indicaciones para la boda.<\/strong><\/p>\n<p style=\"text-align:center;\"><a href=\"https:\/\/oui-oui.es\/blog\/wp-content\/uploads\/oui-oui-blog-invitaciones-boda-originales-lata-supernatural-superserio-2.jpg\"><img loading=\"lazy\" decoding=\"async\" class=\"aligncenter size-full wp-image-526\" alt=\"Oui Oui blog-invitaciones boda originales-lata-supernatural superserio (2)\" src=\"https:\/\/oui-oui.es\/blog\/wp-content\/uploads\/oui-oui-blog-invitaciones-boda-originales-lata-supernatural-superserio-2.jpg\" width=\"487\" height=\"323\" srcset=\"https:\/\/oui-oui.es\/blog\/wp-content\/uploads\/oui-oui-blog-invitaciones-boda-originales-lata-supernatural-superserio-2.jpg 487w, https:\/\/oui-oui.es\/blog\/wp-content\/uploads\/oui-oui-blog-invitaciones-boda-originales-lata-supernatural-superserio-2-300x198.jpg 300w\" sizes=\"auto, (max-width: 487px) 100vw, 487px\" \/><\/a><\/p>\n<p style=\"text-align:center;\">Adem\u00e1s de lo original de la propuesta, quisieron <strong>reciclar las latas<\/strong> y <strong>hacer part\u00edcipes a los invitados<\/strong> el d\u00eda de la boda con ella, invit\u00e1ndoles a <strong>llevarse la lata y atarla en el coche de los novios<\/strong> de forma que acabase arrastrando muchas hasta el restaurante.<\/p>\n<p style=\"text-align:center;\"><a href=\"https:\/\/oui-oui.es\/blog\/wp-content\/uploads\/oui-oui-blog-invitaciones-boda-originales-lata-supernatural-superserio-3.jpg\"><img loading=\"lazy\" decoding=\"async\" class=\"aligncenter size-full wp-image-527\" alt=\"Oui Oui blog-invitaciones boda originales-lata-supernatural superserio (3)\" src=\"https:\/\/oui-oui.es\/blog\/wp-content\/uploads\/oui-oui-blog-invitaciones-boda-originales-lata-supernatural-superserio-3.jpg\" width=\"487\" height=\"223\" srcset=\"https:\/\/oui-oui.es\/blog\/wp-content\/uploads\/oui-oui-blog-invitaciones-boda-originales-lata-supernatural-superserio-3.jpg 487w, https:\/\/oui-oui.es\/blog\/wp-content\/uploads\/oui-oui-blog-invitaciones-boda-originales-lata-supernatural-superserio-3-300x137.jpg 300w\" sizes=\"auto, (max-width: 487px) 100vw, 487px\" \/><\/a><\/p>\n<p style=\"text-align:center;\">Enhorabuena al estudio <a href=\"http:\/\/supersuperserio.wordpress.com\/\" target=\"_blank\">Supernatural Superserio<\/a> y a los novios, si le\u00e9is \u00e9sto&#8230;<strong>Ense\u00f1adnos una foto de las latas en el coche!!<\/strong><\/p>\n<p>&nbsp;<\/p>\n","protected":false},"excerpt":{"rendered":"<p>Si est\u00e1s buscando unas invitaciones que se salgan de lo normal sin caer en horteradas, seguro que te gustar\u00e1n \u00e9stas creadas por Supernatural Superserio (a m\u00ed el nombre del estudio de dise\u00f1o ya me encanta, sobretodo al pronunciarlo en alto). Arriesgaron creando unas invitaciones en lata de conserva, en sus exterior aparec\u00eda el nombre de [&hellip;]<\/p>\n","protected":false},"author":1,"featured_media":528,"comment_status":"open","ping_status":"open","sticky":false,"template":"","format":"standard","meta":{"jetpack_post_was_ever_published":false,"_jetpack_newsletter_access":"","_jetpack_dont_email_post_to_subs":false,"_jetpack_newsletter_tier_id":0,"_jetpack_memberships_contains_paywalled_content":false,"_jetpack_memberships_contains_paid_content":false,"footnotes":"","jetpack_publicize_message":"","jetpack_publicize_feature_enabled":true,"jetpack_social_post_already_shared":false,"jetpack_social_options":{"image_generator_settings":{"template":"highway","default_image_id":0,"font":"","enabled":false},"version":2}},"categories":[704],"tags":[728],"class_list":["post-524","post","type-post","status-publish","format-standard","has-post-thumbnail","hentry","category-boda","tag-invitaciones-de-boda"],"aioseo_notices":[],"jetpack_publicize_connections":[],"jetpack_featured_media_url":"https:\/\/oui-oui.es\/blog\/wp-content\/uploads\/oui-oui-blog-supernatural-superserio-estudio-disec3b1o.jpg","jetpack_sharing_enabled":true,"jetpack-related-posts":[{"id":434,"url":"https:\/\/oui-oui.es\/blog\/una-invitacion-de-boda-diferente-arroz-nupcial\/","url_meta":{"origin":524,"position":0},"title":"Una invitaci\u00f3n de boda diferente, arroz nupcial","author":"Mar\u00eda \u2665Oui Oui\u2665","date":"14 enero, 2013","format":false,"excerpt":"Hoy os traigo una invitaci\u00f3n de boda diferente, me ha gustado porque juega con un elemento cl\u00e1sico en las bodas como es el arroz pero lo descontexualiza, una invitaci\u00f3n de boda que en realidad es un saquito de arroz. Personalmente no soy de tirar arroz en las bodas ni lo\u2026","rel":"","context":"En \u00abBoda\u00bb","block_context":{"text":"Boda","link":"https:\/\/oui-oui.es\/blog\/category\/fiestas-celebraciones\/boda\/"},"img":{"alt_text":"","src":"https:\/\/i0.wp.com\/oui-oui.es\/blog\/wp-content\/uploads\/2013\/01\/oui-oui-blog-invitaciones-boda-originales-arroz-nupcial-menudostudio-1.jpg?resize=350%2C200&ssl=1","width":350,"height":200,"srcset":"https:\/\/i0.wp.com\/oui-oui.es\/blog\/wp-content\/uploads\/2013\/01\/oui-oui-blog-invitaciones-boda-originales-arroz-nupcial-menudostudio-1.jpg?resize=350%2C200&ssl=1 1x, https:\/\/i0.wp.com\/oui-oui.es\/blog\/wp-content\/uploads\/2013\/01\/oui-oui-blog-invitaciones-boda-originales-arroz-nupcial-menudostudio-1.jpg?resize=525%2C300&ssl=1 1.5x"},"classes":[]},{"id":457,"url":"https:\/\/oui-oui.es\/blog\/querida-valentina-invitaciones-para-una-boda-rustica-chic\/","url_meta":{"origin":524,"position":1},"title":"Querida Valentina&#8230;Invitaciones para una boda r\u00fastica-chic","author":"Mar\u00eda \u2665Oui Oui\u2665","date":"21 enero, 2013","format":false,"excerpt":"Cuando organizas una boda lo que menos tienes es tiempo y tener que pedir cita previa para cualquier cosa se hace muy pesado, Querida Valentina se di\u00f3 cuenta y ofrece un dise\u00f1o natural y muy cuidado en toda la papeler\u00eda de la boda a un solo click. Es decir, puedes\u2026","rel":"","context":"En \u00abBoda\u00bb","block_context":{"text":"Boda","link":"https:\/\/oui-oui.es\/blog\/category\/fiestas-celebraciones\/boda\/"},"img":{"alt_text":"","src":"https:\/\/i0.wp.com\/oui-oui.es\/blog\/wp-content\/uploads\/oui-oui-querida-valentina-invitaciones-rustico-chic.jpg?resize=350%2C200&ssl=1","width":350,"height":200,"srcset":"https:\/\/i0.wp.com\/oui-oui.es\/blog\/wp-content\/uploads\/oui-oui-querida-valentina-invitaciones-rustico-chic.jpg?resize=350%2C200&ssl=1 1x, https:\/\/i0.wp.com\/oui-oui.es\/blog\/wp-content\/uploads\/oui-oui-querida-valentina-invitaciones-rustico-chic.jpg?resize=525%2C300&ssl=1 1.5x, https:\/\/i0.wp.com\/oui-oui.es\/blog\/wp-content\/uploads\/oui-oui-querida-valentina-invitaciones-rustico-chic.jpg?resize=700%2C400&ssl=1 2x"},"classes":[]},{"id":449,"url":"https:\/\/oui-oui.es\/blog\/5-cosas-que-hacer-nada-mas-comprometerte\/","url_meta":{"origin":524,"position":2},"title":"5 cosas que hacer nada m\u00e1s comprometerte","author":"Mar\u00eda \u2665Oui Oui\u2665","date":"16 enero, 2013","format":false,"excerpt":"Hoy hace dos a\u00f1os que anunciamos p\u00fablicamente que est\u00e1bamos comprometidos y que nos cas\u00e1bamos en ocho meses. Digo p\u00fablicamente porque \u00c1lvaro me lo pidi\u00f3 una semana antes, pero est\u00e1bamos esquiando, solos fuera de Espa\u00f1a, y fu\u00e9 nuestro secreto durante una semana. Una de las cosas que recuerdo con m\u00e1s ilusi\u00f3n\u2026","rel":"","context":"En \u00abBoda\u00bb","block_context":{"text":"Boda","link":"https:\/\/oui-oui.es\/blog\/category\/fiestas-celebraciones\/boda\/"},"img":{"alt_text":"","src":"https:\/\/i0.wp.com\/oui-oui.es\/blog\/wp-content\/uploads\/oui-oui-blog-taza-casate-conmigo.jpg?resize=350%2C200&ssl=1","width":350,"height":200,"srcset":"https:\/\/i0.wp.com\/oui-oui.es\/blog\/wp-content\/uploads\/oui-oui-blog-taza-casate-conmigo.jpg?resize=350%2C200&ssl=1 1x, https:\/\/i0.wp.com\/oui-oui.es\/blog\/wp-content\/uploads\/oui-oui-blog-taza-casate-conmigo.jpg?resize=525%2C300&ssl=1 1.5x"},"classes":[]},{"id":2120,"url":"https:\/\/oui-oui.es\/blog\/quieres-una-boda-diy-no-te-pierdas-mi-evento-handmade\/","url_meta":{"origin":524,"position":3},"title":"\u00bfQuieres una boda DIY? no te pierdas \u00abMi evento handmade\u00bb","author":"Mar\u00eda \u2665Oui Oui\u2665","date":"24 abril, 2015","format":false,"excerpt":"\u00a0 Hace un par de semanas pasamos una tarde muy divertida aprendiendo a hacer diferentes cosas que pudieran ayudarnos si organiz\u00e1bamos nuestra propia boda, fiesta o evento, aprendimos a carvar sellos; una disciplina muy relajante que os recomiendo si no la conoc\u00e9is! , hicimos nuestra propia cajita (que pod\u00edamos haber\u2026","rel":"","context":"En \u00abBoda\u00bb","block_context":{"text":"Boda","link":"https:\/\/oui-oui.es\/blog\/category\/fiestas-celebraciones\/boda\/"},"img":{"alt_text":"","src":"https:\/\/i0.wp.com\/oui-oui.es\/blog\/wp-content\/uploads\/2015\/04\/oui-oui-mi-evento-handmade-lettering-bodas-packaging-bodas-centros-flores-diy-tijeras-torre-eiffel.jpg?resize=350%2C200&ssl=1","width":350,"height":200},"classes":[]},{"id":3517,"url":"https:\/\/oui-oui.es\/blog\/el-palacio-de-fresneda\/","url_meta":{"origin":524,"position":4},"title":"El Palacio de Fresneda","author":"Mar\u00eda \u2665Oui Oui\u2665","date":"27 octubre, 2015","format":false,"excerpt":"Hace un par de semanasestuve conociendo el Palacio de la Fresneda, ubicado junto con sus incre\u00edbles jardines dentro de la finca La Granjilla que fu\u00e9 ordenada construir por el rey Felipe II en el siglo XVI como su quinta de recreo y jard\u00edn familiar junto al Monasterio de El Escorial.\u2026","rel":"","context":"En \u00abBoda\u00bb","block_context":{"text":"Boda","link":"https:\/\/oui-oui.es\/blog\/category\/fiestas-celebraciones\/boda\/"},"img":{"alt_text":"","src":"https:\/\/i0.wp.com\/oui-oui.es\/blog\/wp-content\/uploads\/2015\/10\/Oui-Oui-lago-palacio-de-la-fresneda.jpg?resize=350%2C200&ssl=1","width":350,"height":200,"srcset":"https:\/\/i0.wp.com\/oui-oui.es\/blog\/wp-content\/uploads\/2015\/10\/Oui-Oui-lago-palacio-de-la-fresneda.jpg?resize=350%2C200&ssl=1 1x, https:\/\/i0.wp.com\/oui-oui.es\/blog\/wp-content\/uploads\/2015\/10\/Oui-Oui-lago-palacio-de-la-fresneda.jpg?resize=525%2C300&ssl=1 1.5x"},"classes":[]},{"id":3735,"url":"https:\/\/oui-oui.es\/blog\/love-lab-days-casarse-en-asturias\/","url_meta":{"origin":524,"position":5},"title":"Love Lab Days | Casarse en Asturias","author":"Mar\u00eda \u2665Oui Oui\u2665","date":"17 noviembre, 2015","format":false,"excerpt":"Hace unas semanas hice un viaje rel\u00e1mpago a Gij\u00f3n (os lo adelantaba aqu\u00ed) para asistir a la fiesta de inauguraci\u00f3n de Love Lab Days , una no feria de bodas que reun\u00eda a lo mejorcito del sector nupcial asturiano (y alg\u00fan que otro invitado de fuera, tambi\u00e9n genial!), despu\u00e9s de\u2026","rel":"","context":"En \u00abBoda\u00bb","block_context":{"text":"Boda","link":"https:\/\/oui-oui.es\/blog\/category\/fiestas-celebraciones\/boda\/"},"img":{"alt_text":"","src":"https:\/\/i0.wp.com\/oui-oui.es\/blog\/wp-content\/uploads\/2015\/11\/Oui-Oui-lovelabdays-gijon-2015-fotos-jfk-imagen-social1-99.jpg?resize=350%2C200&ssl=1","width":350,"height":200,"srcset":"https:\/\/i0.wp.com\/oui-oui.es\/blog\/wp-content\/uploads\/2015\/11\/Oui-Oui-lovelabdays-gijon-2015-fotos-jfk-imagen-social1-99.jpg?resize=350%2C200&ssl=1 1x, https:\/\/i0.wp.com\/oui-oui.es\/blog\/wp-content\/uploads\/2015\/11\/Oui-Oui-lovelabdays-gijon-2015-fotos-jfk-imagen-social1-99.jpg?resize=525%2C300&ssl=1 1.5x, https:\/\/i0.wp.com\/oui-oui.es\/blog\/wp-content\/uploads\/2015\/11\/Oui-Oui-lovelabdays-gijon-2015-fotos-jfk-imagen-social1-99.jpg?resize=700%2C400&ssl=1 2x, https:\/\/i0.wp.com\/oui-oui.es\/blog\/wp-content\/uploads\/2015\/11\/Oui-Oui-lovelabdays-gijon-2015-fotos-jfk-imagen-social1-99.jpg?resize=1050%2C600&ssl=1 3x"},"classes":[]}],"_links":{"self":[{"href":"https:\/\/oui-oui.es\/blog\/wp-json\/wp\/v2\/posts\/524","targetHints":{"allow":["GET"]}}],"collection":[{"href":"https:\/\/oui-oui.es\/blog\/wp-json\/wp\/v2\/posts"}],"about":[{"href":"https:\/\/oui-oui.es\/blog\/wp-json\/wp\/v2\/types\/post"}],"author":[{"embeddable":true,"href":"https:\/\/oui-oui.es\/blog\/wp-json\/wp\/v2\/users\/1"}],"replies":[{"embeddable":true,"href":"https:\/\/oui-oui.es\/blog\/wp-json\/wp\/v2\/comments?post=524"}],"version-history":[{"count":0,"href":"https:\/\/oui-oui.es\/blog\/wp-json\/wp\/v2\/posts\/524\/revisions"}],"wp:featuredmedia":[{"embeddable":true,"href":"https:\/\/oui-oui.es\/blog\/wp-json\/wp\/v2\/media\/528"}],"wp:attachment":[{"href":"https:\/\/oui-oui.es\/blog\/wp-json\/wp\/v2\/media?parent=524"}],"wp:term":[{"taxonomy":"category","embeddable":true,"href":"https:\/\/oui-oui.es\/blog\/wp-json\/wp\/v2\/categories?post=524"},{"taxonomy":"post_tag","embeddable":true,"href":"https:\/\/oui-oui.es\/blog\/wp-json\/wp\/v2\/tags?post=524"}],"curies":[{"name":"wp","href":"https:\/\/api.w.org\/{rel}","templated":true}]}}