{"id":5258,"date":"2017-03-31T00:01:01","date_gmt":"2017-03-30T22:01:01","guid":{"rendered":"https:\/\/oui-oui.es\/blog\/?p=5258"},"modified":"2017-04-04T09:47:46","modified_gmt":"2017-04-04T07:47:46","slug":"6-banadores-que-me-chiflan","status":"publish","type":"post","link":"https:\/\/oui-oui.es\/blog\/6-banadores-que-me-chiflan\/","title":{"rendered":"6 ba\u00f1adores que me chiflan"},"content":{"rendered":"<p><img loading=\"lazy\" decoding=\"async\" class=\"aligncenter size-large wp-image-5260\" src=\"https:\/\/oui-oui.es\/blog\/wp-content\/uploads\/2017\/03\/Oui-Oui-ba\u00f1adores-con-estilo-ba\u00f1adores-monos-verano-2017-calipige-1024x1024.jpg\" alt=\"\" width=\"1024\" height=\"1024\" srcset=\"https:\/\/oui-oui.es\/blog\/wp-content\/uploads\/2017\/03\/Oui-Oui-ba\u00f1adores-con-estilo-ba\u00f1adores-monos-verano-2017-calipige-1024x1024.jpg 1024w, https:\/\/oui-oui.es\/blog\/wp-content\/uploads\/2017\/03\/Oui-Oui-ba\u00f1adores-con-estilo-ba\u00f1adores-monos-verano-2017-calipige-150x150.jpg 150w, https:\/\/oui-oui.es\/blog\/wp-content\/uploads\/2017\/03\/Oui-Oui-ba\u00f1adores-con-estilo-ba\u00f1adores-monos-verano-2017-calipige-300x300.jpg 300w, https:\/\/oui-oui.es\/blog\/wp-content\/uploads\/2017\/03\/Oui-Oui-ba\u00f1adores-con-estilo-ba\u00f1adores-monos-verano-2017-calipige-768x768.jpg 768w, https:\/\/oui-oui.es\/blog\/wp-content\/uploads\/2017\/03\/Oui-Oui-ba\u00f1adores-con-estilo-ba\u00f1adores-monos-verano-2017-calipige-600x600.jpg 600w, https:\/\/oui-oui.es\/blog\/wp-content\/uploads\/2017\/03\/Oui-Oui-ba\u00f1adores-con-estilo-ba\u00f1adores-monos-verano-2017-calipige.jpg 1125w\" sizes=\"auto, (max-width: 1024px) 100vw, 1024px\" \/><\/p>\n<p>Queda poco para poder darnos nuestro <strong>primer ba\u00f1o del a\u00f1o<\/strong>; ya sea en Semana Santa o bien en el Puente de Mayo, y las marcas ya est\u00e1n presentando sus <strong>propuestas para este verano<\/strong>&#8230;La experiencia me dice que las mejores prendas salen ahora y no quedan en junio as\u00ed que yo ya estoy en modo \u00abb\u00fasqueda de ba\u00f1ador\u00bb&#8230;El otro d\u00eda descubr\u00ed la marca <a href=\"http:\/\/www.calipige.com\/fr\/\" target=\"_blank\"><strong>Calipige<\/strong><\/a> que ME CHIFL\u00d3 (no es barata, eso es cierto), pero tanto los ba\u00f1adores (o trajes de ba\u00f1o) como los biquinies tienen un dise\u00f1o de 10.<\/p>\n<p><img loading=\"lazy\" decoding=\"async\" class=\"aligncenter size-large wp-image-5265\" src=\"https:\/\/oui-oui.es\/blog\/wp-content\/uploads\/2017\/03\/Oui-Oui-ba\u00f1adores-con-estilo-ba\u00f1adores-monos-verano-2017-calipige-ba\u00f1ador-volantes-blanco-1-1024x1024.jpg\" alt=\"\" width=\"1024\" height=\"1024\" srcset=\"https:\/\/oui-oui.es\/blog\/wp-content\/uploads\/2017\/03\/Oui-Oui-ba\u00f1adores-con-estilo-ba\u00f1adores-monos-verano-2017-calipige-ba\u00f1ador-volantes-blanco-1-1024x1024.jpg 1024w, https:\/\/oui-oui.es\/blog\/wp-content\/uploads\/2017\/03\/Oui-Oui-ba\u00f1adores-con-estilo-ba\u00f1adores-monos-verano-2017-calipige-ba\u00f1ador-volantes-blanco-1-150x150.jpg 150w, https:\/\/oui-oui.es\/blog\/wp-content\/uploads\/2017\/03\/Oui-Oui-ba\u00f1adores-con-estilo-ba\u00f1adores-monos-verano-2017-calipige-ba\u00f1ador-volantes-blanco-1-300x300.jpg 300w, https:\/\/oui-oui.es\/blog\/wp-content\/uploads\/2017\/03\/Oui-Oui-ba\u00f1adores-con-estilo-ba\u00f1adores-monos-verano-2017-calipige-ba\u00f1ador-volantes-blanco-1-768x768.jpg 768w, https:\/\/oui-oui.es\/blog\/wp-content\/uploads\/2017\/03\/Oui-Oui-ba\u00f1adores-con-estilo-ba\u00f1adores-monos-verano-2017-calipige-ba\u00f1ador-volantes-blanco-1-600x600.jpg 600w, https:\/\/oui-oui.es\/blog\/wp-content\/uploads\/2017\/03\/Oui-Oui-ba\u00f1adores-con-estilo-ba\u00f1adores-monos-verano-2017-calipige-ba\u00f1ador-volantes-blanco-1.jpg 1125w\" sizes=\"auto, (max-width: 1024px) 100vw, 1024px\" \/><\/p>\n<p><img loading=\"lazy\" decoding=\"async\" class=\"aligncenter size-large wp-image-5266\" src=\"https:\/\/oui-oui.es\/blog\/wp-content\/uploads\/2017\/03\/Oui-Oui-ba\u00f1adores-con-estilo-ba\u00f1adores-monos-verano-2017-calipige-ba\u00f1ador-volantes-blanco-espalda-1-1024x1024.jpg\" alt=\"\" width=\"1024\" height=\"1024\" srcset=\"https:\/\/oui-oui.es\/blog\/wp-content\/uploads\/2017\/03\/Oui-Oui-ba\u00f1adores-con-estilo-ba\u00f1adores-monos-verano-2017-calipige-ba\u00f1ador-volantes-blanco-espalda-1-1024x1024.jpg 1024w, https:\/\/oui-oui.es\/blog\/wp-content\/uploads\/2017\/03\/Oui-Oui-ba\u00f1adores-con-estilo-ba\u00f1adores-monos-verano-2017-calipige-ba\u00f1ador-volantes-blanco-espalda-1-150x150.jpg 150w, https:\/\/oui-oui.es\/blog\/wp-content\/uploads\/2017\/03\/Oui-Oui-ba\u00f1adores-con-estilo-ba\u00f1adores-monos-verano-2017-calipige-ba\u00f1ador-volantes-blanco-espalda-1-300x300.jpg 300w, https:\/\/oui-oui.es\/blog\/wp-content\/uploads\/2017\/03\/Oui-Oui-ba\u00f1adores-con-estilo-ba\u00f1adores-monos-verano-2017-calipige-ba\u00f1ador-volantes-blanco-espalda-1-768x768.jpg 768w, https:\/\/oui-oui.es\/blog\/wp-content\/uploads\/2017\/03\/Oui-Oui-ba\u00f1adores-con-estilo-ba\u00f1adores-monos-verano-2017-calipige-ba\u00f1ador-volantes-blanco-espalda-1-600x600.jpg 600w, https:\/\/oui-oui.es\/blog\/wp-content\/uploads\/2017\/03\/Oui-Oui-ba\u00f1adores-con-estilo-ba\u00f1adores-monos-verano-2017-calipige-ba\u00f1ador-volantes-blanco-espalda-1.jpg 1125w\" sizes=\"auto, (max-width: 1024px) 100vw, 1024px\" \/><\/p>\n<p><a href=\"http:\/\/www.oui-oui.es\/buscar?controller=search&amp;orderby=position&amp;orderway=desc&amp;search-cat-select=0&amp;search_query=flotador&amp;submit_search=\"><img loading=\"lazy\" decoding=\"async\" class=\"aligncenter size-large wp-image-5263\" src=\"https:\/\/oui-oui.es\/blog\/wp-content\/uploads\/2017\/03\/Oui-Oui-ba\u00f1adores-con-estilo-ba\u00f1adores-monos-verano-2017-calipige-ba\u00f1ador-volantes-verde-2-1024x683.jpg\" alt=\"\" width=\"1024\" height=\"683\" srcset=\"https:\/\/oui-oui.es\/blog\/wp-content\/uploads\/2017\/03\/Oui-Oui-ba\u00f1adores-con-estilo-ba\u00f1adores-monos-verano-2017-calipige-ba\u00f1ador-volantes-verde-2-1024x683.jpg 1024w, https:\/\/oui-oui.es\/blog\/wp-content\/uploads\/2017\/03\/Oui-Oui-ba\u00f1adores-con-estilo-ba\u00f1adores-monos-verano-2017-calipige-ba\u00f1ador-volantes-verde-2-300x200.jpg 300w, https:\/\/oui-oui.es\/blog\/wp-content\/uploads\/2017\/03\/Oui-Oui-ba\u00f1adores-con-estilo-ba\u00f1adores-monos-verano-2017-calipige-ba\u00f1ador-volantes-verde-2-768x512.jpg 768w, https:\/\/oui-oui.es\/blog\/wp-content\/uploads\/2017\/03\/Oui-Oui-ba\u00f1adores-con-estilo-ba\u00f1adores-monos-verano-2017-calipige-ba\u00f1ador-volantes-verde-2-600x400.jpg 600w, https:\/\/oui-oui.es\/blog\/wp-content\/uploads\/2017\/03\/Oui-Oui-ba\u00f1adores-con-estilo-ba\u00f1adores-monos-verano-2017-calipige-ba\u00f1ador-volantes-verde-2.jpg 1125w\" sizes=\"auto, (max-width: 1024px) 100vw, 1024px\" \/><\/a><\/p>\n<p>Por cierto, si queires un <strong>flotador gigante<\/strong> como el de la foto los tienes <strong><a href=\"http:\/\/www.oui-oui.es\/buscar?controller=search&amp;orderby=position&amp;orderway=desc&amp;search-cat-select=0&amp;search_query=flotador&amp;submit_search=\" target=\"_blank\">AQU\u00cd<\/a><\/strong><\/p>\n<p>&nbsp;<\/p>\n<p><img loading=\"lazy\" decoding=\"async\" class=\"aligncenter size-large wp-image-5264\" src=\"https:\/\/oui-oui.es\/blog\/wp-content\/uploads\/2017\/03\/Oui-Oui-ba\u00f1adores-con-estilo-ba\u00f1adores-monos-verano-2017-calipige-rosa-fluor-1024x1024.jpg\" alt=\"\" width=\"1024\" height=\"1024\" srcset=\"https:\/\/oui-oui.es\/blog\/wp-content\/uploads\/2017\/03\/Oui-Oui-ba\u00f1adores-con-estilo-ba\u00f1adores-monos-verano-2017-calipige-rosa-fluor-1024x1024.jpg 1024w, https:\/\/oui-oui.es\/blog\/wp-content\/uploads\/2017\/03\/Oui-Oui-ba\u00f1adores-con-estilo-ba\u00f1adores-monos-verano-2017-calipige-rosa-fluor-150x150.jpg 150w, https:\/\/oui-oui.es\/blog\/wp-content\/uploads\/2017\/03\/Oui-Oui-ba\u00f1adores-con-estilo-ba\u00f1adores-monos-verano-2017-calipige-rosa-fluor-300x300.jpg 300w, https:\/\/oui-oui.es\/blog\/wp-content\/uploads\/2017\/03\/Oui-Oui-ba\u00f1adores-con-estilo-ba\u00f1adores-monos-verano-2017-calipige-rosa-fluor-768x768.jpg 768w, https:\/\/oui-oui.es\/blog\/wp-content\/uploads\/2017\/03\/Oui-Oui-ba\u00f1adores-con-estilo-ba\u00f1adores-monos-verano-2017-calipige-rosa-fluor-600x600.jpg 600w, https:\/\/oui-oui.es\/blog\/wp-content\/uploads\/2017\/03\/Oui-Oui-ba\u00f1adores-con-estilo-ba\u00f1adores-monos-verano-2017-calipige-rosa-fluor.jpg 1125w\" sizes=\"auto, (max-width: 1024px) 100vw, 1024px\" \/><\/p>\n<p>Tambi\u00e9n me encant\u00f3 este ba\u00f1ador de <a href=\"https:\/\/www.bethrichards.com\/\" target=\"_blank\"><strong>BETH RICHARDS<\/strong><\/a> (fuera de presupuesto, la verdad).<\/p>\n<p><img loading=\"lazy\" decoding=\"async\" class=\"aligncenter size-full wp-image-5259\" src=\"https:\/\/oui-oui.es\/blog\/wp-content\/uploads\/2017\/03\/Oui-Oui-ba\u00f1adores-con-estilo-ba\u00f1adores-monos-verano-2017-beth-richards.jpg\" alt=\"\" width=\"480\" height=\"692\" srcset=\"https:\/\/oui-oui.es\/blog\/wp-content\/uploads\/2017\/03\/Oui-Oui-ba\u00f1adores-con-estilo-ba\u00f1adores-monos-verano-2017-beth-richards.jpg 480w, https:\/\/oui-oui.es\/blog\/wp-content\/uploads\/2017\/03\/Oui-Oui-ba\u00f1adores-con-estilo-ba\u00f1adores-monos-verano-2017-beth-richards-208x300.jpg 208w, https:\/\/oui-oui.es\/blog\/wp-content\/uploads\/2017\/03\/Oui-Oui-ba\u00f1adores-con-estilo-ba\u00f1adores-monos-verano-2017-beth-richards-300x433.jpg 300w\" sizes=\"auto, (max-width: 480px) 100vw, 480px\" \/><\/p>\n<p>De las <strong>propuestas m\u00e1s asequibles<\/strong>, \u00e9sta es mi selecci\u00f3n (en ASOS)<\/p>\n<p><img loading=\"lazy\" decoding=\"async\" class=\"aligncenter size-large wp-image-5268\" src=\"https:\/\/oui-oui.es\/blog\/wp-content\/uploads\/2017\/03\/Oui-Oui-ba\u00f1adores-con-estilo-ba\u00f1adores-monos-verano-2017-ASOS-ba\u00f1ador-TROPICAL-FLORES.jpg\" alt=\"\" width=\"507\" height=\"631\" srcset=\"https:\/\/oui-oui.es\/blog\/wp-content\/uploads\/2017\/03\/Oui-Oui-ba\u00f1adores-con-estilo-ba\u00f1adores-monos-verano-2017-ASOS-ba\u00f1ador-TROPICAL-FLORES.jpg 507w, https:\/\/oui-oui.es\/blog\/wp-content\/uploads\/2017\/03\/Oui-Oui-ba\u00f1adores-con-estilo-ba\u00f1adores-monos-verano-2017-ASOS-ba\u00f1ador-TROPICAL-FLORES-241x300.jpg 241w, https:\/\/oui-oui.es\/blog\/wp-content\/uploads\/2017\/03\/Oui-Oui-ba\u00f1adores-con-estilo-ba\u00f1adores-monos-verano-2017-ASOS-ba\u00f1ador-TROPICAL-FLORES-300x373.jpg 300w\" sizes=\"auto, (max-width: 507px) 100vw, 507px\" \/><\/p>\n<p><img loading=\"lazy\" decoding=\"async\" class=\"aligncenter size-full wp-image-5269\" src=\"https:\/\/oui-oui.es\/blog\/wp-content\/uploads\/2017\/03\/Oui-Oui-ba\u00f1adores-con-estilo-ba\u00f1adores-monos-verano-2017-ASOS-volantes-y-lunares.jpg\" alt=\"\" width=\"512\" height=\"589\" srcset=\"https:\/\/oui-oui.es\/blog\/wp-content\/uploads\/2017\/03\/Oui-Oui-ba\u00f1adores-con-estilo-ba\u00f1adores-monos-verano-2017-ASOS-volantes-y-lunares.jpg 512w, https:\/\/oui-oui.es\/blog\/wp-content\/uploads\/2017\/03\/Oui-Oui-ba\u00f1adores-con-estilo-ba\u00f1adores-monos-verano-2017-ASOS-volantes-y-lunares-261x300.jpg 261w, https:\/\/oui-oui.es\/blog\/wp-content\/uploads\/2017\/03\/Oui-Oui-ba\u00f1adores-con-estilo-ba\u00f1adores-monos-verano-2017-ASOS-volantes-y-lunares-300x345.jpg 300w\" sizes=\"auto, (max-width: 512px) 100vw, 512px\" \/><\/p>\n<p>\u00c9ste me ha hecho gracia para una despedida de soltera \ud83d\ude09<\/p>\n<p><img loading=\"lazy\" decoding=\"async\" class=\"aligncenter size-full wp-image-5267\" src=\"https:\/\/oui-oui.es\/blog\/wp-content\/uploads\/2017\/03\/Oui-Oui-ba\u00f1adores-con-estilo-ba\u00f1adores-monos-verano-2017-ASOS-ba\u00f1ador-despedida-soltera.jpg\" alt=\"\" width=\"508\" height=\"631\" srcset=\"https:\/\/oui-oui.es\/blog\/wp-content\/uploads\/2017\/03\/Oui-Oui-ba\u00f1adores-con-estilo-ba\u00f1adores-monos-verano-2017-ASOS-ba\u00f1ador-despedida-soltera.jpg 508w, https:\/\/oui-oui.es\/blog\/wp-content\/uploads\/2017\/03\/Oui-Oui-ba\u00f1adores-con-estilo-ba\u00f1adores-monos-verano-2017-ASOS-ba\u00f1ador-despedida-soltera-242x300.jpg 242w, https:\/\/oui-oui.es\/blog\/wp-content\/uploads\/2017\/03\/Oui-Oui-ba\u00f1adores-con-estilo-ba\u00f1adores-monos-verano-2017-ASOS-ba\u00f1ador-despedida-soltera-300x373.jpg 300w\" sizes=\"auto, (max-width: 508px) 100vw, 508px\" \/><\/p>\n<p>Tambi\u00e9n tengo pendiente darme una vuelta por <strong>El Corte Ingl\u00e9s<\/strong> que es el t\u00edpico sitio al que nunca voy a mirar ropa, pero que <strong>cuando pregunto por un ba\u00f1ador que me gusta \u00a1siempre es de all\u00ed!<\/strong><\/p>\n<p>\u00bfQu\u00e9 os han parecido?<\/p>\n","protected":false},"excerpt":{"rendered":"<p>Queda poco para poder darnos nuestro primer ba\u00f1o del a\u00f1o; ya sea en Semana Santa o bien en el Puente de Mayo, y las marcas ya est\u00e1n presentando sus propuestas para este verano&#8230;La experiencia me dice que las mejores prendas salen ahora y no quedan en junio as\u00ed que yo ya estoy en modo \u00abb\u00fasqueda [&hellip;]<\/p>\n","protected":false},"author":1,"featured_media":5260,"comment_status":"open","ping_status":"open","sticky":false,"template":"","format":"standard","meta":{"jetpack_post_was_ever_published":false,"_jetpack_newsletter_access":"","_jetpack_dont_email_post_to_subs":false,"_jetpack_newsletter_tier_id":0,"_jetpack_memberships_contains_paywalled_content":false,"_jetpack_memberships_contains_paid_content":false,"footnotes":"","jetpack_publicize_message":"","jetpack_publicize_feature_enabled":true,"jetpack_social_post_already_shared":true,"jetpack_social_options":{"image_generator_settings":{"template":"highway","default_image_id":0,"font":"","enabled":false},"version":2}},"categories":[177],"tags":[802,766,687],"class_list":["post-5258","post","type-post","status-publish","format-standard","has-post-thumbnail","hentry","category-lifestyle-2","tag-banadores","tag-compras","tag-verano"],"aioseo_notices":[],"jetpack_publicize_connections":[],"jetpack_featured_media_url":"https:\/\/oui-oui.es\/blog\/wp-content\/uploads\/2017\/03\/Oui-Oui-ba\u00f1adores-con-estilo-ba\u00f1adores-monos-verano-2017-calipige.jpg","jetpack_sharing_enabled":true,"jetpack-related-posts":[{"id":4495,"url":"https:\/\/oui-oui.es\/blog\/mis-conjuntitos-de-erase-una-vez-para-este-verano\/","url_meta":{"origin":5258,"position":0},"title":"Mis conjuntitos de \u00c9rase una Vez para este verano","author":"Mar\u00eda \u2665Oui Oui\u2665","date":"16 junio, 2016","format":false,"excerpt":"La semana pasada lleg\u00f3 el calorazo de repente, la verdad es que ten\u00eda ganas para vestir a Frida y a Mart\u00edn de veranito, se me estaban acumulando culottes, petos y m\u00e1s prendas de Frida que quer\u00eda estrenar ya y adem\u00e1s no pude resistirme a encargarles varios conjuntos a juego, es\u2026","rel":"","context":"En \u00abNI\u00d1OS Y NI\u00d1AS\u00bb","block_context":{"text":"NI\u00d1OS Y NI\u00d1AS","link":"https:\/\/oui-oui.es\/blog\/category\/ninos\/"},"img":{"alt_text":"","src":"https:\/\/i0.wp.com\/oui-oui.es\/blog\/wp-content\/uploads\/2016\/06\/Oui-Oui-peto-bebe-estampado-tropical-culotte-bebe-estampado-tropical-platos-estampado-tropical.jpg?resize=350%2C200&ssl=1","width":350,"height":200,"srcset":"https:\/\/i0.wp.com\/oui-oui.es\/blog\/wp-content\/uploads\/2016\/06\/Oui-Oui-peto-bebe-estampado-tropical-culotte-bebe-estampado-tropical-platos-estampado-tropical.jpg?resize=350%2C200&ssl=1 1x, https:\/\/i0.wp.com\/oui-oui.es\/blog\/wp-content\/uploads\/2016\/06\/Oui-Oui-peto-bebe-estampado-tropical-culotte-bebe-estampado-tropical-platos-estampado-tropical.jpg?resize=525%2C300&ssl=1 1.5x, https:\/\/i0.wp.com\/oui-oui.es\/blog\/wp-content\/uploads\/2016\/06\/Oui-Oui-peto-bebe-estampado-tropical-culotte-bebe-estampado-tropical-platos-estampado-tropical.jpg?resize=700%2C400&ssl=1 2x, https:\/\/i0.wp.com\/oui-oui.es\/blog\/wp-content\/uploads\/2016\/06\/Oui-Oui-peto-bebe-estampado-tropical-culotte-bebe-estampado-tropical-platos-estampado-tropical.jpg?resize=1050%2C600&ssl=1 3x, https:\/\/i0.wp.com\/oui-oui.es\/blog\/wp-content\/uploads\/2016\/06\/Oui-Oui-peto-bebe-estampado-tropical-culotte-bebe-estampado-tropical-platos-estampado-tropical.jpg?resize=1400%2C800&ssl=1 4x"},"classes":[]},{"id":5203,"url":"https:\/\/oui-oui.es\/blog\/10-regalos-para-padres-distintos\/","url_meta":{"origin":5258,"position":1},"title":"10 regalos para padres distintos","author":"Mar\u00eda \u2665Oui Oui\u2665","date":"15 marzo, 2017","format":false,"excerpt":"Quedan cinco d\u00edas para el D\u00eda del Padre as\u00ed que a\u00fan est\u00e1s a tiempo de sorprenderle con algo distinto a una corbata o un jersey!, aqu\u00ed van 5 propuestas que espero que os gusten! Para el pap\u00e1 gourmet Sorpr\u00e9ndele con un porr\u00f3n, si, has le\u00eddo bien, con un Porr\u00f3n Mol\u00f3n,\u2026","rel":"","context":"En \u00abA un hombre\/ novio\/ marido\/ padre\u00bb","block_context":{"text":"A un hombre\/ novio\/ marido\/ padre","link":"https:\/\/oui-oui.es\/blog\/category\/no-se-que-regalar\/a-un-hombrenoviomaridopadre\/"},"img":{"alt_text":"","src":"https:\/\/i0.wp.com\/oui-oui.es\/blog\/wp-content\/uploads\/2017\/03\/Oui-Oui-mochila-portabebes-senderismo-papa-y-bebe-en-la-monta%C3%B1a.jpg?resize=350%2C200&ssl=1","width":350,"height":200,"srcset":"https:\/\/i0.wp.com\/oui-oui.es\/blog\/wp-content\/uploads\/2017\/03\/Oui-Oui-mochila-portabebes-senderismo-papa-y-bebe-en-la-monta%C3%B1a.jpg?resize=350%2C200&ssl=1 1x, https:\/\/i0.wp.com\/oui-oui.es\/blog\/wp-content\/uploads\/2017\/03\/Oui-Oui-mochila-portabebes-senderismo-papa-y-bebe-en-la-monta%C3%B1a.jpg?resize=525%2C300&ssl=1 1.5x"},"classes":[]},{"id":4208,"url":"https:\/\/oui-oui.es\/blog\/10-marcas-de-ropa-espanolas-para-bebes\/","url_meta":{"origin":5258,"position":2},"title":"10 marcas de ropa espa\u00f1olas para beb\u00e9s","author":"Mar\u00eda \u2665Oui Oui\u2665","date":"21 abril, 2016","format":false,"excerpt":"Creo que cada d\u00eda descubro una marca nueva de ropa para beb\u00e9s y ni\u00f1os,espa\u00f1ola o extranjera, se est\u00e1 conviertiendo en una perdici\u00f3n y me encantar\u00eda que Instagram me dejara hacer listas para organizarlas mejor, mientras, he pensado ir haciendo post poco a poco con mis favoritas, empiezo seleccionando 10 marcas\u2026","rel":"","context":"En \u00abNI\u00d1OS Y NI\u00d1AS\u00bb","block_context":{"text":"NI\u00d1OS Y NI\u00d1AS","link":"https:\/\/oui-oui.es\/blog\/category\/ninos\/"},"img":{"alt_text":"","src":"https:\/\/i0.wp.com\/oui-oui.es\/blog\/wp-content\/uploads\/2016\/04\/Oui-Oui-marcas-espa%C3%B1olas-ropa-bebe-punto-poleomenta-tejiendo-patucos.jpg?resize=350%2C200&ssl=1","width":350,"height":200,"srcset":"https:\/\/i0.wp.com\/oui-oui.es\/blog\/wp-content\/uploads\/2016\/04\/Oui-Oui-marcas-espa%C3%B1olas-ropa-bebe-punto-poleomenta-tejiendo-patucos.jpg?resize=350%2C200&ssl=1 1x, https:\/\/i0.wp.com\/oui-oui.es\/blog\/wp-content\/uploads\/2016\/04\/Oui-Oui-marcas-espa%C3%B1olas-ropa-bebe-punto-poleomenta-tejiendo-patucos.jpg?resize=525%2C300&ssl=1 1.5x, https:\/\/i0.wp.com\/oui-oui.es\/blog\/wp-content\/uploads\/2016\/04\/Oui-Oui-marcas-espa%C3%B1olas-ropa-bebe-punto-poleomenta-tejiendo-patucos.jpg?resize=700%2C400&ssl=1 2x"},"classes":[]},{"id":9065,"url":"https:\/\/oui-oui.es\/blog\/caprichos-de-verano\/","url_meta":{"origin":5258,"position":3},"title":"Caprichos de verano","author":"Mar\u00eda \u2665Oui Oui\u2665","date":"16 mayo, 2018","format":false,"excerpt":"Ahora si que s\u00ed, con el cambio de ropa terminado (aunque no ordenado del todo, he de reconocer), el sol, las terracitas...Apetece pensar en complementos de verano y, como de casualidad, en los \u00faltimos d\u00edas me he topado con varios accesorios y marcas que me han chiflado; zapatos, sombreros, un\u2026","rel":"","context":"En \u00abD\u00eda de la Madre\u00bb","block_context":{"text":"D\u00eda de la Madre","link":"https:\/\/oui-oui.es\/blog\/category\/no-se-que-regalar\/dia-de-la-madre\/"},"img":{"alt_text":"","src":"https:\/\/i0.wp.com\/oui-oui.es\/blog\/wp-content\/uploads\/2018\/05\/Oui-Oui-kaftan-sombrero-bolso-mexicano-mau-loa-shop.jpg?resize=350%2C200&ssl=1","width":350,"height":200},"classes":[]},{"id":9023,"url":"https:\/\/oui-oui.es\/blog\/kids-up-edicion-verano\/","url_meta":{"origin":5258,"position":4},"title":"Kids UP! Edici\u00f3n Verano","author":"Mar\u00eda \u2665Oui Oui\u2665","date":"30 abril, 2018","format":false,"excerpt":"Parece que fue ayer cuando organizamos la primera venta ef\u00edmera infantil \u00a1y ya vamos a celebrar la IV Edici\u00f3n! Supongo que, como yo, teneis ganas ya de comprar ropa de primavera y de verano \u00a1de verdad! de blusas, vestidos, pantalones cortos \u00a1y trajes de ba\u00f1o!. Como siempre, hemo seleccionado a\u2026","rel":"","context":"En \u00abNI\u00d1OS Y NI\u00d1AS\u00bb","block_context":{"text":"NI\u00d1OS Y NI\u00d1AS","link":"https:\/\/oui-oui.es\/blog\/category\/ninos\/"},"img":{"alt_text":"","src":"https:\/\/i0.wp.com\/oui-oui.es\/blog\/wp-content\/uploads\/2018\/04\/Logo-KidsUp72.png?resize=350%2C200&ssl=1","width":350,"height":200},"classes":[]},{"id":4264,"url":"https:\/\/oui-oui.es\/blog\/5-marcas-espanolas-de-ropa-de-bebe\/","url_meta":{"origin":5258,"position":5},"title":"5 marcas espa\u00f1olas de ropa de beb\u00e9","author":"Mar\u00eda \u2665Oui Oui\u2665","date":"6 mayo, 2016","format":false,"excerpt":"Este post es la continuaci\u00f3n del de 10 marcas de ropa espa\u00f1olas para beb\u00e9, cada semana descubro marcas nuevas que me encantan, muchas espa\u00f1olas y otras no, pero me pareci\u00f3 interesante dividirlas as\u00ed, como no me cab\u00edan todas en un post, aqu\u00ed va la segunda tanda ;) Las agujas de\u2026","rel":"","context":"En \u00abMATERNIDAD\u00bb","block_context":{"text":"MATERNIDAD","link":"https:\/\/oui-oui.es\/blog\/category\/maternidad\/"},"img":{"alt_text":"","src":"https:\/\/i0.wp.com\/oui-oui.es\/blog\/wp-content\/uploads\/2016\/05\/Oui-Oui-marcas-espa%C3%B1olas-ropa-bebe-jersey-inicial-las-agujas-de-mama.jpg?resize=350%2C200&ssl=1","width":350,"height":200,"srcset":"https:\/\/i0.wp.com\/oui-oui.es\/blog\/wp-content\/uploads\/2016\/05\/Oui-Oui-marcas-espa%C3%B1olas-ropa-bebe-jersey-inicial-las-agujas-de-mama.jpg?resize=350%2C200&ssl=1 1x, https:\/\/i0.wp.com\/oui-oui.es\/blog\/wp-content\/uploads\/2016\/05\/Oui-Oui-marcas-espa%C3%B1olas-ropa-bebe-jersey-inicial-las-agujas-de-mama.jpg?resize=525%2C300&ssl=1 1.5x"},"classes":[]}],"_links":{"self":[{"href":"https:\/\/oui-oui.es\/blog\/wp-json\/wp\/v2\/posts\/5258","targetHints":{"allow":["GET"]}}],"collection":[{"href":"https:\/\/oui-oui.es\/blog\/wp-json\/wp\/v2\/posts"}],"about":[{"href":"https:\/\/oui-oui.es\/blog\/wp-json\/wp\/v2\/types\/post"}],"author":[{"embeddable":true,"href":"https:\/\/oui-oui.es\/blog\/wp-json\/wp\/v2\/users\/1"}],"replies":[{"embeddable":true,"href":"https:\/\/oui-oui.es\/blog\/wp-json\/wp\/v2\/comments?post=5258"}],"version-history":[{"count":2,"href":"https:\/\/oui-oui.es\/blog\/wp-json\/wp\/v2\/posts\/5258\/revisions"}],"predecessor-version":[{"id":5275,"href":"https:\/\/oui-oui.es\/blog\/wp-json\/wp\/v2\/posts\/5258\/revisions\/5275"}],"wp:featuredmedia":[{"embeddable":true,"href":"https:\/\/oui-oui.es\/blog\/wp-json\/wp\/v2\/media\/5260"}],"wp:attachment":[{"href":"https:\/\/oui-oui.es\/blog\/wp-json\/wp\/v2\/media?parent=5258"}],"wp:term":[{"taxonomy":"category","embeddable":true,"href":"https:\/\/oui-oui.es\/blog\/wp-json\/wp\/v2\/categories?post=5258"},{"taxonomy":"post_tag","embeddable":true,"href":"https:\/\/oui-oui.es\/blog\/wp-json\/wp\/v2\/tags?post=5258"}],"curies":[{"name":"wp","href":"https:\/\/api.w.org\/{rel}","templated":true}]}}