{"id":5347,"date":"2017-05-01T00:01:05","date_gmt":"2017-04-30T22:01:05","guid":{"rendered":"https:\/\/oui-oui.es\/blog\/?p=5347"},"modified":"2017-04-30T19:31:07","modified_gmt":"2017-04-30T17:31:07","slug":"mentoring-de-oui-oui-organizacion-y-eficacia","status":"publish","type":"post","link":"https:\/\/oui-oui.es\/blog\/mentoring-de-oui-oui-organizacion-y-eficacia\/","title":{"rendered":"Mentoring de Oui Oui | Organizaci\u00f3n y Eficacia"},"content":{"rendered":"<p><a href=\"http:\/\/www.oui-oui.es\/decoracion-con-estilo\/1321-clips-pompom.html\"><img loading=\"lazy\" decoding=\"async\" class=\"aligncenter size-full wp-image-5354\" src=\"https:\/\/oui-oui.es\/blog\/wp-content\/uploads\/2017\/04\/Oui-Oui-mentoring-oui-oui-mentoring-emprendedores-oui-oui-concept-store-mes-petits-pompons-clips-pompon.jpg\" alt=\"\" width=\"600\" height=\"594\" srcset=\"https:\/\/oui-oui.es\/blog\/wp-content\/uploads\/2017\/04\/Oui-Oui-mentoring-oui-oui-mentoring-emprendedores-oui-oui-concept-store-mes-petits-pompons-clips-pompon.jpg 600w, https:\/\/oui-oui.es\/blog\/wp-content\/uploads\/2017\/04\/Oui-Oui-mentoring-oui-oui-mentoring-emprendedores-oui-oui-concept-store-mes-petits-pompons-clips-pompon-150x150.jpg 150w, https:\/\/oui-oui.es\/blog\/wp-content\/uploads\/2017\/04\/Oui-Oui-mentoring-oui-oui-mentoring-emprendedores-oui-oui-concept-store-mes-petits-pompons-clips-pompon-300x297.jpg 300w\" sizes=\"auto, (max-width: 600px) 100vw, 600px\" \/><\/a><\/p>\n<p>Una de las cosas que m\u00e1s satisfacci\u00f3n me est\u00e1 dando de las <a href=\"http:\/\/www.oui-oui.es\/content\/11-mentoring-para-emprendedores\" target=\"_blank\" rel=\"noopener noreferrer\"><strong>sesiones de mentoring para emprendedores<\/strong><\/a> es la versatilidad de las mismas y c\u00f3mo me est\u00e1 permitiendo conocer proyectos y perfiles de personas tan diferentes que muchos tienen unas necesidades muy diferentes. Muchas veces las emprendedoras (las sesiones son unisex pero de momento no me ha escrito ning\u00fan hombre&#8230;ejem!) me escriben porque necesitan aprender sobre redes sociales, c\u00f3mo usarlas y c\u00f3mo aumentar su visibilidad, otras necesitan un re-enfoque estrat\u00e9gico y en otros casos, necesitan poner un poco de orden en su vida, sus proyectos, ordenar procesos, horarios, planning&#8230;Y he de reconocer que ese aspecto, el de la organizaci\u00f3n, me gusta especialmente, lo disfruto y me reta a darle vueltas a nuevas ideas. Siempre he sido muy organizada (quien lo prob\u00f3, lo sabe ;)) y ver c\u00f3mo unos cuantos tips sobre organizaci\u00f3n, que a priori para m\u00ed resultan naturales, pueden ayudar tanto a alguien es tremendamente motivador.<\/p>\n<p>Adem\u00e1s, en el caso de los emprendedores (y emprendedoras madres, m\u00e1s), <strong>el orden y la organizaci\u00f3n es un aspecto muy importante,<\/strong> tanto desde el punto de vista f\u00edsico como mental; <strong>crear rutinas, organizar tareas, montar procedimientos<\/strong>&#8230;Para ayudar a <strong>optimizar el tiempo y a ser eficaces y de esa forma aumentar la productividad y disminuir el estr\u00e9s mental.<\/strong><\/p>\n<blockquote><p>La eficacia consiste en hacer lo que hay que hacer, se centra en el resultado. El eficiente hace muy bien lo que hace, se centra en el m\u00e9todo, en c\u00f3mo hacerlo. Pero puede que realice algo que deber\u00eda haber hecho otro. Ser eficiente sin ser eficaz es como conducir muy bien por una carretera que va a un sitio diferente del que quieres ir.<\/p>\n<p>Las personas eficaces de forma natural son las que m\u00e1s disfrutan de su trabajo, o, al menos, a las que menos les molesta hacerlo.<\/p><\/blockquote>\n<p>En estos momentos estoy muy centrada en la eficacia, tanto en mi vida personal como en la profesional, y , a la vez, c\u00f3mo poder ayudar m\u00e1s y mejor con la organizaci\u00f3n.<\/p>\n<p>Como siempre que escribo sobre el <a href=\"http:\/\/www.oui-oui.es\/content\/11-mentoring-para-emprendedores\" target=\"_blank\" rel=\"noopener noreferrer\"><strong>mentoring para emprendedores<\/strong><\/a>, me gusta presentaros los proyectos de las emprendedoras a la que he podido ayudar en las \u00faltimas semanas. Adem\u00e1s, en esta ocasi\u00f3n, y debido a las necesidades de las emprendedoras, he <em>abierto<\/em> dos v\u00edas nuevas de <a href=\"http:\/\/www.oui-oui.es\/content\/11-mentoring-para-emprendedores\" target=\"_blank\" rel=\"noopener noreferrer\">Mentoring<\/a>; por Skype y por mail (\u00e9sta \u00faltima es una gran excepci\u00f3n porque la emprendedora est\u00e1 en Australia y el cambio de hora hac\u00eda poco viable la video conferencia).<\/p>\n<p><a href=\"http:\/\/www.bycucu.com\/\" target=\"_blank\" rel=\"noopener noreferrer\"><strong>By Cuc\u00fa<\/strong><\/a> es una marca de joyitas para cualquier ocasi\u00f3n, que puedes llevar de sport o en un momento m\u00e1s arreglado, perfectas para regalar, ideales como estos pendientes<\/p>\n<p>&nbsp;<\/p>\n<p><img loading=\"lazy\" decoding=\"async\" class=\"aligncenter size-large wp-image-5351\" src=\"https:\/\/oui-oui.es\/blog\/wp-content\/uploads\/2017\/04\/Oui-Oui-mentoring-joyas-by-cucu-1024x768.jpeg\" alt=\"\" width=\"1024\" height=\"768\" srcset=\"https:\/\/oui-oui.es\/blog\/wp-content\/uploads\/2017\/04\/Oui-Oui-mentoring-joyas-by-cucu-1024x768.jpeg 1024w, https:\/\/oui-oui.es\/blog\/wp-content\/uploads\/2017\/04\/Oui-Oui-mentoring-joyas-by-cucu-300x225.jpeg 300w, https:\/\/oui-oui.es\/blog\/wp-content\/uploads\/2017\/04\/Oui-Oui-mentoring-joyas-by-cucu-768x576.jpeg 768w, https:\/\/oui-oui.es\/blog\/wp-content\/uploads\/2017\/04\/Oui-Oui-mentoring-joyas-by-cucu-600x450.jpeg 600w\" sizes=\"auto, (max-width: 1024px) 100vw, 1024px\" \/><\/p>\n<p><a href=\"https:\/\/wondermami.com\" target=\"_blank\" rel=\"noopener noreferrer\"><strong>Wondermami<\/strong> <\/a>ha conseguido posicionarse como las camisetas de embarazada con dise\u00f1os divertidos, tienen el body para el beb\u00e9 a juego y es su pack estrella.<\/p>\n<blockquote><p>Hacer el mentoring con Mar\u00eda fue una decisi\u00f3n muy acertada, era justo ese punto de inflexi\u00f3n que necesitaba para avanzar en mi proyecto, pues me encontraba estancada. Ten\u00eda dudas de si estaba haciendo las cosas bien, de que nuevos objetivos eran m\u00e1s adecuados, de si era rentable mi empresa y mi gran agobio: c\u00f3mo preveer cuanto stock necesitaba al ser un producto estacional. Incre\u00edblemente en esas pocas horas pudimos hablar de todo y fui resolviendo todas mis dudas. Mar\u00eda me ayud\u00f3 a ordenar mis prioridades y yo me qued\u00e9 muy tranquila, y adem\u00e1s me dio tips para mejorar en redes sociales. Este mentoring fue para mi un momento de madurez para mi peque\u00f1o negocio. \u00bfQu\u00e9 m\u00e1s se puede pedir?.<\/p><\/blockquote>\n<div id=\"attachment_5353\" style=\"width: 650px\" class=\"wp-caption aligncenter\"><img loading=\"lazy\" decoding=\"async\" aria-describedby=\"caption-attachment-5353\" class=\"size-full wp-image-5353\" src=\"https:\/\/oui-oui.es\/blog\/wp-content\/uploads\/2017\/04\/Oui-Oui-mentoring-emprendedores-camisetas-premama-con-mensaje-wondermami.jpg\" alt=\"\" width=\"640\" height=\"640\" srcset=\"https:\/\/oui-oui.es\/blog\/wp-content\/uploads\/2017\/04\/Oui-Oui-mentoring-emprendedores-camisetas-premama-con-mensaje-wondermami.jpg 640w, https:\/\/oui-oui.es\/blog\/wp-content\/uploads\/2017\/04\/Oui-Oui-mentoring-emprendedores-camisetas-premama-con-mensaje-wondermami-150x150.jpg 150w, https:\/\/oui-oui.es\/blog\/wp-content\/uploads\/2017\/04\/Oui-Oui-mentoring-emprendedores-camisetas-premama-con-mensaje-wondermami-300x300.jpg 300w, https:\/\/oui-oui.es\/blog\/wp-content\/uploads\/2017\/04\/Oui-Oui-mentoring-emprendedores-camisetas-premama-con-mensaje-wondermami-600x600.jpg 600w\" sizes=\"auto, (max-width: 640px) 100vw, 640px\" \/><p id=\"caption-attachment-5353\" class=\"wp-caption-text\">camiseta manga corta embarazada<\/p><\/div>\n<p><a href=\"http:\/\/www.mespetitspompons.com\/\" target=\"_blank\" rel=\"noopener noreferrer\"><strong>Mes Petit Pompons<\/strong><\/a> es la marca de \u00c1ngela, afincada en Burdeos, desde donde crea nombres, palabras y dibujos en Tricot que son ideales. Tambi\u00e9n borda sobre capazos de playa y estoy segura de que ser\u00e1n un bombazo este verano (Puedes elegir la frase o el nombre que quieres as\u00ed como el color).<\/p>\n<p><a href=\"http:\/\/www.oui-oui.es\/decoracion-con-estilo\/954-caja-de-luz-pequena.html\"><img loading=\"lazy\" decoding=\"async\" class=\"aligncenter size-full wp-image-5349\" src=\"https:\/\/oui-oui.es\/blog\/wp-content\/uploads\/2017\/04\/Oui-Oui-nombre-tricot-nombres-nudos-rincon-musica-martin-maleta-guitarra-oui-oui.jpg\" alt=\"\" width=\"788\" height=\"960\" srcset=\"https:\/\/oui-oui.es\/blog\/wp-content\/uploads\/2017\/04\/Oui-Oui-nombre-tricot-nombres-nudos-rincon-musica-martin-maleta-guitarra-oui-oui.jpg 788w, https:\/\/oui-oui.es\/blog\/wp-content\/uploads\/2017\/04\/Oui-Oui-nombre-tricot-nombres-nudos-rincon-musica-martin-maleta-guitarra-oui-oui-246x300.jpg 246w, https:\/\/oui-oui.es\/blog\/wp-content\/uploads\/2017\/04\/Oui-Oui-nombre-tricot-nombres-nudos-rincon-musica-martin-maleta-guitarra-oui-oui-768x936.jpg 768w, https:\/\/oui-oui.es\/blog\/wp-content\/uploads\/2017\/04\/Oui-Oui-nombre-tricot-nombres-nudos-rincon-musica-martin-maleta-guitarra-oui-oui-600x731.jpg 600w, https:\/\/oui-oui.es\/blog\/wp-content\/uploads\/2017\/04\/Oui-Oui-nombre-tricot-nombres-nudos-rincon-musica-martin-maleta-guitarra-oui-oui-300x365.jpg 300w\" sizes=\"auto, (max-width: 788px) 100vw, 788px\" \/><\/a><\/p>\n<p><img loading=\"lazy\" decoding=\"async\" class=\"aligncenter size-full wp-image-5348\" src=\"https:\/\/oui-oui.es\/blog\/wp-content\/uploads\/2017\/04\/Oui-Oui-capazos-con-frases-capazo-personalizado-mes-petit-pompoms-mentoring-emprendedores.jpg\" alt=\"\" width=\"960\" height=\"960\" srcset=\"https:\/\/oui-oui.es\/blog\/wp-content\/uploads\/2017\/04\/Oui-Oui-capazos-con-frases-capazo-personalizado-mes-petit-pompoms-mentoring-emprendedores.jpg 960w, https:\/\/oui-oui.es\/blog\/wp-content\/uploads\/2017\/04\/Oui-Oui-capazos-con-frases-capazo-personalizado-mes-petit-pompoms-mentoring-emprendedores-150x150.jpg 150w, https:\/\/oui-oui.es\/blog\/wp-content\/uploads\/2017\/04\/Oui-Oui-capazos-con-frases-capazo-personalizado-mes-petit-pompoms-mentoring-emprendedores-300x300.jpg 300w, https:\/\/oui-oui.es\/blog\/wp-content\/uploads\/2017\/04\/Oui-Oui-capazos-con-frases-capazo-personalizado-mes-petit-pompoms-mentoring-emprendedores-768x768.jpg 768w, https:\/\/oui-oui.es\/blog\/wp-content\/uploads\/2017\/04\/Oui-Oui-capazos-con-frases-capazo-personalizado-mes-petit-pompoms-mentoring-emprendedores-600x600.jpg 600w\" sizes=\"auto, (max-width: 960px) 100vw, 960px\" \/><\/p>\n<p><a href=\"https:\/\/www.mercedesarsuaga.com\/\" target=\"_blank\" rel=\"noopener noreferrer\"><strong>Mercedes Arsuaga<\/strong><\/a> ( MAD ) es una emprendedora nata, <strong>interiorista joven<\/strong> pero con gran trayectoria que dar\u00e1 que hablar de aqu\u00ed a unos meses \u00a1acordaros de lo que os digo!<\/p>\n<p><img loading=\"lazy\" decoding=\"async\" class=\"aligncenter size-full wp-image-5352\" src=\"https:\/\/oui-oui.es\/blog\/wp-content\/uploads\/2017\/04\/Oui-Oui-mentoring-mercedes-arsuaga-interiorista-MAD-la-manon-madrid.jpg\" alt=\"\" width=\"484\" height=\"594\" srcset=\"https:\/\/oui-oui.es\/blog\/wp-content\/uploads\/2017\/04\/Oui-Oui-mentoring-mercedes-arsuaga-interiorista-MAD-la-manon-madrid.jpg 484w, https:\/\/oui-oui.es\/blog\/wp-content\/uploads\/2017\/04\/Oui-Oui-mentoring-mercedes-arsuaga-interiorista-MAD-la-manon-madrid-244x300.jpg 244w, https:\/\/oui-oui.es\/blog\/wp-content\/uploads\/2017\/04\/Oui-Oui-mentoring-mercedes-arsuaga-interiorista-MAD-la-manon-madrid-300x368.jpg 300w\" sizes=\"auto, (max-width: 484px) 100vw, 484px\" \/><\/p>\n<blockquote><p>10 de 10! Esa es mi valoraci\u00f3n al mentoring. 10 a c\u00f3mo Maria estudio en profundidad mi proyecto, a c\u00f3mo enfocaba todos sus consejos, al entusiasmo y cercan\u00eda con el que me trat\u00f3.<\/p>\n<p>Repetir\u00eda s\u00f3lo por la experiencia de que Mar\u00eda te cuente y te hable.<\/p>\n<p>Ha sido un mentoring muy divertido muy profesional pero sobre todo muy real! Nada de consejos generales y tipicos!. Y lo mejor, el seguimiento que te hace despu\u00e9s. En serio! S\u00faper recomendable!!<\/p><\/blockquote>\n<p>Y Mar\u00eda, desde <strong>Australia<\/strong>, est\u00e1 a punto de dar a luz y de lanzar una tienda online infantil all\u00ed, cuando tenga todo montado os contar\u00e9 m\u00e1s!<\/p>\n<p>Ya sabes, si necesitas darle un empuj\u00f3n a tu negocio, aprender a organizarte priorizando, obtener m\u00e1s visibilidad en redes sociales o quieres montar un negocio y no sabes por d\u00f3nde empezar&#8230;Echa un vistazo al <strong>mentoring para emprendedores<\/strong> <a href=\"http:\/\/www.oui-oui.es\/content\/11-mentoring-para-emprendedores\" target=\"_blank\" rel=\"noopener noreferrer\">AQU\u00cd<\/a> y podr\u00e1s ver las opiniones de todas las emprendedoras que han apostado por mis sesiones de mentoring.<\/p>\n","protected":false},"excerpt":{"rendered":"<p>Una de las cosas que m\u00e1s satisfacci\u00f3n me est\u00e1 dando de las sesiones de mentoring para emprendedores es la versatilidad de las mismas y c\u00f3mo me est\u00e1 permitiendo conocer proyectos y perfiles de personas tan diferentes que muchos tienen unas necesidades muy diferentes. Muchas veces las emprendedoras (las sesiones son unisex pero de momento no [&hellip;]<\/p>\n","protected":false},"author":1,"featured_media":5354,"comment_status":"open","ping_status":"open","sticky":false,"template":"","format":"standard","meta":{"jetpack_post_was_ever_published":false,"_jetpack_newsletter_access":"","_jetpack_dont_email_post_to_subs":false,"_jetpack_newsletter_tier_id":0,"_jetpack_memberships_contains_paywalled_content":false,"_jetpack_memberships_contains_paid_content":false,"footnotes":"","jetpack_publicize_message":"","jetpack_publicize_feature_enabled":true,"jetpack_social_post_already_shared":true,"jetpack_social_options":{"image_generator_settings":{"template":"highway","default_image_id":0,"font":"","enabled":false},"version":2}},"categories":[792],"tags":[791,801],"class_list":["post-5347","post","type-post","status-publish","format-standard","has-post-thumbnail","hentry","category-mentoring-emprendedores","tag-mentoring","tag-organizacion"],"aioseo_notices":[],"jetpack_publicize_connections":[],"jetpack_featured_media_url":"https:\/\/oui-oui.es\/blog\/wp-content\/uploads\/2017\/04\/Oui-Oui-mentoring-oui-oui-mentoring-emprendedores-oui-oui-concept-store-mes-petits-pompons-clips-pompon.jpg","jetpack_sharing_enabled":true,"jetpack-related-posts":[{"id":5071,"url":"https:\/\/oui-oui.es\/blog\/mentoring-de-proyectos-muy-interesantes\/","url_meta":{"origin":5347,"position":0},"title":"Mentoring de proyectos muy interesantes","author":"Mar\u00eda \u2665Oui Oui\u2665","date":"30 enero, 2017","format":false,"excerpt":"Hace dos meses que compart\u00ed el \u00faltimo de los muchos proyectos que tengo en la cabeza; las sesiones de Mentoring para Emprendedores, dos meses en los que he tenido la oportunidad de ayudar a varias emprendedoras (siempre mujeres, por cierto, \u00a1a ver cu\u00e1ndo se anima alg\u00fan hombre!), con perfiles muy\u2026","rel":"","context":"En \u00abEMPRENDEDORAS\u00bb","block_context":{"text":"EMPRENDEDORAS","link":"https:\/\/oui-oui.es\/blog\/category\/mentoring-emprendedores\/"},"img":{"alt_text":"","src":"https:\/\/i0.wp.com\/oui-oui.es\/blog\/wp-content\/uploads\/2017\/01\/Oui-Oui-mentoring-banner-gigante-Blanco-Ruso.png?resize=350%2C200&ssl=1","width":350,"height":200,"srcset":"https:\/\/i0.wp.com\/oui-oui.es\/blog\/wp-content\/uploads\/2017\/01\/Oui-Oui-mentoring-banner-gigante-Blanco-Ruso.png?resize=350%2C200&ssl=1 1x, https:\/\/i0.wp.com\/oui-oui.es\/blog\/wp-content\/uploads\/2017\/01\/Oui-Oui-mentoring-banner-gigante-Blanco-Ruso.png?resize=525%2C300&ssl=1 1.5x, https:\/\/i0.wp.com\/oui-oui.es\/blog\/wp-content\/uploads\/2017\/01\/Oui-Oui-mentoring-banner-gigante-Blanco-Ruso.png?resize=700%2C400&ssl=1 2x"},"classes":[]},{"id":9212,"url":"https:\/\/oui-oui.es\/blog\/mentoring-antes-de-vacaciones\/","url_meta":{"origin":5347,"position":1},"title":"Mentoring antes de vacaciones","author":"Mar\u00eda \u2665Oui Oui\u2665","date":"16 julio, 2018","format":false,"excerpt":"No s\u00e9 si os pasa pero, para m\u00ed, julio es un mes de balance. Aprovecho que los ni\u00f1os est\u00e1n en el campamento de los abuelos para ponerme al d\u00eda con esas tareas pendientes que he arrastrado todo el a\u00f1o, tanto personales como profesionales. Adem\u00e1s, el a\u00f1o empieza en septiembre y\u2026","rel":"","context":"En \u00abEMPRENDEDORAS\u00bb","block_context":{"text":"EMPRENDEDORAS","link":"https:\/\/oui-oui.es\/blog\/category\/mentoring-emprendedores\/"},"img":{"alt_text":"","src":"https:\/\/i0.wp.com\/oui-oui.es\/blog\/wp-content\/uploads\/2018\/07\/Oui-Oui-Mentoring-Elena-Bau-3.jpg?resize=350%2C200&ssl=1","width":350,"height":200,"srcset":"https:\/\/i0.wp.com\/oui-oui.es\/blog\/wp-content\/uploads\/2018\/07\/Oui-Oui-Mentoring-Elena-Bau-3.jpg?resize=350%2C200&ssl=1 1x, https:\/\/i0.wp.com\/oui-oui.es\/blog\/wp-content\/uploads\/2018\/07\/Oui-Oui-Mentoring-Elena-Bau-3.jpg?resize=525%2C300&ssl=1 1.5x, https:\/\/i0.wp.com\/oui-oui.es\/blog\/wp-content\/uploads\/2018\/07\/Oui-Oui-Mentoring-Elena-Bau-3.jpg?resize=700%2C400&ssl=1 2x, https:\/\/i0.wp.com\/oui-oui.es\/blog\/wp-content\/uploads\/2018\/07\/Oui-Oui-Mentoring-Elena-Bau-3.jpg?resize=1050%2C600&ssl=1 3x, https:\/\/i0.wp.com\/oui-oui.es\/blog\/wp-content\/uploads\/2018\/07\/Oui-Oui-Mentoring-Elena-Bau-3.jpg?resize=1400%2C800&ssl=1 4x"},"classes":[]},{"id":5315,"url":"https:\/\/oui-oui.es\/blog\/blanco-ruso-y-el-mentoring-de-oui-oui\/","url_meta":{"origin":5347,"position":2},"title":"Blanco Ruso y el Mentoring de Oui Oui","author":"Mar\u00eda \u2665Oui Oui\u2665","date":"26 abril, 2017","format":false,"excerpt":"A veces las cosas suceden en el momento justo. Cuando Mammen, de Blanco Ruso, me escribi\u00f3 para contarme su trabajo yo estaba preparando el lanzamiento de las sesiones de Mentoring, y, al ver su trabajo como directora de arte y c\u00f3mo enfocaba cada propuesta de dise\u00f1o a los diferentes clientes,\u2026","rel":"","context":"En \u00abEMPRENDEDORAS\u00bb","block_context":{"text":"EMPRENDEDORAS","link":"https:\/\/oui-oui.es\/blog\/category\/mentoring-emprendedores\/"},"img":{"alt_text":"","src":"https:\/\/i0.wp.com\/oui-oui.es\/blog\/wp-content\/uploads\/2017\/04\/oUI-oUI-MENTORING-BLANCO-RUSO-marca-contar-historia.jpg?resize=350%2C200&ssl=1","width":350,"height":200,"srcset":"https:\/\/i0.wp.com\/oui-oui.es\/blog\/wp-content\/uploads\/2017\/04\/oUI-oUI-MENTORING-BLANCO-RUSO-marca-contar-historia.jpg?resize=350%2C200&ssl=1 1x, https:\/\/i0.wp.com\/oui-oui.es\/blog\/wp-content\/uploads\/2017\/04\/oUI-oUI-MENTORING-BLANCO-RUSO-marca-contar-historia.jpg?resize=525%2C300&ssl=1 1.5x, https:\/\/i0.wp.com\/oui-oui.es\/blog\/wp-content\/uploads\/2017\/04\/oUI-oUI-MENTORING-BLANCO-RUSO-marca-contar-historia.jpg?resize=700%2C400&ssl=1 2x"},"classes":[]},{"id":9554,"url":"https:\/\/oui-oui.es\/blog\/net-a-emprender\/","url_meta":{"origin":5347,"position":3},"title":"Net \u00e0 Emprender","author":"Mar\u00eda \u2665Oui Oui\u2665","date":"14 enero, 2019","format":false,"excerpt":"En muchas de las sesiones de mentoring, surge la misma pregunta \u00bfc\u00f3mo hago para darme a conocer personalmente para que me inviten a eventos y para conectar con otros emprendedores con los que hacer colaboraciones y crear sinergias?. Y la respuesta no es f\u00e1cil, porque es el conjunto de muchas\u2026","rel":"","context":"En \u00abEMPRENDEDORAS\u00bb","block_context":{"text":"EMPRENDEDORAS","link":"https:\/\/oui-oui.es\/blog\/category\/mentoring-emprendedores\/"},"img":{"alt_text":"","src":"https:\/\/i0.wp.com\/oui-oui.es\/blog\/wp-content\/uploads\/2019\/01\/Oui-Oui-net-a-emprender-mentoring-emprendedores-mentoring-oui-oui-espacio-la-galerie-ten-cook.jpg?resize=350%2C200&ssl=1","width":350,"height":200,"srcset":"https:\/\/i0.wp.com\/oui-oui.es\/blog\/wp-content\/uploads\/2019\/01\/Oui-Oui-net-a-emprender-mentoring-emprendedores-mentoring-oui-oui-espacio-la-galerie-ten-cook.jpg?resize=350%2C200&ssl=1 1x, https:\/\/i0.wp.com\/oui-oui.es\/blog\/wp-content\/uploads\/2019\/01\/Oui-Oui-net-a-emprender-mentoring-emprendedores-mentoring-oui-oui-espacio-la-galerie-ten-cook.jpg?resize=525%2C300&ssl=1 1.5x, https:\/\/i0.wp.com\/oui-oui.es\/blog\/wp-content\/uploads\/2019\/01\/Oui-Oui-net-a-emprender-mentoring-emprendedores-mentoring-oui-oui-espacio-la-galerie-ten-cook.jpg?resize=700%2C400&ssl=1 2x, https:\/\/i0.wp.com\/oui-oui.es\/blog\/wp-content\/uploads\/2019\/01\/Oui-Oui-net-a-emprender-mentoring-emprendedores-mentoring-oui-oui-espacio-la-galerie-ten-cook.jpg?resize=1050%2C600&ssl=1 3x"},"classes":[]},{"id":4892,"url":"https:\/\/oui-oui.es\/blog\/mentoring-para-emprendedores\/","url_meta":{"origin":5347,"position":4},"title":"Mentoring para Emprendedores","author":"Mar\u00eda \u2665Oui Oui\u2665","date":"18 noviembre, 2016","format":false,"excerpt":"Probablemente este sea uno de los post m\u00e1s especiales de los \u00faltimos meses, me ha costado escribirlo por la cantidad de cosas que quer\u00eda contar, algunas parecen alejadas entre s\u00ed, pero en realidad est\u00e1n tremendamente conectadas por la influencia de unas sobre otras. Comenzar\u00e9 por orden cronol\u00f3gico que me ha\u2026","rel":"","context":"En \u00abEMPRENDEDORAS\u00bb","block_context":{"text":"EMPRENDEDORAS","link":"https:\/\/oui-oui.es\/blog\/category\/mentoring-emprendedores\/"},"img":{"alt_text":"","src":"https:\/\/i0.wp.com\/oui-oui.es\/blog\/wp-content\/uploads\/2016\/11\/Mentoring-Oui-Oui-Mentoring-emprendedores.png?resize=350%2C200&ssl=1","width":350,"height":200,"srcset":"https:\/\/i0.wp.com\/oui-oui.es\/blog\/wp-content\/uploads\/2016\/11\/Mentoring-Oui-Oui-Mentoring-emprendedores.png?resize=350%2C200&ssl=1 1x, https:\/\/i0.wp.com\/oui-oui.es\/blog\/wp-content\/uploads\/2016\/11\/Mentoring-Oui-Oui-Mentoring-emprendedores.png?resize=525%2C300&ssl=1 1.5x, https:\/\/i0.wp.com\/oui-oui.es\/blog\/wp-content\/uploads\/2016\/11\/Mentoring-Oui-Oui-Mentoring-emprendedores.png?resize=700%2C400&ssl=1 2x"},"classes":[]},{"id":8581,"url":"https:\/\/oui-oui.es\/blog\/bundle-para-emprendedores\/","url_meta":{"origin":5347,"position":5},"title":"Bundle para Emprendedores","author":"Mar\u00eda \u2665Oui Oui\u2665","date":"28 septiembre, 2017","format":false,"excerpt":"Lo primero de todo, \u00bfsabes qu\u00e9 es un bundle?, yo no hab\u00eda o\u00eddo hablar hasta hace unos meses y, hace unas semanas, me lo recordaron invit\u00e1ndome a participar, as\u00ed que te lo explico de forma muy sencilla: Un bundle es un paquete de cursos que, al venderse de forma conjunta\u2026","rel":"","context":"En \u00abEMPRENDEDORAS\u00bb","block_context":{"text":"EMPRENDEDORAS","link":"https:\/\/oui-oui.es\/blog\/category\/mentoring-emprendedores\/"},"img":{"alt_text":"","src":"https:\/\/i0.wp.com\/oui-oui.es\/blog\/wp-content\/uploads\/2017\/09\/Oui-Oui-mesa-de-trabajo-bundle-emprendedores.jpg?resize=350%2C200&ssl=1","width":350,"height":200,"srcset":"https:\/\/i0.wp.com\/oui-oui.es\/blog\/wp-content\/uploads\/2017\/09\/Oui-Oui-mesa-de-trabajo-bundle-emprendedores.jpg?resize=350%2C200&ssl=1 1x, https:\/\/i0.wp.com\/oui-oui.es\/blog\/wp-content\/uploads\/2017\/09\/Oui-Oui-mesa-de-trabajo-bundle-emprendedores.jpg?resize=525%2C300&ssl=1 1.5x"},"classes":[]}],"_links":{"self":[{"href":"https:\/\/oui-oui.es\/blog\/wp-json\/wp\/v2\/posts\/5347","targetHints":{"allow":["GET"]}}],"collection":[{"href":"https:\/\/oui-oui.es\/blog\/wp-json\/wp\/v2\/posts"}],"about":[{"href":"https:\/\/oui-oui.es\/blog\/wp-json\/wp\/v2\/types\/post"}],"author":[{"embeddable":true,"href":"https:\/\/oui-oui.es\/blog\/wp-json\/wp\/v2\/users\/1"}],"replies":[{"embeddable":true,"href":"https:\/\/oui-oui.es\/blog\/wp-json\/wp\/v2\/comments?post=5347"}],"version-history":[{"count":1,"href":"https:\/\/oui-oui.es\/blog\/wp-json\/wp\/v2\/posts\/5347\/revisions"}],"predecessor-version":[{"id":5355,"href":"https:\/\/oui-oui.es\/blog\/wp-json\/wp\/v2\/posts\/5347\/revisions\/5355"}],"wp:featuredmedia":[{"embeddable":true,"href":"https:\/\/oui-oui.es\/blog\/wp-json\/wp\/v2\/media\/5354"}],"wp:attachment":[{"href":"https:\/\/oui-oui.es\/blog\/wp-json\/wp\/v2\/media?parent=5347"}],"wp:term":[{"taxonomy":"category","embeddable":true,"href":"https:\/\/oui-oui.es\/blog\/wp-json\/wp\/v2\/categories?post=5347"},{"taxonomy":"post_tag","embeddable":true,"href":"https:\/\/oui-oui.es\/blog\/wp-json\/wp\/v2\/tags?post=5347"}],"curies":[{"name":"wp","href":"https:\/\/api.w.org\/{rel}","templated":true}]}}