{"id":5381,"date":"2017-05-10T00:01:25","date_gmt":"2017-05-09T22:01:25","guid":{"rendered":"https:\/\/oui-oui.es\/blog\/?p=5381"},"modified":"2017-05-09T18:28:15","modified_gmt":"2017-05-09T16:28:15","slug":"neurociencia-y-crianza-dos-libros-imprescindibles","status":"publish","type":"post","link":"https:\/\/oui-oui.es\/blog\/neurociencia-y-crianza-dos-libros-imprescindibles\/","title":{"rendered":"Neurociencia y Crianza | Dos libros imprescindibles"},"content":{"rendered":"<p><img loading=\"lazy\" decoding=\"async\" class=\"aligncenter size-large wp-image-5383\" src=\"https:\/\/oui-oui.es\/blog\/wp-content\/uploads\/2016\/03\/Oui-Oui-libros-neurociencia-maternidad-neurociencia-crianza-el-amor-maternal-neuroeducacion-para-padres-1024x768.jpg\" alt=\"\" width=\"1024\" height=\"768\" srcset=\"https:\/\/oui-oui.es\/blog\/wp-content\/uploads\/2016\/03\/Oui-Oui-libros-neurociencia-maternidad-neurociencia-crianza-el-amor-maternal-neuroeducacion-para-padres-1024x768.jpg 1024w, https:\/\/oui-oui.es\/blog\/wp-content\/uploads\/2016\/03\/Oui-Oui-libros-neurociencia-maternidad-neurociencia-crianza-el-amor-maternal-neuroeducacion-para-padres-300x225.jpg 300w, https:\/\/oui-oui.es\/blog\/wp-content\/uploads\/2016\/03\/Oui-Oui-libros-neurociencia-maternidad-neurociencia-crianza-el-amor-maternal-neuroeducacion-para-padres-768x576.jpg 768w, https:\/\/oui-oui.es\/blog\/wp-content\/uploads\/2016\/03\/Oui-Oui-libros-neurociencia-maternidad-neurociencia-crianza-el-amor-maternal-neuroeducacion-para-padres-600x450.jpg 600w\" sizes=\"auto, (max-width: 1024px) 100vw, 1024px\" \/><\/p>\n<p>En el embarazo de Mart\u00edn comenc\u00e9 a interesarme por libros de maternidad, de esa selecci\u00f3n sali\u00f3 el <a href=\"https:\/\/oui-oui.es\/blog\/3-de-mis-libros-favoritos-de-maternidad\/\" target=\"_blank\" rel=\"noopener noreferrer\">post 3 de mis libros favoritos de maternidad <\/a>, pero justo en ese post escrib\u00eda que me estaba siendo imposible entontrar el libro \u00ab<a href=\"http:\/\/amzn.to\/2prUVRR\" target=\"_blank\" rel=\"noopener noreferrer\">El Amor Maternal<\/a>\u00bb (Sue Gerhardt ) y varias de vosotras me escribisteis para ayudarme pero al final no lo consegu\u00ed. Hasta que hace unos meses; \u00a1\u00a1lo reeditaron!! (edici\u00f3n actualizada) y tengo que <strong>recomendarlo 100%<\/strong>, de hecho, despu\u00e9s de dej\u00e1rselo a varias amigas que me lo han pedido <strong>me lo leer\u00e9 de nuevo<\/strong>.<\/p>\n<p>He de reconocer que, cuando en la contraportada le\u00ed cr\u00edticas que repet\u00edan en varias ocasiones \u00abun libro imprescindible para padres, maetros y pol\u00edticos\u00bb me pareci\u00f3 un poco exagerado, pero despu\u00e9s de leerlo no puedo estar m\u00e1s de acuerdo.<\/p>\n<p><strong>El libro te hace descubrir cosas que hasta ahora pod\u00edas suponer pero que en este momento tienen fundamento cient\u00edfico<\/strong>, un argumento m\u00e1s que de peso para todas esas personas a las que les encanta decir \u00abpues en mi \u00e9poca se hac\u00eda tal o cual y no pasaba nada&#8230;\u00bb, resulta que desde esa \u00e9poca han cambiado muchas cosas y, entre otras, se ha investigado y descubierto muchs cosas.<\/p>\n<p>Como escribe en el pr\u00f3logo Steve Biddulph (Psic\u00f3logo y autor de <a href=\"http:\/\/amzn.to\/2pYudny\" target=\"_blank\" rel=\"noopener noreferrer\"><strong>El secreto del ni\u00f1o feliz<\/strong><\/a>):<\/p>\n<blockquote><p>Cuando los paradigmas de siempre ya no encajan con los datos, <strong>se requiere una nueva perspectiva<\/strong>.<\/p>\n<p><strong>Hemos pasado por alto la importancia del afecto<\/strong>.Cre\u00edamos que s\u00f3lo era algo bonito que daban los padres, cuando en realidad se trata de la clave de la salud mental, la inteligencia y el funcionamiento como seres humanos.<\/p>\n<p>Que alguien sea una buena persona s\u00f3lo significa una cosa; <strong>le han querido<\/strong>.<\/p>\n<p>En <a href=\"http:\/\/amzn.to\/2prUVRR\" target=\"_blank\" rel=\"noopener noreferrer\"><strong>El amor maternal<\/strong><\/a> , encntrar\u00e1s nuevos e incre\u00edbles descubrimientos&#8230;<\/p>\n<p>Que <strong>el estr\u00e9s de la embarazada ya puede empezar a modelar el cerebro del beb\u00e9<\/strong>, afectando al volumen del hipocampo (una estructura del cerebro que interviene en la memoria) o a la amigdala (otra estructura cerebral determinante en las reacciones emocionales).<\/p>\n<p>Que preocuparse por el dinero o trabajar muchas horas durante el embarazo puede afectar a una enzima de la placenta (responsable de impedir que el cortisol materno llegue al beb\u00e9), con lo que el beb\u00e9 recibe oleadas de hormonas del estr\u00e9s&#8230;<\/p><\/blockquote>\n<p>Me gusta <strong>la perpectiva del libro porque no culpabiliza a la madre<\/strong>; lo que nos faltaba era ahora sentir una absoluta culpa pensando en <em>lo que han sufrido<\/em> nuestros beb\u00e9s cuando estaban en la tripa, sino que expone los hechos y plantea soluciones de cara a toda la sociedad, porque que crezcan ni\u00f1os sin las emociones bien asentadas, es un problema de futuro para toda la sociedad, no solo para los padres de esos ni\u00f1os.<\/p>\n<blockquote><p><strong>Plantea soluciones claras, para la sociedad y la crianza.<\/strong> Si en la primera etapa de la paternidad somos capaces de calmarnos, minimizar el estr\u00e9s, valorar el cari\u00f1o y el tiempo, la risa y el juego, y los gobiernos lo permiten, los j\u00f3venes progenitores ver\u00e1n que su labor de crianza es algo hermoso y de gran valor. Los beneficios ser\u00e1n enorme: unos adultos resilientes, emp\u00e1ticos, con buen car\u00e1cter y con buenas capacidades interpersonales.<\/p><\/blockquote>\n<p>Es un libro intenso en lo que a vocabulario del cerebro se refiere, pero en un par de cap\u00edtulos te has acostumbrado. <strong>El libro del amor maternal ha hecho que me interese por la neurociencia<\/strong> en su campo relativo a los beb\u00e9s y a la educaci\u00f3n de ni\u00f1os y adolescentes y, as\u00ed llegu\u00e9 a otro libro imprescindible; <a href=\"http:\/\/amzn.to\/2qOnIop\" target=\"_blank\" rel=\"noopener noreferrer\">Neuroeducaci\u00f3n para padres<\/a>.<\/p>\n<p><a href=\"http:\/\/amzn.to\/2qOnIop\"><img loading=\"lazy\" decoding=\"async\" class=\"aligncenter size-large wp-image-5386\" src=\"https:\/\/oui-oui.es\/blog\/wp-content\/uploads\/2017\/05\/Oui-Oui-neuroeducacion-para-padres-nora-rodriguez-libros-neuroeducacion-666x1024.jpg\" alt=\"\" width=\"666\" height=\"1024\" srcset=\"https:\/\/oui-oui.es\/blog\/wp-content\/uploads\/2017\/05\/Oui-Oui-neuroeducacion-para-padres-nora-rodriguez-libros-neuroeducacion-666x1024.jpg 666w, https:\/\/oui-oui.es\/blog\/wp-content\/uploads\/2017\/05\/Oui-Oui-neuroeducacion-para-padres-nora-rodriguez-libros-neuroeducacion-195x300.jpg 195w, https:\/\/oui-oui.es\/blog\/wp-content\/uploads\/2017\/05\/Oui-Oui-neuroeducacion-para-padres-nora-rodriguez-libros-neuroeducacion-768x1180.jpg 768w, https:\/\/oui-oui.es\/blog\/wp-content\/uploads\/2017\/05\/Oui-Oui-neuroeducacion-para-padres-nora-rodriguez-libros-neuroeducacion-600x922.jpg 600w, https:\/\/oui-oui.es\/blog\/wp-content\/uploads\/2017\/05\/Oui-Oui-neuroeducacion-para-padres-nora-rodriguez-libros-neuroeducacion-300x461.jpg 300w, https:\/\/oui-oui.es\/blog\/wp-content\/uploads\/2017\/05\/Oui-Oui-neuroeducacion-para-padres-nora-rodriguez-libros-neuroeducacion.jpg 781w\" sizes=\"auto, (max-width: 666px) 100vw, 666px\" \/><\/a><\/p>\n<p><a href=\"http:\/\/amzn.to\/2qOnIop\" target=\"_blank\" rel=\"noopener noreferrer\"><strong>Neuroeducaci\u00f3n para padres<\/strong><\/a> (Nora Rodr\u00edguez) es un libro sobre el funcionamiento del cerebro de los ni\u00f1os en su asimilaci\u00f3n de aprendizajes en las distintas etapas, escrito de forma muy amena (con glosario al final para los que no somos cient\u00edficos) y con ejemplos muy claros de formas de ayudar a nuestros hijos en esos momentos educativos en los que puedan tener una dificultad de aprendizaje. Todos tenemos m\u00e1s facilidad para unas cosas que para otras (memoria visual, cuentas, etc&#8230;) y este libro te ayuda, no s\u00f3lo a distiguirlas sino a potenciar las que se le dan mejor a tu hijo, as\u00ed como a lidiar con las que m\u00e1s cuestan (y todo ello fundamentado cient\u00edficamente con el desarrollo del cerebro).<\/p>\n<p>Como os dec\u00eda, estoy <strong>muy interesada en estos temas<\/strong>, as\u00ed que si sab\u00e9is de alg\u00fan libro, estudio, conferencia o similar que pueda ser interesante sobre <strong>Neurociencia y Neuroeducaci\u00f3n<\/strong> \u00a1avisadme por favor!<\/p>\n","protected":false},"excerpt":{"rendered":"<p>En el embarazo de Mart\u00edn comenc\u00e9 a interesarme por libros de maternidad, de esa selecci\u00f3n sali\u00f3 el post 3 de mis libros favoritos de maternidad , pero justo en ese post escrib\u00eda que me estaba siendo imposible entontrar el libro \u00abEl Amor Maternal\u00bb (Sue Gerhardt ) y varias de vosotras me escribisteis para ayudarme pero [&hellip;]<\/p>\n","protected":false},"author":1,"featured_media":5383,"comment_status":"open","ping_status":"open","sticky":false,"template":"","format":"standard","meta":{"jetpack_post_was_ever_published":false,"_jetpack_newsletter_access":"","_jetpack_dont_email_post_to_subs":false,"_jetpack_newsletter_tier_id":0,"_jetpack_memberships_contains_paywalled_content":false,"_jetpack_memberships_contains_paid_content":false,"footnotes":"","jetpack_publicize_message":"","jetpack_publicize_feature_enabled":true,"jetpack_social_post_already_shared":true,"jetpack_social_options":{"image_generator_settings":{"template":"highway","default_image_id":0,"font":"","enabled":false},"version":2}},"categories":[535],"tags":[808,748,805,807],"class_list":["post-5381","post","type-post","status-publish","format-standard","has-post-thumbnail","hentry","category-maternidad","tag-educacion","tag-libros","tag-maternidad","tag-neurociencia"],"aioseo_notices":[],"jetpack_publicize_connections":[],"jetpack_featured_media_url":"https:\/\/oui-oui.es\/blog\/wp-content\/uploads\/2016\/03\/Oui-Oui-libros-neurociencia-maternidad-neurociencia-crianza-el-amor-maternal-neuroeducacion-para-padres.jpg","jetpack_sharing_enabled":true,"jetpack-related-posts":[{"id":4028,"url":"https:\/\/oui-oui.es\/blog\/3-de-mis-libros-favoritos-de-maternidad\/","url_meta":{"origin":5381,"position":0},"title":"3 de mis libros favoritos de maternidad","author":"Mar\u00eda \u2665Oui Oui\u2665","date":"3 marzo, 2016","format":false,"excerpt":"Hay multitud de libros sobre crianza respetuosa, educar a los ni\u00f1os, m\u00e9todos de educaci\u00f3n, etc...No he hecho ning\u00fan estudio en profundidad pero si puedo compartir los que, por ahora, m\u00e1s me han gustado. Sin ninguna duda, el que m\u00e1s me gust\u00f3 (lo le\u00ed en el embarazo de Mart\u00edn pero no\u2026","rel":"","context":"En \u00abMATERNIDAD\u00bb","block_context":{"text":"MATERNIDAD","link":"https:\/\/oui-oui.es\/blog\/category\/maternidad\/"},"img":{"alt_text":"","src":"https:\/\/i0.wp.com\/oui-oui.es\/blog\/wp-content\/uploads\/2016\/01\/Oui-Oui-libros-maternidad-un-a%C3%B1o-para-toda-la-vida.jpg?resize=350%2C200&ssl=1","width":350,"height":200,"srcset":"https:\/\/i0.wp.com\/oui-oui.es\/blog\/wp-content\/uploads\/2016\/01\/Oui-Oui-libros-maternidad-un-a%C3%B1o-para-toda-la-vida.jpg?resize=350%2C200&ssl=1 1x, https:\/\/i0.wp.com\/oui-oui.es\/blog\/wp-content\/uploads\/2016\/01\/Oui-Oui-libros-maternidad-un-a%C3%B1o-para-toda-la-vida.jpg?resize=525%2C300&ssl=1 1.5x, https:\/\/i0.wp.com\/oui-oui.es\/blog\/wp-content\/uploads\/2016\/01\/Oui-Oui-libros-maternidad-un-a%C3%B1o-para-toda-la-vida.jpg?resize=700%2C400&ssl=1 2x, https:\/\/i0.wp.com\/oui-oui.es\/blog\/wp-content\/uploads\/2016\/01\/Oui-Oui-libros-maternidad-un-a%C3%B1o-para-toda-la-vida.jpg?resize=1050%2C600&ssl=1 3x"},"classes":[]},{"id":8900,"url":"https:\/\/oui-oui.es\/blog\/libros-sobre-feminismo-yo-tambien-soy-machista-y-otras-cosas\/","url_meta":{"origin":5381,"position":1},"title":"Libros sobre feminismo, yo tambi\u00e9n soy machista y otras cosas&#8230;","author":"Mar\u00eda \u2665Oui Oui\u2665","date":"8 marzo, 2018","format":false,"excerpt":"Si hubiera tenido tiempo esta semana hoy recibir\u00edas un post laaaargo sobre feminismo y, sobre lo que creo m\u00e1s importante, educar en el feminismo, que no es otra cosa que educar en la igualdad. Como no me da tiempo y soy feminista todos los d\u00edas, lo escribir\u00e9, posiblemente, en Semana\u2026","rel":"","context":"En \u00abMATERNIDAD\u00bb","block_context":{"text":"MATERNIDAD","link":"https:\/\/oui-oui.es\/blog\/category\/maternidad\/"},"img":{"alt_text":"","src":"https:\/\/i0.wp.com\/oui-oui.es\/blog\/wp-content\/uploads\/2018\/03\/Oui-Oui-libros-feminismo-como-educar-en-el-feminismo.jpg?resize=350%2C200&ssl=1","width":350,"height":200,"srcset":"https:\/\/i0.wp.com\/oui-oui.es\/blog\/wp-content\/uploads\/2018\/03\/Oui-Oui-libros-feminismo-como-educar-en-el-feminismo.jpg?resize=350%2C200&ssl=1 1x, https:\/\/i0.wp.com\/oui-oui.es\/blog\/wp-content\/uploads\/2018\/03\/Oui-Oui-libros-feminismo-como-educar-en-el-feminismo.jpg?resize=525%2C300&ssl=1 1.5x, https:\/\/i0.wp.com\/oui-oui.es\/blog\/wp-content\/uploads\/2018\/03\/Oui-Oui-libros-feminismo-como-educar-en-el-feminismo.jpg?resize=700%2C400&ssl=1 2x, https:\/\/i0.wp.com\/oui-oui.es\/blog\/wp-content\/uploads\/2018\/03\/Oui-Oui-libros-feminismo-como-educar-en-el-feminismo.jpg?resize=1050%2C600&ssl=1 3x, https:\/\/i0.wp.com\/oui-oui.es\/blog\/wp-content\/uploads\/2018\/03\/Oui-Oui-libros-feminismo-como-educar-en-el-feminismo.jpg?resize=1400%2C800&ssl=1 4x"},"classes":[]},{"id":9221,"url":"https:\/\/oui-oui.es\/blog\/un-ano-de-libros\/","url_meta":{"origin":5381,"position":2},"title":"Un a\u00f1o de libros","author":"Mar\u00eda \u2665Oui Oui\u2665","date":"19 julio, 2018","format":false,"excerpt":"Hace un a\u00f1o que tuve la suerte de compartir una ma\u00f1ana con varias mujeres interesantes sobre c\u00f3mo la maternidad nos hab\u00eda afectado a la lectura, al tener menos tiempo y m\u00e1s cansancio, en general, hab\u00edamos relegado el placer de la lectura varios puestos abajo de la lista de prioridades. Entre\u2026","rel":"","context":"En \u00abESTILO DE VIDA\u00bb","block_context":{"text":"ESTILO DE VIDA","link":"https:\/\/oui-oui.es\/blog\/category\/lifestyle-2\/"},"img":{"alt_text":"","src":"https:\/\/i0.wp.com\/oui-oui.es\/blog\/wp-content\/uploads\/2018\/07\/Oui-Oui-libros-nutrici%C3%B3n-libros-feminismo-cerebro-obeso-stroller-zubi-iniciales-bolsa-zip-almendras.jpg?resize=350%2C200&ssl=1","width":350,"height":200,"srcset":"https:\/\/i0.wp.com\/oui-oui.es\/blog\/wp-content\/uploads\/2018\/07\/Oui-Oui-libros-nutrici%C3%B3n-libros-feminismo-cerebro-obeso-stroller-zubi-iniciales-bolsa-zip-almendras.jpg?resize=350%2C200&ssl=1 1x, https:\/\/i0.wp.com\/oui-oui.es\/blog\/wp-content\/uploads\/2018\/07\/Oui-Oui-libros-nutrici%C3%B3n-libros-feminismo-cerebro-obeso-stroller-zubi-iniciales-bolsa-zip-almendras.jpg?resize=525%2C300&ssl=1 1.5x, https:\/\/i0.wp.com\/oui-oui.es\/blog\/wp-content\/uploads\/2018\/07\/Oui-Oui-libros-nutrici%C3%B3n-libros-feminismo-cerebro-obeso-stroller-zubi-iniciales-bolsa-zip-almendras.jpg?resize=700%2C400&ssl=1 2x, https:\/\/i0.wp.com\/oui-oui.es\/blog\/wp-content\/uploads\/2018\/07\/Oui-Oui-libros-nutrici%C3%B3n-libros-feminismo-cerebro-obeso-stroller-zubi-iniciales-bolsa-zip-almendras.jpg?resize=1050%2C600&ssl=1 3x, https:\/\/i0.wp.com\/oui-oui.es\/blog\/wp-content\/uploads\/2018\/07\/Oui-Oui-libros-nutrici%C3%B3n-libros-feminismo-cerebro-obeso-stroller-zubi-iniciales-bolsa-zip-almendras.jpg?resize=1400%2C800&ssl=1 4x"},"classes":[]},{"id":8834,"url":"https:\/\/oui-oui.es\/blog\/un-dia-especial-de-una-cena-un-libro-y-una-peli\/","url_meta":{"origin":5381,"position":3},"title":"Un d\u00eda especial, de una cena, un libro y una peli","author":"Mar\u00eda \u2665Oui Oui\u2665","date":"5 febrero, 2018","format":false,"excerpt":"Desde peque\u00f1a mi madre siempre me dec\u00eda \"las cosas pasan por algo\" y lo cierto es que ese mensaje cal\u00f3 en m\u00ed y es parte de mi forma de ver la vida; da todo lo que puedas de t\u00ed, f\u00f3rmate,trabaja duro y persigue tus objetivos, pero hay veces, muchas, en\u2026","rel":"","context":"En \u00abESTILO DE VIDA\u00bb","block_context":{"text":"ESTILO DE VIDA","link":"https:\/\/oui-oui.es\/blog\/category\/lifestyle-2\/"},"img":{"alt_text":"","src":"https:\/\/i0.wp.com\/oui-oui.es\/blog\/wp-content\/uploads\/2018\/02\/Oui-Oui-Anne-Dauphine-Julliand-ganar-al-viento-pelicula-felicidad-ni%C3%B1os-enfermos.jpg?resize=350%2C200&ssl=1","width":350,"height":200,"srcset":"https:\/\/i0.wp.com\/oui-oui.es\/blog\/wp-content\/uploads\/2018\/02\/Oui-Oui-Anne-Dauphine-Julliand-ganar-al-viento-pelicula-felicidad-ni%C3%B1os-enfermos.jpg?resize=350%2C200&ssl=1 1x, https:\/\/i0.wp.com\/oui-oui.es\/blog\/wp-content\/uploads\/2018\/02\/Oui-Oui-Anne-Dauphine-Julliand-ganar-al-viento-pelicula-felicidad-ni%C3%B1os-enfermos.jpg?resize=525%2C300&ssl=1 1.5x, https:\/\/i0.wp.com\/oui-oui.es\/blog\/wp-content\/uploads\/2018\/02\/Oui-Oui-Anne-Dauphine-Julliand-ganar-al-viento-pelicula-felicidad-ni%C3%B1os-enfermos.jpg?resize=700%2C400&ssl=1 2x"},"classes":[]},{"id":5356,"url":"https:\/\/oui-oui.es\/blog\/mi-madre-me-enseno\/","url_meta":{"origin":5381,"position":4},"title":"Mi madre me ense\u00f1\u00f3","author":"Mar\u00eda \u2665Oui Oui\u2665","date":"5 mayo, 2017","format":false,"excerpt":"Te das cuenta de que te haces mayor cuendo empiezas a utilizar frases de madre, de la tuya, especialmente cuando tienes hijos y empiezas a repetir algunas de las formas de decir las cosas. Pero eso tambi\u00e9n hace que aprecies las cosas que te ense\u00f1\u00f3 tu madre, o las que\u2026","rel":"","context":"En \u00abMATERNIDAD\u00bb","block_context":{"text":"MATERNIDAD","link":"https:\/\/oui-oui.es\/blog\/category\/maternidad\/"},"img":{"alt_text":"","src":"https:\/\/i0.wp.com\/oui-oui.es\/blog\/wp-content\/uploads\/2017\/05\/Oui-Oui-lo-que-me-ense%C3%B1%C3%B3-mi-madre.jpg?resize=350%2C200&ssl=1","width":350,"height":200,"srcset":"https:\/\/i0.wp.com\/oui-oui.es\/blog\/wp-content\/uploads\/2017\/05\/Oui-Oui-lo-que-me-ense%C3%B1%C3%B3-mi-madre.jpg?resize=350%2C200&ssl=1 1x, https:\/\/i0.wp.com\/oui-oui.es\/blog\/wp-content\/uploads\/2017\/05\/Oui-Oui-lo-que-me-ense%C3%B1%C3%B3-mi-madre.jpg?resize=525%2C300&ssl=1 1.5x, https:\/\/i0.wp.com\/oui-oui.es\/blog\/wp-content\/uploads\/2017\/05\/Oui-Oui-lo-que-me-ense%C3%B1%C3%B3-mi-madre.jpg?resize=700%2C400&ssl=1 2x, https:\/\/i0.wp.com\/oui-oui.es\/blog\/wp-content\/uploads\/2017\/05\/Oui-Oui-lo-que-me-ense%C3%B1%C3%B3-mi-madre.jpg?resize=1050%2C600&ssl=1 3x, https:\/\/i0.wp.com\/oui-oui.es\/blog\/wp-content\/uploads\/2017\/05\/Oui-Oui-lo-que-me-ense%C3%B1%C3%B3-mi-madre.jpg?resize=1400%2C800&ssl=1 4x"},"classes":[]},{"id":638,"url":"https:\/\/oui-oui.es\/blog\/y-la-noticia-que-faltaba-era\/","url_meta":{"origin":5381,"position":5},"title":"Y la noticia que faltaba era&#8230;","author":"Mar\u00eda \u2665Oui Oui\u2665","date":"1 abril, 2013","format":false,"excerpt":"Como contaba hace unas semanas, marzo era un mes especial, fu\u00e9 mi cumple, lanc\u00e9 la tienda online (un mill\u00f3n de gracias por la buena acogida que est\u00e1 teniendo!!) y quedaba una sorpresa m\u00e1s por desvelar...Al final os la cuento en abril, pero en un d\u00eda tambi\u00e9n muy especial...Hoy en nuestro\u2026","rel":"","context":"En \u00abNI\u00d1OS Y NI\u00d1AS\u00bb","block_context":{"text":"NI\u00d1OS Y NI\u00d1AS","link":"https:\/\/oui-oui.es\/blog\/category\/ninos\/"},"img":{"alt_text":"","src":"https:\/\/i0.wp.com\/oui-oui.es\/blog\/wp-content\/uploads\/h1_track.jpg?resize=350%2C200&ssl=1","width":350,"height":200,"srcset":"https:\/\/i0.wp.com\/oui-oui.es\/blog\/wp-content\/uploads\/h1_track.jpg?resize=350%2C200&ssl=1 1x, https:\/\/i0.wp.com\/oui-oui.es\/blog\/wp-content\/uploads\/h1_track.jpg?resize=525%2C300&ssl=1 1.5x"},"classes":[]}],"_links":{"self":[{"href":"https:\/\/oui-oui.es\/blog\/wp-json\/wp\/v2\/posts\/5381","targetHints":{"allow":["GET"]}}],"collection":[{"href":"https:\/\/oui-oui.es\/blog\/wp-json\/wp\/v2\/posts"}],"about":[{"href":"https:\/\/oui-oui.es\/blog\/wp-json\/wp\/v2\/types\/post"}],"author":[{"embeddable":true,"href":"https:\/\/oui-oui.es\/blog\/wp-json\/wp\/v2\/users\/1"}],"replies":[{"embeddable":true,"href":"https:\/\/oui-oui.es\/blog\/wp-json\/wp\/v2\/comments?post=5381"}],"version-history":[{"count":2,"href":"https:\/\/oui-oui.es\/blog\/wp-json\/wp\/v2\/posts\/5381\/revisions"}],"predecessor-version":[{"id":5388,"href":"https:\/\/oui-oui.es\/blog\/wp-json\/wp\/v2\/posts\/5381\/revisions\/5388"}],"wp:featuredmedia":[{"embeddable":true,"href":"https:\/\/oui-oui.es\/blog\/wp-json\/wp\/v2\/media\/5383"}],"wp:attachment":[{"href":"https:\/\/oui-oui.es\/blog\/wp-json\/wp\/v2\/media?parent=5381"}],"wp:term":[{"taxonomy":"category","embeddable":true,"href":"https:\/\/oui-oui.es\/blog\/wp-json\/wp\/v2\/categories?post=5381"},{"taxonomy":"post_tag","embeddable":true,"href":"https:\/\/oui-oui.es\/blog\/wp-json\/wp\/v2\/tags?post=5381"}],"curies":[{"name":"wp","href":"https:\/\/api.w.org\/{rel}","templated":true}]}}