{"id":540,"date":"2013-02-28T00:10:37","date_gmt":"2013-02-27T23:10:37","guid":{"rendered":"http:\/\/ouiouiblog.wordpress.com\/?p=540"},"modified":"2013-02-28T00:10:37","modified_gmt":"2013-02-27T23:10:37","slug":"hola-hola","status":"publish","type":"post","link":"https:\/\/oui-oui.es\/blog\/hola-hola\/","title":{"rendered":"Hola Hola!!"},"content":{"rendered":"<p style=\"text-align:center;\"><a href=\"https:\/\/oui-oui.es\/blog\/wp-content\/uploads\/oui-oui-blog-blogueando.jpg\"><img loading=\"lazy\" decoding=\"async\" class=\"aligncenter size-full wp-image-542\" alt=\"oui oui blog-blogueando\" src=\"https:\/\/oui-oui.es\/blog\/wp-content\/uploads\/oui-oui-blog-blogueando.jpg\" width=\"293\" height=\"286\" \/><\/a><\/p>\n<p style=\"text-align:center;\">Aqu\u00ed estoy, aqu\u00ed estoy&#8230;Sigo viva!!<\/p>\n<p style=\"text-align:center;\">Siento un mont\u00f3n no haber escrito estas \u00faltimas semanas, entre <strong>viajes para traer producto<\/strong> y el <strong>c\u00famulo de trabajo final para<\/strong> (intentar) <strong>LANZAR!!<\/strong> -por fin- <strong><a href=\"http:\/\/www.oui-oui.es\" target=\"_blank\">la tienda online<\/a> en marzo<\/strong> (espero que sea mediados) no he sido capaz de sacar un hueco, pero eso va a cambiar&#8230;Espero!!, <strong>a partir de hoy vuelve el post diario \ud83d\ude09<\/strong> que adem\u00e1s <strong>marzo es mi mes favorito<\/strong> y este a\u00f1o ser\u00e1 triplemente especial, <strong>es mi cumple, espero poder lanzar la tienda y contaros otra sorpresa!!<\/strong><\/p>\n<p style=\"text-align:center;\">Aunque no \u00abhe estado\u00bb en el blog, si he estado en <a href=\"https:\/\/www.facebook.com\/OuiOuiDetalles\" target=\"_blank\">Facebook<\/a> y <strong>he podido escribirme con muchas de vosotras<\/strong>, ya sea por las <strong>Puertas del Ratoncito P\u00e9rez<\/strong> (aprovecho para daros UN MILL\u00d3N de GRACIAS por el cari\u00f1o con el que las hab\u00e9is \u00abacogido\u00bb) o <strong>con las novias que buscan algo diferente<\/strong> (si a alguien le debo un mail, por favor, escribidme de nuevo porque se me habr\u00e1 traspapelado!).<\/p>\n<p style=\"text-align:center;\">Ya sab\u00e9is que sigo <strong>buscando y buscando cosas chulas<\/strong> \u00a1esta semana nos ha llegado el primer pedido!, <strong>qu\u00e9 ganas de ense\u00f1aros fotos de todo lo que tendremos en unos d\u00edas!<\/strong>, iremos incorporando a la tienda cosas poco a poco tambi\u00e9n, <strong>como adelanto<\/strong> (y esto va dedicado a Patricia&#8230;) <strong>Tendremos las guirnaldas de tiras que est\u00e1n causando furor!!<\/strong><\/p>\n<p style=\"text-align:center;\"><a href=\"https:\/\/oui-oui.es\/blog\/wp-content\/uploads\/oui-oui-guirnalda-tiras-papel-tassel-garland-decoracion-boda-original.jpg\"><img loading=\"lazy\" decoding=\"async\" class=\"aligncenter size-full wp-image-541\" alt=\"Oui Oui-guirnalda tiras papel-tassel garland-decoracion boda original\" src=\"https:\/\/oui-oui.es\/blog\/wp-content\/uploads\/oui-oui-guirnalda-tiras-papel-tassel-garland-decoracion-boda-original.jpg\" width=\"529\" height=\"300\" srcset=\"https:\/\/oui-oui.es\/blog\/wp-content\/uploads\/oui-oui-guirnalda-tiras-papel-tassel-garland-decoracion-boda-original.jpg 954w, https:\/\/oui-oui.es\/blog\/wp-content\/uploads\/oui-oui-guirnalda-tiras-papel-tassel-garland-decoracion-boda-original-300x170.jpg 300w\" sizes=\"auto, (max-width: 529px) 100vw, 529px\" \/><\/a><\/p>\n<p style=\"text-align:center;\">Pues nada, que ma\u00f1ana estar\u00e9 a pleno rendimiento!! , a ver si me da tiempo a contaros el plan de esta tarde&#8230;<strong>La Fiesta de The Wedding Lab!<\/strong><\/p>\n<p style=\"text-align:center;\"><strong>Bienvenid@s de nuevo!!<\/strong><\/p>\n","protected":false},"excerpt":{"rendered":"<p>Aqu\u00ed estoy, aqu\u00ed estoy&#8230;Sigo viva!! Siento un mont\u00f3n no haber escrito estas \u00faltimas semanas, entre viajes para traer producto y el c\u00famulo de trabajo final para (intentar) LANZAR!! -por fin- la tienda online en marzo (espero que sea mediados) no he sido capaz de sacar un hueco, pero eso va a cambiar&#8230;Espero!!, a partir de [&hellip;]<\/p>\n","protected":false},"author":1,"featured_media":542,"comment_status":"open","ping_status":"open","sticky":false,"template":"","format":"standard","meta":{"jetpack_post_was_ever_published":false,"_jetpack_newsletter_access":"","_jetpack_dont_email_post_to_subs":false,"_jetpack_newsletter_tier_id":0,"_jetpack_memberships_contains_paywalled_content":false,"_jetpack_memberships_contains_paid_content":false,"footnotes":"","jetpack_publicize_message":"","jetpack_publicize_feature_enabled":true,"jetpack_social_post_already_shared":false,"jetpack_social_options":{"image_generator_settings":{"template":"highway","default_image_id":0,"font":"","enabled":false},"version":2}},"categories":[13],"tags":[727,733],"class_list":["post-540","post","type-post","status-publish","format-standard","has-post-thumbnail","hentry","category-oui-oui","tag-guirnaldas","tag-oui-oui-concept-store"],"aioseo_notices":[],"jetpack_publicize_connections":[],"jetpack_featured_media_url":"https:\/\/oui-oui.es\/blog\/wp-content\/uploads\/oui-oui-blog-blogueando.jpg","jetpack_sharing_enabled":true,"jetpack-related-posts":[{"id":638,"url":"https:\/\/oui-oui.es\/blog\/y-la-noticia-que-faltaba-era\/","url_meta":{"origin":540,"position":0},"title":"Y la noticia que faltaba era&#8230;","author":"Mar\u00eda \u2665Oui Oui\u2665","date":"1 abril, 2013","format":false,"excerpt":"Como contaba hace unas semanas, marzo era un mes especial, fu\u00e9 mi cumple, lanc\u00e9 la tienda online (un mill\u00f3n de gracias por la buena acogida que est\u00e1 teniendo!!) y quedaba una sorpresa m\u00e1s por desvelar...Al final os la cuento en abril, pero en un d\u00eda tambi\u00e9n muy especial...Hoy en nuestro\u2026","rel":"","context":"En \u00abNI\u00d1OS Y NI\u00d1AS\u00bb","block_context":{"text":"NI\u00d1OS Y NI\u00d1AS","link":"https:\/\/oui-oui.es\/blog\/category\/ninos\/"},"img":{"alt_text":"","src":"https:\/\/i0.wp.com\/oui-oui.es\/blog\/wp-content\/uploads\/h1_track.jpg?resize=350%2C200&ssl=1","width":350,"height":200,"srcset":"https:\/\/i0.wp.com\/oui-oui.es\/blog\/wp-content\/uploads\/h1_track.jpg?resize=350%2C200&ssl=1 1x, https:\/\/i0.wp.com\/oui-oui.es\/blog\/wp-content\/uploads\/h1_track.jpg?resize=525%2C300&ssl=1 1.5x"},"classes":[]},{"id":575,"url":"https:\/\/oui-oui.es\/blog\/empieza-la-cuenta-atras\/","url_meta":{"origin":540,"position":1},"title":"Empieza la cuenta atr\u00e1s!!","author":"Mar\u00eda \u2665Oui Oui\u2665","date":"15 marzo, 2013","format":false,"excerpt":"Pues s\u00ed, ya es viernes, no he cumplido con el prop\u00f3sito de escribir todos los d\u00edas en el blog, montando la tienda me es imposible...Espero que lo entend\u00e1is, a\u00fan as\u00ed he procurado contestar todos los mensajes, mails...(Me faltan s\u00f3lo dos que contestar\u00e9 este finde!!) de novias, hermanas de la novia,\u2026","rel":"","context":"En \u00abOUI OUI\u00bb","block_context":{"text":"OUI OUI","link":"https:\/\/oui-oui.es\/blog\/category\/oui-oui\/"},"img":{"alt_text":"","src":"https:\/\/i0.wp.com\/oui-oui.es\/blog\/wp-content\/uploads\/oui-oui-nic3b1a-conejo-bebiendo-champagne.jpg?resize=350%2C200&ssl=1","width":350,"height":200,"srcset":"https:\/\/i0.wp.com\/oui-oui.es\/blog\/wp-content\/uploads\/oui-oui-nic3b1a-conejo-bebiendo-champagne.jpg?resize=350%2C200&ssl=1 1x, https:\/\/i0.wp.com\/oui-oui.es\/blog\/wp-content\/uploads\/oui-oui-nic3b1a-conejo-bebiendo-champagne.jpg?resize=525%2C300&ssl=1 1.5x"},"classes":[]},{"id":10535,"url":"https:\/\/oui-oui.es\/blog\/novedades-en-la-tienda-de-oui-oui\/","url_meta":{"origin":540,"position":2},"title":"Novedades en la tienda de Oui Oui","author":"Mar\u00eda \u2665Oui Oui\u2665","date":"23 junio, 2020","format":false,"excerpt":"El otro d\u00eda me dec\u00eda mi t\u00eda que por qu\u00e9 ya no sub\u00eda las novedades de la tienda al Blog, que ella no tiene Instagram y le gustaba cuando le llegaban las novedades al mail...Pues dicho y hecho! aunque lo perfecto ser\u00eda volver a enviar una Newsletter, lo cierto es\u2026","rel":"","context":"En \u00abCASA\u00bb","block_context":{"text":"CASA","link":"https:\/\/oui-oui.es\/blog\/category\/hogar-dulce-hogar\/"},"img":{"alt_text":"","src":"https:\/\/i0.wp.com\/oui-oui.es\/blog\/wp-content\/uploads\/2020\/06\/oui-oui-cesta-mosey-olli-ella-cesta-para-recoger-flores-huevos-cesta-regalo-5.jpg?resize=350%2C200&ssl=1","width":350,"height":200,"srcset":"https:\/\/i0.wp.com\/oui-oui.es\/blog\/wp-content\/uploads\/2020\/06\/oui-oui-cesta-mosey-olli-ella-cesta-para-recoger-flores-huevos-cesta-regalo-5.jpg?resize=350%2C200&ssl=1 1x, https:\/\/i0.wp.com\/oui-oui.es\/blog\/wp-content\/uploads\/2020\/06\/oui-oui-cesta-mosey-olli-ella-cesta-para-recoger-flores-huevos-cesta-regalo-5.jpg?resize=525%2C300&ssl=1 1.5x, https:\/\/i0.wp.com\/oui-oui.es\/blog\/wp-content\/uploads\/2020\/06\/oui-oui-cesta-mosey-olli-ella-cesta-para-recoger-flores-huevos-cesta-regalo-5.jpg?resize=700%2C400&ssl=1 2x, https:\/\/i0.wp.com\/oui-oui.es\/blog\/wp-content\/uploads\/2020\/06\/oui-oui-cesta-mosey-olli-ella-cesta-para-recoger-flores-huevos-cesta-regalo-5.jpg?resize=1050%2C600&ssl=1 3x, https:\/\/i0.wp.com\/oui-oui.es\/blog\/wp-content\/uploads\/2020\/06\/oui-oui-cesta-mosey-olli-ella-cesta-para-recoger-flores-huevos-cesta-regalo-5.jpg?resize=1400%2C800&ssl=1 4x"},"classes":[]},{"id":8967,"url":"https:\/\/oui-oui.es\/blog\/como-etiquetar-productos-con-link-en-instagram\/","url_meta":{"origin":540,"position":3},"title":"C\u00f3mo etiquetar productos con link en Instagram","author":"Mar\u00eda \u2665Oui Oui\u2665","date":"9 abril, 2018","format":false,"excerpt":"La tan deseada funci\u00f3n de Instagram en la que aparece una etiqueta en la foto con el precio del producto y un link a la tienda online \u00a1ya est\u00e1 en Espa\u00f1a!, La hab\u00edamos visto en perfiles americanos, australianos...Pero desde el 20 de marzo ya puedes acceder a ella si tienes\u2026","rel":"","context":"En \u00abEMPRENDEDORAS\u00bb","block_context":{"text":"EMPRENDEDORAS","link":"https:\/\/oui-oui.es\/blog\/category\/mentoring-emprendedores\/"},"img":{"alt_text":"","src":"https:\/\/i0.wp.com\/oui-oui.es\/blog\/wp-content\/uploads\/2018\/04\/Oui-Oui-c%C3%B3mo-etiquetar-productos-en-Instagram-carrito-mimbre.jpg?resize=350%2C200&ssl=1","width":350,"height":200,"srcset":"https:\/\/i0.wp.com\/oui-oui.es\/blog\/wp-content\/uploads\/2018\/04\/Oui-Oui-c%C3%B3mo-etiquetar-productos-en-Instagram-carrito-mimbre.jpg?resize=350%2C200&ssl=1 1x, https:\/\/i0.wp.com\/oui-oui.es\/blog\/wp-content\/uploads\/2018\/04\/Oui-Oui-c%C3%B3mo-etiquetar-productos-en-Instagram-carrito-mimbre.jpg?resize=525%2C300&ssl=1 1.5x, https:\/\/i0.wp.com\/oui-oui.es\/blog\/wp-content\/uploads\/2018\/04\/Oui-Oui-c%C3%B3mo-etiquetar-productos-en-Instagram-carrito-mimbre.jpg?resize=700%2C400&ssl=1 2x, https:\/\/i0.wp.com\/oui-oui.es\/blog\/wp-content\/uploads\/2018\/04\/Oui-Oui-c%C3%B3mo-etiquetar-productos-en-Instagram-carrito-mimbre.jpg?resize=1050%2C600&ssl=1 3x"},"classes":[]},{"id":427,"url":"https:\/\/oui-oui.es\/blog\/el-primer-pasito-de-oui-oui\/","url_meta":{"origin":540,"position":4},"title":"El primer pasito de Oui Oui","author":"Mar\u00eda \u2665Oui Oui\u2665","date":"19 noviembre, 2012","format":false,"excerpt":"Comenzar un proyecto nuevo siempre es emocionante, con muchas ganas de que vayan saliendo las cosas, pero mezclado con un poco de v\u00e9rtigo y nervios. Y as\u00ed me encuentro ahora ante el blog de Oui Oui, aunque llevo escribiendo otro blog m\u00e1s de cuatro a\u00f1os -Superfluo Imprescindible- es como si\u2026","rel":"","context":"En \u00abOUI OUI\u00bb","block_context":{"text":"OUI OUI","link":"https:\/\/oui-oui.es\/blog\/category\/oui-oui\/"},"img":{"alt_text":"","src":"https:\/\/i0.wp.com\/oui-oui.es\/blog\/wp-content\/uploads\/oui-oui-emprender-poner-en-marcha-proyecto-momento-empezar.jpg?resize=350%2C200&ssl=1","width":350,"height":200},"classes":[]},{"id":561,"url":"https:\/\/oui-oui.es\/blog\/no-lleves-los-anillos-de-cualquier-forma\/","url_meta":{"origin":540,"position":5},"title":"No lleves los anillos de cualquier forma","author":"Mar\u00eda \u2665Oui Oui\u2665","date":"8 marzo, 2013","format":false,"excerpt":"Algo bueno tiene que tener que se te pete Outlook y es que, mientras que espero que un amigo pueda ayudarme ma\u00f1ana, he podido encontrar un hueco para postear!. Estos d\u00edas est\u00e1n siendo muy intensos con la preparaci\u00f3n de la tienda online, soy impaciente y quiero que est\u00e9 todo ya\u2026","rel":"","context":"En \u00abBoda\u00bb","block_context":{"text":"Boda","link":"https:\/\/oui-oui.es\/blog\/category\/fiestas-celebraciones\/boda\/"},"img":{"alt_text":"","src":"https:\/\/i0.wp.com\/oui-oui.es\/blog\/wp-content\/uploads\/oui-oui-plato-anillos-palomac2b4s-nest-porta-anillos-porta-alianzas-2.jpg?resize=350%2C200&ssl=1","width":350,"height":200,"srcset":"https:\/\/i0.wp.com\/oui-oui.es\/blog\/wp-content\/uploads\/oui-oui-plato-anillos-palomac2b4s-nest-porta-anillos-porta-alianzas-2.jpg?resize=350%2C200&ssl=1 1x, https:\/\/i0.wp.com\/oui-oui.es\/blog\/wp-content\/uploads\/oui-oui-plato-anillos-palomac2b4s-nest-porta-anillos-porta-alianzas-2.jpg?resize=525%2C300&ssl=1 1.5x"},"classes":[]}],"_links":{"self":[{"href":"https:\/\/oui-oui.es\/blog\/wp-json\/wp\/v2\/posts\/540","targetHints":{"allow":["GET"]}}],"collection":[{"href":"https:\/\/oui-oui.es\/blog\/wp-json\/wp\/v2\/posts"}],"about":[{"href":"https:\/\/oui-oui.es\/blog\/wp-json\/wp\/v2\/types\/post"}],"author":[{"embeddable":true,"href":"https:\/\/oui-oui.es\/blog\/wp-json\/wp\/v2\/users\/1"}],"replies":[{"embeddable":true,"href":"https:\/\/oui-oui.es\/blog\/wp-json\/wp\/v2\/comments?post=540"}],"version-history":[{"count":0,"href":"https:\/\/oui-oui.es\/blog\/wp-json\/wp\/v2\/posts\/540\/revisions"}],"wp:featuredmedia":[{"embeddable":true,"href":"https:\/\/oui-oui.es\/blog\/wp-json\/wp\/v2\/media\/542"}],"wp:attachment":[{"href":"https:\/\/oui-oui.es\/blog\/wp-json\/wp\/v2\/media?parent=540"}],"wp:term":[{"taxonomy":"category","embeddable":true,"href":"https:\/\/oui-oui.es\/blog\/wp-json\/wp\/v2\/categories?post=540"},{"taxonomy":"post_tag","embeddable":true,"href":"https:\/\/oui-oui.es\/blog\/wp-json\/wp\/v2\/tags?post=540"}],"curies":[{"name":"wp","href":"https:\/\/api.w.org\/{rel}","templated":true}]}}