{"id":5427,"date":"2017-05-22T17:12:24","date_gmt":"2017-05-22T15:12:24","guid":{"rendered":"https:\/\/oui-oui.es\/blog\/?p=5427"},"modified":"2017-05-22T17:24:53","modified_gmt":"2017-05-22T15:24:53","slug":"sublimotion-un-espectaculo-gastonomico","status":"publish","type":"post","link":"https:\/\/oui-oui.es\/blog\/sublimotion-un-espectaculo-gastonomico\/","title":{"rendered":"Sublimotion | Un espect\u00e1culo gaston\u00f3mico"},"content":{"rendered":"<p><img loading=\"lazy\" decoding=\"async\" class=\"aligncenter size-large wp-image-5432\" src=\"https:\/\/oui-oui.es\/blog\/wp-content\/uploads\/2017\/05\/Oui-Oui-sublimotion-Escena-Oceano-2016-1024x682.jpg\" alt=\"\" width=\"1024\" height=\"682\" srcset=\"https:\/\/oui-oui.es\/blog\/wp-content\/uploads\/2017\/05\/Oui-Oui-sublimotion-Escena-Oceano-2016-1024x682.jpg 1024w, https:\/\/oui-oui.es\/blog\/wp-content\/uploads\/2017\/05\/Oui-Oui-sublimotion-Escena-Oceano-2016-300x200.jpg 300w, https:\/\/oui-oui.es\/blog\/wp-content\/uploads\/2017\/05\/Oui-Oui-sublimotion-Escena-Oceano-2016-768x511.jpg 768w, https:\/\/oui-oui.es\/blog\/wp-content\/uploads\/2017\/05\/Oui-Oui-sublimotion-Escena-Oceano-2016-600x399.jpg 600w, https:\/\/oui-oui.es\/blog\/wp-content\/uploads\/2017\/05\/Oui-Oui-sublimotion-Escena-Oceano-2016.jpg 1800w\" sizes=\"auto, (max-width: 1024px) 100vw, 1024px\" \/><\/p>\n<p>Hace unos d\u00edas tuve la suerte de acudir a la presentaci\u00f3n de <a href=\"http:\/\/www.sublimotionibiza.com\/es\/\" target=\"_blank\" rel=\"noopener noreferrer\"><strong>SUBLIMOTION<\/strong><\/a>, el primer espect\u00e1ulo gastron\u00f3mico del mundo.<\/p>\n<p>El concepto naci\u00f3 en 2012 pero no abri\u00f3 sus puertas hasta 2014, durante esos dos a\u00f1os, profesionales de diferentes campos (cocineros, ingenieros, dise\u00f1adores,ilusionistas, escen\u00f3grafos,arquitectos&#8230;) consiguieron fusionar la alta gastronom\u00eda con la tencolog\u00eda m\u00e1s vanguardista creando un nuevo arte esc\u00e9nico.<\/p>\n<p><img loading=\"lazy\" decoding=\"async\" class=\"aligncenter size-large wp-image-5434\" src=\"https:\/\/oui-oui.es\/blog\/wp-content\/uploads\/2017\/05\/Oui-Oui-sublimotion-Escena-Apertura-2016-1024x683.jpg\" alt=\"\" width=\"1024\" height=\"683\" srcset=\"https:\/\/oui-oui.es\/blog\/wp-content\/uploads\/2017\/05\/Oui-Oui-sublimotion-Escena-Apertura-2016-1024x683.jpg 1024w, https:\/\/oui-oui.es\/blog\/wp-content\/uploads\/2017\/05\/Oui-Oui-sublimotion-Escena-Apertura-2016-300x200.jpg 300w, https:\/\/oui-oui.es\/blog\/wp-content\/uploads\/2017\/05\/Oui-Oui-sublimotion-Escena-Apertura-2016-768x512.jpg 768w, https:\/\/oui-oui.es\/blog\/wp-content\/uploads\/2017\/05\/Oui-Oui-sublimotion-Escena-Apertura-2016-600x400.jpg 600w, https:\/\/oui-oui.es\/blog\/wp-content\/uploads\/2017\/05\/Oui-Oui-sublimotion-Escena-Apertura-2016.jpg 1800w\" sizes=\"auto, (max-width: 1024px) 100vw, 1024px\" \/><\/p>\n<p>Merece la pena conocer m\u00e1s de cerca el proyecto para no quedarnos (como me pas\u00f3 a m\u00ed antes de que me lo contaran de primera mano) en lo que sale en los medios como <em>\u00abel restaurante de 1.000\u20ac el cubierto\u00bb<\/em>, porque es MUCHO m\u00e1s que un restarante, es un espect\u00e1culo, una experiencia \u00fanica y exclusiva como ninguna otra en el mundo.<\/p>\n<p>La sala en s\u00ed es un lienzo en blanco donde no hay l\u00edmites a la creatividad, tiene cabida para 12 afortunadas personas cada noche, disfrutando de un men\u00fa degustaci\u00f3n dentro de un <strong>espect\u00e1culo multidisciplinar<\/strong> de 3h de duraci\u00f3n.<\/p>\n<p><img loading=\"lazy\" decoding=\"async\" class=\"aligncenter size-large wp-image-5429\" src=\"https:\/\/oui-oui.es\/blog\/wp-content\/uploads\/2017\/05\/Oui-Oui-sublimotion-Escena-Circusland-2016-1024x683.jpg\" alt=\"\" width=\"1024\" height=\"683\" srcset=\"https:\/\/oui-oui.es\/blog\/wp-content\/uploads\/2017\/05\/Oui-Oui-sublimotion-Escena-Circusland-2016-1024x683.jpg 1024w, https:\/\/oui-oui.es\/blog\/wp-content\/uploads\/2017\/05\/Oui-Oui-sublimotion-Escena-Circusland-2016-300x200.jpg 300w, https:\/\/oui-oui.es\/blog\/wp-content\/uploads\/2017\/05\/Oui-Oui-sublimotion-Escena-Circusland-2016-768x512.jpg 768w, https:\/\/oui-oui.es\/blog\/wp-content\/uploads\/2017\/05\/Oui-Oui-sublimotion-Escena-Circusland-2016-600x400.jpg 600w, https:\/\/oui-oui.es\/blog\/wp-content\/uploads\/2017\/05\/Oui-Oui-sublimotion-Escena-Circusland-2016.jpg 1800w\" sizes=\"auto, (max-width: 1024px) 100vw, 1024px\" \/><\/p>\n<p><img loading=\"lazy\" decoding=\"async\" class=\"aligncenter size-large wp-image-5430\" src=\"https:\/\/oui-oui.es\/blog\/wp-content\/uploads\/2017\/05\/Oui-Oui-sublimotion-Escena-Disco-Ibiza-2016-1024x528.jpg\" alt=\"\" width=\"1024\" height=\"528\" srcset=\"https:\/\/oui-oui.es\/blog\/wp-content\/uploads\/2017\/05\/Oui-Oui-sublimotion-Escena-Disco-Ibiza-2016-1024x528.jpg 1024w, https:\/\/oui-oui.es\/blog\/wp-content\/uploads\/2017\/05\/Oui-Oui-sublimotion-Escena-Disco-Ibiza-2016-300x155.jpg 300w, https:\/\/oui-oui.es\/blog\/wp-content\/uploads\/2017\/05\/Oui-Oui-sublimotion-Escena-Disco-Ibiza-2016-768x396.jpg 768w, https:\/\/oui-oui.es\/blog\/wp-content\/uploads\/2017\/05\/Oui-Oui-sublimotion-Escena-Disco-Ibiza-2016-600x309.jpg 600w, https:\/\/oui-oui.es\/blog\/wp-content\/uploads\/2017\/05\/Oui-Oui-sublimotion-Escena-Disco-Ibiza-2016.jpg 1800w\" sizes=\"auto, (max-width: 1024px) 100vw, 1024px\" \/><\/p>\n<p><img loading=\"lazy\" decoding=\"async\" class=\"aligncenter size-large wp-image-5433\" src=\"https:\/\/oui-oui.es\/blog\/wp-content\/uploads\/2017\/05\/Oui-Oui-sublimotion-Escena-Huerto-2016-1024x683.jpg\" alt=\"\" width=\"1024\" height=\"683\" srcset=\"https:\/\/oui-oui.es\/blog\/wp-content\/uploads\/2017\/05\/Oui-Oui-sublimotion-Escena-Huerto-2016-1024x683.jpg 1024w, https:\/\/oui-oui.es\/blog\/wp-content\/uploads\/2017\/05\/Oui-Oui-sublimotion-Escena-Huerto-2016-300x200.jpg 300w, https:\/\/oui-oui.es\/blog\/wp-content\/uploads\/2017\/05\/Oui-Oui-sublimotion-Escena-Huerto-2016-768x512.jpg 768w, https:\/\/oui-oui.es\/blog\/wp-content\/uploads\/2017\/05\/Oui-Oui-sublimotion-Escena-Huerto-2016-600x400.jpg 600w, https:\/\/oui-oui.es\/blog\/wp-content\/uploads\/2017\/05\/Oui-Oui-sublimotion-Escena-Huerto-2016.jpg 1800w\" sizes=\"auto, (max-width: 1024px) 100vw, 1024px\" \/><\/p>\n<p><img loading=\"lazy\" decoding=\"async\" class=\"aligncenter size-large wp-image-5431\" src=\"https:\/\/oui-oui.es\/blog\/wp-content\/uploads\/2017\/05\/Oui-Oui-sublimotion-Escena-Hielo-2014-1024x528.jpg\" alt=\"\" width=\"1024\" height=\"528\" srcset=\"https:\/\/oui-oui.es\/blog\/wp-content\/uploads\/2017\/05\/Oui-Oui-sublimotion-Escena-Hielo-2014-1024x528.jpg 1024w, https:\/\/oui-oui.es\/blog\/wp-content\/uploads\/2017\/05\/Oui-Oui-sublimotion-Escena-Hielo-2014-300x155.jpg 300w, https:\/\/oui-oui.es\/blog\/wp-content\/uploads\/2017\/05\/Oui-Oui-sublimotion-Escena-Hielo-2014-768x396.jpg 768w, https:\/\/oui-oui.es\/blog\/wp-content\/uploads\/2017\/05\/Oui-Oui-sublimotion-Escena-Hielo-2014-600x309.jpg 600w\" sizes=\"auto, (max-width: 1024px) 100vw, 1024px\" \/><\/p>\n<p>Este a\u00f1o contar\u00e1n, adem\u00e1s de con <strong>Paco Roncero<\/strong> (Alma Mater del proyecto) con chefs de la talla de <strong>Diego Guerrero<\/strong>, <strong>Diego Garc\u00eda<\/strong> o <strong>Paco Torreblanca<\/strong> en los postres cuyo proyecto, junto al ilustrador Juan Carlos Paz \u00abBakea\u00bb ser\u00e1 una aut\u00e9ntica pasada; una dulce historia comestible contada a trav\u00e9s de uno de sus apetitosos personajes&#8230; Una escena gastron\u00f3mica tan novedosa como apasionante que une por primera vez dos grandes disciplinas, <strong>la ilustraci\u00f3n de Bakea con la reposter\u00eda de Torreblanca<\/strong>. Esta original combinaci\u00f3n tendr\u00e1 como ingredientes extras un servicio coreografiado, la proyecci\u00f3n cenital y una medida banda sonora&#8230;\u00a1Lo que dar\u00eda por presenciar ese momento!<\/p>\n<p>Tambi\u00e9n participan en esta edici\u00f3n el <strong>DJ Willi L\u00f3pez<\/strong>, el dise\u00f1ador <strong>Roberto Diz<\/strong>, <strong>Alfonso G. Aguilar<\/strong> con la m\u00fasica, el ilusionista <strong>Jorge Blass<\/strong>, el artesano <strong>Jos\u00e9 Pi\u00f1ero<\/strong> con las vajillas&#8230;Adem\u00e1s de contar con la \u00faltima tecnolog\u00eda en realidad aumentada para una experiencia m\u00e1s brutal si cabe.<\/p>\n<p><img loading=\"lazy\" decoding=\"async\" class=\"aligncenter size-large wp-image-5435\" src=\"https:\/\/oui-oui.es\/blog\/wp-content\/uploads\/2017\/05\/Oui-Oui-sublimotion-Pruebas-de-P.Roncero-Realidad-Aumentada-sobre-Gastronomia-1024x683.jpg\" alt=\"\" width=\"1024\" height=\"683\" srcset=\"https:\/\/oui-oui.es\/blog\/wp-content\/uploads\/2017\/05\/Oui-Oui-sublimotion-Pruebas-de-P.Roncero-Realidad-Aumentada-sobre-Gastronomia-1024x683.jpg 1024w, https:\/\/oui-oui.es\/blog\/wp-content\/uploads\/2017\/05\/Oui-Oui-sublimotion-Pruebas-de-P.Roncero-Realidad-Aumentada-sobre-Gastronomia-300x200.jpg 300w, https:\/\/oui-oui.es\/blog\/wp-content\/uploads\/2017\/05\/Oui-Oui-sublimotion-Pruebas-de-P.Roncero-Realidad-Aumentada-sobre-Gastronomia-768x512.jpg 768w, https:\/\/oui-oui.es\/blog\/wp-content\/uploads\/2017\/05\/Oui-Oui-sublimotion-Pruebas-de-P.Roncero-Realidad-Aumentada-sobre-Gastronomia-600x400.jpg 600w, https:\/\/oui-oui.es\/blog\/wp-content\/uploads\/2017\/05\/Oui-Oui-sublimotion-Pruebas-de-P.Roncero-Realidad-Aumentada-sobre-Gastronomia.jpg 1800w\" sizes=\"auto, (max-width: 1024px) 100vw, 1024px\" \/><\/p>\n<p>Adem\u00e1s, el champage oficial es <strong>Perrier Jou\u00ebt<\/strong>, que, adem\u00e1s de exquisito \u00a1 tiene una botella preciosa!<\/p>\n<p><img loading=\"lazy\" decoding=\"async\" class=\"aligncenter size-large wp-image-5438\" src=\"https:\/\/oui-oui.es\/blog\/wp-content\/uploads\/2017\/05\/Oui-Oui-perrier-jouet-sublimotion-1024x437.jpg\" alt=\"\" width=\"1024\" height=\"437\" srcset=\"https:\/\/oui-oui.es\/blog\/wp-content\/uploads\/2017\/05\/Oui-Oui-perrier-jouet-sublimotion-1024x437.jpg 1024w, https:\/\/oui-oui.es\/blog\/wp-content\/uploads\/2017\/05\/Oui-Oui-perrier-jouet-sublimotion-300x128.jpg 300w, https:\/\/oui-oui.es\/blog\/wp-content\/uploads\/2017\/05\/Oui-Oui-perrier-jouet-sublimotion-768x328.jpg 768w, https:\/\/oui-oui.es\/blog\/wp-content\/uploads\/2017\/05\/Oui-Oui-perrier-jouet-sublimotion-600x256.jpg 600w, https:\/\/oui-oui.es\/blog\/wp-content\/uploads\/2017\/05\/Oui-Oui-perrier-jouet-sublimotion.jpg 1440w\" sizes=\"auto, (max-width: 1024px) 100vw, 1024px\" \/><\/p>\n<p><strong>Sublimotion<\/strong> est\u00e1 en la isla de Ibiza, concretamente dentro del <strong>Hotel Hard Rock Caf\u00e9<\/strong>, puedes conocerlo m\u00e1s de cerca <a href=\"http:\/\/www.sublimotionibiza.com\/es\/\" target=\"_blank\" rel=\"noopener noreferrer\">AQU\u00cd<\/a>.<\/p>\n<p>&nbsp;<\/p>\n<p>&nbsp;<\/p>\n","protected":false},"excerpt":{"rendered":"<p>Hace unos d\u00edas tuve la suerte de acudir a la presentaci\u00f3n de SUBLIMOTION, el primer espect\u00e1ulo gastron\u00f3mico del mundo. El concepto naci\u00f3 en 2012 pero no abri\u00f3 sus puertas hasta 2014, durante esos dos a\u00f1os, profesionales de diferentes campos (cocineros, ingenieros, dise\u00f1adores,ilusionistas, escen\u00f3grafos,arquitectos&#8230;) consiguieron fusionar la alta gastronom\u00eda con la tencolog\u00eda m\u00e1s vanguardista creando un [&hellip;]<\/p>\n","protected":false},"author":1,"featured_media":5432,"comment_status":"open","ping_status":"open","sticky":false,"template":"","format":"standard","meta":{"jetpack_post_was_ever_published":false,"_jetpack_newsletter_access":"","_jetpack_dont_email_post_to_subs":false,"_jetpack_newsletter_tier_id":0,"_jetpack_memberships_contains_paywalled_content":false,"_jetpack_memberships_contains_paid_content":false,"footnotes":"","jetpack_publicize_message":"","jetpack_publicize_feature_enabled":true,"jetpack_social_post_already_shared":true,"jetpack_social_options":{"image_generator_settings":{"template":"highway","default_image_id":0,"font":"","enabled":false},"version":2}},"categories":[177],"tags":[695,736],"class_list":["post-5427","post","type-post","status-publish","format-standard","has-post-thumbnail","hentry","category-lifestyle-2","tag-gastro","tag-restaurantes"],"aioseo_notices":[],"jetpack_publicize_connections":[],"jetpack_featured_media_url":"https:\/\/oui-oui.es\/blog\/wp-content\/uploads\/2017\/05\/Oui-Oui-sublimotion-Escena-Oceano-2016.jpg","jetpack_sharing_enabled":true,"jetpack-related-posts":[{"id":4168,"url":"https:\/\/oui-oui.es\/blog\/lo-que-me-sale-de-la-cocina-aprendiendo-a-comer\/","url_meta":{"origin":5427,"position":0},"title":"Lo que me sale de la cocina | Aprendiendo a comer","author":"Mar\u00eda \u2665Oui Oui\u2665","date":"12 abril, 2016","format":false,"excerpt":"Uno de mis retos para este a\u00f1o era conseguir hacer men\u00fas semanales para que Mart\u00edn tuviera cenas variadas y equilibradas y, de paso, yo comiera mejor a medio d\u00eda.Comer en casa tiene sus ventajas, pero hay que curr\u00e1rselo m\u00e1s, claro. As\u00ed que cuando Fernando, del blog Lo que me sale\u2026","rel":"","context":"En \u00abD\u00eda de la Madre\u00bb","block_context":{"text":"D\u00eda de la Madre","link":"https:\/\/oui-oui.es\/blog\/category\/no-se-que-regalar\/dia-de-la-madre\/"},"img":{"alt_text":"","src":"https:\/\/i0.wp.com\/oui-oui.es\/blog\/wp-content\/uploads\/2016\/04\/Oui-Oui-lqmsc-comer-bien-es-mas-facil-de-lo-que-parece.png?resize=350%2C200&ssl=1","width":350,"height":200,"srcset":"https:\/\/i0.wp.com\/oui-oui.es\/blog\/wp-content\/uploads\/2016\/04\/Oui-Oui-lqmsc-comer-bien-es-mas-facil-de-lo-que-parece.png?resize=350%2C200&ssl=1 1x, https:\/\/i0.wp.com\/oui-oui.es\/blog\/wp-content\/uploads\/2016\/04\/Oui-Oui-lqmsc-comer-bien-es-mas-facil-de-lo-que-parece.png?resize=525%2C300&ssl=1 1.5x, https:\/\/i0.wp.com\/oui-oui.es\/blog\/wp-content\/uploads\/2016\/04\/Oui-Oui-lqmsc-comer-bien-es-mas-facil-de-lo-que-parece.png?resize=700%2C400&ssl=1 2x"},"classes":[]},{"id":3794,"url":"https:\/\/oui-oui.es\/blog\/mas-descubrimientos-para-frida\/","url_meta":{"origin":5427,"position":1},"title":"M\u00e1s descubrimientos para Frida","author":"Mar\u00eda \u2665Oui Oui\u2665","date":"23 noviembre, 2015","format":false,"excerpt":"Sin darme cuenta, la forma m\u00e1s organizada de aglutinar todo lo que encuentro que me gusta para Frida es el blog, as\u00ed lo dejo escrito, con su fotito y su link, y cuando quiero repasar tengo todo en la misma etiqueta (\u00a1ay lo que han hecho las etiquetas por m\u00ed!).\u2026","rel":"","context":"En \u00abMATERNIDAD\u00bb","block_context":{"text":"MATERNIDAD","link":"https:\/\/oui-oui.es\/blog\/category\/maternidad\/"},"img":{"alt_text":"","src":"https:\/\/i0.wp.com\/oui-oui.es\/blog\/wp-content\/uploads\/2015\/11\/Oui-Oui-mantita-cisne-colette-bream.jpg?resize=350%2C200&ssl=1","width":350,"height":200,"srcset":"https:\/\/i0.wp.com\/oui-oui.es\/blog\/wp-content\/uploads\/2015\/11\/Oui-Oui-mantita-cisne-colette-bream.jpg?resize=350%2C200&ssl=1 1x, https:\/\/i0.wp.com\/oui-oui.es\/blog\/wp-content\/uploads\/2015\/11\/Oui-Oui-mantita-cisne-colette-bream.jpg?resize=525%2C300&ssl=1 1.5x, https:\/\/i0.wp.com\/oui-oui.es\/blog\/wp-content\/uploads\/2015\/11\/Oui-Oui-mantita-cisne-colette-bream.jpg?resize=700%2C400&ssl=1 2x"},"classes":[]},{"id":9996,"url":"https:\/\/oui-oui.es\/blog\/las-nuevas-tecnologias-y-los-ninos-estudio-tenemoslike\/","url_meta":{"origin":5427,"position":2},"title":"Las nuevas tecnolog\u00edas y los ni\u00f1os | Estudio #TenemosLike","author":"Mar\u00eda \u2665Oui Oui\u2665","date":"18 julio, 2019","format":false,"excerpt":"Esta ma\u00f1ana he acudido a la presentaci\u00f3n del estudio #TenemosLike realizado por el Club de Malasmadres y Movistar tomando como muestra madres del Club. Me interesaba mucho porque es un tema que me preocupa a futuro, mis hijos son peque\u00f1os y, con mucho esfuerzo, a\u00fan no utilizan dispositivos. El estudio\u2026","rel":"","context":"En \u00abEDUCACI\u00d3N\u00bb","block_context":{"text":"EDUCACI\u00d3N","link":"https:\/\/oui-oui.es\/blog\/category\/educacion\/"},"img":{"alt_text":"","src":"https:\/\/i0.wp.com\/oui-oui.es\/blog\/wp-content\/uploads\/2019\/07\/Oui-Oui-uso-dispositivos-moviles-hijos-.jpg?resize=350%2C200&ssl=1","width":350,"height":200},"classes":[]},{"id":5066,"url":"https:\/\/oui-oui.es\/blog\/bebe-fiera-mama-pantera\/","url_meta":{"origin":5427,"position":3},"title":"Beb\u00e9 fiera | Mam\u00e1 pantera","author":"Mar\u00eda \u2665Oui Oui\u2665","date":"3 febrero, 2017","format":false,"excerpt":"M\u00e1s adelante har\u00e9 un post con regalos para el d\u00eda de la madre, pero hoy ten\u00eda que compartir las camisetas de Hello Vandals porque me parecen la pera\u00a0 y, aunque las sigo hace tiempo en Instagram, hoy se me ha iluminado la idea de para cuando las quer\u00eda...Este verano Frida\u2026","rel":"","context":"En \u00abD\u00eda de la Madre\u00bb","block_context":{"text":"D\u00eda de la Madre","link":"https:\/\/oui-oui.es\/blog\/category\/no-se-que-regalar\/dia-de-la-madre\/"},"img":{"alt_text":"","src":"https:\/\/i0.wp.com\/oui-oui.es\/blog\/wp-content\/uploads\/2017\/01\/Oui-Oui-camisetas-mam%C3%A1-e-hijo-bebe-fiera-mama-pantera-hello-vandals.png?resize=350%2C200&ssl=1","width":350,"height":200,"srcset":"https:\/\/i0.wp.com\/oui-oui.es\/blog\/wp-content\/uploads\/2017\/01\/Oui-Oui-camisetas-mam%C3%A1-e-hijo-bebe-fiera-mama-pantera-hello-vandals.png?resize=350%2C200&ssl=1 1x, https:\/\/i0.wp.com\/oui-oui.es\/blog\/wp-content\/uploads\/2017\/01\/Oui-Oui-camisetas-mam%C3%A1-e-hijo-bebe-fiera-mama-pantera-hello-vandals.png?resize=525%2C300&ssl=1 1.5x, https:\/\/i0.wp.com\/oui-oui.es\/blog\/wp-content\/uploads\/2017\/01\/Oui-Oui-camisetas-mam%C3%A1-e-hijo-bebe-fiera-mama-pantera-hello-vandals.png?resize=700%2C400&ssl=1 2x"},"classes":[]},{"id":10347,"url":"https:\/\/oui-oui.es\/blog\/mi-balance-de-2019\/","url_meta":{"origin":5427,"position":4},"title":"Mi balance de 2019","author":"Mar\u00eda \u2665Oui Oui\u2665","date":"30 diciembre, 2019","format":false,"excerpt":"Escribo en el blog menos de lo que me gustar\u00eda, creo que lo pongo cada vez que me siento a escribir, y debe ser en parte porque en la cabeza tengo muchas cosas que me gustar\u00eda compartir pero luego el tiempo disponible me hace tener que relegarlo m\u00e1s de lo\u2026","rel":"","context":"En \u00abOPINI\u00d3N\u00bb","block_context":{"text":"OPINI\u00d3N","link":"https:\/\/oui-oui.es\/blog\/category\/opinion\/"},"img":{"alt_text":"","src":"https:\/\/i0.wp.com\/oui-oui.es\/blog\/wp-content\/uploads\/2019\/12\/Oui-Oui-balance-2019-equilibrio-personal.jpg?resize=350%2C200&ssl=1","width":350,"height":200,"srcset":"https:\/\/i0.wp.com\/oui-oui.es\/blog\/wp-content\/uploads\/2019\/12\/Oui-Oui-balance-2019-equilibrio-personal.jpg?resize=350%2C200&ssl=1 1x, https:\/\/i0.wp.com\/oui-oui.es\/blog\/wp-content\/uploads\/2019\/12\/Oui-Oui-balance-2019-equilibrio-personal.jpg?resize=525%2C300&ssl=1 1.5x"},"classes":[]},{"id":1537,"url":"https:\/\/oui-oui.es\/blog\/weddcam-la-red-social-de-bodas-es-espanola\/","url_meta":{"origin":5427,"position":5},"title":"Weddcam, la red social de bodas, es espa\u00f1ola","author":"Mar\u00eda \u2665Oui Oui\u2665","date":"8 mayo, 2014","format":false,"excerpt":"\u00bfTe casas?, \u00bfbuscas inspiraci\u00f3n?, pues tienes que conocer WeddCam ! WeddCam es una red social especializada en bodas , una mezcla de Pinterest y Facebook que ofrece a los novios todo lo necesario para organizar su evento perfecto, sin sufrir, haciendo part\u00edcipes a los que m\u00e1s quieren y con un\u2026","rel":"","context":"En \u00abBoda\u00bb","block_context":{"text":"Boda","link":"https:\/\/oui-oui.es\/blog\/category\/fiestas-celebraciones\/boda\/"},"img":{"alt_text":"","src":"https:\/\/i0.wp.com\/oui-oui.es\/blog\/wp-content\/uploads\/2014\/05\/presentacic3b3n-weddcam-30.jpg?resize=350%2C200&ssl=1","width":350,"height":200},"classes":[]}],"_links":{"self":[{"href":"https:\/\/oui-oui.es\/blog\/wp-json\/wp\/v2\/posts\/5427","targetHints":{"allow":["GET"]}}],"collection":[{"href":"https:\/\/oui-oui.es\/blog\/wp-json\/wp\/v2\/posts"}],"about":[{"href":"https:\/\/oui-oui.es\/blog\/wp-json\/wp\/v2\/types\/post"}],"author":[{"embeddable":true,"href":"https:\/\/oui-oui.es\/blog\/wp-json\/wp\/v2\/users\/1"}],"replies":[{"embeddable":true,"href":"https:\/\/oui-oui.es\/blog\/wp-json\/wp\/v2\/comments?post=5427"}],"version-history":[{"count":3,"href":"https:\/\/oui-oui.es\/blog\/wp-json\/wp\/v2\/posts\/5427\/revisions"}],"predecessor-version":[{"id":5439,"href":"https:\/\/oui-oui.es\/blog\/wp-json\/wp\/v2\/posts\/5427\/revisions\/5439"}],"wp:featuredmedia":[{"embeddable":true,"href":"https:\/\/oui-oui.es\/blog\/wp-json\/wp\/v2\/media\/5432"}],"wp:attachment":[{"href":"https:\/\/oui-oui.es\/blog\/wp-json\/wp\/v2\/media?parent=5427"}],"wp:term":[{"taxonomy":"category","embeddable":true,"href":"https:\/\/oui-oui.es\/blog\/wp-json\/wp\/v2\/categories?post=5427"},{"taxonomy":"post_tag","embeddable":true,"href":"https:\/\/oui-oui.es\/blog\/wp-json\/wp\/v2\/tags?post=5427"}],"curies":[{"name":"wp","href":"https:\/\/api.w.org\/{rel}","templated":true}]}}