{"id":5476,"date":"2017-06-02T17:07:07","date_gmt":"2017-06-02T15:07:07","guid":{"rendered":"https:\/\/oui-oui.es\/blog\/?p=5476"},"modified":"2017-06-02T17:07:07","modified_gmt":"2017-06-02T15:07:07","slug":"11-cuentos-de-igualdad-y-feminismo-para-ninos","status":"publish","type":"post","link":"https:\/\/oui-oui.es\/blog\/11-cuentos-de-igualdad-y-feminismo-para-ninos\/","title":{"rendered":"11 cuentos de igualdad y feminismo para ni\u00f1os"},"content":{"rendered":"<p><a href=\"http:\/\/www.oui-oui.es\/buscar?controller=search&amp;orderby=position&amp;orderway=desc&amp;search-cat-select=0&amp;search_query=peque%C3%B1a+y+grande&amp;submit_search=\"><img loading=\"lazy\" decoding=\"async\" class=\"aligncenter size-large wp-image-5477\" src=\"https:\/\/oui-oui.es\/blog\/wp-content\/uploads\/2017\/06\/Oui-Oui-libros-igualdad-cuentos-igualdad-coleccion-peque\u00f1a-y-grande-rosa-caramelo-historia-de-unos-bocadillos-1-1024x768.jpg\" alt=\"\" width=\"1024\" height=\"768\" srcset=\"https:\/\/oui-oui.es\/blog\/wp-content\/uploads\/2017\/06\/Oui-Oui-libros-igualdad-cuentos-igualdad-coleccion-peque\u00f1a-y-grande-rosa-caramelo-historia-de-unos-bocadillos-1-1024x768.jpg 1024w, https:\/\/oui-oui.es\/blog\/wp-content\/uploads\/2017\/06\/Oui-Oui-libros-igualdad-cuentos-igualdad-coleccion-peque\u00f1a-y-grande-rosa-caramelo-historia-de-unos-bocadillos-1-300x225.jpg 300w, https:\/\/oui-oui.es\/blog\/wp-content\/uploads\/2017\/06\/Oui-Oui-libros-igualdad-cuentos-igualdad-coleccion-peque\u00f1a-y-grande-rosa-caramelo-historia-de-unos-bocadillos-1-768x576.jpg 768w, https:\/\/oui-oui.es\/blog\/wp-content\/uploads\/2017\/06\/Oui-Oui-libros-igualdad-cuentos-igualdad-coleccion-peque\u00f1a-y-grande-rosa-caramelo-historia-de-unos-bocadillos-1-600x450.jpg 600w\" sizes=\"auto, (max-width: 1024px) 100vw, 1024px\" \/><\/a><\/p>\n<p>Cuando naci\u00f3 Mart\u00edn <strong>recuper\u00e9 de casa de mis padres algunos de mis cuentos favoritos de cuando era peque\u00f1a<\/strong>, estaba claro no iba a le\u00e9rselos de inmediato, pero ah\u00ed estaban en su habitaci\u00f3n, en lo alto de un estante para que no los cogiera y se rompieran. Sin embargo el otro d\u00eda me anim\u00e9 a coger algunos, le exliqu\u00e9 que eran mis favoritos de cuando era peque\u00f1a y eso le debi\u00f3 emocionar tanto que, a pesar de que me parecen de m\u00e1s mayor (por que se me hace un poco pesado leerle tanto y por el mensaje), <strong>llevamos ley\u00e9ndolos toda la semana y me he ha hecho recapacitar sobre c\u00f3mo un ni\u00f1o interioriza ciertas cosas.<\/strong><\/p>\n<p>Resulta que estos libros ser\u00edan considerados <strong><em>\u00ablibros feministas\u00bb<\/em><\/strong> o \u00ablibros de coeducaci\u00f3n\u00bb <strong>\u00ablibros de igualdad\u00bb<\/strong> y me he dado cuenta cuando los he rele\u00eddo con Mart\u00edn (es cierto que sab\u00eda la tem\u00e1tica de hace tiempo), pero no ha sido hasta ahora, cuando los he vuelto a leer, cuando he apreciado la diferencia. Cuando los le\u00eda de peque\u00f1a siempre me parecieron igual que los dem\u00e1s, y que es lo que son , por otra parte, pero me refiero a que los ni\u00f1os solo ven historias pero el mensaje va calando. Y <strong>si en un libro lees todos todos d\u00edas que todos los elefantes son iguales sean ni\u00f1os o ni\u00f1as y que las elefantas no tienen por qu\u00e9 vestir y comer de una forma determinada, eso hace que interiorices el mensaje y que creas en ello firmemente.<\/strong><\/p>\n<p><img loading=\"lazy\" decoding=\"async\" class=\"aligncenter size-large wp-image-5478\" src=\"https:\/\/oui-oui.es\/blog\/wp-content\/uploads\/2017\/06\/Oui-Oui-libros-igualdad-cuentos-igualdad-coleccion-peque\u00f1a-y-grande-rosa-caramelo-historia-de-unos-bocadillos-2-1024x1024.jpg\" alt=\"\" width=\"1024\" height=\"1024\" srcset=\"https:\/\/oui-oui.es\/blog\/wp-content\/uploads\/2017\/06\/Oui-Oui-libros-igualdad-cuentos-igualdad-coleccion-peque\u00f1a-y-grande-rosa-caramelo-historia-de-unos-bocadillos-2-1024x1024.jpg 1024w, https:\/\/oui-oui.es\/blog\/wp-content\/uploads\/2017\/06\/Oui-Oui-libros-igualdad-cuentos-igualdad-coleccion-peque\u00f1a-y-grande-rosa-caramelo-historia-de-unos-bocadillos-2-150x150.jpg 150w, https:\/\/oui-oui.es\/blog\/wp-content\/uploads\/2017\/06\/Oui-Oui-libros-igualdad-cuentos-igualdad-coleccion-peque\u00f1a-y-grande-rosa-caramelo-historia-de-unos-bocadillos-2-300x300.jpg 300w, https:\/\/oui-oui.es\/blog\/wp-content\/uploads\/2017\/06\/Oui-Oui-libros-igualdad-cuentos-igualdad-coleccion-peque\u00f1a-y-grande-rosa-caramelo-historia-de-unos-bocadillos-2-768x768.jpg 768w, https:\/\/oui-oui.es\/blog\/wp-content\/uploads\/2017\/06\/Oui-Oui-libros-igualdad-cuentos-igualdad-coleccion-peque\u00f1a-y-grande-rosa-caramelo-historia-de-unos-bocadillos-2-600x600.jpg 600w\" sizes=\"auto, (max-width: 1024px) 100vw, 1024px\" \/><\/p>\n<p>A\u00f1os despu\u00e9s, y, en parte gracias\u00a0 esos libros (y en gran parte gracias a mi madre tambi\u00e9n) soy una mujer segura que <strong>siempre me he considerado con los mismos derechos de un hombre<\/strong> (algo que hasta hace poco pensaba que tambi\u00e9n se consideraban todas las mujeres, pero he descubierto que no, que hay muchas que debido a su educaci\u00f3n tienen roles pre determinados), <strong>he protestado o discutido cuando algo no me parec\u00eda justo por mi g\u00e9nero<\/strong> ( y por otras cuestiones tambi\u00e9n&#8230;) y <strong>creo firmemente en la importancia de transmitirle \u00e9sto a mis hijos, a los dos; ni\u00f1o y ni\u00f1a<\/strong>, de hecho con qui\u00e9n estoy leyendo de momento todos los libros es con Mart\u00edn.<\/p>\n<p>Por eso tambi\u00e9n cuando descubr\u00ed la colecci\u00f3n de <a href=\"http:\/\/www.oui-oui.es\/buscar?controller=search&amp;orderby=position&amp;orderway=desc&amp;search-cat-select=0&amp;search_query=peque%C3%B1a+y+grande&amp;submit_search=\" target=\"_blank\" rel=\"noopener noreferrer\"><strong>Peque\u00f1a y Grande<\/strong><\/a> quise traerla a <strong>Oui Oui<\/strong>, una colecci\u00f3n que re\u00fane la biograf\u00eda de mujeres interesant\u00edsimas del siglo XX, escrito en verso para ni\u00f1os, de lectura muy f\u00e1cil y con unas ilustraciones preciosas.<\/p>\n<p><a href=\"http:\/\/www.oui-oui.es\/buscar?controller=search&amp;orderby=position&amp;orderway=desc&amp;search-cat-select=0&amp;search_query=cesta+metalica&amp;submit_search=\"><img loading=\"lazy\" decoding=\"async\" class=\"aligncenter size-large wp-image-5479\" src=\"https:\/\/oui-oui.es\/blog\/wp-content\/uploads\/2017\/06\/Oui-Oui-libros-igualdad-cuentos-igualdad-coleccion-peque\u00f1a-y-grande-rosa-caramelo-historia-de-unos-bocadillos-3-819x1024.jpg\" alt=\"\" width=\"819\" height=\"1024\" srcset=\"https:\/\/oui-oui.es\/blog\/wp-content\/uploads\/2017\/06\/Oui-Oui-libros-igualdad-cuentos-igualdad-coleccion-peque\u00f1a-y-grande-rosa-caramelo-historia-de-unos-bocadillos-3-819x1024.jpg 819w, https:\/\/oui-oui.es\/blog\/wp-content\/uploads\/2017\/06\/Oui-Oui-libros-igualdad-cuentos-igualdad-coleccion-peque\u00f1a-y-grande-rosa-caramelo-historia-de-unos-bocadillos-3-240x300.jpg 240w, https:\/\/oui-oui.es\/blog\/wp-content\/uploads\/2017\/06\/Oui-Oui-libros-igualdad-cuentos-igualdad-coleccion-peque\u00f1a-y-grande-rosa-caramelo-historia-de-unos-bocadillos-3-768x960.jpg 768w, https:\/\/oui-oui.es\/blog\/wp-content\/uploads\/2017\/06\/Oui-Oui-libros-igualdad-cuentos-igualdad-coleccion-peque\u00f1a-y-grande-rosa-caramelo-historia-de-unos-bocadillos-3-600x750.jpg 600w, https:\/\/oui-oui.es\/blog\/wp-content\/uploads\/2017\/06\/Oui-Oui-libros-igualdad-cuentos-igualdad-coleccion-peque\u00f1a-y-grande-rosa-caramelo-historia-de-unos-bocadillos-3-300x375.jpg 300w\" sizes=\"auto, (max-width: 819px) 100vw, 819px\" \/><\/a><\/p>\n<p>Al principio nos atrajo por personalidades m\u00e1s conocidas como <a href=\"http:\/\/www.oui-oui.es\/detalles-decoracion-ninos-habitacion-pinterest\/1137-pequena-y-grande-coco-chanel.html\" target=\"_blank\" rel=\"noopener noreferrer\"><strong>Peque\u00f1a y Grande Coco Chanel<\/strong><\/a> o <a href=\"http:\/\/www.oui-oui.es\/detalles-decoracion-ninos-habitacion-pinterest\/1138-pequena-y-grande-frida-kahlo.html?search_query=pequena+y+grande&amp;results=6\" target=\"_blank\" rel=\"noopener noreferrer\"><strong>Peque\u00f1a y Grande Frida Kahlo<\/strong><\/a> pero despu\u00e9s me ha conquistado porque nos est\u00e1 descubriendo la vida de mujeres que no conoc\u00edamos, como <a href=\"http:\/\/www.oui-oui.es\/libros-y-cuentos\/1269-pequena-y-grande-amelia-earhart.html?search_query=pequena+y+grande&amp;results=6\" target=\"_blank\" rel=\"noopener noreferrer\"><strong>Peque\u00f1a y Grande Amelia Earhart<\/strong><\/a> o <a href=\"http:\/\/www.oui-oui.es\/libros-y-cuentos\/1275-pequena-y-grande-ella-fitzgerald.html\" target=\"_blank\" rel=\"noopener noreferrer\"><strong>Peque\u00f1a y Grande Ella Fitzerald<\/strong><\/a> &#8230;Aunque conozcas la historia (como en mi caso Gorilas en la Niebla), el libro te descubre siempre detalles de la vida de estas mujeres apasionantes, la sit\u00faa en la historia (reconozco que yo recordaba m\u00e1s a <span class=\"st\"><em>Sigourney Weaver<\/em><\/span> como protagonista de la peli que a <a href=\"http:\/\/www.oui-oui.es\/libros-y-cuentos\/1338-pequena-y-grande-dian-fossey.html?search_query=pequena+y+grande&amp;results=6\" target=\"_blank\" rel=\"noopener noreferrer\"><strong>Dian Fossey<\/strong><\/a> como inspiradora de la pel\u00edcula).<\/p>\n<p>Ahora estoy deseando conocer el pr\u00f3ximo t\u00edtulo de la colecci\u00f3n!, puedes ver toda la colecci\u00f3n (8 t\u00edtulos de fascinantes mujeres) <a href=\"http:\/\/www.oui-oui.es\/buscar?controller=search&amp;orderby=position&amp;orderway=desc&amp;search-cat-select=0&amp;search_query=peque%C3%B1a+y+grande&amp;submit_search=\" target=\"_blank\" rel=\"noopener noreferrer\">AQU\u00cd<\/a><\/p>\n<p>Los tres libros que he recuperado de mi infancia son ; <strong>Rosa Caramelo<\/strong>, <strong>Historia de los Bocadillos<\/strong> y las <strong>5 mujeres de Barbanegra<\/strong>, todos editados por Lumen&#8230; \u00a1Y me est\u00e1n dando ganas de traerlos a Oui Oui!<\/p>\n<p>Me encantar\u00eda conocer m\u00e1s t\u00edtulos interesantes para fomentar la igualdad \u00bften\u00e9is alguno en casa?<\/p>\n","protected":false},"excerpt":{"rendered":"<p>Cuando naci\u00f3 Mart\u00edn recuper\u00e9 de casa de mis padres algunos de mis cuentos favoritos de cuando era peque\u00f1a, estaba claro no iba a le\u00e9rselos de inmediato, pero ah\u00ed estaban en su habitaci\u00f3n, en lo alto de un estante para que no los cogiera y se rompieran. Sin embargo el otro d\u00eda me anim\u00e9 a coger [&hellip;]<\/p>\n","protected":false},"author":1,"featured_media":5477,"comment_status":"open","ping_status":"open","sticky":false,"template":"","format":"standard","meta":{"jetpack_post_was_ever_published":false,"_jetpack_newsletter_access":"","_jetpack_dont_email_post_to_subs":false,"_jetpack_newsletter_tier_id":0,"_jetpack_memberships_contains_paywalled_content":false,"_jetpack_memberships_contains_paid_content":false,"footnotes":"","jetpack_publicize_message":"","jetpack_publicize_feature_enabled":true,"jetpack_social_post_already_shared":true,"jetpack_social_options":{"image_generator_settings":{"template":"highway","default_image_id":0,"font":"","enabled":false},"version":2}},"categories":[174],"tags":[748,812],"class_list":["post-5476","post","type-post","status-publish","format-standard","has-post-thumbnail","hentry","category-ninos","tag-libros","tag-libros-para-ninos"],"aioseo_notices":[],"jetpack_publicize_connections":[],"jetpack_featured_media_url":"https:\/\/oui-oui.es\/blog\/wp-content\/uploads\/2017\/06\/Oui-Oui-libros-igualdad-cuentos-igualdad-coleccion-peque\u00f1a-y-grande-rosa-caramelo-historia-de-unos-bocadillos-1.jpg","jetpack_sharing_enabled":true,"jetpack-related-posts":[{"id":4659,"url":"https:\/\/oui-oui.es\/blog\/pequena-y-grande-una-coleccion-con-encanto\/","url_meta":{"origin":5476,"position":0},"title":"Peque\u00f1a y Grande, una colecci\u00f3n con encanto","author":"Mar\u00eda \u2665Oui Oui\u2665","date":"14 julio, 2016","format":false,"excerpt":"El verano es un momento ideal para leer, no solo los mayores que tenemos m\u00e1s tiempo sino tambi\u00e9n los peques, tanto a los que les encanta leer cuentos como a Mart\u00edn como a los que a\u00fan no les ha llamado, es un momento perfecto para introducirles nuevas historias, nuevos cuentos,\u2026","rel":"","context":"En \u00abNI\u00d1OS Y NI\u00d1AS\u00bb","block_context":{"text":"NI\u00d1OS Y NI\u00d1AS","link":"https:\/\/oui-oui.es\/blog\/category\/ninos\/"},"img":{"alt_text":"","src":"https:\/\/i0.wp.com\/oui-oui.es\/blog\/wp-content\/uploads\/2016\/07\/Oui-Oui-Peque%C3%B1a-y-Grande-Coco-Chanel.jpg?resize=350%2C200&ssl=1","width":350,"height":200,"srcset":"https:\/\/i0.wp.com\/oui-oui.es\/blog\/wp-content\/uploads\/2016\/07\/Oui-Oui-Peque%C3%B1a-y-Grande-Coco-Chanel.jpg?resize=350%2C200&ssl=1 1x, https:\/\/i0.wp.com\/oui-oui.es\/blog\/wp-content\/uploads\/2016\/07\/Oui-Oui-Peque%C3%B1a-y-Grande-Coco-Chanel.jpg?resize=525%2C300&ssl=1 1.5x, https:\/\/i0.wp.com\/oui-oui.es\/blog\/wp-content\/uploads\/2016\/07\/Oui-Oui-Peque%C3%B1a-y-Grande-Coco-Chanel.jpg?resize=700%2C400&ssl=1 2x, https:\/\/i0.wp.com\/oui-oui.es\/blog\/wp-content\/uploads\/2016\/07\/Oui-Oui-Peque%C3%B1a-y-Grande-Coco-Chanel.jpg?resize=1050%2C600&ssl=1 3x, https:\/\/i0.wp.com\/oui-oui.es\/blog\/wp-content\/uploads\/2016\/07\/Oui-Oui-Peque%C3%B1a-y-Grande-Coco-Chanel.jpg?resize=1400%2C800&ssl=1 4x"},"classes":[]},{"id":9616,"url":"https:\/\/oui-oui.es\/blog\/en-enero-leimos\/","url_meta":{"origin":5476,"position":1},"title":"En enero le\u00edmos","author":"Mar\u00eda \u2665Oui Oui\u2665","date":"18 febrero, 2019","format":false,"excerpt":"Como os contaba hace unas semanas me he propuesto compartir en el blog las lecturas de casa, tanto de los ni\u00f1os como las m\u00edas, as\u00ed que cada mes compartir\u00e9 las del mes anterior. En Instagram voy subiendo al destacdo de Stories Hoy Leemos los cuentos de los ni\u00f1os y al\u2026","rel":"","context":"En \u00abD\u00eda de la Madre\u00bb","block_context":{"text":"D\u00eda de la Madre","link":"https:\/\/oui-oui.es\/blog\/category\/no-se-que-regalar\/dia-de-la-madre\/"},"img":{"alt_text":"","src":"https:\/\/i0.wp.com\/oui-oui.es\/blog\/wp-content\/uploads\/2019\/02\/Oui-Oui-hoy-leemos-recomendaciones-libros-infantil-1.jpg?resize=350%2C200&ssl=1","width":350,"height":200,"srcset":"https:\/\/i0.wp.com\/oui-oui.es\/blog\/wp-content\/uploads\/2019\/02\/Oui-Oui-hoy-leemos-recomendaciones-libros-infantil-1.jpg?resize=350%2C200&ssl=1 1x, https:\/\/i0.wp.com\/oui-oui.es\/blog\/wp-content\/uploads\/2019\/02\/Oui-Oui-hoy-leemos-recomendaciones-libros-infantil-1.jpg?resize=525%2C300&ssl=1 1.5x, https:\/\/i0.wp.com\/oui-oui.es\/blog\/wp-content\/uploads\/2019\/02\/Oui-Oui-hoy-leemos-recomendaciones-libros-infantil-1.jpg?resize=700%2C400&ssl=1 2x, https:\/\/i0.wp.com\/oui-oui.es\/blog\/wp-content\/uploads\/2019\/02\/Oui-Oui-hoy-leemos-recomendaciones-libros-infantil-1.jpg?resize=1050%2C600&ssl=1 3x, https:\/\/i0.wp.com\/oui-oui.es\/blog\/wp-content\/uploads\/2019\/02\/Oui-Oui-hoy-leemos-recomendaciones-libros-infantil-1.jpg?resize=1400%2C800&ssl=1 4x"},"classes":[]},{"id":9561,"url":"https:\/\/oui-oui.es\/blog\/hoy-leemos\/","url_meta":{"origin":5476,"position":2},"title":"Hoy leemos","author":"Mar\u00eda \u2665Oui Oui\u2665","date":"21 enero, 2019","format":false,"excerpt":"Como seguro que conocer\u00e9is, hace unos a\u00f1os se empez\u00f3 a utilizar el #HoyLeemos en Instagram para recomendar lecturas infantiles, hoy ese # tiene casi 60.000 fotos, as\u00ed que resulta muy dif\u00edcil filtrar bien en \u00e9l. Pero yo sigo nutri\u00e9ndome mucho de las recomendaciones de libros que hacen otras personas en\u2026","rel":"","context":"En \u00abNI\u00d1OS Y NI\u00d1AS\u00bb","block_context":{"text":"NI\u00d1OS Y NI\u00d1AS","link":"https:\/\/oui-oui.es\/blog\/category\/ninos\/"},"img":{"alt_text":"","src":"https:\/\/i0.wp.com\/oui-oui.es\/blog\/wp-content\/uploads\/2019\/01\/Oui-Oui-hoy-leemos-me-gusta-leer-libros-para-ni%C3%B1os-6.jpg?resize=350%2C200&ssl=1","width":350,"height":200,"srcset":"https:\/\/i0.wp.com\/oui-oui.es\/blog\/wp-content\/uploads\/2019\/01\/Oui-Oui-hoy-leemos-me-gusta-leer-libros-para-ni%C3%B1os-6.jpg?resize=350%2C200&ssl=1 1x, https:\/\/i0.wp.com\/oui-oui.es\/blog\/wp-content\/uploads\/2019\/01\/Oui-Oui-hoy-leemos-me-gusta-leer-libros-para-ni%C3%B1os-6.jpg?resize=525%2C300&ssl=1 1.5x, https:\/\/i0.wp.com\/oui-oui.es\/blog\/wp-content\/uploads\/2019\/01\/Oui-Oui-hoy-leemos-me-gusta-leer-libros-para-ni%C3%B1os-6.jpg?resize=700%2C400&ssl=1 2x, https:\/\/i0.wp.com\/oui-oui.es\/blog\/wp-content\/uploads\/2019\/01\/Oui-Oui-hoy-leemos-me-gusta-leer-libros-para-ni%C3%B1os-6.jpg?resize=1050%2C600&ssl=1 3x, https:\/\/i0.wp.com\/oui-oui.es\/blog\/wp-content\/uploads\/2019\/01\/Oui-Oui-hoy-leemos-me-gusta-leer-libros-para-ni%C3%B1os-6.jpg?resize=1400%2C800&ssl=1 4x"},"classes":[]},{"id":4028,"url":"https:\/\/oui-oui.es\/blog\/3-de-mis-libros-favoritos-de-maternidad\/","url_meta":{"origin":5476,"position":3},"title":"3 de mis libros favoritos de maternidad","author":"Mar\u00eda \u2665Oui Oui\u2665","date":"3 marzo, 2016","format":false,"excerpt":"Hay multitud de libros sobre crianza respetuosa, educar a los ni\u00f1os, m\u00e9todos de educaci\u00f3n, etc...No he hecho ning\u00fan estudio en profundidad pero si puedo compartir los que, por ahora, m\u00e1s me han gustado. Sin ninguna duda, el que m\u00e1s me gust\u00f3 (lo le\u00ed en el embarazo de Mart\u00edn pero no\u2026","rel":"","context":"En \u00abMATERNIDAD\u00bb","block_context":{"text":"MATERNIDAD","link":"https:\/\/oui-oui.es\/blog\/category\/maternidad\/"},"img":{"alt_text":"","src":"https:\/\/i0.wp.com\/oui-oui.es\/blog\/wp-content\/uploads\/2016\/01\/Oui-Oui-libros-maternidad-un-a%C3%B1o-para-toda-la-vida.jpg?resize=350%2C200&ssl=1","width":350,"height":200,"srcset":"https:\/\/i0.wp.com\/oui-oui.es\/blog\/wp-content\/uploads\/2016\/01\/Oui-Oui-libros-maternidad-un-a%C3%B1o-para-toda-la-vida.jpg?resize=350%2C200&ssl=1 1x, https:\/\/i0.wp.com\/oui-oui.es\/blog\/wp-content\/uploads\/2016\/01\/Oui-Oui-libros-maternidad-un-a%C3%B1o-para-toda-la-vida.jpg?resize=525%2C300&ssl=1 1.5x, https:\/\/i0.wp.com\/oui-oui.es\/blog\/wp-content\/uploads\/2016\/01\/Oui-Oui-libros-maternidad-un-a%C3%B1o-para-toda-la-vida.jpg?resize=700%2C400&ssl=1 2x, https:\/\/i0.wp.com\/oui-oui.es\/blog\/wp-content\/uploads\/2016\/01\/Oui-Oui-libros-maternidad-un-a%C3%B1o-para-toda-la-vida.jpg?resize=1050%2C600&ssl=1 3x"},"classes":[]},{"id":10469,"url":"https:\/\/oui-oui.es\/blog\/5-memorys-que-me-encantan\/","url_meta":{"origin":5476,"position":4},"title":"5 Memorys que me encantan","author":"Mar\u00eda \u2665Oui Oui\u2665","date":"15 abril, 2020","format":false,"excerpt":"El Memory es uno de mis juegos favoritos desde peque\u00f1a y con mis hijos lo he replicado desde bien peque\u00f1itos, por eso me apetec\u00eda compartir algunos de mis favoritos. Por si no lo conoc\u00e9is, se trata de un juego de parejas que pones todas boca abajo y tienes que ir\u2026","rel":"","context":"En \u00abEDUCACI\u00d3N\u00bb","block_context":{"text":"EDUCACI\u00d3N","link":"https:\/\/oui-oui.es\/blog\/category\/educacion\/"},"img":{"alt_text":"","src":"https:\/\/i0.wp.com\/oui-oui.es\/blog\/wp-content\/uploads\/2020\/04\/OUi-Oui-Memory-Buenos-H%C3%A1bitos-juego-memoria-beunos-habitos-juego-rutinas-como-fomentar-rutinas-con-juegos-scaled.jpg?resize=350%2C200&ssl=1","width":350,"height":200,"srcset":"https:\/\/i0.wp.com\/oui-oui.es\/blog\/wp-content\/uploads\/2020\/04\/OUi-Oui-Memory-Buenos-H%C3%A1bitos-juego-memoria-beunos-habitos-juego-rutinas-como-fomentar-rutinas-con-juegos-scaled.jpg?resize=350%2C200&ssl=1 1x, https:\/\/i0.wp.com\/oui-oui.es\/blog\/wp-content\/uploads\/2020\/04\/OUi-Oui-Memory-Buenos-H%C3%A1bitos-juego-memoria-beunos-habitos-juego-rutinas-como-fomentar-rutinas-con-juegos-scaled.jpg?resize=525%2C300&ssl=1 1.5x, https:\/\/i0.wp.com\/oui-oui.es\/blog\/wp-content\/uploads\/2020\/04\/OUi-Oui-Memory-Buenos-H%C3%A1bitos-juego-memoria-beunos-habitos-juego-rutinas-como-fomentar-rutinas-con-juegos-scaled.jpg?resize=700%2C400&ssl=1 2x, https:\/\/i0.wp.com\/oui-oui.es\/blog\/wp-content\/uploads\/2020\/04\/OUi-Oui-Memory-Buenos-H%C3%A1bitos-juego-memoria-beunos-habitos-juego-rutinas-como-fomentar-rutinas-con-juegos-scaled.jpg?resize=1050%2C600&ssl=1 3x, https:\/\/i0.wp.com\/oui-oui.es\/blog\/wp-content\/uploads\/2020\/04\/OUi-Oui-Memory-Buenos-H%C3%A1bitos-juego-memoria-beunos-habitos-juego-rutinas-como-fomentar-rutinas-con-juegos-scaled.jpg?resize=1400%2C800&ssl=1 4x"},"classes":[]},{"id":2158,"url":"https:\/\/oui-oui.es\/blog\/2158\/","url_meta":{"origin":5476,"position":5},"title":"Celebrando el d\u00eda del libro","author":"Mar\u00eda \u2665Oui Oui\u2665","date":"23 abril, 2015","format":false,"excerpt":"\u00a0 Como creo que ya he contado en otra ocasi\u00f3n, cada a\u00f1o, por el d\u00eda del libro (adem\u00e1s de en otras fechas, claro), mi madre nos regala un libro, el d\u00eda es la excusa, pero as\u00ed, desde que \u00e9ramos peque\u00f1os, hac\u00edamos el ejercicio de pensar y elegir el libro que\u2026","rel":"","context":"En \u00abNI\u00d1OS Y NI\u00d1AS\u00bb","block_context":{"text":"NI\u00d1OS Y NI\u00d1AS","link":"https:\/\/oui-oui.es\/blog\/category\/ninos\/"},"img":{"alt_text":"","src":"https:\/\/i0.wp.com\/oui-oui.es\/blog\/wp-content\/uploads\/2015\/04\/oui-oui-babyouilee-biberon-frapuccino-biberon-starbucks.jpg?resize=350%2C200&ssl=1","width":350,"height":200},"classes":[]}],"_links":{"self":[{"href":"https:\/\/oui-oui.es\/blog\/wp-json\/wp\/v2\/posts\/5476","targetHints":{"allow":["GET"]}}],"collection":[{"href":"https:\/\/oui-oui.es\/blog\/wp-json\/wp\/v2\/posts"}],"about":[{"href":"https:\/\/oui-oui.es\/blog\/wp-json\/wp\/v2\/types\/post"}],"author":[{"embeddable":true,"href":"https:\/\/oui-oui.es\/blog\/wp-json\/wp\/v2\/users\/1"}],"replies":[{"embeddable":true,"href":"https:\/\/oui-oui.es\/blog\/wp-json\/wp\/v2\/comments?post=5476"}],"version-history":[{"count":2,"href":"https:\/\/oui-oui.es\/blog\/wp-json\/wp\/v2\/posts\/5476\/revisions"}],"predecessor-version":[{"id":5481,"href":"https:\/\/oui-oui.es\/blog\/wp-json\/wp\/v2\/posts\/5476\/revisions\/5481"}],"wp:featuredmedia":[{"embeddable":true,"href":"https:\/\/oui-oui.es\/blog\/wp-json\/wp\/v2\/media\/5477"}],"wp:attachment":[{"href":"https:\/\/oui-oui.es\/blog\/wp-json\/wp\/v2\/media?parent=5476"}],"wp:term":[{"taxonomy":"category","embeddable":true,"href":"https:\/\/oui-oui.es\/blog\/wp-json\/wp\/v2\/categories?post=5476"},{"taxonomy":"post_tag","embeddable":true,"href":"https:\/\/oui-oui.es\/blog\/wp-json\/wp\/v2\/tags?post=5476"}],"curies":[{"name":"wp","href":"https:\/\/api.w.org\/{rel}","templated":true}]}}