{"id":5482,"date":"2017-06-05T17:21:43","date_gmt":"2017-06-05T15:21:43","guid":{"rendered":"https:\/\/oui-oui.es\/blog\/?p=5482"},"modified":"2017-06-05T17:21:43","modified_gmt":"2017-06-05T15:21:43","slug":"por-5a-vez-nos-vemos-este-ano-en-decoraccion","status":"publish","type":"post","link":"https:\/\/oui-oui.es\/blog\/por-5a-vez-nos-vemos-este-ano-en-decoraccion\/","title":{"rendered":"Por 5\u00aa vez&#8230;\u00a1Nos vemos este a\u00f1o en DecorAcci\u00f3n!"},"content":{"rendered":"<p><img loading=\"lazy\" decoding=\"async\" class=\"aligncenter size-large wp-image-5483\" src=\"https:\/\/oui-oui.es\/blog\/wp-content\/uploads\/2017\/06\/Oui-Oui-en-DecorAcci\u00f3n-2017-1024x576.jpg\" alt=\"\" width=\"1024\" height=\"576\" srcset=\"https:\/\/oui-oui.es\/blog\/wp-content\/uploads\/2017\/06\/Oui-Oui-en-DecorAcci\u00f3n-2017-1024x576.jpg 1024w, https:\/\/oui-oui.es\/blog\/wp-content\/uploads\/2017\/06\/Oui-Oui-en-DecorAcci\u00f3n-2017-300x169.jpg 300w, https:\/\/oui-oui.es\/blog\/wp-content\/uploads\/2017\/06\/Oui-Oui-en-DecorAcci\u00f3n-2017-768x432.jpg 768w, https:\/\/oui-oui.es\/blog\/wp-content\/uploads\/2017\/06\/Oui-Oui-en-DecorAcci\u00f3n-2017-600x338.jpg 600w, https:\/\/oui-oui.es\/blog\/wp-content\/uploads\/2017\/06\/Oui-Oui-en-DecorAcci\u00f3n-2017-500x280.jpg 500w, https:\/\/oui-oui.es\/blog\/wp-content\/uploads\/2017\/06\/Oui-Oui-en-DecorAcci\u00f3n-2017.jpg 1280w\" sizes=\"auto, (max-width: 1024px) 100vw, 1024px\" \/><\/p>\n<p>Cada a\u00f1o os cuento lo especial que es <strong>DecorAcci\u00f3n para m\u00ed, para Oui Oui, para mi familia<\/strong>&#8230;Y este a\u00f1o tengo que volver a cont\u00e1roslo porque volvemos a participar, por cuarta o quinta vez, seg\u00fan como se mire (a\u00fan recuerdo cuando Jorge, el amigo de mi padre que est\u00e1 detr\u00e1s de <a href=\"http:\/\/antiguedadesmerale.es\/\" target=\"_blank\" rel=\"noopener noreferrer\">Antiguedades Merale<\/a> , nos dej\u00f3 colarnos en una esquinita de su stand de Decoracci\u00f3n en <strong>diciembre de 2012<\/strong> con las cinco puertas del ratoncito P\u00e9rez que hab\u00eda hecho mi padre <em>\u00aba ver qu\u00e9 te parecen\u00bb<\/em>,las llevamos a su stand para ver si a la gente le gustaban&#8230;\u00a1Y vaya si gustaron!), as\u00ed que nuestra primera participaci\u00f3n fue con esa peque\u00f1a esquinita en diciembre de 2012&#8230;<\/p>\n<p><img loading=\"lazy\" decoding=\"async\" class=\"aligncenter size-full wp-image-5486\" src=\"https:\/\/oui-oui.es\/blog\/wp-content\/uploads\/2017\/06\/Oui-Oui-decoraccion-2012-primeras-puertas-ratoncito-perez.jpg\" alt=\"\" width=\"960\" height=\"720\" srcset=\"https:\/\/oui-oui.es\/blog\/wp-content\/uploads\/2017\/06\/Oui-Oui-decoraccion-2012-primeras-puertas-ratoncito-perez.jpg 960w, https:\/\/oui-oui.es\/blog\/wp-content\/uploads\/2017\/06\/Oui-Oui-decoraccion-2012-primeras-puertas-ratoncito-perez-300x225.jpg 300w, https:\/\/oui-oui.es\/blog\/wp-content\/uploads\/2017\/06\/Oui-Oui-decoraccion-2012-primeras-puertas-ratoncito-perez-768x576.jpg 768w, https:\/\/oui-oui.es\/blog\/wp-content\/uploads\/2017\/06\/Oui-Oui-decoraccion-2012-primeras-puertas-ratoncito-perez-600x450.jpg 600w\" sizes=\"auto, (max-width: 960px) 100vw, 960px\" \/><\/p>\n<p>La segunda iba a ser en <strong>septiembre de 2013<\/strong>, con toda mi energ\u00eda me apunt\u00e9 a\u00fan sabiendo que daba a luz en esas fechas, siempre pens\u00e9 que tendr\u00eda un parto f\u00e1cil y natural y no pude equivocarme m\u00e1s&#8230;As\u00ed que finalmente en esa edici\u00f3n fuimos baja porque literalmente no pod\u00eda levantarme de la butaca.<\/p>\n<p>Pero todo llega y ya <strong>en junio de 2014 \u00a1Participamos al 100%!<\/strong> con Mart\u00edn viniendo a ratitos, en el espacio de MediaLab y con vecinos tan guays como The Flea y tomando mojitos en el espacio de Madrid in Love.<\/p>\n<p><img loading=\"lazy\" decoding=\"async\" class=\"aligncenter size-full wp-image-5485\" src=\"https:\/\/oui-oui.es\/blog\/wp-content\/uploads\/2017\/06\/oui-oui.jpg\" alt=\"\" width=\"500\" height=\"333\" srcset=\"https:\/\/oui-oui.es\/blog\/wp-content\/uploads\/2017\/06\/oui-oui.jpg 500w, https:\/\/oui-oui.es\/blog\/wp-content\/uploads\/2017\/06\/oui-oui-300x200.jpg 300w\" sizes=\"auto, (max-width: 500px) 100vw, 500px\" \/><\/p>\n<p><strong>En 2015<\/strong> volvi\u00f3 a ser una participaci\u00f3n especial&#8230;<strong>Justo el d\u00eda antes de empezar me enter\u00e9 de que estaba embarazada<\/strong>, pero como era de muy poco y justo mi marido no estaba (casualmentesiempre le coincide un viaje a Ibiza en esas fechas&#8230;jajaja) no dije nada hasta unas semanas despu\u00e9s&#8230;\u00a1Y casi me desmayo del calor un d\u00eda que estuve sola diez horas!<\/p>\n<p><img loading=\"lazy\" decoding=\"async\" class=\"aligncenter size-large wp-image-5484\" src=\"https:\/\/oui-oui.es\/blog\/wp-content\/uploads\/2017\/06\/decoraccion-2015-sr-raro-que-hizo-foto-768x1024.jpg\" alt=\"\" width=\"768\" height=\"1024\" srcset=\"https:\/\/oui-oui.es\/blog\/wp-content\/uploads\/2017\/06\/decoraccion-2015-sr-raro-que-hizo-foto-768x1024.jpg 768w, https:\/\/oui-oui.es\/blog\/wp-content\/uploads\/2017\/06\/decoraccion-2015-sr-raro-que-hizo-foto-225x300.jpg 225w, https:\/\/oui-oui.es\/blog\/wp-content\/uploads\/2017\/06\/decoraccion-2015-sr-raro-que-hizo-foto-600x800.jpg 600w, https:\/\/oui-oui.es\/blog\/wp-content\/uploads\/2017\/06\/decoraccion-2015-sr-raro-que-hizo-foto-300x400.jpg 300w, https:\/\/oui-oui.es\/blog\/wp-content\/uploads\/2017\/06\/decoraccion-2015-sr-raro-que-hizo-foto.jpg 1536w\" sizes=\"auto, (max-width: 768px) 100vw, 768px\" \/><\/p>\n<p>&nbsp;<\/p>\n<p><strong>El a\u00f1o pasado, en 2016<\/strong>, ya estaba Frida, tan beb\u00e9 que <strong>me traslad\u00e9 a casa de mis padres con ella para poder darle el pecho<\/strong> y volver al stand r\u00e1pido&#8230;Mi madre se cogi\u00f3 d\u00edas de vacaciones para cuidarla en casa mientras mi padre y yo est\u00e1bamos en el stand&#8230;Y mientras mi marido con Mart\u00edn en casa comenzando la operaci\u00f3n pa\u00f1al fuera&#8230;, adem\u00e1s, mi t\u00edoabuelo que vive en M\u00e9xico jsuto estaba en casa de mi abuela esos d\u00edas (que tamb\u00e9n est\u00e1 cerca del stand), as\u00ed que fueron unos d\u00edas uy especiales&#8230;\u00a1Tenemos un recuerdo para cada DecorAcci\u00f3n!<\/p>\n<p><img loading=\"lazy\" decoding=\"async\" class=\"aligncenter size-large wp-image-5488\" src=\"https:\/\/oui-oui.es\/blog\/wp-content\/uploads\/2017\/06\/Oui-Oui-en-Decoracci\u00f3n-2016-1024x768.jpg\" alt=\"\" width=\"1024\" height=\"768\" srcset=\"https:\/\/oui-oui.es\/blog\/wp-content\/uploads\/2017\/06\/Oui-Oui-en-Decoracci\u00f3n-2016-1024x768.jpg 1024w, https:\/\/oui-oui.es\/blog\/wp-content\/uploads\/2017\/06\/Oui-Oui-en-Decoracci\u00f3n-2016-300x225.jpg 300w, https:\/\/oui-oui.es\/blog\/wp-content\/uploads\/2017\/06\/Oui-Oui-en-Decoracci\u00f3n-2016-768x576.jpg 768w, https:\/\/oui-oui.es\/blog\/wp-content\/uploads\/2017\/06\/Oui-Oui-en-Decoracci\u00f3n-2016-600x450.jpg 600w\" sizes=\"auto, (max-width: 1024px) 100vw, 1024px\" \/><\/p>\n<p>Y este a\u00f1o&#8230;Vuelve a ser un <strong>DecorAcci\u00f3n que seguro no olvidamos<\/strong>&#8230;Se casa mi amiga <a href=\"http:\/\/elenabau.es\" target=\"_blank\" rel=\"noopener noreferrer\"><strong>Elena Bau<\/strong><\/a> y con toda la pena de mi coraz\u00f3n no puedo ir, porque coincide el s\u00e1bado de DecorAcci\u00f3n y la boda es en Tarifa&#8230;Y porque cuando tienes un negocio peque\u00f1o hay que hacer muchas renuncias (m\u00e1s de las que la gente se piensa) y \u00e9sta es una, es una feria muy absorvente (doce horas al caloret) con much\u00edsima afluencia y en la que <strong>HAY QUE ESTAR uno mismo<\/strong>, con ayuda, pero estar.<\/p>\n<div id=\"attachment_5487\" style=\"width: 810px\" class=\"wp-caption aligncenter\"><a href=\"elenabau.es\"><img loading=\"lazy\" decoding=\"async\" aria-describedby=\"caption-attachment-5487\" class=\"size-full wp-image-5487\" src=\"https:\/\/oui-oui.es\/blog\/wp-content\/uploads\/2017\/06\/Oui-Oui-Elena-Bau-Mar\u00eda-Oui-Oui-inauguraci\u00f3n-estudio-Elena-Bau.jpg\" alt=\"\" width=\"800\" height=\"533\" srcset=\"https:\/\/oui-oui.es\/blog\/wp-content\/uploads\/2017\/06\/Oui-Oui-Elena-Bau-Mar\u00eda-Oui-Oui-inauguraci\u00f3n-estudio-Elena-Bau.jpg 800w, https:\/\/oui-oui.es\/blog\/wp-content\/uploads\/2017\/06\/Oui-Oui-Elena-Bau-Mar\u00eda-Oui-Oui-inauguraci\u00f3n-estudio-Elena-Bau-300x200.jpg 300w, https:\/\/oui-oui.es\/blog\/wp-content\/uploads\/2017\/06\/Oui-Oui-Elena-Bau-Mar\u00eda-Oui-Oui-inauguraci\u00f3n-estudio-Elena-Bau-768x512.jpg 768w, https:\/\/oui-oui.es\/blog\/wp-content\/uploads\/2017\/06\/Oui-Oui-Elena-Bau-Mar\u00eda-Oui-Oui-inauguraci\u00f3n-estudio-Elena-Bau-600x400.jpg 600w\" sizes=\"auto, (max-width: 800px) 100vw, 800px\" \/><\/a><p id=\"caption-attachment-5487\" class=\"wp-caption-text\">Fotograf\u00eda de Elena Bau<\/p><\/div>\n<p>As\u00ed que ya que celebrar\u00e9 esa boda en la distancia&#8230;\u00a1Espero que los que est\u00e9is en Madrid veng\u00e1is a verme! hemos tra\u00eddo productos nuevos pensando en <strong>DecorAcci\u00f3n 2017<\/strong> y vamos a montar un stand m\u00e1s chulo que nunca!<\/p>\n<p>Adem\u00e1s&#8230;Las <strong>puertas del ratoncito<\/strong> tendr\u00e1n una participaci\u00f3 especial!<\/p>\n<p><strong>\u00bfCu\u00e1ndo es?<\/strong><\/p>\n<p>JUEVES 8, de 11 a 22h<\/p>\n<p>VIERNES 9 de 11 a 22h<\/p>\n<p>S\u00c1BADO 10 de 11 a 22h<\/p>\n<p>DOMINGO 11 de 11 a 18H<\/p>\n<p><strong>\u00bfD\u00f3nde?<\/strong><\/p>\n<p>En el Barrio de las Letras, nosotros estaremos en el <strong>Stand 66 en la Calle Morat\u00edn, 29<\/strong> (Metro Ant\u00f3n Mart\u00edn)<\/p>\n<p><a href=\"http:\/\/www.oui-oui.es\/buscar?controller=search&amp;orderby=position&amp;orderway=desc&amp;search-cat-select=0&amp;search_query=lightbox&amp;submit_search=\"><img loading=\"lazy\" decoding=\"async\" class=\"aligncenter size-large wp-image-5489\" src=\"https:\/\/oui-oui.es\/blog\/wp-content\/uploads\/2017\/06\/Oui-Oui-en-Decoracci\u00f3n-1024x1024.jpg\" alt=\"\" width=\"1024\" height=\"1024\" srcset=\"https:\/\/oui-oui.es\/blog\/wp-content\/uploads\/2017\/06\/Oui-Oui-en-Decoracci\u00f3n-1024x1024.jpg 1024w, https:\/\/oui-oui.es\/blog\/wp-content\/uploads\/2017\/06\/Oui-Oui-en-Decoracci\u00f3n-150x150.jpg 150w, https:\/\/oui-oui.es\/blog\/wp-content\/uploads\/2017\/06\/Oui-Oui-en-Decoracci\u00f3n-300x300.jpg 300w, https:\/\/oui-oui.es\/blog\/wp-content\/uploads\/2017\/06\/Oui-Oui-en-Decoracci\u00f3n-768x768.jpg 768w, https:\/\/oui-oui.es\/blog\/wp-content\/uploads\/2017\/06\/Oui-Oui-en-Decoracci\u00f3n-600x600.jpg 600w\" sizes=\"auto, (max-width: 1024px) 100vw, 1024px\" \/><\/a><\/p>\n<h3 style=\"text-align: center;\">\u00a1OS ESPERAMOS!<\/h3>\n","protected":false},"excerpt":{"rendered":"<p>Cada a\u00f1o os cuento lo especial que es DecorAcci\u00f3n para m\u00ed, para Oui Oui, para mi familia&#8230;Y este a\u00f1o tengo que volver a cont\u00e1roslo porque volvemos a participar, por cuarta o quinta vez, seg\u00fan como se mire (a\u00fan recuerdo cuando Jorge, el amigo de mi padre que est\u00e1 detr\u00e1s de Antiguedades Merale , nos dej\u00f3 [&hellip;]<\/p>\n","protected":false},"author":1,"featured_media":5483,"comment_status":"open","ping_status":"open","sticky":false,"template":"","format":"standard","meta":{"jetpack_post_was_ever_published":false,"_jetpack_newsletter_access":"","_jetpack_dont_email_post_to_subs":false,"_jetpack_newsletter_tier_id":0,"_jetpack_memberships_contains_paywalled_content":false,"_jetpack_memberships_contains_paid_content":false,"footnotes":"","jetpack_publicize_message":"","jetpack_publicize_feature_enabled":true,"jetpack_social_post_already_shared":true,"jetpack_social_options":{"image_generator_settings":{"template":"highway","default_image_id":0,"font":"","enabled":false},"version":2}},"categories":[173,13],"tags":[813,545],"class_list":["post-5482","post","type-post","status-publish","format-standard","has-post-thumbnail","hentry","category-decoracion-de-casa","category-oui-oui","tag-decoraccion","tag-pop-ups-oui-oui"],"aioseo_notices":[],"jetpack_publicize_connections":[],"jetpack_featured_media_url":"https:\/\/oui-oui.es\/blog\/wp-content\/uploads\/2017\/06\/Oui-Oui-en-DecorAcci\u00f3n-2017.jpg","jetpack_sharing_enabled":true,"jetpack-related-posts":[{"id":2561,"url":"https:\/\/oui-oui.es\/blog\/oui-oui-en-decoraccion-2\/","url_meta":{"origin":5482,"position":0},"title":"Oui Oui en DecorAcci\u00f3n","author":"Mar\u00eda \u2665Oui Oui\u2665","date":"8 junio, 2015","format":false,"excerpt":"Creo que ya lo he dicho\u00a0muchas veces, pero no me canso; le tenemos mucho cari\u00f1o a DecorAcci\u00f3n; la cita de la decoraci\u00f3n a pie de calle m\u00e1s importante del a\u00f1o. \u00bfY por qu\u00e9?, pues por varios motivos; la primera vez que estuvimos fue gracias a que pudimos colarnos en el\u2026","rel":"","context":"En \u00abDECORACI\u00d3N\u00bb","block_context":{"text":"DECORACI\u00d3N","link":"https:\/\/oui-oui.es\/blog\/category\/decoracion-de-casa\/"},"img":{"alt_text":"","src":"https:\/\/i0.wp.com\/oui-oui.es\/blog\/wp-content\/uploads\/2015\/06\/oui-oui-pop-up-deco-decoraccion-2014.jpg?resize=350%2C200&ssl=1","width":350,"height":200,"srcset":"https:\/\/i0.wp.com\/oui-oui.es\/blog\/wp-content\/uploads\/2015\/06\/oui-oui-pop-up-deco-decoraccion-2014.jpg?resize=350%2C200&ssl=1 1x, https:\/\/i0.wp.com\/oui-oui.es\/blog\/wp-content\/uploads\/2015\/06\/oui-oui-pop-up-deco-decoraccion-2014.jpg?resize=525%2C300&ssl=1 1.5x"},"classes":[]},{"id":2747,"url":"https:\/\/oui-oui.es\/blog\/pasteleria-francesa-en-madrid-motteau\/","url_meta":{"origin":5482,"position":1},"title":"Pasteler\u00eda francesa en Madrid | Motteau","author":"Mar\u00eda \u2665Oui Oui\u2665","date":"16 julio, 2015","format":false,"excerpt":"Ya os cont\u00e9 lo que me gusta volver al barrio de las Letras y descubrir sitios nuevos, con la excusa de DecorAcci\u00f3n, me pas\u00e9 cuatro d\u00edas all\u00ed y pude disfrutar de varios de los bares, restaurantes y tiendas con encanto que hay en cada callecita. Uno reci\u00e9n inagurado fu\u00e9 la\u2026","rel":"","context":"En \u00abESTILO DE VIDA\u00bb","block_context":{"text":"ESTILO DE VIDA","link":"https:\/\/oui-oui.es\/blog\/category\/lifestyle-2\/"},"img":{"alt_text":"","src":"https:\/\/i0.wp.com\/oui-oui.es\/blog\/wp-content\/uploads\/Oui-Oui-pasteleria-MOTTEAU.jpg?resize=350%2C200&ssl=1","width":350,"height":200,"srcset":"https:\/\/i0.wp.com\/oui-oui.es\/blog\/wp-content\/uploads\/Oui-Oui-pasteleria-MOTTEAU.jpg?resize=350%2C200&ssl=1 1x, https:\/\/i0.wp.com\/oui-oui.es\/blog\/wp-content\/uploads\/Oui-Oui-pasteleria-MOTTEAU.jpg?resize=525%2C300&ssl=1 1.5x"},"classes":[]},{"id":1548,"url":"https:\/\/oui-oui.es\/blog\/oui-oui-en-decoraccion\/","url_meta":{"origin":5482,"position":2},"title":"Oui Oui en DecorAcci\u00f3n","author":"Mar\u00eda \u2665Oui Oui\u2665","date":"2 junio, 2014","format":false,"excerpt":"Vuelvo al blog con ganas de contaros muchas cosas y la primera y muy importantes es que Oui Oui va a participar en la V Edici\u00f3n de DecorAcci\u00f3n...Que se ha convertido en uno de los eventos de decoraci\u00f3n m\u00e1s importantes, tanto por su dimensi\u00f3n (todo el Barrio de Las Letras)\u2026","rel":"","context":"En \u00abOUI OUI\u00bb","block_context":{"text":"OUI OUI","link":"https:\/\/oui-oui.es\/blog\/category\/oui-oui\/"},"img":{"alt_text":"","src":"https:\/\/i0.wp.com\/oui-oui.es\/blog\/wp-content\/uploads\/2014\/06\/oui-oui-las-verdaderas-puertas-del-ratoncito-perez-puerta-ratoncito-perez-la-original.jpg?resize=350%2C200&ssl=1","width":350,"height":200,"srcset":"https:\/\/i0.wp.com\/oui-oui.es\/blog\/wp-content\/uploads\/2014\/06\/oui-oui-las-verdaderas-puertas-del-ratoncito-perez-puerta-ratoncito-perez-la-original.jpg?resize=350%2C200&ssl=1 1x, https:\/\/i0.wp.com\/oui-oui.es\/blog\/wp-content\/uploads\/2014\/06\/oui-oui-las-verdaderas-puertas-del-ratoncito-perez-puerta-ratoncito-perez-la-original.jpg?resize=525%2C300&ssl=1 1.5x, https:\/\/i0.wp.com\/oui-oui.es\/blog\/wp-content\/uploads\/2014\/06\/oui-oui-las-verdaderas-puertas-del-ratoncito-perez-puerta-ratoncito-perez-la-original.jpg?resize=700%2C400&ssl=1 2x"},"classes":[]},{"id":9942,"url":"https:\/\/oui-oui.es\/blog\/por-7a-vez-nos-vemos-en-decoraccion-2019\/","url_meta":{"origin":5482,"position":3},"title":"Por 7\u00aa vez&#8230;Nos vemos en DecorAcci\u00f3n 2019","author":"Mar\u00eda \u2665Oui Oui\u2665","date":"11 junio, 2019","format":false,"excerpt":"Despu\u00e9s de siete a\u00f1os participando en DecorAcci\u00f3n, me cuesta escribir algo distinto, los que le\u00e9is este blog ya sab\u00e9is lo especial que es para nosotros esta fiesta de la DecorAcci\u00f3n, lo bien que nos lo pasamos y lo que nos gusta que pas\u00e9is a vernos :) Este a\u00f1o parece que\u2026","rel":"","context":"En \u00abDECORACI\u00d3N\u00bb","block_context":{"text":"DECORACI\u00d3N","link":"https:\/\/oui-oui.es\/blog\/category\/decoracion-de-casa\/"},"img":{"alt_text":"","src":"https:\/\/i0.wp.com\/oui-oui.es\/blog\/wp-content\/uploads\/2019\/06\/Oui-Oui-decoraccion-2019-barrio-de-las-letras-mercadillo.jpg?resize=350%2C200&ssl=1","width":350,"height":200,"srcset":"https:\/\/i0.wp.com\/oui-oui.es\/blog\/wp-content\/uploads\/2019\/06\/Oui-Oui-decoraccion-2019-barrio-de-las-letras-mercadillo.jpg?resize=350%2C200&ssl=1 1x, https:\/\/i0.wp.com\/oui-oui.es\/blog\/wp-content\/uploads\/2019\/06\/Oui-Oui-decoraccion-2019-barrio-de-las-letras-mercadillo.jpg?resize=525%2C300&ssl=1 1.5x"},"classes":[]},{"id":4409,"url":"https:\/\/oui-oui.es\/blog\/os-esperamos-en-decoraccion\/","url_meta":{"origin":5482,"position":4},"title":"\u00a1Os esperamos en DecorAcci\u00f3n!","author":"Mar\u00eda \u2665Oui Oui\u2665","date":"7 junio, 2016","format":false,"excerpt":"Un a\u00f1o m\u00e1s \u00a1y ya van cuatro! participaremos en el evento de decoraci\u00f3n m\u00e1s importante de Espa\u00f1a; DecorAcci\u00f3n. El Barrio de las Letras de Madrid se viste de gala para recibir a todo el mundo entre instalaciones, exposiciones, mercadillo de antig\u00fcedades y pop up de tiendas de decoraci\u00f3n online. Como\u2026","rel":"","context":"En \u00abDECORACI\u00d3N\u00bb","block_context":{"text":"DECORACI\u00d3N","link":"https:\/\/oui-oui.es\/blog\/category\/decoracion-de-casa\/"},"img":{"alt_text":"","src":"https:\/\/i0.wp.com\/oui-oui.es\/blog\/wp-content\/uploads\/2016\/06\/Oui-Oui-lampara-catus-verde-cactus-lamp-goodnightlight-jarronejo.jpg?resize=350%2C200&ssl=1","width":350,"height":200,"srcset":"https:\/\/i0.wp.com\/oui-oui.es\/blog\/wp-content\/uploads\/2016\/06\/Oui-Oui-lampara-catus-verde-cactus-lamp-goodnightlight-jarronejo.jpg?resize=350%2C200&ssl=1 1x, https:\/\/i0.wp.com\/oui-oui.es\/blog\/wp-content\/uploads\/2016\/06\/Oui-Oui-lampara-catus-verde-cactus-lamp-goodnightlight-jarronejo.jpg?resize=525%2C300&ssl=1 1.5x, https:\/\/i0.wp.com\/oui-oui.es\/blog\/wp-content\/uploads\/2016\/06\/Oui-Oui-lampara-catus-verde-cactus-lamp-goodnightlight-jarronejo.jpg?resize=700%2C400&ssl=1 2x, https:\/\/i0.wp.com\/oui-oui.es\/blog\/wp-content\/uploads\/2016\/06\/Oui-Oui-lampara-catus-verde-cactus-lamp-goodnightlight-jarronejo.jpg?resize=1050%2C600&ssl=1 3x, https:\/\/i0.wp.com\/oui-oui.es\/blog\/wp-content\/uploads\/2016\/06\/Oui-Oui-lampara-catus-verde-cactus-lamp-goodnightlight-jarronejo.jpg?resize=1400%2C800&ssl=1 4x"},"classes":[]},{"id":9128,"url":"https:\/\/oui-oui.es\/blog\/volvemos-a-vernos-en-decoraccion\/","url_meta":{"origin":5482,"position":5},"title":"Volvemos a vernos en DecorAcci\u00f3n","author":"Mar\u00eda \u2665Oui Oui\u2665","date":"5 junio, 2018","format":false,"excerpt":"Un a\u00f1o m\u00e1s! y ya casi ni me acuerdo de las ediciones que llevamos \u00a1creo que es la sexta!. Como siempre, participaremos en la GRAN FIESTA de la DECORACI\u00d3N, que no te puedes perder; decoradores, interioristas, arquitectos, comercios, restaurantes...Todo el barrio de las letras se vuelca en engalanar las calles,\u2026","rel":"","context":"En \u00abOUI OUI\u00bb","block_context":{"text":"OUI OUI","link":"https:\/\/oui-oui.es\/blog\/category\/oui-oui\/"},"img":{"alt_text":"","src":"https:\/\/i0.wp.com\/oui-oui.es\/blog\/wp-content\/uploads\/2018\/06\/LOGO-DA-2018.jpg?resize=350%2C200&ssl=1","width":350,"height":200,"srcset":"https:\/\/i0.wp.com\/oui-oui.es\/blog\/wp-content\/uploads\/2018\/06\/LOGO-DA-2018.jpg?resize=350%2C200&ssl=1 1x, https:\/\/i0.wp.com\/oui-oui.es\/blog\/wp-content\/uploads\/2018\/06\/LOGO-DA-2018.jpg?resize=525%2C300&ssl=1 1.5x"},"classes":[]}],"_links":{"self":[{"href":"https:\/\/oui-oui.es\/blog\/wp-json\/wp\/v2\/posts\/5482","targetHints":{"allow":["GET"]}}],"collection":[{"href":"https:\/\/oui-oui.es\/blog\/wp-json\/wp\/v2\/posts"}],"about":[{"href":"https:\/\/oui-oui.es\/blog\/wp-json\/wp\/v2\/types\/post"}],"author":[{"embeddable":true,"href":"https:\/\/oui-oui.es\/blog\/wp-json\/wp\/v2\/users\/1"}],"replies":[{"embeddable":true,"href":"https:\/\/oui-oui.es\/blog\/wp-json\/wp\/v2\/comments?post=5482"}],"version-history":[{"count":1,"href":"https:\/\/oui-oui.es\/blog\/wp-json\/wp\/v2\/posts\/5482\/revisions"}],"predecessor-version":[{"id":5490,"href":"https:\/\/oui-oui.es\/blog\/wp-json\/wp\/v2\/posts\/5482\/revisions\/5490"}],"wp:featuredmedia":[{"embeddable":true,"href":"https:\/\/oui-oui.es\/blog\/wp-json\/wp\/v2\/media\/5483"}],"wp:attachment":[{"href":"https:\/\/oui-oui.es\/blog\/wp-json\/wp\/v2\/media?parent=5482"}],"wp:term":[{"taxonomy":"category","embeddable":true,"href":"https:\/\/oui-oui.es\/blog\/wp-json\/wp\/v2\/categories?post=5482"},{"taxonomy":"post_tag","embeddable":true,"href":"https:\/\/oui-oui.es\/blog\/wp-json\/wp\/v2\/tags?post=5482"}],"curies":[{"name":"wp","href":"https:\/\/api.w.org\/{rel}","templated":true}]}}