{"id":561,"date":"2013-03-08T13:26:07","date_gmt":"2013-03-08T12:26:07","guid":{"rendered":"http:\/\/ouiouiblog.wordpress.com\/?p=561"},"modified":"2013-03-20T16:15:39","modified_gmt":"2013-03-20T16:15:39","slug":"no-lleves-los-anillos-de-cualquier-forma","status":"publish","type":"post","link":"https:\/\/oui-oui.es\/blog\/no-lleves-los-anillos-de-cualquier-forma\/","title":{"rendered":"No lleves los anillos de cualquier forma"},"content":{"rendered":"<div id=\"attachment_572\" style=\"width: 539px\" class=\"wp-caption aligncenter\"><a href=\"https:\/\/oui-oui.es\/blog\/wp-content\/uploads\/oui-oui-plato-anillos-palomac2b4s-nest-porta-anillos-porta-alianzas-2.jpg\"><img loading=\"lazy\" decoding=\"async\" aria-describedby=\"caption-attachment-572\" class=\"size-full wp-image-572\" alt=\"Plummtree weddings\" src=\"https:\/\/oui-oui.es\/blog\/wp-content\/uploads\/oui-oui-plato-anillos-palomac2b4s-nest-porta-anillos-porta-alianzas-2.jpg\" width=\"529\" height=\"266\" srcset=\"https:\/\/oui-oui.es\/blog\/wp-content\/uploads\/oui-oui-plato-anillos-palomac2b4s-nest-porta-anillos-porta-alianzas-2.jpg 640w, https:\/\/oui-oui.es\/blog\/wp-content\/uploads\/oui-oui-plato-anillos-palomac2b4s-nest-porta-anillos-porta-alianzas-2-300x151.jpg 300w\" sizes=\"auto, (max-width: 529px) 100vw, 529px\" \/><\/a><p id=\"caption-attachment-572\" class=\"wp-caption-text\">Plummtree weddings<\/p><\/div>\n<p style=\"text-align: center;\">Algo bueno tiene que tener que<em> se te pete<\/em> Outlook y es que, mientras que espero que un amigo pueda ayudarme ma\u00f1ana, he podido encontrar <strong>un hueco para postear!.<\/strong><\/p>\n<p style=\"text-align: center;\"><a href=\"https:\/\/oui-oui.es\/blog\/wp-content\/uploads\/oui-oui-palomas-nest-logo.png\"><img loading=\"lazy\" decoding=\"async\" class=\"aligncenter size-full wp-image-571\" alt=\"oui oui-palomas nest logo\" src=\"https:\/\/oui-oui.es\/blog\/wp-content\/uploads\/oui-oui-palomas-nest-logo.png\" width=\"529\" height=\"55\" srcset=\"https:\/\/oui-oui.es\/blog\/wp-content\/uploads\/oui-oui-palomas-nest-logo.png 675w, https:\/\/oui-oui.es\/blog\/wp-content\/uploads\/oui-oui-palomas-nest-logo-300x31.png 300w\" sizes=\"auto, (max-width: 529px) 100vw, 529px\" \/><\/a><\/p>\n<p style=\"text-align: center;\">Estos d\u00edas est\u00e1n siendo muy intensos con la <strong>preparaci\u00f3n de la tienda online<\/strong>, soy impaciente y <strong>quiero que est\u00e9 todo ya y encima bien!!<\/strong>, como no me aguanto he pensado contaros hoy <strong>una de las cositas que tendremos<\/strong> y que me hace mucha ilusi\u00f3n pues se trata de <strong>un objeto muy especial<\/strong>; los <strong>platitos porta alianzas<\/strong> de <strong>Paloma\u00b4s Nest<\/strong>!!<\/p>\n<div id=\"attachment_570\" style=\"width: 539px\" class=\"wp-caption aligncenter\"><a href=\"https:\/\/oui-oui.es\/blog\/wp-content\/uploads\/oui-oui-plato-anillos-palomac2b4s-nest-porta-anillos-porta-alianzas.jpg\"><img loading=\"lazy\" decoding=\"async\" aria-describedby=\"caption-attachment-570\" class=\"size-full wp-image-570\" alt=\"Meredite Perdue\" src=\"https:\/\/oui-oui.es\/blog\/wp-content\/uploads\/oui-oui-plato-anillos-palomac2b4s-nest-porta-anillos-porta-alianzas.jpg\" width=\"529\" height=\"363\" srcset=\"https:\/\/oui-oui.es\/blog\/wp-content\/uploads\/oui-oui-plato-anillos-palomac2b4s-nest-porta-anillos-porta-alianzas.jpg 655w, https:\/\/oui-oui.es\/blog\/wp-content\/uploads\/oui-oui-plato-anillos-palomac2b4s-nest-porta-anillos-porta-alianzas-300x206.jpg 300w\" sizes=\"auto, (max-width: 529px) 100vw, 529px\" \/><\/a><p id=\"caption-attachment-570\" class=\"wp-caption-text\">Meredite Perdue<\/p><\/div>\n<p style=\"text-align: center;\">El momento \u00abalianzas\u00bb en una boda es de los m\u00e1s especiales y es <strong>importante cuidarlo como se merece<\/strong>, nada de sacarlas sueltas del bolsillo del padrino o en una bolsita&#8230;Se merecen su espacio particular!<\/p>\n<p style=\"text-align: center;\">Son <strong>platitos de cer\u00e1mica hechos a mano con un mensaje grabado<\/strong>, hay varios en ingl\u00e9s (la dise\u00f1adora es americana) pero&#8230;<strong>\u00a1\u00a1Tambi\u00e9n tendremos en espa\u00f1ol!!<\/strong>, podr\u00e9is elegir entre varios mensajes&#8230;<\/p>\n<p style=\"text-align: center;\"><em><strong>\u00abCon este anillo\u00bb<\/strong><\/em><\/p>\n<p style=\"text-align: center;\"><a href=\"https:\/\/oui-oui.es\/blog\/wp-content\/uploads\/oui-oui-plato-anillos-palomac2b4s-nest-porta-anillos-con-este-anillo.jpg\"><img loading=\"lazy\" decoding=\"async\" class=\"aligncenter size-full wp-image-566\" alt=\"Oui Oui-plato anillos-paloma\u00b4s nest-porta anillos-con este anillo\" src=\"https:\/\/oui-oui.es\/blog\/wp-content\/uploads\/oui-oui-plato-anillos-palomac2b4s-nest-porta-anillos-con-este-anillo.jpg\" width=\"460\" height=\"460\" srcset=\"https:\/\/oui-oui.es\/blog\/wp-content\/uploads\/oui-oui-plato-anillos-palomac2b4s-nest-porta-anillos-con-este-anillo.jpg 460w, https:\/\/oui-oui.es\/blog\/wp-content\/uploads\/oui-oui-plato-anillos-palomac2b4s-nest-porta-anillos-con-este-anillo-150x150.jpg 150w, https:\/\/oui-oui.es\/blog\/wp-content\/uploads\/oui-oui-plato-anillos-palomac2b4s-nest-porta-anillos-con-este-anillo-300x300.jpg 300w\" sizes=\"auto, (max-width: 460px) 100vw, 460px\" \/><\/a><\/p>\n<p style=\"text-align: center;\"><em><strong>\u00abMi amor, mi vida, mi felicidad\u00bb<\/strong><\/em><\/p>\n<p style=\"text-align: center;\"><a href=\"https:\/\/oui-oui.es\/blog\/wp-content\/uploads\/oui-oui-plato-anillos-palomac2b4s-nest-porta-anillos-mi-amor-mi-vida-mi-felicidad.jpg\"><img loading=\"lazy\" decoding=\"async\" class=\"aligncenter size-full wp-image-565\" alt=\"Oui Oui-plato anillos-paloma\u00b4s nest-porta anillos-mi amor mi vida mi felicidad\" src=\"https:\/\/oui-oui.es\/blog\/wp-content\/uploads\/oui-oui-plato-anillos-palomac2b4s-nest-porta-anillos-mi-amor-mi-vida-mi-felicidad.jpg\" width=\"325\" height=\"325\" srcset=\"https:\/\/oui-oui.es\/blog\/wp-content\/uploads\/oui-oui-plato-anillos-palomac2b4s-nest-porta-anillos-mi-amor-mi-vida-mi-felicidad.jpg 325w, https:\/\/oui-oui.es\/blog\/wp-content\/uploads\/oui-oui-plato-anillos-palomac2b4s-nest-porta-anillos-mi-amor-mi-vida-mi-felicidad-150x150.jpg 150w, https:\/\/oui-oui.es\/blog\/wp-content\/uploads\/oui-oui-plato-anillos-palomac2b4s-nest-porta-anillos-mi-amor-mi-vida-mi-felicidad-300x300.jpg 300w\" sizes=\"auto, (max-width: 325px) 100vw, 325px\" \/><\/a><\/p>\n<p style=\"text-align: center;\">o <em><strong>\u00abUna promesa de amor\u00bb<\/strong><\/em><\/p>\n<p style=\"text-align: center;\"><a href=\"https:\/\/oui-oui.es\/blog\/wp-content\/uploads\/oui-oui-plato-anillos-palomac2b4s-nest-porta-anillos-una-promesa-de-amor.jpg\"><img loading=\"lazy\" decoding=\"async\" class=\"aligncenter size-full wp-image-567\" alt=\"Oui Oui-plato anillos-paloma\u00b4s nest-porta anillos-una promesa de amor\" src=\"https:\/\/oui-oui.es\/blog\/wp-content\/uploads\/oui-oui-plato-anillos-palomac2b4s-nest-porta-anillos-una-promesa-de-amor.jpg\" width=\"529\" height=\"396\" srcset=\"https:\/\/oui-oui.es\/blog\/wp-content\/uploads\/oui-oui-plato-anillos-palomac2b4s-nest-porta-anillos-una-promesa-de-amor.jpg 1280w, https:\/\/oui-oui.es\/blog\/wp-content\/uploads\/oui-oui-plato-anillos-palomac2b4s-nest-porta-anillos-una-promesa-de-amor-300x225.jpg 300w, https:\/\/oui-oui.es\/blog\/wp-content\/uploads\/oui-oui-plato-anillos-palomac2b4s-nest-porta-anillos-una-promesa-de-amor-1024x768.jpg 1024w\" sizes=\"auto, (max-width: 529px) 100vw, 529px\" \/><\/a><\/p>\n<p style=\"text-align: center;\">Y en ingles&#8230; <em><strong>\u00abBe happy be loving be true\u00bb<\/strong><\/em><\/p>\n<p style=\"text-align: center;\"><a href=\"https:\/\/oui-oui.es\/blog\/wp-content\/uploads\/oui-oui-plato-anillos-palomac2b4s-nest-porta-anillos-be-happy-loving-true.jpg\"><img loading=\"lazy\" decoding=\"async\" class=\"aligncenter size-full wp-image-563\" alt=\"Oui Oui-plato anillos-paloma\u00b4s nest-porta anillos-be happy loving true\" src=\"https:\/\/oui-oui.es\/blog\/wp-content\/uploads\/oui-oui-plato-anillos-palomac2b4s-nest-porta-anillos-be-happy-loving-true.jpg\" width=\"529\" height=\"529\" srcset=\"https:\/\/oui-oui.es\/blog\/wp-content\/uploads\/oui-oui-plato-anillos-palomac2b4s-nest-porta-anillos-be-happy-loving-true.jpg 570w, https:\/\/oui-oui.es\/blog\/wp-content\/uploads\/oui-oui-plato-anillos-palomac2b4s-nest-porta-anillos-be-happy-loving-true-150x150.jpg 150w, https:\/\/oui-oui.es\/blog\/wp-content\/uploads\/oui-oui-plato-anillos-palomac2b4s-nest-porta-anillos-be-happy-loving-true-300x300.jpg 300w\" sizes=\"auto, (max-width: 529px) 100vw, 529px\" \/><\/a><\/p>\n<p style=\"text-align: center;\"><em> <strong>\u00bb The sun, the moon, the stars, for you\u00bb<\/strong><\/em><\/p>\n<p style=\"text-align: center;\"><a href=\"https:\/\/oui-oui.es\/blog\/wp-content\/uploads\/oui-oui-plato-anillos-palomac2b4s-nest-porta-anillos-the-sun-the-moon-the-stars-for-you.jpg\"><img loading=\"lazy\" decoding=\"async\" class=\"aligncenter size-full wp-image-568\" alt=\"Oui Oui-plato anillos-paloma\u00b4s nest-porta anillos-the sun the moon the stars for you\" src=\"https:\/\/oui-oui.es\/blog\/wp-content\/uploads\/oui-oui-plato-anillos-palomac2b4s-nest-porta-anillos-the-sun-the-moon-the-stars-for-you.jpg\" width=\"325\" height=\"324\" srcset=\"https:\/\/oui-oui.es\/blog\/wp-content\/uploads\/oui-oui-plato-anillos-palomac2b4s-nest-porta-anillos-the-sun-the-moon-the-stars-for-you.jpg 325w, https:\/\/oui-oui.es\/blog\/wp-content\/uploads\/oui-oui-plato-anillos-palomac2b4s-nest-porta-anillos-the-sun-the-moon-the-stars-for-you-150x150.jpg 150w, https:\/\/oui-oui.es\/blog\/wp-content\/uploads\/oui-oui-plato-anillos-palomac2b4s-nest-porta-anillos-the-sun-the-moon-the-stars-for-you-300x300.jpg 300w\" sizes=\"auto, (max-width: 325px) 100vw, 325px\" \/><\/a><\/p>\n<p style=\"text-align: center;\"><em><strong>\u00abWill you marry me?\u00bb<\/strong><\/em><\/p>\n<p style=\"text-align: center;\"><a href=\"https:\/\/oui-oui.es\/blog\/wp-content\/uploads\/oui-oui-plato-anillos-palomac2b4s-nest-porta-anillos-will-you-marry-me.jpg\"><img loading=\"lazy\" decoding=\"async\" class=\"aligncenter size-full wp-image-564\" alt=\"Oui Oui-plato anillos-paloma\u00b4s nest-porta anillos-will you marry me\" src=\"https:\/\/oui-oui.es\/blog\/wp-content\/uploads\/oui-oui-plato-anillos-palomac2b4s-nest-porta-anillos-will-you-marry-me.jpg\" width=\"529\" height=\"397\" srcset=\"https:\/\/oui-oui.es\/blog\/wp-content\/uploads\/oui-oui-plato-anillos-palomac2b4s-nest-porta-anillos-will-you-marry-me.jpg 570w, https:\/\/oui-oui.es\/blog\/wp-content\/uploads\/oui-oui-plato-anillos-palomac2b4s-nest-porta-anillos-will-you-marry-me-300x225.jpg 300w\" sizes=\"auto, (max-width: 529px) 100vw, 529px\" \/><\/a><\/p>\n<p style=\"text-align: center;\">Y uno que me encanta para bodas de playa&#8230; <strong><em>\u00abYou and me married by the sea\u00bb<\/em><\/strong>.<\/p>\n<p style=\"text-align: center;\"><a href=\"https:\/\/oui-oui.es\/blog\/wp-content\/uploads\/oui-oui-plato-anillos-palomac2b4s-nest-porta-anillos-boda-playa.jpg\"><img loading=\"lazy\" decoding=\"async\" class=\"aligncenter size-full wp-image-562\" alt=\"Oui Oui-plato anillos-paloma\u00b4s nest-porta anillos-boda playa\" src=\"https:\/\/oui-oui.es\/blog\/wp-content\/uploads\/oui-oui-plato-anillos-palomac2b4s-nest-porta-anillos-boda-playa.jpg\" width=\"529\" height=\"529\" srcset=\"https:\/\/oui-oui.es\/blog\/wp-content\/uploads\/oui-oui-plato-anillos-palomac2b4s-nest-porta-anillos-boda-playa.jpg 570w, https:\/\/oui-oui.es\/blog\/wp-content\/uploads\/oui-oui-plato-anillos-palomac2b4s-nest-porta-anillos-boda-playa-150x150.jpg 150w, https:\/\/oui-oui.es\/blog\/wp-content\/uploads\/oui-oui-plato-anillos-palomac2b4s-nest-porta-anillos-boda-playa-300x300.jpg 300w\" sizes=\"auto, (max-width: 529px) 100vw, 529px\" \/><\/a><\/p>\n<p style=\"text-align: center;\">No s\u00f3lo se trata de <strong>una forma bonita<\/strong> de <strong>dejar los anillos en el altar<\/strong> o mesa de ceremonia hasta que llegue su momento, tambi\u00e9n de utilizarlo luego en casa como vac\u00eda anillos, de forma que <strong>te recuerde ese d\u00eda especial todos los d\u00edas<\/strong> \ud83d\ude42<\/p>\n<p style=\"text-align: center;\">Y si ya te casaste y acabas dejando los anillos en cualquier parte, tambi\u00e9n es un detalle precioso!<\/p>\n<p style=\"text-align: center;\"><a href=\"https:\/\/oui-oui.es\/blog\/wp-content\/uploads\/oui-oui-plato-anillos-palomac2b4s-nest-porta-anillos-packaging.jpg\"><img loading=\"lazy\" decoding=\"async\" class=\"aligncenter size-full wp-image-569\" alt=\"Oui Oui-plato anillos-paloma\u00b4s nest-porta anillos-packaging\" src=\"https:\/\/oui-oui.es\/blog\/wp-content\/uploads\/oui-oui-plato-anillos-palomac2b4s-nest-porta-anillos-packaging.jpg\" width=\"529\" height=\"529\" srcset=\"https:\/\/oui-oui.es\/blog\/wp-content\/uploads\/oui-oui-plato-anillos-palomac2b4s-nest-porta-anillos-packaging.jpg 570w, https:\/\/oui-oui.es\/blog\/wp-content\/uploads\/oui-oui-plato-anillos-palomac2b4s-nest-porta-anillos-packaging-150x150.jpg 150w, https:\/\/oui-oui.es\/blog\/wp-content\/uploads\/oui-oui-plato-anillos-palomac2b4s-nest-porta-anillos-packaging-300x300.jpg 300w\" sizes=\"auto, (max-width: 529px) 100vw, 529px\" \/><\/a><\/p>\n<p style=\"text-align: center;\"><strong>Espero que os gusten!!<\/strong><\/p>\n","protected":false},"excerpt":{"rendered":"<p>Algo bueno tiene que tener que se te pete Outlook y es que, mientras que espero que un amigo pueda ayudarme ma\u00f1ana, he podido encontrar un hueco para postear!. Estos d\u00edas est\u00e1n siendo muy intensos con la preparaci\u00f3n de la tienda online, soy impaciente y quiero que est\u00e9 todo ya y encima bien!!, como no [&hellip;]<\/p>\n","protected":false},"author":1,"featured_media":572,"comment_status":"open","ping_status":"open","sticky":false,"template":"","format":"standard","meta":{"jetpack_post_was_ever_published":false,"_jetpack_newsletter_access":"","_jetpack_dont_email_post_to_subs":false,"_jetpack_newsletter_tier_id":0,"_jetpack_memberships_contains_paywalled_content":false,"_jetpack_memberships_contains_paid_content":false,"footnotes":"","jetpack_publicize_message":"","jetpack_publicize_feature_enabled":true,"jetpack_social_post_already_shared":false,"jetpack_social_options":{"image_generator_settings":{"template":"highway","default_image_id":0,"font":"","enabled":false},"version":2}},"categories":[704],"tags":[723],"class_list":["post-561","post","type-post","status-publish","format-standard","has-post-thumbnail","hentry","category-boda","tag-detalle-boda"],"aioseo_notices":[],"jetpack_publicize_connections":[],"jetpack_featured_media_url":"https:\/\/oui-oui.es\/blog\/wp-content\/uploads\/oui-oui-plato-anillos-palomac2b4s-nest-porta-anillos-porta-alianzas-2.jpg","jetpack_sharing_enabled":true,"jetpack-related-posts":[{"id":1206,"url":"https:\/\/oui-oui.es\/blog\/its-gstaad-baby\/","url_meta":{"origin":561,"position":0},"title":"It\u00b4s Gstaad Baby!","author":"Mar\u00eda \u2665Oui Oui\u2665","date":"3 febrero, 2014","format":false,"excerpt":"A la espera de ver \u00a1pronto, por favor! las fotos y reportaje oficial (si es que lo vemos, que espero que s\u00ed) del bod\u00f3n invernal de Tatiana Santodomingo y Andrea Casiraghi aqu\u00ed os dejo con lo que se ha filtrado hasta el momento (todas las fotos son tomadas de Instagram\u2026","rel":"","context":"En \u00abBoda\u00bb","block_context":{"text":"Boda","link":"https:\/\/oui-oui.es\/blog\/category\/fiestas-celebraciones\/boda\/"},"img":{"alt_text":"","src":"https:\/\/i0.wp.com\/oui-oui.es\/blog\/wp-content\/uploads\/2014\/02\/oui-oui-boda-tatiana-santodomingo-andrea-casiraghi-gstaad-boda-invernal-boda-invierno-9.jpg?resize=350%2C200&ssl=1","width":350,"height":200,"srcset":"https:\/\/i0.wp.com\/oui-oui.es\/blog\/wp-content\/uploads\/2014\/02\/oui-oui-boda-tatiana-santodomingo-andrea-casiraghi-gstaad-boda-invernal-boda-invierno-9.jpg?resize=350%2C200&ssl=1 1x, https:\/\/i0.wp.com\/oui-oui.es\/blog\/wp-content\/uploads\/2014\/02\/oui-oui-boda-tatiana-santodomingo-andrea-casiraghi-gstaad-boda-invernal-boda-invierno-9.jpg?resize=525%2C300&ssl=1 1.5x"},"classes":[]},{"id":1103,"url":"https:\/\/oui-oui.es\/blog\/decorar-con-guirnaldas\/","url_meta":{"origin":561,"position":1},"title":"Decorar con guirnaldas","author":"Mar\u00eda \u2665Oui Oui\u2665","date":"21 enero, 2014","format":false,"excerpt":"Las hab\u00eda echado el ojo hace tiempo y por fin est\u00e1n en Oui Oui, las guirnaldas de borlas, de tiras de papel o tassel garlands. Una alternativa a los banderines, me gustaban para decorar cualquier rinc\u00f3n de una fiesta; para la mesa de dulces, la zona de baile o una\u2026","rel":"","context":"En \u00abBoda\u00bb","block_context":{"text":"Boda","link":"https:\/\/oui-oui.es\/blog\/category\/fiestas-celebraciones\/boda\/"},"img":{"alt_text":"","src":"https:\/\/i0.wp.com\/oui-oui.es\/blog\/wp-content\/uploads\/2014\/01\/oui-oui-decorar-con-guirnaldas-guirnadas-de-flecos-guirnaldas-de-borlas-tassel-garlands-decoracion-original-boda-boda-rustic-chic-1.jpg?resize=350%2C200&ssl=1","width":350,"height":200,"srcset":"https:\/\/i0.wp.com\/oui-oui.es\/blog\/wp-content\/uploads\/2014\/01\/oui-oui-decorar-con-guirnaldas-guirnadas-de-flecos-guirnaldas-de-borlas-tassel-garlands-decoracion-original-boda-boda-rustic-chic-1.jpg?resize=350%2C200&ssl=1 1x, https:\/\/i0.wp.com\/oui-oui.es\/blog\/wp-content\/uploads\/2014\/01\/oui-oui-decorar-con-guirnaldas-guirnadas-de-flecos-guirnaldas-de-borlas-tassel-garlands-decoracion-original-boda-boda-rustic-chic-1.jpg?resize=525%2C300&ssl=1 1.5x"},"classes":[]},{"id":434,"url":"https:\/\/oui-oui.es\/blog\/una-invitacion-de-boda-diferente-arroz-nupcial\/","url_meta":{"origin":561,"position":2},"title":"Una invitaci\u00f3n de boda diferente, arroz nupcial","author":"Mar\u00eda \u2665Oui Oui\u2665","date":"14 enero, 2013","format":false,"excerpt":"Hoy os traigo una invitaci\u00f3n de boda diferente, me ha gustado porque juega con un elemento cl\u00e1sico en las bodas como es el arroz pero lo descontexualiza, una invitaci\u00f3n de boda que en realidad es un saquito de arroz. Personalmente no soy de tirar arroz en las bodas ni lo\u2026","rel":"","context":"En \u00abBoda\u00bb","block_context":{"text":"Boda","link":"https:\/\/oui-oui.es\/blog\/category\/fiestas-celebraciones\/boda\/"},"img":{"alt_text":"","src":"https:\/\/i0.wp.com\/oui-oui.es\/blog\/wp-content\/uploads\/2013\/01\/oui-oui-blog-invitaciones-boda-originales-arroz-nupcial-menudostudio-1.jpg?resize=350%2C200&ssl=1","width":350,"height":200,"srcset":"https:\/\/i0.wp.com\/oui-oui.es\/blog\/wp-content\/uploads\/2013\/01\/oui-oui-blog-invitaciones-boda-originales-arroz-nupcial-menudostudio-1.jpg?resize=350%2C200&ssl=1 1x, https:\/\/i0.wp.com\/oui-oui.es\/blog\/wp-content\/uploads\/2013\/01\/oui-oui-blog-invitaciones-boda-originales-arroz-nupcial-menudostudio-1.jpg?resize=525%2C300&ssl=1 1.5x"},"classes":[]},{"id":272,"url":"https:\/\/oui-oui.es\/blog\/el-ramo-de-una-boda-de-invierno\/","url_meta":{"origin":561,"position":3},"title":"El ramo de una boda de invierno","author":"Mar\u00eda \u2665Oui Oui\u2665","date":"12 diciembre, 2012","format":false,"excerpt":"Uno de los detalles que m\u00e1s me gust\u00f3 de la boda de invierno en la que estuvimos hace dos semanas fu\u00e9 el ramo de la novia; nos sorprendi\u00f3 a todos con un ramo de barillas de algod\u00f3n; un ramo sencillo, pero muy c\u00e1lido, r\u00fastico pero que complementaba a la perfecci\u00f3n\u2026","rel":"","context":"En \u00abBoda\u00bb","block_context":{"text":"Boda","link":"https:\/\/oui-oui.es\/blog\/category\/fiestas-celebraciones\/boda\/"},"img":{"alt_text":"","src":"https:\/\/i0.wp.com\/oui-oui.es\/blog\/wp-content\/uploads\/boda-invierno-ramo-algodon-pedraza-vestido-novia-tul-chaqueta-militar-2.jpg?resize=350%2C200&ssl=1","width":350,"height":200,"srcset":"https:\/\/i0.wp.com\/oui-oui.es\/blog\/wp-content\/uploads\/boda-invierno-ramo-algodon-pedraza-vestido-novia-tul-chaqueta-militar-2.jpg?resize=350%2C200&ssl=1 1x, https:\/\/i0.wp.com\/oui-oui.es\/blog\/wp-content\/uploads\/boda-invierno-ramo-algodon-pedraza-vestido-novia-tul-chaqueta-militar-2.jpg?resize=525%2C300&ssl=1 1.5x, https:\/\/i0.wp.com\/oui-oui.es\/blog\/wp-content\/uploads\/boda-invierno-ramo-algodon-pedraza-vestido-novia-tul-chaqueta-militar-2.jpg?resize=700%2C400&ssl=1 2x, https:\/\/i0.wp.com\/oui-oui.es\/blog\/wp-content\/uploads\/boda-invierno-ramo-algodon-pedraza-vestido-novia-tul-chaqueta-militar-2.jpg?resize=1050%2C600&ssl=1 3x, https:\/\/i0.wp.com\/oui-oui.es\/blog\/wp-content\/uploads\/boda-invierno-ramo-algodon-pedraza-vestido-novia-tul-chaqueta-militar-2.jpg?resize=1400%2C800&ssl=1 4x"},"classes":[]},{"id":212,"url":"https:\/\/oui-oui.es\/blog\/boda-nevada-novia-afortunada\/","url_meta":{"origin":561,"position":4},"title":"Boda nevada, novia afortunada","author":"Mar\u00eda \u2665Oui Oui\u2665","date":"28 noviembre, 2012","format":false,"excerpt":"Me gusta el frio, el olor a frio. Y a tres d\u00edas de acudir a una boda en la que se preveen temperaturas bajo cero con altas probabilidades de nevada no dejo de pensar en una boda invernal al completo. A esto se le une el constante tintineo del whatsapp;\u2026","rel":"","context":"En \u00abBoda\u00bb","block_context":{"text":"Boda","link":"https:\/\/oui-oui.es\/blog\/category\/fiestas-celebraciones\/boda\/"},"img":{"alt_text":"","src":"https:\/\/i0.wp.com\/oui-oui.es\/blog\/wp-content\/uploads\/oui-oui-boda-invierno-frio-nieve-cartel-original.jpg?resize=350%2C200&ssl=1","width":350,"height":200,"srcset":"https:\/\/i0.wp.com\/oui-oui.es\/blog\/wp-content\/uploads\/oui-oui-boda-invierno-frio-nieve-cartel-original.jpg?resize=350%2C200&ssl=1 1x, https:\/\/i0.wp.com\/oui-oui.es\/blog\/wp-content\/uploads\/oui-oui-boda-invierno-frio-nieve-cartel-original.jpg?resize=525%2C300&ssl=1 1.5x"},"classes":[]},{"id":241,"url":"https:\/\/oui-oui.es\/blog\/tocados-de-invierno\/","url_meta":{"origin":561,"position":5},"title":"Tocados de Invierno","author":"Mar\u00eda \u2665Oui Oui\u2665","date":"4 diciembre, 2012","format":false,"excerpt":"No creo que haya vestidos a los que \"no les vaya\" un tocado, sino que hay un tocado para cada vestido y ocasi\u00f3n, saber acertar con la combinaci\u00f3n correcta es el reto y no s\u00f3lo influye que la celebraci\u00f3n sea de ma\u00f1ana o de tarde\/noche (que tambi\u00e9n), sino la \u00e9poca\u2026","rel":"","context":"En \u00abBoda\u00bb","block_context":{"text":"Boda","link":"https:\/\/oui-oui.es\/blog\/category\/fiestas-celebraciones\/boda\/"},"img":{"alt_text":"","src":"https:\/\/i0.wp.com\/oui-oui.es\/blog\/wp-content\/uploads\/oui-oui-tocados-boda-invierno-chistera-fieltro-azul-pompon-plumas-mimoki.jpg?resize=350%2C200&ssl=1","width":350,"height":200,"srcset":"https:\/\/i0.wp.com\/oui-oui.es\/blog\/wp-content\/uploads\/oui-oui-tocados-boda-invierno-chistera-fieltro-azul-pompon-plumas-mimoki.jpg?resize=350%2C200&ssl=1 1x, https:\/\/i0.wp.com\/oui-oui.es\/blog\/wp-content\/uploads\/oui-oui-tocados-boda-invierno-chistera-fieltro-azul-pompon-plumas-mimoki.jpg?resize=525%2C300&ssl=1 1.5x"},"classes":[]}],"_links":{"self":[{"href":"https:\/\/oui-oui.es\/blog\/wp-json\/wp\/v2\/posts\/561","targetHints":{"allow":["GET"]}}],"collection":[{"href":"https:\/\/oui-oui.es\/blog\/wp-json\/wp\/v2\/posts"}],"about":[{"href":"https:\/\/oui-oui.es\/blog\/wp-json\/wp\/v2\/types\/post"}],"author":[{"embeddable":true,"href":"https:\/\/oui-oui.es\/blog\/wp-json\/wp\/v2\/users\/1"}],"replies":[{"embeddable":true,"href":"https:\/\/oui-oui.es\/blog\/wp-json\/wp\/v2\/comments?post=561"}],"version-history":[{"count":2,"href":"https:\/\/oui-oui.es\/blog\/wp-json\/wp\/v2\/posts\/561\/revisions"}],"predecessor-version":[{"id":618,"href":"https:\/\/oui-oui.es\/blog\/wp-json\/wp\/v2\/posts\/561\/revisions\/618"}],"wp:featuredmedia":[{"embeddable":true,"href":"https:\/\/oui-oui.es\/blog\/wp-json\/wp\/v2\/media\/572"}],"wp:attachment":[{"href":"https:\/\/oui-oui.es\/blog\/wp-json\/wp\/v2\/media?parent=561"}],"wp:term":[{"taxonomy":"category","embeddable":true,"href":"https:\/\/oui-oui.es\/blog\/wp-json\/wp\/v2\/categories?post=561"},{"taxonomy":"post_tag","embeddable":true,"href":"https:\/\/oui-oui.es\/blog\/wp-json\/wp\/v2\/tags?post=561"}],"curies":[{"name":"wp","href":"https:\/\/api.w.org\/{rel}","templated":true}]}}