{"id":5736,"date":"2017-06-14T13:17:27","date_gmt":"2017-06-14T11:17:27","guid":{"rendered":"https:\/\/oui-oui.es\/blog\/?p=5736"},"modified":"2017-06-14T13:17:27","modified_gmt":"2017-06-14T11:17:27","slug":"living-mexico-vestidos-mexicanos-para-madres-e-hijas","status":"publish","type":"post","link":"https:\/\/oui-oui.es\/blog\/living-mexico-vestidos-mexicanos-para-madres-e-hijas\/","title":{"rendered":"Living M\u00e9xico | Vestidos mexicanos para madres e hijas"},"content":{"rendered":"<p><a href=\"http:\/\/www.oui-oui.es\/72-frida\"><img loading=\"lazy\" decoding=\"async\" class=\"aligncenter size-large wp-image-5747\" src=\"https:\/\/oui-oui.es\/blog\/wp-content\/uploads\/2017\/06\/Oui-Oui-Venta-Especial-Mexico-Living-Mexico-Tiretta-Living-La-Parra-Olga-Vallejo-79-1024x683.jpg\" alt=\"\" width=\"1024\" height=\"683\" srcset=\"https:\/\/oui-oui.es\/blog\/wp-content\/uploads\/2017\/06\/Oui-Oui-Venta-Especial-Mexico-Living-Mexico-Tiretta-Living-La-Parra-Olga-Vallejo-79-1024x683.jpg 1024w, https:\/\/oui-oui.es\/blog\/wp-content\/uploads\/2017\/06\/Oui-Oui-Venta-Especial-Mexico-Living-Mexico-Tiretta-Living-La-Parra-Olga-Vallejo-79-300x200.jpg 300w, https:\/\/oui-oui.es\/blog\/wp-content\/uploads\/2017\/06\/Oui-Oui-Venta-Especial-Mexico-Living-Mexico-Tiretta-Living-La-Parra-Olga-Vallejo-79-768x512.jpg 768w, https:\/\/oui-oui.es\/blog\/wp-content\/uploads\/2017\/06\/Oui-Oui-Venta-Especial-Mexico-Living-Mexico-Tiretta-Living-La-Parra-Olga-Vallejo-79-600x400.jpg 600w\" sizes=\"auto, (max-width: 1024px) 100vw, 1024px\" \/><\/a><\/p>\n<p>Los que me conocen saben de mi <strong>pasi\u00f3n por M\u00e9xico<\/strong>; su gastronom\u00eda, sus colores, la iconograf\u00eda, sus tradiciones, por supuesto Frida Kahlo, cuyas pinturas, est\u00e9tica y vida me llam\u00f3 a atenci\u00f3n desde muy joven.<\/p>\n<p>A la vuelta de un viaje a M\u00e9xico con amigas celebr\u00e9 mi cumplea\u00f1os con una fiesta mexicana en la que, como no, \u00edba disfrazada de Frida!, <strong>una \u00e9poca en la que de cada viaje me tra\u00eda cosas y luego celebraba mi cumple tem\u00e1tico con toda la deco que me hab\u00eda comprado \ud83d\ude09<\/strong><\/p>\n<p>Mi viaje pendiente sigue siendo a M\u00e9xico coincidiendo con el d\u00eda de los muertos&#8230;<\/p>\n<p>Me gusta tanto M\u00e9xico y su cultura que hay una <a href=\"http:\/\/www.oui-oui.es\/72-frida\" target=\"_blank\" rel=\"noopener noreferrer\"><strong>secci\u00f3n mexicana en Oui Oui<\/strong><\/a>, secci\u00f3n que se llama <a href=\"http:\/\/www.oui-oui.es\/72-frida\" target=\"_blank\" rel=\"noopener noreferrer\"><strong>FRIDA<\/strong><\/a> y en la que puedes encontrar desde unas <strong>calacas de novios<\/strong> hasta un <strong>libro ilustrado de la biograf\u00eda de Frida Kahlo<\/strong>, una <strong>guirnalda de papel picado<\/strong> o un <strong>vaso con la cara de Frida<\/strong>&#8230;Y me gustar\u00eda seguir llenando esa secci\u00f3n \ud83d\ude09<\/p>\n<p><a href=\"http:\/\/www.oui-oui.es\/72-frida\"><img loading=\"lazy\" decoding=\"async\" class=\"aligncenter size-large wp-image-5742\" src=\"https:\/\/oui-oui.es\/blog\/wp-content\/uploads\/2017\/06\/Oui-Oui-Venta-Especial-Mexico-Living-Mexico-Tiretta-Living-La-Parra-Olga-Vallejo-148-1024x683.jpg\" alt=\"\" width=\"1024\" height=\"683\" srcset=\"https:\/\/oui-oui.es\/blog\/wp-content\/uploads\/2017\/06\/Oui-Oui-Venta-Especial-Mexico-Living-Mexico-Tiretta-Living-La-Parra-Olga-Vallejo-148-1024x683.jpg 1024w, https:\/\/oui-oui.es\/blog\/wp-content\/uploads\/2017\/06\/Oui-Oui-Venta-Especial-Mexico-Living-Mexico-Tiretta-Living-La-Parra-Olga-Vallejo-148-300x200.jpg 300w, https:\/\/oui-oui.es\/blog\/wp-content\/uploads\/2017\/06\/Oui-Oui-Venta-Especial-Mexico-Living-Mexico-Tiretta-Living-La-Parra-Olga-Vallejo-148-768x512.jpg 768w, https:\/\/oui-oui.es\/blog\/wp-content\/uploads\/2017\/06\/Oui-Oui-Venta-Especial-Mexico-Living-Mexico-Tiretta-Living-La-Parra-Olga-Vallejo-148-600x400.jpg 600w\" sizes=\"auto, (max-width: 1024px) 100vw, 1024px\" \/><\/a><\/p>\n<p>El caso es que <strong>los vestidos mexicanos me chiflan<\/strong>, son perfectos para el verano; c\u00f3modos, fresquitos y coloridos&#8230;Tengo uno rojo desde hace mil a\u00f1os, otro que ten\u00eda de peque\u00f1a que este a\u00f1o heredar\u00e1 mi hija Frida (curioso el nombre, eh? ;)) y el a\u00f1o pasado mi amiga Marta me trajo uno blanco para m\u00ed y otro para Frida&#8230;Fueron tantas las personas que me pregutaron <strong>d\u00f3nde comprar vestidos mexicanos en Madrid<\/strong> que \u00a1nos atrevimos a traerlos para este verano!.<\/p>\n<p><a href=\"http:\/\/www.oui-oui.es\/72-frida\"><img loading=\"lazy\" decoding=\"async\" class=\"aligncenter size-large wp-image-5746\" src=\"https:\/\/oui-oui.es\/blog\/wp-content\/uploads\/2017\/06\/Oui-Oui-Venta-Especial-Mexico-Living-Mexico-Tiretta-Living-La-Parra-Olga-Vallejo-144-1024x683.jpg\" alt=\"\" width=\"1024\" height=\"683\" srcset=\"https:\/\/oui-oui.es\/blog\/wp-content\/uploads\/2017\/06\/Oui-Oui-Venta-Especial-Mexico-Living-Mexico-Tiretta-Living-La-Parra-Olga-Vallejo-144-1024x683.jpg 1024w, https:\/\/oui-oui.es\/blog\/wp-content\/uploads\/2017\/06\/Oui-Oui-Venta-Especial-Mexico-Living-Mexico-Tiretta-Living-La-Parra-Olga-Vallejo-144-300x200.jpg 300w, https:\/\/oui-oui.es\/blog\/wp-content\/uploads\/2017\/06\/Oui-Oui-Venta-Especial-Mexico-Living-Mexico-Tiretta-Living-La-Parra-Olga-Vallejo-144-768x512.jpg 768w, https:\/\/oui-oui.es\/blog\/wp-content\/uploads\/2017\/06\/Oui-Oui-Venta-Especial-Mexico-Living-Mexico-Tiretta-Living-La-Parra-Olga-Vallejo-144-600x400.jpg 600w\" sizes=\"auto, (max-width: 1024px) 100vw, 1024px\" \/><\/a><\/p>\n<p>S\u00ed, como lo oyes, <strong>vestidos mexicanos madre e hija<\/strong>, de color blanco, rojo y verde agua para madres y en los mismos colores (m\u00e1s fucsia) para ni\u00f1as.<\/p>\n<p><a href=\"http:\/\/www.oui-oui.es\/72-frida\"><img loading=\"lazy\" decoding=\"async\" class=\"aligncenter size-large wp-image-5743\" src=\"https:\/\/oui-oui.es\/blog\/wp-content\/uploads\/2017\/06\/Oui-Oui-Venta-Especial-Mexico-Living-Mexico-Tiretta-Living-La-Parra-Olga-Vallejo-131-1024x683.jpg\" alt=\"\" width=\"1024\" height=\"683\" srcset=\"https:\/\/oui-oui.es\/blog\/wp-content\/uploads\/2017\/06\/Oui-Oui-Venta-Especial-Mexico-Living-Mexico-Tiretta-Living-La-Parra-Olga-Vallejo-131-1024x683.jpg 1024w, https:\/\/oui-oui.es\/blog\/wp-content\/uploads\/2017\/06\/Oui-Oui-Venta-Especial-Mexico-Living-Mexico-Tiretta-Living-La-Parra-Olga-Vallejo-131-300x200.jpg 300w, https:\/\/oui-oui.es\/blog\/wp-content\/uploads\/2017\/06\/Oui-Oui-Venta-Especial-Mexico-Living-Mexico-Tiretta-Living-La-Parra-Olga-Vallejo-131-768x512.jpg 768w, https:\/\/oui-oui.es\/blog\/wp-content\/uploads\/2017\/06\/Oui-Oui-Venta-Especial-Mexico-Living-Mexico-Tiretta-Living-La-Parra-Olga-Vallejo-131-600x400.jpg 600w\" sizes=\"auto, (max-width: 1024px) 100vw, 1024px\" \/><\/a><\/p>\n<p><a href=\"http:\/\/www.oui-oui.es\/72-frida\"><img loading=\"lazy\" decoding=\"async\" class=\"aligncenter size-large wp-image-5744\" src=\"https:\/\/oui-oui.es\/blog\/wp-content\/uploads\/2017\/06\/Oui-Oui-Venta-Especial-Mexico-Living-Mexico-Tiretta-Living-La-Parra-Olga-Vallejo-140-1024x683.jpg\" alt=\"\" width=\"1024\" height=\"683\" srcset=\"https:\/\/oui-oui.es\/blog\/wp-content\/uploads\/2017\/06\/Oui-Oui-Venta-Especial-Mexico-Living-Mexico-Tiretta-Living-La-Parra-Olga-Vallejo-140-1024x683.jpg 1024w, https:\/\/oui-oui.es\/blog\/wp-content\/uploads\/2017\/06\/Oui-Oui-Venta-Especial-Mexico-Living-Mexico-Tiretta-Living-La-Parra-Olga-Vallejo-140-300x200.jpg 300w, https:\/\/oui-oui.es\/blog\/wp-content\/uploads\/2017\/06\/Oui-Oui-Venta-Especial-Mexico-Living-Mexico-Tiretta-Living-La-Parra-Olga-Vallejo-140-768x512.jpg 768w, https:\/\/oui-oui.es\/blog\/wp-content\/uploads\/2017\/06\/Oui-Oui-Venta-Especial-Mexico-Living-Mexico-Tiretta-Living-La-Parra-Olga-Vallejo-140-600x400.jpg 600w\" sizes=\"auto, (max-width: 1024px) 100vw, 1024px\" \/><\/a><\/p>\n<p>Nos apetec\u00eda hacer una <strong>Venta Especial<\/strong>, diferente y con rollo, as\u00ed que nos juntamos con <strong><a href=\"http:\/\/www.tirettaliving.com\/\" target=\"_blank\" rel=\"noopener noreferrer\">Tiretta Living<\/a><\/strong> que tendr\u00e1 <strong>sus muebles de ca\u00f1a \u00a1al 50%!<\/strong> y que son ideales todo el a\u00f1o, pero en verano y con ambiente mexicano quedaban genial. <strong>Yo quiero tantas cosas que a\u00fan no me decido<\/strong>; el mois\u00e9s mini, un revistero, un taburete&#8230;Y hasta un cabecero que quedar\u00eda genial en Lozoya!<\/p>\n<p><a href=\"http:\/\/www.oui-oui.es\/72-frida\"><img loading=\"lazy\" decoding=\"async\" class=\"aligncenter size-large wp-image-5751\" src=\"https:\/\/oui-oui.es\/blog\/wp-content\/uploads\/2017\/06\/Oui-Oui-Venta-Especial-Mexico-Living-Mexico-Tiretta-Living-La-Parra-Olga-Vallejo-186-1024x683.jpg\" alt=\"\" width=\"1024\" height=\"683\" srcset=\"https:\/\/oui-oui.es\/blog\/wp-content\/uploads\/2017\/06\/Oui-Oui-Venta-Especial-Mexico-Living-Mexico-Tiretta-Living-La-Parra-Olga-Vallejo-186-1024x683.jpg 1024w, https:\/\/oui-oui.es\/blog\/wp-content\/uploads\/2017\/06\/Oui-Oui-Venta-Especial-Mexico-Living-Mexico-Tiretta-Living-La-Parra-Olga-Vallejo-186-300x200.jpg 300w, https:\/\/oui-oui.es\/blog\/wp-content\/uploads\/2017\/06\/Oui-Oui-Venta-Especial-Mexico-Living-Mexico-Tiretta-Living-La-Parra-Olga-Vallejo-186-768x512.jpg 768w, https:\/\/oui-oui.es\/blog\/wp-content\/uploads\/2017\/06\/Oui-Oui-Venta-Especial-Mexico-Living-Mexico-Tiretta-Living-La-Parra-Olga-Vallejo-186-600x400.jpg 600w\" sizes=\"auto, (max-width: 1024px) 100vw, 1024px\" \/><\/a><\/p>\n<p>Para redondear el plan tendremos <strong>comida mexicana<\/strong> de la mano de <a href=\"http:\/\/ricostacos.es\/\" target=\"_blank\" rel=\"noopener noreferrer\"><strong>Ricos Tacos<\/strong><\/a>; un nuevo concepto de tacos en el momento que ten\u00e9is que probar \ud83d\ude09<\/p>\n<p><img loading=\"lazy\" decoding=\"async\" class=\"aligncenter size-full wp-image-5752\" src=\"https:\/\/oui-oui.es\/blog\/wp-content\/uploads\/2017\/06\/Oui-Oui-Venta-Especial-Mexico-Living-Mexico-Tiretta-Living-La-Parra-Olga-Vallejo-tacos.jpg\" alt=\"\" width=\"564\" height=\"848\" srcset=\"https:\/\/oui-oui.es\/blog\/wp-content\/uploads\/2017\/06\/Oui-Oui-Venta-Especial-Mexico-Living-Mexico-Tiretta-Living-La-Parra-Olga-Vallejo-tacos.jpg 564w, https:\/\/oui-oui.es\/blog\/wp-content\/uploads\/2017\/06\/Oui-Oui-Venta-Especial-Mexico-Living-Mexico-Tiretta-Living-La-Parra-Olga-Vallejo-tacos-200x300.jpg 200w, https:\/\/oui-oui.es\/blog\/wp-content\/uploads\/2017\/06\/Oui-Oui-Venta-Especial-Mexico-Living-Mexico-Tiretta-Living-La-Parra-Olga-Vallejo-tacos-300x451.jpg 300w\" sizes=\"auto, (max-width: 564px) 100vw, 564px\" \/><\/p>\n<p>&nbsp;<\/p>\n<p>Y, como guinda del pastel, te podr\u00e1s hacer una foto con tu vestidos mexicano (y con tus ni\u00f1as si vasis en familia) en el photocall que la <a href=\"https:\/\/es-es.facebook.com\/olgavallejophotography\/\" target=\"_blank\" rel=\"noopener noreferrer\"><strong>fot\u00f3grafa Olga Vallejo<\/strong><\/a> ha preparado, para tener un bonito recuerdo y unas fotos veraniegas para compartir \ud83d\ude09<\/p>\n<p><a href=\"http:\/\/www.oui-oui.es\/72-frida\"><img loading=\"lazy\" decoding=\"async\" class=\"aligncenter size-large wp-image-5748\" src=\"https:\/\/oui-oui.es\/blog\/wp-content\/uploads\/2017\/06\/Oui-Oui-Venta-Especial-Mexico-Living-Mexico-Tiretta-Living-La-Parra-Olga-Vallejo-108-1024x683.jpg\" alt=\"\" width=\"1024\" height=\"683\" srcset=\"https:\/\/oui-oui.es\/blog\/wp-content\/uploads\/2017\/06\/Oui-Oui-Venta-Especial-Mexico-Living-Mexico-Tiretta-Living-La-Parra-Olga-Vallejo-108-1024x683.jpg 1024w, https:\/\/oui-oui.es\/blog\/wp-content\/uploads\/2017\/06\/Oui-Oui-Venta-Especial-Mexico-Living-Mexico-Tiretta-Living-La-Parra-Olga-Vallejo-108-300x200.jpg 300w, https:\/\/oui-oui.es\/blog\/wp-content\/uploads\/2017\/06\/Oui-Oui-Venta-Especial-Mexico-Living-Mexico-Tiretta-Living-La-Parra-Olga-Vallejo-108-768x512.jpg 768w, https:\/\/oui-oui.es\/blog\/wp-content\/uploads\/2017\/06\/Oui-Oui-Venta-Especial-Mexico-Living-Mexico-Tiretta-Living-La-Parra-Olga-Vallejo-108-600x400.jpg 600w\" sizes=\"auto, (max-width: 1024px) 100vw, 1024px\" \/><\/a><\/p>\n<p><strong>\u00bfD\u00f3nde ser\u00e1 la venta de vestidos mexicanos en Madrid?<\/strong><\/p>\n<p>En el <a href=\"https:\/\/www.laparracoworking.com\/espacio\/\" target=\"_blank\" rel=\"noopener noreferrer\"><strong>Espacio La Parra<\/strong><\/a>, un lugar con mucho rollo, en el <strong>489 de la Calle Alcal\u00e1<\/strong> (Metro Suances), en la parte trasera, una mini calle cortada que ver\u00e1s bien ambientada \ud83d\ude09<\/p>\n<p><strong>\u00bfCu\u00e1ndo ser\u00e1 la venta de vestidos mexicanos en Madrid?<\/strong><\/p>\n<p>Este finde &#8211;&gt; <strong>Viernes 16<\/strong> de 17 a 20h, <strong>S\u00e1bado 17<\/strong> de 11 a 20h y <strong>Domingo 18<\/strong> de 11 a 14h<\/p>\n<p><strong>\u00bfPodr\u00e1s comprar los vestidos mexicanos online?<\/strong><\/p>\n<p>S\u00ed&#8230;Siempre que quede alguno despu\u00e9s de la venta <strong>Living M\u00e9xico<\/strong>, s\u00e9 ques es un rollo para los que no sois de Madrid, pero el tema de no probarte el vestidos, las devoluciones, etc&#8230;Tambi\u00e9n lo es, as\u00ed que, de momento, estas ser\u00e1n las opciones.<\/p>\n<p>&#8211; Todas las fotos son de Olga Vallejo Fotograf\u00eda &#8211;<\/p>\n","protected":false},"excerpt":{"rendered":"<p>Los que me conocen saben de mi pasi\u00f3n por M\u00e9xico; su gastronom\u00eda, sus colores, la iconograf\u00eda, sus tradiciones, por supuesto Frida Kahlo, cuyas pinturas, est\u00e9tica y vida me llam\u00f3 a atenci\u00f3n desde muy joven. A la vuelta de un viaje a M\u00e9xico con amigas celebr\u00e9 mi cumplea\u00f1os con una fiesta mexicana en la que, como [&hellip;]<\/p>\n","protected":false},"author":1,"featured_media":5743,"comment_status":"open","ping_status":"open","sticky":false,"template":"","format":"standard","meta":{"jetpack_post_was_ever_published":false,"_jetpack_newsletter_access":"","_jetpack_dont_email_post_to_subs":false,"_jetpack_newsletter_tier_id":0,"_jetpack_memberships_contains_paywalled_content":false,"_jetpack_memberships_contains_paid_content":false,"footnotes":"","jetpack_publicize_message":"","jetpack_publicize_feature_enabled":true,"jetpack_social_post_already_shared":true,"jetpack_social_options":{"image_generator_settings":{"template":"highway","default_image_id":0,"font":"","enabled":false},"version":2}},"categories":[177,174,13],"tags":[793,719],"class_list":["post-5736","post","type-post","status-publish","format-standard","has-post-thumbnail","hentry","category-lifestyle-2","category-ninos","category-oui-oui","tag-mexico","tag-ropa-bebes-y-ninos"],"aioseo_notices":[],"jetpack_publicize_connections":[],"jetpack_featured_media_url":"https:\/\/oui-oui.es\/blog\/wp-content\/uploads\/2017\/06\/Oui-Oui-Venta-Especial-Mexico-Living-Mexico-Tiretta-Living-La-Parra-Olga-Vallejo-131.jpg","jetpack_sharing_enabled":true,"jetpack-related-posts":[{"id":5129,"url":"https:\/\/oui-oui.es\/blog\/oui-oui-loves-mexico-frida\/","url_meta":{"origin":5736,"position":0},"title":"Oui Oui loves M\u00e9xico | Frida","author":"Mar\u00eda \u2665Oui Oui\u2665","date":"13 febrero, 2017","format":false,"excerpt":"Ten\u00eda muchas ganas de lanzar esta nueva secci\u00f3n y no pod\u00eda llamarse de otra forma que FRIDA, una secci\u00f3n en la que plasmar nuestro amor por m\u00e9xico, por su cultura, colores, por su m\u00fasica, gastrono\u00eda e iconograf\u00eda...Desde el comienzo de Oui Oui hemos ido trayendo productos mexicanos gracias a nuestras\u2026","rel":"","context":"En \u00abOUI OUI\u00bb","block_context":{"text":"OUI OUI","link":"https:\/\/oui-oui.es\/blog\/category\/oui-oui\/"},"img":{"alt_text":"","src":"https:\/\/i0.wp.com\/oui-oui.es\/blog\/wp-content\/uploads\/2017\/02\/Oui-Oui-babyshoer-Frida-mexicana-elena-bau-eventos-colorin-10.jpg?resize=350%2C200&ssl=1","width":350,"height":200,"srcset":"https:\/\/i0.wp.com\/oui-oui.es\/blog\/wp-content\/uploads\/2017\/02\/Oui-Oui-babyshoer-Frida-mexicana-elena-bau-eventos-colorin-10.jpg?resize=350%2C200&ssl=1 1x, https:\/\/i0.wp.com\/oui-oui.es\/blog\/wp-content\/uploads\/2017\/02\/Oui-Oui-babyshoer-Frida-mexicana-elena-bau-eventos-colorin-10.jpg?resize=525%2C300&ssl=1 1.5x, https:\/\/i0.wp.com\/oui-oui.es\/blog\/wp-content\/uploads\/2017\/02\/Oui-Oui-babyshoer-Frida-mexicana-elena-bau-eventos-colorin-10.jpg?resize=700%2C400&ssl=1 2x, https:\/\/i0.wp.com\/oui-oui.es\/blog\/wp-content\/uploads\/2017\/02\/Oui-Oui-babyshoer-Frida-mexicana-elena-bau-eventos-colorin-10.jpg?resize=1050%2C600&ssl=1 3x, https:\/\/i0.wp.com\/oui-oui.es\/blog\/wp-content\/uploads\/2017\/02\/Oui-Oui-babyshoer-Frida-mexicana-elena-bau-eventos-colorin-10.jpg?resize=1400%2C800&ssl=1 4x"},"classes":[]},{"id":3890,"url":"https:\/\/oui-oui.es\/blog\/la-iii-wishlist-de-frida\/","url_meta":{"origin":5736,"position":1},"title":"La III Wishlist de Frida!","author":"Mar\u00eda \u2665Oui Oui\u2665","date":"17 diciembre, 2015","format":false,"excerpt":"Parece que me voy animando seg\u00fan se acerca el momento y cada vez veo m\u00e1s cosas que me apetecen para ella y para su rinc\u00f3n de la habitaci\u00f3n (ahora si que siento que tengo que volver a reestructurar un poco la habitaci\u00f3n de Mart\u00edn que ser\u00e1 de los dos!), as\u00ed\u2026","rel":"","context":"En \u00abNI\u00d1OS Y NI\u00d1AS\u00bb","block_context":{"text":"NI\u00d1OS Y NI\u00d1AS","link":"https:\/\/oui-oui.es\/blog\/category\/ninos\/"},"img":{"alt_text":"","src":"https:\/\/i0.wp.com\/oui-oui.es\/blog\/wp-content\/uploads\/2015\/12\/Oui-Oui-wishlist-frida-lamina-dibujo-mrs-miguetto.jpg?resize=350%2C200&ssl=1","width":350,"height":200,"srcset":"https:\/\/i0.wp.com\/oui-oui.es\/blog\/wp-content\/uploads\/2015\/12\/Oui-Oui-wishlist-frida-lamina-dibujo-mrs-miguetto.jpg?resize=350%2C200&ssl=1 1x, https:\/\/i0.wp.com\/oui-oui.es\/blog\/wp-content\/uploads\/2015\/12\/Oui-Oui-wishlist-frida-lamina-dibujo-mrs-miguetto.jpg?resize=525%2C300&ssl=1 1.5x, https:\/\/i0.wp.com\/oui-oui.es\/blog\/wp-content\/uploads\/2015\/12\/Oui-Oui-wishlist-frida-lamina-dibujo-mrs-miguetto.jpg?resize=700%2C400&ssl=1 2x"},"classes":[]},{"id":4310,"url":"https:\/\/oui-oui.es\/blog\/mi-pequena-frida\/","url_meta":{"origin":5736,"position":2},"title":"Mi peque\u00f1a Frida","author":"Mar\u00eda \u2665Oui Oui\u2665","date":"17 mayo, 2016","format":false,"excerpt":"Ten\u00eda muchas ganas de hacerle unas fotos de reci\u00e9n nacida a Frida, era algo que ten\u00eda en mente durante todo el embarazo, y mi amiga Elena Bau se las hizo la semana que cumpl\u00eda quince d\u00edas. Tenemos un mont\u00f3n de fotos preciosas, algunas con atrezzo parecido a las que le\u2026","rel":"","context":"En \u00abMATERNIDAD\u00bb","block_context":{"text":"MATERNIDAD","link":"https:\/\/oui-oui.es\/blog\/category\/maternidad\/"},"img":{"alt_text":"","src":"https:\/\/i0.wp.com\/oui-oui.es\/blog\/wp-content\/uploads\/2016\/05\/Oui-Oui-fotos-Frida-reci%C3%A9n-nacida-Elena-Bau-4.jpg?resize=350%2C200&ssl=1","width":350,"height":200,"srcset":"https:\/\/i0.wp.com\/oui-oui.es\/blog\/wp-content\/uploads\/2016\/05\/Oui-Oui-fotos-Frida-reci%C3%A9n-nacida-Elena-Bau-4.jpg?resize=350%2C200&ssl=1 1x, https:\/\/i0.wp.com\/oui-oui.es\/blog\/wp-content\/uploads\/2016\/05\/Oui-Oui-fotos-Frida-reci%C3%A9n-nacida-Elena-Bau-4.jpg?resize=525%2C300&ssl=1 1.5x, https:\/\/i0.wp.com\/oui-oui.es\/blog\/wp-content\/uploads\/2016\/05\/Oui-Oui-fotos-Frida-reci%C3%A9n-nacida-Elena-Bau-4.jpg?resize=700%2C400&ssl=1 2x, https:\/\/i0.wp.com\/oui-oui.es\/blog\/wp-content\/uploads\/2016\/05\/Oui-Oui-fotos-Frida-reci%C3%A9n-nacida-Elena-Bau-4.jpg?resize=1050%2C600&ssl=1 3x, https:\/\/i0.wp.com\/oui-oui.es\/blog\/wp-content\/uploads\/2016\/05\/Oui-Oui-fotos-Frida-reci%C3%A9n-nacida-Elena-Bau-4.jpg?resize=1400%2C800&ssl=1 4x"},"classes":[]},{"id":3663,"url":"https:\/\/oui-oui.es\/blog\/la-wishlist-para-frida\/","url_meta":{"origin":5736,"position":3},"title":"La wishlist para Frida","author":"Mar\u00eda \u2665Oui Oui\u2665","date":"4 noviembre, 2015","format":false,"excerpt":"A\u00fan quedan un poco m\u00e1s de tres meses pero es ahora cuando empiezo a tener las ganas de ver y buscar cosas para Frida (as\u00ed se llamar\u00e1 la ni\u00f1a que esperamos para febrero!) as\u00ed que voy a ir recopil\u00e1ndolas en mis wishlist para que no se me olviden. Hay dos\u2026","rel":"","context":"En \u00abMATERNIDAD\u00bb","block_context":{"text":"MATERNIDAD","link":"https:\/\/oui-oui.es\/blog\/category\/maternidad\/"},"img":{"alt_text":"","src":"https:\/\/i0.wp.com\/oui-oui.es\/blog\/wp-content\/uploads\/2015\/11\/Oui-Oui-libro-frida-kahlo-ni%C3%B1os-coleccion-mujeres-cuentos-ni%C3%B1os-cuento-frida-ed-alba.jpg?resize=350%2C200&ssl=1","width":350,"height":200},"classes":[]},{"id":4086,"url":"https:\/\/oui-oui.es\/blog\/la-babyshower-de-frida\/","url_meta":{"origin":5736,"position":4},"title":"La babyshower de Frida","author":"Mar\u00eda \u2665Oui Oui\u2665","date":"10 marzo, 2016","format":false,"excerpt":"Ya sab\u00e9is que me encanta celebrarlo todo, con Mart\u00edn hice fiesta de revelaci\u00f3n del sexo del beb\u00e9 y mis amigas me organizaron una babyshower, con Frida no me di\u00f3 tiempo a hacer la gender reveal party, pero hice una virtual con la tarta rellena de rosa, pod\u00e9is verla aqu\u00ed. \u00a0\u2026","rel":"","context":"En \u00abBabyshowers\u00bb","block_context":{"text":"Babyshowers","link":"https:\/\/oui-oui.es\/blog\/category\/fiestas-celebraciones\/babyshowers\/"},"img":{"alt_text":"","src":"https:\/\/i0.wp.com\/oui-oui.es\/blog\/wp-content\/uploads\/2016\/03\/Oui-Oui-babyshoer-Frida-mexicana-elena-bau-eventos-colorin-9.jpg?resize=350%2C200&ssl=1","width":350,"height":200,"srcset":"https:\/\/i0.wp.com\/oui-oui.es\/blog\/wp-content\/uploads\/2016\/03\/Oui-Oui-babyshoer-Frida-mexicana-elena-bau-eventos-colorin-9.jpg?resize=350%2C200&ssl=1 1x, https:\/\/i0.wp.com\/oui-oui.es\/blog\/wp-content\/uploads\/2016\/03\/Oui-Oui-babyshoer-Frida-mexicana-elena-bau-eventos-colorin-9.jpg?resize=525%2C300&ssl=1 1.5x, https:\/\/i0.wp.com\/oui-oui.es\/blog\/wp-content\/uploads\/2016\/03\/Oui-Oui-babyshoer-Frida-mexicana-elena-bau-eventos-colorin-9.jpg?resize=700%2C400&ssl=1 2x, https:\/\/i0.wp.com\/oui-oui.es\/blog\/wp-content\/uploads\/2016\/03\/Oui-Oui-babyshoer-Frida-mexicana-elena-bau-eventos-colorin-9.jpg?resize=1050%2C600&ssl=1 3x, https:\/\/i0.wp.com\/oui-oui.es\/blog\/wp-content\/uploads\/2016\/03\/Oui-Oui-babyshoer-Frida-mexicana-elena-bau-eventos-colorin-9.jpg?resize=1400%2C800&ssl=1 4x"},"classes":[]},{"id":4745,"url":"https:\/\/oui-oui.es\/blog\/babymoon-en-aire-de-bardenas\/","url_meta":{"origin":5736,"position":5},"title":"Babymoon en Aire de B\u00e1rdenas","author":"Mar\u00eda \u2665Oui Oui\u2665","date":"18 octubre, 2016","format":false,"excerpt":"Soy muy fan del concepto Babymoon; se trata del viaje que haces embarazada, unos meses antes de dar a luz, para disfrutar del relax del que carecer\u00e1s al menos durante el siguiente a\u00f1o. Con Mart\u00edn planeamos nuestra babymoon dos meses antes de que naciera (acabo de descubrir que escrib\u00ed un\u2026","rel":"","context":"En \u00abESTILO DE VIDA\u00bb","block_context":{"text":"ESTILO DE VIDA","link":"https:\/\/oui-oui.es\/blog\/category\/lifestyle-2\/"},"img":{"alt_text":"","src":"https:\/\/i0.wp.com\/oui-oui.es\/blog\/wp-content\/uploads\/2016\/10\/Oui-Oui-babymoon-aire-de-bardenas-habitaciones-cubo.jpg?resize=350%2C200&ssl=1","width":350,"height":200,"srcset":"https:\/\/i0.wp.com\/oui-oui.es\/blog\/wp-content\/uploads\/2016\/10\/Oui-Oui-babymoon-aire-de-bardenas-habitaciones-cubo.jpg?resize=350%2C200&ssl=1 1x, https:\/\/i0.wp.com\/oui-oui.es\/blog\/wp-content\/uploads\/2016\/10\/Oui-Oui-babymoon-aire-de-bardenas-habitaciones-cubo.jpg?resize=525%2C300&ssl=1 1.5x, https:\/\/i0.wp.com\/oui-oui.es\/blog\/wp-content\/uploads\/2016\/10\/Oui-Oui-babymoon-aire-de-bardenas-habitaciones-cubo.jpg?resize=700%2C400&ssl=1 2x"},"classes":[]}],"_links":{"self":[{"href":"https:\/\/oui-oui.es\/blog\/wp-json\/wp\/v2\/posts\/5736","targetHints":{"allow":["GET"]}}],"collection":[{"href":"https:\/\/oui-oui.es\/blog\/wp-json\/wp\/v2\/posts"}],"about":[{"href":"https:\/\/oui-oui.es\/blog\/wp-json\/wp\/v2\/types\/post"}],"author":[{"embeddable":true,"href":"https:\/\/oui-oui.es\/blog\/wp-json\/wp\/v2\/users\/1"}],"replies":[{"embeddable":true,"href":"https:\/\/oui-oui.es\/blog\/wp-json\/wp\/v2\/comments?post=5736"}],"version-history":[{"count":3,"href":"https:\/\/oui-oui.es\/blog\/wp-json\/wp\/v2\/posts\/5736\/revisions"}],"predecessor-version":[{"id":5753,"href":"https:\/\/oui-oui.es\/blog\/wp-json\/wp\/v2\/posts\/5736\/revisions\/5753"}],"wp:featuredmedia":[{"embeddable":true,"href":"https:\/\/oui-oui.es\/blog\/wp-json\/wp\/v2\/media\/5743"}],"wp:attachment":[{"href":"https:\/\/oui-oui.es\/blog\/wp-json\/wp\/v2\/media?parent=5736"}],"wp:term":[{"taxonomy":"category","embeddable":true,"href":"https:\/\/oui-oui.es\/blog\/wp-json\/wp\/v2\/categories?post=5736"},{"taxonomy":"post_tag","embeddable":true,"href":"https:\/\/oui-oui.es\/blog\/wp-json\/wp\/v2\/tags?post=5736"}],"curies":[{"name":"wp","href":"https:\/\/api.w.org\/{rel}","templated":true}]}}