{"id":5767,"date":"2017-06-16T00:00:27","date_gmt":"2017-06-15T22:00:27","guid":{"rendered":"https:\/\/oui-oui.es\/blog\/?p=5767"},"modified":"2017-06-15T13:29:31","modified_gmt":"2017-06-15T11:29:31","slug":"3-planes-para-fomentar-la-musica-en-los-mas-pequenos","status":"publish","type":"post","link":"https:\/\/oui-oui.es\/blog\/3-planes-para-fomentar-la-musica-en-los-mas-pequenos\/","title":{"rendered":"3 Planes para fomentar la m\u00fasica en los m\u00e1s peque\u00f1os"},"content":{"rendered":"<p>Como sab\u00e9is a Mart\u00edn le chifla la m\u00fasica, es algo innato porque desde muy muy peque\u00f1o se quedaba embobado con cualquier tipo de actuaci\u00f3n musica; desde un m\u00fasico callejero a un video clip pasando por un concierto de m\u00fasica cl\u00e1sica en el Auditorio. Con Frida confirmamos que cada ni\u00f1o es un mundo y ella, aunque le gusta la m\u00fasica (en parte entiendo que porque no para de ver a Mart\u00edn tocar instrumentos), no aguanta a\u00fan un concierto de m\u00fasica cl\u00e1sica sin moverse por todo el auditorio. Por eso es importante encontrar planes musicales que les atraigan a cada edad y, aprovechando que ya casi acaba el curso y que estas semanas son m\u00e1s relajadas os propongo varios:<\/p>\n<p><a href=\"https:\/\/www.escuelasuperiordemusicareinasofia.es\/E_EventosFicha.aspx?idEvento=14601\" target=\"_blank\" rel=\"noopener\"><strong>Disney in Concert<\/strong><\/a><\/p>\n<p>Un concierto de m\u00fasica cl\u00e1sica en versi\u00f3n Disney&#8230;Un Viaje por el Mundo es el <strong>espect\u00e1culo sinf\u00f3nico oficial m\u00e1s completo de Disney<\/strong>. Con los grandes \u00e9xitos de las pel\u00edculas de Disney incluyendo Frozen, Piratas del Caribe, La Bella y La Bestia, El Rey Le\u00f3n, La Sirenita y muchos m\u00e1s.La m\u00fasica de Disney <strong>interpretada por la Orquesta de la Escuela de M\u00fasica Reina Sof\u00eda<\/strong> con m\u00e1s de 80 m\u00fasicos junto a la proyecci\u00f3n de im\u00e1genes de las pel\u00edculas en alta definici\u00f3n.<\/p>\n<p><img loading=\"lazy\" decoding=\"async\" class=\"aligncenter size-full wp-image-5768\" src=\"https:\/\/oui-oui.es\/blog\/wp-content\/uploads\/2017\/06\/Oui-Oui-planes-musicale-sni\u00f1os-madrid-disney-in-concert-escuela-reina-sofia.jpg\" alt=\"\" width=\"960\" height=\"370\" srcset=\"https:\/\/oui-oui.es\/blog\/wp-content\/uploads\/2017\/06\/Oui-Oui-planes-musicale-sni\u00f1os-madrid-disney-in-concert-escuela-reina-sofia.jpg 960w, https:\/\/oui-oui.es\/blog\/wp-content\/uploads\/2017\/06\/Oui-Oui-planes-musicale-sni\u00f1os-madrid-disney-in-concert-escuela-reina-sofia-300x116.jpg 300w, https:\/\/oui-oui.es\/blog\/wp-content\/uploads\/2017\/06\/Oui-Oui-planes-musicale-sni\u00f1os-madrid-disney-in-concert-escuela-reina-sofia-768x296.jpg 768w, https:\/\/oui-oui.es\/blog\/wp-content\/uploads\/2017\/06\/Oui-Oui-planes-musicale-sni\u00f1os-madrid-disney-in-concert-escuela-reina-sofia-600x231.jpg 600w\" sizes=\"auto, (max-width: 960px) 100vw, 960px\" \/><\/p>\n<p>Adem\u00e1s, los pases coinciden con fin de curso, as\u00ed que es una buena forma de celebrarlo \u00a1nosotros vamos a ir!, hay dos pases cada d\u00eda, el<strong> jueves 22 y el viernes 23<\/strong>. Puedes comprar las entradas <a href=\"http:\/\/www.teatrocircoprice.es\/web\/index.php\/espectaculos\/view\/507\" target=\"_blank\" rel=\"noopener\"><strong>AQU\u00cd<\/strong><\/a><\/p>\n<p><a href=\"http:\/\/fundacionolivardecastillejo.org\/\" target=\"_blank\" rel=\"noopener\"><strong>El Olivar de Castillejo<\/strong><\/a><\/p>\n<p><img loading=\"lazy\" decoding=\"async\" class=\"aligncenter size-large wp-image-5771\" src=\"https:\/\/oui-oui.es\/blog\/wp-content\/uploads\/2017\/06\/Oui-Oui-conciertos-aire-libre-madrid-olivar-castillejo-conciertos-ni\u00f1os-apasionados-musica-1-1024x647.jpg\" alt=\"\" width=\"1024\" height=\"647\" srcset=\"https:\/\/oui-oui.es\/blog\/wp-content\/uploads\/2017\/06\/Oui-Oui-conciertos-aire-libre-madrid-olivar-castillejo-conciertos-ni\u00f1os-apasionados-musica-1.jpg 1024w, https:\/\/oui-oui.es\/blog\/wp-content\/uploads\/2017\/06\/Oui-Oui-conciertos-aire-libre-madrid-olivar-castillejo-conciertos-ni\u00f1os-apasionados-musica-1-300x190.jpg 300w, https:\/\/oui-oui.es\/blog\/wp-content\/uploads\/2017\/06\/Oui-Oui-conciertos-aire-libre-madrid-olivar-castillejo-conciertos-ni\u00f1os-apasionados-musica-1-768x485.jpg 768w, https:\/\/oui-oui.es\/blog\/wp-content\/uploads\/2017\/06\/Oui-Oui-conciertos-aire-libre-madrid-olivar-castillejo-conciertos-ni\u00f1os-apasionados-musica-1-600x379.jpg 600w\" sizes=\"auto, (max-width: 1024px) 100vw, 1024px\" \/><\/p>\n<p>&nbsp;<\/p>\n<p>Este plan puede ser tanto para mayores como para ni\u00f1os (me gustan los planes familiares que valen para todo el mundo), pero, pensando en ni\u00f1os, es una experiencia diferente, un <strong>concierto al aire libre<\/strong> ( a las 20h que ya no tenemos el calorazo), <strong>en un entorno incre\u00edble rodeados de Olivos en el centro de Madrid<\/strong>, el tipo de concierto va cambiando seg\u00fan el d\u00eda; jazz, piano, etc&#8230; Tambi\u00e9n voy a intentar ir con Mart\u00edn la semana que viene as\u00ed que ya os contar\u00e9!, pod\u00e9is ver\u00a0 la programaci\u00f3n de todo el verano <a href=\"http:\/\/fundacionolivardecastillejo.org\/wp-content\/uploads\/2014\/10\/PROGRAMACION-JUNIO-JULIO-Y-AGOSTO-2017.pdf\" target=\"_blank\" rel=\"noopener\">AQU\u00cd<\/a><\/p>\n<p><a href=\"http:\/\/semillaespaciocreativo.com\/\" target=\"_blank\" rel=\"noopener\"><strong>Los conciertos de Semilla<\/strong><\/a><\/p>\n<p>Siempre dirigidos a ni\u00f1os, en un espacio peque\u00f1o para que se sientan c\u00f3modos y puedan moverse y jugar&#8230;Semilla sorprende con sus conciertos m\u00e1s o menos una vez al mes, justo <strong>este domingo 18<\/strong> act\u00faa <strong>\u00abLa Fant\u00e1stica Banda\u00bb<\/strong> con su show \u00abGloria Fuertes\u00bb. Puedes reservar entradas en el Tlf: 91 287 13 03 o por email en su web.<\/p>\n<p><img loading=\"lazy\" decoding=\"async\" class=\"aligncenter size-large wp-image-5770\" src=\"https:\/\/oui-oui.es\/blog\/wp-content\/uploads\/2017\/06\/Oui-Oui-conciertos-para-ni\u00f1os-conciertos-semilla-concierto-la-fantastica-banda-gloria-fuertes-1024x749.jpg\" alt=\"\" width=\"1024\" height=\"749\" srcset=\"https:\/\/oui-oui.es\/blog\/wp-content\/uploads\/2017\/06\/Oui-Oui-conciertos-para-ni\u00f1os-conciertos-semilla-concierto-la-fantastica-banda-gloria-fuertes-1024x749.jpg 1024w, https:\/\/oui-oui.es\/blog\/wp-content\/uploads\/2017\/06\/Oui-Oui-conciertos-para-ni\u00f1os-conciertos-semilla-concierto-la-fantastica-banda-gloria-fuertes-300x219.jpg 300w, https:\/\/oui-oui.es\/blog\/wp-content\/uploads\/2017\/06\/Oui-Oui-conciertos-para-ni\u00f1os-conciertos-semilla-concierto-la-fantastica-banda-gloria-fuertes-768x562.jpg 768w, https:\/\/oui-oui.es\/blog\/wp-content\/uploads\/2017\/06\/Oui-Oui-conciertos-para-ni\u00f1os-conciertos-semilla-concierto-la-fantastica-banda-gloria-fuertes-600x439.jpg 600w, https:\/\/oui-oui.es\/blog\/wp-content\/uploads\/2017\/06\/Oui-Oui-conciertos-para-ni\u00f1os-conciertos-semilla-concierto-la-fantastica-banda-gloria-fuertes.jpg 1493w\" sizes=\"auto, (max-width: 1024px) 100vw, 1024px\" \/><\/p>\n<p>Ya v\u00e9is que existen <strong>muchos tipos de planes musicales para ni\u00f1os<\/strong> ; m\u00e1s infantiles, de m\u00fasica cl\u00e1sica, de rock&#8230;De \u00abmayores\u00bb a los que pueden ir ni\u00f1os a los que le sgusta tanto la m\u00fasica que no necesitan nada m\u00e1s&#8230;Ir\u00e9 compartiendo todos los planes musicales que lleguen a m\u00ed! en la <strong>Escuela de M\u00fasica Reina Sof\u00eda<\/strong>, tienen una programaci\u00f3n especial para familias que os recomiendo que mir\u00e9is de cara al curso que viene (adem\u00e1s del conciertazo de Diney)<\/p>\n","protected":false},"excerpt":{"rendered":"<p>Como sab\u00e9is a Mart\u00edn le chifla la m\u00fasica, es algo innato porque desde muy muy peque\u00f1o se quedaba embobado con cualquier tipo de actuaci\u00f3n musica; desde un m\u00fasico callejero a un video clip pasando por un concierto de m\u00fasica cl\u00e1sica en el Auditorio. Con Frida confirmamos que cada ni\u00f1o es un mundo y ella, aunque [&hellip;]<\/p>\n","protected":false},"author":1,"featured_media":5771,"comment_status":"open","ping_status":"open","sticky":false,"template":"","format":"standard","meta":{"jetpack_post_was_ever_published":false,"_jetpack_newsletter_access":"","_jetpack_dont_email_post_to_subs":false,"_jetpack_newsletter_tier_id":0,"_jetpack_memberships_contains_paywalled_content":false,"_jetpack_memberships_contains_paid_content":false,"footnotes":"","jetpack_publicize_message":"","jetpack_publicize_feature_enabled":true,"jetpack_social_post_already_shared":true,"jetpack_social_options":{"image_generator_settings":{"template":"highway","default_image_id":0,"font":"","enabled":false},"version":2}},"categories":[174],"tags":[784,721],"class_list":["post-5767","post","type-post","status-publish","format-standard","has-post-thumbnail","hentry","category-ninos","tag-musica-ninos","tag-planes-con-ninos"],"aioseo_notices":[],"jetpack_publicize_connections":[],"jetpack_featured_media_url":"https:\/\/oui-oui.es\/blog\/wp-content\/uploads\/2017\/06\/Oui-Oui-conciertos-aire-libre-madrid-olivar-castillejo-conciertos-ni\u00f1os-apasionados-musica-1.jpg","jetpack_sharing_enabled":true,"jetpack-related-posts":[{"id":4853,"url":"https:\/\/oui-oui.es\/blog\/rincon-de-la-musica-para-ninos\/","url_meta":{"origin":5767,"position":0},"title":"Rinc\u00f3n de la m\u00fasica para ni\u00f1os","author":"Mar\u00eda \u2665Oui Oui\u2665","date":"4 noviembre, 2016","format":false,"excerpt":"Una de las cosas que m\u00e1s le gusta a Mart\u00edn es la m\u00fasica, desde peque\u00f1ito siempre se ha animado a bailar con la m\u00fasica de la radio, con un video clip de fondo o en cualquier fiesta en la que estuvi\u00e9ramos. Le llevamos por primera vez a los conciertos en\u2026","rel":"","context":"En \u00abNI\u00d1OS Y NI\u00d1AS\u00bb","block_context":{"text":"NI\u00d1OS Y NI\u00d1AS","link":"https:\/\/oui-oui.es\/blog\/category\/ninos\/"},"img":{"alt_text":"","src":"https:\/\/i0.wp.com\/oui-oui.es\/blog\/wp-content\/uploads\/2016\/11\/Oui-Oui-music-corner-rincon-de-la-musica-decoraci%C3%B3n-musical-habitacion-ni%C3%B1os-2.jpg?resize=350%2C200&ssl=1","width":350,"height":200,"srcset":"https:\/\/i0.wp.com\/oui-oui.es\/blog\/wp-content\/uploads\/2016\/11\/Oui-Oui-music-corner-rincon-de-la-musica-decoraci%C3%B3n-musical-habitacion-ni%C3%B1os-2.jpg?resize=350%2C200&ssl=1 1x, https:\/\/i0.wp.com\/oui-oui.es\/blog\/wp-content\/uploads\/2016\/11\/Oui-Oui-music-corner-rincon-de-la-musica-decoraci%C3%B3n-musical-habitacion-ni%C3%B1os-2.jpg?resize=525%2C300&ssl=1 1.5x, https:\/\/i0.wp.com\/oui-oui.es\/blog\/wp-content\/uploads\/2016\/11\/Oui-Oui-music-corner-rincon-de-la-musica-decoraci%C3%B3n-musical-habitacion-ni%C3%B1os-2.jpg?resize=700%2C400&ssl=1 2x, https:\/\/i0.wp.com\/oui-oui.es\/blog\/wp-content\/uploads\/2016\/11\/Oui-Oui-music-corner-rincon-de-la-musica-decoraci%C3%B3n-musical-habitacion-ni%C3%B1os-2.jpg?resize=1050%2C600&ssl=1 3x, https:\/\/i0.wp.com\/oui-oui.es\/blog\/wp-content\/uploads\/2016\/11\/Oui-Oui-music-corner-rincon-de-la-musica-decoraci%C3%B3n-musical-habitacion-ni%C3%B1os-2.jpg?resize=1400%2C800&ssl=1 4x"},"classes":[]},{"id":4986,"url":"https:\/\/oui-oui.es\/blog\/playing-for-change\/","url_meta":{"origin":5767,"position":1},"title":"Playing for Change","author":"Mar\u00eda \u2665Oui Oui\u2665","date":"16 diciembre, 2016","format":false,"excerpt":"Hace unas semanas mi t\u00edo Galo comparti\u00f3 en un grupo de whatsapp familiar un v\u00eddeo en el que varios m\u00fasicos tocaban, alrededor del mundo y con distintos instrumentos, la canci\u00f3n de \"la Bamba\". Nada m\u00e1s verlo supe que le encantar\u00eda a Mart\u00edn y as\u00ed fu\u00e9...A ra\u00edz de buscarlo m\u00e1s tarde\u2026","rel":"","context":"En \u00abNI\u00d1OS Y NI\u00d1AS\u00bb","block_context":{"text":"NI\u00d1OS Y NI\u00d1AS","link":"https:\/\/oui-oui.es\/blog\/category\/ninos\/"},"img":{"alt_text":"","src":"https:\/\/i0.wp.com\/oui-oui.es\/blog\/wp-content\/uploads\/2016\/12\/Oui-Oui-musica-ni%C3%B1os-multicultural-playing-for-change-grandpa-elliott.jpg?resize=350%2C200&ssl=1","width":350,"height":200,"srcset":"https:\/\/i0.wp.com\/oui-oui.es\/blog\/wp-content\/uploads\/2016\/12\/Oui-Oui-musica-ni%C3%B1os-multicultural-playing-for-change-grandpa-elliott.jpg?resize=350%2C200&ssl=1 1x, https:\/\/i0.wp.com\/oui-oui.es\/blog\/wp-content\/uploads\/2016\/12\/Oui-Oui-musica-ni%C3%B1os-multicultural-playing-for-change-grandpa-elliott.jpg?resize=525%2C300&ssl=1 1.5x, https:\/\/i0.wp.com\/oui-oui.es\/blog\/wp-content\/uploads\/2016\/12\/Oui-Oui-musica-ni%C3%B1os-multicultural-playing-for-change-grandpa-elliott.jpg?resize=700%2C400&ssl=1 2x, https:\/\/i0.wp.com\/oui-oui.es\/blog\/wp-content\/uploads\/2016\/12\/Oui-Oui-musica-ni%C3%B1os-multicultural-playing-for-change-grandpa-elliott.jpg?resize=1050%2C600&ssl=1 3x"},"classes":[]},{"id":4895,"url":"https:\/\/oui-oui.es\/blog\/el-cumpleanos-musical-de-martin\/","url_meta":{"origin":5767,"position":2},"title":"El cumplea\u00f1os musical de Mart\u00edn","author":"Mar\u00eda \u2665Oui Oui\u2665","date":"16 noviembre, 2016","format":false,"excerpt":"Ya han pasado dos meses, pero no quer\u00eda dejar de publicar el Tercer cumplea\u00f1os de Mart\u00edn. A diferencia de los otros dos en los que la tem\u00e1tica fue simplemente la gama de colores que me apeteci\u00f3 en ese momento, este a\u00f1o \u00e9l era mucho m\u00e1s consciente, de forma que unos\u2026","rel":"","context":"En \u00abFIESTAS y CELEBRACIONES\u00bb","block_context":{"text":"FIESTAS y CELEBRACIONES","link":"https:\/\/oui-oui.es\/blog\/category\/fiestas-celebraciones\/"},"img":{"alt_text":"","src":"https:\/\/i0.wp.com\/oui-oui.es\/blog\/wp-content\/uploads\/2016\/11\/Oui-Oui-cumplea%C3%B1os-musical-ni%C3%B1os-cumplea%C3%B1os-instrumentos-candy-bar-instrumentos-cupcake-microfono-piano-chocolate-diy-1.jpg?resize=350%2C200&ssl=1","width":350,"height":200,"srcset":"https:\/\/i0.wp.com\/oui-oui.es\/blog\/wp-content\/uploads\/2016\/11\/Oui-Oui-cumplea%C3%B1os-musical-ni%C3%B1os-cumplea%C3%B1os-instrumentos-candy-bar-instrumentos-cupcake-microfono-piano-chocolate-diy-1.jpg?resize=350%2C200&ssl=1 1x, https:\/\/i0.wp.com\/oui-oui.es\/blog\/wp-content\/uploads\/2016\/11\/Oui-Oui-cumplea%C3%B1os-musical-ni%C3%B1os-cumplea%C3%B1os-instrumentos-candy-bar-instrumentos-cupcake-microfono-piano-chocolate-diy-1.jpg?resize=525%2C300&ssl=1 1.5x, https:\/\/i0.wp.com\/oui-oui.es\/blog\/wp-content\/uploads\/2016\/11\/Oui-Oui-cumplea%C3%B1os-musical-ni%C3%B1os-cumplea%C3%B1os-instrumentos-candy-bar-instrumentos-cupcake-microfono-piano-chocolate-diy-1.jpg?resize=700%2C400&ssl=1 2x, https:\/\/i0.wp.com\/oui-oui.es\/blog\/wp-content\/uploads\/2016\/11\/Oui-Oui-cumplea%C3%B1os-musical-ni%C3%B1os-cumplea%C3%B1os-instrumentos-candy-bar-instrumentos-cupcake-microfono-piano-chocolate-diy-1.jpg?resize=1050%2C600&ssl=1 3x, https:\/\/i0.wp.com\/oui-oui.es\/blog\/wp-content\/uploads\/2016\/11\/Oui-Oui-cumplea%C3%B1os-musical-ni%C3%B1os-cumplea%C3%B1os-instrumentos-candy-bar-instrumentos-cupcake-microfono-piano-chocolate-diy-1.jpg?resize=1400%2C800&ssl=1 4x"},"classes":[]},{"id":10766,"url":"https:\/\/oui-oui.es\/blog\/campamento-de-yoga-y-arte-en-zentro-urban-yoga\/","url_meta":{"origin":5767,"position":3},"title":"Campamento de yoga y arte en Zentro Urban Yoga","author":"Mar\u00eda \u2665Oui Oui\u2665","date":"20 mayo, 2022","format":false,"excerpt":"Hace unas semanas, cuando vi el taller de yoga en familia que impart\u00edan en Zentro Urban Yoga (en adelante ZUY), por el d\u00eda de la madre, corr\u00ed a apuntarme porque a Frida (6) le encanta hacer yoga en casa a su manera (jugar a relajarse, hacer ejercicios con el cuento\u2026","rel":"","context":"En \u00abEDUCACI\u00d3N\u00bb","block_context":{"text":"EDUCACI\u00d3N","link":"https:\/\/oui-oui.es\/blog\/category\/educacion\/"},"img":{"alt_text":"","src":"https:\/\/i0.wp.com\/oui-oui.es\/blog\/wp-content\/uploads\/2022\/05\/Oui-Oui-Campamento-Yoga-y-Arte-ZUY-Zentro-Urban-yoga-yoga-ninos-yoga-nias-yoga-infantil-arteterapia.png?resize=350%2C200&ssl=1","width":350,"height":200,"srcset":"https:\/\/i0.wp.com\/oui-oui.es\/blog\/wp-content\/uploads\/2022\/05\/Oui-Oui-Campamento-Yoga-y-Arte-ZUY-Zentro-Urban-yoga-yoga-ninos-yoga-nias-yoga-infantil-arteterapia.png?resize=350%2C200&ssl=1 1x, https:\/\/i0.wp.com\/oui-oui.es\/blog\/wp-content\/uploads\/2022\/05\/Oui-Oui-Campamento-Yoga-y-Arte-ZUY-Zentro-Urban-yoga-yoga-ninos-yoga-nias-yoga-infantil-arteterapia.png?resize=525%2C300&ssl=1 1.5x, https:\/\/i0.wp.com\/oui-oui.es\/blog\/wp-content\/uploads\/2022\/05\/Oui-Oui-Campamento-Yoga-y-Arte-ZUY-Zentro-Urban-yoga-yoga-ninos-yoga-nias-yoga-infantil-arteterapia.png?resize=700%2C400&ssl=1 2x, https:\/\/i0.wp.com\/oui-oui.es\/blog\/wp-content\/uploads\/2022\/05\/Oui-Oui-Campamento-Yoga-y-Arte-ZUY-Zentro-Urban-yoga-yoga-ninos-yoga-nias-yoga-infantil-arteterapia.png?resize=1050%2C600&ssl=1 3x"},"classes":[]},{"id":5027,"url":"https:\/\/oui-oui.es\/blog\/de-planes-prisas-y-bienvenido-2017\/","url_meta":{"origin":5767,"position":4},"title":"De planes, prisas y bienvenido 2017","author":"Mar\u00eda \u2665Oui Oui\u2665","date":"18 enero, 2017","format":false,"excerpt":"He tardado en volver al blog despu\u00e9s de las vacaciones navide\u00f1as...Por un lado, por primera vez desde hace muchos a\u00f1os, he sentido que ten\u00eda vacaciones DE VERDAD, en realidad s\u00f3lo fue una semana, pero al habernos quedado en Madrid y poder hacer planes de forma m\u00e1s tranquila, unido a que\u2026","rel":"","context":"En \u00abNI\u00d1OS Y NI\u00d1AS\u00bb","block_context":{"text":"NI\u00d1OS Y NI\u00d1AS","link":"https:\/\/oui-oui.es\/blog\/category\/ninos\/"},"img":{"alt_text":"","src":"https:\/\/i0.wp.com\/oui-oui.es\/blog\/wp-content\/uploads\/2017\/01\/Oui-Oui-despacio-ni%C3%B1os-jugando-cartel-juego-ni%C3%B1os-campillo-de-ranas-sierra-negra-guadalajara-e1484746572232.jpg?resize=350%2C200&ssl=1","width":350,"height":200,"srcset":"https:\/\/i0.wp.com\/oui-oui.es\/blog\/wp-content\/uploads\/2017\/01\/Oui-Oui-despacio-ni%C3%B1os-jugando-cartel-juego-ni%C3%B1os-campillo-de-ranas-sierra-negra-guadalajara-e1484746572232.jpg?resize=350%2C200&ssl=1 1x, https:\/\/i0.wp.com\/oui-oui.es\/blog\/wp-content\/uploads\/2017\/01\/Oui-Oui-despacio-ni%C3%B1os-jugando-cartel-juego-ni%C3%B1os-campillo-de-ranas-sierra-negra-guadalajara-e1484746572232.jpg?resize=525%2C300&ssl=1 1.5x, https:\/\/i0.wp.com\/oui-oui.es\/blog\/wp-content\/uploads\/2017\/01\/Oui-Oui-despacio-ni%C3%B1os-jugando-cartel-juego-ni%C3%B1os-campillo-de-ranas-sierra-negra-guadalajara-e1484746572232.jpg?resize=700%2C400&ssl=1 2x, https:\/\/i0.wp.com\/oui-oui.es\/blog\/wp-content\/uploads\/2017\/01\/Oui-Oui-despacio-ni%C3%B1os-jugando-cartel-juego-ni%C3%B1os-campillo-de-ranas-sierra-negra-guadalajara-e1484746572232.jpg?resize=1050%2C600&ssl=1 3x, https:\/\/i0.wp.com\/oui-oui.es\/blog\/wp-content\/uploads\/2017\/01\/Oui-Oui-despacio-ni%C3%B1os-jugando-cartel-juego-ni%C3%B1os-campillo-de-ranas-sierra-negra-guadalajara-e1484746572232.jpg?resize=1400%2C800&ssl=1 4x"},"classes":[]},{"id":8696,"url":"https:\/\/oui-oui.es\/blog\/novedades-wedding\/","url_meta":{"origin":5767,"position":5},"title":"Novedades Wedding","author":"Mar\u00eda \u2665Oui Oui\u2665","date":"10 noviembre, 2017","format":false,"excerpt":"El mes de octubre me pas\u00f3 volando (tan volando que estamos a 10 de noviembre...jajaja), acud\u00ed a varias presentaciones y eventos del \"Sector bodas\" que me apetec\u00eda compartir porque descubr\u00ed cosas muy chulas...La verdad es que ahora mismo estoy un poco m\u00e1s alejada de este sector b\u00e1sicamente porque mi momento\u2026","rel":"","context":"En \u00abBoda\u00bb","block_context":{"text":"Boda","link":"https:\/\/oui-oui.es\/blog\/category\/fiestas-celebraciones\/boda\/"},"img":{"alt_text":"","src":"https:\/\/i0.wp.com\/oui-oui.es\/blog\/wp-content\/uploads\/2017\/11\/001-bebas-closet-bea-17.jpg?resize=350%2C200&ssl=1","width":350,"height":200,"srcset":"https:\/\/i0.wp.com\/oui-oui.es\/blog\/wp-content\/uploads\/2017\/11\/001-bebas-closet-bea-17.jpg?resize=350%2C200&ssl=1 1x, https:\/\/i0.wp.com\/oui-oui.es\/blog\/wp-content\/uploads\/2017\/11\/001-bebas-closet-bea-17.jpg?resize=525%2C300&ssl=1 1.5x, https:\/\/i0.wp.com\/oui-oui.es\/blog\/wp-content\/uploads\/2017\/11\/001-bebas-closet-bea-17.jpg?resize=700%2C400&ssl=1 2x"},"classes":[]}],"_links":{"self":[{"href":"https:\/\/oui-oui.es\/blog\/wp-json\/wp\/v2\/posts\/5767","targetHints":{"allow":["GET"]}}],"collection":[{"href":"https:\/\/oui-oui.es\/blog\/wp-json\/wp\/v2\/posts"}],"about":[{"href":"https:\/\/oui-oui.es\/blog\/wp-json\/wp\/v2\/types\/post"}],"author":[{"embeddable":true,"href":"https:\/\/oui-oui.es\/blog\/wp-json\/wp\/v2\/users\/1"}],"replies":[{"embeddable":true,"href":"https:\/\/oui-oui.es\/blog\/wp-json\/wp\/v2\/comments?post=5767"}],"version-history":[{"count":1,"href":"https:\/\/oui-oui.es\/blog\/wp-json\/wp\/v2\/posts\/5767\/revisions"}],"predecessor-version":[{"id":5772,"href":"https:\/\/oui-oui.es\/blog\/wp-json\/wp\/v2\/posts\/5767\/revisions\/5772"}],"wp:featuredmedia":[{"embeddable":true,"href":"https:\/\/oui-oui.es\/blog\/wp-json\/wp\/v2\/media\/5771"}],"wp:attachment":[{"href":"https:\/\/oui-oui.es\/blog\/wp-json\/wp\/v2\/media?parent=5767"}],"wp:term":[{"taxonomy":"category","embeddable":true,"href":"https:\/\/oui-oui.es\/blog\/wp-json\/wp\/v2\/categories?post=5767"},{"taxonomy":"post_tag","embeddable":true,"href":"https:\/\/oui-oui.es\/blog\/wp-json\/wp\/v2\/tags?post=5767"}],"curies":[{"name":"wp","href":"https:\/\/api.w.org\/{rel}","templated":true}]}}