{"id":5807,"date":"2017-07-06T16:54:13","date_gmt":"2017-07-06T14:54:13","guid":{"rendered":"https:\/\/oui-oui.es\/blog\/?p=5807"},"modified":"2017-07-06T16:54:13","modified_gmt":"2017-07-06T14:54:13","slug":"que-es-una-torre-de-aprendizaje-y-por-que-es-util-para-un-nino","status":"publish","type":"post","link":"https:\/\/oui-oui.es\/blog\/que-es-una-torre-de-aprendizaje-y-por-que-es-util-para-un-nino\/","title":{"rendered":"Qu\u00e9 es una torre de aprendizaje y por qu\u00e9 es \u00fatil para un ni\u00f1o"},"content":{"rendered":"<p>Una <a href=\"https:\/\/www.kutuva.com\/productos\/torre-de-aprendizaje\/\" target=\"_blank\" rel=\"noopener\"><strong>torre de aprendizaje<\/strong><\/a> es un <strong>recurso educativo con el que ayudar a desarrollar la independencia de los m\u00e1s peque\u00f1os<\/strong>, un \u00abtaburete seguro\u00bb en el que subirse para poder realizar actividades que por su altura les ser\u00eda imposible hacer por s\u00ed mismos. <strong>Inspirada en la vida pr\u00e1ctica Montessori<\/strong>, es un objeto, a modo de taburete-torre al que pueden subirse solos (los fabricantes <strong>la recomiendan a partir de los 18 meses<\/strong> aprox, pero en nuestro caso, Frida comenz\u00f3 a usarla a los 16, ya sab\u00e9is&#8230;Seguir al ni\u00f1o).<\/p>\n<p>Con Mart\u00edn us\u00e1bamos (y seguimos usando) la t\u00edpica escalera- taburete de Ikea (customizado con antideslizante en los escalones), siempre ha sido un ni\u00f1o muy tranquilo y cauto, por lo que siempre subi\u00f3 con cuidado y se manten\u00eda bastante quieto cuando cocin\u00e1bamos y estaba a la altura de la encimera.<\/p>\n<p><img loading=\"lazy\" decoding=\"async\" class=\"aligncenter size-large wp-image-5810\" src=\"https:\/\/oui-oui.es\/blog\/wp-content\/uploads\/2017\/07\/Oui-Oui-torre-de-aprendizaje-montessori-torre-aprendizaje-kutuva-cocinar-montessori-1024x768.jpg\" alt=\"\" width=\"1024\" height=\"768\" srcset=\"https:\/\/oui-oui.es\/blog\/wp-content\/uploads\/2017\/07\/Oui-Oui-torre-de-aprendizaje-montessori-torre-aprendizaje-kutuva-cocinar-montessori-1024x768.jpg 1024w, https:\/\/oui-oui.es\/blog\/wp-content\/uploads\/2017\/07\/Oui-Oui-torre-de-aprendizaje-montessori-torre-aprendizaje-kutuva-cocinar-montessori-300x225.jpg 300w, https:\/\/oui-oui.es\/blog\/wp-content\/uploads\/2017\/07\/Oui-Oui-torre-de-aprendizaje-montessori-torre-aprendizaje-kutuva-cocinar-montessori-768x576.jpg 768w, https:\/\/oui-oui.es\/blog\/wp-content\/uploads\/2017\/07\/Oui-Oui-torre-de-aprendizaje-montessori-torre-aprendizaje-kutuva-cocinar-montessori-600x450.jpg 600w\" sizes=\"auto, (max-width: 1024px) 100vw, 1024px\" \/><\/p>\n<p>Sin embargo con Frida es otra historia, es independiente e intr\u00e9pida como ella sola&#8230;<strong>Se estaba empezando a subir a la escalerrilla de Mart\u00edn sin ning\u00fan tipo de miramientos<\/strong> y, adem\u00e1s de propiciar peleas por la escalera, era un peligro. Nos dimos cuenta de que <strong>era el momento para buscar algo para ella<\/strong>, pero ten\u00eda que ser <strong>m\u00e1s seguro que la escalerilla<\/strong> porque a\u00fan era muy peque\u00f1a y, al mismo tiempo, ten\u00eda que <strong>permitirle libertad de movimientos<\/strong>, as\u00ed que pens\u00e9 en la <a href=\"https:\/\/www.kutuva.com\/productos\/torre-de-aprendizaje\/\" target=\"_blank\" rel=\"noopener\"><strong>Torre de Aprendizaje de Kutuva<\/strong><\/a>, la segu\u00eda desde hac\u00eda tiempo en Instagram y me encantaba ver a tantos ni\u00f1os desarrollando actividades con total libertad, hasta moverla ellos solos de un lado (cuando son un poco mayores que Frida).<\/p>\n<p><img loading=\"lazy\" decoding=\"async\" class=\"aligncenter size-large wp-image-5809\" src=\"https:\/\/oui-oui.es\/blog\/wp-content\/uploads\/2017\/07\/Oui-Oui-torre-de-aprendizaje-montessori-torre-aprendizaje-kutuva-cocina-montessori-e1499352505936-768x1024.jpg\" alt=\"\" width=\"768\" height=\"1024\" srcset=\"https:\/\/oui-oui.es\/blog\/wp-content\/uploads\/2017\/07\/Oui-Oui-torre-de-aprendizaje-montessori-torre-aprendizaje-kutuva-cocina-montessori-e1499352505936-768x1024.jpg 768w, https:\/\/oui-oui.es\/blog\/wp-content\/uploads\/2017\/07\/Oui-Oui-torre-de-aprendizaje-montessori-torre-aprendizaje-kutuva-cocina-montessori-e1499352505936-225x300.jpg 225w, https:\/\/oui-oui.es\/blog\/wp-content\/uploads\/2017\/07\/Oui-Oui-torre-de-aprendizaje-montessori-torre-aprendizaje-kutuva-cocina-montessori-e1499352505936-600x800.jpg 600w, https:\/\/oui-oui.es\/blog\/wp-content\/uploads\/2017\/07\/Oui-Oui-torre-de-aprendizaje-montessori-torre-aprendizaje-kutuva-cocina-montessori-e1499352505936-300x400.jpg 300w\" sizes=\"auto, (max-width: 768px) 100vw, 768px\" \/><\/p>\n<p>Fue ince\u00edble como el primer d\u00eda intentaba subirse a la <strong>torre de aprendizaje<\/strong> de forma err\u00f3nea y en cuanto le mostramos el gesto correcto <strong>a los dos d\u00edas sub\u00eda perfectamente sola<\/strong> (en \u00e9sto tambi\u00e9n nos ayud\u00f3 Mart\u00edn, emocionado por ayudar a su hermana a conseguir subir sola), ahora <strong>nos lavamos los dientes los tres a la vez por las ma\u00f1anas<\/strong>, pueden <strong>ayudarnos a cocinar los dos<\/strong> (justo esta ma\u00f1ana su abuela nos mandaba una foto haciendo galletas, Mart\u00edn subido a una silla y Frida en su torre de aprendizaje) y, otras veces, directamente nos hace el gesto de que le movamos la torre hacia donde quiere que<strong> le gusta subirse a modo balc\u00f3n<\/strong>. Vamos, que est\u00e1n en el pueblo con los abuelos y le hemos llevado hasta all\u00ed la torre \u00a1Imaginad lo que le gusta!.<\/p>\n<p>&nbsp;<\/p>\n<p><img loading=\"lazy\" decoding=\"async\" class=\"aligncenter size-large wp-image-5808\" src=\"https:\/\/oui-oui.es\/blog\/wp-content\/uploads\/2017\/07\/Oui-Oui-torre-de-aprendizaje-montessori-torre-aprendizaje-kutuva-e1499352467375-768x1024.jpg\" alt=\"\" width=\"768\" height=\"1024\" srcset=\"https:\/\/oui-oui.es\/blog\/wp-content\/uploads\/2017\/07\/Oui-Oui-torre-de-aprendizaje-montessori-torre-aprendizaje-kutuva-e1499352467375-768x1024.jpg 768w, https:\/\/oui-oui.es\/blog\/wp-content\/uploads\/2017\/07\/Oui-Oui-torre-de-aprendizaje-montessori-torre-aprendizaje-kutuva-e1499352467375-225x300.jpg 225w, https:\/\/oui-oui.es\/blog\/wp-content\/uploads\/2017\/07\/Oui-Oui-torre-de-aprendizaje-montessori-torre-aprendizaje-kutuva-e1499352467375-600x800.jpg 600w, https:\/\/oui-oui.es\/blog\/wp-content\/uploads\/2017\/07\/Oui-Oui-torre-de-aprendizaje-montessori-torre-aprendizaje-kutuva-e1499352467375-300x400.jpg 300w\" sizes=\"auto, (max-width: 768px) 100vw, 768px\" \/><\/p>\n<p>Frida tiene tan poca aversi\u00f3n al riesgo que es bastante lanzada para bajar sola de la <a href=\"https:\/\/www.kutuva.com\/productos\/torre-de-aprendizaje\/\" target=\"_blank\" rel=\"noopener\"><strong>torre de aprendizaje<\/strong><\/a>, aunque a\u00fan la ayudamos a veces estamos ense\u00f1\u00e1ndole los pasos correctos\u00a0 y veo que en unos meses la mover\u00e1 sola tambi\u00e9n (m\u00e1s independencia para llevarla donde lo necesite).<\/p>\n<p>As\u00ed se sube (foto de Kutuva)<\/p>\n<p><a href=\"https:\/\/www.kutuva.com\/productos\/torre-de-aprendizaje\/\"><img loading=\"lazy\" decoding=\"async\" class=\"aligncenter size-full wp-image-5812\" src=\"https:\/\/oui-oui.es\/blog\/wp-content\/uploads\/2017\/07\/Oui-Oui-torre-de-aprendizaje-montessori-torre-aprendizaje-kutuva-como-subir-a-torre-aprendizaje.jpg\" alt=\"\" width=\"960\" height=\"960\" srcset=\"https:\/\/oui-oui.es\/blog\/wp-content\/uploads\/2017\/07\/Oui-Oui-torre-de-aprendizaje-montessori-torre-aprendizaje-kutuva-como-subir-a-torre-aprendizaje.jpg 960w, https:\/\/oui-oui.es\/blog\/wp-content\/uploads\/2017\/07\/Oui-Oui-torre-de-aprendizaje-montessori-torre-aprendizaje-kutuva-como-subir-a-torre-aprendizaje-150x150.jpg 150w, https:\/\/oui-oui.es\/blog\/wp-content\/uploads\/2017\/07\/Oui-Oui-torre-de-aprendizaje-montessori-torre-aprendizaje-kutuva-como-subir-a-torre-aprendizaje-300x300.jpg 300w, https:\/\/oui-oui.es\/blog\/wp-content\/uploads\/2017\/07\/Oui-Oui-torre-de-aprendizaje-montessori-torre-aprendizaje-kutuva-como-subir-a-torre-aprendizaje-768x768.jpg 768w, https:\/\/oui-oui.es\/blog\/wp-content\/uploads\/2017\/07\/Oui-Oui-torre-de-aprendizaje-montessori-torre-aprendizaje-kutuva-como-subir-a-torre-aprendizaje-600x600.jpg 600w\" sizes=\"auto, (max-width: 960px) 100vw, 960px\" \/><\/a><\/p>\n<p>As\u00ed se baja (foto de Aprendiendo con Montessori)<\/p>\n<p><img loading=\"lazy\" decoding=\"async\" class=\"aligncenter size-full wp-image-5811\" src=\"https:\/\/oui-oui.es\/blog\/wp-content\/uploads\/2017\/07\/Oui-Oui-torre-de-aprendizaje-montessori-torre-aprendizaje-kutuva-como-bajar-de-la-torre-de-aprendizaje.jpg\" alt=\"\" width=\"640\" height=\"240\" srcset=\"https:\/\/oui-oui.es\/blog\/wp-content\/uploads\/2017\/07\/Oui-Oui-torre-de-aprendizaje-montessori-torre-aprendizaje-kutuva-como-bajar-de-la-torre-de-aprendizaje.jpg 640w, https:\/\/oui-oui.es\/blog\/wp-content\/uploads\/2017\/07\/Oui-Oui-torre-de-aprendizaje-montessori-torre-aprendizaje-kutuva-como-bajar-de-la-torre-de-aprendizaje-300x113.jpg 300w, https:\/\/oui-oui.es\/blog\/wp-content\/uploads\/2017\/07\/Oui-Oui-torre-de-aprendizaje-montessori-torre-aprendizaje-kutuva-como-bajar-de-la-torre-de-aprendizaje-600x225.jpg 600w\" sizes=\"auto, (max-width: 640px) 100vw, 640px\" \/><\/p>\n<p>&nbsp;<\/p>\n<p><strong>\u00bfPara qu\u00e9 sirve una torre de aprendizaje?<\/strong><\/p>\n<p>Para que puedan llegar a alturas a las que de forma natural no pueden, pero con seguridad; para <strong>cocinar en familia<\/strong> (una actividad tan buena y tan rica para los ni\u00f1os), para <strong>realizar su higiene personal<\/strong> si no tienen lavabos peque\u00f1os en casa (lo m\u00e1s habitual), en definitiva, para dotarles de mayor autonom\u00eda a la hora de realizar actividades con hermanos o por ellos mismos, siempre, claro, junto a un adulto.<\/p>\n<p><strong>\u00bfD\u00f3nde comprar una torre de aprendizaje?<\/strong><\/p>\n<p>Nosotros confiamos en <a href=\"https:\/\/www.kutuva.com\/productos\/torre-de-aprendizaje\/\" target=\"_blank\" rel=\"noopener\"><strong>Kutuva<\/strong><\/a>, porque conoc\u00edamos la tienda, el proyecto que hay detr\u00e1s y porque hab\u00eda visto muchos ni\u00f1os antes us\u00e1ndola. Su precio ronda los 70-90\u20ac la tienes en blanco o en madera natural y los ni\u00f1os pueden subir y bajar solos (cosa que en otras torres de aprendizaje no, y me parece fundamental), adem\u00e1s, tiene dos alturas para adaptarse al crecimiento del ni\u00f1o. Por cierto que en Kutuva tambi\u00e9n tienes <strong>camas Montessori<\/strong> \ud83d\ude09<\/p>\n<p>\u00a1Espero que os haya ayudado! yo estoy deseando hacer unas galletas con Mart\u00edn y Frida, ya os lo ense\u00f1ar\u00e9 en Instagram \ud83d\ude09<\/p>\n<p>&nbsp;<\/p>\n","protected":false},"excerpt":{"rendered":"<p>Una torre de aprendizaje es un recurso educativo con el que ayudar a desarrollar la independencia de los m\u00e1s peque\u00f1os, un \u00abtaburete seguro\u00bb en el que subirse para poder realizar actividades que por su altura les ser\u00eda imposible hacer por s\u00ed mismos. Inspirada en la vida pr\u00e1ctica Montessori, es un objeto, a modo de taburete-torre [&hellip;]<\/p>\n","protected":false},"author":1,"featured_media":5809,"comment_status":"open","ping_status":"open","sticky":false,"template":"","format":"standard","meta":{"jetpack_post_was_ever_published":false,"_jetpack_newsletter_access":"","_jetpack_dont_email_post_to_subs":false,"_jetpack_newsletter_tier_id":0,"_jetpack_memberships_contains_paywalled_content":false,"_jetpack_memberships_contains_paid_content":false,"footnotes":"","jetpack_publicize_message":"","jetpack_publicize_feature_enabled":true,"jetpack_social_post_already_shared":true,"jetpack_social_options":{"image_generator_settings":{"template":"highway","default_image_id":0,"font":"","enabled":false},"version":2}},"categories":[535,174],"tags":[700,746,657],"class_list":["post-5807","post","type-post","status-publish","format-standard","has-post-thumbnail","hentry","category-maternidad","category-ninos","tag-compras-bebe","tag-deco-ninos","tag-montessori"],"aioseo_notices":[],"jetpack_publicize_connections":[],"jetpack_featured_media_url":"https:\/\/oui-oui.es\/blog\/wp-content\/uploads\/2017\/07\/Oui-Oui-torre-de-aprendizaje-montessori-torre-aprendizaje-kutuva-cocina-montessori-e1499352505936.jpg","jetpack_sharing_enabled":true,"jetpack-related-posts":[{"id":3931,"url":"https:\/\/oui-oui.es\/blog\/mantel-diy-para-bebes-inspiracion-montessori\/","url_meta":{"origin":5807,"position":0},"title":"Mantel DIY para beb\u00e9s inspiraci\u00f3n Montessori","author":"Mar\u00eda \u2665Oui Oui\u2665","date":"22 enero, 2016","format":false,"excerpt":"Uno de los principios Montessori es la autonom\u00eda del ni\u00f1o, para eso es necesario dejarles hacer aunque se caigan\/manchen\/rompan algunas cosas, aunque no s\u00e9 si es casualidad o consecuencia, con Mart\u00edn voy observando que todo lo que le vamos explicando c\u00f3mo hacer solo, adem\u00e1s de que luego no quiere que\u2026","rel":"","context":"En \u00abNI\u00d1OS Y NI\u00d1AS\u00bb","block_context":{"text":"NI\u00d1OS Y NI\u00d1AS","link":"https:\/\/oui-oui.es\/blog\/category\/ninos\/"},"img":{"alt_text":"","src":"https:\/\/i0.wp.com\/oui-oui.es\/blog\/wp-content\/uploads\/2016\/01\/Oui-Oui-mantel-diy-montessori-bebes-2-e1453031407248.jpg?resize=350%2C200&ssl=1","width":350,"height":200,"srcset":"https:\/\/i0.wp.com\/oui-oui.es\/blog\/wp-content\/uploads\/2016\/01\/Oui-Oui-mantel-diy-montessori-bebes-2-e1453031407248.jpg?resize=350%2C200&ssl=1 1x, https:\/\/i0.wp.com\/oui-oui.es\/blog\/wp-content\/uploads\/2016\/01\/Oui-Oui-mantel-diy-montessori-bebes-2-e1453031407248.jpg?resize=525%2C300&ssl=1 1.5x, https:\/\/i0.wp.com\/oui-oui.es\/blog\/wp-content\/uploads\/2016\/01\/Oui-Oui-mantel-diy-montessori-bebes-2-e1453031407248.jpg?resize=700%2C400&ssl=1 2x, https:\/\/i0.wp.com\/oui-oui.es\/blog\/wp-content\/uploads\/2016\/01\/Oui-Oui-mantel-diy-montessori-bebes-2-e1453031407248.jpg?resize=1050%2C600&ssl=1 3x, https:\/\/i0.wp.com\/oui-oui.es\/blog\/wp-content\/uploads\/2016\/01\/Oui-Oui-mantel-diy-montessori-bebes-2-e1453031407248.jpg?resize=1400%2C800&ssl=1 4x"},"classes":[]},{"id":4664,"url":"https:\/\/oui-oui.es\/blog\/10-actividades-para-hacer-con-un-nino-de-3-anos-en-verano\/","url_meta":{"origin":5807,"position":1},"title":"10 actividades para hacer con un ni\u00f1o de 3 a\u00f1os en verano","author":"Mar\u00eda \u2665Oui Oui\u2665","date":"15 julio, 2016","format":false,"excerpt":"El verano pasado busqu\u00e9 cinco actividades que hacer con Mart\u00edn para nuestra semana en la sierra y llam\u00e9 al post \"5 actividades que hacer con un beb\u00e9 de 2 a\u00f1os en verano\", este a\u00f1o he estado tentada de poner la palabra beb\u00e9 de nuevo, pero creo que el tiempo vuela\u2026","rel":"","context":"En \u00abNI\u00d1OS Y NI\u00d1AS\u00bb","block_context":{"text":"NI\u00d1OS Y NI\u00d1AS","link":"https:\/\/oui-oui.es\/blog\/category\/ninos\/"},"img":{"alt_text":"","src":"https:\/\/i0.wp.com\/oui-oui.es\/blog\/wp-content\/uploads\/2016\/07\/Oui-Oui-martin-cocinando-mini-thermomix.jpg?resize=350%2C200&ssl=1","width":350,"height":200,"srcset":"https:\/\/i0.wp.com\/oui-oui.es\/blog\/wp-content\/uploads\/2016\/07\/Oui-Oui-martin-cocinando-mini-thermomix.jpg?resize=350%2C200&ssl=1 1x, https:\/\/i0.wp.com\/oui-oui.es\/blog\/wp-content\/uploads\/2016\/07\/Oui-Oui-martin-cocinando-mini-thermomix.jpg?resize=525%2C300&ssl=1 1.5x, https:\/\/i0.wp.com\/oui-oui.es\/blog\/wp-content\/uploads\/2016\/07\/Oui-Oui-martin-cocinando-mini-thermomix.jpg?resize=700%2C400&ssl=1 2x, https:\/\/i0.wp.com\/oui-oui.es\/blog\/wp-content\/uploads\/2016\/07\/Oui-Oui-martin-cocinando-mini-thermomix.jpg?resize=1050%2C600&ssl=1 3x, https:\/\/i0.wp.com\/oui-oui.es\/blog\/wp-content\/uploads\/2016\/07\/Oui-Oui-martin-cocinando-mini-thermomix.jpg?resize=1400%2C800&ssl=1 4x"},"classes":[]},{"id":2447,"url":"https:\/\/oui-oui.es\/blog\/en-busca-de-una-cama-montessori\/","url_meta":{"origin":5807,"position":2},"title":"En busca de una cama Montessori","author":"Mar\u00eda \u2665Oui Oui\u2665","date":"29 mayo, 2015","format":false,"excerpt":"Fui a un colegio Montessori desde beb\u00e9 y una de las cosas que ten\u00eda claras cuando me qued\u00e9 embarazada de Mart\u00edn es que quer\u00eda educarle, en la medida de los posible, con esa filosof\u00eda. Para los que no sep\u00e1is de qu\u00e9 se trata, el m\u00e9todo Montessori es\u00a0una forma de educar\u2026","rel":"","context":"En \u00abMATERNIDAD\u00bb","block_context":{"text":"MATERNIDAD","link":"https:\/\/oui-oui.es\/blog\/category\/maternidad\/"},"img":{"alt_text":"","src":"https:\/\/i0.wp.com\/oui-oui.es\/blog\/wp-content\/uploads\/2015\/05\/oui-oui-blog-cama-montessori-cama-baja-para-bebes-8.jpg?resize=350%2C200&ssl=1","width":350,"height":200,"srcset":"https:\/\/i0.wp.com\/oui-oui.es\/blog\/wp-content\/uploads\/2015\/05\/oui-oui-blog-cama-montessori-cama-baja-para-bebes-8.jpg?resize=350%2C200&ssl=1 1x, https:\/\/i0.wp.com\/oui-oui.es\/blog\/wp-content\/uploads\/2015\/05\/oui-oui-blog-cama-montessori-cama-baja-para-bebes-8.jpg?resize=525%2C300&ssl=1 1.5x, https:\/\/i0.wp.com\/oui-oui.es\/blog\/wp-content\/uploads\/2015\/05\/oui-oui-blog-cama-montessori-cama-baja-para-bebes-8.jpg?resize=700%2C400&ssl=1 2x"},"classes":[]},{"id":3487,"url":"https:\/\/oui-oui.es\/blog\/la-wishlist-de-martin-por-su-segundo-cumpleanos\/","url_meta":{"origin":5807,"position":3},"title":"La wishlist de Mart\u00edn por su segundo cumplea\u00f1os","author":"Mar\u00eda \u2665Oui Oui\u2665","date":"12 octubre, 2015","format":false,"excerpt":"El cumplea\u00f1os de Mart\u00edn fue hace exactamente un mes y, como nos pill\u00f3 reci\u00e9n llegados de viaje y con l\u00edo de trabajo no me di\u00f3 tiempo a hacer su lista de regalos como me hubiera gustado, est\u00e1 claro que no pasa nada, tuvo regalos m\u00e1s que de sobra (hasta guard\u00e9\u2026","rel":"","context":"En \u00abNI\u00d1OS Y NI\u00d1AS\u00bb","block_context":{"text":"NI\u00d1OS Y NI\u00d1AS","link":"https:\/\/oui-oui.es\/blog\/category\/ninos\/"},"img":{"alt_text":"","src":"https:\/\/i0.wp.com\/oui-oui.es\/blog\/wp-content\/uploads\/2015\/10\/Oui-Oui-wishlist-martin-babyoui-material-montessori-torre-rosa-tigriteando.jpg?resize=350%2C200&ssl=1","width":350,"height":200},"classes":[]},{"id":3410,"url":"https:\/\/oui-oui.es\/blog\/3410-2\/","url_meta":{"origin":5807,"position":4},"title":"\u00bfCama de madera o de barrotes de metal? dudando en Ikea","author":"Mar\u00eda \u2665Oui Oui\u2665","date":"1 octubre, 2015","format":false,"excerpt":"Despu\u00e9s de darle tantas vueltas a la cama Montessori para Mart\u00edn como os contaba en este post , acabamos comprando una cama en Ikea, porque cuando le cambiamos ten\u00eda ya casi dos a\u00f1os (ya es grande) y se sube y baja perfectamente de una cama bajita (para el siguiente me\u2026","rel":"","context":"En \u00abMATERNIDAD\u00bb","block_context":{"text":"MATERNIDAD","link":"https:\/\/oui-oui.es\/blog\/category\/maternidad\/"},"img":{"alt_text":"","src":"https:\/\/i0.wp.com\/oui-oui.es\/blog\/wp-content\/uploads\/2015\/09\/Oui-Oui-cama-montessori-habitacion-babyoui-cama-ikea-ni%C3%B1os-barrotes.jpg?resize=350%2C200&ssl=1","width":350,"height":200,"srcset":"https:\/\/i0.wp.com\/oui-oui.es\/blog\/wp-content\/uploads\/2015\/09\/Oui-Oui-cama-montessori-habitacion-babyoui-cama-ikea-ni%C3%B1os-barrotes.jpg?resize=350%2C200&ssl=1 1x, https:\/\/i0.wp.com\/oui-oui.es\/blog\/wp-content\/uploads\/2015\/09\/Oui-Oui-cama-montessori-habitacion-babyoui-cama-ikea-ni%C3%B1os-barrotes.jpg?resize=525%2C300&ssl=1 1.5x, https:\/\/i0.wp.com\/oui-oui.es\/blog\/wp-content\/uploads\/2015\/09\/Oui-Oui-cama-montessori-habitacion-babyoui-cama-ikea-ni%C3%B1os-barrotes.jpg?resize=700%2C400&ssl=1 2x, https:\/\/i0.wp.com\/oui-oui.es\/blog\/wp-content\/uploads\/2015\/09\/Oui-Oui-cama-montessori-habitacion-babyoui-cama-ikea-ni%C3%B1os-barrotes.jpg?resize=1050%2C600&ssl=1 3x, https:\/\/i0.wp.com\/oui-oui.es\/blog\/wp-content\/uploads\/2015\/09\/Oui-Oui-cama-montessori-habitacion-babyoui-cama-ikea-ni%C3%B1os-barrotes.jpg?resize=1400%2C800&ssl=1 4x"},"classes":[]},{"id":4722,"url":"https:\/\/oui-oui.es\/blog\/aprender-a-leer-disfrutando\/","url_meta":{"origin":5807,"position":5},"title":"Aprender a leer disfrutando","author":"Mar\u00eda \u2665Oui Oui\u2665","date":"5 octubre, 2016","format":false,"excerpt":"Existen multitud de opiniones acerca del momento que un ni\u00f1o debe empezar a leer y escribir, sin entrar en ese debate (sobretodo porque no soy ninguna experta), mi opini\u00f3n y experiencia es que leer cuentos\u00a0 desde que son beb\u00e9s ayuda a fomentar el amor por la lectura y los cuentos,\u2026","rel":"","context":"En \u00abNI\u00d1OS Y NI\u00d1AS\u00bb","block_context":{"text":"NI\u00d1OS Y NI\u00d1AS","link":"https:\/\/oui-oui.es\/blog\/category\/ninos\/"},"img":{"alt_text":"","src":"https:\/\/i0.wp.com\/oui-oui.es\/blog\/wp-content\/uploads\/2016\/10\/Oui-Oui-leolandia-metodo-lectoescritura.jpeg?resize=350%2C200&ssl=1","width":350,"height":200,"srcset":"https:\/\/i0.wp.com\/oui-oui.es\/blog\/wp-content\/uploads\/2016\/10\/Oui-Oui-leolandia-metodo-lectoescritura.jpeg?resize=350%2C200&ssl=1 1x, https:\/\/i0.wp.com\/oui-oui.es\/blog\/wp-content\/uploads\/2016\/10\/Oui-Oui-leolandia-metodo-lectoescritura.jpeg?resize=525%2C300&ssl=1 1.5x, https:\/\/i0.wp.com\/oui-oui.es\/blog\/wp-content\/uploads\/2016\/10\/Oui-Oui-leolandia-metodo-lectoescritura.jpeg?resize=700%2C400&ssl=1 2x"},"classes":[]}],"_links":{"self":[{"href":"https:\/\/oui-oui.es\/blog\/wp-json\/wp\/v2\/posts\/5807","targetHints":{"allow":["GET"]}}],"collection":[{"href":"https:\/\/oui-oui.es\/blog\/wp-json\/wp\/v2\/posts"}],"about":[{"href":"https:\/\/oui-oui.es\/blog\/wp-json\/wp\/v2\/types\/post"}],"author":[{"embeddable":true,"href":"https:\/\/oui-oui.es\/blog\/wp-json\/wp\/v2\/users\/1"}],"replies":[{"embeddable":true,"href":"https:\/\/oui-oui.es\/blog\/wp-json\/wp\/v2\/comments?post=5807"}],"version-history":[{"count":1,"href":"https:\/\/oui-oui.es\/blog\/wp-json\/wp\/v2\/posts\/5807\/revisions"}],"predecessor-version":[{"id":5813,"href":"https:\/\/oui-oui.es\/blog\/wp-json\/wp\/v2\/posts\/5807\/revisions\/5813"}],"wp:featuredmedia":[{"embeddable":true,"href":"https:\/\/oui-oui.es\/blog\/wp-json\/wp\/v2\/media\/5809"}],"wp:attachment":[{"href":"https:\/\/oui-oui.es\/blog\/wp-json\/wp\/v2\/media?parent=5807"}],"wp:term":[{"taxonomy":"category","embeddable":true,"href":"https:\/\/oui-oui.es\/blog\/wp-json\/wp\/v2\/categories?post=5807"},{"taxonomy":"post_tag","embeddable":true,"href":"https:\/\/oui-oui.es\/blog\/wp-json\/wp\/v2\/tags?post=5807"}],"curies":[{"name":"wp","href":"https:\/\/api.w.org\/{rel}","templated":true}]}}