{"id":6024,"date":"2017-07-10T00:01:34","date_gmt":"2017-07-09T22:01:34","guid":{"rendered":"https:\/\/oui-oui.es\/blog\/?p=6024"},"modified":"2017-07-07T14:38:23","modified_gmt":"2017-07-07T12:38:23","slug":"secretos-del-agua-o-como-tener-buena-cara-siempre","status":"publish","type":"post","link":"https:\/\/oui-oui.es\/blog\/secretos-del-agua-o-como-tener-buena-cara-siempre\/","title":{"rendered":"Secretos del agua o c\u00f3mo tener buena cara siempre"},"content":{"rendered":"<p><img loading=\"lazy\" decoding=\"async\" class=\"aligncenter size-large wp-image-6042\" src=\"https:\/\/oui-oui.es\/blog\/wp-content\/uploads\/2017\/07\/Oui-Oui-secretos-del-agua-pureza-1024x573.jpg\" alt=\"\" width=\"1024\" height=\"573\" srcset=\"https:\/\/oui-oui.es\/blog\/wp-content\/uploads\/2017\/07\/Oui-Oui-secretos-del-agua-pureza-1024x573.jpg 1024w, https:\/\/oui-oui.es\/blog\/wp-content\/uploads\/2017\/07\/Oui-Oui-secretos-del-agua-pureza-300x168.jpg 300w, https:\/\/oui-oui.es\/blog\/wp-content\/uploads\/2017\/07\/Oui-Oui-secretos-del-agua-pureza-768x430.jpg 768w, https:\/\/oui-oui.es\/blog\/wp-content\/uploads\/2017\/07\/Oui-Oui-secretos-del-agua-pureza-600x336.jpg 600w, https:\/\/oui-oui.es\/blog\/wp-content\/uploads\/2017\/07\/Oui-Oui-secretos-del-agua-pureza-500x280.jpg 500w, https:\/\/oui-oui.es\/blog\/wp-content\/uploads\/2017\/07\/Oui-Oui-secretos-del-agua-pureza.jpg 1920w\" sizes=\"auto, (max-width: 1024px) 100vw, 1024px\" \/><\/p>\n<p>Este no es un blog de belleza, pero si encuentro algo que me est\u00e9 resultando, \u00a1tengo que compartirlo! y eso me pas\u00f3 con <a href=\"http:\/\/www.secretosdelagua.com\/\" target=\"_blank\" rel=\"noopener\"><strong>Secretos del Agua<\/strong><\/a>; me invitaron a la presentaci\u00f3n de sus productos (como otras tantas invitaciones; no lo digo por presumir, sino para que sep\u00e1is que s\u00f3lo lo cuento luego en el blog si el producto me ha cautivado) y a conocer la marca de una forma m\u00e1s cercana.<\/p>\n<p>Ya en la presentaci\u00f3n nos ganaron por su filosof\u00eda, os dejo con sus palabras que lo explican mejor que yo:<\/p>\n<blockquote><p>Vivimos en un momento de cambio hacia un nuevo mundo, un proceso de evoluci\u00f3n interior que nos hace \u201cDESPERTAR\u201d a una nueva conciencia orientada a valores como la Cultura Universal, la Econom\u00eda Sostenible, La Salud y La Ciencia al servicio del ser humano y de nuestro planeta.<\/p>\n<p>Este gran cambio tambi\u00e9n est\u00e1 rompiendo los viejos paradigmas de la belleza, la sociedad va descartando la \u201cBelleza Artificial\u201d que oculta los problemas de la piel y el cabello y se orienta hacia la \u201cBelleza Real y Saludable\u201d.<\/p>\n<p>Secretos del Agua\u2122 nace con esta visi\u00f3n, productos y tratamientos sin agresi\u00f3n, sin sustancias t\u00f3xicas y con el Agua Biopolar\u2122 como su principal elemento.\u2028 Profesionales de la Belleza que con su esfuerzo de cambio desean poner su grano de arena a un impulso de Cambio Global.<\/p><\/blockquote>\n<p>Esa Misi\u00f3n; <strong>ofrecer un verdadero sistema de belleza sin agresi\u00f3n<\/strong>, me hizo pensar, pues siempre he pensado que una buena cara era signo de estar bien por dentro y, que cuando uno est\u00e1 bien y se cuida con lo b\u00e1sico, apenas hace falta maquillaje. Recuerdo cuando, trabajando en el banco, ve\u00eda a mujeres maquilladas <em>como una puerta<\/em> y yo no me maquillaba, pero ten\u00eda buena cara, una, un d\u00eda me dijo que <strong>a partir de los 30 era imprescinsible maquillarse<\/strong>, que ya lo notar\u00eda&#8230;Dej\u00e9 el banco cinco d\u00edas antes de cumplir los 30 y ahora, con 35, a\u00fan <em>no necesito<\/em> maquillarme&#8230;A veces me doy colorete y, a veces un poco de r\u00edmmel, pero <strong>cuando quiero, no porque me sea imposible salir de casa sin maquillar<\/strong>&#8230;Bueno, que me l\u00edo, me gust\u00f3 su filosof\u00eda de solucionar los problemas est\u00e9ticos sin da\u00f1ar m\u00e1s el organismo, intentando curar desde dentro y recuperando la belleza natural, sin querer <em>atrapar<\/em> a la clienta en tratamientos cont\u00ednuos (como en la peluqer\u00eda, por ejemplo).<\/p>\n<p><img loading=\"lazy\" decoding=\"async\" class=\"aligncenter size-full wp-image-6043\" src=\"https:\/\/oui-oui.es\/blog\/wp-content\/uploads\/2017\/07\/Oui-Oui-secretos-del-agua-cosmetica-natural-crema-despigmentante-efectiva.jpg\" alt=\"\" width=\"600\" height=\"200\" srcset=\"https:\/\/oui-oui.es\/blog\/wp-content\/uploads\/2017\/07\/Oui-Oui-secretos-del-agua-cosmetica-natural-crema-despigmentante-efectiva.jpg 600w, https:\/\/oui-oui.es\/blog\/wp-content\/uploads\/2017\/07\/Oui-Oui-secretos-del-agua-cosmetica-natural-crema-despigmentante-efectiva-300x100.jpg 300w\" sizes=\"auto, (max-width: 600px) 100vw, 600px\" \/><\/p>\n<p>Pero, hasta ah\u00ed, todo eran palabras bonitas&#8230;<strong>Hab\u00eda que probar si, de verdad, aportaban una soluci\u00f3n<\/strong>. Desu\u00e9s de una charla con una de sus expertas, en la que le coment\u00e9 que a mi <strong>me gustar\u00eda tener luminosidad en la cara<\/strong>, que ve\u00eda a esas personas con la piel limpia y brillante, como que desprend\u00edan luz y yo no lo hab\u00eda conseguido con otras cremas (caras o baratas), me recomend\u00f3 la l\u00ednea <a href=\"http:\/\/www.secretosdelagua.com\/iluminante-face-body\/\" target=\"_blank\" rel=\"noopener\">Iluminante <\/a>y empec\u00e9 a usarla todos los d\u00edas (creo que recomiendan ma\u00f1ana y noche, pero la verdad es que yo a\u00fan no consigo tener ritual de belleza por las noches, as\u00ed que s\u00f3lo la he usado por las ma\u00f1anas), llevo us\u00e1ndola dos meses, todos los d\u00edas (hasta me la llevo los findes que nos vamos de viaje porque ya no puedo vivir sin ella!) y <strong>no hay un d\u00eda que alguien no me diga \u00abqu\u00e9 buena cara tienes\u00bb<\/strong>, adem\u00e1s de que me lo noto yo, de hecho, si salgo por la noche, como que necesito volver a hacer los tres pasos (consta de limpiador, s\u00e9rum y crema) antes de arreglarme.<\/p>\n<p><img loading=\"lazy\" decoding=\"async\" class=\"aligncenter size-full wp-image-6045\" src=\"https:\/\/oui-oui.es\/blog\/wp-content\/uploads\/2017\/07\/Oui-Oui-comprar-secretos-del-agua-online-tratamiento-iluminante.jpg\" alt=\"\" width=\"940\" height=\"348\" srcset=\"https:\/\/oui-oui.es\/blog\/wp-content\/uploads\/2017\/07\/Oui-Oui-comprar-secretos-del-agua-online-tratamiento-iluminante.jpg 940w, https:\/\/oui-oui.es\/blog\/wp-content\/uploads\/2017\/07\/Oui-Oui-comprar-secretos-del-agua-online-tratamiento-iluminante-300x111.jpg 300w, https:\/\/oui-oui.es\/blog\/wp-content\/uploads\/2017\/07\/Oui-Oui-comprar-secretos-del-agua-online-tratamiento-iluminante-768x284.jpg 768w, https:\/\/oui-oui.es\/blog\/wp-content\/uploads\/2017\/07\/Oui-Oui-comprar-secretos-del-agua-online-tratamiento-iluminante-600x222.jpg 600w\" sizes=\"auto, (max-width: 940px) 100vw, 940px\" \/><\/p>\n<p>Adem\u00e1s, la <a href=\"http:\/\/www.secretosdelagua.com\/iluminante-face-body\/\" target=\"_blank\" rel=\"noopener\"><strong>l\u00ednea iluminante de Secretos del Agua<\/strong><\/a> es <strong>despigmentante<\/strong>, a m\u00ed, que ten\u00eda bastantes manchitas por la cara, <strong>se me han difuminado<\/strong> unas (y casi desaparecido otras), <strong>de forma incre\u00edbl<\/strong>e&#8230;He probado otras cremas despigmentantes (que, adem\u00e1s, seguro que ten\u00edan compuestos no naturales) y no han funcionado, ni de lejos, como \u00e9sta.<\/p>\n<p>Otro aspecto que he notado mucho es el tema de la <strong>limpieza<\/strong>; antes usaba agua micelar y me parec\u00eda que me dejaba la cara limpia, sin embargo, hab\u00eda zonas en la que necesitaba una limpieza de cutis constantemente (que al final no te haces, y, que, cuando te haces, te dura la cara bien tres d\u00edas), ahora noto esas zonas limpias SIEMPRE, de hecho no necesitar\u00eda hacerme una limpieza.<\/p>\n<p><img loading=\"lazy\" decoding=\"async\" class=\"aligncenter size-full wp-image-6041\" src=\"https:\/\/oui-oui.es\/blog\/wp-content\/uploads\/2017\/07\/Oui-Oui-secretos-del-agua-tratamiento-iluminante-facial.jpg\" alt=\"\" width=\"533\" height=\"723\" srcset=\"https:\/\/oui-oui.es\/blog\/wp-content\/uploads\/2017\/07\/Oui-Oui-secretos-del-agua-tratamiento-iluminante-facial.jpg 533w, https:\/\/oui-oui.es\/blog\/wp-content\/uploads\/2017\/07\/Oui-Oui-secretos-del-agua-tratamiento-iluminante-facial-221x300.jpg 221w, https:\/\/oui-oui.es\/blog\/wp-content\/uploads\/2017\/07\/Oui-Oui-secretos-del-agua-tratamiento-iluminante-facial-300x407.jpg 300w\" sizes=\"auto, (max-width: 533px) 100vw, 533px\" \/><\/p>\n<p>Como hablaba con una amiga el otro d\u00eda, no s\u00f3lo es lo que cuesta un producto, sino lo que te ahorras en otros, este pack tiene un precio aproximado de 80\u20ac en total, <strong>llevo us\u00e1ndolo dos meses y no he gastado ni la mitad de cada bote, por lo que calculo que puede durar unos cuatro meses<\/strong>, en los que , adem\u00e1s, no necesito darme nada m\u00e1s (ni antiarrugas, ni anti ojeras, ni hacerme limpieza de cutis&#8230;), vamos \u00a1que estoy encantada!<\/p>\n<p>Por tanto, tanto si eres una convencida de la cosm\u00e9tica natural, como si no, te recomiendo que pruebes la <a href=\"http:\/\/www.secretosdelagua.com\/\" target=\"_blank\" rel=\"noopener\">l\u00ednea facial de Secretos del Agua!<\/a><\/p>\n<p>Lo \u00fanico malo es que no venden online, s\u00f3lo en salones de peluquer\u00eda, pero puedes ver el que te pille mejor\u00a0 <a href=\"http:\/\/www.secretosdelagua.com\/donde-encontrar-secretos-del-agua\/\" target=\"_blank\" rel=\"noopener\">AQU\u00cd<\/a><\/p>\n<p>Ahora quiero probar su <strong>sal\u00f3n de peluquer\u00eda Mirache<\/strong> , especialmente el alisado que hacen de forma natural \u00bfalguna lo hab\u00e9is probado?<\/p>\n<p>&nbsp;<\/p>\n","protected":false},"excerpt":{"rendered":"<p>Este no es un blog de belleza, pero si encuentro algo que me est\u00e9 resultando, \u00a1tengo que compartirlo! y eso me pas\u00f3 con Secretos del Agua; me invitaron a la presentaci\u00f3n de sus productos (como otras tantas invitaciones; no lo digo por presumir, sino para que sep\u00e1is que s\u00f3lo lo cuento luego en el blog [&hellip;]<\/p>\n","protected":false},"author":1,"featured_media":6042,"comment_status":"open","ping_status":"open","sticky":false,"template":"","format":"standard","meta":{"jetpack_post_was_ever_published":false,"_jetpack_newsletter_access":"","_jetpack_dont_email_post_to_subs":false,"_jetpack_newsletter_tier_id":0,"_jetpack_memberships_contains_paywalled_content":false,"_jetpack_memberships_contains_paid_content":false,"footnotes":"","jetpack_publicize_message":"","jetpack_publicize_feature_enabled":true,"jetpack_social_post_already_shared":true,"jetpack_social_options":{"image_generator_settings":{"template":"highway","default_image_id":0,"font":"","enabled":false},"version":2}},"categories":[177],"tags":[818,817],"class_list":["post-6024","post","type-post","status-publish","format-standard","has-post-thumbnail","hentry","category-lifestyle-2","tag-cosmetica-natural","tag-must"],"aioseo_notices":[],"jetpack_publicize_connections":[],"jetpack_featured_media_url":"https:\/\/oui-oui.es\/blog\/wp-content\/uploads\/2017\/07\/Oui-Oui-secretos-del-agua-pureza.jpg","jetpack_sharing_enabled":true,"jetpack-related-posts":[{"id":4105,"url":"https:\/\/oui-oui.es\/blog\/plan-de-chicas-mimoki-olivia-de-gala-y-bump-green\/","url_meta":{"origin":6024,"position":0},"title":"Plan de Chicas: Mimoki, Olivia de Gala y Bump Green","author":"Mar\u00eda \u2665Oui Oui\u2665","date":"15 marzo, 2016","format":false,"excerpt":"La semana pasada salimos Frida y yo de casa todo el d\u00eda solas, ya hab\u00edamos salido por separado (pude salir a cenar con amigas a los seis d\u00edas de llegar a casa y viene fenomenal!) y juntas pero en familia, que al final no es lo mismo. Con la excusa\u2026","rel":"","context":"En \u00abBoda\u00bb","block_context":{"text":"Boda","link":"https:\/\/oui-oui.es\/blog\/category\/fiestas-celebraciones\/boda\/"},"img":{"alt_text":"","src":"https:\/\/i0.wp.com\/oui-oui.es\/blog\/wp-content\/uploads\/2016\/03\/Oui-Oui-olivia-de-gala-mimoki.jpg?resize=350%2C200&ssl=1","width":350,"height":200,"srcset":"https:\/\/i0.wp.com\/oui-oui.es\/blog\/wp-content\/uploads\/2016\/03\/Oui-Oui-olivia-de-gala-mimoki.jpg?resize=350%2C200&ssl=1 1x, https:\/\/i0.wp.com\/oui-oui.es\/blog\/wp-content\/uploads\/2016\/03\/Oui-Oui-olivia-de-gala-mimoki.jpg?resize=525%2C300&ssl=1 1.5x, https:\/\/i0.wp.com\/oui-oui.es\/blog\/wp-content\/uploads\/2016\/03\/Oui-Oui-olivia-de-gala-mimoki.jpg?resize=700%2C400&ssl=1 2x, https:\/\/i0.wp.com\/oui-oui.es\/blog\/wp-content\/uploads\/2016\/03\/Oui-Oui-olivia-de-gala-mimoki.jpg?resize=1050%2C600&ssl=1 3x, https:\/\/i0.wp.com\/oui-oui.es\/blog\/wp-content\/uploads\/2016\/03\/Oui-Oui-olivia-de-gala-mimoki.jpg?resize=1400%2C800&ssl=1 4x"},"classes":[]},{"id":3099,"url":"https:\/\/oui-oui.es\/blog\/cabo-de-gata-en-familia\/","url_meta":{"origin":6024,"position":1},"title":"Cabo de Gata en familia","author":"Mar\u00eda \u2665Oui Oui\u2665","date":"2 septiembre, 2015","format":false,"excerpt":"Como contaba el otro d\u00eda, este a\u00f1o decidimos buscar un destino de \"playa de calor\" para segurarnos los d\u00edas de playa con Mart\u00edn, pero quer\u00edamos hu\u00edr de las masificaciones, los macro hoteles y los atascos, as\u00ed llegamos a Cabo de Gata. Siendo sincera, seg\u00fan bajamos del coche nos golpe\u00f3 una\u2026","rel":"","context":"En \u00abESTILO DE VIDA\u00bb","block_context":{"text":"ESTILO DE VIDA","link":"https:\/\/oui-oui.es\/blog\/category\/lifestyle-2\/"},"img":{"alt_text":"","src":"https:\/\/i0.wp.com\/oui-oui.es\/blog\/wp-content\/uploads\/2015\/09\/Oui-Oui-cabo-de-gata-con-ni%C3%B1os-agua-amarga.jpg?resize=350%2C200&ssl=1","width":350,"height":200,"srcset":"https:\/\/i0.wp.com\/oui-oui.es\/blog\/wp-content\/uploads\/2015\/09\/Oui-Oui-cabo-de-gata-con-ni%C3%B1os-agua-amarga.jpg?resize=350%2C200&ssl=1 1x, https:\/\/i0.wp.com\/oui-oui.es\/blog\/wp-content\/uploads\/2015\/09\/Oui-Oui-cabo-de-gata-con-ni%C3%B1os-agua-amarga.jpg?resize=525%2C300&ssl=1 1.5x, https:\/\/i0.wp.com\/oui-oui.es\/blog\/wp-content\/uploads\/2015\/09\/Oui-Oui-cabo-de-gata-con-ni%C3%B1os-agua-amarga.jpg?resize=700%2C400&ssl=1 2x, https:\/\/i0.wp.com\/oui-oui.es\/blog\/wp-content\/uploads\/2015\/09\/Oui-Oui-cabo-de-gata-con-ni%C3%B1os-agua-amarga.jpg?resize=1050%2C600&ssl=1 3x, https:\/\/i0.wp.com\/oui-oui.es\/blog\/wp-content\/uploads\/2015\/09\/Oui-Oui-cabo-de-gata-con-ni%C3%B1os-agua-amarga.jpg?resize=1400%2C800&ssl=1 4x"},"classes":[]},{"id":9996,"url":"https:\/\/oui-oui.es\/blog\/las-nuevas-tecnologias-y-los-ninos-estudio-tenemoslike\/","url_meta":{"origin":6024,"position":2},"title":"Las nuevas tecnolog\u00edas y los ni\u00f1os | Estudio #TenemosLike","author":"Mar\u00eda \u2665Oui Oui\u2665","date":"18 julio, 2019","format":false,"excerpt":"Esta ma\u00f1ana he acudido a la presentaci\u00f3n del estudio #TenemosLike realizado por el Club de Malasmadres y Movistar tomando como muestra madres del Club. Me interesaba mucho porque es un tema que me preocupa a futuro, mis hijos son peque\u00f1os y, con mucho esfuerzo, a\u00fan no utilizan dispositivos. El estudio\u2026","rel":"","context":"En \u00abEDUCACI\u00d3N\u00bb","block_context":{"text":"EDUCACI\u00d3N","link":"https:\/\/oui-oui.es\/blog\/category\/educacion\/"},"img":{"alt_text":"","src":"https:\/\/i0.wp.com\/oui-oui.es\/blog\/wp-content\/uploads\/2019\/07\/Oui-Oui-uso-dispositivos-moviles-hijos-.jpg?resize=350%2C200&ssl=1","width":350,"height":200},"classes":[]},{"id":3472,"url":"https:\/\/oui-oui.es\/blog\/el-estilo-que-te-hace-feliz-andrea-amoretti\/","url_meta":{"origin":6024,"position":3},"title":"El Estilo que te hace Feliz | Andrea Amoretti","author":"Mar\u00eda \u2665Oui Oui\u2665","date":"8 octubre, 2015","format":false,"excerpt":"Para escribir de estilo hay que tenerlo, no s\u00f3lo en la forma de vestir, sino en la mirada, en la actitud y en las palabras. Y Andrea lo tiene, tiene algo m\u00e1s que estilo, tiene magia en el brillo de sus ojos y una serenidad que se te cuela por\u2026","rel":"","context":"En \u00abD\u00eda de la Madre\u00bb","block_context":{"text":"D\u00eda de la Madre","link":"https:\/\/oui-oui.es\/blog\/category\/no-se-que-regalar\/dia-de-la-madre\/"},"img":{"alt_text":"","src":"https:\/\/i0.wp.com\/oui-oui.es\/blog\/wp-content\/uploads\/2015\/10\/Oui-Oui-andrea-amoretti-el-estilo-que-te-hace-feliz-tips-estilo-para-llevar-sombrero-demayor-hay-que-llevar-corona-de-pequen%CC%83a.png?resize=350%2C200&ssl=1","width":350,"height":200,"srcset":"https:\/\/i0.wp.com\/oui-oui.es\/blog\/wp-content\/uploads\/2015\/10\/Oui-Oui-andrea-amoretti-el-estilo-que-te-hace-feliz-tips-estilo-para-llevar-sombrero-demayor-hay-que-llevar-corona-de-pequen%CC%83a.png?resize=350%2C200&ssl=1 1x, https:\/\/i0.wp.com\/oui-oui.es\/blog\/wp-content\/uploads\/2015\/10\/Oui-Oui-andrea-amoretti-el-estilo-que-te-hace-feliz-tips-estilo-para-llevar-sombrero-demayor-hay-que-llevar-corona-de-pequen%CC%83a.png?resize=525%2C300&ssl=1 1.5x"},"classes":[]},{"id":4458,"url":"https:\/\/oui-oui.es\/blog\/saint-maxime-by-suarez\/","url_meta":{"origin":6024,"position":4},"title":"Saint-Maxime by Su\u00e1rez","author":"Mar\u00eda \u2665Oui Oui\u2665","date":"10 junio, 2016","format":false,"excerpt":"Despu\u00e9s de una temporada de oda al blanco, el color est\u00e1 tomando protagonismo en las novias, primero lleg\u00f3 a la manicura, despu\u00e9s a los vestidos y ahora la joyer\u00eda Su\u00e1rez nos sorprende incluyendo piedras de color en su colecci\u00f3n de Compromiso eligiendo la aguamarina, la morganita\u00a0 y\u00a0 tanzanita para realzar\u2026","rel":"","context":"En \u00abBoda\u00bb","block_context":{"text":"Boda","link":"https:\/\/oui-oui.es\/blog\/category\/fiestas-celebraciones\/boda\/"},"img":{"alt_text":"","src":"https:\/\/i0.wp.com\/oui-oui.es\/blog\/wp-content\/uploads\/2016\/06\/Oui-Oui-coleccion-compromiso-suarez-2016-anillos-pedida-con-color-13.jpg?resize=350%2C200&ssl=1","width":350,"height":200,"srcset":"https:\/\/i0.wp.com\/oui-oui.es\/blog\/wp-content\/uploads\/2016\/06\/Oui-Oui-coleccion-compromiso-suarez-2016-anillos-pedida-con-color-13.jpg?resize=350%2C200&ssl=1 1x, https:\/\/i0.wp.com\/oui-oui.es\/blog\/wp-content\/uploads\/2016\/06\/Oui-Oui-coleccion-compromiso-suarez-2016-anillos-pedida-con-color-13.jpg?resize=525%2C300&ssl=1 1.5x, https:\/\/i0.wp.com\/oui-oui.es\/blog\/wp-content\/uploads\/2016\/06\/Oui-Oui-coleccion-compromiso-suarez-2016-anillos-pedida-con-color-13.jpg?resize=700%2C400&ssl=1 2x, https:\/\/i0.wp.com\/oui-oui.es\/blog\/wp-content\/uploads\/2016\/06\/Oui-Oui-coleccion-compromiso-suarez-2016-anillos-pedida-con-color-13.jpg?resize=1050%2C600&ssl=1 3x, https:\/\/i0.wp.com\/oui-oui.es\/blog\/wp-content\/uploads\/2016\/06\/Oui-Oui-coleccion-compromiso-suarez-2016-anillos-pedida-con-color-13.jpg?resize=1400%2C800&ssl=1 4x"},"classes":[]},{"id":4730,"url":"https:\/\/oui-oui.es\/blog\/thinkoteca-ocio-y-educacion-emocional\/","url_meta":{"origin":6024,"position":5},"title":"Thinkoteca; ocio y educaci\u00f3n emocional","author":"Mar\u00eda \u2665Oui Oui\u2665","date":"10 octubre, 2016","format":false,"excerpt":"Empieza una semana cortita, cojas o no puente es una semana facilona as\u00ed que si te quedas en Madrid te propongo que aproveches las jornadas abiertas de Thinkoteca para conocer sus clases y talleres de forma gratuita. Thinkoteca es un lugar donde los ni\u00f1os podr\u00e1n explorar y divertirse realizando actividades\u2026","rel":"","context":"En \u00abNI\u00d1OS Y NI\u00d1AS\u00bb","block_context":{"text":"NI\u00d1OS Y NI\u00d1AS","link":"https:\/\/oui-oui.es\/blog\/category\/ninos\/"},"img":{"alt_text":"","src":"https:\/\/i0.wp.com\/oui-oui.es\/blog\/wp-content\/uploads\/2016\/10\/Oui-Oui-thinkoteca-talleres-emocionales-robotica.jpg?resize=350%2C200&ssl=1","width":350,"height":200},"classes":[]}],"_links":{"self":[{"href":"https:\/\/oui-oui.es\/blog\/wp-json\/wp\/v2\/posts\/6024","targetHints":{"allow":["GET"]}}],"collection":[{"href":"https:\/\/oui-oui.es\/blog\/wp-json\/wp\/v2\/posts"}],"about":[{"href":"https:\/\/oui-oui.es\/blog\/wp-json\/wp\/v2\/types\/post"}],"author":[{"embeddable":true,"href":"https:\/\/oui-oui.es\/blog\/wp-json\/wp\/v2\/users\/1"}],"replies":[{"embeddable":true,"href":"https:\/\/oui-oui.es\/blog\/wp-json\/wp\/v2\/comments?post=6024"}],"version-history":[{"count":2,"href":"https:\/\/oui-oui.es\/blog\/wp-json\/wp\/v2\/posts\/6024\/revisions"}],"predecessor-version":[{"id":6049,"href":"https:\/\/oui-oui.es\/blog\/wp-json\/wp\/v2\/posts\/6024\/revisions\/6049"}],"wp:featuredmedia":[{"embeddable":true,"href":"https:\/\/oui-oui.es\/blog\/wp-json\/wp\/v2\/media\/6042"}],"wp:attachment":[{"href":"https:\/\/oui-oui.es\/blog\/wp-json\/wp\/v2\/media?parent=6024"}],"wp:term":[{"taxonomy":"category","embeddable":true,"href":"https:\/\/oui-oui.es\/blog\/wp-json\/wp\/v2\/categories?post=6024"},{"taxonomy":"post_tag","embeddable":true,"href":"https:\/\/oui-oui.es\/blog\/wp-json\/wp\/v2\/tags?post=6024"}],"curies":[{"name":"wp","href":"https:\/\/api.w.org\/{rel}","templated":true}]}}