{"id":636,"date":"2013-03-19T11:47:25","date_gmt":"2013-03-19T10:47:25","guid":{"rendered":"http:\/\/ouiouiblog.wordpress.com\/?p=589"},"modified":"2013-03-19T11:47:25","modified_gmt":"2013-03-19T10:47:25","slug":"ya-estamos-online","status":"publish","type":"post","link":"https:\/\/oui-oui.es\/blog\/ya-estamos-online\/","title":{"rendered":"Ya estamos online!!"},"content":{"rendered":"<p><a href=\"http:\/\/www.oui-oui.es\"><img loading=\"lazy\" decoding=\"async\" class=\"size-full wp-image-590 alignnone\" alt=\"photo\" src=\"http:\/\/ouiouiblog.files.wordpress.com\/2013\/03\/photo.jpg\" width=\"529\" height=\"705\" \/><\/a><\/p>\n","protected":false},"excerpt":{"rendered":"","protected":false},"author":1,"featured_media":590,"comment_status":"open","ping_status":"open","sticky":false,"template":"","format":"image","meta":{"jetpack_post_was_ever_published":false,"_jetpack_newsletter_access":"","_jetpack_dont_email_post_to_subs":false,"_jetpack_newsletter_tier_id":0,"_jetpack_memberships_contains_paywalled_content":false,"_jetpack_memberships_contains_paid_content":false,"footnotes":"","jetpack_publicize_message":"","jetpack_publicize_feature_enabled":true,"jetpack_social_post_already_shared":false,"jetpack_social_options":{"image_generator_settings":{"template":"highway","default_image_id":0,"font":"","enabled":false},"version":2}},"categories":[13],"tags":[],"class_list":["post-636","post","type-post","status-publish","format-image","has-post-thumbnail","hentry","category-oui-oui","post_format-post-format-image"],"aioseo_notices":[],"jetpack_publicize_connections":[],"jetpack_featured_media_url":"https:\/\/oui-oui.es\/blog\/wp-content\/uploads\/twitter.png","jetpack_sharing_enabled":true,"jetpack-related-posts":[{"id":2727,"url":"https:\/\/oui-oui.es\/blog\/un-verano-de-por-lo-menos-dos-meses\/","url_meta":{"origin":636,"position":0},"title":"Un verano de, por lo menos, dos meses","author":"Mar\u00eda \u2665Oui Oui\u2665","date":"3 julio, 2015","format":false,"excerpt":"Ya estamos en julio y me niego a que llegue agosto y medio verano haya pasado ante m\u00ed sin enterarme as\u00ed que desde el d\u00eda uno me he propuesto vivir cada d\u00eda plenamente consciente de que es verano, aunque trabaje por las ma\u00f1anas, voy a intentar hacer un plan cada\u2026","rel":"","context":"En \u00abESTILO DE VIDA\u00bb","block_context":{"text":"ESTILO DE VIDA","link":"https:\/\/oui-oui.es\/blog\/category\/lifestyle-2\/"},"img":{"alt_text":"","src":"https:\/\/i0.wp.com\/oui-oui.es\/blog\/wp-content\/uploads\/Oui-Oui-helado-de-cereza.jpg?resize=350%2C200&ssl=1","width":350,"height":200},"classes":[]},{"id":3777,"url":"https:\/\/oui-oui.es\/blog\/empezamos-a-decorar-la-navidad\/","url_meta":{"origin":636,"position":1},"title":"\u00bfEmpezamos a decorar la Navidad?","author":"Mar\u00eda \u2665Oui Oui\u2665","date":"19 noviembre, 2015","format":false,"excerpt":"Tradicionalmente he empezado a decorar la casa en el puente de diciembre (cuando no estaba esquiando los \u00faltimos a\u00f1os), pero ya me pas\u00f3 el a\u00f1o pasado que, como pasamos varios d\u00edas de Navidad fuera de Madrid, me aprece que \"no he vivido\" la Navidad en casa lo suficiente...As\u00ed que ayer\u2026","rel":"","context":"En \u00abNavidad\u00bb","block_context":{"text":"Navidad","link":"https:\/\/oui-oui.es\/blog\/category\/fiestas-celebraciones\/navidad\/"},"img":{"alt_text":"","src":"https:\/\/i0.wp.com\/oui-oui.es\/blog\/wp-content\/uploads\/2015\/11\/Oui-Oui-arbol-navidad-ramas-arbol-navidad-troncos-colgador-christmas.jpg?resize=350%2C200&ssl=1","width":350,"height":200,"srcset":"https:\/\/i0.wp.com\/oui-oui.es\/blog\/wp-content\/uploads\/2015\/11\/Oui-Oui-arbol-navidad-ramas-arbol-navidad-troncos-colgador-christmas.jpg?resize=350%2C200&ssl=1 1x, https:\/\/i0.wp.com\/oui-oui.es\/blog\/wp-content\/uploads\/2015\/11\/Oui-Oui-arbol-navidad-ramas-arbol-navidad-troncos-colgador-christmas.jpg?resize=525%2C300&ssl=1 1.5x"},"classes":[]},{"id":850,"url":"https:\/\/oui-oui.es\/blog\/novedades-novedosas-en-oui-oui-estamos-a-tope\/","url_meta":{"origin":636,"position":2},"title":"Novedades novedosas en Oui Oui&#8230;Estamos a tope!","author":"Mar\u00eda \u2665Oui Oui\u2665","date":"25 junio, 2013","format":false,"excerpt":"Aunque me gusta contaros las Novedades de la tienda los lunes esta semana ser\u00e1 un poco diferente porque est\u00e1n llegando tantas cosas que no doy abasto!!, de hecho habr\u00e1 m\u00e1s novedades entre hoy y ma\u00f1ana...Pero de momento os cuento las que ya tenemos en la tienda ;) Como estas tazas\u2026","rel":"","context":"En \u00abBoda\u00bb","block_context":{"text":"Boda","link":"https:\/\/oui-oui.es\/blog\/category\/fiestas-celebraciones\/boda\/"},"img":{"alt_text":"","src":"https:\/\/i0.wp.com\/oui-oui.es\/blog\/wp-content\/uploads\/oui-oui-bandeja-madera-fruta-fresas.jpg?resize=350%2C200&ssl=1","width":350,"height":200,"srcset":"https:\/\/i0.wp.com\/oui-oui.es\/blog\/wp-content\/uploads\/oui-oui-bandeja-madera-fruta-fresas.jpg?resize=350%2C200&ssl=1 1x, https:\/\/i0.wp.com\/oui-oui.es\/blog\/wp-content\/uploads\/oui-oui-bandeja-madera-fruta-fresas.jpg?resize=525%2C300&ssl=1 1.5x"},"classes":[]},{"id":1144,"url":"https:\/\/oui-oui.es\/blog\/estamos-de-rebajas\/","url_meta":{"origin":636,"position":3},"title":"\u00a1Estamos de Rebajas!","author":"Mar\u00eda \u2665Oui Oui\u2665","date":"23 enero, 2014","format":false,"excerpt":"\u00bfNo os hab\u00edais enterado? Pues corre que hay pocas unidades de casi todo!, la idea es liquidar algunos productos para dejar hueco a otros nuevos y ofreceros la oportunidad de comprar m\u00e1s barato otros productos que seguir\u00e1n...En cualquier caso es momento de aprovechar! En la secci\u00f3n rebajas pod\u00e9is ver todo...Muchos\u2026","rel":"","context":"En \u00abOUI OUI\u00bb","block_context":{"text":"OUI OUI","link":"https:\/\/oui-oui.es\/blog\/category\/oui-oui\/"},"img":{"alt_text":"","src":"https:\/\/i0.wp.com\/oui-oui.es\/blog\/wp-content\/uploads\/2014\/01\/oui-oui-rebajas-enero.jpg?resize=350%2C200&ssl=1","width":350,"height":200,"srcset":"https:\/\/i0.wp.com\/oui-oui.es\/blog\/wp-content\/uploads\/2014\/01\/oui-oui-rebajas-enero.jpg?resize=350%2C200&ssl=1 1x, https:\/\/i0.wp.com\/oui-oui.es\/blog\/wp-content\/uploads\/2014\/01\/oui-oui-rebajas-enero.jpg?resize=525%2C300&ssl=1 1.5x, https:\/\/i0.wp.com\/oui-oui.es\/blog\/wp-content\/uploads\/2014\/01\/oui-oui-rebajas-enero.jpg?resize=700%2C400&ssl=1 2x"},"classes":[]},{"id":5129,"url":"https:\/\/oui-oui.es\/blog\/oui-oui-loves-mexico-frida\/","url_meta":{"origin":636,"position":4},"title":"Oui Oui loves M\u00e9xico | Frida","author":"Mar\u00eda \u2665Oui Oui\u2665","date":"13 febrero, 2017","format":false,"excerpt":"Ten\u00eda muchas ganas de lanzar esta nueva secci\u00f3n y no pod\u00eda llamarse de otra forma que FRIDA, una secci\u00f3n en la que plasmar nuestro amor por m\u00e9xico, por su cultura, colores, por su m\u00fasica, gastrono\u00eda e iconograf\u00eda...Desde el comienzo de Oui Oui hemos ido trayendo productos mexicanos gracias a nuestras\u2026","rel":"","context":"En \u00abOUI OUI\u00bb","block_context":{"text":"OUI OUI","link":"https:\/\/oui-oui.es\/blog\/category\/oui-oui\/"},"img":{"alt_text":"","src":"https:\/\/i0.wp.com\/oui-oui.es\/blog\/wp-content\/uploads\/2017\/02\/Oui-Oui-babyshoer-Frida-mexicana-elena-bau-eventos-colorin-10.jpg?resize=350%2C200&ssl=1","width":350,"height":200,"srcset":"https:\/\/i0.wp.com\/oui-oui.es\/blog\/wp-content\/uploads\/2017\/02\/Oui-Oui-babyshoer-Frida-mexicana-elena-bau-eventos-colorin-10.jpg?resize=350%2C200&ssl=1 1x, https:\/\/i0.wp.com\/oui-oui.es\/blog\/wp-content\/uploads\/2017\/02\/Oui-Oui-babyshoer-Frida-mexicana-elena-bau-eventos-colorin-10.jpg?resize=525%2C300&ssl=1 1.5x, https:\/\/i0.wp.com\/oui-oui.es\/blog\/wp-content\/uploads\/2017\/02\/Oui-Oui-babyshoer-Frida-mexicana-elena-bau-eventos-colorin-10.jpg?resize=700%2C400&ssl=1 2x, https:\/\/i0.wp.com\/oui-oui.es\/blog\/wp-content\/uploads\/2017\/02\/Oui-Oui-babyshoer-Frida-mexicana-elena-bau-eventos-colorin-10.jpg?resize=1050%2C600&ssl=1 3x, https:\/\/i0.wp.com\/oui-oui.es\/blog\/wp-content\/uploads\/2017\/02\/Oui-Oui-babyshoer-Frida-mexicana-elena-bau-eventos-colorin-10.jpg?resize=1400%2C800&ssl=1 4x"},"classes":[]},{"id":530,"url":"https:\/\/oui-oui.es\/blog\/tic-tac-tic-tac\/","url_meta":{"origin":636,"position":5},"title":"Tic tac, tic tac","author":"Mar\u00eda \u2665Oui Oui\u2665","date":"1 febrero, 2013","format":false,"excerpt":"Como s\u00e1beis, y si no lo sab\u00e9is os lo digo ya, en breve lanzaremos nuestra tienda online con un mont\u00f3n de cosas para llenar la boda de detalles, regalar a los invitados y decorar la casa. As\u00ed que hoy nos vamos unos d\u00edas en busca de nuevos productos!!, ya he\u2026","rel":"","context":"En \u00abBoda\u00bb","block_context":{"text":"Boda","link":"https:\/\/oui-oui.es\/blog\/category\/fiestas-celebraciones\/boda\/"},"img":{"alt_text":"","src":"https:\/\/i0.wp.com\/oui-oui.es\/blog\/wp-content\/uploads\/oui-oui-blog-guirnalda-tiras-papel.jpg?resize=350%2C200&ssl=1","width":350,"height":200,"srcset":"https:\/\/i0.wp.com\/oui-oui.es\/blog\/wp-content\/uploads\/oui-oui-blog-guirnalda-tiras-papel.jpg?resize=350%2C200&ssl=1 1x, https:\/\/i0.wp.com\/oui-oui.es\/blog\/wp-content\/uploads\/oui-oui-blog-guirnalda-tiras-papel.jpg?resize=525%2C300&ssl=1 1.5x"},"classes":[]}],"_links":{"self":[{"href":"https:\/\/oui-oui.es\/blog\/wp-json\/wp\/v2\/posts\/636","targetHints":{"allow":["GET"]}}],"collection":[{"href":"https:\/\/oui-oui.es\/blog\/wp-json\/wp\/v2\/posts"}],"about":[{"href":"https:\/\/oui-oui.es\/blog\/wp-json\/wp\/v2\/types\/post"}],"author":[{"embeddable":true,"href":"https:\/\/oui-oui.es\/blog\/wp-json\/wp\/v2\/users\/1"}],"replies":[{"embeddable":true,"href":"https:\/\/oui-oui.es\/blog\/wp-json\/wp\/v2\/comments?post=636"}],"version-history":[{"count":0,"href":"https:\/\/oui-oui.es\/blog\/wp-json\/wp\/v2\/posts\/636\/revisions"}],"wp:featuredmedia":[{"embeddable":true,"href":"https:\/\/oui-oui.es\/blog\/wp-json\/wp\/v2\/media\/590"}],"wp:attachment":[{"href":"https:\/\/oui-oui.es\/blog\/wp-json\/wp\/v2\/media?parent=636"}],"wp:term":[{"taxonomy":"category","embeddable":true,"href":"https:\/\/oui-oui.es\/blog\/wp-json\/wp\/v2\/categories?post=636"},{"taxonomy":"post_tag","embeddable":true,"href":"https:\/\/oui-oui.es\/blog\/wp-json\/wp\/v2\/tags?post=636"}],"curies":[{"name":"wp","href":"https:\/\/api.w.org\/{rel}","templated":true}]}}