{"id":637,"date":"2013-03-21T00:00:05","date_gmt":"2013-03-20T23:00:05","guid":{"rendered":"http:\/\/ouiouiblog.wordpress.com\/?p=593"},"modified":"2013-03-21T00:00:05","modified_gmt":"2013-03-20T23:00:05","slug":"como-encargar-hamburguesas-del-mc-donalds-de-recena","status":"publish","type":"post","link":"https:\/\/oui-oui.es\/blog\/como-encargar-hamburguesas-del-mc-donalds-de-recena\/","title":{"rendered":"C\u00f3mo encargar hamburguesas del Mc Donalds de recena"},"content":{"rendered":"<div id=\"attachment_163\" style=\"width: 539px\" class=\"wp-caption aligncenter\"><a href=\"http:\/\/ouiouiblog.files.wordpress.com\/2012\/11\/oui-oui-boda-ma-recena-original-hamburguesas-mc-donalds.jpg\"><img loading=\"lazy\" decoding=\"async\" aria-describedby=\"caption-attachment-163\" class=\"size-full wp-image-163\" alt=\"\u00aeOui Oui\" src=\"http:\/\/ouiouiblog.files.wordpress.com\/2012\/11\/oui-oui-boda-ma-recena-original-hamburguesas-mc-donalds.jpg\" width=\"529\" height=\"396\" srcset=\"https:\/\/oui-oui.es\/blog\/wp-content\/uploads\/oui-oui-boda-ma-recena-original-hamburguesas-mc-donalds.jpg 2048w, https:\/\/oui-oui.es\/blog\/wp-content\/uploads\/oui-oui-boda-ma-recena-original-hamburguesas-mc-donalds-300x225.jpg 300w, https:\/\/oui-oui.es\/blog\/wp-content\/uploads\/oui-oui-boda-ma-recena-original-hamburguesas-mc-donalds-1024x768.jpg 1024w\" sizes=\"auto, (max-width: 529px) 100vw, 529px\" \/><\/a><p id=\"caption-attachment-163\" class=\"wp-caption-text\">\u00aeOui Oui<\/p><\/div>\n<p style=\"text-align:center;\">Sois varias las que me hab\u00e9is escrito preguntando c\u00f3mo hicimos para encargar las <strong>hamburguesas del Mc Donalds como recena<\/strong>, algunas de <strong>Asturias<\/strong> para saber concretamente en cu\u00e1l y otras de otras zonas de Espa\u00f1a para saber si hab\u00eda que avisar, si llegaban fr\u00edas&#8230;As\u00ed que aqu\u00ed est\u00e1 el post resumen!.<\/p>\n<p style=\"text-align:center;\"><strong>\u00bfComo lo hicimos?<\/strong>, pues <strong>un mes antes<\/strong> aproximadamente <strong>llamamos<\/strong> al Mc Donalds que quedaba m\u00e1s cerca -a 65km!!- (si no recuerdo mal es uno cercano a Gij\u00f3n, cerca de un Centro Comercial, que abre hasta tarde o 24h), cuando llam\u00e9 y le cont\u00e9 al encargado lo que quer\u00eda hacer, para mi sorpresa, el encargado s\u00f3lo me dijo, sin ning\u00fan problema, <strong>llama la misma noche media hora antes&#8230;<\/strong>Yo insist\u00ed en si hab\u00eda alguna forma de encargarlas, dejarlas pagadas u organizarlo de alguna forma un poco m\u00e1s cerrada, no a la suerte de esa noche&#8230;Pero no hubo forma.<\/p>\n<p style=\"text-align:center;\"><a href=\"http:\/\/ouiouiblog.files.wordpress.com\/2013\/03\/oui-oui-hamburguesas-mc-donalds-recena-boda-asturias.jpg\"><img loading=\"lazy\" decoding=\"async\" class=\"aligncenter size-full wp-image-595\" alt=\"Oui Oui-hamburguesas-mc donalds-recena-boda-asturias\" src=\"http:\/\/ouiouiblog.files.wordpress.com\/2013\/03\/oui-oui-hamburguesas-mc-donalds-recena-boda-asturias.jpg\" width=\"529\" height=\"648\" \/><\/a><\/p>\n<p style=\"text-align:center;\">Entonces habl\u00e9 con <strong>\u00c1ngel<\/strong>, el responsable del <a href=\"http:\/\/www.palacioderubianes.com\/\" target=\"_blank\">palacio <\/a>donde nos cas\u00e1bamos y quedamos en que <strong>\u00e9l llamar\u00eda, yo ya hab\u00eda hablado con un taxista y estar\u00eda a las 2 de la ma\u00f1ana<\/strong> en el <a href=\"http:\/\/www.mcdonalds.es\/\" target=\"_blank\"><strong>Mc Donalds<\/strong><\/a> y entonces me despreocup\u00e9&#8230;Hasta que en medio de las copas y el baile \u00c1ngel me avisa de que el encargado que est\u00e1 en ese momento en el Mc. Donalds <strong>no se cree que el encargo de tantas hamburguesas sea cierto y que no se pone a prepararlas antes!!<\/strong> (entonces el taxista tendr\u00eda que esperar una barbaridad all\u00ed y als hamburguesas llegar\u00edan tard\u00edsimo), no hab\u00eda forma de convencerle hasta que <strong>me puse al tel\u00e9fono y le dije que yo era la novia, que otro encargado me hab\u00eda dicho un mes antes que podr\u00edamos hacerlo as\u00ed y que si quer\u00eda las pagaba m\u00e1s caras, le dejaba mi tarjeta, lo que fuera pero que era mi boda y no me pod\u00eda quedar sin recena!!<\/strong> (aunque ten\u00edamos unos bollitos pre\u00f1aos buen\u00edsimos de mi <a href=\"http:\/\/11870.com\/pro\/panaderia-la-espiga-oro\" target=\"_blank\">panader\u00eda favorita en Ribadesella<\/a>).<\/p>\n<p style=\"text-align:center;\"><a href=\"http:\/\/ouiouiblog.files.wordpress.com\/2013\/03\/oui-oui-hamburguesas-mc-donalds-recena-boda.jpg\"><img loading=\"lazy\" decoding=\"async\" class=\"aligncenter size-full wp-image-594\" alt=\"Oui Oui-hamburguesas-mc donalds-recena-boda\" src=\"http:\/\/ouiouiblog.files.wordpress.com\/2013\/03\/oui-oui-hamburguesas-mc-donalds-recena-boda.jpg\" width=\"500\" height=\"667\" \/><\/a><\/p>\n<p style=\"text-align:center;\">En ese momento el chico <strong>debi\u00f3 darse cuenta de que era cierto<\/strong> (no hac\u00eda m\u00e1s que decirme que pod\u00eda ser una broma el encargo!!) y se pusieron a hacerlas,<strong> las hamburguesas llegaron sobre las 2.30 de la ma\u00f1ana en perfecto estado<\/strong> (no fr\u00edas, como me pregunt\u00e1bais, o igual aesas horas no apreciamos bien la temperatura&#8230;je,je)<\/p>\n<p style=\"text-align:center;\"><strong>Fueron un exitazo<\/strong>, la gente <strong>se las llev\u00f3 en los buses de vuelta<\/strong>, m\u00e1s de uno se la <strong>guard\u00f3 en el bolsillo interior del traje como si fuera la cartera<\/strong> y nosotros nos subimos varias a la habitaci\u00f3n al final de la noche.<\/p>\n<p style=\"text-align:center;\">Si lo vais a hacer y<strong> pod\u00e9is acercaros al Mc Donalds<\/strong>, yo lo har\u00eda (en mi caso lo gestion\u00e9 todo por tel\u00e9fono desde Madrid), para que al veros en persona <strong>os confirmen qui\u00e9n va a estar de encargado esa noche<\/strong>, si se pueden encargar con una se\u00f1al&#8230;En el Mc Donalds que nosotros lo hicimos nunca hab\u00edan vivido algo similar, pero quiz\u00e1s en Madrid o en ciudades m\u00e1s grandes ya hayan tenido encargos de esas cantidades&#8230;<\/p>\n<p style=\"text-align:center;\">Bueno, espero haberos ayudado!!, las <em>\u00abhamburguesas de 1\u20ac\u00bb<\/em> siempre han sido <strong>mis favoritas del Mc Donalds<\/strong>, las sigo pidiendo cuando voy y ahora siempre <strong>me recuerdan a la boda<\/strong> \ud83d\ude09<\/p>\n","protected":false},"excerpt":{"rendered":"<p>Sois varias las que me hab\u00e9is escrito preguntando c\u00f3mo hicimos para encargar las hamburguesas del Mc Donalds como recena, algunas de Asturias para saber concretamente en cu\u00e1l y otras de otras zonas de Espa\u00f1a para saber si hab\u00eda que avisar, si llegaban fr\u00edas&#8230;As\u00ed que aqu\u00ed est\u00e1 el post resumen!. \u00bfComo lo hicimos?, pues un mes [&hellip;]<\/p>\n","protected":false},"author":1,"featured_media":163,"comment_status":"open","ping_status":"open","sticky":false,"template":"","format":"standard","meta":{"jetpack_post_was_ever_published":false,"_jetpack_newsletter_access":"","_jetpack_dont_email_post_to_subs":false,"_jetpack_newsletter_tier_id":0,"_jetpack_memberships_contains_paywalled_content":false,"_jetpack_memberships_contains_paid_content":false,"footnotes":"","jetpack_publicize_message":"","jetpack_publicize_feature_enabled":true,"jetpack_social_post_already_shared":false,"jetpack_social_options":{"image_generator_settings":{"template":"highway","default_image_id":0,"font":"","enabled":false},"version":2}},"categories":[704],"tags":[726],"class_list":["post-637","post","type-post","status-publish","format-standard","has-post-thumbnail","hentry","category-boda","tag-recena"],"aioseo_notices":[],"jetpack_publicize_connections":[],"jetpack_featured_media_url":"https:\/\/oui-oui.es\/blog\/wp-content\/uploads\/oui-oui-boda-ma-recena-original-hamburguesas-mc-donalds.jpg","jetpack_sharing_enabled":true,"jetpack-related-posts":[{"id":487,"url":"https:\/\/oui-oui.es\/blog\/sorprende-con-la-recena\/","url_meta":{"origin":637,"position":0},"title":"Sorprende con la recena","author":"Mar\u00eda \u2665Oui Oui\u2665","date":"28 enero, 2013","format":false,"excerpt":"Uno de los momentos de la boda que est\u00e1 ganando protagonismo en la bodas en los \u00faltimos a\u00f1os es la recena, a la gente te la ganas por el est\u00f3mago y si bien es cierto que demasiados platos en el men\u00fa pueden resultar obscenos (yo s\u00e9 de uno que se\u2026","rel":"","context":"En \u00abBoda\u00bb","block_context":{"text":"Boda","link":"https:\/\/oui-oui.es\/blog\/category\/fiestas-celebraciones\/boda\/"},"img":{"alt_text":"","src":"https:\/\/i0.wp.com\/oui-oui.es\/blog\/wp-content\/uploads\/oui-oui-blog-mesa-dulces-boho-chic.jpg?resize=350%2C200&ssl=1","width":350,"height":200,"srcset":"https:\/\/i0.wp.com\/oui-oui.es\/blog\/wp-content\/uploads\/oui-oui-blog-mesa-dulces-boho-chic.jpg?resize=350%2C200&ssl=1 1x, https:\/\/i0.wp.com\/oui-oui.es\/blog\/wp-content\/uploads\/oui-oui-blog-mesa-dulces-boho-chic.jpg?resize=525%2C300&ssl=1 1.5x"},"classes":[]},{"id":2932,"url":"https:\/\/oui-oui.es\/blog\/churros-de-sabores\/","url_meta":{"origin":637,"position":1},"title":"Churros de sabores","author":"Mar\u00eda \u2665Oui Oui\u2665","date":"5 agosto, 2015","format":false,"excerpt":"Aunque no son mi desayuno predilecto de vez en cuando s\u00ed que apetecen unos churros calentitos, con az\u00facar por encima, los de siempre, y , depende de si est\u00e1s, tambi\u00e9n, acabando la noche (o antes de esquiar, por ejemplo); con chocolate. Pero no est\u00e1 de m\u00e1s saber que existen unos\u2026","rel":"","context":"En \u00abFIESTAS y CELEBRACIONES\u00bb","block_context":{"text":"FIESTAS y CELEBRACIONES","link":"https:\/\/oui-oui.es\/blog\/category\/fiestas-celebraciones\/"},"img":{"alt_text":"","src":"https:\/\/i0.wp.com\/oui-oui.es\/blog\/wp-content\/uploads\/2015\/08\/Oui-Oui-churros-de-sabores-queens-bakery.jpg?resize=350%2C200&ssl=1","width":350,"height":200,"srcset":"https:\/\/i0.wp.com\/oui-oui.es\/blog\/wp-content\/uploads\/2015\/08\/Oui-Oui-churros-de-sabores-queens-bakery.jpg?resize=350%2C200&ssl=1 1x, https:\/\/i0.wp.com\/oui-oui.es\/blog\/wp-content\/uploads\/2015\/08\/Oui-Oui-churros-de-sabores-queens-bakery.jpg?resize=525%2C300&ssl=1 1.5x, https:\/\/i0.wp.com\/oui-oui.es\/blog\/wp-content\/uploads\/2015\/08\/Oui-Oui-churros-de-sabores-queens-bakery.jpg?resize=700%2C400&ssl=1 2x"},"classes":[]},{"id":575,"url":"https:\/\/oui-oui.es\/blog\/empieza-la-cuenta-atras\/","url_meta":{"origin":637,"position":2},"title":"Empieza la cuenta atr\u00e1s!!","author":"Mar\u00eda \u2665Oui Oui\u2665","date":"15 marzo, 2013","format":false,"excerpt":"Pues s\u00ed, ya es viernes, no he cumplido con el prop\u00f3sito de escribir todos los d\u00edas en el blog, montando la tienda me es imposible...Espero que lo entend\u00e1is, a\u00fan as\u00ed he procurado contestar todos los mensajes, mails...(Me faltan s\u00f3lo dos que contestar\u00e9 este finde!!) de novias, hermanas de la novia,\u2026","rel":"","context":"En \u00abOUI OUI\u00bb","block_context":{"text":"OUI OUI","link":"https:\/\/oui-oui.es\/blog\/category\/oui-oui\/"},"img":{"alt_text":"","src":"https:\/\/i0.wp.com\/oui-oui.es\/blog\/wp-content\/uploads\/oui-oui-nic3b1a-conejo-bebiendo-champagne.jpg?resize=350%2C200&ssl=1","width":350,"height":200,"srcset":"https:\/\/i0.wp.com\/oui-oui.es\/blog\/wp-content\/uploads\/oui-oui-nic3b1a-conejo-bebiendo-champagne.jpg?resize=350%2C200&ssl=1 1x, https:\/\/i0.wp.com\/oui-oui.es\/blog\/wp-content\/uploads\/oui-oui-nic3b1a-conejo-bebiendo-champagne.jpg?resize=525%2C300&ssl=1 1.5x"},"classes":[]},{"id":1470,"url":"https:\/\/oui-oui.es\/blog\/de-cumpleanos-en-la-oficina\/","url_meta":{"origin":637,"position":3},"title":"De cumplea\u00f1os en la oficina","author":"Mar\u00eda \u2665Oui Oui\u2665","date":"25 marzo, 2014","format":false,"excerpt":"Cuando eres peque\u00f1o y es tu cumplea\u00f1os llevas algo al cole; chuches para todos o quiz\u00e1s tambi\u00e9n tarta. \u00bfY cuando creces?\u00bfC\u00f3mo lo celebras en la oficina? \u00bfInvitando a un aburrido caf\u00e9 en el bar de siempre?. Hace un par de semanas, el d\u00eda antes de mi cumplea\u00f1os pens\u00e9 \u00bfy a\u2026","rel":"","context":"En \u00abFIESTAS y CELEBRACIONES\u00bb","block_context":{"text":"FIESTAS y CELEBRACIONES","link":"https:\/\/oui-oui.es\/blog\/category\/fiestas-celebraciones\/"},"img":{"alt_text":"","src":"https:\/\/i0.wp.com\/oui-oui.es\/blog\/wp-content\/uploads\/2014\/03\/oui-oui-stand-helados-con-toppings-2.jpg?resize=350%2C200&ssl=1","width":350,"height":200,"srcset":"https:\/\/i0.wp.com\/oui-oui.es\/blog\/wp-content\/uploads\/2014\/03\/oui-oui-stand-helados-con-toppings-2.jpg?resize=350%2C200&ssl=1 1x, https:\/\/i0.wp.com\/oui-oui.es\/blog\/wp-content\/uploads\/2014\/03\/oui-oui-stand-helados-con-toppings-2.jpg?resize=525%2C300&ssl=1 1.5x, https:\/\/i0.wp.com\/oui-oui.es\/blog\/wp-content\/uploads\/2014\/03\/oui-oui-stand-helados-con-toppings-2.jpg?resize=700%2C400&ssl=1 2x"},"classes":[]},{"id":132,"url":"https:\/\/oui-oui.es\/blog\/una-boda-sencilla-llena-de-detalles-y-con-un-estilo-muy-campestre-parte-ii\/","url_meta":{"origin":637,"position":4},"title":"Una boda sencilla, llena de detalles y con un estilo muy campestre (Parte II)","author":"Mar\u00eda \u2665Oui Oui\u2665","date":"21 noviembre, 2012","format":false,"excerpt":"No quiero ser pesada, as\u00ed que espero terminar con este post de contar lo bonita y divertida que fu\u00e9 nuestra boda. Otra cosa no s\u00e9, pero de lo que si podemos estar orgullosos fu\u00e9 del amor y el cari\u00f1o que se respiraba en el ambiente, por nuestra parte, pero tambi\u00e9n\u2026","rel":"","context":"En \u00abBoda\u00bb","block_context":{"text":"Boda","link":"https:\/\/oui-oui.es\/blog\/category\/fiestas-celebraciones\/boda\/"},"img":{"alt_text":"","src":"https:\/\/i0.wp.com\/oui-oui.es\/blog\/wp-content\/uploads\/oui-oui-boda-ma-hc3b3rreo-palacio-rubianes.jpg?resize=350%2C200&ssl=1","width":350,"height":200,"srcset":"https:\/\/i0.wp.com\/oui-oui.es\/blog\/wp-content\/uploads\/oui-oui-boda-ma-hc3b3rreo-palacio-rubianes.jpg?resize=350%2C200&ssl=1 1x, https:\/\/i0.wp.com\/oui-oui.es\/blog\/wp-content\/uploads\/oui-oui-boda-ma-hc3b3rreo-palacio-rubianes.jpg?resize=525%2C300&ssl=1 1.5x, https:\/\/i0.wp.com\/oui-oui.es\/blog\/wp-content\/uploads\/oui-oui-boda-ma-hc3b3rreo-palacio-rubianes.jpg?resize=700%2C400&ssl=1 2x, https:\/\/i0.wp.com\/oui-oui.es\/blog\/wp-content\/uploads\/oui-oui-boda-ma-hc3b3rreo-palacio-rubianes.jpg?resize=1050%2C600&ssl=1 3x, https:\/\/i0.wp.com\/oui-oui.es\/blog\/wp-content\/uploads\/oui-oui-boda-ma-hc3b3rreo-palacio-rubianes.jpg?resize=1400%2C800&ssl=1 4x"},"classes":[]},{"id":212,"url":"https:\/\/oui-oui.es\/blog\/boda-nevada-novia-afortunada\/","url_meta":{"origin":637,"position":5},"title":"Boda nevada, novia afortunada","author":"Mar\u00eda \u2665Oui Oui\u2665","date":"28 noviembre, 2012","format":false,"excerpt":"Me gusta el frio, el olor a frio. Y a tres d\u00edas de acudir a una boda en la que se preveen temperaturas bajo cero con altas probabilidades de nevada no dejo de pensar en una boda invernal al completo. A esto se le une el constante tintineo del whatsapp;\u2026","rel":"","context":"En \u00abBoda\u00bb","block_context":{"text":"Boda","link":"https:\/\/oui-oui.es\/blog\/category\/fiestas-celebraciones\/boda\/"},"img":{"alt_text":"","src":"https:\/\/i0.wp.com\/oui-oui.es\/blog\/wp-content\/uploads\/oui-oui-boda-invierno-frio-nieve-cartel-original.jpg?resize=350%2C200&ssl=1","width":350,"height":200,"srcset":"https:\/\/i0.wp.com\/oui-oui.es\/blog\/wp-content\/uploads\/oui-oui-boda-invierno-frio-nieve-cartel-original.jpg?resize=350%2C200&ssl=1 1x, https:\/\/i0.wp.com\/oui-oui.es\/blog\/wp-content\/uploads\/oui-oui-boda-invierno-frio-nieve-cartel-original.jpg?resize=525%2C300&ssl=1 1.5x"},"classes":[]}],"_links":{"self":[{"href":"https:\/\/oui-oui.es\/blog\/wp-json\/wp\/v2\/posts\/637","targetHints":{"allow":["GET"]}}],"collection":[{"href":"https:\/\/oui-oui.es\/blog\/wp-json\/wp\/v2\/posts"}],"about":[{"href":"https:\/\/oui-oui.es\/blog\/wp-json\/wp\/v2\/types\/post"}],"author":[{"embeddable":true,"href":"https:\/\/oui-oui.es\/blog\/wp-json\/wp\/v2\/users\/1"}],"replies":[{"embeddable":true,"href":"https:\/\/oui-oui.es\/blog\/wp-json\/wp\/v2\/comments?post=637"}],"version-history":[{"count":0,"href":"https:\/\/oui-oui.es\/blog\/wp-json\/wp\/v2\/posts\/637\/revisions"}],"wp:featuredmedia":[{"embeddable":true,"href":"https:\/\/oui-oui.es\/blog\/wp-json\/wp\/v2\/media\/163"}],"wp:attachment":[{"href":"https:\/\/oui-oui.es\/blog\/wp-json\/wp\/v2\/media?parent=637"}],"wp:term":[{"taxonomy":"category","embeddable":true,"href":"https:\/\/oui-oui.es\/blog\/wp-json\/wp\/v2\/categories?post=637"},{"taxonomy":"post_tag","embeddable":true,"href":"https:\/\/oui-oui.es\/blog\/wp-json\/wp\/v2\/tags?post=637"}],"curies":[{"name":"wp","href":"https:\/\/api.w.org\/{rel}","templated":true}]}}