{"id":811,"date":"2013-06-17T11:45:07","date_gmt":"2013-06-17T09:45:07","guid":{"rendered":"http:\/\/ouiouiblog.wordpress.com\/?p=811"},"modified":"2013-06-17T11:45:07","modified_gmt":"2013-06-17T09:45:07","slug":"el-vestido-de-novia-de-valentino-para-magdalena-de-suecia","status":"publish","type":"post","link":"https:\/\/oui-oui.es\/blog\/el-vestido-de-novia-de-valentino-para-magdalena-de-suecia\/","title":{"rendered":"El vestido de novia de Valentino para Magdalena de Suecia"},"content":{"rendered":"<p style=\"text-align:center;\"><a href=\"http:\/\/ouiouiblog.files.wordpress.com\/2013\/06\/oui-oui-boda-magdalena-de-suecia-vestido-valentino-vestido-novia-encaje-volante-en-el-bajo-vestido-novia-clasico-pero-actual-2.jpg\"><img loading=\"lazy\" decoding=\"async\" class=\"aligncenter size-full wp-image-813\" alt=\"Oui Oui-boda magdalena de suecia-vestido valentino-vestido novia-encaje-volante en el bajo-vestido novia clasico pero actual (2)\" src=\"http:\/\/ouiouiblog.files.wordpress.com\/2013\/06\/oui-oui-boda-magdalena-de-suecia-vestido-valentino-vestido-novia-encaje-volante-en-el-bajo-vestido-novia-clasico-pero-actual-2.jpg\" width=\"529\" height=\"373\" srcset=\"https:\/\/oui-oui.es\/blog\/wp-content\/uploads\/oui-oui-boda-magdalena-de-suecia-vestido-valentino-vestido-novia-encaje-volante-en-el-bajo-vestido-novia-clasico-pero-actual-2.jpg 620w, https:\/\/oui-oui.es\/blog\/wp-content\/uploads\/oui-oui-boda-magdalena-de-suecia-vestido-valentino-vestido-novia-encaje-volante-en-el-bajo-vestido-novia-clasico-pero-actual-2-300x212.jpg 300w\" sizes=\"auto, (max-width: 529px) 100vw, 529px\" \/><\/a><\/p>\n<p style=\"text-align:center;\">Voy con retraso, lo s\u00e9, pero es que yo leo la revista <strong>Hola!<\/strong> una semana despu\u00e9s de que salga, cuando voy a casa de mi abuela y la veo.<\/p>\n<p style=\"text-align:center;\">As\u00ed que este s\u00e1bado, despu\u00e9s de una jornada matadora de tiendas infantiles me ech\u00e9 en el sill\u00f3n de la abuela a leer lo que parec\u00eda una edici\u00f3n especial de la<strong> boda de Magdalena de Suecia<\/strong> y pude observar detenidamente el <strong>precioso vestido de Valentino.<\/strong><\/p>\n<p style=\"text-align:center;\"><a href=\"http:\/\/ouiouiblog.files.wordpress.com\/2013\/06\/oui-oui-boda-magdalena-de-suecia-vestido-valentino-vestido-novia-encaje-volante-en-el-bajo-vestido-novia-clasico-pero-actual-1.jpg\"><img loading=\"lazy\" decoding=\"async\" class=\"aligncenter size-full wp-image-812\" alt=\"Oui Oui-boda magdalena de suecia-vestido valentino-vestido novia-encaje-volante en el bajo-vestido novia clasico pero actual (1)\" src=\"http:\/\/ouiouiblog.files.wordpress.com\/2013\/06\/oui-oui-boda-magdalena-de-suecia-vestido-valentino-vestido-novia-encaje-volante-en-el-bajo-vestido-novia-clasico-pero-actual-1.jpg\" width=\"499\" height=\"750\" srcset=\"https:\/\/oui-oui.es\/blog\/wp-content\/uploads\/oui-oui-boda-magdalena-de-suecia-vestido-valentino-vestido-novia-encaje-volante-en-el-bajo-vestido-novia-clasico-pero-actual-1.jpg 499w, https:\/\/oui-oui.es\/blog\/wp-content\/uploads\/oui-oui-boda-magdalena-de-suecia-vestido-valentino-vestido-novia-encaje-volante-en-el-bajo-vestido-novia-clasico-pero-actual-1-200x300.jpg 200w\" sizes=\"auto, (max-width: 499px) 100vw, 499px\" \/><\/a><\/p>\n<p style=\"text-align:center;\">No suelo escribir mucho sobre vestidos pues no entiendo de tejidos y para eso lo hacen mucho mejor <a href=\"http:\/\/www.321mecaso.com\/\" target=\"_blank\">Am\u00e9rica<\/a> o <a href=\"debodaconmaron.wordpress.com\" target=\"_blank\">Elena<\/a> , pero me apetec\u00eda dedicarle un post a este <strong>vestido por ser de los m\u00e1s bonitos<\/strong> que he visto en una <strong>boda real<\/strong> recientemente, y por hacer un gui\u00f1o a los vestidos \u00abcl\u00e1sicos\u00bb ahora que vemos tantos vaporosos, ligeros, campestres, lenceros&#8230;Que tambi\u00e9n son preciosos, pero <strong>si estabas buscando algo cl\u00e1sico<\/strong>, el <strong>\u00faltimo modelo de Valentino puede ser una gran inspiraci\u00f3n.<\/strong><\/p>\n<p style=\"text-align:center;\"><a href=\"http:\/\/ouiouiblog.files.wordpress.com\/2013\/06\/oui-oui-boda-magdalena-de-suecia-vestido-valentino-vestido-novia-encaje-volante-en-el-bajo-vestido-novia-clasico-pero-actual-3.jpg\"><img loading=\"lazy\" decoding=\"async\" class=\"aligncenter size-full wp-image-814\" alt=\"Oui Oui-boda magdalena de suecia-vestido valentino-vestido novia-encaje-volante en el bajo-vestido novia clasico pero actual (3)\" src=\"http:\/\/ouiouiblog.files.wordpress.com\/2013\/06\/oui-oui-boda-magdalena-de-suecia-vestido-valentino-vestido-novia-encaje-volante-en-el-bajo-vestido-novia-clasico-pero-actual-3.jpg\" width=\"499\" height=\"750\" srcset=\"https:\/\/oui-oui.es\/blog\/wp-content\/uploads\/oui-oui-boda-magdalena-de-suecia-vestido-valentino-vestido-novia-encaje-volante-en-el-bajo-vestido-novia-clasico-pero-actual-3.jpg 499w, https:\/\/oui-oui.es\/blog\/wp-content\/uploads\/oui-oui-boda-magdalena-de-suecia-vestido-valentino-vestido-novia-encaje-volante-en-el-bajo-vestido-novia-clasico-pero-actual-3-200x300.jpg 200w\" sizes=\"auto, (max-width: 499px) 100vw, 499px\" \/><\/a><a href=\"http:\/\/ouiouiblog.files.wordpress.com\/2013\/06\/oui-oui-boda-magdalena-de-suecia-vestido-valentino-vestido-novia-encaje-volante-en-el-bajo-vestido-novia-clasico-pero-actual-6.jpg\"><img loading=\"lazy\" decoding=\"async\" class=\"aligncenter size-full wp-image-817\" alt=\"Oui Oui-boda magdalena de suecia-vestido valentino-vestido novia-encaje-volante en el bajo-vestido novia clasico pero actual (6)\" src=\"http:\/\/ouiouiblog.files.wordpress.com\/2013\/06\/oui-oui-boda-magdalena-de-suecia-vestido-valentino-vestido-novia-encaje-volante-en-el-bajo-vestido-novia-clasico-pero-actual-6.jpg\" width=\"499\" height=\"750\" srcset=\"https:\/\/oui-oui.es\/blog\/wp-content\/uploads\/oui-oui-boda-magdalena-de-suecia-vestido-valentino-vestido-novia-encaje-volante-en-el-bajo-vestido-novia-clasico-pero-actual-6.jpg 499w, https:\/\/oui-oui.es\/blog\/wp-content\/uploads\/oui-oui-boda-magdalena-de-suecia-vestido-valentino-vestido-novia-encaje-volante-en-el-bajo-vestido-novia-clasico-pero-actual-6-200x300.jpg 200w\" sizes=\"auto, (max-width: 499px) 100vw, 499px\" \/><\/a><\/p>\n<p style=\"text-align:center;\">Me gust\u00f3 especialmente <strong>el encaje y el detalle del volante en el bajo.<\/strong><\/p>\n<p style=\"text-align:center;\"><a href=\"http:\/\/ouiouiblog.files.wordpress.com\/2013\/06\/oui-oui-boda-magdalena-de-suecia-vestido-valentino-vestido-novia-encaje-volante-en-el-bajo-vestido-novia-clasico-pero-actual-5.jpg\"><img loading=\"lazy\" decoding=\"async\" class=\"aligncenter size-full wp-image-816\" alt=\"Oui Oui-boda magdalena de suecia-vestido valentino-vestido novia-encaje-volante en el bajo-vestido novia clasico pero actual (5)\" src=\"http:\/\/ouiouiblog.files.wordpress.com\/2013\/06\/oui-oui-boda-magdalena-de-suecia-vestido-valentino-vestido-novia-encaje-volante-en-el-bajo-vestido-novia-clasico-pero-actual-5.jpg\" width=\"499\" height=\"750\" srcset=\"https:\/\/oui-oui.es\/blog\/wp-content\/uploads\/oui-oui-boda-magdalena-de-suecia-vestido-valentino-vestido-novia-encaje-volante-en-el-bajo-vestido-novia-clasico-pero-actual-5.jpg 499w, https:\/\/oui-oui.es\/blog\/wp-content\/uploads\/oui-oui-boda-magdalena-de-suecia-vestido-valentino-vestido-novia-encaje-volante-en-el-bajo-vestido-novia-clasico-pero-actual-5-200x300.jpg 200w\" sizes=\"auto, (max-width: 499px) 100vw, 499px\" \/><\/a><a href=\"http:\/\/ouiouiblog.files.wordpress.com\/2013\/06\/magdalena-novia-valentino-oui-oui.jpg\"><img loading=\"lazy\" decoding=\"async\" class=\"aligncenter size-full wp-image-818\" alt=\"magdalena-novia-valentino-oui oui\" src=\"http:\/\/ouiouiblog.files.wordpress.com\/2013\/06\/magdalena-novia-valentino-oui-oui.jpg\" width=\"529\" height=\"289\" srcset=\"https:\/\/oui-oui.es\/blog\/wp-content\/uploads\/magdalena-novia-valentino-oui-oui.jpg 633w, https:\/\/oui-oui.es\/blog\/wp-content\/uploads\/magdalena-novia-valentino-oui-oui-300x164.jpg 300w\" sizes=\"auto, (max-width: 529px) 100vw, 529px\" \/><\/a><\/p>\n<p style=\"text-align:center;\"><a href=\"http:\/\/ouiouiblog.files.wordpress.com\/2013\/06\/oui-oui-boda-magdalena-de-suecia-vestido-valentino-vestido-novia-encaje-volante-en-el-bajo-vestido-novia-clasico-pero-actual-4.jpg\"><img loading=\"lazy\" decoding=\"async\" class=\"aligncenter size-full wp-image-815\" alt=\"Oui Oui-boda magdalena de suecia-vestido valentino-vestido novia-encaje-volante en el bajo-vestido novia clasico pero actual (4)\" src=\"http:\/\/ouiouiblog.files.wordpress.com\/2013\/06\/oui-oui-boda-magdalena-de-suecia-vestido-valentino-vestido-novia-encaje-volante-en-el-bajo-vestido-novia-clasico-pero-actual-4.jpg\" width=\"529\" height=\"732\" srcset=\"https:\/\/oui-oui.es\/blog\/wp-content\/uploads\/oui-oui-boda-magdalena-de-suecia-vestido-valentino-vestido-novia-encaje-volante-en-el-bajo-vestido-novia-clasico-pero-actual-4.jpg 542w, https:\/\/oui-oui.es\/blog\/wp-content\/uploads\/oui-oui-boda-magdalena-de-suecia-vestido-valentino-vestido-novia-encaje-volante-en-el-bajo-vestido-novia-clasico-pero-actual-4-217x300.jpg 217w\" sizes=\"auto, (max-width: 529px) 100vw, 529px\" \/><\/a><\/p>\n<p style=\"text-align:center;\">Y en cuanto a los novios, la absoluta FELICIDAD que derrochaban, eso SE NOTA.<\/p>\n<p style=\"text-align:center;\"><a href=\"http:\/\/ouiouiblog.files.wordpress.com\/2013\/06\/oui-oui-vestido-novia-valentino-boda-magdalena-suecia.jpg\"><img loading=\"lazy\" decoding=\"async\" class=\"aligncenter size-full wp-image-819\" alt=\"oui oui-vestido novia-valentino-boda magdalena suecia\" src=\"http:\/\/ouiouiblog.files.wordpress.com\/2013\/06\/oui-oui-vestido-novia-valentino-boda-magdalena-suecia.jpg\" width=\"529\" height=\"306\" srcset=\"https:\/\/oui-oui.es\/blog\/wp-content\/uploads\/oui-oui-vestido-novia-valentino-boda-magdalena-suecia.jpg 656w, https:\/\/oui-oui.es\/blog\/wp-content\/uploads\/oui-oui-vestido-novia-valentino-boda-magdalena-suecia-300x174.jpg 300w\" sizes=\"auto, (max-width: 529px) 100vw, 529px\" \/><\/a><\/p>\n<p style=\"text-align:center;\">Y a vosotras, \u00bfqu\u00e9 os pareci\u00f3?<\/p>\n","protected":false},"excerpt":{"rendered":"<p>Voy con retraso, lo s\u00e9, pero es que yo leo la revista Hola! una semana despu\u00e9s de que salga, cuando voy a casa de mi abuela y la veo. As\u00ed que este s\u00e1bado, despu\u00e9s de una jornada matadora de tiendas infantiles me ech\u00e9 en el sill\u00f3n de la abuela a leer lo que parec\u00eda una [&hellip;]<\/p>\n","protected":false},"author":1,"featured_media":813,"comment_status":"open","ping_status":"open","sticky":false,"template":"","format":"standard","meta":{"jetpack_post_was_ever_published":false,"_jetpack_newsletter_access":"","_jetpack_dont_email_post_to_subs":false,"_jetpack_newsletter_tier_id":0,"_jetpack_memberships_contains_paywalled_content":false,"_jetpack_memberships_contains_paid_content":false,"footnotes":"","jetpack_publicize_message":"","jetpack_publicize_feature_enabled":true,"jetpack_social_post_already_shared":false,"jetpack_social_options":{"image_generator_settings":{"template":"highway","default_image_id":0,"font":"","enabled":false},"version":2}},"categories":[704],"tags":[],"class_list":["post-811","post","type-post","status-publish","format-standard","has-post-thumbnail","hentry","category-boda"],"aioseo_notices":[],"jetpack_publicize_connections":[],"jetpack_featured_media_url":"https:\/\/oui-oui.es\/blog\/wp-content\/uploads\/oui-oui-boda-magdalena-de-suecia-vestido-valentino-vestido-novia-encaje-volante-en-el-bajo-vestido-novia-clasico-pero-actual-2.jpg","jetpack_sharing_enabled":true,"jetpack-related-posts":[{"id":5415,"url":"https:\/\/oui-oui.es\/blog\/memories-of-madrid-por-bebas-closet\/","url_meta":{"origin":811,"position":0},"title":"Memories of Madrid, por Beba\u00b4s Closet","author":"Mar\u00eda \u2665Oui Oui\u2665","date":"18 mayo, 2017","format":false,"excerpt":"Un a\u00f1o m\u00e1s, Beba\u00b4s Closet consigui\u00f3 sorprendernos en la presentaci\u00f3n de su nueva colecci\u00f3n, tanto con sus atrevidos dise\u00f1os (marca de la casa son ya los escotes en la espalda y los bordados arriesgados) como con la puesta\u00a0 en escena. Una colecci\u00f3n que rinde tributo a su origen madrile\u00f1o, que\u2026","rel":"","context":"En \u00abBoda\u00bb","block_context":{"text":"Boda","link":"https:\/\/oui-oui.es\/blog\/category\/fiestas-celebraciones\/boda\/"},"img":{"alt_text":"","src":"https:\/\/i0.wp.com\/oui-oui.es\/blog\/wp-content\/uploads\/2017\/05\/Oui-Oui-bebas-closet-coleccion-2017-madrid-2.jpg?resize=350%2C200&ssl=1","width":350,"height":200,"srcset":"https:\/\/i0.wp.com\/oui-oui.es\/blog\/wp-content\/uploads\/2017\/05\/Oui-Oui-bebas-closet-coleccion-2017-madrid-2.jpg?resize=350%2C200&ssl=1 1x, https:\/\/i0.wp.com\/oui-oui.es\/blog\/wp-content\/uploads\/2017\/05\/Oui-Oui-bebas-closet-coleccion-2017-madrid-2.jpg?resize=525%2C300&ssl=1 1.5x"},"classes":[]},{"id":3596,"url":"https:\/\/oui-oui.es\/blog\/el-otono-de-kolonaki\/","url_meta":{"origin":811,"position":1},"title":"El oto\u00f1o de Kolonaki","author":"Mar\u00eda \u2665Oui Oui\u2665","date":"22 octubre, 2015","format":false,"excerpt":"Cada temporada se superan, llevo enamorada de las colecciones de Kolonaki desde que conoc\u00ed a su creadora en la primera pop up que hice con Oui Oui, siempre quiero escribir sobre sus tejidos, cortes sencillos pero con tres o cuatro detalles que los hacen especiales, con ese toque entre campestre\u2026","rel":"","context":"En \u00abBoda\u00bb","block_context":{"text":"Boda","link":"https:\/\/oui-oui.es\/blog\/category\/fiestas-celebraciones\/boda\/"},"img":{"alt_text":"","src":"https:\/\/i0.wp.com\/oui-oui.es\/blog\/wp-content\/uploads\/2015\/10\/Oui-Oui-kolonaki-madrid-kolonaki-oto%C3%B1o-2016-5.jpg?resize=350%2C200&ssl=1","width":350,"height":200,"srcset":"https:\/\/i0.wp.com\/oui-oui.es\/blog\/wp-content\/uploads\/2015\/10\/Oui-Oui-kolonaki-madrid-kolonaki-oto%C3%B1o-2016-5.jpg?resize=350%2C200&ssl=1 1x, https:\/\/i0.wp.com\/oui-oui.es\/blog\/wp-content\/uploads\/2015\/10\/Oui-Oui-kolonaki-madrid-kolonaki-oto%C3%B1o-2016-5.jpg?resize=525%2C300&ssl=1 1.5x, https:\/\/i0.wp.com\/oui-oui.es\/blog\/wp-content\/uploads\/2015\/10\/Oui-Oui-kolonaki-madrid-kolonaki-oto%C3%B1o-2016-5.jpg?resize=700%2C400&ssl=1 2x"},"classes":[]},{"id":967,"url":"https:\/\/oui-oui.es\/blog\/oui-oui-en-mi-boda-rocks-experience\/","url_meta":{"origin":811,"position":2},"title":"Oui Oui en Mi Boda Rocks Experience","author":"Mar\u00eda \u2665Oui Oui\u2665","date":"8 octubre, 2013","format":false,"excerpt":"Poco a poco voy volviendo a la rutina (a\u00fan no he conseguido volver a escribir en el blog tanto como antes, pero al menos hay nuevo post en menos de una semana!) y una de las cosas que m\u00e1s me apetece es participar en pop up\u00b4s, reuniones para novi@s, etc...As\u00ed\u2026","rel":"","context":"En \u00abBoda\u00bb","block_context":{"text":"Boda","link":"https:\/\/oui-oui.es\/blog\/category\/fiestas-celebraciones\/boda\/"},"img":{"alt_text":"","src":"https:\/\/i0.wp.com\/oui-oui.es\/blog\/wp-content\/uploads\/oui-oui-detalles-decoracic3b3n-puertas-ratoncito-pc3a9rez-marc3ada-gijc3b3n-36.jpg?resize=350%2C200&ssl=1","width":350,"height":200,"srcset":"https:\/\/i0.wp.com\/oui-oui.es\/blog\/wp-content\/uploads\/oui-oui-detalles-decoracic3b3n-puertas-ratoncito-pc3a9rez-marc3ada-gijc3b3n-36.jpg?resize=350%2C200&ssl=1 1x, https:\/\/i0.wp.com\/oui-oui.es\/blog\/wp-content\/uploads\/oui-oui-detalles-decoracic3b3n-puertas-ratoncito-pc3a9rez-marc3ada-gijc3b3n-36.jpg?resize=525%2C300&ssl=1 1.5x, https:\/\/i0.wp.com\/oui-oui.es\/blog\/wp-content\/uploads\/oui-oui-detalles-decoracic3b3n-puertas-ratoncito-pc3a9rez-marc3ada-gijc3b3n-36.jpg?resize=700%2C400&ssl=1 2x, https:\/\/i0.wp.com\/oui-oui.es\/blog\/wp-content\/uploads\/oui-oui-detalles-decoracic3b3n-puertas-ratoncito-pc3a9rez-marc3ada-gijc3b3n-36.jpg?resize=1050%2C600&ssl=1 3x, https:\/\/i0.wp.com\/oui-oui.es\/blog\/wp-content\/uploads\/oui-oui-detalles-decoracic3b3n-puertas-ratoncito-pc3a9rez-marc3ada-gijc3b3n-36.jpg?resize=1400%2C800&ssl=1 4x"},"classes":[]},{"id":487,"url":"https:\/\/oui-oui.es\/blog\/sorprende-con-la-recena\/","url_meta":{"origin":811,"position":3},"title":"Sorprende con la recena","author":"Mar\u00eda \u2665Oui Oui\u2665","date":"28 enero, 2013","format":false,"excerpt":"Uno de los momentos de la boda que est\u00e1 ganando protagonismo en la bodas en los \u00faltimos a\u00f1os es la recena, a la gente te la ganas por el est\u00f3mago y si bien es cierto que demasiados platos en el men\u00fa pueden resultar obscenos (yo s\u00e9 de uno que se\u2026","rel":"","context":"En \u00abBoda\u00bb","block_context":{"text":"Boda","link":"https:\/\/oui-oui.es\/blog\/category\/fiestas-celebraciones\/boda\/"},"img":{"alt_text":"","src":"https:\/\/i0.wp.com\/oui-oui.es\/blog\/wp-content\/uploads\/oui-oui-blog-mesa-dulces-boho-chic.jpg?resize=350%2C200&ssl=1","width":350,"height":200,"srcset":"https:\/\/i0.wp.com\/oui-oui.es\/blog\/wp-content\/uploads\/oui-oui-blog-mesa-dulces-boho-chic.jpg?resize=350%2C200&ssl=1 1x, https:\/\/i0.wp.com\/oui-oui.es\/blog\/wp-content\/uploads\/oui-oui-blog-mesa-dulces-boho-chic.jpg?resize=525%2C300&ssl=1 1.5x"},"classes":[]},{"id":1927,"url":"https:\/\/oui-oui.es\/blog\/te-casas-este-ano-te-esperamos-este-finde\/","url_meta":{"origin":811,"position":4},"title":"\u00bfTe casas este a\u00f1o? &#8230;Te esperamos este finde","author":"Mar\u00eda \u2665Oui Oui\u2665","date":"18 febrero, 2015","format":false,"excerpt":"Cuando est\u00e1s organizando tu boda una de las cosas m\u00e1s rollo es tener que quedar con tropecientos proveedores por separado, as\u00ed que, para hac\u00e9rtelo m\u00e1s f\u00e1cil, nos hemos reunido en un espacio (Maqu\u00eds & Co en la calle Maldonado, 37 -Madrid) varias emprendedoras del sector bodas para que pod\u00e1is venir\u2026","rel":"","context":"En \u00abBoda\u00bb","block_context":{"text":"Boda","link":"https:\/\/oui-oui.es\/blog\/category\/fiestas-celebraciones\/boda\/"},"img":{"alt_text":"","src":"https:\/\/i0.wp.com\/oui-oui.es\/blog\/wp-content\/uploads\/2015\/02\/oui-oui-banderc3adn-arpillera-just-married.jpg?resize=350%2C200&ssl=1","width":350,"height":200,"srcset":"https:\/\/i0.wp.com\/oui-oui.es\/blog\/wp-content\/uploads\/2015\/02\/oui-oui-banderc3adn-arpillera-just-married.jpg?resize=350%2C200&ssl=1 1x, https:\/\/i0.wp.com\/oui-oui.es\/blog\/wp-content\/uploads\/2015\/02\/oui-oui-banderc3adn-arpillera-just-married.jpg?resize=525%2C300&ssl=1 1.5x"},"classes":[]},{"id":783,"url":"https:\/\/oui-oui.es\/blog\/la-resaca-de-say-i-do\/","url_meta":{"origin":811,"position":5},"title":"La resaca de Say I Do!","author":"Mar\u00eda \u2665Oui Oui\u2665","date":"6 junio, 2013","format":false,"excerpt":"He tardado unos d\u00edas en recuperarme pero aqu\u00ed estoy de vuelta!, despu\u00e9s de cuatro d\u00edas intens\u00edsimos (m\u00e1s dos de preparaci\u00f3n) en Say I Do! en el espacio 1001 Atmosphera no puedo estar m\u00e1s contenta con la experiencia :) Por el fant\u00e1stico espacio con el que contamos, porque el stand gust\u00f3\u2026","rel":"","context":"En \u00abBoda\u00bb","block_context":{"text":"Boda","link":"https:\/\/oui-oui.es\/blog\/category\/fiestas-celebraciones\/boda\/"},"img":{"alt_text":"","src":"https:\/\/i0.wp.com\/oui-oui.es\/blog\/wp-content\/uploads\/oui-oui-pop-up-say-i-do-1001-atmosphera-stand-oui-oui-completo.jpg?resize=350%2C200&ssl=1","width":350,"height":200,"srcset":"https:\/\/i0.wp.com\/oui-oui.es\/blog\/wp-content\/uploads\/oui-oui-pop-up-say-i-do-1001-atmosphera-stand-oui-oui-completo.jpg?resize=350%2C200&ssl=1 1x, https:\/\/i0.wp.com\/oui-oui.es\/blog\/wp-content\/uploads\/oui-oui-pop-up-say-i-do-1001-atmosphera-stand-oui-oui-completo.jpg?resize=525%2C300&ssl=1 1.5x, https:\/\/i0.wp.com\/oui-oui.es\/blog\/wp-content\/uploads\/oui-oui-pop-up-say-i-do-1001-atmosphera-stand-oui-oui-completo.jpg?resize=700%2C400&ssl=1 2x, https:\/\/i0.wp.com\/oui-oui.es\/blog\/wp-content\/uploads\/oui-oui-pop-up-say-i-do-1001-atmosphera-stand-oui-oui-completo.jpg?resize=1050%2C600&ssl=1 3x, https:\/\/i0.wp.com\/oui-oui.es\/blog\/wp-content\/uploads\/oui-oui-pop-up-say-i-do-1001-atmosphera-stand-oui-oui-completo.jpg?resize=1400%2C800&ssl=1 4x"},"classes":[]}],"_links":{"self":[{"href":"https:\/\/oui-oui.es\/blog\/wp-json\/wp\/v2\/posts\/811","targetHints":{"allow":["GET"]}}],"collection":[{"href":"https:\/\/oui-oui.es\/blog\/wp-json\/wp\/v2\/posts"}],"about":[{"href":"https:\/\/oui-oui.es\/blog\/wp-json\/wp\/v2\/types\/post"}],"author":[{"embeddable":true,"href":"https:\/\/oui-oui.es\/blog\/wp-json\/wp\/v2\/users\/1"}],"replies":[{"embeddable":true,"href":"https:\/\/oui-oui.es\/blog\/wp-json\/wp\/v2\/comments?post=811"}],"version-history":[{"count":0,"href":"https:\/\/oui-oui.es\/blog\/wp-json\/wp\/v2\/posts\/811\/revisions"}],"wp:featuredmedia":[{"embeddable":true,"href":"https:\/\/oui-oui.es\/blog\/wp-json\/wp\/v2\/media\/813"}],"wp:attachment":[{"href":"https:\/\/oui-oui.es\/blog\/wp-json\/wp\/v2\/media?parent=811"}],"wp:term":[{"taxonomy":"category","embeddable":true,"href":"https:\/\/oui-oui.es\/blog\/wp-json\/wp\/v2\/categories?post=811"},{"taxonomy":"post_tag","embeddable":true,"href":"https:\/\/oui-oui.es\/blog\/wp-json\/wp\/v2\/tags?post=811"}],"curies":[{"name":"wp","href":"https:\/\/api.w.org\/{rel}","templated":true}]}}