{"id":824,"date":"2013-06-23T13:10:12","date_gmt":"2013-06-23T11:10:12","guid":{"rendered":"http:\/\/ouiouiblog.wordpress.com\/?p=824"},"modified":"2013-06-23T13:10:12","modified_gmt":"2013-06-23T11:10:12","slug":"los-capazos-del-verano","status":"publish","type":"post","link":"https:\/\/oui-oui.es\/blog\/los-capazos-del-verano\/","title":{"rendered":"Los capazos del verano"},"content":{"rendered":"<p style=\"text-align:center;\"><strong><a href=\"http:\/\/ouiouiblog.files.wordpress.com\/2013\/06\/cesta-playa.jpg\"><img loading=\"lazy\" decoding=\"async\" class=\"aligncenter size-full wp-image-835\" alt=\"cesta playa\" src=\"http:\/\/ouiouiblog.files.wordpress.com\/2013\/06\/cesta-playa.jpg\" width=\"529\" height=\"395\" srcset=\"https:\/\/oui-oui.es\/blog\/wp-content\/uploads\/cesta-playa.jpg 2592w, https:\/\/oui-oui.es\/blog\/wp-content\/uploads\/cesta-playa-300x224.jpg 300w, https:\/\/oui-oui.es\/blog\/wp-content\/uploads\/cesta-playa-1024x765.jpg 1024w\" sizes=\"auto, (max-width: 529px) 100vw, 529px\" \/><\/a><\/strong><\/p>\n<p style=\"text-align:center;\">Por fin ha llegado el calorcito de verdad!!<\/p>\n<p style=\"text-align:center;\">Y para celebrarlo, tambi\u00e9n han llegado a <a href=\"http:\/\/www.oui-oui.es\" target=\"_blank\">Oui Oui<\/a> m\u00e1s <strong>cestas y capazos para la playa<\/strong>, <strong>decorados con preciosos colores y dibujos<\/strong>.<\/p>\n<p style=\"text-align:center;\">Para la playa los modelos m\u00e1s c\u00f3modos son el <strong>mediano<\/strong> (para una persona sola) y el <strong>grande<\/strong> (si vas en pareja, con ni\u00f1os&#8230;)<\/p>\n<p style=\"text-align:center;\"><a href=\"http:\/\/ouiouiblog.files.wordpress.com\/2013\/06\/oui-oui-capazos-playa-moustache-estrella-tamac3b1o-grande.jpg\"><img loading=\"lazy\" decoding=\"async\" class=\"aligncenter size-full wp-image-830\" alt=\"Oui Oui-capazos playa moustache-estrella.tama\u00f1o grande\" src=\"http:\/\/ouiouiblog.files.wordpress.com\/2013\/06\/oui-oui-capazos-playa-moustache-estrella-tamac3b1o-grande.jpg\" width=\"529\" height=\"529\" srcset=\"https:\/\/oui-oui.es\/blog\/wp-content\/uploads\/oui-oui-capazos-playa-moustache-estrella-tamac3b1o-grande.jpg 1536w, https:\/\/oui-oui.es\/blog\/wp-content\/uploads\/oui-oui-capazos-playa-moustache-estrella-tamac3b1o-grande-150x150.jpg 150w, https:\/\/oui-oui.es\/blog\/wp-content\/uploads\/oui-oui-capazos-playa-moustache-estrella-tamac3b1o-grande-300x300.jpg 300w, https:\/\/oui-oui.es\/blog\/wp-content\/uploads\/oui-oui-capazos-playa-moustache-estrella-tamac3b1o-grande-1024x1024.jpg 1024w\" sizes=\"auto, (max-width: 529px) 100vw, 529px\" \/><\/a><\/p>\n<p style=\"text-align:center;\">Aqu\u00ed puedes ver los <strong>3 tama\u00f1os<\/strong>: <strong>grande<\/strong> (con doble asa corta en cuerda y larga en cuero,mide: 50-52cm largo x 35cm de alto), <strong>mediano<\/strong> (con doble asa; corta en cuerda y larga en cuero, mide: 43cm de largo x 23cm de alto) y <strong>peque\u00f1o<\/strong> (s\u00f3lo asa corta, mide: 33 largo x 16 de alto)<\/p>\n<p style=\"text-align:center;\"><a href=\"http:\/\/ouiouiblog.files.wordpress.com\/2013\/06\/oui-oui-capazos-pintados-playa-3-tamac3b1os.jpg\"><img loading=\"lazy\" decoding=\"async\" class=\"aligncenter size-full wp-image-829\" alt=\"Oui Oui-capazos pintados playa-3 tama\u00f1os\" src=\"http:\/\/ouiouiblog.files.wordpress.com\/2013\/06\/oui-oui-capazos-pintados-playa-3-tamac3b1os.jpg\" width=\"529\" height=\"396\" srcset=\"https:\/\/oui-oui.es\/blog\/wp-content\/uploads\/oui-oui-capazos-pintados-playa-3-tamac3b1os.jpg 2048w, https:\/\/oui-oui.es\/blog\/wp-content\/uploads\/oui-oui-capazos-pintados-playa-3-tamac3b1os-300x225.jpg 300w, https:\/\/oui-oui.es\/blog\/wp-content\/uploads\/oui-oui-capazos-pintados-playa-3-tamac3b1os-1024x768.jpg 1024w\" sizes=\"auto, (max-width: 529px) 100vw, 529px\" \/><\/a><\/p>\n<p style=\"text-align:center;\">Aunque la <strong>cesta peque\u00f1a<\/strong> es mi <em>ojito derecho<\/em> porque fu\u00e9 a ra\u00edz de ella que me fij\u00e9 en los capazos, encargu\u00e9 una <strong>con el coraz\u00f3n y los colores Oui Oui y se ha convertido en un \u00e9xito<\/strong>, as\u00ed que hemos decidido <strong>traer m\u00e1s para todos vosotr@s! <\/strong>(en tama\u00f1o mediano y peque\u00f1o)<\/p>\n<p style=\"text-align:center;\"><a href=\"http:\/\/ouiouiblog.files.wordpress.com\/2013\/06\/oui-oui-capazo-mediano-con-doble-asa-cesta-pequec3b1a-mint-con-corazon-topo.jpg\"><img loading=\"lazy\" decoding=\"async\" class=\"aligncenter size-full wp-image-827\" alt=\"Oui Oui-capazo mediano con doble asa-cesta peque\u00f1a-mint con corazon topo\" src=\"http:\/\/ouiouiblog.files.wordpress.com\/2013\/06\/oui-oui-capazo-mediano-con-doble-asa-cesta-pequec3b1a-mint-con-corazon-topo.jpg\" width=\"529\" height=\"529\" srcset=\"https:\/\/oui-oui.es\/blog\/wp-content\/uploads\/oui-oui-capazo-mediano-con-doble-asa-cesta-pequec3b1a-mint-con-corazon-topo.jpg 1536w, https:\/\/oui-oui.es\/blog\/wp-content\/uploads\/oui-oui-capazo-mediano-con-doble-asa-cesta-pequec3b1a-mint-con-corazon-topo-150x150.jpg 150w, https:\/\/oui-oui.es\/blog\/wp-content\/uploads\/oui-oui-capazo-mediano-con-doble-asa-cesta-pequec3b1a-mint-con-corazon-topo-300x300.jpg 300w, https:\/\/oui-oui.es\/blog\/wp-content\/uploads\/oui-oui-capazo-mediano-con-doble-asa-cesta-pequec3b1a-mint-con-corazon-topo-1024x1024.jpg 1024w\" sizes=\"auto, (max-width: 529px) 100vw, 529px\" \/><\/a><\/p>\n<p style=\"text-align:center;\"><a href=\"http:\/\/ouiouiblog.files.wordpress.com\/2013\/06\/oui-oui-capazo-cesto-pequec3b1o-color-min-corazon-topo.jpg\"><img loading=\"lazy\" decoding=\"async\" class=\"aligncenter size-full wp-image-826\" alt=\"Oui oui-capazo cesto peque\u00f1o color min corazon topo\" src=\"http:\/\/ouiouiblog.files.wordpress.com\/2013\/06\/oui-oui-capazo-cesto-pequec3b1o-color-min-corazon-topo.jpg\" width=\"529\" height=\"396\" srcset=\"https:\/\/oui-oui.es\/blog\/wp-content\/uploads\/oui-oui-capazo-cesto-pequec3b1o-color-min-corazon-topo.jpg 2048w, https:\/\/oui-oui.es\/blog\/wp-content\/uploads\/oui-oui-capazo-cesto-pequec3b1o-color-min-corazon-topo-300x225.jpg 300w, https:\/\/oui-oui.es\/blog\/wp-content\/uploads\/oui-oui-capazo-cesto-pequec3b1o-color-min-corazon-topo-1024x768.jpg 1024w\" sizes=\"auto, (max-width: 529px) 100vw, 529px\" \/><\/a><\/p>\n<p style=\"text-align:center;\">Yo la utilizo <strong>como bolso o para guardar cosas<\/strong>, como un vac\u00eda bolsillos muy veraniego, y no me resist\u00ed a <strong>encargar una para Mart\u00edn<\/strong>, para <strong>guardar peluches o cositas de la habitaci\u00f3n.<\/strong><\/p>\n<p style=\"text-align:center;\"><a href=\"http:\/\/ouiouiblog.files.wordpress.com\/2013\/06\/oui-oui-capazo-cesta-pequec3b1a-nic3b1o-azul-con-alitas-blancas.jpg\"><img loading=\"lazy\" decoding=\"async\" class=\"aligncenter size-full wp-image-825\" alt=\"Oui Oui-capazo cesta peque\u00f1a ni\u00f1o-azul con alitas blancas\" src=\"http:\/\/ouiouiblog.files.wordpress.com\/2013\/06\/oui-oui-capazo-cesta-pequec3b1a-nic3b1o-azul-con-alitas-blancas.jpg\" width=\"529\" height=\"396\" srcset=\"https:\/\/oui-oui.es\/blog\/wp-content\/uploads\/oui-oui-capazo-cesta-pequec3b1a-nic3b1o-azul-con-alitas-blancas.jpg 2048w, https:\/\/oui-oui.es\/blog\/wp-content\/uploads\/oui-oui-capazo-cesta-pequec3b1a-nic3b1o-azul-con-alitas-blancas-300x225.jpg 300w, https:\/\/oui-oui.es\/blog\/wp-content\/uploads\/oui-oui-capazo-cesta-pequec3b1a-nic3b1o-azul-con-alitas-blancas-1024x768.jpg 1024w\" sizes=\"auto, (max-width: 529px) 100vw, 529px\" \/><\/a><\/p>\n<p style=\"text-align:center;\">Para los <strong>peques el tama\u00f1o peque\u00f1o es ideal<\/strong>, si la quieren usar de cesta\/bolso las <em>\u00abm\u00e1s presumidas\u00bb<\/em> o como os dec\u00eda, <strong>para su habitaci\u00f3n<\/strong>.<\/p>\n<p style=\"text-align:center;\"><strong>La tenemos <strong>en azul y en ro<\/strong>sa, con corona blanca.<\/strong><\/p>\n<p style=\"text-align:center;\"><strong><\/strong><a href=\"http:\/\/ouiouiblog.files.wordpress.com\/2013\/06\/oui-oui-cestas-pequec3b1as-nic3b1os-azul-y-rosa-corona-blanca.jpg\"><img loading=\"lazy\" decoding=\"async\" class=\"aligncenter size-full wp-image-828\" alt=\"Oui Oui-cestas peque\u00f1as ni\u00f1os-azul y rosa-corona blanca\" src=\"http:\/\/ouiouiblog.files.wordpress.com\/2013\/06\/oui-oui-cestas-pequec3b1as-nic3b1os-azul-y-rosa-corona-blanca.jpg\" width=\"529\" height=\"529\" srcset=\"https:\/\/oui-oui.es\/blog\/wp-content\/uploads\/oui-oui-cestas-pequec3b1as-nic3b1os-azul-y-rosa-corona-blanca.jpg 1536w, https:\/\/oui-oui.es\/blog\/wp-content\/uploads\/oui-oui-cestas-pequec3b1as-nic3b1os-azul-y-rosa-corona-blanca-150x150.jpg 150w, https:\/\/oui-oui.es\/blog\/wp-content\/uploads\/oui-oui-cestas-pequec3b1as-nic3b1os-azul-y-rosa-corona-blanca-300x300.jpg 300w, https:\/\/oui-oui.es\/blog\/wp-content\/uploads\/oui-oui-cestas-pequec3b1as-nic3b1os-azul-y-rosa-corona-blanca-1024x1024.jpg 1024w\" sizes=\"auto, (max-width: 529px) 100vw, 529px\" \/><\/a><strong><\/strong>Para hac\u00e9rtelo m\u00e1s f\u00e1cil, te resumo; nos quedan:<\/p>\n<p style=\"text-align:center;\"><strong>Cestas grandes: con doble asa corta en cuerda y larga en cuero.Mide: 50-52cm largo x 35cm de alto y su precio es de 55\u20ac en:<\/strong><\/p>\n<ul>\n<li style=\"text-align:center;\">Azul con moustache blanco<\/li>\n<li style=\"text-align:center;\">Amarillo con estrella blanca<\/li>\n<\/ul>\n<p style=\"text-align:center;\"><strong>Cestas medianas: con doble asa; corta en cuerda y larga en cuero. Mide: 43cm de largo x 23cm de alto y su precio es de 45\u20ac en:<\/strong><\/p>\n<ul>\n<li style=\"text-align:center;\">Color mint con coraz\u00f3n topo<\/li>\n<\/ul>\n<p style=\"text-align:center;\"><strong>Cestas peque\u00f1as: asa corta en cuerda, mide 33 largo x 16 de alto y su precio es de 35\u20ac:<\/strong><\/p>\n<ul>\n<li style=\"text-align:center;\">Color mint con coraz\u00f3n topo<\/li>\n<li style=\"text-align:center;\">Azul con corona blanca<\/li>\n<li style=\"text-align:center;\">Rosa con corona blanca<\/li>\n<\/ul>\n<p style=\"text-align:center;\">Como hay pocas unidades, de momento atenderemos los pedidos por mail y no por la tienda online, ok?, s\u00f3lo ten\u00e9is que escribirnos a ouidigame @oui-oui.es<\/p>\n<p style=\"text-align:center;\">Pero si quieres <strong>encargar alguna combinaci\u00f3n en especial<\/strong>, <strong>m\u00e1ndanos un mail<\/strong> (ouidigame(arroba)oui-oui.es) y tambi\u00e9n <strong>te la podemos pedir<\/strong> (tarda una semana, las otras las tenemos listas para enviar), si quieres coger ideas, \u00e9stas son algunas de las <strong>cestas y capazos que hemos tenido hasta ahora&#8230;<\/strong><\/p>\n<p style=\"text-align:center;\"><a href=\"http:\/\/ouiouiblog.files.wordpress.com\/2013\/06\/oui-oui-cestas-medianas.jpg\"><img loading=\"lazy\" decoding=\"async\" class=\"aligncenter size-full wp-image-834\" alt=\"Oui Oui-cestas medianas\" src=\"http:\/\/ouiouiblog.files.wordpress.com\/2013\/06\/oui-oui-cestas-medianas.jpg\" width=\"529\" height=\"529\" srcset=\"https:\/\/oui-oui.es\/blog\/wp-content\/uploads\/oui-oui-cestas-medianas.jpg 960w, https:\/\/oui-oui.es\/blog\/wp-content\/uploads\/oui-oui-cestas-medianas-150x150.jpg 150w, https:\/\/oui-oui.es\/blog\/wp-content\/uploads\/oui-oui-cestas-medianas-300x300.jpg 300w\" sizes=\"auto, (max-width: 529px) 100vw, 529px\" \/><\/a> <a href=\"http:\/\/ouiouiblog.files.wordpress.com\/2013\/06\/oui-oui-cestas-medianas-2.jpg\"><img loading=\"lazy\" decoding=\"async\" class=\"aligncenter size-full wp-image-833\" alt=\"Oui oui-cestas medianas 2\" src=\"http:\/\/ouiouiblog.files.wordpress.com\/2013\/06\/oui-oui-cestas-medianas-2.jpg\" width=\"529\" height=\"529\" srcset=\"https:\/\/oui-oui.es\/blog\/wp-content\/uploads\/oui-oui-cestas-medianas-2.jpg 960w, https:\/\/oui-oui.es\/blog\/wp-content\/uploads\/oui-oui-cestas-medianas-2-150x150.jpg 150w, https:\/\/oui-oui.es\/blog\/wp-content\/uploads\/oui-oui-cestas-medianas-2-300x300.jpg 300w\" sizes=\"auto, (max-width: 529px) 100vw, 529px\" \/><\/a> <a href=\"http:\/\/ouiouiblog.files.wordpress.com\/2013\/06\/oui-oui-cestas-grandes-cpazo-playa-pez-calavera.jpg\"><img loading=\"lazy\" decoding=\"async\" class=\"aligncenter size-full wp-image-832\" alt=\"Oui Oui-cestas grandes-cpazo playa pez-calavera\" src=\"http:\/\/ouiouiblog.files.wordpress.com\/2013\/06\/oui-oui-cestas-grandes-cpazo-playa-pez-calavera.jpg\" width=\"529\" height=\"529\" srcset=\"https:\/\/oui-oui.es\/blog\/wp-content\/uploads\/oui-oui-cestas-grandes-cpazo-playa-pez-calavera.jpg 960w, https:\/\/oui-oui.es\/blog\/wp-content\/uploads\/oui-oui-cestas-grandes-cpazo-playa-pez-calavera-150x150.jpg 150w, https:\/\/oui-oui.es\/blog\/wp-content\/uploads\/oui-oui-cestas-grandes-cpazo-playa-pez-calavera-300x300.jpg 300w\" sizes=\"auto, (max-width: 529px) 100vw, 529px\" \/><\/a> <a href=\"http:\/\/ouiouiblog.files.wordpress.com\/2013\/06\/oui-oui-capazo-playa-grande-moustache.jpg\"><img loading=\"lazy\" decoding=\"async\" class=\"aligncenter size-full wp-image-831\" alt=\"Oui Oui-capazo playa grande moustache\" src=\"http:\/\/ouiouiblog.files.wordpress.com\/2013\/06\/oui-oui-capazo-playa-grande-moustache.jpg\" width=\"529\" height=\"529\" srcset=\"https:\/\/oui-oui.es\/blog\/wp-content\/uploads\/oui-oui-capazo-playa-grande-moustache.jpg 960w, https:\/\/oui-oui.es\/blog\/wp-content\/uploads\/oui-oui-capazo-playa-grande-moustache-150x150.jpg 150w, https:\/\/oui-oui.es\/blog\/wp-content\/uploads\/oui-oui-capazo-playa-grande-moustache-300x300.jpg 300w\" sizes=\"auto, (max-width: 529px) 100vw, 529px\" \/><\/a><\/p>\n<p style=\"text-align:center;\">\n<p>&nbsp;<\/p>\n<p style=\"text-align:center;\">\n<p style=\"text-align:center;\">\n<p style=\"text-align:center;\">\n<p>&nbsp;<\/p>\n<p>&nbsp;<\/p>\n","protected":false},"excerpt":{"rendered":"<p>Por fin ha llegado el calorcito de verdad!! Y para celebrarlo, tambi\u00e9n han llegado a Oui Oui m\u00e1s cestas y capazos para la playa, decorados con preciosos colores y dibujos. Para la playa los modelos m\u00e1s c\u00f3modos son el mediano (para una persona sola) y el grande (si vas en pareja, con ni\u00f1os&#8230;) Aqu\u00ed puedes [&hellip;]<\/p>\n","protected":false},"author":1,"featured_media":835,"comment_status":"open","ping_status":"open","sticky":false,"template":"","format":"standard","meta":{"jetpack_post_was_ever_published":false,"_jetpack_newsletter_access":"","_jetpack_dont_email_post_to_subs":false,"_jetpack_newsletter_tier_id":0,"_jetpack_memberships_contains_paywalled_content":false,"_jetpack_memberships_contains_paid_content":false,"footnotes":"","jetpack_publicize_message":"","jetpack_publicize_feature_enabled":true,"jetpack_social_post_already_shared":false,"jetpack_social_options":{"image_generator_settings":{"template":"highway","default_image_id":0,"font":"","enabled":false},"version":2}},"categories":[177,13],"tags":[],"class_list":["post-824","post","type-post","status-publish","format-standard","has-post-thumbnail","hentry","category-lifestyle-2","category-oui-oui"],"aioseo_notices":[],"jetpack_publicize_connections":[],"jetpack_featured_media_url":"https:\/\/oui-oui.es\/blog\/wp-content\/uploads\/cesta-playa.jpg","jetpack_sharing_enabled":true,"jetpack-related-posts":[{"id":5347,"url":"https:\/\/oui-oui.es\/blog\/mentoring-de-oui-oui-organizacion-y-eficacia\/","url_meta":{"origin":824,"position":0},"title":"Mentoring de Oui Oui | Organizaci\u00f3n y Eficacia","author":"Mar\u00eda \u2665Oui Oui\u2665","date":"1 mayo, 2017","format":false,"excerpt":"Una de las cosas que m\u00e1s satisfacci\u00f3n me est\u00e1 dando de las sesiones de mentoring para emprendedores es la versatilidad de las mismas y c\u00f3mo me est\u00e1 permitiendo conocer proyectos y perfiles de personas tan diferentes que muchos tienen unas necesidades muy diferentes. Muchas veces las emprendedoras (las sesiones son\u2026","rel":"","context":"En \u00abEMPRENDEDORAS\u00bb","block_context":{"text":"EMPRENDEDORAS","link":"https:\/\/oui-oui.es\/blog\/category\/mentoring-emprendedores\/"},"img":{"alt_text":"","src":"https:\/\/i0.wp.com\/oui-oui.es\/blog\/wp-content\/uploads\/2017\/04\/Oui-Oui-mentoring-oui-oui-mentoring-emprendedores-oui-oui-concept-store-mes-petits-pompons-clips-pompon.jpg?resize=350%2C200&ssl=1","width":350,"height":200,"srcset":"https:\/\/i0.wp.com\/oui-oui.es\/blog\/wp-content\/uploads\/2017\/04\/Oui-Oui-mentoring-oui-oui-mentoring-emprendedores-oui-oui-concept-store-mes-petits-pompons-clips-pompon.jpg?resize=350%2C200&ssl=1 1x, https:\/\/i0.wp.com\/oui-oui.es\/blog\/wp-content\/uploads\/2017\/04\/Oui-Oui-mentoring-oui-oui-mentoring-emprendedores-oui-oui-concept-store-mes-petits-pompons-clips-pompon.jpg?resize=525%2C300&ssl=1 1.5x"},"classes":[]},{"id":3022,"url":"https:\/\/oui-oui.es\/blog\/y-tu-eres-de-playa-de-norte-o-de-sur\/","url_meta":{"origin":824,"position":1},"title":"Y t\u00fa, \u00bferes de playa de Norte o de Sur?","author":"Mar\u00eda \u2665Oui Oui\u2665","date":"26 agosto, 2015","format":false,"excerpt":"\u00a0 Ten\u00eda la esperanza de poder escribir todas las noches de las \u00faltimas semanas, pero resulta que llego muerta y me quedo frita, as\u00ed que he encontraod un huequ\u00edn para compartir mis reflexiones del \u00faltimo mes sobre las ventajas de ir a una playa \"de calor\" (en Espa\u00f1a d\u00edcese del\u2026","rel":"","context":"En \u00abESTILO DE VIDA\u00bb","block_context":{"text":"ESTILO DE VIDA","link":"https:\/\/oui-oui.es\/blog\/category\/lifestyle-2\/"},"img":{"alt_text":"","src":"https:\/\/i0.wp.com\/oui-oui.es\/blog\/wp-content\/uploads\/2015\/08\/Oui-Oui-playas-asturias-con-ni%C3%B1os-tazones.jpg?resize=350%2C200&ssl=1","width":350,"height":200,"srcset":"https:\/\/i0.wp.com\/oui-oui.es\/blog\/wp-content\/uploads\/2015\/08\/Oui-Oui-playas-asturias-con-ni%C3%B1os-tazones.jpg?resize=350%2C200&ssl=1 1x, https:\/\/i0.wp.com\/oui-oui.es\/blog\/wp-content\/uploads\/2015\/08\/Oui-Oui-playas-asturias-con-ni%C3%B1os-tazones.jpg?resize=525%2C300&ssl=1 1.5x, https:\/\/i0.wp.com\/oui-oui.es\/blog\/wp-content\/uploads\/2015\/08\/Oui-Oui-playas-asturias-con-ni%C3%B1os-tazones.jpg?resize=700%2C400&ssl=1 2x, https:\/\/i0.wp.com\/oui-oui.es\/blog\/wp-content\/uploads\/2015\/08\/Oui-Oui-playas-asturias-con-ni%C3%B1os-tazones.jpg?resize=1050%2C600&ssl=1 3x"},"classes":[]},{"id":899,"url":"https:\/\/oui-oui.es\/blog\/dos-dias\/","url_meta":{"origin":824,"position":2},"title":"Dos d\u00edas&#8230;","author":"Mar\u00eda \u2665Oui Oui\u2665","date":"28 junio, 2013","format":false,"excerpt":"S\u00f3lo ser\u00e1n dos d\u00edas, pero me sabr\u00e1n a gloria, voy a intentar desconectar, que no lo hago desde hace meses y tengo mucha ganas...Hasta el lunes!!","rel":"","context":"En \u00abESTILO DE VIDA\u00bb","block_context":{"text":"ESTILO DE VIDA","link":"https:\/\/oui-oui.es\/blog\/category\/lifestyle-2\/"},"img":{"alt_text":"","src":"https:\/\/i0.wp.com\/oui-oui.es\/blog\/wp-content\/uploads\/oui-oui-fiesta-playa-relax-2.jpg?resize=350%2C200&ssl=1","width":350,"height":200},"classes":[]},{"id":3099,"url":"https:\/\/oui-oui.es\/blog\/cabo-de-gata-en-familia\/","url_meta":{"origin":824,"position":3},"title":"Cabo de Gata en familia","author":"Mar\u00eda \u2665Oui Oui\u2665","date":"2 septiembre, 2015","format":false,"excerpt":"Como contaba el otro d\u00eda, este a\u00f1o decidimos buscar un destino de \"playa de calor\" para segurarnos los d\u00edas de playa con Mart\u00edn, pero quer\u00edamos hu\u00edr de las masificaciones, los macro hoteles y los atascos, as\u00ed llegamos a Cabo de Gata. Siendo sincera, seg\u00fan bajamos del coche nos golpe\u00f3 una\u2026","rel":"","context":"En \u00abESTILO DE VIDA\u00bb","block_context":{"text":"ESTILO DE VIDA","link":"https:\/\/oui-oui.es\/blog\/category\/lifestyle-2\/"},"img":{"alt_text":"","src":"https:\/\/i0.wp.com\/oui-oui.es\/blog\/wp-content\/uploads\/2015\/09\/Oui-Oui-cabo-de-gata-con-ni%C3%B1os-agua-amarga.jpg?resize=350%2C200&ssl=1","width":350,"height":200,"srcset":"https:\/\/i0.wp.com\/oui-oui.es\/blog\/wp-content\/uploads\/2015\/09\/Oui-Oui-cabo-de-gata-con-ni%C3%B1os-agua-amarga.jpg?resize=350%2C200&ssl=1 1x, https:\/\/i0.wp.com\/oui-oui.es\/blog\/wp-content\/uploads\/2015\/09\/Oui-Oui-cabo-de-gata-con-ni%C3%B1os-agua-amarga.jpg?resize=525%2C300&ssl=1 1.5x, https:\/\/i0.wp.com\/oui-oui.es\/blog\/wp-content\/uploads\/2015\/09\/Oui-Oui-cabo-de-gata-con-ni%C3%B1os-agua-amarga.jpg?resize=700%2C400&ssl=1 2x, https:\/\/i0.wp.com\/oui-oui.es\/blog\/wp-content\/uploads\/2015\/09\/Oui-Oui-cabo-de-gata-con-ni%C3%B1os-agua-amarga.jpg?resize=1050%2C600&ssl=1 3x, https:\/\/i0.wp.com\/oui-oui.es\/blog\/wp-content\/uploads\/2015\/09\/Oui-Oui-cabo-de-gata-con-ni%C3%B1os-agua-amarga.jpg?resize=1400%2C800&ssl=1 4x"},"classes":[]},{"id":2702,"url":"https:\/\/oui-oui.es\/blog\/el-trolley-patinete-del-viajero-molon-uyuni\/","url_meta":{"origin":824,"position":4},"title":"El trolley patinete del viajero mol\u00f3n | uYuni","author":"Mar\u00eda \u2665Oui Oui\u2665","date":"30 junio, 2015","format":false,"excerpt":"Los que me conocen lo saben, me encantan los gadgets, los objetos originales y los productos que, adem\u00e1s de tener dise\u00f1o, son pr\u00e1cticos. Por eso cuando me contaron la idea de la maleta patinete me pareci\u00f3 genial, un trolley con patinete incorporado para ahorrarte tiempo de tr\u00e1nsito en los aeropuertos\u2026","rel":"","context":"En \u00abESTILO DE VIDA\u00bb","block_context":{"text":"ESTILO DE VIDA","link":"https:\/\/oui-oui.es\/blog\/category\/lifestyle-2\/"},"img":{"alt_text":"","src":"https:\/\/i0.wp.com\/oui-oui.es\/blog\/wp-content\/uploads\/Oui-Oui-maleta-patinete-uYuni-2.jpg?resize=350%2C200&ssl=1","width":350,"height":200,"srcset":"https:\/\/i0.wp.com\/oui-oui.es\/blog\/wp-content\/uploads\/Oui-Oui-maleta-patinete-uYuni-2.jpg?resize=350%2C200&ssl=1 1x, https:\/\/i0.wp.com\/oui-oui.es\/blog\/wp-content\/uploads\/Oui-Oui-maleta-patinete-uYuni-2.jpg?resize=525%2C300&ssl=1 1.5x, https:\/\/i0.wp.com\/oui-oui.es\/blog\/wp-content\/uploads\/Oui-Oui-maleta-patinete-uYuni-2.jpg?resize=700%2C400&ssl=1 2x"},"classes":[]},{"id":3606,"url":"https:\/\/oui-oui.es\/blog\/gijon-goloso\/","url_meta":{"origin":824,"position":5},"title":"Gij\u00f3n Goloso","author":"Mar\u00eda \u2665Oui Oui\u2665","date":"23 octubre, 2015","format":false,"excerpt":"A estas horas estar\u00e9 ya en el tren directa a Gij\u00f3n! un viaje express pero que me apetece mucho, por mis momentos de tren sola (siempre me llevo mil tareas que hacer, a ver a qu\u00e9 me da tiempo en \u00e9ste...), por comer con Paula y Pedro (a ver con\u2026","rel":"","context":"En \u00abBoda\u00bb","block_context":{"text":"Boda","link":"https:\/\/oui-oui.es\/blog\/category\/fiestas-celebraciones\/boda\/"},"img":{"alt_text":"","src":"https:\/\/i0.wp.com\/oui-oui.es\/blog\/wp-content\/uploads\/2015\/10\/Oui-Oui-croissants-pomme-cuite-marta-simonet-gijon-goloso.jpg?resize=350%2C200&ssl=1","width":350,"height":200},"classes":[]}],"_links":{"self":[{"href":"https:\/\/oui-oui.es\/blog\/wp-json\/wp\/v2\/posts\/824","targetHints":{"allow":["GET"]}}],"collection":[{"href":"https:\/\/oui-oui.es\/blog\/wp-json\/wp\/v2\/posts"}],"about":[{"href":"https:\/\/oui-oui.es\/blog\/wp-json\/wp\/v2\/types\/post"}],"author":[{"embeddable":true,"href":"https:\/\/oui-oui.es\/blog\/wp-json\/wp\/v2\/users\/1"}],"replies":[{"embeddable":true,"href":"https:\/\/oui-oui.es\/blog\/wp-json\/wp\/v2\/comments?post=824"}],"version-history":[{"count":0,"href":"https:\/\/oui-oui.es\/blog\/wp-json\/wp\/v2\/posts\/824\/revisions"}],"wp:featuredmedia":[{"embeddable":true,"href":"https:\/\/oui-oui.es\/blog\/wp-json\/wp\/v2\/media\/835"}],"wp:attachment":[{"href":"https:\/\/oui-oui.es\/blog\/wp-json\/wp\/v2\/media?parent=824"}],"wp:term":[{"taxonomy":"category","embeddable":true,"href":"https:\/\/oui-oui.es\/blog\/wp-json\/wp\/v2\/categories?post=824"},{"taxonomy":"post_tag","embeddable":true,"href":"https:\/\/oui-oui.es\/blog\/wp-json\/wp\/v2\/tags?post=824"}],"curies":[{"name":"wp","href":"https:\/\/api.w.org\/{rel}","templated":true}]}}