{"id":850,"date":"2013-06-25T00:41:36","date_gmt":"2013-06-24T22:41:36","guid":{"rendered":"http:\/\/ouiouiblog.wordpress.com\/?p=850"},"modified":"2013-06-25T00:41:36","modified_gmt":"2013-06-24T22:41:36","slug":"novedades-novedosas-en-oui-oui-estamos-a-tope","status":"publish","type":"post","link":"https:\/\/oui-oui.es\/blog\/novedades-novedosas-en-oui-oui-estamos-a-tope\/","title":{"rendered":"Novedades novedosas en Oui Oui&#8230;Estamos a tope!"},"content":{"rendered":"<p style=\"text-align:center;\"><a href=\"http:\/\/ouiouiblog.files.wordpress.com\/2013\/06\/oui-oui-bandeja-madera-fruta-fresas.jpg\"><img loading=\"lazy\" decoding=\"async\" class=\"aligncenter size-full wp-image-868\" alt=\"Oui Oui-bandeja madera fruta-fresas\" src=\"http:\/\/ouiouiblog.files.wordpress.com\/2013\/06\/oui-oui-bandeja-madera-fruta-fresas.jpg\" width=\"529\" height=\"466\" srcset=\"https:\/\/oui-oui.es\/blog\/wp-content\/uploads\/oui-oui-bandeja-madera-fruta-fresas.jpg 612w, https:\/\/oui-oui.es\/blog\/wp-content\/uploads\/oui-oui-bandeja-madera-fruta-fresas-300x265.jpg 300w\" sizes=\"auto, (max-width: 529px) 100vw, 529px\" \/><\/a><\/p>\n<p style=\"text-align:center;\">Aunque me gusta contaros las <strong><a href=\"http:\/\/www.oui-oui.es\/33-novedades\" target=\"_blank\">Novedades <\/a><\/strong>de la tienda los lunes esta semana ser\u00e1 un poco diferente porque <strong>est\u00e1n llegando tantas cosas<\/strong> que no doy abasto!!, de hecho <strong>habr\u00e1 m\u00e1s <a href=\"http:\/\/www.oui-oui.es\/33-novedades\" target=\"_blank\">novedades <\/a>entre hoy y ma\u00f1ana<\/strong>&#8230;Pero de momento os cuento las que ya tenemos en la tienda \ud83d\ude09<\/p>\n<p style=\"text-align:center;\">Como estas <strong><a href=\"http:\/\/www.oui-oui.es\/just-maried\/282-taza-mr-bigote.html\" target=\"_blank\">tazas de Mr<\/a> y<a href=\"http:\/\/www.oui-oui.es\/just-maried\/283-taza-mrs-beso.html\" target=\"_blank\"> Mrs<\/a><\/strong>, con <strong>su bigote y sus labios<\/strong>&#8230;me encantan!, para regalar a unos reci\u00e9n casados, a una pareja, por un aniversario&#8230;O porque s\u00ed!<\/p>\n<p style=\"text-align:center;\"><a href=\"http:\/\/ouiouiblog.files.wordpress.com\/2013\/06\/oui-oui-tazas-mr-y-mrs.jpg\"><img loading=\"lazy\" decoding=\"async\" class=\"aligncenter size-full wp-image-865\" alt=\"Oui Oui-tazas mr y mrs\" src=\"http:\/\/ouiouiblog.files.wordpress.com\/2013\/06\/oui-oui-tazas-mr-y-mrs.jpg\" width=\"529\" height=\"529\" srcset=\"https:\/\/oui-oui.es\/blog\/wp-content\/uploads\/oui-oui-tazas-mr-y-mrs.jpg 612w, https:\/\/oui-oui.es\/blog\/wp-content\/uploads\/oui-oui-tazas-mr-y-mrs-150x150.jpg 150w, https:\/\/oui-oui.es\/blog\/wp-content\/uploads\/oui-oui-tazas-mr-y-mrs-300x300.jpg 300w\" sizes=\"auto, (max-width: 529px) 100vw, 529px\" \/><\/a><\/p>\n<p style=\"text-align:center;\">O este <a href=\"http:\/\/www.oui-oui.es\/decoracion\/284-armarito-madera-flores-estilo-vintage.html\" target=\"_blank\"><strong>armarito<\/strong><\/a>, del que <strong>me enamor\u00e9 nada m\u00e1s verlo<\/strong>, s\u00f3lo hemos tra\u00eddo dos y estoy por quedarme yo con uno&#8230;Me gusta mucho <strong>para incluir en un bodeg\u00f3n, en una mesa decorativa en una boda<\/strong> o fiesta, pero tambi\u00e9n para la casa, <strong>para los esmaltes, los complementos, los mu\u00f1equitos de los peques&#8230;<\/strong><\/p>\n<p style=\"text-align:center;\"><a href=\"http:\/\/ouiouiblog.files.wordpress.com\/2013\/06\/oui-oui-armarito-madera-flores-vintage.jpg\"><img loading=\"lazy\" decoding=\"async\" class=\"aligncenter size-full wp-image-864\" alt=\"oUI oUI-ARMARITO MADERA FLORES VINTAGE\" src=\"http:\/\/ouiouiblog.files.wordpress.com\/2013\/06\/oui-oui-armarito-madera-flores-vintage.jpg\" width=\"529\" height=\"529\" srcset=\"https:\/\/oui-oui.es\/blog\/wp-content\/uploads\/oui-oui-armarito-madera-flores-vintage.jpg 612w, https:\/\/oui-oui.es\/blog\/wp-content\/uploads\/oui-oui-armarito-madera-flores-vintage-150x150.jpg 150w, https:\/\/oui-oui.es\/blog\/wp-content\/uploads\/oui-oui-armarito-madera-flores-vintage-300x300.jpg 300w\" sizes=\"auto, (max-width: 529px) 100vw, 529px\" \/><\/a><\/p>\n<p style=\"text-align:center;\">Dos <strong>portavelas muy r\u00fasticos<\/strong>, hechos con <strong>troncos<\/strong>, cada uno es diferente y tienen un coraz\u00f3n troquelado, en el vasito de cristal de su interior metes una velita y <strong>crea un ambiente muy especial, perfectos para una noche de verano.<\/strong><\/p>\n<p style=\"text-align:center;\"><a href=\"http:\/\/ouiouiblog.files.wordpress.com\/2013\/06\/portavelas-madera-corazon-grande.jpg\"><img loading=\"lazy\" decoding=\"async\" class=\"aligncenter size-full wp-image-869\" alt=\"portavelas-madera-corazon-grande\" src=\"http:\/\/ouiouiblog.files.wordpress.com\/2013\/06\/portavelas-madera-corazon-grande.jpg\" width=\"447\" height=\"447\" srcset=\"https:\/\/oui-oui.es\/blog\/wp-content\/uploads\/portavelas-madera-corazon-grande.jpg 447w, https:\/\/oui-oui.es\/blog\/wp-content\/uploads\/portavelas-madera-corazon-grande-150x150.jpg 150w, https:\/\/oui-oui.es\/blog\/wp-content\/uploads\/portavelas-madera-corazon-grande-300x300.jpg 300w\" sizes=\"auto, (max-width: 447px) 100vw, 447px\" \/><\/a><\/p>\n<p style=\"text-align:center;\">Las <a href=\"http:\/\/www.oui-oui.es\/novedades\/269-etiquetas-regalo-kraft-bicis-vintage.html\" target=\"_blank\"><strong>etiquetas kraft<\/strong><\/a> que tanto \u00e9xito est\u00e1n teniendo las hemos repuesto con <a href=\"http:\/\/www.oui-oui.es\/novedades\/268-etiquetas-regalo-kraft-viajes-vintage.html\" target=\"_blank\"><strong>motivos de viajes<\/strong><\/a> y con <strong>bicis retro<\/strong>, para <strong>utilizar en el seating<\/strong>, etiquetar los regalos a tus <strong>invitados<\/strong> o tener en casa cuando tienes que envolver un <strong>regalo diferente.<\/strong><\/p>\n<p style=\"text-align:center;\"><a href=\"http:\/\/ouiouiblog.files.wordpress.com\/2013\/06\/oui-oui-etiquetas-vintage-bicis-y-viajes.jpg\"><img loading=\"lazy\" decoding=\"async\" class=\"aligncenter size-full wp-image-863\" alt=\"Oui Oui-etiquetas vintage bicis y viajes\" src=\"http:\/\/ouiouiblog.files.wordpress.com\/2013\/06\/oui-oui-etiquetas-vintage-bicis-y-viajes.jpg\" width=\"529\" height=\"528\" srcset=\"https:\/\/oui-oui.es\/blog\/wp-content\/uploads\/oui-oui-etiquetas-vintage-bicis-y-viajes.jpg 1529w, https:\/\/oui-oui.es\/blog\/wp-content\/uploads\/oui-oui-etiquetas-vintage-bicis-y-viajes-150x150.jpg 150w, https:\/\/oui-oui.es\/blog\/wp-content\/uploads\/oui-oui-etiquetas-vintage-bicis-y-viajes-300x300.jpg 300w, https:\/\/oui-oui.es\/blog\/wp-content\/uploads\/oui-oui-etiquetas-vintage-bicis-y-viajes-1024x1024.jpg 1024w\" sizes=\"auto, (max-width: 529px) 100vw, 529px\" \/><\/a><\/p>\n<p style=\"text-align:center;\">Y para todos los que nos ped\u00edais <strong>\u00abbanderines personalizados\u00bb<\/strong>, adem\u00e1s del <a href=\"http:\/\/www.oui-oui.es\/ambiente-boda\/114-banderin-letras-personalizable.html\" target=\"_blank\">bander\u00edn con letras blancas<\/a> hemos conseguido estas <strong>banderolas sueltas cada una con una letra<\/strong>, para que puedas <strong>crear tu propia frase<\/strong>, <strong>poner el nombre de las peques<\/strong>..En tela rosa con diferentes estampados (flores, liso&#8230;) para dar una sensaci\u00f3n de patchwork&#8230;<strong>\u00bfA qu\u00e9 esperas para crear el tuyo?<\/strong><\/p>\n<p style=\"text-align:center;\"><a href=\"http:\/\/ouiouiblog.files.wordpress.com\/2013\/06\/oui-oui-banderines-individuales-nombre.jpg\"><img loading=\"lazy\" decoding=\"async\" class=\"aligncenter size-full wp-image-859\" alt=\"Oui Oui-banderines individuales nombre\" src=\"http:\/\/ouiouiblog.files.wordpress.com\/2013\/06\/oui-oui-banderines-individuales-nombre.jpg\" width=\"313\" height=\"295\" srcset=\"https:\/\/oui-oui.es\/blog\/wp-content\/uploads\/oui-oui-banderines-individuales-nombre.jpg 313w, https:\/\/oui-oui.es\/blog\/wp-content\/uploads\/oui-oui-banderines-individuales-nombre-300x283.jpg 300w\" sizes=\"auto, (max-width: 313px) 100vw, 313px\" \/><\/a><a href=\"http:\/\/ouiouiblog.files.wordpress.com\/2013\/06\/oui-oui-banderin-individual-letra-f.jpg\"><img loading=\"lazy\" decoding=\"async\" class=\"aligncenter size-full wp-image-860\" alt=\"Oui Oui-banderin individual letra F\" src=\"http:\/\/ouiouiblog.files.wordpress.com\/2013\/06\/oui-oui-banderin-individual-letra-f.jpg\" width=\"313\" height=\"295\" srcset=\"https:\/\/oui-oui.es\/blog\/wp-content\/uploads\/oui-oui-banderin-individual-letra-f.jpg 313w, https:\/\/oui-oui.es\/blog\/wp-content\/uploads\/oui-oui-banderin-individual-letra-f-300x283.jpg 300w\" sizes=\"auto, (max-width: 313px) 100vw, 313px\" \/><\/a> <a href=\"http:\/\/ouiouiblog.files.wordpress.com\/2013\/06\/oui-oui-banderin-individual-letra-i.jpg\"><img loading=\"lazy\" decoding=\"async\" class=\"aligncenter size-full wp-image-862\" alt=\"Oui Oui-banderin individual letra I\" src=\"http:\/\/ouiouiblog.files.wordpress.com\/2013\/06\/oui-oui-banderin-individual-letra-i.jpg\" width=\"313\" height=\"295\" srcset=\"https:\/\/oui-oui.es\/blog\/wp-content\/uploads\/oui-oui-banderin-individual-letra-i.jpg 313w, https:\/\/oui-oui.es\/blog\/wp-content\/uploads\/oui-oui-banderin-individual-letra-i-300x283.jpg 300w\" sizes=\"auto, (max-width: 313px) 100vw, 313px\" \/><\/a><\/p>\n<p style=\"text-align:center;\">Tambi\u00e9n hemos tra\u00eddo un mont\u00f3n de cositas para fiesta; como <strong>blondas <\/strong>con m\u00e1s dise\u00f1os.<\/p>\n<p style=\"text-align:center;\"><a href=\"http:\/\/ouiouiblog.files.wordpress.com\/2013\/06\/oui-oui-blondas-mix-flores.jpg\"><img loading=\"lazy\" decoding=\"async\" class=\"aligncenter size-full wp-image-852\" alt=\"Oui Oui-blondas mix flores\" src=\"http:\/\/ouiouiblog.files.wordpress.com\/2013\/06\/oui-oui-blondas-mix-flores.jpg\" width=\"263\" height=\"263\" srcset=\"https:\/\/oui-oui.es\/blog\/wp-content\/uploads\/oui-oui-blondas-mix-flores.jpg 263w, https:\/\/oui-oui.es\/blog\/wp-content\/uploads\/oui-oui-blondas-mix-flores-150x150.jpg 150w\" sizes=\"auto, (max-width: 263px) 100vw, 263px\" \/><\/a> <a href=\"http:\/\/ouiouiblog.files.wordpress.com\/2013\/06\/oui-oui-blondas-lunares-rojos.jpg\"><img loading=\"lazy\" decoding=\"async\" class=\"aligncenter size-full wp-image-851\" alt=\"Oui Oui-blondas lunares rojos\" src=\"http:\/\/ouiouiblog.files.wordpress.com\/2013\/06\/oui-oui-blondas-lunares-rojos.jpg\" width=\"529\" height=\"529\" srcset=\"https:\/\/oui-oui.es\/blog\/wp-content\/uploads\/oui-oui-blondas-lunares-rojos.jpg 900w, https:\/\/oui-oui.es\/blog\/wp-content\/uploads\/oui-oui-blondas-lunares-rojos-150x150.jpg 150w, https:\/\/oui-oui.es\/blog\/wp-content\/uploads\/oui-oui-blondas-lunares-rojos-300x300.jpg 300w\" sizes=\"auto, (max-width: 529px) 100vw, 529px\" \/><\/a><\/p>\n<p style=\"text-align:center;\">B<strong>olsas de palomitas<\/strong>, <strong>bolsas de chuches<\/strong> en diferentes colores, <a href=\"http:\/\/www.oui-oui.es\/fiesta\/279-globos-transparentes.html\" target=\"_blank\"><strong>globos transparentes<\/strong><\/a>&#8230;<\/p>\n<p style=\"text-align:center;\">\u00a0<a href=\"http:\/\/ouiouiblog.files.wordpress.com\/2013\/06\/oui-oui-bolsas-palomitas-rayas-rojas-y-blancas.jpg\"><img loading=\"lazy\" decoding=\"async\" class=\"aligncenter size-full wp-image-857\" alt=\"Oui Oui-bolsas palomitas rayas rojas y blancas\" src=\"http:\/\/ouiouiblog.files.wordpress.com\/2013\/06\/oui-oui-bolsas-palomitas-rayas-rojas-y-blancas.jpg\" width=\"529\" height=\"529\" srcset=\"https:\/\/oui-oui.es\/blog\/wp-content\/uploads\/oui-oui-bolsas-palomitas-rayas-rojas-y-blancas.jpg 800w, https:\/\/oui-oui.es\/blog\/wp-content\/uploads\/oui-oui-bolsas-palomitas-rayas-rojas-y-blancas-150x150.jpg 150w, https:\/\/oui-oui.es\/blog\/wp-content\/uploads\/oui-oui-bolsas-palomitas-rayas-rojas-y-blancas-300x300.jpg 300w\" sizes=\"auto, (max-width: 529px) 100vw, 529px\" \/><\/a> <a href=\"http:\/\/ouiouiblog.files.wordpress.com\/2013\/06\/oui-oui-bolsas-chuches-rayas-rosas-con-pegatinas.jpg\"><img loading=\"lazy\" decoding=\"async\" class=\"aligncenter size-full wp-image-856\" alt=\"Oui Oui-bolsas chuches rayas rosas con pegatinas\" src=\"http:\/\/ouiouiblog.files.wordpress.com\/2013\/06\/oui-oui-bolsas-chuches-rayas-rosas-con-pegatinas.jpg\" width=\"529\" height=\"529\" srcset=\"https:\/\/oui-oui.es\/blog\/wp-content\/uploads\/oui-oui-bolsas-chuches-rayas-rosas-con-pegatinas.jpg 800w, https:\/\/oui-oui.es\/blog\/wp-content\/uploads\/oui-oui-bolsas-chuches-rayas-rosas-con-pegatinas-150x150.jpg 150w, https:\/\/oui-oui.es\/blog\/wp-content\/uploads\/oui-oui-bolsas-chuches-rayas-rosas-con-pegatinas-300x300.jpg 300w\" sizes=\"auto, (max-width: 529px) 100vw, 529px\" \/><\/a> <a href=\"http:\/\/ouiouiblog.files.wordpress.com\/2013\/06\/oui-oui-bolsas-chuches-rayas-colores-y-pegatinas.jpg\"><img loading=\"lazy\" decoding=\"async\" class=\"aligncenter size-full wp-image-855\" alt=\"Oui Oui-bolsas chuches rayas colores y pegatinas\" src=\"http:\/\/ouiouiblog.files.wordpress.com\/2013\/06\/oui-oui-bolsas-chuches-rayas-colores-y-pegatinas.jpg\" width=\"529\" height=\"486\" srcset=\"https:\/\/oui-oui.es\/blog\/wp-content\/uploads\/oui-oui-bolsas-chuches-rayas-colores-y-pegatinas.jpg 577w, https:\/\/oui-oui.es\/blog\/wp-content\/uploads\/oui-oui-bolsas-chuches-rayas-colores-y-pegatinas-300x276.jpg 300w\" sizes=\"auto, (max-width: 529px) 100vw, 529px\" \/><\/a> <a href=\"http:\/\/ouiouiblog.files.wordpress.com\/2013\/06\/oui-oui-bolsas-chuches-rayas-byn-con-pegatinas-2.jpg\"><img loading=\"lazy\" decoding=\"async\" class=\"aligncenter size-full wp-image-854\" alt=\"Oui Oui-bolsas chuches rayas byn con pegatinas 2\" src=\"http:\/\/ouiouiblog.files.wordpress.com\/2013\/06\/oui-oui-bolsas-chuches-rayas-byn-con-pegatinas-2.jpg\" width=\"529\" height=\"529\" srcset=\"https:\/\/oui-oui.es\/blog\/wp-content\/uploads\/oui-oui-bolsas-chuches-rayas-byn-con-pegatinas-2.jpg 800w, https:\/\/oui-oui.es\/blog\/wp-content\/uploads\/oui-oui-bolsas-chuches-rayas-byn-con-pegatinas-2-150x150.jpg 150w, https:\/\/oui-oui.es\/blog\/wp-content\/uploads\/oui-oui-bolsas-chuches-rayas-byn-con-pegatinas-2-300x300.jpg 300w\" sizes=\"auto, (max-width: 529px) 100vw, 529px\" \/><\/a><a href=\"http:\/\/ouiouiblog.files.wordpress.com\/2013\/06\/oui-oui-globos-de-cristal.jpg\"><img loading=\"lazy\" decoding=\"async\" class=\"aligncenter size-full wp-image-858\" alt=\"Oui Oui-globos de cristal\" src=\"http:\/\/ouiouiblog.files.wordpress.com\/2013\/06\/oui-oui-globos-de-cristal.jpg\" width=\"197\" height=\"263\" \/><\/a><\/p>\n<p style=\"text-align:center;\">Y un <strong>imprescindible<\/strong> en las fiestas de verano&#8230;las <a href=\"http:\/\/www.oui-oui.es\/fiesta\/278-bolsas-papel-para-velas.html\" target=\"_blank\"><strong>bolsas luminosas<\/strong><\/a>, para <strong>iluminar un camino, un rinc\u00f3n&#8230;<\/strong><\/p>\n<p style=\"text-align:center;\"><a href=\"http:\/\/ouiouiblog.files.wordpress.com\/2013\/06\/oui-oui-bolsa-para-vela-troquelada-estrellas.jpg\"><img loading=\"lazy\" decoding=\"async\" class=\"aligncenter size-full wp-image-853\" alt=\"Oui Oui-bolsa para vela troquelada estrellas\" src=\"http:\/\/ouiouiblog.files.wordpress.com\/2013\/06\/oui-oui-bolsa-para-vela-troquelada-estrellas.jpg\" width=\"201\" height=\"263\" \/><\/a><\/p>\n<p style=\"text-align:center;\">Bueno, y m\u00e1s cosas! pod\u00e9is verlas TODAS <a href=\"http:\/\/www.oui-oui.es\/33-novedades\" target=\"_blank\">aqu\u00ed<\/a><\/p>\n<p style=\"text-align:center;\"><a href=\"http:\/\/ouiouiblog.files.wordpress.com\/2013\/06\/oui-oui-botellitas-cristal-con-soporte-botellas-leche-cristal-school-milk-floreros-pequec3b1os.jpg\"><img loading=\"lazy\" decoding=\"async\" class=\"aligncenter size-full wp-image-866\" alt=\"Oui Oui-botellitas cristal con soporte-botellas leche cristal-school milk-floreros peque\u00f1os\" src=\"http:\/\/ouiouiblog.files.wordpress.com\/2013\/06\/oui-oui-botellitas-cristal-con-soporte-botellas-leche-cristal-school-milk-floreros-pequec3b1os.jpg\" width=\"529\" height=\"440\" \/><\/a><\/p>\n<p style=\"text-align:center;\">Adem\u00e1s de todas las cosas que hemos repuesto!!<\/p>\n<p style=\"text-align:center;\"><a href=\"http:\/\/ouiouiblog.files.wordpress.com\/2013\/06\/oui-oui-sec3b1al-just-married-corazones.jpg\"><img loading=\"lazy\" decoding=\"async\" class=\"aligncenter size-full wp-image-867\" alt=\"Oui Oui-se\u00f1al Just Married corazones\" src=\"http:\/\/ouiouiblog.files.wordpress.com\/2013\/06\/oui-oui-sec3b1al-just-married-corazones.jpg\" width=\"529\" height=\"351\" srcset=\"https:\/\/oui-oui.es\/blog\/wp-content\/uploads\/oui-oui-sec3b1al-just-married-corazones.jpg 800w, https:\/\/oui-oui.es\/blog\/wp-content\/uploads\/oui-oui-sec3b1al-just-married-corazones-300x199.jpg 300w\" sizes=\"auto, (max-width: 529px) 100vw, 529px\" \/><\/a><\/p>\n","protected":false},"excerpt":{"rendered":"<p>Aunque me gusta contaros las Novedades de la tienda los lunes esta semana ser\u00e1 un poco diferente porque est\u00e1n llegando tantas cosas que no doy abasto!!, de hecho habr\u00e1 m\u00e1s novedades entre hoy y ma\u00f1ana&#8230;Pero de momento os cuento las que ya tenemos en la tienda \ud83d\ude09 Como estas tazas de Mr y Mrs, con [&hellip;]<\/p>\n","protected":false},"author":1,"featured_media":868,"comment_status":"open","ping_status":"open","sticky":false,"template":"","format":"standard","meta":{"jetpack_post_was_ever_published":false,"_jetpack_newsletter_access":"","_jetpack_dont_email_post_to_subs":false,"_jetpack_newsletter_tier_id":0,"_jetpack_memberships_contains_paywalled_content":false,"_jetpack_memberships_contains_paid_content":false,"footnotes":"","jetpack_publicize_message":"","jetpack_publicize_feature_enabled":true,"jetpack_social_post_already_shared":false,"jetpack_social_options":{"image_generator_settings":{"template":"highway","default_image_id":0,"font":"","enabled":false},"version":2}},"categories":[704,7],"tags":[53,733],"class_list":["post-850","post","type-post","status-publish","format-standard","has-post-thumbnail","hentry","category-boda","category-fiestas-celebraciones","tag-candy-bar","tag-oui-oui-concept-store"],"aioseo_notices":[],"jetpack_publicize_connections":[],"jetpack_featured_media_url":"https:\/\/oui-oui.es\/blog\/wp-content\/uploads\/oui-oui-bandeja-madera-fruta-fresas.jpg","jetpack_sharing_enabled":true,"jetpack-related-posts":[{"id":702,"url":"https:\/\/oui-oui.es\/blog\/%e2%99%a5-%e2%99%a5-novedades-en-la-tienda-%e2%99%a5-%e2%99%a5\/","url_meta":{"origin":850,"position":0},"title":"\u2665 \u2665 \u00a1\u00a1Novedades en la tienda!! \u2665 \u2665","author":"Mar\u00eda \u2665Oui Oui\u2665","date":"6 mayo, 2013","format":false,"excerpt":"Hasta que encuentre un hueco para escribir la newsletter (a la que os pod\u00e9is suscribir aqu\u00ed , por cierto ;) ) os contar\u00e9 las novedades en la tienda por aqu\u00ed, vale? Estas dos \u00faltimas semanas ha habido much\u00edsimas novedades; washi tape , taxidermias de peluche, cubiertos con mensaje ...Pero no\u2026","rel":"","context":"En \u00abBoda\u00bb","block_context":{"text":"Boda","link":"https:\/\/oui-oui.es\/blog\/category\/fiestas-celebraciones\/boda\/"},"img":{"alt_text":"","src":"https:\/\/i0.wp.com\/oui-oui.es\/blog\/wp-content\/uploads\/oui-oui-decoracion-bodas-fiestas-detalles-novedades.jpg?resize=350%2C200&ssl=1","width":350,"height":200,"srcset":"https:\/\/i0.wp.com\/oui-oui.es\/blog\/wp-content\/uploads\/oui-oui-decoracion-bodas-fiestas-detalles-novedades.jpg?resize=350%2C200&ssl=1 1x, https:\/\/i0.wp.com\/oui-oui.es\/blog\/wp-content\/uploads\/oui-oui-decoracion-bodas-fiestas-detalles-novedades.jpg?resize=525%2C300&ssl=1 1.5x"},"classes":[]},{"id":10535,"url":"https:\/\/oui-oui.es\/blog\/novedades-en-la-tienda-de-oui-oui\/","url_meta":{"origin":850,"position":1},"title":"Novedades en la tienda de Oui Oui","author":"Mar\u00eda \u2665Oui Oui\u2665","date":"23 junio, 2020","format":false,"excerpt":"El otro d\u00eda me dec\u00eda mi t\u00eda que por qu\u00e9 ya no sub\u00eda las novedades de la tienda al Blog, que ella no tiene Instagram y le gustaba cuando le llegaban las novedades al mail...Pues dicho y hecho! aunque lo perfecto ser\u00eda volver a enviar una Newsletter, lo cierto es\u2026","rel":"","context":"En \u00abCASA\u00bb","block_context":{"text":"CASA","link":"https:\/\/oui-oui.es\/blog\/category\/hogar-dulce-hogar\/"},"img":{"alt_text":"","src":"https:\/\/i0.wp.com\/oui-oui.es\/blog\/wp-content\/uploads\/2020\/06\/oui-oui-cesta-mosey-olli-ella-cesta-para-recoger-flores-huevos-cesta-regalo-5.jpg?resize=350%2C200&ssl=1","width":350,"height":200,"srcset":"https:\/\/i0.wp.com\/oui-oui.es\/blog\/wp-content\/uploads\/2020\/06\/oui-oui-cesta-mosey-olli-ella-cesta-para-recoger-flores-huevos-cesta-regalo-5.jpg?resize=350%2C200&ssl=1 1x, https:\/\/i0.wp.com\/oui-oui.es\/blog\/wp-content\/uploads\/2020\/06\/oui-oui-cesta-mosey-olli-ella-cesta-para-recoger-flores-huevos-cesta-regalo-5.jpg?resize=525%2C300&ssl=1 1.5x, https:\/\/i0.wp.com\/oui-oui.es\/blog\/wp-content\/uploads\/2020\/06\/oui-oui-cesta-mosey-olli-ella-cesta-para-recoger-flores-huevos-cesta-regalo-5.jpg?resize=700%2C400&ssl=1 2x, https:\/\/i0.wp.com\/oui-oui.es\/blog\/wp-content\/uploads\/2020\/06\/oui-oui-cesta-mosey-olli-ella-cesta-para-recoger-flores-huevos-cesta-regalo-5.jpg?resize=1050%2C600&ssl=1 3x, https:\/\/i0.wp.com\/oui-oui.es\/blog\/wp-content\/uploads\/2020\/06\/oui-oui-cesta-mosey-olli-ella-cesta-para-recoger-flores-huevos-cesta-regalo-5.jpg?resize=1400%2C800&ssl=1 4x"},"classes":[]},{"id":1390,"url":"https:\/\/oui-oui.es\/blog\/novedades-de-marzo\/","url_meta":{"origin":850,"position":2},"title":"Novedades de Marzo!!","author":"Mar\u00eda \u2665Oui Oui\u2665","date":"5 marzo, 2014","format":false,"excerpt":"Marzo va a venir CARGAD\u00cdSIMO de NOVEDADES!!!, no s\u00f3lo de productos, sino de celebraciones (Oui Oui cumple 1 a\u00f1o el 19 de marzo...Stay tunned!!), por up, open day... Para empezar...HOY es MI CUMPLE!!!, y no pod\u00eda dejar de celebrarlo con todos vosotros, as\u00ed que durante el d\u00eda de hoy, con\u2026","rel":"","context":"En \u00abBoda\u00bb","block_context":{"text":"Boda","link":"https:\/\/oui-oui.es\/blog\/category\/fiestas-celebraciones\/boda\/"},"img":{"alt_text":"oUI oUI-TARTA CUMPLEA\u00d1OS COLORES-ARCOIRIS","src":"https:\/\/ouiouiblog.files.wordpress.com\/2014\/03\/oui-oui-tarta-cumpleac3b1os-colores-arcoiris.jpg?w=350&h=200&crop=1","width":350,"height":200,"srcset":"https:\/\/ouiouiblog.files.wordpress.com\/2014\/03\/oui-oui-tarta-cumpleac3b1os-colores-arcoiris.jpg?w=350&h=200&crop=1 1x, https:\/\/ouiouiblog.files.wordpress.com\/2014\/03\/oui-oui-tarta-cumpleac3b1os-colores-arcoiris.jpg?w=525&h=300&crop=1 1.5x"},"classes":[]},{"id":1290,"url":"https:\/\/oui-oui.es\/blog\/novedades-de-febrero\/","url_meta":{"origin":850,"position":3},"title":"Novedades de febrero!","author":"Mar\u00eda \u2665Oui Oui\u2665","date":"18 febrero, 2014","format":false,"excerpt":"Aunque quedan algunas novedades por llegar no me aguantaba sin contaros todas las cositas nuevas para fiesta que he tra\u00eddo! Ya os dije que las guirnaldas de borlas, o de flecos iban a ser la sensaci\u00f3n de la temporada, pues bien, adem\u00e1s de las que ya ten\u00edamos que estaban montadas\u2026","rel":"","context":"En \u00abBoda\u00bb","block_context":{"text":"Boda","link":"https:\/\/oui-oui.es\/blog\/category\/fiestas-celebraciones\/boda\/"},"img":{"alt_text":"","src":"https:\/\/i0.wp.com\/oui-oui.es\/blog\/wp-content\/uploads\/2014\/02\/oui-oui-lifestyle-bolas-nido-abeja-ventiladores-voladores-guirnalda-honeycomb.jpg?resize=350%2C200&ssl=1","width":350,"height":200,"srcset":"https:\/\/i0.wp.com\/oui-oui.es\/blog\/wp-content\/uploads\/2014\/02\/oui-oui-lifestyle-bolas-nido-abeja-ventiladores-voladores-guirnalda-honeycomb.jpg?resize=350%2C200&ssl=1 1x, https:\/\/i0.wp.com\/oui-oui.es\/blog\/wp-content\/uploads\/2014\/02\/oui-oui-lifestyle-bolas-nido-abeja-ventiladores-voladores-guirnalda-honeycomb.jpg?resize=525%2C300&ssl=1 1.5x"},"classes":[]},{"id":718,"url":"https:\/\/oui-oui.es\/blog\/mas-cositas-nuevas-en-la-tienda\/","url_meta":{"origin":850,"position":4},"title":"M\u00e1s cositas nuevas en la tienda!","author":"Mar\u00eda \u2665Oui Oui\u2665","date":"13 mayo, 2013","format":false,"excerpt":"Como promet\u00ed, aunque no sepa de d\u00f3nde sacar el tiempo, habr\u00e1 novedades en la tienda todas las semanas y aqu\u00ed os presento las de \u00e9sta...Muy variadas! Empezamos con cojines nuevos, los dos que ten\u00edamos hasta ahora, el del bigote y el de Home han tenido mucho \u00e9xito, as\u00ed que espero\u2026","rel":"","context":"En \u00abDECORACI\u00d3N\u00bb","block_context":{"text":"DECORACI\u00d3N","link":"https:\/\/oui-oui.es\/blog\/category\/decoracion-de-casa\/"},"img":{"alt_text":"Down that little lane","src":"https:\/\/ouiouiblog.files.wordpress.com\/2013\/05\/oui-oui-nuevo-tienda-pinterest.jpg?w=350&h=200&crop=1","width":350,"height":200},"classes":[]},{"id":1158,"url":"https:\/\/oui-oui.es\/blog\/las-novedades-de-enero\/","url_meta":{"origin":850,"position":5},"title":"Las Novedades de enero!","author":"Mar\u00eda \u2665Oui Oui\u2665","date":"29 enero, 2014","format":false,"excerpt":"As\u00ed vamos, que os cuento las novedades a finales de mes!!, pero he tra\u00eddo tantas cosas nuevas que no pod\u00eda dejarlas en el tintero sin que los que no est\u00e1is en redes sociales las vierais! \u00bfPor d\u00f3nde empezamos? Tengo especial predilecci\u00f3n por todo lo mexicano, y en el mundo bodas\u2026","rel":"","context":"En \u00abFIESTAS y CELEBRACIONES\u00bb","block_context":{"text":"FIESTAS y CELEBRACIONES","link":"https:\/\/oui-oui.es\/blog\/category\/fiestas-celebraciones\/"},"img":{"alt_text":"","src":"https:\/\/i0.wp.com\/oui-oui.es\/blog\/wp-content\/uploads\/2014\/01\/oui-oui-novedades-enero-cubos-palabra-love.jpg?resize=350%2C200&ssl=1","width":350,"height":200,"srcset":"https:\/\/i0.wp.com\/oui-oui.es\/blog\/wp-content\/uploads\/2014\/01\/oui-oui-novedades-enero-cubos-palabra-love.jpg?resize=350%2C200&ssl=1 1x, https:\/\/i0.wp.com\/oui-oui.es\/blog\/wp-content\/uploads\/2014\/01\/oui-oui-novedades-enero-cubos-palabra-love.jpg?resize=525%2C300&ssl=1 1.5x"},"classes":[]}],"_links":{"self":[{"href":"https:\/\/oui-oui.es\/blog\/wp-json\/wp\/v2\/posts\/850","targetHints":{"allow":["GET"]}}],"collection":[{"href":"https:\/\/oui-oui.es\/blog\/wp-json\/wp\/v2\/posts"}],"about":[{"href":"https:\/\/oui-oui.es\/blog\/wp-json\/wp\/v2\/types\/post"}],"author":[{"embeddable":true,"href":"https:\/\/oui-oui.es\/blog\/wp-json\/wp\/v2\/users\/1"}],"replies":[{"embeddable":true,"href":"https:\/\/oui-oui.es\/blog\/wp-json\/wp\/v2\/comments?post=850"}],"version-history":[{"count":0,"href":"https:\/\/oui-oui.es\/blog\/wp-json\/wp\/v2\/posts\/850\/revisions"}],"wp:featuredmedia":[{"embeddable":true,"href":"https:\/\/oui-oui.es\/blog\/wp-json\/wp\/v2\/media\/868"}],"wp:attachment":[{"href":"https:\/\/oui-oui.es\/blog\/wp-json\/wp\/v2\/media?parent=850"}],"wp:term":[{"taxonomy":"category","embeddable":true,"href":"https:\/\/oui-oui.es\/blog\/wp-json\/wp\/v2\/categories?post=850"},{"taxonomy":"post_tag","embeddable":true,"href":"https:\/\/oui-oui.es\/blog\/wp-json\/wp\/v2\/tags?post=850"}],"curies":[{"name":"wp","href":"https:\/\/api.w.org\/{rel}","templated":true}]}}