{"id":8603,"date":"2017-10-04T18:08:14","date_gmt":"2017-10-04T16:08:14","guid":{"rendered":"https:\/\/oui-oui.es\/blog\/?p=8603"},"modified":"2017-10-04T18:08:14","modified_gmt":"2017-10-04T16:08:14","slug":"lo-que-he-aprendido-buscando-el-bolso-amarillo-de-cuadros-de-zara","status":"publish","type":"post","link":"https:\/\/oui-oui.es\/blog\/lo-que-he-aprendido-buscando-el-bolso-amarillo-de-cuadros-de-zara\/","title":{"rendered":"Lo que he aprendido buscando el bolso amarillo de cuadros de Zara"},"content":{"rendered":"<p><img loading=\"lazy\" decoding=\"async\" class=\"aligncenter size-full wp-image-8606\" src=\"https:\/\/oui-oui.es\/blog\/wp-content\/uploads\/2017\/10\/Oui-Oui-bolso-cuadros-amarillos-ZARA-bolso-cuadros-amarillos-y-azules-zara-ni\u00f1a.jpg\" alt=\"\" width=\"560\" height=\"619\" srcset=\"https:\/\/oui-oui.es\/blog\/wp-content\/uploads\/2017\/10\/Oui-Oui-bolso-cuadros-amarillos-ZARA-bolso-cuadros-amarillos-y-azules-zara-ni\u00f1a.jpg 560w, https:\/\/oui-oui.es\/blog\/wp-content\/uploads\/2017\/10\/Oui-Oui-bolso-cuadros-amarillos-ZARA-bolso-cuadros-amarillos-y-azules-zara-ni\u00f1a-271x300.jpg 271w, https:\/\/oui-oui.es\/blog\/wp-content\/uploads\/2017\/10\/Oui-Oui-bolso-cuadros-amarillos-ZARA-bolso-cuadros-amarillos-y-azules-zara-ni\u00f1a-300x332.jpg 300w\" sizes=\"auto, (max-width: 560px) 100vw, 560px\" \/><\/p>\n<p>El fin de semana pasado, leyendo Elle Kids, me fij\u00e9 en un bolso amarillo con cuadros azules de Zara, entr\u00e9 a buscarlo en la App pero no lo encontr\u00e9 as\u00ed que (una vez m\u00e1s) recurr\u00ed a Stories en busca de ayuda y \u00a1voil\u00e1! varias generosas personas me mandaron el link que no encontraba, result\u00f3 que estaba agotado y otra persona me mand\u00f3 un pantallazo de la disponibilidad en Madrid.<\/p>\n<p>La verdad es que sigue sorprendi\u00e9ndome que entre personas an\u00f3nimas (no conoc\u00eda a ninguna de las que me escribi\u00f3) exista esa conexi\u00f3n de ayuda ante situaciones tan superfluas (pero imprescindibles) \u00a1GRACIAS desde aqu\u00ed si alguna me lee!.<\/p>\n<p><img loading=\"lazy\" decoding=\"async\" class=\"aligncenter size-full wp-image-8604\" src=\"https:\/\/oui-oui.es\/blog\/wp-content\/uploads\/2017\/10\/Oui-Oui-bolso-cuadros-amarillos-ZARA-bolso-cuadros-amarillos-y-azules-zara-ni\u00f1a-2.jpg\" alt=\"\" width=\"400\" height=\"442\" srcset=\"https:\/\/oui-oui.es\/blog\/wp-content\/uploads\/2017\/10\/Oui-Oui-bolso-cuadros-amarillos-ZARA-bolso-cuadros-amarillos-y-azules-zara-ni\u00f1a-2.jpg 400w, https:\/\/oui-oui.es\/blog\/wp-content\/uploads\/2017\/10\/Oui-Oui-bolso-cuadros-amarillos-ZARA-bolso-cuadros-amarillos-y-azules-zara-ni\u00f1a-2-271x300.jpg 271w, https:\/\/oui-oui.es\/blog\/wp-content\/uploads\/2017\/10\/Oui-Oui-bolso-cuadros-amarillos-ZARA-bolso-cuadros-amarillos-y-azules-zara-ni\u00f1a-2-300x332.jpg 300w\" sizes=\"auto, (max-width: 400px) 100vw, 400px\" \/><\/p>\n<p>A\u00fan recuerdo tener en mi escritorio de adolescente el list\u00edn telef\u00f3nico de Zara (un dossier que daban) con todos los tel\u00e9fonos de Espa\u00f1a, a los que me acostumbr\u00e9 a llamar dando igual la provincia (uno de mis bolsos favoritos me lo compr\u00f3 una t\u00eda en Oviedo y un abrigo de Zara que sigo usando; unas primas en Le\u00f3n) pero resulta que ahora la cosa ha cambiado as\u00ed que en mi periplo en busca del bolso amarillo de cuadros de Zara se me ocurri\u00f3 compartir en un post lo que he aprendido en estos 4 d\u00edas de b\u00fasqueda:<\/p>\n<ol>\n<li>Si no encuentras algo en la web o app de Zara, ponlo en google. Parece obvio pero la verdad es que nunca lo hab\u00eda hecho, me lo recomend\u00f3 una de las chicas que me escribi\u00f3 x Strories y \u00a1funciona!.<\/li>\n<li>Tanto la App como la web de Zara tienen un bot\u00f3n de \u00abver disponibilidad en tienda\u00bb y puedes filtrar por c\u00f3digo postal pr\u00f3ximo: \u00e9sto es un tanto frustrante por lo que os comento en los puntos siguientes.<\/li>\n<li>Llamar a las tiendas es misi\u00f3n imposible; las tiendas ya no lo cogen, la llamada se desv\u00eda a una centralita que, a su vez, vuelve a llamar a la tienda pero \u00a1oh, sorpresa!, la tienda no lo coge y te dicen que lo vuelvas a intentar&#8230;As\u00ed con todas las tiendas, estuve dos d\u00edas llamando en bucle y fue imposible.<\/li>\n<li>Si miras en la web en contacto de tiendas, te aparece el tel\u00e9fono de atenci\u00f3n al cliente de Zara 900 814 676, pero que hacen lo mismo que lo anterior; llamar a tienda por una l\u00ednea interna, pero, de nuevo, sorpresa, la tienda no lo coge y te piden que lo vuelvas a intentar. Eso s\u00ed, no se si ha sido casualidad o no, pero son mucho m\u00e1s amables en esta l\u00ednea que en la centralita a la que se desv\u00eda cuando llamas directamente a una tienda.<\/li>\n<\/ol>\n<p><img loading=\"lazy\" decoding=\"async\" class=\"aligncenter size-full wp-image-8607\" src=\"https:\/\/oui-oui.es\/blog\/wp-content\/uploads\/2017\/10\/Oui-Oui-localizar-producto-zara-en-tienda.jpg\" alt=\"\" width=\"813\" height=\"502\" srcset=\"https:\/\/oui-oui.es\/blog\/wp-content\/uploads\/2017\/10\/Oui-Oui-localizar-producto-zara-en-tienda.jpg 813w, https:\/\/oui-oui.es\/blog\/wp-content\/uploads\/2017\/10\/Oui-Oui-localizar-producto-zara-en-tienda-300x185.jpg 300w, https:\/\/oui-oui.es\/blog\/wp-content\/uploads\/2017\/10\/Oui-Oui-localizar-producto-zara-en-tienda-768x474.jpg 768w, https:\/\/oui-oui.es\/blog\/wp-content\/uploads\/2017\/10\/Oui-Oui-localizar-producto-zara-en-tienda-600x370.jpg 600w\" sizes=\"auto, (max-width: 813px) 100vw, 813px\" \/><\/p>\n<p>Lo cierto es que me ha faltado probar la atenci\u00f3n en Twitter (que, por ejemplo uso bastante con el banco y con Movistar), en cuanto la pruebe os cuento.<\/p>\n<p><img loading=\"lazy\" decoding=\"async\" class=\"aligncenter size-large wp-image-8605\" src=\"https:\/\/oui-oui.es\/blog\/wp-content\/uploads\/2017\/10\/Oui-Oui-bolso-cuadros-amarillos-ZARA-bolso-cuadros-amarillos-y-azules-zara-ni\u00f1a-3-927x1024.jpg\" alt=\"\" width=\"927\" height=\"1024\" srcset=\"https:\/\/oui-oui.es\/blog\/wp-content\/uploads\/2017\/10\/Oui-Oui-bolso-cuadros-amarillos-ZARA-bolso-cuadros-amarillos-y-azules-zara-ni\u00f1a-3-927x1024.jpg 927w, https:\/\/oui-oui.es\/blog\/wp-content\/uploads\/2017\/10\/Oui-Oui-bolso-cuadros-amarillos-ZARA-bolso-cuadros-amarillos-y-azules-zara-ni\u00f1a-3-271x300.jpg 271w, https:\/\/oui-oui.es\/blog\/wp-content\/uploads\/2017\/10\/Oui-Oui-bolso-cuadros-amarillos-ZARA-bolso-cuadros-amarillos-y-azules-zara-ni\u00f1a-3-768x849.jpg 768w, https:\/\/oui-oui.es\/blog\/wp-content\/uploads\/2017\/10\/Oui-Oui-bolso-cuadros-amarillos-ZARA-bolso-cuadros-amarillos-y-azules-zara-ni\u00f1a-3-600x663.jpg 600w, https:\/\/oui-oui.es\/blog\/wp-content\/uploads\/2017\/10\/Oui-Oui-bolso-cuadros-amarillos-ZARA-bolso-cuadros-amarillos-y-azules-zara-ni\u00f1a-3-300x332.jpg 300w, https:\/\/oui-oui.es\/blog\/wp-content\/uploads\/2017\/10\/Oui-Oui-bolso-cuadros-amarillos-ZARA-bolso-cuadros-amarillos-y-azules-zara-ni\u00f1a-3.jpg 1920w\" sizes=\"auto, (max-width: 927px) 100vw, 927px\" \/><\/p>\n<p>Bueno, y, al final \u00bfqu\u00e9 pas\u00f3 con el bolso? \u00a1pues que lo he conseguido! pero volviendo al m\u00e9todo de toda la vida; ir a la tienda&#8230;En el sistema me dec\u00eda que quedaban pocas unidades (lo que significa que no te aseguran el stock) en Serrano y en Gran V\u00eda, aprovechando que mi madre tenia m\u00e9dico al lado se lo encargu\u00e9 a ella \u00a1y compr\u00f3 el \u00faltimo que quedaba!, ahora, deseando verlo en persona el fin de semana&#8230;<\/p>\n<p>Y vosotras \u00bfhab\u00e9is tenido alguna experiencia as\u00ed con Zara?<\/p>\n","protected":false},"excerpt":{"rendered":"<p>El fin de semana pasado, leyendo Elle Kids, me fij\u00e9 en un bolso amarillo con cuadros azules de Zara, entr\u00e9 a buscarlo en la App pero no lo encontr\u00e9 as\u00ed que (una vez m\u00e1s) recurr\u00ed a Stories en busca de ayuda y \u00a1voil\u00e1! varias generosas personas me mandaron el link que no encontraba, result\u00f3 que [&hellip;]<\/p>\n","protected":false},"author":1,"featured_media":8604,"comment_status":"open","ping_status":"open","sticky":false,"template":"","format":"standard","meta":{"jetpack_post_was_ever_published":false,"_jetpack_newsletter_access":"","_jetpack_dont_email_post_to_subs":false,"_jetpack_newsletter_tier_id":0,"_jetpack_memberships_contains_paywalled_content":false,"_jetpack_memberships_contains_paid_content":false,"footnotes":"","jetpack_publicize_message":"","jetpack_publicize_feature_enabled":true,"jetpack_social_post_already_shared":true,"jetpack_social_options":{"image_generator_settings":{"template":"highway","default_image_id":0,"font":"","enabled":false},"version":2}},"categories":[177],"tags":[756,766,826],"class_list":["post-8603","post","type-post","status-publish","format-standard","has-post-thumbnail","hentry","category-lifestyle-2","tag-bolsos","tag-compras","tag-zara"],"aioseo_notices":[],"jetpack_publicize_connections":[],"jetpack_featured_media_url":"https:\/\/oui-oui.es\/blog\/wp-content\/uploads\/2017\/10\/Oui-Oui-bolso-cuadros-amarillos-ZARA-bolso-cuadros-amarillos-y-azules-zara-ni\u00f1a-2.jpg","jetpack_sharing_enabled":true,"jetpack-related-posts":[{"id":4323,"url":"https:\/\/oui-oui.es\/blog\/marchando-una-de-sandia\/","url_meta":{"origin":8603,"position":0},"title":"Marchando una de sand\u00eda","author":"Mar\u00eda \u2665Oui Oui\u2665","date":"19 mayo, 2016","format":false,"excerpt":"Una de mis frutas favoritas, la sand\u00eda, se ha ganado por m\u00e9ritos propios ser la fruta del verano,ya de por s\u00ed es una gran protagonista todos los veranos (yo me pasar\u00eda el d\u00eda bebiendo zumo de sand\u00eda!) pero los pr\u00f3ximos meses saltar\u00e1 de la mesa a tu armario, a tu\u2026","rel":"","context":"En \u00abDECORACI\u00d3N\u00bb","block_context":{"text":"DECORACI\u00d3N","link":"https:\/\/oui-oui.es\/blog\/category\/decoracion-de-casa\/"},"img":{"alt_text":"","src":"https:\/\/i0.wp.com\/oui-oui.es\/blog\/wp-content\/uploads\/2016\/05\/Oui-Oui-felpudo-sand%C3%ADa-watermelon-doormat-rojo-y-verde.jpg?resize=350%2C200&ssl=1","width":350,"height":200,"srcset":"https:\/\/i0.wp.com\/oui-oui.es\/blog\/wp-content\/uploads\/2016\/05\/Oui-Oui-felpudo-sand%C3%ADa-watermelon-doormat-rojo-y-verde.jpg?resize=350%2C200&ssl=1 1x, https:\/\/i0.wp.com\/oui-oui.es\/blog\/wp-content\/uploads\/2016\/05\/Oui-Oui-felpudo-sand%C3%ADa-watermelon-doormat-rojo-y-verde.jpg?resize=525%2C300&ssl=1 1.5x, https:\/\/i0.wp.com\/oui-oui.es\/blog\/wp-content\/uploads\/2016\/05\/Oui-Oui-felpudo-sand%C3%ADa-watermelon-doormat-rojo-y-verde.jpg?resize=700%2C400&ssl=1 2x"},"classes":[]},{"id":10919,"url":"https:\/\/oui-oui.es\/blog\/las-5-cosas-superfluas-pero-imprescindibles-de-este-julio\/","url_meta":{"origin":8603,"position":1},"title":"Las 5 cosas Superfluas pero Imprescindibles de este julio","author":"Mar\u00eda \u2665Oui Oui\u2665","date":"29 julio, 2025","format":false,"excerpt":"Los helados Utop\u00eda de Magnum Me cuesta elegir entre el Doble Cherry y el el Doble Hazelnut , ambos con una combinaci\u00f3n de sabores, texturas y matices incre\u00edble, el primero m\u00e1s \u00e1cido (pero con un toque de cereza amarga impresionante que recuerda un poco a una piruleta fiesta pero con\u2026","rel":"","context":"En \u00abSin categor\u00eda\u00bb","block_context":{"text":"Sin categor\u00eda","link":"https:\/\/oui-oui.es\/blog\/category\/sin-categoria\/"},"img":{"alt_text":"","src":"https:\/\/i0.wp.com\/oui-oui.es\/blog\/wp-content\/uploads\/2025\/07\/Oui-Oui-es-Superfluo-Imprescindible-Magnum-Utopia-los-mejores-helados-de-2025.webp?resize=350%2C200&ssl=1","width":350,"height":200,"srcset":"https:\/\/i0.wp.com\/oui-oui.es\/blog\/wp-content\/uploads\/2025\/07\/Oui-Oui-es-Superfluo-Imprescindible-Magnum-Utopia-los-mejores-helados-de-2025.webp?resize=350%2C200&ssl=1 1x, https:\/\/i0.wp.com\/oui-oui.es\/blog\/wp-content\/uploads\/2025\/07\/Oui-Oui-es-Superfluo-Imprescindible-Magnum-Utopia-los-mejores-helados-de-2025.webp?resize=525%2C300&ssl=1 1.5x, https:\/\/i0.wp.com\/oui-oui.es\/blog\/wp-content\/uploads\/2025\/07\/Oui-Oui-es-Superfluo-Imprescindible-Magnum-Utopia-los-mejores-helados-de-2025.webp?resize=700%2C400&ssl=1 2x"},"classes":[]},{"id":3554,"url":"https:\/\/oui-oui.es\/blog\/halloween-con-bebes\/","url_meta":{"origin":8603,"position":2},"title":"Halloween con beb\u00e9s","author":"Mar\u00eda \u2665Oui Oui\u2665","date":"19 octubre, 2015","format":false,"excerpt":"Siempre me ha encantado disfrazarme y celebrar todo lo posible as\u00ed que Halloween no pod\u00eda ser menos, a\u00fan recuerdo cuando de adolescentes \u00edbamos mi amiga Ester y yo disfrazadas de diablesas en el veintisiete a la fiesta de Hard Rock ;) Con Mart\u00edn adem\u00e1s ahora los disfraces son a\u00fan m\u00e1s\u2026","rel":"","context":"En \u00abFIESTAS y CELEBRACIONES\u00bb","block_context":{"text":"FIESTAS y CELEBRACIONES","link":"https:\/\/oui-oui.es\/blog\/category\/fiestas-celebraciones\/"},"img":{"alt_text":"","src":"https:\/\/i0.wp.com\/oui-oui.es\/blog\/wp-content\/uploads\/2015\/10\/Oui-Oui-disfraz-halloween-bebe-calabaza.jpg?resize=350%2C200&ssl=1","width":350,"height":200,"srcset":"https:\/\/i0.wp.com\/oui-oui.es\/blog\/wp-content\/uploads\/2015\/10\/Oui-Oui-disfraz-halloween-bebe-calabaza.jpg?resize=350%2C200&ssl=1 1x, https:\/\/i0.wp.com\/oui-oui.es\/blog\/wp-content\/uploads\/2015\/10\/Oui-Oui-disfraz-halloween-bebe-calabaza.jpg?resize=525%2C300&ssl=1 1.5x"},"classes":[]},{"id":4505,"url":"https:\/\/oui-oui.es\/blog\/3-cosas-que-comprare-en-las-rebajas-de-zara\/","url_meta":{"origin":8603,"position":3},"title":"3 cosas que comprar\u00e9 en las rebajas de Zara","author":"Mar\u00eda \u2665Oui Oui\u2665","date":"22 junio, 2016","format":false,"excerpt":"Ten\u00eda que ir a cambiar una blusa en Zara y esta tarde encontr\u00e9 un huequito y me he encontrado con que ya hab\u00eda rebajas en muchas tiendas (menos en el Imprerio Inditex, por supuesto, que ellos siempre esperan al 1 de julio), as\u00ed que en Zara me he resistido a\u2026","rel":"","context":"En \u00abESTILO DE VIDA\u00bb","block_context":{"text":"ESTILO DE VIDA","link":"https:\/\/oui-oui.es\/blog\/category\/lifestyle-2\/"},"img":{"alt_text":"","src":"https:\/\/i0.wp.com\/oui-oui.es\/blog\/wp-content\/uploads\/2016\/06\/Oui-Oui-sombrero-canotier-multicolor-zara.jpg?resize=350%2C200&ssl=1","width":350,"height":200},"classes":[]},{"id":10315,"url":"https:\/\/oui-oui.es\/blog\/algunos-cojines-que-me-gustan\/","url_meta":{"origin":8603,"position":4},"title":"Algunos cojines que me gustan","author":"Mar\u00eda \u2665Oui Oui\u2665","date":"25 noviembre, 2019","format":false,"excerpt":"Sigo decorando mi casa, ya m\u00e1s despacito porque faltan pocas cosas, pero con mucha pasi\u00f3n, por eso, de repente veo que me falta un coj\u00edn en una zona (en este caso par la cama de la habitaci\u00f3n de juegos) y me puse como loca a buscar online, tambi\u00e9n lo pregunt\u00e9\u2026","rel":"","context":"En \u00abDECORACI\u00d3N\u00bb","block_context":{"text":"DECORACI\u00d3N","link":"https:\/\/oui-oui.es\/blog\/category\/decoracion-de-casa\/"},"img":{"alt_text":"","src":"https:\/\/i0.wp.com\/oui-oui.es\/blog\/wp-content\/uploads\/2019\/11\/Oui-Oui-coj%C3%ADn-texturas-zara-home.jpg?resize=350%2C200&ssl=1","width":350,"height":200,"srcset":"https:\/\/i0.wp.com\/oui-oui.es\/blog\/wp-content\/uploads\/2019\/11\/Oui-Oui-coj%C3%ADn-texturas-zara-home.jpg?resize=350%2C200&ssl=1 1x, https:\/\/i0.wp.com\/oui-oui.es\/blog\/wp-content\/uploads\/2019\/11\/Oui-Oui-coj%C3%ADn-texturas-zara-home.jpg?resize=525%2C300&ssl=1 1.5x, https:\/\/i0.wp.com\/oui-oui.es\/blog\/wp-content\/uploads\/2019\/11\/Oui-Oui-coj%C3%ADn-texturas-zara-home.jpg?resize=700%2C400&ssl=1 2x, https:\/\/i0.wp.com\/oui-oui.es\/blog\/wp-content\/uploads\/2019\/11\/Oui-Oui-coj%C3%ADn-texturas-zara-home.jpg?resize=1050%2C600&ssl=1 3x"},"classes":[]},{"id":344,"url":"https:\/\/oui-oui.es\/blog\/344\/","url_meta":{"origin":8603,"position":5},"title":"Arte bordado como regalo de boda","author":"Mar\u00eda \u2665Oui Oui\u2665","date":"19 diciembre, 2012","format":false,"excerpt":"Esta semana va de regalos, no he podido evitarlo, pero en las fechas en las que estamos es normal...Aunque el descubrimiento de hoy va m\u00e1s enfocado a esos regalos para listas de bodas diferentes, cuando no se pone una cuenta o para esas personas que no quieren regalar dinero y\u2026","rel":"","context":"En \u00abBoda\u00bb","block_context":{"text":"Boda","link":"https:\/\/oui-oui.es\/blog\/category\/fiestas-celebraciones\/boda\/"},"img":{"alt_text":"","src":"https:\/\/i0.wp.com\/oui-oui.es\/blog\/wp-content\/uploads\/oui-oui-yolanda-andrc3a9s-regalo-lista-de-bodas-diferente-cuadros-hilo-ciervo.jpg?resize=350%2C200&ssl=1","width":350,"height":200,"srcset":"https:\/\/i0.wp.com\/oui-oui.es\/blog\/wp-content\/uploads\/oui-oui-yolanda-andrc3a9s-regalo-lista-de-bodas-diferente-cuadros-hilo-ciervo.jpg?resize=350%2C200&ssl=1 1x, https:\/\/i0.wp.com\/oui-oui.es\/blog\/wp-content\/uploads\/oui-oui-yolanda-andrc3a9s-regalo-lista-de-bodas-diferente-cuadros-hilo-ciervo.jpg?resize=525%2C300&ssl=1 1.5x"},"classes":[]}],"_links":{"self":[{"href":"https:\/\/oui-oui.es\/blog\/wp-json\/wp\/v2\/posts\/8603","targetHints":{"allow":["GET"]}}],"collection":[{"href":"https:\/\/oui-oui.es\/blog\/wp-json\/wp\/v2\/posts"}],"about":[{"href":"https:\/\/oui-oui.es\/blog\/wp-json\/wp\/v2\/types\/post"}],"author":[{"embeddable":true,"href":"https:\/\/oui-oui.es\/blog\/wp-json\/wp\/v2\/users\/1"}],"replies":[{"embeddable":true,"href":"https:\/\/oui-oui.es\/blog\/wp-json\/wp\/v2\/comments?post=8603"}],"version-history":[{"count":1,"href":"https:\/\/oui-oui.es\/blog\/wp-json\/wp\/v2\/posts\/8603\/revisions"}],"predecessor-version":[{"id":8608,"href":"https:\/\/oui-oui.es\/blog\/wp-json\/wp\/v2\/posts\/8603\/revisions\/8608"}],"wp:featuredmedia":[{"embeddable":true,"href":"https:\/\/oui-oui.es\/blog\/wp-json\/wp\/v2\/media\/8604"}],"wp:attachment":[{"href":"https:\/\/oui-oui.es\/blog\/wp-json\/wp\/v2\/media?parent=8603"}],"wp:term":[{"taxonomy":"category","embeddable":true,"href":"https:\/\/oui-oui.es\/blog\/wp-json\/wp\/v2\/categories?post=8603"},{"taxonomy":"post_tag","embeddable":true,"href":"https:\/\/oui-oui.es\/blog\/wp-json\/wp\/v2\/tags?post=8603"}],"curies":[{"name":"wp","href":"https:\/\/api.w.org\/{rel}","templated":true}]}}