{"id":8614,"date":"2017-10-10T14:20:09","date_gmt":"2017-10-10T12:20:09","guid":{"rendered":"https:\/\/oui-oui.es\/blog\/?p=8614"},"modified":"2017-10-10T14:20:09","modified_gmt":"2017-10-10T12:20:09","slug":"6-prendas-de-6-de-mis-marcas-favoritas-de-ropa-infantil","status":"publish","type":"post","link":"https:\/\/oui-oui.es\/blog\/6-prendas-de-6-de-mis-marcas-favoritas-de-ropa-infantil\/","title":{"rendered":"6 prendas de 6 de mis marcas favoritas de ropa infantil"},"content":{"rendered":"<p>Aunque con este tiempazo que est\u00e1 haciendo parece que no va a llegar el verdadero oto\u00f1o, yo necesito hacer el cambio de ropa or una cuesti\u00f3n de organizaci\u00f3n mental. Hace dos semanas hice el cambio de ropa de los ni\u00f1os (es m\u00e1s f\u00e1cil porque la ropa de verano les quedar\u00e1 peque\u00f1a el a\u00f1o que viene), y me queda a\u00fan pendiente hacer el m\u00edo, aunque no encuentro el momento&#8230;<\/p>\n<p>Mientras, lo que s\u00ed quer\u00eda <strong>hacer es \u00abconjuntos\u00bb con lo que tienen<\/strong>, lo que he comprado suelto y lo que quiero comprar. Para ello, me hago una <strong>wishlist de algunas prendas<\/strong> que he visto de marcas infantiles, pongo sobre la cama lo que ya tienen (que no me aguant\u00e9 a comprar hasta esperar a\u00a0 hacer los conjuntos) y as\u00ed veo lo que falta, de b\u00e1sicos, de colores&#8230;Y voy buscando a tiro hecho en lugar de comprar \u00abal tun tun\u00bb y tener todo descordinado, sobretodo porque me gusta llevaarles coordinados (que no iguales siempre) y entonces a veces pasa que uno tiene algo mostaza y el otro nada que combine, etc&#8230;<\/p>\n<p>As\u00ed que aqu\u00ed va un resumen de <strong>mis prendas favoritas de marcas espa\u00f1olas de moda infantil<\/strong> que me gustan&#8230;Este finde har\u00e9 los conjuntos y la semana que viene comprar\u00e9 lo que nos falte!<\/p>\n<p>La ranita de flores de <a href=\"http:\/\/trixikids.com\" target=\"_blank\" rel=\"noopener\"><strong>Trixi Kids<\/strong><\/a><\/p>\n<p><img loading=\"lazy\" decoding=\"async\" class=\"aligncenter size-full wp-image-8621\" src=\"https:\/\/oui-oui.es\/blog\/wp-content\/uploads\/2017\/10\/Oui-Oui-ranita-florecitas-Trixi-kids-coleccion-2017.jpg\" alt=\"\" width=\"800\" height=\"950\" srcset=\"https:\/\/oui-oui.es\/blog\/wp-content\/uploads\/2017\/10\/Oui-Oui-ranita-florecitas-Trixi-kids-coleccion-2017.jpg 800w, https:\/\/oui-oui.es\/blog\/wp-content\/uploads\/2017\/10\/Oui-Oui-ranita-florecitas-Trixi-kids-coleccion-2017-253x300.jpg 253w, https:\/\/oui-oui.es\/blog\/wp-content\/uploads\/2017\/10\/Oui-Oui-ranita-florecitas-Trixi-kids-coleccion-2017-768x912.jpg 768w, https:\/\/oui-oui.es\/blog\/wp-content\/uploads\/2017\/10\/Oui-Oui-ranita-florecitas-Trixi-kids-coleccion-2017-600x713.jpg 600w, https:\/\/oui-oui.es\/blog\/wp-content\/uploads\/2017\/10\/Oui-Oui-ranita-florecitas-Trixi-kids-coleccion-2017-300x356.jpg 300w\" sizes=\"auto, (max-width: 800px) 100vw, 800px\" \/><\/p>\n<p>El conjunto de pantal\u00f3n y culotte de jacquard de <a href=\"http:\/\/marvinkids.com\" target=\"_blank\" rel=\"noopener\"><strong>Marvin Kids<\/strong><\/a><\/p>\n<p><img loading=\"lazy\" decoding=\"async\" class=\"aligncenter size-large wp-image-8623\" src=\"https:\/\/oui-oui.es\/blog\/wp-content\/uploads\/2017\/10\/Oui-Oui-conjunto-hermanos-culotte-pantalon-pacquard-marvin-kids-2017-oto\u00f1o-768x1024.jpg\" alt=\"\" width=\"768\" height=\"1024\" srcset=\"https:\/\/oui-oui.es\/blog\/wp-content\/uploads\/2017\/10\/Oui-Oui-conjunto-hermanos-culotte-pantalon-pacquard-marvin-kids-2017-oto\u00f1o-768x1024.jpg 768w, https:\/\/oui-oui.es\/blog\/wp-content\/uploads\/2017\/10\/Oui-Oui-conjunto-hermanos-culotte-pantalon-pacquard-marvin-kids-2017-oto\u00f1o-225x300.jpg 225w, https:\/\/oui-oui.es\/blog\/wp-content\/uploads\/2017\/10\/Oui-Oui-conjunto-hermanos-culotte-pantalon-pacquard-marvin-kids-2017-oto\u00f1o-600x800.jpg 600w, https:\/\/oui-oui.es\/blog\/wp-content\/uploads\/2017\/10\/Oui-Oui-conjunto-hermanos-culotte-pantalon-pacquard-marvin-kids-2017-oto\u00f1o-300x400.jpg 300w, https:\/\/oui-oui.es\/blog\/wp-content\/uploads\/2017\/10\/Oui-Oui-conjunto-hermanos-culotte-pantalon-pacquard-marvin-kids-2017-oto\u00f1o.jpg 1224w\" sizes=\"auto, (max-width: 768px) 100vw, 768px\" \/><\/p>\n<p>La blusa color topo de <a href=\"https:\/\/www.elefantine.com\/blusas\" target=\"_blank\" rel=\"noopener\"><strong>Elefantine<\/strong><\/a><\/p>\n<h2 class=\"product-name\" data-hook=\"product-title\"><img loading=\"lazy\" decoding=\"async\" class=\"aligncenter size-full wp-image-8620\" src=\"https:\/\/oui-oui.es\/blog\/wp-content\/uploads\/2017\/10\/Oui-Oui-blusa-bambula-piedra-elefantine-2017.jpg\" alt=\"\" width=\"327\" height=\"327\" srcset=\"https:\/\/oui-oui.es\/blog\/wp-content\/uploads\/2017\/10\/Oui-Oui-blusa-bambula-piedra-elefantine-2017.jpg 327w, https:\/\/oui-oui.es\/blog\/wp-content\/uploads\/2017\/10\/Oui-Oui-blusa-bambula-piedra-elefantine-2017-150x150.jpg 150w, https:\/\/oui-oui.es\/blog\/wp-content\/uploads\/2017\/10\/Oui-Oui-blusa-bambula-piedra-elefantine-2017-300x300.jpg 300w\" sizes=\"auto, (max-width: 327px) 100vw, 327px\" \/><\/h2>\n<p>El abriguito de tart\u00e1n de <a href=\"https:\/\/www.nanos.es\/\" target=\"_blank\" rel=\"noopener\"><strong>Nanos<\/strong><\/a><\/p>\n<p><img loading=\"lazy\" decoding=\"async\" class=\"aligncenter size-full wp-image-8618\" src=\"https:\/\/oui-oui.es\/blog\/wp-content\/uploads\/2017\/10\/Oui-Oui-abrigo-tart\u00e1n-beb\u00e9-NANOS.jpg\" alt=\"\" width=\"525\" height=\"700\" srcset=\"https:\/\/oui-oui.es\/blog\/wp-content\/uploads\/2017\/10\/Oui-Oui-abrigo-tart\u00e1n-beb\u00e9-NANOS.jpg 525w, https:\/\/oui-oui.es\/blog\/wp-content\/uploads\/2017\/10\/Oui-Oui-abrigo-tart\u00e1n-beb\u00e9-NANOS-225x300.jpg 225w, https:\/\/oui-oui.es\/blog\/wp-content\/uploads\/2017\/10\/Oui-Oui-abrigo-tart\u00e1n-beb\u00e9-NANOS-300x400.jpg 300w\" sizes=\"auto, (max-width: 525px) 100vw, 525px\" \/><\/p>\n<p>Me acabo de dar cuenta de que elijo casi todo para Frida y luego busco conjunto <em>a juego<\/em> para Mart\u00edn&#8230;je,je, as\u00ed que aqu\u00ed tiene su pantal\u00f3n corto de <strong>Nanos<\/strong> tambi\u00e9n (aunque dudo con uno largo que, aunque es de ni\u00f1a, tambi\u00e9n me gusta).<\/p>\n<p><img loading=\"lazy\" decoding=\"async\" class=\"aligncenter size-full wp-image-8619\" src=\"https:\/\/oui-oui.es\/blog\/wp-content\/uploads\/2017\/10\/Oui-Oui-bermuda-tartan-NANOS.jpg\" alt=\"\" width=\"525\" height=\"700\" srcset=\"https:\/\/oui-oui.es\/blog\/wp-content\/uploads\/2017\/10\/Oui-Oui-bermuda-tartan-NANOS.jpg 525w, https:\/\/oui-oui.es\/blog\/wp-content\/uploads\/2017\/10\/Oui-Oui-bermuda-tartan-NANOS-225x300.jpg 225w, https:\/\/oui-oui.es\/blog\/wp-content\/uploads\/2017\/10\/Oui-Oui-bermuda-tartan-NANOS-300x400.jpg 300w\" sizes=\"auto, (max-width: 525px) 100vw, 525px\" \/><\/p>\n<p>Para cuando Frida sea un poco m\u00e1s mayor, me encanta este look de <strong>Labub\u00e9<\/strong><\/p>\n<div id=\"attachment_8622\" style=\"width: 403px\" class=\"wp-caption aligncenter\"><img loading=\"lazy\" decoding=\"async\" aria-describedby=\"caption-attachment-8622\" class=\"size-full wp-image-8622\" src=\"https:\/\/oui-oui.es\/blog\/wp-content\/uploads\/2017\/10\/Oui-Oui-labube-nomad-2017-favoritos-oui-oui.jpg\" alt=\"\" width=\"393\" height=\"560\" srcset=\"https:\/\/oui-oui.es\/blog\/wp-content\/uploads\/2017\/10\/Oui-Oui-labube-nomad-2017-favoritos-oui-oui.jpg 393w, https:\/\/oui-oui.es\/blog\/wp-content\/uploads\/2017\/10\/Oui-Oui-labube-nomad-2017-favoritos-oui-oui-211x300.jpg 211w, https:\/\/oui-oui.es\/blog\/wp-content\/uploads\/2017\/10\/Oui-Oui-labube-nomad-2017-favoritos-oui-oui-300x427.jpg 300w\" sizes=\"auto, (max-width: 393px) 100vw, 393px\" \/><p id=\"caption-attachment-8622\" class=\"wp-caption-text\">Foto de Luc\u00eda M<\/p><\/div>\n<p>Y de <strong><a href=\"https:\/\/maanekids.com\" target=\"_blank\" rel=\"noopener\">Maane Kids<\/a><\/strong>, me gustan tanto sus combinaciones de colores que cuesta elegir!<\/p>\n<p><a href=\"https:\/\/www.oui-oui.es\/buscar?controller=search&amp;orderby=position&amp;orderway=desc&amp;search-cat-select=0&amp;search_query=mimbre&amp;submit_search=\"><img loading=\"lazy\" decoding=\"async\" class=\"aligncenter size-full wp-image-8624\" src=\"https:\/\/oui-oui.es\/blog\/wp-content\/uploads\/2017\/10\/Oui-Oui-carrito-mimbre-amarillo-manee-kids-tanzania-2017.jpg\" alt=\"\" width=\"865\" height=\"382\" srcset=\"https:\/\/oui-oui.es\/blog\/wp-content\/uploads\/2017\/10\/Oui-Oui-carrito-mimbre-amarillo-manee-kids-tanzania-2017.jpg 865w, https:\/\/oui-oui.es\/blog\/wp-content\/uploads\/2017\/10\/Oui-Oui-carrito-mimbre-amarillo-manee-kids-tanzania-2017-300x132.jpg 300w, https:\/\/oui-oui.es\/blog\/wp-content\/uploads\/2017\/10\/Oui-Oui-carrito-mimbre-amarillo-manee-kids-tanzania-2017-768x339.jpg 768w, https:\/\/oui-oui.es\/blog\/wp-content\/uploads\/2017\/10\/Oui-Oui-carrito-mimbre-amarillo-manee-kids-tanzania-2017-600x265.jpg 600w\" sizes=\"auto, (max-width: 865px) 100vw, 865px\" \/><\/a><\/p>\n<p>En cuanto tenga hechos los juntos y la lista de \u00abprendas a comprar\u00bb os la cuento por si os puede ayudar \u00bfos ha gustado la selecci\u00f3n? \u00bfconoc\u00edais las marcas?<\/p>\n<p>Ah! os recomiendo seguir en IG\u00a0 a <strong>@lepetittouquet<\/strong> que propone looks chul\u00edsimos mezclando marcas peque\u00f1as con b\u00e1sicos de Zara o Mango&#8212;Eso s\u00ed, prepararos para querer todo y acabar picando con cada look \ud83d\ude09<\/p>\n","protected":false},"excerpt":{"rendered":"<p>Aunque con este tiempazo que est\u00e1 haciendo parece que no va a llegar el verdadero oto\u00f1o, yo necesito hacer el cambio de ropa or una cuesti\u00f3n de organizaci\u00f3n mental. Hace dos semanas hice el cambio de ropa de los ni\u00f1os (es m\u00e1s f\u00e1cil porque la ropa de verano les quedar\u00e1 peque\u00f1a el a\u00f1o que viene), [&hellip;]<\/p>\n","protected":false},"author":1,"featured_media":8624,"comment_status":"open","ping_status":"open","sticky":false,"template":"","format":"standard","meta":{"jetpack_post_was_ever_published":false,"_jetpack_newsletter_access":"","_jetpack_dont_email_post_to_subs":false,"_jetpack_newsletter_tier_id":0,"_jetpack_memberships_contains_paywalled_content":false,"_jetpack_memberships_contains_paid_content":false,"footnotes":"","jetpack_publicize_message":"","jetpack_publicize_feature_enabled":true,"jetpack_social_post_already_shared":true,"jetpack_social_options":{"image_generator_settings":{"template":"highway","default_image_id":0,"font":"","enabled":false},"version":2}},"categories":[174],"tags":[700,828,829,827],"class_list":["post-8614","post","type-post","status-publish","format-standard","has-post-thumbnail","hentry","category-ninos","tag-compras-bebe","tag-compras-ninos","tag-marcas-ropa-infantil","tag-moda-ninos"],"aioseo_notices":[],"jetpack_publicize_connections":[],"jetpack_featured_media_url":"https:\/\/oui-oui.es\/blog\/wp-content\/uploads\/2017\/10\/Oui-Oui-carrito-mimbre-amarillo-manee-kids-tanzania-2017.jpg","jetpack_sharing_enabled":true,"jetpack-related-posts":[{"id":4208,"url":"https:\/\/oui-oui.es\/blog\/10-marcas-de-ropa-espanolas-para-bebes\/","url_meta":{"origin":8614,"position":0},"title":"10 marcas de ropa espa\u00f1olas para beb\u00e9s","author":"Mar\u00eda \u2665Oui Oui\u2665","date":"21 abril, 2016","format":false,"excerpt":"Creo que cada d\u00eda descubro una marca nueva de ropa para beb\u00e9s y ni\u00f1os,espa\u00f1ola o extranjera, se est\u00e1 conviertiendo en una perdici\u00f3n y me encantar\u00eda que Instagram me dejara hacer listas para organizarlas mejor, mientras, he pensado ir haciendo post poco a poco con mis favoritas, empiezo seleccionando 10 marcas\u2026","rel":"","context":"En \u00abNI\u00d1OS Y NI\u00d1AS\u00bb","block_context":{"text":"NI\u00d1OS Y NI\u00d1AS","link":"https:\/\/oui-oui.es\/blog\/category\/ninos\/"},"img":{"alt_text":"","src":"https:\/\/i0.wp.com\/oui-oui.es\/blog\/wp-content\/uploads\/2016\/04\/Oui-Oui-marcas-espa%C3%B1olas-ropa-bebe-punto-poleomenta-tejiendo-patucos.jpg?resize=350%2C200&ssl=1","width":350,"height":200,"srcset":"https:\/\/i0.wp.com\/oui-oui.es\/blog\/wp-content\/uploads\/2016\/04\/Oui-Oui-marcas-espa%C3%B1olas-ropa-bebe-punto-poleomenta-tejiendo-patucos.jpg?resize=350%2C200&ssl=1 1x, https:\/\/i0.wp.com\/oui-oui.es\/blog\/wp-content\/uploads\/2016\/04\/Oui-Oui-marcas-espa%C3%B1olas-ropa-bebe-punto-poleomenta-tejiendo-patucos.jpg?resize=525%2C300&ssl=1 1.5x, https:\/\/i0.wp.com\/oui-oui.es\/blog\/wp-content\/uploads\/2016\/04\/Oui-Oui-marcas-espa%C3%B1olas-ropa-bebe-punto-poleomenta-tejiendo-patucos.jpg?resize=700%2C400&ssl=1 2x"},"classes":[]},{"id":8647,"url":"https:\/\/oui-oui.es\/blog\/kids-up-venta-efimera-para-ninos-con-estilo\/","url_meta":{"origin":8614,"position":1},"title":"Kids UP | Venta ef\u00edmera para ni\u00f1os con estilo","author":"Mar\u00eda \u2665Oui Oui\u2665","date":"18 octubre, 2017","format":false,"excerpt":"Llevo 4 a\u00f1os participando en pop ups, ventas especiales, mercadillos varios, etc... Y, desde hace un tiempo ven\u00eda notando que faltaba algo, especialmente en lo que a ni\u00f1os se refiere, no s\u00f3lo en decoraci\u00f3n y regalos para ni\u00f1os (la secci\u00f3n de Oui Oui), sino en la selecci\u00f3n de marcas, en\u2026","rel":"","context":"En \u00abNI\u00d1OS Y NI\u00d1AS\u00bb","block_context":{"text":"NI\u00d1OS Y NI\u00d1AS","link":"https:\/\/oui-oui.es\/blog\/category\/ninos\/"},"img":{"alt_text":"","src":"https:\/\/i0.wp.com\/oui-oui.es\/blog\/wp-content\/uploads\/2017\/10\/kidsup-instagram-1.1-oui-oui-2.jpg?resize=350%2C200&ssl=1","width":350,"height":200,"srcset":"https:\/\/i0.wp.com\/oui-oui.es\/blog\/wp-content\/uploads\/2017\/10\/kidsup-instagram-1.1-oui-oui-2.jpg?resize=350%2C200&ssl=1 1x, https:\/\/i0.wp.com\/oui-oui.es\/blog\/wp-content\/uploads\/2017\/10\/kidsup-instagram-1.1-oui-oui-2.jpg?resize=525%2C300&ssl=1 1.5x, https:\/\/i0.wp.com\/oui-oui.es\/blog\/wp-content\/uploads\/2017\/10\/kidsup-instagram-1.1-oui-oui-2.jpg?resize=700%2C400&ssl=1 2x, https:\/\/i0.wp.com\/oui-oui.es\/blog\/wp-content\/uploads\/2017\/10\/kidsup-instagram-1.1-oui-oui-2.jpg?resize=1050%2C600&ssl=1 3x, https:\/\/i0.wp.com\/oui-oui.es\/blog\/wp-content\/uploads\/2017\/10\/kidsup-instagram-1.1-oui-oui-2.jpg?resize=1400%2C800&ssl=1 4x"},"classes":[]},{"id":4264,"url":"https:\/\/oui-oui.es\/blog\/5-marcas-espanolas-de-ropa-de-bebe\/","url_meta":{"origin":8614,"position":2},"title":"5 marcas espa\u00f1olas de ropa de beb\u00e9","author":"Mar\u00eda \u2665Oui Oui\u2665","date":"6 mayo, 2016","format":false,"excerpt":"Este post es la continuaci\u00f3n del de 10 marcas de ropa espa\u00f1olas para beb\u00e9, cada semana descubro marcas nuevas que me encantan, muchas espa\u00f1olas y otras no, pero me pareci\u00f3 interesante dividirlas as\u00ed, como no me cab\u00edan todas en un post, aqu\u00ed va la segunda tanda ;) Las agujas de\u2026","rel":"","context":"En \u00abMATERNIDAD\u00bb","block_context":{"text":"MATERNIDAD","link":"https:\/\/oui-oui.es\/blog\/category\/maternidad\/"},"img":{"alt_text":"","src":"https:\/\/i0.wp.com\/oui-oui.es\/blog\/wp-content\/uploads\/2016\/05\/Oui-Oui-marcas-espa%C3%B1olas-ropa-bebe-jersey-inicial-las-agujas-de-mama.jpg?resize=350%2C200&ssl=1","width":350,"height":200,"srcset":"https:\/\/i0.wp.com\/oui-oui.es\/blog\/wp-content\/uploads\/2016\/05\/Oui-Oui-marcas-espa%C3%B1olas-ropa-bebe-jersey-inicial-las-agujas-de-mama.jpg?resize=350%2C200&ssl=1 1x, https:\/\/i0.wp.com\/oui-oui.es\/blog\/wp-content\/uploads\/2016\/05\/Oui-Oui-marcas-espa%C3%B1olas-ropa-bebe-jersey-inicial-las-agujas-de-mama.jpg?resize=525%2C300&ssl=1 1.5x"},"classes":[]},{"id":2341,"url":"https:\/\/oui-oui.es\/blog\/un-verano-en-sainte-claire\/","url_meta":{"origin":8614,"position":3},"title":"Un verano en Sainte Claire","author":"Mar\u00eda \u2665Oui Oui\u2665","date":"12 mayo, 2015","format":false,"excerpt":"Me encanta\u00a0descubrir nuevas marcas de ropa para ni\u00f1os y hace unas semanas me hablaron de Sainte Claire, una marca\u00a0espa\u00f1ola con aire afrancesado que combina a la perfecci\u00f3n un lujo accesible con el estilo cl\u00e1sico de\u00a0toques m\u00e1s atrevidos. Para beb\u00e9s tienen unos conjuntos de punto ideales \u00a0 Aunque sus algodones y\u2026","rel":"","context":"En \u00abMATERNIDAD\u00bb","block_context":{"text":"MATERNIDAD","link":"https:\/\/oui-oui.es\/blog\/category\/maternidad\/"},"img":{"alt_text":"","src":"https:\/\/i0.wp.com\/oui-oui.es\/blog\/wp-content\/uploads\/2015\/05\/oui-oui-sainte-claire-ropa-bebes-con-estilo-7.jpg?resize=350%2C200&ssl=1","width":350,"height":200,"srcset":"https:\/\/i0.wp.com\/oui-oui.es\/blog\/wp-content\/uploads\/2015\/05\/oui-oui-sainte-claire-ropa-bebes-con-estilo-7.jpg?resize=350%2C200&ssl=1 1x, https:\/\/i0.wp.com\/oui-oui.es\/blog\/wp-content\/uploads\/2015\/05\/oui-oui-sainte-claire-ropa-bebes-con-estilo-7.jpg?resize=525%2C300&ssl=1 1.5x, https:\/\/i0.wp.com\/oui-oui.es\/blog\/wp-content\/uploads\/2015\/05\/oui-oui-sainte-claire-ropa-bebes-con-estilo-7.jpg?resize=700%2C400&ssl=1 2x, https:\/\/i0.wp.com\/oui-oui.es\/blog\/wp-content\/uploads\/2015\/05\/oui-oui-sainte-claire-ropa-bebes-con-estilo-7.jpg?resize=1050%2C600&ssl=1 3x, https:\/\/i0.wp.com\/oui-oui.es\/blog\/wp-content\/uploads\/2015\/05\/oui-oui-sainte-claire-ropa-bebes-con-estilo-7.jpg?resize=1400%2C800&ssl=1 4x"},"classes":[]},{"id":8868,"url":"https:\/\/oui-oui.es\/blog\/olivia-ann-moda-infantil-espanola-triunfando-en-australia\/","url_meta":{"origin":8614,"position":4},"title":"Olivia Ann | Moda infantil espa\u00f1ola triunfando en Australia","author":"Mar\u00eda \u2665Oui Oui\u2665","date":"2 marzo, 2018","format":false,"excerpt":"Seguro que los que hab\u00e9is vivido fuera de Espa\u00f1a hab\u00e9is notado lo mucho que valoran en el extranjero much\u00edsimas cosas de aqu\u00ed, desde la gastronom\u00eda a la moda, especialmente la moda infantil. Mi cu\u00f1ada es de fuera y siempre que viene se lleva ropa para sus sobrinos, ya sea para\u2026","rel":"","context":"En \u00abEMPRENDEDORAS\u00bb","block_context":{"text":"EMPRENDEDORAS","link":"https:\/\/oui-oui.es\/blog\/category\/mentoring-emprendedores\/"},"img":{"alt_text":"","src":"https:\/\/i0.wp.com\/oui-oui.es\/blog\/wp-content\/uploads\/2018\/03\/Oui-Oui-olivia-ann-spanish-kids-fashion-australia-vender-ropa-infantil-en-australia.jpg?resize=350%2C200&ssl=1","width":350,"height":200,"srcset":"https:\/\/i0.wp.com\/oui-oui.es\/blog\/wp-content\/uploads\/2018\/03\/Oui-Oui-olivia-ann-spanish-kids-fashion-australia-vender-ropa-infantil-en-australia.jpg?resize=350%2C200&ssl=1 1x, https:\/\/i0.wp.com\/oui-oui.es\/blog\/wp-content\/uploads\/2018\/03\/Oui-Oui-olivia-ann-spanish-kids-fashion-australia-vender-ropa-infantil-en-australia.jpg?resize=525%2C300&ssl=1 1.5x"},"classes":[]},{"id":9023,"url":"https:\/\/oui-oui.es\/blog\/kids-up-edicion-verano\/","url_meta":{"origin":8614,"position":5},"title":"Kids UP! Edici\u00f3n Verano","author":"Mar\u00eda \u2665Oui Oui\u2665","date":"30 abril, 2018","format":false,"excerpt":"Parece que fue ayer cuando organizamos la primera venta ef\u00edmera infantil \u00a1y ya vamos a celebrar la IV Edici\u00f3n! Supongo que, como yo, teneis ganas ya de comprar ropa de primavera y de verano \u00a1de verdad! de blusas, vestidos, pantalones cortos \u00a1y trajes de ba\u00f1o!. Como siempre, hemo seleccionado a\u2026","rel":"","context":"En \u00abNI\u00d1OS Y NI\u00d1AS\u00bb","block_context":{"text":"NI\u00d1OS Y NI\u00d1AS","link":"https:\/\/oui-oui.es\/blog\/category\/ninos\/"},"img":{"alt_text":"","src":"https:\/\/i0.wp.com\/oui-oui.es\/blog\/wp-content\/uploads\/2018\/04\/Logo-KidsUp72.png?resize=350%2C200&ssl=1","width":350,"height":200},"classes":[]}],"_links":{"self":[{"href":"https:\/\/oui-oui.es\/blog\/wp-json\/wp\/v2\/posts\/8614","targetHints":{"allow":["GET"]}}],"collection":[{"href":"https:\/\/oui-oui.es\/blog\/wp-json\/wp\/v2\/posts"}],"about":[{"href":"https:\/\/oui-oui.es\/blog\/wp-json\/wp\/v2\/types\/post"}],"author":[{"embeddable":true,"href":"https:\/\/oui-oui.es\/blog\/wp-json\/wp\/v2\/users\/1"}],"replies":[{"embeddable":true,"href":"https:\/\/oui-oui.es\/blog\/wp-json\/wp\/v2\/comments?post=8614"}],"version-history":[{"count":1,"href":"https:\/\/oui-oui.es\/blog\/wp-json\/wp\/v2\/posts\/8614\/revisions"}],"predecessor-version":[{"id":8625,"href":"https:\/\/oui-oui.es\/blog\/wp-json\/wp\/v2\/posts\/8614\/revisions\/8625"}],"wp:featuredmedia":[{"embeddable":true,"href":"https:\/\/oui-oui.es\/blog\/wp-json\/wp\/v2\/media\/8624"}],"wp:attachment":[{"href":"https:\/\/oui-oui.es\/blog\/wp-json\/wp\/v2\/media?parent=8614"}],"wp:term":[{"taxonomy":"category","embeddable":true,"href":"https:\/\/oui-oui.es\/blog\/wp-json\/wp\/v2\/categories?post=8614"},{"taxonomy":"post_tag","embeddable":true,"href":"https:\/\/oui-oui.es\/blog\/wp-json\/wp\/v2\/tags?post=8614"}],"curies":[{"name":"wp","href":"https:\/\/api.w.org\/{rel}","templated":true}]}}