{"id":8647,"date":"2017-10-18T14:43:42","date_gmt":"2017-10-18T12:43:42","guid":{"rendered":"https:\/\/oui-oui.es\/blog\/?p=8647"},"modified":"2017-10-18T14:43:42","modified_gmt":"2017-10-18T12:43:42","slug":"kids-up-venta-efimera-para-ninos-con-estilo","status":"publish","type":"post","link":"https:\/\/oui-oui.es\/blog\/kids-up-venta-efimera-para-ninos-con-estilo\/","title":{"rendered":"Kids UP | Venta ef\u00edmera para ni\u00f1os con estilo"},"content":{"rendered":"<p><a href=\"https:\/\/www.oui-oui.es\/buscar?controller=search&amp;orderby=position&amp;orderway=desc&amp;search-cat-select=0&amp;search_query=mimbre&amp;submit_search=\"><img loading=\"lazy\" decoding=\"async\" class=\"aligncenter size-large wp-image-8649\" src=\"https:\/\/oui-oui.es\/blog\/wp-content\/uploads\/2017\/10\/kidsup-instagram-1.1-oui-oui-2-1024x1024.jpg\" alt=\"\" width=\"1024\" height=\"1024\" srcset=\"https:\/\/oui-oui.es\/blog\/wp-content\/uploads\/2017\/10\/kidsup-instagram-1.1-oui-oui-2-1024x1024.jpg 1024w, https:\/\/oui-oui.es\/blog\/wp-content\/uploads\/2017\/10\/kidsup-instagram-1.1-oui-oui-2-150x150.jpg 150w, https:\/\/oui-oui.es\/blog\/wp-content\/uploads\/2017\/10\/kidsup-instagram-1.1-oui-oui-2-300x300.jpg 300w, https:\/\/oui-oui.es\/blog\/wp-content\/uploads\/2017\/10\/kidsup-instagram-1.1-oui-oui-2-768x768.jpg 768w, https:\/\/oui-oui.es\/blog\/wp-content\/uploads\/2017\/10\/kidsup-instagram-1.1-oui-oui-2-600x600.jpg 600w\" sizes=\"auto, (max-width: 1024px) 100vw, 1024px\" \/><\/a><\/p>\n<p>Llevo 4 a\u00f1os participando en pop ups, ventas especiales, mercadillos varios, etc&#8230; Y, desde hace un tiempo ven\u00eda notando que <strong>faltaba algo<\/strong>, especialmente en lo que a ni\u00f1os se refiere, no s\u00f3lo en <strong>decoraci\u00f3n y regalos para ni\u00f1os<\/strong> (la secci\u00f3n de Oui Oui), sino en la <strong>selecci\u00f3n de marcas, en un espacio chulo, con una convocatoria cuidada<\/strong>&#8230;En <strong>moda infantil, complementos y hasta cosm\u00e9tica natural para ni\u00f1os<\/strong>, as\u00ed que coment\u00e1ndolo un d\u00eda con mi amiga Elena Bau (que siempre me empuja a hacer cosas nuevas) nos decicimos a organizarla nosotras.<\/p>\n<p>\u00a1Y el d\u00eda ha llegado! , ser\u00e1 este fin de semana; <strong>viernes 20, s\u00e1bado 21 y domingo 22<\/strong> (en la foto pod\u00e9is ver los detalles de horario y direcci\u00f3n).<\/p>\n<p>Pre seleccion\u00e9 <strong>mis marcas favoritas<\/strong> y estoy s\u00faper contenta porque participan casi todas (no est\u00e1n todas las que son pero si son todas las que est\u00e1n).<\/p>\n<p><img loading=\"lazy\" decoding=\"async\" class=\"aligncenter size-large wp-image-8648\" src=\"https:\/\/oui-oui.es\/blog\/wp-content\/uploads\/2017\/10\/kidsup-instagram-1.1-MARCAS-1024x1024.jpg\" alt=\"\" width=\"1024\" height=\"1024\" srcset=\"https:\/\/oui-oui.es\/blog\/wp-content\/uploads\/2017\/10\/kidsup-instagram-1.1-MARCAS-1024x1024.jpg 1024w, https:\/\/oui-oui.es\/blog\/wp-content\/uploads\/2017\/10\/kidsup-instagram-1.1-MARCAS-150x150.jpg 150w, https:\/\/oui-oui.es\/blog\/wp-content\/uploads\/2017\/10\/kidsup-instagram-1.1-MARCAS-300x300.jpg 300w, https:\/\/oui-oui.es\/blog\/wp-content\/uploads\/2017\/10\/kidsup-instagram-1.1-MARCAS-768x768.jpg 768w, https:\/\/oui-oui.es\/blog\/wp-content\/uploads\/2017\/10\/kidsup-instagram-1.1-MARCAS-600x600.jpg 600w\" sizes=\"auto, (max-width: 1024px) 100vw, 1024px\" \/><\/p>\n<p><a href=\"http:\/\/marvinkids.com\/\" target=\"_blank\" rel=\"noopener\"><strong>Marvin Kids:<\/strong><\/a> s\u00faper reconocibles sus <strong>pijamas y batas<\/strong> que no pueden ser m\u00e1s ideales, pero no os perd\u00e1is su colecci\u00f3n de ropa que tambi\u00e9n tiene varios <strong>must!<\/strong><\/p>\n<p><a href=\"https:\/\/www.elefantine.com\/\" target=\"_blank\" rel=\"noopener\"><strong>Elefantine:<\/strong><\/a> siempre sorprende con sus <strong>estampados<\/strong>, soy muy fan de sus <strong>culottes y blusas!<\/strong><\/p>\n<p><a href=\"https:\/\/maanekids.com\/\" target=\"_blank\" rel=\"noopener\"><strong>Maane Kids:<\/strong><\/a> la conoc\u00ed por sus <strong>prendas de punto<\/strong> y me conquist\u00f3 por su <strong>juego con los colores<\/strong>.<\/p>\n<p><a href=\"http:\/\/www.annice.es\/\" target=\"_blank\" rel=\"noopener\"><strong>Annice:<\/strong><\/a> un <strong>dise\u00f1o depurado y limpio<\/strong>, muy arquitect\u00f3nico, para tener una prenda especial, el felchazo lleg\u00f3 con las camisas de su colecci\u00f3n de oto\u00f1o,con los ni\u00f1os con instrumentos de madera en las fotos.<\/p>\n<p><a href=\"http:\/\/www.bebeseraseunavez.com\/\" target=\"_blank\" rel=\"noopener\"><strong>\u00c9rase una Vez:<\/strong><\/a> todo tipo de <strong>complementos para el carrito del beb\u00e9<\/strong> (ya os ense\u00f1ar\u00e9 la funda polar que le he comprado a Frida), aunque no s\u00e9 si me gustan m\u00e1s sus <strong>bolsas y maletas<\/strong> \u00a1ten\u00e9is que ir a ver todo lo que tiene!<\/p>\n<p><a href=\"http:\/\/ilaela.bigcartel.com\/\" target=\"_blank\" rel=\"noopener\"><strong>Ila y Ela:<\/strong><\/a> Natalia tiene una sensibilidad especial para los complementos de decoraci\u00f3n y cada temporada nos sorprende con un objeto nuevo que pasamos a necesitar enseguida&#8230;En estos momentos estoy enamorada de sus cojines hoja y sus leones!.<\/p>\n<p><a href=\"http:\/\/www.thesweetestlab.com\/\" target=\"_blank\" rel=\"noopener\"><strong>The Sweetest Lab:<\/strong><\/a> en esta pasteler\u00eda encargo desde hace dos a\u00f1os todos los dulces para los cumplea\u00f1os m\u00e1s especiales, desde las <strong>galletas de instrumentos<\/strong> del cumple de Mart\u00edn del a\u00f1o pasado, pasando por una <strong>tarta tronco<\/strong> para mi abuela o los <strong>cupcakes de baloncesto<\/strong> del cumple de Mart\u00edn de este a\u00f1o. Un imprescindible para un cumplea\u00f1o infantil que no os pod\u00e9is perder.<\/p>\n<p><a href=\"https:\/\/www.facebook.com\/Divertiplan\/?ref=py_c\" target=\"_blank\" rel=\"noopener\"><strong>Divertiplan:<\/strong><\/a> cuando las conoc\u00ed en un bautizo supe que eran las monitoras\/animadoras perfectas, estar\u00e1n haciendo talleres con los ni\u00f1os para que las madres podamos comprar tranquilas \ud83d\ude09<\/p>\n<p><a href=\"http:\/\/elenabau.es\/\" target=\"_blank\" rel=\"noopener\"><strong>Elena Bau:<\/strong><\/a> podr\u00e9is ver en directo c\u00f3mo trabaja, sus sesiones de reci\u00e9n nacido as\u00ed como la fotograf\u00eda de marcas de moda infantil.<\/p>\n<p><a href=\"https:\/\/www.oui-oui.es\/2-detalles-decoracion-ninos-habitacion-pinterest\" target=\"_blank\" rel=\"noopener\"><strong>Oui Oui:<\/strong><\/a> llevaremos todos nuestros productos infantiles; las <a href=\"https:\/\/www.oui-oui.es\/detalles-decoracion-ninos-habitacion-pinterest\/1074-bolsa-alfombra-de-juego-futbol.html\" target=\"_blank\" rel=\"noopener\"><strong>bolsas recoge juguetes<\/strong><\/a>, la alfombra pi\u00f1a, la <a href=\"https:\/\/www.oui-oui.es\/casa-decoracion-con-estilo-oui-oui\/1384-alfombra-llamas.html\" target=\"_blank\" rel=\"noopener\"><strong>alfombra de llamas<\/strong><\/a>, las bolsas de picnic, los <a href=\"https:\/\/www.oui-oui.es\/buscar?controller=search&amp;orderby=position&amp;orderway=desc&amp;search-cat-select=0&amp;search_query=maileg&amp;submit_search=\" target=\"_blank\" rel=\"noopener\"><strong>ratoncitos de Maileg<\/strong><\/a>, las l\u00e1mparas quitamiedos, las <a href=\"https:\/\/www.oui-oui.es\/buscar?controller=search&amp;orderby=position&amp;orderway=desc&amp;search-cat-select=0&amp;search_query=metalica+&amp;submit_search=\" target=\"_blank\" rel=\"noopener\"><strong>cestas met\u00e1licas<\/strong><\/a>, los sonajeros mexicanos&#8230;y, por supuesto, <a href=\"https:\/\/www.oui-oui.es\/29-puertas-ratoncito-perez\" target=\"_blank\" rel=\"noopener\"><strong>\u00a1las puertas del ratoncito P\u00e9rez!<\/strong><\/a>, como siempre,<strong> si quer\u00e9is algo en concreto \u00a1escribidnos!<\/strong> que no nos cabe todo y solemos hacer una selecci\u00f3n \ud83d\ude09<\/p>\n<p>Tambi\u00e9n tendremos muchas sorpresas&#8230;Una <strong>decoraci\u00f3n colgante muy chula<\/strong> creada por <a href=\"https:\/\/madewithlof.com\/102-guirnaldas-de-flecos-o-tassel\" target=\"_blank\" rel=\"noopener\"><strong>Made with Lof<\/strong><\/a>, a Paula de <a href=\"https:\/\/www.instagram.com\/lepetittouquet\/\" target=\"_blank\" rel=\"noopener\"><strong>@lepetittouquet<\/strong><\/a> como estilista invitada que crear\u00e1 dos looks cada d\u00eda para inspirarnos a la hora de combinar prendas y marcas y a <a href=\"https:\/\/www.condor.es\/\" target=\"_blank\" rel=\"noopener\"><strong>C\u00f3ndor<\/strong><\/a> como colaboraci\u00f3n especial en esos looks \ud83d\ude09<\/p>\n<p><strong>\u00a1Os esperamos en el Estudio de Elena Bau!<\/strong><\/p>\n<ul>\n<li>C\/Apodaca, 16 &#8211; Metro Tribunal. Madrid<\/li>\n<li>Viernes 17-21h<\/li>\n<li>S\u00e1bado 11-21h<\/li>\n<li>Domingo 11-18h<\/li>\n<\/ul>\n<p>&nbsp;<\/p>\n","protected":false},"excerpt":{"rendered":"<p>Llevo 4 a\u00f1os participando en pop ups, ventas especiales, mercadillos varios, etc&#8230; Y, desde hace un tiempo ven\u00eda notando que faltaba algo, especialmente en lo que a ni\u00f1os se refiere, no s\u00f3lo en decoraci\u00f3n y regalos para ni\u00f1os (la secci\u00f3n de Oui Oui), sino en la selecci\u00f3n de marcas, en un espacio chulo, con una [&hellip;]<\/p>\n","protected":false},"author":1,"featured_media":8649,"comment_status":"open","ping_status":"open","sticky":false,"template":"","format":"standard","meta":{"jetpack_post_was_ever_published":false,"_jetpack_newsletter_access":"","_jetpack_dont_email_post_to_subs":false,"_jetpack_newsletter_tier_id":0,"_jetpack_memberships_contains_paywalled_content":false,"_jetpack_memberships_contains_paid_content":false,"footnotes":"","jetpack_publicize_message":"","jetpack_publicize_feature_enabled":true,"jetpack_social_post_already_shared":true,"jetpack_social_options":{"image_generator_settings":{"template":"highway","default_image_id":0,"font":"","enabled":false},"version":2}},"categories":[174,13],"tags":[700,828,815,746,829,827,545,719],"class_list":["post-8647","post","type-post","status-publish","format-standard","has-post-thumbnail","hentry","category-ninos","category-oui-oui","tag-compras-bebe","tag-compras-ninos","tag-cumples-ninos","tag-deco-ninos","tag-marcas-ropa-infantil","tag-moda-ninos","tag-pop-ups-oui-oui","tag-ropa-bebes-y-ninos"],"aioseo_notices":[],"jetpack_publicize_connections":[],"jetpack_featured_media_url":"https:\/\/oui-oui.es\/blog\/wp-content\/uploads\/2017\/10\/kidsup-instagram-1.1-oui-oui-2.jpg","jetpack_sharing_enabled":true,"jetpack-related-posts":[{"id":3692,"url":"https:\/\/oui-oui.es\/blog\/jaimolas-moda-infantil-de-0-a-10\/","url_meta":{"origin":8647,"position":0},"title":"Jaimolas | moda infantil de 0 a 10","author":"Mar\u00eda \u2665Oui Oui\u2665","date":"9 noviembre, 2015","format":false,"excerpt":"\u00a1Por fin! ya tenemos online la colecci\u00f3n de Jaimolas y no puede ser m\u00e1s ideal; ropa para beb\u00e9s, ni\u00f1os y ni\u00f1as hasta 10 a\u00f1os, de corte cl\u00e1sico pero con toques actuales que la hacen s\u00faper ponible y, lo mejor, que detr\u00e1s de esta marca est\u00e1 una s\u00faper mam\u00e1 emprendedora con\u2026","rel":"","context":"En \u00abNI\u00d1OS Y NI\u00d1AS\u00bb","block_context":{"text":"NI\u00d1OS Y NI\u00d1AS","link":"https:\/\/oui-oui.es\/blog\/category\/ninos\/"},"img":{"alt_text":"","src":"https:\/\/i0.wp.com\/oui-oui.es\/blog\/wp-content\/uploads\/2015\/11\/Oui-Oui-ropa-bebe-mona-jaimolas.jpeg?resize=350%2C200&ssl=1","width":350,"height":200},"classes":[]},{"id":8614,"url":"https:\/\/oui-oui.es\/blog\/6-prendas-de-6-de-mis-marcas-favoritas-de-ropa-infantil\/","url_meta":{"origin":8647,"position":1},"title":"6 prendas de 6 de mis marcas favoritas de ropa infantil","author":"Mar\u00eda \u2665Oui Oui\u2665","date":"10 octubre, 2017","format":false,"excerpt":"Aunque con este tiempazo que est\u00e1 haciendo parece que no va a llegar el verdadero oto\u00f1o, yo necesito hacer el cambio de ropa or una cuesti\u00f3n de organizaci\u00f3n mental. Hace dos semanas hice el cambio de ropa de los ni\u00f1os (es m\u00e1s f\u00e1cil porque la ropa de verano les quedar\u00e1\u2026","rel":"","context":"En \u00abNI\u00d1OS Y NI\u00d1AS\u00bb","block_context":{"text":"NI\u00d1OS Y NI\u00d1AS","link":"https:\/\/oui-oui.es\/blog\/category\/ninos\/"},"img":{"alt_text":"","src":"https:\/\/i0.wp.com\/oui-oui.es\/blog\/wp-content\/uploads\/2017\/10\/Oui-Oui-carrito-mimbre-amarillo-manee-kids-tanzania-2017.jpg?resize=350%2C200&ssl=1","width":350,"height":200,"srcset":"https:\/\/i0.wp.com\/oui-oui.es\/blog\/wp-content\/uploads\/2017\/10\/Oui-Oui-carrito-mimbre-amarillo-manee-kids-tanzania-2017.jpg?resize=350%2C200&ssl=1 1x, https:\/\/i0.wp.com\/oui-oui.es\/blog\/wp-content\/uploads\/2017\/10\/Oui-Oui-carrito-mimbre-amarillo-manee-kids-tanzania-2017.jpg?resize=525%2C300&ssl=1 1.5x, https:\/\/i0.wp.com\/oui-oui.es\/blog\/wp-content\/uploads\/2017\/10\/Oui-Oui-carrito-mimbre-amarillo-manee-kids-tanzania-2017.jpg?resize=700%2C400&ssl=1 2x"},"classes":[]},{"id":8769,"url":"https:\/\/oui-oui.es\/blog\/este-finde-kids-up-christmas-os-esperamos\/","url_meta":{"origin":8647,"position":2},"title":"Este finde \u00a1Kids UP Christmas! Os esperamos","author":"Mar\u00eda \u2665Oui Oui\u2665","date":"14 diciembre, 2017","format":false,"excerpt":"Queda poco m\u00e1s de una semana para Navidad y la mayor\u00eda de nosotros a\u00fan no tenemos ni la mitad de los regalos, queremos hacer algo especial pero nos falta tiempo...Pues te propongo un plan para este finde \u00a1vuelve nuestra pop up infantil! KIDS UP CHRISTMAS. Un espacio, 10 marcas y\u2026","rel":"","context":"En \u00abNI\u00d1OS Y NI\u00d1AS\u00bb","block_context":{"text":"NI\u00d1OS Y NI\u00d1AS","link":"https:\/\/oui-oui.es\/blog\/category\/ninos\/"},"img":{"alt_text":"","src":"https:\/\/i0.wp.com\/oui-oui.es\/blog\/wp-content\/uploads\/2017\/12\/Oui-Oui-puerta-ratoncito-navidad-puertas-ratoncito-perez-marta-machin.jpg?resize=350%2C200&ssl=1","width":350,"height":200,"srcset":"https:\/\/i0.wp.com\/oui-oui.es\/blog\/wp-content\/uploads\/2017\/12\/Oui-Oui-puerta-ratoncito-navidad-puertas-ratoncito-perez-marta-machin.jpg?resize=350%2C200&ssl=1 1x, https:\/\/i0.wp.com\/oui-oui.es\/blog\/wp-content\/uploads\/2017\/12\/Oui-Oui-puerta-ratoncito-navidad-puertas-ratoncito-perez-marta-machin.jpg?resize=525%2C300&ssl=1 1.5x, https:\/\/i0.wp.com\/oui-oui.es\/blog\/wp-content\/uploads\/2017\/12\/Oui-Oui-puerta-ratoncito-navidad-puertas-ratoncito-perez-marta-machin.jpg?resize=700%2C400&ssl=1 2x, https:\/\/i0.wp.com\/oui-oui.es\/blog\/wp-content\/uploads\/2017\/12\/Oui-Oui-puerta-ratoncito-navidad-puertas-ratoncito-perez-marta-machin.jpg?resize=1050%2C600&ssl=1 3x, https:\/\/i0.wp.com\/oui-oui.es\/blog\/wp-content\/uploads\/2017\/12\/Oui-Oui-puerta-ratoncito-navidad-puertas-ratoncito-perez-marta-machin.jpg?resize=1400%2C800&ssl=1 4x"},"classes":[]},{"id":9453,"url":"https:\/\/oui-oui.es\/blog\/vuelve-kids-up\/","url_meta":{"origin":8647,"position":3},"title":"Vuelve Kids UP!","author":"Mar\u00eda \u2665Oui Oui\u2665","date":"27 noviembre, 2018","format":false,"excerpt":"\u00a0 Un a\u00f1o despu\u00e9s, ya vamos por la V Edici\u00f3n de Kids UP! y nos hace much\u00edsima ilusi\u00f3n a Elena y a m\u00ed, ya que, aunque en cada edici\u00f3n nos dejamos la piel y acabamos agotad\u00edsimas, al final nos va la marcha y volvemos a repetir, porque son un \u00e9xito,\u2026","rel":"","context":"En \u00abNI\u00d1OS Y NI\u00d1AS\u00bb","block_context":{"text":"NI\u00d1OS Y NI\u00d1AS","link":"https:\/\/oui-oui.es\/blog\/category\/ninos\/"},"img":{"alt_text":"","src":"https:\/\/i0.wp.com\/oui-oui.es\/blog\/wp-content\/uploads\/2018\/11\/KidsUp-Square.jpg?resize=350%2C200&ssl=1","width":350,"height":200,"srcset":"https:\/\/i0.wp.com\/oui-oui.es\/blog\/wp-content\/uploads\/2018\/11\/KidsUp-Square.jpg?resize=350%2C200&ssl=1 1x, https:\/\/i0.wp.com\/oui-oui.es\/blog\/wp-content\/uploads\/2018\/11\/KidsUp-Square.jpg?resize=525%2C300&ssl=1 1.5x, https:\/\/i0.wp.com\/oui-oui.es\/blog\/wp-content\/uploads\/2018\/11\/KidsUp-Square.jpg?resize=700%2C400&ssl=1 2x, https:\/\/i0.wp.com\/oui-oui.es\/blog\/wp-content\/uploads\/2018\/11\/KidsUp-Square.jpg?resize=1050%2C600&ssl=1 3x"},"classes":[]},{"id":9023,"url":"https:\/\/oui-oui.es\/blog\/kids-up-edicion-verano\/","url_meta":{"origin":8647,"position":4},"title":"Kids UP! Edici\u00f3n Verano","author":"Mar\u00eda \u2665Oui Oui\u2665","date":"30 abril, 2018","format":false,"excerpt":"Parece que fue ayer cuando organizamos la primera venta ef\u00edmera infantil \u00a1y ya vamos a celebrar la IV Edici\u00f3n! Supongo que, como yo, teneis ganas ya de comprar ropa de primavera y de verano \u00a1de verdad! de blusas, vestidos, pantalones cortos \u00a1y trajes de ba\u00f1o!. Como siempre, hemo seleccionado a\u2026","rel":"","context":"En \u00abNI\u00d1OS Y NI\u00d1AS\u00bb","block_context":{"text":"NI\u00d1OS Y NI\u00d1AS","link":"https:\/\/oui-oui.es\/blog\/category\/ninos\/"},"img":{"alt_text":"","src":"https:\/\/i0.wp.com\/oui-oui.es\/blog\/wp-content\/uploads\/2018\/04\/Logo-KidsUp72.png?resize=350%2C200&ssl=1","width":350,"height":200},"classes":[]},{"id":8737,"url":"https:\/\/oui-oui.es\/blog\/los-imprescindibles-de-trixi-kids-ropa-de-diseno-para-ninos\/","url_meta":{"origin":8647,"position":5},"title":"Los imprescindibles de Trixi Kids | Ropa de dise\u00f1o para ni\u00f1os","author":"Mar\u00eda \u2665Oui Oui\u2665","date":"21 noviembre, 2017","format":false,"excerpt":"Uno de mis prop\u00f3sitos de este oto\u00f1o era hacerles looks a los ni\u00f1os, de forma que no tuviera que pensar mucho...Estamos a 21 de noviembre y a\u00fan no los he hecho tan bien c\u00f3mo ten\u00eda en mente (con foto y todo, as\u00ed ser\u00eda f\u00e1cil para todos si les viste otra\u2026","rel":"","context":"En \u00abNI\u00d1OS Y NI\u00d1AS\u00bb","block_context":{"text":"NI\u00d1OS Y NI\u00d1AS","link":"https:\/\/oui-oui.es\/blog\/category\/ninos\/"},"img":{"alt_text":"","src":"https:\/\/i0.wp.com\/oui-oui.es\/blog\/wp-content\/uploads\/2017\/11\/Oui-Oui-frida-con-conjunto-Trixi-e1511268217585.jpg?resize=350%2C200&ssl=1","width":350,"height":200,"srcset":"https:\/\/i0.wp.com\/oui-oui.es\/blog\/wp-content\/uploads\/2017\/11\/Oui-Oui-frida-con-conjunto-Trixi-e1511268217585.jpg?resize=350%2C200&ssl=1 1x, https:\/\/i0.wp.com\/oui-oui.es\/blog\/wp-content\/uploads\/2017\/11\/Oui-Oui-frida-con-conjunto-Trixi-e1511268217585.jpg?resize=525%2C300&ssl=1 1.5x, https:\/\/i0.wp.com\/oui-oui.es\/blog\/wp-content\/uploads\/2017\/11\/Oui-Oui-frida-con-conjunto-Trixi-e1511268217585.jpg?resize=700%2C400&ssl=1 2x, https:\/\/i0.wp.com\/oui-oui.es\/blog\/wp-content\/uploads\/2017\/11\/Oui-Oui-frida-con-conjunto-Trixi-e1511268217585.jpg?resize=1050%2C600&ssl=1 3x"},"classes":[]}],"_links":{"self":[{"href":"https:\/\/oui-oui.es\/blog\/wp-json\/wp\/v2\/posts\/8647","targetHints":{"allow":["GET"]}}],"collection":[{"href":"https:\/\/oui-oui.es\/blog\/wp-json\/wp\/v2\/posts"}],"about":[{"href":"https:\/\/oui-oui.es\/blog\/wp-json\/wp\/v2\/types\/post"}],"author":[{"embeddable":true,"href":"https:\/\/oui-oui.es\/blog\/wp-json\/wp\/v2\/users\/1"}],"replies":[{"embeddable":true,"href":"https:\/\/oui-oui.es\/blog\/wp-json\/wp\/v2\/comments?post=8647"}],"version-history":[{"count":1,"href":"https:\/\/oui-oui.es\/blog\/wp-json\/wp\/v2\/posts\/8647\/revisions"}],"predecessor-version":[{"id":8650,"href":"https:\/\/oui-oui.es\/blog\/wp-json\/wp\/v2\/posts\/8647\/revisions\/8650"}],"wp:featuredmedia":[{"embeddable":true,"href":"https:\/\/oui-oui.es\/blog\/wp-json\/wp\/v2\/media\/8649"}],"wp:attachment":[{"href":"https:\/\/oui-oui.es\/blog\/wp-json\/wp\/v2\/media?parent=8647"}],"wp:term":[{"taxonomy":"category","embeddable":true,"href":"https:\/\/oui-oui.es\/blog\/wp-json\/wp\/v2\/categories?post=8647"},{"taxonomy":"post_tag","embeddable":true,"href":"https:\/\/oui-oui.es\/blog\/wp-json\/wp\/v2\/tags?post=8647"}],"curies":[{"name":"wp","href":"https:\/\/api.w.org\/{rel}","templated":true}]}}