{"id":8686,"date":"2017-11-08T15:45:52","date_gmt":"2017-11-08T13:45:52","guid":{"rendered":"https:\/\/oui-oui.es\/blog\/?p=8686"},"modified":"2017-11-08T15:45:52","modified_gmt":"2017-11-08T13:45:52","slug":"una-alimentacion-mas-saludable-cambiando-pequenos-habitos","status":"publish","type":"post","link":"https:\/\/oui-oui.es\/blog\/una-alimentacion-mas-saludable-cambiando-pequenos-habitos\/","title":{"rendered":"Una alimentaci\u00f3n m\u00e1s saludable cambiando peque\u00f1os h\u00e1bitos"},"content":{"rendered":"<p><a href=\"https:\/\/www.oui-oui.es\/casa-decoracion-con-estilo-oui-oui\/1396-bolsas-zip-tarro-reutilizables.html?search_query=zip&amp;results=2\"><img loading=\"lazy\" decoding=\"async\" class=\"aligncenter size-large wp-image-8689\" src=\"https:\/\/oui-oui.es\/blog\/wp-content\/uploads\/2017\/11\/Oui-Oui-bolsas-zip-forma-tarro-reutilizables-kikkerland-2-1024x1024.jpg\" alt=\"\" width=\"1024\" height=\"1024\" srcset=\"https:\/\/oui-oui.es\/blog\/wp-content\/uploads\/2017\/11\/Oui-Oui-bolsas-zip-forma-tarro-reutilizables-kikkerland-2-1024x1024.jpg 1024w, https:\/\/oui-oui.es\/blog\/wp-content\/uploads\/2017\/11\/Oui-Oui-bolsas-zip-forma-tarro-reutilizables-kikkerland-2-150x150.jpg 150w, https:\/\/oui-oui.es\/blog\/wp-content\/uploads\/2017\/11\/Oui-Oui-bolsas-zip-forma-tarro-reutilizables-kikkerland-2-300x300.jpg 300w, https:\/\/oui-oui.es\/blog\/wp-content\/uploads\/2017\/11\/Oui-Oui-bolsas-zip-forma-tarro-reutilizables-kikkerland-2-768x768.jpg 768w, https:\/\/oui-oui.es\/blog\/wp-content\/uploads\/2017\/11\/Oui-Oui-bolsas-zip-forma-tarro-reutilizables-kikkerland-2-600x600.jpg 600w\" sizes=\"auto, (max-width: 1024px) 100vw, 1024px\" \/><\/a><\/p>\n<p>Algunos dicen que es una moda, otros que es una nueva tendencia creada por la industria y otros que es una tonter\u00eda \u00abporque siempre se hizo de otra forma\u00bb&#8230;En nuestro caso, el inter\u00e9s por comer bien, saber lo que comemos y aprender un poquito cada d\u00eda sobre \u00abtips de nutrici\u00f3n\u00bb surgi\u00f3 por los ni\u00f1os, por nuestra preocupaci\u00f3n de que coman sano y de darles una educaci\u00f3n nutricional que creemos b\u00e1sica <em>en estos tiempos que corren<\/em> donde, sin tiempo y con comida r\u00e1pida y barata a mano es mucho m\u00e1s f\u00e1cil comer mal que hacerlo bien.<\/p>\n<p>Hemos ido introduci\u00e9ndonos poquito a poco, en mi caso, empec\u00e9 a trav\u00e9s de los talleres de <a href=\"http:\/\/www.loquemesaledelacocina.com\/\" target=\"_blank\" rel=\"noopener\"><strong>\u00abLo que me sale de la cocina\u00bb<\/strong><\/a> y <a href=\"http:\/\/www.thegoodfoodcompany.es\/\" target=\"_blank\" rel=\"noopener\"><strong>The Good Food Company<\/strong><\/a>, en los que Fernando, nutricionista, nos daba las claves de una alimentaci\u00f3n sana y despu\u00e9s cocin\u00e1bamos el men\u00fa que hab\u00eda dise\u00f1ado junto a Cata, de TGFC.<\/p>\n<p>Siempre he sido de picar de aqu\u00ed y de all\u00e1 (en lo que a comida se refiere y tambi\u00e9n a informaci\u00f3n), as\u00ed que fui interes\u00e1ndome m\u00e1s, <strong>preguntando a la endocrina<\/strong> a la que fui un par de meses (tambi\u00e9n he sido siempre de ir y dejar de ir a endocrinos), <strong>hablando con amigos<\/strong> <strong>que se hab\u00edan iniciado en la alimentaci\u00f3n sana mucho antes que yo<\/strong> (para los que dicen lo de \u00abla moda\u00bb, siempre me acuerdo de Jorge, al que conoc\u00ed hace 11 a\u00f1os y por entonces era \u00abel raro\u00bb de la oficina que se llevaba su sandwich con aguacate a media ma\u00f1ana y su tupper con ensalada de legumbres para comer en la mesa) y <strong>empezando a leer y seguir a nutricionistas<\/strong>\/coach de alimentaci\u00f3n, etc&#8230;<\/p>\n<p>Durante el curso pasado ya fuimos implementando algunos cambios, pero creo que fue durante el verano cuando <strong>decidimos darla una prioridad real a la alimentaci\u00f3n en casa, a la lista de la compra, a la despensa\/nevera, a los men\u00fas planificados y en general a la educaci\u00f3n alimentaria de la familia.<\/strong><\/p>\n<p>En lo que se refiere a los men\u00fas, me ayud\u00f3 mucho el esquema 50% verdura, 25% hidratos, 25% prote\u00edna que siempre nos inculcaba <strong>Fernando de LQMSC<\/strong>, despu\u00e9s las recetas e ideas de men\u00fas semanales de <a href=\"http:\/\/cristinaferrer.es\/\" target=\"_blank\" rel=\"noopener\"><strong>Cristina Ferrer<\/strong><\/a>\u00a0 (que acaba de lanzar web con un mont\u00f3n de ideas, men\u00fas, recetas, talleres y packs de asesoramiento que os recomiendo que ech\u00e9is un vistazo) y desde hace un mes estamos enganchados al canal de <a href=\"https:\/\/www.instagram.com\/juanllorca\/?hl=es\" target=\"_blank\" rel=\"noopener\"><strong>Juan Llorca<\/strong><\/a> (algunos dicen que es un \u00abradical\u00bb pero lo cierto es que yo prefiero que me cuenten la verdad de las cosas y ya \u00absaltarnos la norma\u00bb de forma personal, m\u00e1s que otra persona moldee las cosas para que sea socialmente m\u00e1s aceptable).Tambi\u00e9n sigo a <a href=\"https:\/\/www.instagram.com\/midietacojea\/?hl=es\" target=\"_blank\" rel=\"noopener\">@midietacogea<\/a> y a <a href=\"https:\/\/www.instagram.com\/carlosriosq\/?hl=es\" target=\"_blank\" rel=\"noopener\">Carlos R\u00edos<\/a><\/p>\n<p>Al empezar <strong>RETO 48<\/strong>, con 6 d\u00edas de entrenamiento y una dieta concreta para ello empec\u00e9 a ser m\u00e1s consciente de la importancia de las prote\u00ednas, los hidratos y las verduras, en funci\u00f3n de las necesidades de cada uno, adem\u00e1s de que tenemos un chat todos los de la clase con el entrenador y la nutricionista, de forma que vamos envi\u00e1ndole las dudas y ella nos contesta \u00a1es genial!<\/p>\n<p><a href=\"https:\/\/www.oui-oui.es\/casa-decoracion-con-estilo-oui-oui\/1394-bolsa-picnic-cesta.html?search_query=picnic&amp;results=3\"><img loading=\"lazy\" decoding=\"async\" class=\"aligncenter size-large wp-image-8687\" src=\"https:\/\/oui-oui.es\/blog\/wp-content\/uploads\/2017\/11\/Oui-Oui-bolsa-picnic-estampado-cesta-nevera-picnic-forma-cesta-cestita-picnic-pl\u00e1stico-kikkerland-2-1024x1024.jpg\" alt=\"\" width=\"1024\" height=\"1024\" srcset=\"https:\/\/oui-oui.es\/blog\/wp-content\/uploads\/2017\/11\/Oui-Oui-bolsa-picnic-estampado-cesta-nevera-picnic-forma-cesta-cestita-picnic-pl\u00e1stico-kikkerland-2-1024x1024.jpg 1024w, https:\/\/oui-oui.es\/blog\/wp-content\/uploads\/2017\/11\/Oui-Oui-bolsa-picnic-estampado-cesta-nevera-picnic-forma-cesta-cestita-picnic-pl\u00e1stico-kikkerland-2-150x150.jpg 150w, https:\/\/oui-oui.es\/blog\/wp-content\/uploads\/2017\/11\/Oui-Oui-bolsa-picnic-estampado-cesta-nevera-picnic-forma-cesta-cestita-picnic-pl\u00e1stico-kikkerland-2-300x300.jpg 300w, https:\/\/oui-oui.es\/blog\/wp-content\/uploads\/2017\/11\/Oui-Oui-bolsa-picnic-estampado-cesta-nevera-picnic-forma-cesta-cestita-picnic-pl\u00e1stico-kikkerland-2-768x768.jpg 768w, https:\/\/oui-oui.es\/blog\/wp-content\/uploads\/2017\/11\/Oui-Oui-bolsa-picnic-estampado-cesta-nevera-picnic-forma-cesta-cestita-picnic-pl\u00e1stico-kikkerland-2-600x600.jpg 600w\" sizes=\"auto, (max-width: 1024px) 100vw, 1024px\" \/><\/a><\/p>\n<p>As\u00ed que, al final, un poco el c\u00famulo de todo (unido a que mi marido ha puesto el mismo inter\u00e9s y nos mandamos art\u00edculos y vemos <em>Stories<\/em> juntos) ha hecho que, poco a poco, hayamos integrado varios cambios en nuestra vida diaria, <strong>cambios que me apetec\u00eda compartir<\/strong> (y me he enrollado mucho) porque creo que si todos ponemos nuestro granito de arena, la alimentaci\u00f3n de todos los ni\u00f1os ser\u00e1 mejor (de poco vale llevarle fruta de merienda al cole si otros 20 ni\u00f1os est\u00e1n tomando un B<em>ollicao<\/em>&#8230;O al menos cuesta mucho m\u00e1s razon\u00e1rselo).<\/p>\n<p>Aqu\u00ed van:<\/p>\n<p>En cuanto a la compra\/despensa<\/p>\n<ul>\n<li>Cero galletas, bollos, etc&#8230;Es decir <strong>NADA de boller\u00eda industrial<\/strong> (est\u00e1 claro que la tomar\u00e1n en otros sitios, en casa de los abuelos, en una fiesta, etc&#8230;Pero \u00bfqu\u00e9 aportan en el d\u00eda a d\u00eda?).<\/li>\n<li><strong>Cambiar el pan de molde por pan de hogaza<\/strong>, hemos probado un mont\u00f3n, unos car\u00edsimos y otros razonables&#8230;De momento nos quedamos con el del <strong>Horno de P\u00ed<\/strong> (en el barrio de las Letras), s\u00f3lo compramos un poco de pan de molde integral y sin az\u00facar para emergencias, pero las tostadas de la ma\u00f1ana siempre son de pan de verdad.<\/li>\n<li>Intentar <strong>reducir las conservas en pro de frescos y congelados<\/strong> (es mucho mejor tener guisantes congelados que una lata de guisantes, por ejemplo).<\/li>\n<li><strong>Nada de procesados<\/strong> (ni salchichas, ni jam\u00f3n york tipo finnisima o similar, comida precocinada o platos congelados)<\/li>\n<li>Hemos incluido gran variedad de <strong>frutos secos al natural<\/strong> (otro ejemplo de c\u00f3mo cambian los h\u00e1bitos de los ni\u00f1os peque\u00f1os; estando de puente, yo estaba a dieta y ten\u00eda que tomar unas almendras a media ma\u00f1ana, como Mart\u00edn me vi\u00f3 hacerlo durante todos los d\u00edas, al segundo d\u00eda me pidi\u00f3 para \u00e9l y desde entonces sus snacks de media ma\u00f1ana siempre incluyen frutos secos).<\/li>\n<li><strong>Semillas:<\/strong> las hemos incorporado a ra\u00edz de mi dieta en RETO 48, all\u00ed preparan un desayuno buen\u00edsimo de tostada de pavo con tomate y aguacate y le echan s\u00e9samo, prob\u00e9 a hacerlo en casa y, de nuevo, Mart\u00edn quiso probarlas, ahora le gusta ech\u00e1rselas en el yogurth junto con los copos de avena (le pongo unos cuencos peque\u00f1os con cada cosa y el mezcla y as\u00ed se divierte tambi\u00e9n), tambi\u00e9n compramos Ch\u00eda y Lino, para que vayan viendo variedad.<\/li>\n<li><strong>Fruta a todas horas:<\/strong> era algo en lo que yo cojeaba bastante&#8230;me parec\u00eda imposible tomarme 3\/4 piezas de fruta al d\u00eda y sin embargo al incorporarlo tanto mi marido como yo, lo voy consiguiendo,ya es normal que un s\u00e1bado a media ma\u00f1ana cada uno lleve su fruta favorita, como m\u00e1s le guste (hemos primado eso para fomentarlo, por ejemplo Mart\u00edn toma la manzana pelada y partida pero al ver que su hermana Frida, m\u00e1s peque\u00f1a, estuvo comiendo manzana sin pelar, mordiendo directamente, se ha animado a hacerlo otros d\u00edas).<\/li>\n<li><strong>Hacer los yogures en casa<\/strong>, es incre\u00edble la cantidad de \u00abmierdas\u00bb que llevan casi todos los productos l\u00e1cteos que normalmente le damos a los ni\u00f1os (hasta un Actimel que nos lo vendieron como bueno para la salud), yo era incapaz de tomarme un yogurth natural sin echarle az\u00facar y ahora me tomo los de casa encantada \u00a1est\u00e1n mucho m\u00e1s buenos y no cuesta nada hacerlos!, <a href=\"http:\/\/amzn.to\/2hTl3Ed\" target=\"_blank\" rel=\"noopener\">AQU\u00cd<\/a> ten\u00e9is la yogurtera que compramos (os recomiendo comprar otro set de tarros extra).<\/li>\n<\/ul>\n<p><a href=\"https:\/\/www.oui-oui.es\/casa-decoracion-con-estilo-oui-oui\/1396-bolsas-zip-tarro-reutilizables.html?search_query=zip&amp;results=2\"><img loading=\"lazy\" decoding=\"async\" class=\"aligncenter size-large wp-image-8688\" src=\"https:\/\/oui-oui.es\/blog\/wp-content\/uploads\/2017\/11\/Oui-Oui-bolsas-zip-forma-tarro-reutilizables-kikkerland-1-1024x1024.jpg\" alt=\"\" width=\"1024\" height=\"1024\" srcset=\"https:\/\/oui-oui.es\/blog\/wp-content\/uploads\/2017\/11\/Oui-Oui-bolsas-zip-forma-tarro-reutilizables-kikkerland-1-1024x1024.jpg 1024w, https:\/\/oui-oui.es\/blog\/wp-content\/uploads\/2017\/11\/Oui-Oui-bolsas-zip-forma-tarro-reutilizables-kikkerland-1-150x150.jpg 150w, https:\/\/oui-oui.es\/blog\/wp-content\/uploads\/2017\/11\/Oui-Oui-bolsas-zip-forma-tarro-reutilizables-kikkerland-1-300x300.jpg 300w, https:\/\/oui-oui.es\/blog\/wp-content\/uploads\/2017\/11\/Oui-Oui-bolsas-zip-forma-tarro-reutilizables-kikkerland-1-768x768.jpg 768w, https:\/\/oui-oui.es\/blog\/wp-content\/uploads\/2017\/11\/Oui-Oui-bolsas-zip-forma-tarro-reutilizables-kikkerland-1-600x600.jpg 600w\" sizes=\"auto, (max-width: 1024px) 100vw, 1024px\" \/><\/a><\/p>\n<p>En cuanto al <strong>desayuno<\/strong>, os animo a<strong> hacer peque\u00f1os cambios y poco a poco<\/strong>. En nuestro caso Mart\u00edn funciona mucho por imitaci\u00f3n, pero con Frida va m\u00e1s lento, como que \u00abdebe descubrirlo ella\u00bb o hacerlo cuando ella quiera&#8230;je,je<\/p>\n<p>Pero ya hemos conseguido una buena rutina, as\u00ed hacemos el desayuno ahora:<\/p>\n<ul>\n<li><strong>Un vaso de leche sola<\/strong>, siempre cuento la an\u00e9cdota, cuando se acab\u00f3 el Cola-Cao, compre un Cacao ecol\u00f3gico con quinoa, cuando se lo pusimos a Mart\u00edn no dijo nada, pero no se termin\u00f3 el vaso, al d\u00eda siguiente tampoco y al tercero dijo \u00abprefiero la leche sola\u00bb jajaja&#8230;As\u00ed que \u00a1asunto arreglado! \ud83d\ude09 ya no hay ning\u00fan tipo de cacao soluble en casa.<\/li>\n<li><strong>Cereales de avena integrales<\/strong>, otro alimento que puede costar m\u00e1s introducir (yo reconozco que a\u00fan no me hacen mucha gracia, prefiero tomar pan), en nuestro caso Mart\u00edn vio que los tomaba su padre y quiso probar \u00ablos cereales de mayor\u00bb y a partir de ah\u00ed no hubo problema (cabe decir que a Mart\u00edn le encanta comer y probar cosas nuevas), pero al d\u00e1rselos a Frida directamente los escupi\u00f3, sin embargo al pasar los d\u00edas y ver a su padre y su hermano desayun\u00e1ndolos, los pidi\u00f3 y ahora los toma todos los d\u00edas con la leche, y por las noches me los piden para echar en el yogurth.<\/li>\n<li>Incluir <strong>tostada de pan integral<\/strong>, a veces con tomate, a veces s\u00f3lo con un poco de aceite.<\/li>\n<li>Algo de <strong>prote\u00edna<\/strong>, pero no siempre; jam\u00f3n serrano o jam\u00f3n york (del bueno, al peso en la charcuter\u00eda)<\/li>\n<li><strong>Fruta<\/strong>: aqu\u00ed tenemos otro ejemplo de c\u00f3mo ir moldeando las opciones a cada ni\u00f1o; a Frida le encanta el pl\u00e1tano, en las meriendas se lo tomaba fenomenal y result\u00f3 que en los desayunos no, observamos y nos dimos cuenta que para el desayuno se lo est\u00e1bamos cortando en trocitos y no se lo tomaba nunca, parece ser que no le hac\u00eda gracia, volvimos a ponerle el pl\u00e1tano entero y \u00a1voil\u00e1!<\/li>\n<\/ul>\n<p><a href=\"https:\/\/www.oui-oui.es\/detalles-decoracion-ninos-habitacion-pinterest\/1398-set-comida-ninos-de-bambu.html\"><img loading=\"lazy\" decoding=\"async\" class=\"aligncenter size-large wp-image-8690\" src=\"https:\/\/oui-oui.es\/blog\/wp-content\/uploads\/2017\/11\/Oui-Oui-vajilla-bambu-ni\u00f1os-dibujos-verduras-vajillas-para-comer-mas-verduras-5-1024x1024.jpg\" alt=\"\" width=\"1024\" height=\"1024\" srcset=\"https:\/\/oui-oui.es\/blog\/wp-content\/uploads\/2017\/11\/Oui-Oui-vajilla-bambu-ni\u00f1os-dibujos-verduras-vajillas-para-comer-mas-verduras-5-1024x1024.jpg 1024w, https:\/\/oui-oui.es\/blog\/wp-content\/uploads\/2017\/11\/Oui-Oui-vajilla-bambu-ni\u00f1os-dibujos-verduras-vajillas-para-comer-mas-verduras-5-150x150.jpg 150w, https:\/\/oui-oui.es\/blog\/wp-content\/uploads\/2017\/11\/Oui-Oui-vajilla-bambu-ni\u00f1os-dibujos-verduras-vajillas-para-comer-mas-verduras-5-300x300.jpg 300w, https:\/\/oui-oui.es\/blog\/wp-content\/uploads\/2017\/11\/Oui-Oui-vajilla-bambu-ni\u00f1os-dibujos-verduras-vajillas-para-comer-mas-verduras-5-768x768.jpg 768w, https:\/\/oui-oui.es\/blog\/wp-content\/uploads\/2017\/11\/Oui-Oui-vajilla-bambu-ni\u00f1os-dibujos-verduras-vajillas-para-comer-mas-verduras-5-600x600.jpg 600w\" sizes=\"auto, (max-width: 1024px) 100vw, 1024px\" \/><\/a><\/p>\n<p>Me est\u00e1 saliendo un post largu\u00edsimo y no me quiero desviar (en realidad iba a escribir sobre el taller <a href=\"http:\/\/cristinaferrer.es\/servicios\/\" target=\"_blank\" rel=\"noopener\">\u00abRevoluciona tus cenas familiares\u00bb<\/a> de <strong>Cristina Ferrer<\/strong> al que asist\u00ed el otro d\u00eda), pero creo que la semana que viene escribo otro post sobre las cenas y as\u00ed no me l\u00edo m\u00e1s.<\/p>\n<p>Por \u00faltimo, me gustar\u00eda compartir algunas<strong> ideas que tengo en la cabeza cuando pienso los men\u00fas, hacemos un snack o, simplemente, hablamos sobre comida con los ni\u00f1os<\/strong>, (son ideas, no mandatos ni cosas que haya que hacer s\u00ed o s\u00ed):<\/p>\n<ul>\n<li>Intento <strong>hablar de sano o no sano<\/strong>, no de engorda\/no engorda, creo que es importante no transmitirles un agobio por su cuerpo, pero s\u00ed una mentalidad saludable.<\/li>\n<li><strong>No darles comida \u00bb de premio\u00bb<\/strong> y menos boller\u00eda industrial.<\/li>\n<li>Intentar <strong>no vincular todo lo bueno a los dulces\/boller\u00eda\/snacks salados<\/strong>&#8230;Cambiar la forma de festejar algunas cosas.<\/li>\n<li><strong>No obligarlos a comer<\/strong> si no les apetece.<\/li>\n<li><strong>Transmitirles el disfrute de probar cosas nuevas<\/strong> (tengo en mente para las pr\u00f3ximas semanas hacerles cenas tem\u00e1ticas por colores, ya os contar\u00e9).<\/li>\n<li><strong>Cuanto antes se implementan los cambios, m\u00e1s f\u00e1cil es <\/strong>(no es lo mismo cambiar h\u00e1bitos de 10 a\u00f1os que de 1).<\/li>\n<li><strong>Predicar con el ejemplo<\/strong>, le cont\u00e9 a Mart\u00edn que iba a dejar de tomar Coca-Cola porque no era buena y el otro d\u00eda me pido una en un bar y me dice \u00bfno lo ibas a dejar? y le digo \u00absi, pero poco a poco que cuesta mucho\u00bb y me dice \u00abanda, mejor p\u00eddete agua que est\u00e1 m\u00e1s buena y fresquita\u00bb&#8230;Total, que me ped\u00ed agua!<\/li>\n<li><strong>Cada d\u00eda aprendes algo nuevo<\/strong>, somos padres, no nutricionistas ni endocrinos, de forma que vamos incorporando lo aprendido y modificando rutinas poco a poco.<\/li>\n<li><strong>Saltarse las normas de vez en cuando siendo consiente de que es un extra<\/strong> (como una fiesta de Halloween llena de cosas guays con formas de miedo)<\/li>\n<\/ul>\n<p>Bueno, ya lo dejo que me ha salido un post enorme y seguro que al final me he dejado cosas que me hubiera gustado compartir&#8230;Me encantar\u00eda conocer vuestra opini\u00f3n, si ten\u00e9is alg\u00fan truco con alguna de las comidas o cualquier cosa!<\/p>\n<p><strong>Se trata de compartir, no de evangelizar, ni de dar ejemplo o frustrar a qui\u00e9n no puede o no quiere hacerlo de esta forma&#8230;<\/strong><\/p>\n<p>Y <strong>no siempre es f\u00e1cil<\/strong>, ayer, por ejemplo, estuvimos en Mercadona, pasamos por el pasillo de la boller\u00eda y Mart\u00edn me pidi\u00f3 dos productos, luego donde los panes me pidi\u00f3 otra cosa y al salir tambi\u00e9n quer\u00eda un calendario de adviento&#8230;Razon\u00e1ndole cada una de las cosas consegu\u00ed que lo dejara (o postpusiera), por ejemplo, una bolsa de chocolates navide\u00f1os, directamente me dijo \u00abesto lo dejamos para Navidad\u00bb y en Navidad tomaremos dulces \u00a1por supuesto! pero un poco mejores y con control \ud83d\ude09<\/p>\n<p><strong>Es m\u00e1s caro econ\u00f3micamente y en tiempo<\/strong>, pero merece la pena y a la larga m\u00e1s&#8230;Desde 1980 se ha duplicado la obesidad infantil y los casos de diabetes en Espa\u00f1a.<\/p>\n<p>Como me dijo Chiara, la <strong>nutricionista<\/strong> de <strong>RETO 48<\/strong>, \u00bb A los ni\u00f1os no hay que restringirles nada salvo alimentos muy procesados, boller\u00eda industrial y chucher\u00edas. Son ni\u00f1os y necesitan energ\u00eda, si desde peque\u00f1os les quitamos alimentos con az\u00facar natural o grasa, de mayores van a desarrollar mayor resistencia a ellos y engordar\u00e1n con mayor facilidad\u00bb.<\/p>\n","protected":false},"excerpt":{"rendered":"<p>Algunos dicen que es una moda, otros que es una nueva tendencia creada por la industria y otros que es una tonter\u00eda \u00abporque siempre se hizo de otra forma\u00bb&#8230;En nuestro caso, el inter\u00e9s por comer bien, saber lo que comemos y aprender un poquito cada d\u00eda sobre \u00abtips de nutrici\u00f3n\u00bb surgi\u00f3 por los ni\u00f1os, por [&hellip;]<\/p>\n","protected":false},"author":1,"featured_media":8689,"comment_status":"open","ping_status":"open","sticky":false,"template":"","format":"standard","meta":{"jetpack_post_was_ever_published":false,"_jetpack_newsletter_access":"","_jetpack_dont_email_post_to_subs":false,"_jetpack_newsletter_tier_id":0,"_jetpack_memberships_contains_paywalled_content":false,"_jetpack_memberships_contains_paid_content":false,"footnotes":"","jetpack_publicize_message":"","jetpack_publicize_feature_enabled":true,"jetpack_social_post_already_shared":true,"jetpack_social_options":{"image_generator_settings":{"template":"highway","default_image_id":0,"font":"","enabled":false},"version":2}},"categories":[174],"tags":[831,832,825],"class_list":["post-8686","post","type-post","status-publish","format-standard","has-post-thumbnail","hentry","category-ninos","tag-alimentacion","tag-comida-saludable","tag-nutricion"],"aioseo_notices":[],"jetpack_publicize_connections":[],"jetpack_featured_media_url":"https:\/\/oui-oui.es\/blog\/wp-content\/uploads\/2017\/11\/Oui-Oui-bolsas-zip-forma-tarro-reutilizables-kikkerland-2.jpg","jetpack_sharing_enabled":true,"jetpack-related-posts":[{"id":9385,"url":"https:\/\/oui-oui.es\/blog\/greenology-nutricion-personalizada-segun-tus-genes\/","url_meta":{"origin":8686,"position":0},"title":"Greenology | Nutrici\u00f3n personalizada seg\u00fan tus genes","author":"Mar\u00eda \u2665Oui Oui\u2665","date":"17 octubre, 2018","format":false,"excerpt":"\u00a0 Conoc\u00ed a Laura en un evento de cosm\u00e9tica natural en el que nos dio una pequ\u00f1a charla sobre nutrici\u00f3n y cosm\u00e9tica, incidiendo en los h\u00e1bitos de vida como motor de cambio de nuestra salud y estado de \u00e1nimo. Me llam\u00f3 mucho la atenci\u00f3n c\u00f3mo peque\u00f1os cambios en la alimentaci\u00f3n\u2026","rel":"","context":"En \u00abESTILO DE VIDA\u00bb","block_context":{"text":"ESTILO DE VIDA","link":"https:\/\/oui-oui.es\/blog\/category\/lifestyle-2\/"},"img":{"alt_text":"","src":"https:\/\/i0.wp.com\/oui-oui.es\/blog\/wp-content\/uploads\/2018\/10\/Oui-Oui-greenology-nutrici%C3%B3n-seg%C3%BAn-gen%C3%A9tica-vivir-en-base-a-tu-genetica-.jpg?resize=350%2C200&ssl=1","width":350,"height":200,"srcset":"https:\/\/i0.wp.com\/oui-oui.es\/blog\/wp-content\/uploads\/2018\/10\/Oui-Oui-greenology-nutrici%C3%B3n-seg%C3%BAn-gen%C3%A9tica-vivir-en-base-a-tu-genetica-.jpg?resize=350%2C200&ssl=1 1x, https:\/\/i0.wp.com\/oui-oui.es\/blog\/wp-content\/uploads\/2018\/10\/Oui-Oui-greenology-nutrici%C3%B3n-seg%C3%BAn-gen%C3%A9tica-vivir-en-base-a-tu-genetica-.jpg?resize=525%2C300&ssl=1 1.5x, https:\/\/i0.wp.com\/oui-oui.es\/blog\/wp-content\/uploads\/2018\/10\/Oui-Oui-greenology-nutrici%C3%B3n-seg%C3%BAn-gen%C3%A9tica-vivir-en-base-a-tu-genetica-.jpg?resize=700%2C400&ssl=1 2x"},"classes":[]},{"id":8590,"url":"https:\/\/oui-oui.es\/blog\/conseguir-que-sigan-tomando-fruta-cuando-se-cansan-de-la-papilla-bolsas-reutilizables-beber-fruta\/","url_meta":{"origin":8686,"position":1},"title":"Conseguir que sigan tomando fruta cuando se cansan de la papilla | Bolsas reutilizables beber fruta","author":"Mar\u00eda \u2665Oui Oui\u2665","date":"2 octubre, 2017","format":false,"excerpt":"A principios de verano Frida (con 16 meses) comenz\u00f3 a cansarse de la papilla de fruta, llegaba la hora de la merienda y, unos d\u00edas, empezaba a tomarla pero a la cuarta cucharada se cansaba y, otros d\u00edas, directamente dec\u00eda que na nai. Intentamos darle s\u00f3lido (que ya tomaba desde\u2026","rel":"","context":"En \u00abNI\u00d1OS Y NI\u00d1AS\u00bb","block_context":{"text":"NI\u00d1OS Y NI\u00d1AS","link":"https:\/\/oui-oui.es\/blog\/category\/ninos\/"},"img":{"alt_text":"","src":"https:\/\/i0.wp.com\/oui-oui.es\/blog\/wp-content\/uploads\/2017\/10\/Oui-Oui-bolsas-reutilizables-beber-fruta-bolsas-reutilizables-squiz-bolsas-reutilizables-beber-pur%C3%A9-e1506961219989.jpg?resize=350%2C200&ssl=1","width":350,"height":200,"srcset":"https:\/\/i0.wp.com\/oui-oui.es\/blog\/wp-content\/uploads\/2017\/10\/Oui-Oui-bolsas-reutilizables-beber-fruta-bolsas-reutilizables-squiz-bolsas-reutilizables-beber-pur%C3%A9-e1506961219989.jpg?resize=350%2C200&ssl=1 1x, https:\/\/i0.wp.com\/oui-oui.es\/blog\/wp-content\/uploads\/2017\/10\/Oui-Oui-bolsas-reutilizables-beber-fruta-bolsas-reutilizables-squiz-bolsas-reutilizables-beber-pur%C3%A9-e1506961219989.jpg?resize=525%2C300&ssl=1 1.5x, https:\/\/i0.wp.com\/oui-oui.es\/blog\/wp-content\/uploads\/2017\/10\/Oui-Oui-bolsas-reutilizables-beber-fruta-bolsas-reutilizables-squiz-bolsas-reutilizables-beber-pur%C3%A9-e1506961219989.jpg?resize=700%2C400&ssl=1 2x, https:\/\/i0.wp.com\/oui-oui.es\/blog\/wp-content\/uploads\/2017\/10\/Oui-Oui-bolsas-reutilizables-beber-fruta-bolsas-reutilizables-squiz-bolsas-reutilizables-beber-pur%C3%A9-e1506961219989.jpg?resize=1050%2C600&ssl=1 3x"},"classes":[]},{"id":5389,"url":"https:\/\/oui-oui.es\/blog\/organic-market-food-el-ultimo-place-to-be\/","url_meta":{"origin":8686,"position":2},"title":"Organic Market &#038; Food el \u00faltimo place to be","author":"Mar\u00eda \u2665Oui Oui\u2665","date":"12 mayo, 2017","format":false,"excerpt":"Hoy os traigo al blog un espacio que tiene a todo el barrio revolucionado, se trata de ORGANIC MARKET & FOOD. Un multiespacio que es cafeter\u00eda-restaurante-tienda-mercado y, adem\u00e1s, \u00a1tiene espacio para ni\u00f1os y una preciosa terraza! Yo estuve desayunando el otro d\u00eda (buen\u00edsima la limonada de lima y hierbabuena y\u2026","rel":"","context":"En \u00abLA GU\u00cdA DE MAR\u00cdA\u00bb","block_context":{"text":"LA GU\u00cdA DE MAR\u00cdA","link":"https:\/\/oui-oui.es\/blog\/category\/la-guia-de-maria\/"},"img":{"alt_text":"","src":"https:\/\/i0.wp.com\/oui-oui.es\/blog\/wp-content\/uploads\/2017\/05\/Oui-Oui-organic-market-restaurante-organico-serrano-restaurante-organico-chamartin-restaurante-ni%C3%B1os-chamartin-5.jpg?resize=350%2C200&ssl=1","width":350,"height":200,"srcset":"https:\/\/i0.wp.com\/oui-oui.es\/blog\/wp-content\/uploads\/2017\/05\/Oui-Oui-organic-market-restaurante-organico-serrano-restaurante-organico-chamartin-restaurante-ni%C3%B1os-chamartin-5.jpg?resize=350%2C200&ssl=1 1x, https:\/\/i0.wp.com\/oui-oui.es\/blog\/wp-content\/uploads\/2017\/05\/Oui-Oui-organic-market-restaurante-organico-serrano-restaurante-organico-chamartin-restaurante-ni%C3%B1os-chamartin-5.jpg?resize=525%2C300&ssl=1 1.5x, https:\/\/i0.wp.com\/oui-oui.es\/blog\/wp-content\/uploads\/2017\/05\/Oui-Oui-organic-market-restaurante-organico-serrano-restaurante-organico-chamartin-restaurante-ni%C3%B1os-chamartin-5.jpg?resize=700%2C400&ssl=1 2x, https:\/\/i0.wp.com\/oui-oui.es\/blog\/wp-content\/uploads\/2017\/05\/Oui-Oui-organic-market-restaurante-organico-serrano-restaurante-organico-chamartin-restaurante-ni%C3%B1os-chamartin-5.jpg?resize=1050%2C600&ssl=1 3x, https:\/\/i0.wp.com\/oui-oui.es\/blog\/wp-content\/uploads\/2017\/05\/Oui-Oui-organic-market-restaurante-organico-serrano-restaurante-organico-chamartin-restaurante-ni%C3%B1os-chamartin-5.jpg?resize=1400%2C800&ssl=1 4x"},"classes":[]},{"id":5402,"url":"https:\/\/oui-oui.es\/blog\/como-ayudar-a-un-bebe-a-comer-solo\/","url_meta":{"origin":8686,"position":3},"title":"C\u00f3mo ayudar a un beb\u00e9 a comer solo","author":"Mar\u00eda \u2665Oui Oui\u2665","date":"16 mayo, 2017","format":false,"excerpt":"Recuerdo que Mart\u00edn com\u00eda bien \u00e9l solo desde muy peque\u00f1o y creo que en gran parte se debi\u00f3 a que fue a la guarde desde muy pronto tambi\u00e9n. Las rutinas germ\u00e1nicas, el ver comer a otros ni\u00f1os... Con Frida, sin embargo, que va a ir a la guarde m\u00e1s tarde,\u2026","rel":"","context":"En \u00abMATERNIDAD\u00bb","block_context":{"text":"MATERNIDAD","link":"https:\/\/oui-oui.es\/blog\/category\/maternidad\/"},"img":{"alt_text":"","src":"https:\/\/i0.wp.com\/oui-oui.es\/blog\/wp-content\/uploads\/2017\/05\/Oui-Oui-como-organizarte-momento-ba%C3%B1os-bol-numnum-aprender-a-comer-solos-baby-lead-weaning.jpg?resize=350%2C200&ssl=1","width":350,"height":200,"srcset":"https:\/\/i0.wp.com\/oui-oui.es\/blog\/wp-content\/uploads\/2017\/05\/Oui-Oui-como-organizarte-momento-ba%C3%B1os-bol-numnum-aprender-a-comer-solos-baby-lead-weaning.jpg?resize=350%2C200&ssl=1 1x, https:\/\/i0.wp.com\/oui-oui.es\/blog\/wp-content\/uploads\/2017\/05\/Oui-Oui-como-organizarte-momento-ba%C3%B1os-bol-numnum-aprender-a-comer-solos-baby-lead-weaning.jpg?resize=525%2C300&ssl=1 1.5x, https:\/\/i0.wp.com\/oui-oui.es\/blog\/wp-content\/uploads\/2017\/05\/Oui-Oui-como-organizarte-momento-ba%C3%B1os-bol-numnum-aprender-a-comer-solos-baby-lead-weaning.jpg?resize=700%2C400&ssl=1 2x, https:\/\/i0.wp.com\/oui-oui.es\/blog\/wp-content\/uploads\/2017\/05\/Oui-Oui-como-organizarte-momento-ba%C3%B1os-bol-numnum-aprender-a-comer-solos-baby-lead-weaning.jpg?resize=1050%2C600&ssl=1 3x, https:\/\/i0.wp.com\/oui-oui.es\/blog\/wp-content\/uploads\/2017\/05\/Oui-Oui-como-organizarte-momento-ba%C3%B1os-bol-numnum-aprender-a-comer-solos-baby-lead-weaning.jpg?resize=1400%2C800&ssl=1 4x"},"classes":[]},{"id":8568,"url":"https:\/\/oui-oui.es\/blog\/reto-48-y-mi-cambio-de-habitos\/","url_meta":{"origin":8686,"position":4},"title":"Reto 48 y mi cambio de h\u00e1bitos","author":"Mar\u00eda \u2665Oui Oui\u2665","date":"22 septiembre, 2017","format":false,"excerpt":"Mi vuelta al cole empieza casi en octubre, al final en septiembre entre las adaptaciones a los coles, mi viaje a Par\u00eds, el cumple de Mart\u00edn y los recados pendientes que todo ello genera no me da tiempo nunca a ponerme \"con mis cosas\". Pero este a\u00f1o sab\u00eda que quer\u00eda\u2026","rel":"","context":"En \u00abESTILO DE VIDA\u00bb","block_context":{"text":"ESTILO DE VIDA","link":"https:\/\/oui-oui.es\/blog\/category\/lifestyle-2\/"},"img":{"alt_text":"","src":"https:\/\/i0.wp.com\/oui-oui.es\/blog\/wp-content\/uploads\/2017\/09\/Oui-Oui-reto-48-las-excusas-no-queman-calor%C3%ADas.jpg?resize=350%2C200&ssl=1","width":350,"height":200,"srcset":"https:\/\/i0.wp.com\/oui-oui.es\/blog\/wp-content\/uploads\/2017\/09\/Oui-Oui-reto-48-las-excusas-no-queman-calor%C3%ADas.jpg?resize=350%2C200&ssl=1 1x, https:\/\/i0.wp.com\/oui-oui.es\/blog\/wp-content\/uploads\/2017\/09\/Oui-Oui-reto-48-las-excusas-no-queman-calor%C3%ADas.jpg?resize=525%2C300&ssl=1 1.5x, https:\/\/i0.wp.com\/oui-oui.es\/blog\/wp-content\/uploads\/2017\/09\/Oui-Oui-reto-48-las-excusas-no-queman-calor%C3%ADas.jpg?resize=700%2C400&ssl=1 2x"},"classes":[]},{"id":4659,"url":"https:\/\/oui-oui.es\/blog\/pequena-y-grande-una-coleccion-con-encanto\/","url_meta":{"origin":8686,"position":5},"title":"Peque\u00f1a y Grande, una colecci\u00f3n con encanto","author":"Mar\u00eda \u2665Oui Oui\u2665","date":"14 julio, 2016","format":false,"excerpt":"El verano es un momento ideal para leer, no solo los mayores que tenemos m\u00e1s tiempo sino tambi\u00e9n los peques, tanto a los que les encanta leer cuentos como a Mart\u00edn como a los que a\u00fan no les ha llamado, es un momento perfecto para introducirles nuevas historias, nuevos cuentos,\u2026","rel":"","context":"En \u00abNI\u00d1OS Y NI\u00d1AS\u00bb","block_context":{"text":"NI\u00d1OS Y NI\u00d1AS","link":"https:\/\/oui-oui.es\/blog\/category\/ninos\/"},"img":{"alt_text":"","src":"https:\/\/i0.wp.com\/oui-oui.es\/blog\/wp-content\/uploads\/2016\/07\/Oui-Oui-Peque%C3%B1a-y-Grande-Coco-Chanel.jpg?resize=350%2C200&ssl=1","width":350,"height":200,"srcset":"https:\/\/i0.wp.com\/oui-oui.es\/blog\/wp-content\/uploads\/2016\/07\/Oui-Oui-Peque%C3%B1a-y-Grande-Coco-Chanel.jpg?resize=350%2C200&ssl=1 1x, https:\/\/i0.wp.com\/oui-oui.es\/blog\/wp-content\/uploads\/2016\/07\/Oui-Oui-Peque%C3%B1a-y-Grande-Coco-Chanel.jpg?resize=525%2C300&ssl=1 1.5x, https:\/\/i0.wp.com\/oui-oui.es\/blog\/wp-content\/uploads\/2016\/07\/Oui-Oui-Peque%C3%B1a-y-Grande-Coco-Chanel.jpg?resize=700%2C400&ssl=1 2x, https:\/\/i0.wp.com\/oui-oui.es\/blog\/wp-content\/uploads\/2016\/07\/Oui-Oui-Peque%C3%B1a-y-Grande-Coco-Chanel.jpg?resize=1050%2C600&ssl=1 3x, https:\/\/i0.wp.com\/oui-oui.es\/blog\/wp-content\/uploads\/2016\/07\/Oui-Oui-Peque%C3%B1a-y-Grande-Coco-Chanel.jpg?resize=1400%2C800&ssl=1 4x"},"classes":[]}],"_links":{"self":[{"href":"https:\/\/oui-oui.es\/blog\/wp-json\/wp\/v2\/posts\/8686","targetHints":{"allow":["GET"]}}],"collection":[{"href":"https:\/\/oui-oui.es\/blog\/wp-json\/wp\/v2\/posts"}],"about":[{"href":"https:\/\/oui-oui.es\/blog\/wp-json\/wp\/v2\/types\/post"}],"author":[{"embeddable":true,"href":"https:\/\/oui-oui.es\/blog\/wp-json\/wp\/v2\/users\/1"}],"replies":[{"embeddable":true,"href":"https:\/\/oui-oui.es\/blog\/wp-json\/wp\/v2\/comments?post=8686"}],"version-history":[{"count":1,"href":"https:\/\/oui-oui.es\/blog\/wp-json\/wp\/v2\/posts\/8686\/revisions"}],"predecessor-version":[{"id":8691,"href":"https:\/\/oui-oui.es\/blog\/wp-json\/wp\/v2\/posts\/8686\/revisions\/8691"}],"wp:featuredmedia":[{"embeddable":true,"href":"https:\/\/oui-oui.es\/blog\/wp-json\/wp\/v2\/media\/8689"}],"wp:attachment":[{"href":"https:\/\/oui-oui.es\/blog\/wp-json\/wp\/v2\/media?parent=8686"}],"wp:term":[{"taxonomy":"category","embeddable":true,"href":"https:\/\/oui-oui.es\/blog\/wp-json\/wp\/v2\/categories?post=8686"},{"taxonomy":"post_tag","embeddable":true,"href":"https:\/\/oui-oui.es\/blog\/wp-json\/wp\/v2\/tags?post=8686"}],"curies":[{"name":"wp","href":"https:\/\/api.w.org\/{rel}","templated":true}]}}