{"id":8696,"date":"2017-11-10T16:19:18","date_gmt":"2017-11-10T14:19:18","guid":{"rendered":"https:\/\/oui-oui.es\/blog\/?p=8696"},"modified":"2017-11-10T16:19:18","modified_gmt":"2017-11-10T14:19:18","slug":"novedades-wedding","status":"publish","type":"post","link":"https:\/\/oui-oui.es\/blog\/novedades-wedding\/","title":{"rendered":"Novedades Wedding"},"content":{"rendered":"<p>El mes de octubre me pas\u00f3 volando (tan volando que estamos a 10 de noviembre&#8230;jajaja), acud\u00ed a varias <strong>presentaciones y eventos del \u00abSector bodas\u00bb<\/strong> que me apetec\u00eda compartir porque descubr\u00ed cosas muy chulas&#8230;La verdad es que ahora mismo estoy un poco m\u00e1s alejada de este sector b\u00e1sicamente porque<strong> mi momento vital es otro<\/strong> y porque me interesan mucho m\u00e1s los temas infantiles y de lifestyle, pero fue<strong> donde empec\u00e9 Oui Oui<\/strong> en 2012, antes incluso de tener la tienda abierta, donde he hecho grandes amigos, en ferias, viajes, de vernos en fiestas, por mensaje, etc&#8230;Y me sigue gustando acudir a los eventos para <strong>reencontrarme y ver c\u00f3mo han evolucionado los proyectos y negocios de personas que conoc\u00ed cuando empez\u00e1bamos de cero todos.<\/strong><\/p>\n<p><img loading=\"lazy\" decoding=\"async\" class=\"aligncenter size-large wp-image-8703\" src=\"https:\/\/oui-oui.es\/blog\/wp-content\/uploads\/2017\/11\/001-bebas-closet-bea-17-684x1024.jpg\" alt=\"\" width=\"684\" height=\"1024\" srcset=\"https:\/\/oui-oui.es\/blog\/wp-content\/uploads\/2017\/11\/001-bebas-closet-bea-17-684x1024.jpg 684w, https:\/\/oui-oui.es\/blog\/wp-content\/uploads\/2017\/11\/001-bebas-closet-bea-17-200x300.jpg 200w, https:\/\/oui-oui.es\/blog\/wp-content\/uploads\/2017\/11\/001-bebas-closet-bea-17-768x1151.jpg 768w, https:\/\/oui-oui.es\/blog\/wp-content\/uploads\/2017\/11\/001-bebas-closet-bea-17-600x899.jpg 600w, https:\/\/oui-oui.es\/blog\/wp-content\/uploads\/2017\/11\/001-bebas-closet-bea-17-300x449.jpg 300w, https:\/\/oui-oui.es\/blog\/wp-content\/uploads\/2017\/11\/001-bebas-closet-bea-17.jpg 801w\" sizes=\"auto, (max-width: 684px) 100vw, 684px\" \/><\/p>\n<p>Como la dise\u00f1adora <strong>Bel\u00e9n Barbero<\/strong>, de <a href=\"http:\/\/bebascloset.com\/es\/\" target=\"_blank\" rel=\"noopener\"><strong>Beba\u00b4s Closet<\/strong><\/a>, a la que visit\u00e9 en su primer atelier cuando estaba buscando vestido de novia y que ha tenido una <strong>evoluci\u00f3n brutal<\/strong>, este a\u00f1o nos sorprend\u00eda con un vestido con cientos de peque\u00f1as incrustaciones precioso&#8230;Daban ganas de organizar una reboda para vestirnos de princesa por un d\u00eda&#8230;<\/p>\n<p><img loading=\"lazy\" decoding=\"async\" class=\"aligncenter size-large wp-image-8704\" src=\"https:\/\/oui-oui.es\/blog\/wp-content\/uploads\/2017\/11\/001-bebas-closet-bea-28-1024x684.jpg\" alt=\"\" width=\"1024\" height=\"684\" srcset=\"https:\/\/oui-oui.es\/blog\/wp-content\/uploads\/2017\/11\/001-bebas-closet-bea-28-1024x684.jpg 1024w, https:\/\/oui-oui.es\/blog\/wp-content\/uploads\/2017\/11\/001-bebas-closet-bea-28-300x200.jpg 300w, https:\/\/oui-oui.es\/blog\/wp-content\/uploads\/2017\/11\/001-bebas-closet-bea-28-768x513.jpg 768w, https:\/\/oui-oui.es\/blog\/wp-content\/uploads\/2017\/11\/001-bebas-closet-bea-28-600x401.jpg 600w, https:\/\/oui-oui.es\/blog\/wp-content\/uploads\/2017\/11\/001-bebas-closet-bea-28.jpg 1200w\" sizes=\"auto, (max-width: 1024px) 100vw, 1024px\" \/><\/p>\n<p>Las presentaciones de colecci\u00f3n de <strong>Beba\u00b4s Closet<\/strong> se han convertido en un must en lo que a eventos se refiere porque <strong>siempre sorprenden<\/strong>, tienen un <strong>hilo conductor art\u00edstico genial<\/strong> y, junto a Cris de <a href=\"http:\/\/www.weddcam.es\/\" target=\"_blank\" rel=\"noopener\"><strong>Weddcam<\/strong><\/a>, consiguen una puesta en escena siempre diferente y emocionante \u00a1felicidades chicas!.<\/p>\n<p>A la semana siguiente tuve la suerte de acudir a conocer la nueva <a href=\"http:\/\/joyeriasuarez.com\/es\/orion.html#page=2&amp;top=1482&amp;\" target=\"_blank\" rel=\"noopener\"><strong>colecci\u00f3n Orion<\/strong><\/a>,de la <strong>joyer\u00eda Su\u00e1rez<\/strong>, siempre innovando, buscando inspiraciones nuevas y consiguiendo <strong>piedras preciosas especiales<\/strong> alrededor de todo el mundo, me encanta como <strong>Gabriel Su\u00e1rez<\/strong> (Gem\u00f3logo graduado por GIA) nos explica en cada ocasi\u00f3n c\u00f3mo han conseguido las piedras de esa colecci\u00f3n (la materia prima siempre es comprada por la familia Su\u00e1rez), en qu\u00e9 pa\u00eds y c\u00f3mo fue la subasta&#8230;\u00a1S\u00faper interesante! , otro lujo es escuchar a <strong>Sandra Rojo<\/strong> (dise\u00f1adora) cont\u00e1ndonos <strong>c\u00f3mo surgi\u00f3 la inspiraci\u00f3n y c\u00f3mo desemboc\u00f3 en la colecci\u00f3n final.<\/strong><\/p>\n<p><img loading=\"lazy\" decoding=\"async\" class=\"aligncenter size-large wp-image-8701\" src=\"https:\/\/oui-oui.es\/blog\/wp-content\/uploads\/2017\/11\/COLECCION-ORION-SUAREZ-7-1024x683.jpg\" alt=\"\" width=\"1024\" height=\"683\" srcset=\"https:\/\/oui-oui.es\/blog\/wp-content\/uploads\/2017\/11\/COLECCION-ORION-SUAREZ-7-1024x683.jpg 1024w, https:\/\/oui-oui.es\/blog\/wp-content\/uploads\/2017\/11\/COLECCION-ORION-SUAREZ-7-300x200.jpg 300w, https:\/\/oui-oui.es\/blog\/wp-content\/uploads\/2017\/11\/COLECCION-ORION-SUAREZ-7-768x512.jpg 768w, https:\/\/oui-oui.es\/blog\/wp-content\/uploads\/2017\/11\/COLECCION-ORION-SUAREZ-7-600x400.jpg 600w\" sizes=\"auto, (max-width: 1024px) 100vw, 1024px\" \/><\/p>\n<p>Adem\u00e1s, en esta ocasi\u00f3n nos citaron en la reci\u00e9n reformada <a href=\"http:\/\/joyeriasuarez.com\" target=\"_blank\" rel=\"noopener\"><strong>joyer\u00eda Su\u00e1rez<\/strong><\/a> de la calle Serrano,62, con un <strong>concepto mucho m\u00e1s abierto<\/strong>, <strong>invitando<\/strong> de esa forma <strong>a entrar a las generaciones m\u00e1s j\u00f3venes<\/strong> a las que est\u00e1n encantados de recibir, con precios de entrada en cada colecci\u00f3n mucho m\u00e1s asequibles de lo que, a priori, pueda parecer, desde los 300\u20ac aprox. puedes encontrar una joyita ;).<\/p>\n<p><img loading=\"lazy\" decoding=\"async\" class=\"aligncenter size-full wp-image-8699\" src=\"https:\/\/oui-oui.es\/blog\/wp-content\/uploads\/2017\/11\/Oui-Oui-pendiente-oro-rosa-diamante-talla-brillante-coleccion-orion-JOYERIA-SUAREZ.jpg\" alt=\"\" width=\"276\" height=\"276\" srcset=\"https:\/\/oui-oui.es\/blog\/wp-content\/uploads\/2017\/11\/Oui-Oui-pendiente-oro-rosa-diamante-talla-brillante-coleccion-orion-JOYERIA-SUAREZ.jpg 276w, https:\/\/oui-oui.es\/blog\/wp-content\/uploads\/2017\/11\/Oui-Oui-pendiente-oro-rosa-diamante-talla-brillante-coleccion-orion-JOYERIA-SUAREZ-150x150.jpg 150w\" sizes=\"auto, (max-width: 276px) 100vw, 276px\" \/><\/p>\n<p>La <strong>sorpresa<\/strong> de la noche llegar\u00eda cuando, al final del cocktail, el grupo <strong>Taburete<\/strong> dio un concierto, a mi me sorprendi\u00f3 especialmente porque sab\u00eda que habr\u00eda un concierto pero me hab\u00eda imaginado algo de m\u00fasica cl\u00e1sica y, de repente, pop espa\u00f1ol s\u00faper reciente que, aunque no conoc\u00eda las canciones, a la tercera te apetece empezar a cantar t\u00fa&#8230;je,je<\/p>\n<p><img loading=\"lazy\" decoding=\"async\" class=\"aligncenter size-large wp-image-8702\" src=\"https:\/\/oui-oui.es\/blog\/wp-content\/uploads\/2017\/11\/CONCIERTO-TABURETE-4-1024x683.jpg\" alt=\"\" width=\"1024\" height=\"683\" srcset=\"https:\/\/oui-oui.es\/blog\/wp-content\/uploads\/2017\/11\/CONCIERTO-TABURETE-4-1024x683.jpg 1024w, https:\/\/oui-oui.es\/blog\/wp-content\/uploads\/2017\/11\/CONCIERTO-TABURETE-4-300x200.jpg 300w, https:\/\/oui-oui.es\/blog\/wp-content\/uploads\/2017\/11\/CONCIERTO-TABURETE-4-768x512.jpg 768w, https:\/\/oui-oui.es\/blog\/wp-content\/uploads\/2017\/11\/CONCIERTO-TABURETE-4-600x400.jpg 600w\" sizes=\"auto, (max-width: 1024px) 100vw, 1024px\" \/><\/p>\n<p>De la <strong>colecci\u00f3n Orion<\/strong> me quedo con estos <a href=\"http:\/\/joyeriasuarez.com\/es\/orion\/pendientes-de-oro-rosa-con-diamantes-talla-brillante-acabado-con-la-tecnica-de-la-ruletilla-pieza-desmontable-con-dos-usos.html\" target=\"_blank\" rel=\"noopener\"><strong>pendientes<\/strong><\/a>, especialmente el segundo, que es desmontable pudiendo tener dos usos y mantiene un acabado con la <strong>t\u00e9cnica de la ruletilla<\/strong>. Otra reciente novedad desde hace algunas colecciones es que <strong>venden muchos pendientes de forma unitaria<\/strong>, por si quieres llevar s\u00f3lo uno o por si quieres combinarlos de formas distintas.<\/p>\n<p><img loading=\"lazy\" decoding=\"async\" class=\"aligncenter size-large wp-image-8700\" src=\"https:\/\/oui-oui.es\/blog\/wp-content\/uploads\/2017\/11\/COLECCION-ORION-SUAREZ-8-1024x683.jpg\" alt=\"\" width=\"1024\" height=\"683\" srcset=\"https:\/\/oui-oui.es\/blog\/wp-content\/uploads\/2017\/11\/COLECCION-ORION-SUAREZ-8-1024x683.jpg 1024w, https:\/\/oui-oui.es\/blog\/wp-content\/uploads\/2017\/11\/COLECCION-ORION-SUAREZ-8-300x200.jpg 300w, https:\/\/oui-oui.es\/blog\/wp-content\/uploads\/2017\/11\/COLECCION-ORION-SUAREZ-8-768x512.jpg 768w, https:\/\/oui-oui.es\/blog\/wp-content\/uploads\/2017\/11\/COLECCION-ORION-SUAREZ-8-600x400.jpg 600w\" sizes=\"auto, (max-width: 1024px) 100vw, 1024px\" \/><\/p>\n<p>&nbsp;<\/p>\n<p>Terminaba la semana acudiendo a conocer <strong>The Wedding Experience<\/strong>, de la mano de Saray, que siempre <strong>crea unos ambientes incre\u00edbles<\/strong>, esta edici\u00f3n,<strong> inspirada en Venecia<\/strong>, creaba un clima \u00fanico en un espacio separado de la feria 1001 bodas.The Wedding Experience es el nombre del <strong>SHOWROOM DE BODAS<\/strong> que la revista <a href=\"http:\/\/www.weddingstyle.es\/\" target=\"_blank\" rel=\"noopener\">WEDDING STYLE MAGAZINE<\/a> organiza con el fin de que sus lectoras puedan planificar su boda a trav\u00e9s de una exclusiva selecci\u00f3n de proveedores mientras viven experiencias irrepetibles en enclaves \u00fanicos. Un evento creativo, divertido y alejado de las ferias convencionales que se supera en cada edici\u00f3n llegando a m\u00e1s y m\u00e1s novios de toda Espa\u00f1a. \u00a1Felicidades Saray!<\/p>\n<p><img loading=\"lazy\" decoding=\"async\" class=\"aligncenter size-large wp-image-8707\" src=\"https:\/\/oui-oui.es\/blog\/wp-content\/uploads\/2017\/11\/WeddingExperienceByWeddingStyleMagazine_AliciaNacentaPhoto_287-1024x683.jpg\" alt=\"\" width=\"1024\" height=\"683\" srcset=\"https:\/\/oui-oui.es\/blog\/wp-content\/uploads\/2017\/11\/WeddingExperienceByWeddingStyleMagazine_AliciaNacentaPhoto_287.jpg 1024w, https:\/\/oui-oui.es\/blog\/wp-content\/uploads\/2017\/11\/WeddingExperienceByWeddingStyleMagazine_AliciaNacentaPhoto_287-300x200.jpg 300w, https:\/\/oui-oui.es\/blog\/wp-content\/uploads\/2017\/11\/WeddingExperienceByWeddingStyleMagazine_AliciaNacentaPhoto_287-768x512.jpg 768w, https:\/\/oui-oui.es\/blog\/wp-content\/uploads\/2017\/11\/WeddingExperienceByWeddingStyleMagazine_AliciaNacentaPhoto_287-600x400.jpg 600w\" sizes=\"auto, (max-width: 1024px) 100vw, 1024px\" \/><\/p>\n<p>Os ir\u00e9 contando con peque\u00f1os res\u00famenes m\u00e1s cositas&#8230;<\/p>\n<p>&nbsp;<\/p>\n<p>Por cierto, que, en este cambio vital&#8230;Estamos <strong>liquidando<\/strong> casi toda la <a href=\"https:\/\/www.oui-oui.es\/3-ddetalles-decoracion-boda-con-estilo\" target=\"_blank\" rel=\"noopener\"><strong>secci\u00f3n BODAS<\/strong><\/a>, si te casas, organizas o decoras bodas, no te lo pierdas, puedes ver todo <a href=\"https:\/\/www.oui-oui.es\/3-ddetalles-decoracion-boda-con-estilo\" target=\"_blank\" rel=\"noopener\"><strong>AQU\u00cd<\/strong><\/a><\/p>\n<p>&nbsp;<\/p>\n<p>\u00a1Hasta el lunes!<\/p>\n","protected":false},"excerpt":{"rendered":"<p>El mes de octubre me pas\u00f3 volando (tan volando que estamos a 10 de noviembre&#8230;jajaja), acud\u00ed a varias presentaciones y eventos del \u00abSector bodas\u00bb que me apetec\u00eda compartir porque descubr\u00ed cosas muy chulas&#8230;La verdad es que ahora mismo estoy un poco m\u00e1s alejada de este sector b\u00e1sicamente porque mi momento vital es otro y porque [&hellip;]<\/p>\n","protected":false},"author":1,"featured_media":8703,"comment_status":"open","ping_status":"open","sticky":false,"template":"","format":"standard","meta":{"jetpack_post_was_ever_published":false,"_jetpack_newsletter_access":"","_jetpack_dont_email_post_to_subs":false,"_jetpack_newsletter_tier_id":0,"_jetpack_memberships_contains_paywalled_content":false,"_jetpack_memberships_contains_paid_content":false,"footnotes":"","jetpack_publicize_message":"","jetpack_publicize_feature_enabled":true,"jetpack_social_post_already_shared":true,"jetpack_social_options":{"image_generator_settings":{"template":"highway","default_image_id":0,"font":"","enabled":false},"version":2}},"categories":[704],"tags":[44,732,101,768],"class_list":["post-8696","post","type-post","status-publish","format-standard","has-post-thumbnail","hentry","category-boda","tag-boda-campestre","tag-deco-boda","tag-joyas","tag-vestidos-de-novia"],"aioseo_notices":[],"jetpack_publicize_connections":[],"jetpack_featured_media_url":"https:\/\/oui-oui.es\/blog\/wp-content\/uploads\/2017\/11\/001-bebas-closet-bea-17.jpg","jetpack_sharing_enabled":true,"jetpack-related-posts":[{"id":257,"url":"https:\/\/oui-oui.es\/blog\/un-sitting-campestre-con-tarros-de-cristal\/","url_meta":{"origin":8696,"position":0},"title":"Un sitting campestre con tarros de cristal","author":"Mar\u00eda \u2665Oui Oui\u2665","date":"5 diciembre, 2012","format":false,"excerpt":"Un aspecto de las bodas con el que me parece muy divertido jugar y convertirlo en detalle es el sitting (donde indicamos a los invitados d\u00f3nde deben sentarse). Y la idea de ponerle el nombre y el n\u00famero de mesa a cada uno en su vaso-tarro de cristal (Qu\u00e9 me\u2026","rel":"","context":"En \u00abBoda\u00bb","block_context":{"text":"Boda","link":"https:\/\/oui-oui.es\/blog\/category\/fiestas-celebraciones\/boda\/"},"img":{"alt_text":"","src":"https:\/\/i0.wp.com\/oui-oui.es\/blog\/wp-content\/uploads\/oui-oui-botes-cristal-como-vasos-boda-rustica-campestre.jpg?resize=350%2C200&ssl=1","width":350,"height":200,"srcset":"https:\/\/i0.wp.com\/oui-oui.es\/blog\/wp-content\/uploads\/oui-oui-botes-cristal-como-vasos-boda-rustica-campestre.jpg?resize=350%2C200&ssl=1 1x, https:\/\/i0.wp.com\/oui-oui.es\/blog\/wp-content\/uploads\/oui-oui-botes-cristal-como-vasos-boda-rustica-campestre.jpg?resize=525%2C300&ssl=1 1.5x"},"classes":[]},{"id":2661,"url":"https:\/\/oui-oui.es\/blog\/memorias-del-ayer-los-muebles-mas-bonitos-para-tu-boda\/","url_meta":{"origin":8696,"position":1},"title":"Memorias del Ayer: los muebles m\u00e1s bonitos para tu boda","author":"Mar\u00eda \u2665Oui Oui\u2665","date":"24 junio, 2015","format":false,"excerpt":"Descubr\u00ed a las chicas de Memorias del Ayer cuando buscando mesa para el evento de Telva, Eva nos las sugiri\u00f3 y ellas nos prestaron la mesa del candy bar encantadas. Desde entonces he podido conocer su trabajo un poquito m\u00e1s y quer\u00eda compartirlo porque quiz\u00e1s te sirva de ayuda si\u2026","rel":"","context":"En \u00abBoda\u00bb","block_context":{"text":"Boda","link":"https:\/\/oui-oui.es\/blog\/category\/fiestas-celebraciones\/boda\/"},"img":{"alt_text":"","src":"https:\/\/i0.wp.com\/oui-oui.es\/blog\/wp-content\/uploads\/Oui-Oui-alquiler-muebles-vintage-bodas-memorias-del-ayer-2.jpg?resize=350%2C200&ssl=1","width":350,"height":200,"srcset":"https:\/\/i0.wp.com\/oui-oui.es\/blog\/wp-content\/uploads\/Oui-Oui-alquiler-muebles-vintage-bodas-memorias-del-ayer-2.jpg?resize=350%2C200&ssl=1 1x, https:\/\/i0.wp.com\/oui-oui.es\/blog\/wp-content\/uploads\/Oui-Oui-alquiler-muebles-vintage-bodas-memorias-del-ayer-2.jpg?resize=525%2C300&ssl=1 1.5x, https:\/\/i0.wp.com\/oui-oui.es\/blog\/wp-content\/uploads\/Oui-Oui-alquiler-muebles-vintage-bodas-memorias-del-ayer-2.jpg?resize=700%2C400&ssl=1 2x, https:\/\/i0.wp.com\/oui-oui.es\/blog\/wp-content\/uploads\/Oui-Oui-alquiler-muebles-vintage-bodas-memorias-del-ayer-2.jpg?resize=1050%2C600&ssl=1 3x"},"classes":[]},{"id":2582,"url":"https:\/\/oui-oui.es\/blog\/nuestro-candybar-en-el-encuentro-de-telva-novias\/","url_meta":{"origin":8696,"position":2},"title":"Nuestro candybar en el encuentro de Telva Novias","author":"Mar\u00eda \u2665Oui Oui\u2665","date":"10 junio, 2015","format":false,"excerpt":"Como os cont\u00e9, este a\u00f1o Oui Oui volvi\u00f3 a participar en el evento que organiza Telva Novias para profesionales y novios interesados en el sector wedding, se trataba del II Encuentro Telva Novias, y en esta ocasi\u00f3n nos unimos Elena Bau, Bodas Color\u00edn Colorado y yo para crear algo juntas.\u2026","rel":"","context":"En \u00abBoda\u00bb","block_context":{"text":"Boda","link":"https:\/\/oui-oui.es\/blog\/category\/fiestas-celebraciones\/boda\/"},"img":{"alt_text":"","src":"https:\/\/i0.wp.com\/oui-oui.es\/blog\/wp-content\/uploads\/2015\/06\/oui-oui-ii-encuentro-telva-novias-evento-telva-novias-2015-elena-bau-15.jpg?resize=350%2C200&ssl=1","width":350,"height":200,"srcset":"https:\/\/i0.wp.com\/oui-oui.es\/blog\/wp-content\/uploads\/2015\/06\/oui-oui-ii-encuentro-telva-novias-evento-telva-novias-2015-elena-bau-15.jpg?resize=350%2C200&ssl=1 1x, https:\/\/i0.wp.com\/oui-oui.es\/blog\/wp-content\/uploads\/2015\/06\/oui-oui-ii-encuentro-telva-novias-evento-telva-novias-2015-elena-bau-15.jpg?resize=525%2C300&ssl=1 1.5x, https:\/\/i0.wp.com\/oui-oui.es\/blog\/wp-content\/uploads\/2015\/06\/oui-oui-ii-encuentro-telva-novias-evento-telva-novias-2015-elena-bau-15.jpg?resize=700%2C400&ssl=1 2x"},"classes":[]},{"id":1206,"url":"https:\/\/oui-oui.es\/blog\/its-gstaad-baby\/","url_meta":{"origin":8696,"position":3},"title":"It\u00b4s Gstaad Baby!","author":"Mar\u00eda \u2665Oui Oui\u2665","date":"3 febrero, 2014","format":false,"excerpt":"A la espera de ver \u00a1pronto, por favor! las fotos y reportaje oficial (si es que lo vemos, que espero que s\u00ed) del bod\u00f3n invernal de Tatiana Santodomingo y Andrea Casiraghi aqu\u00ed os dejo con lo que se ha filtrado hasta el momento (todas las fotos son tomadas de Instagram\u2026","rel":"","context":"En \u00abBoda\u00bb","block_context":{"text":"Boda","link":"https:\/\/oui-oui.es\/blog\/category\/fiestas-celebraciones\/boda\/"},"img":{"alt_text":"","src":"https:\/\/i0.wp.com\/oui-oui.es\/blog\/wp-content\/uploads\/2014\/02\/oui-oui-boda-tatiana-santodomingo-andrea-casiraghi-gstaad-boda-invernal-boda-invierno-9.jpg?resize=350%2C200&ssl=1","width":350,"height":200,"srcset":"https:\/\/i0.wp.com\/oui-oui.es\/blog\/wp-content\/uploads\/2014\/02\/oui-oui-boda-tatiana-santodomingo-andrea-casiraghi-gstaad-boda-invernal-boda-invierno-9.jpg?resize=350%2C200&ssl=1 1x, https:\/\/i0.wp.com\/oui-oui.es\/blog\/wp-content\/uploads\/2014\/02\/oui-oui-boda-tatiana-santodomingo-andrea-casiraghi-gstaad-boda-invernal-boda-invierno-9.jpg?resize=525%2C300&ssl=1 1.5x"},"classes":[]},{"id":434,"url":"https:\/\/oui-oui.es\/blog\/una-invitacion-de-boda-diferente-arroz-nupcial\/","url_meta":{"origin":8696,"position":4},"title":"Una invitaci\u00f3n de boda diferente, arroz nupcial","author":"Mar\u00eda \u2665Oui Oui\u2665","date":"14 enero, 2013","format":false,"excerpt":"Hoy os traigo una invitaci\u00f3n de boda diferente, me ha gustado porque juega con un elemento cl\u00e1sico en las bodas como es el arroz pero lo descontexualiza, una invitaci\u00f3n de boda que en realidad es un saquito de arroz. Personalmente no soy de tirar arroz en las bodas ni lo\u2026","rel":"","context":"En \u00abBoda\u00bb","block_context":{"text":"Boda","link":"https:\/\/oui-oui.es\/blog\/category\/fiestas-celebraciones\/boda\/"},"img":{"alt_text":"","src":"https:\/\/i0.wp.com\/oui-oui.es\/blog\/wp-content\/uploads\/2013\/01\/oui-oui-blog-invitaciones-boda-originales-arroz-nupcial-menudostudio-1.jpg?resize=350%2C200&ssl=1","width":350,"height":200,"srcset":"https:\/\/i0.wp.com\/oui-oui.es\/blog\/wp-content\/uploads\/2013\/01\/oui-oui-blog-invitaciones-boda-originales-arroz-nupcial-menudostudio-1.jpg?resize=350%2C200&ssl=1 1x, https:\/\/i0.wp.com\/oui-oui.es\/blog\/wp-content\/uploads\/2013\/01\/oui-oui-blog-invitaciones-boda-originales-arroz-nupcial-menudostudio-1.jpg?resize=525%2C300&ssl=1 1.5x"},"classes":[]},{"id":1037,"url":"https:\/\/oui-oui.es\/blog\/vestidos-de-invierno\/","url_meta":{"origin":8696,"position":5},"title":"Vestidos de Invierno","author":"Mar\u00eda \u2665Oui Oui\u2665","date":"22 noviembre, 2013","format":false,"excerpt":"Cada vez me gustan m\u00e1s las bodas de oto\u00f1o e invierno, tanto como invitada como de novia (si me volviera a casar varias veces, que para la primera reboda ya tenemos el sitio y es mejor en verano ;) ). Este a\u00f1o, cuando parec\u00eda que ya no habr\u00eda casi bodas\u2026","rel":"","context":"En \u00abBoda\u00bb","block_context":{"text":"Boda","link":"https:\/\/oui-oui.es\/blog\/category\/fiestas-celebraciones\/boda\/"},"img":{"alt_text":"","src":"https:\/\/i0.wp.com\/oui-oui.es\/blog\/wp-content\/uploads\/oui-oui-invitadas-de-invierno-vestidos-boda-invierno-kolonaki-vestido-largo-rosa.jpg?resize=350%2C200&ssl=1","width":350,"height":200,"srcset":"https:\/\/i0.wp.com\/oui-oui.es\/blog\/wp-content\/uploads\/oui-oui-invitadas-de-invierno-vestidos-boda-invierno-kolonaki-vestido-largo-rosa.jpg?resize=350%2C200&ssl=1 1x, https:\/\/i0.wp.com\/oui-oui.es\/blog\/wp-content\/uploads\/oui-oui-invitadas-de-invierno-vestidos-boda-invierno-kolonaki-vestido-largo-rosa.jpg?resize=525%2C300&ssl=1 1.5x, https:\/\/i0.wp.com\/oui-oui.es\/blog\/wp-content\/uploads\/oui-oui-invitadas-de-invierno-vestidos-boda-invierno-kolonaki-vestido-largo-rosa.jpg?resize=700%2C400&ssl=1 2x"},"classes":[]}],"_links":{"self":[{"href":"https:\/\/oui-oui.es\/blog\/wp-json\/wp\/v2\/posts\/8696","targetHints":{"allow":["GET"]}}],"collection":[{"href":"https:\/\/oui-oui.es\/blog\/wp-json\/wp\/v2\/posts"}],"about":[{"href":"https:\/\/oui-oui.es\/blog\/wp-json\/wp\/v2\/types\/post"}],"author":[{"embeddable":true,"href":"https:\/\/oui-oui.es\/blog\/wp-json\/wp\/v2\/users\/1"}],"replies":[{"embeddable":true,"href":"https:\/\/oui-oui.es\/blog\/wp-json\/wp\/v2\/comments?post=8696"}],"version-history":[{"count":1,"href":"https:\/\/oui-oui.es\/blog\/wp-json\/wp\/v2\/posts\/8696\/revisions"}],"predecessor-version":[{"id":8708,"href":"https:\/\/oui-oui.es\/blog\/wp-json\/wp\/v2\/posts\/8696\/revisions\/8708"}],"wp:featuredmedia":[{"embeddable":true,"href":"https:\/\/oui-oui.es\/blog\/wp-json\/wp\/v2\/media\/8703"}],"wp:attachment":[{"href":"https:\/\/oui-oui.es\/blog\/wp-json\/wp\/v2\/media?parent=8696"}],"wp:term":[{"taxonomy":"category","embeddable":true,"href":"https:\/\/oui-oui.es\/blog\/wp-json\/wp\/v2\/categories?post=8696"},{"taxonomy":"post_tag","embeddable":true,"href":"https:\/\/oui-oui.es\/blog\/wp-json\/wp\/v2\/tags?post=8696"}],"curies":[{"name":"wp","href":"https:\/\/api.w.org\/{rel}","templated":true}]}}