{"id":871,"date":"2013-06-26T12:13:20","date_gmt":"2013-06-26T10:13:20","guid":{"rendered":"http:\/\/ouiouiblog.wordpress.com\/?p=871"},"modified":"2013-06-26T12:13:20","modified_gmt":"2013-06-26T10:13:20","slug":"con-ganas-de-una-fiesta-en-el-jardin","status":"publish","type":"post","link":"https:\/\/oui-oui.es\/blog\/con-ganas-de-una-fiesta-en-el-jardin\/","title":{"rendered":"Con ganas de una fiesta en el jard\u00edn"},"content":{"rendered":"<div id=\"attachment_879\" style=\"width: 525px\" class=\"wp-caption aligncenter\"><a href=\"http:\/\/ouiouiblog.files.wordpress.com\/2013\/06\/oui-oui-decoracion-cena-al-aire-libre.jpg\"><img loading=\"lazy\" decoding=\"async\" aria-describedby=\"caption-attachment-879\" class=\"size-full wp-image-879\" alt=\"Kinfolk\" src=\"http:\/\/ouiouiblog.files.wordpress.com\/2013\/06\/oui-oui-decoracion-cena-al-aire-libre.jpg\" width=\"515\" height=\"700\" srcset=\"https:\/\/oui-oui.es\/blog\/wp-content\/uploads\/oui-oui-decoracion-cena-al-aire-libre.jpg 515w, https:\/\/oui-oui.es\/blog\/wp-content\/uploads\/oui-oui-decoracion-cena-al-aire-libre-221x300.jpg 221w\" sizes=\"auto, (max-width: 515px) 100vw, 515px\" \/><\/a><p id=\"caption-attachment-879\" class=\"wp-caption-text\">Kinfolk<\/p><\/div>\n<p style=\"text-align:center;\">Parece que me paso el d\u00eda postponiendo cosas; la semana que viene que estar\u00e9 m\u00e1s libre, despu\u00e9s de mediados de Junio que ya no hay tanto l\u00edo, en Julio que estar\u00e9 en la Sierra&#8230;Y ahora resulta que ya digo; <strong>a ver si estoy tranquila unos d\u00edas en agosto y organizo algo!.<\/strong><\/p>\n<p style=\"text-align:center;\">Pero tengo ganas, de una <strong>comida, o merienda o cena<\/strong>, de un <strong>plan en el jard\u00edn<\/strong>, o mejor dos, uno en familia y otro con amigos, no muy a lo grande para que no sea un foll\u00f3n organizarlo, <strong>algo tranquilo pero bonito<\/strong>, me apetece organizar <strong>algo bonito bajo la sombra de los \u00e1rboles.<\/strong><\/p>\n<div id=\"attachment_874\" style=\"width: 510px\" class=\"wp-caption aligncenter\"><a href=\"http:\/\/ouiouiblog.files.wordpress.com\/2013\/06\/oui-oui-banco-madera-picnic.jpg\"><img loading=\"lazy\" decoding=\"async\" aria-describedby=\"caption-attachment-874\" class=\"size-full wp-image-874\" alt=\"Pinterest\" src=\"http:\/\/ouiouiblog.files.wordpress.com\/2013\/06\/oui-oui-banco-madera-picnic.jpg\" width=\"500\" height=\"679\" srcset=\"https:\/\/oui-oui.es\/blog\/wp-content\/uploads\/oui-oui-banco-madera-picnic.jpg 500w, https:\/\/oui-oui.es\/blog\/wp-content\/uploads\/oui-oui-banco-madera-picnic-221x300.jpg 221w\" sizes=\"auto, (max-width: 500px) 100vw, 500px\" \/><\/a><p id=\"caption-attachment-874\" class=\"wp-caption-text\">Pinterest<\/p><\/div>\n<p style=\"text-align:center;\">De hecho me plantee organizar mi propia <a href=\"http:\/\/www.oui-oui.es\/30-baby-shower\" target=\"_blank\"><strong>babyshower<\/strong><\/a>, pero las fechas se complicaban tanto hasta agosto que se me fu\u00e9 pasando&#8230;Y resulta que <strong>me ten\u00edan organizada una sorpresa el finde pasado!!<\/strong>&#8230;<strong>Mil gracias a todas<\/strong>, porque se especialmente lo desbordada que est\u00e1 la amiga que lo coordin\u00f3 y as\u00ed vale el doble \ud83d\ude09 , pero me qued\u00e9 tan <strong>flasheada<\/strong> que no fu\u00ed muy consciente hasta que llegu\u00e9 a casa!<\/p>\n<div id=\"attachment_875\" style=\"width: 539px\" class=\"wp-caption aligncenter\"><a href=\"http:\/\/www.oui-oui.es\/detalles-ninos\/237-lampara-conejito.html\"><img loading=\"lazy\" decoding=\"async\" aria-describedby=\"caption-attachment-875\" class=\"size-full wp-image-875 \" alt=\"www.oui-oui.es\" src=\"http:\/\/ouiouiblog.files.wordpress.com\/2013\/06\/oui-oui-cestas-diferentes-originales-para-bebes-tarta-pac3b1ales-lampara-conejito.jpg\" width=\"529\" height=\"529\" srcset=\"https:\/\/oui-oui.es\/blog\/wp-content\/uploads\/oui-oui-cestas-diferentes-originales-para-bebes-tarta-pac3b1ales-lampara-conejito.jpg 612w, https:\/\/oui-oui.es\/blog\/wp-content\/uploads\/oui-oui-cestas-diferentes-originales-para-bebes-tarta-pac3b1ales-lampara-conejito-150x150.jpg 150w, https:\/\/oui-oui.es\/blog\/wp-content\/uploads\/oui-oui-cestas-diferentes-originales-para-bebes-tarta-pac3b1ales-lampara-conejito-300x300.jpg 300w\" sizes=\"auto, (max-width: 529px) 100vw, 529px\" \/><\/a><p id=\"caption-attachment-875\" class=\"wp-caption-text\">www.oui-oui.es<\/p><\/div>\n<p style=\"text-align:center;\">Pero a lo que iba&#8230;Una <strong>fiesta en el jard\u00edn<\/strong>, con <strong><a href=\"http:\/\/www.oui-oui.es\/buscar?orderby=position&amp;orderway=desc&amp;search_query=cajas+madera&amp;submit_search.x=0&amp;submit_search.y=0\" target=\"_blank\">cajas de madera<\/a><\/strong>, <strong>botes de cristal<\/strong>, <strong>limonada<\/strong>, <a href=\"http:\/\/www.oui-oui.es\/buscar?orderby=position&amp;orderway=desc&amp;search_query=guirnalda+luces&amp;submit_search.x=0&amp;submit_search.y=0\" target=\"_blank\"><strong>luces<\/strong><\/a>, los pies en la piscina&#8230;<\/p>\n<p style=\"text-align:center;\"><a href=\"http:\/\/ouiouiblog.files.wordpress.com\/2013\/06\/oui-oui-cena-al-fresco-en-el-jardin-troncos-mantas-luces-arbol.jpg\"><img loading=\"lazy\" decoding=\"async\" class=\"aligncenter size-full wp-image-877\" alt=\"Oui Oui-cena al fresco en el jardin-troncos-mantas-luces arbol\" src=\"http:\/\/ouiouiblog.files.wordpress.com\/2013\/06\/oui-oui-cena-al-fresco-en-el-jardin-troncos-mantas-luces-arbol.jpg\" width=\"500\" height=\"666\" srcset=\"https:\/\/oui-oui.es\/blog\/wp-content\/uploads\/oui-oui-cena-al-fresco-en-el-jardin-troncos-mantas-luces-arbol.jpg 500w, https:\/\/oui-oui.es\/blog\/wp-content\/uploads\/oui-oui-cena-al-fresco-en-el-jardin-troncos-mantas-luces-arbol-225x300.jpg 225w\" sizes=\"auto, (max-width: 500px) 100vw, 500px\" \/><\/a><\/p>\n<div id=\"attachment_872\" style=\"width: 539px\" class=\"wp-caption aligncenter\"><a href=\"http:\/\/www.oui-oui.es\/buscar?orderby=position&amp;orderway=desc&amp;search_query=cajas+madera&amp;submit_search.x=0&amp;submit_search.y=0\"><img loading=\"lazy\" decoding=\"async\" aria-describedby=\"caption-attachment-872\" class=\"size-full wp-image-872 \" alt=\"www.oui-oui.es\" src=\"http:\/\/ouiouiblog.files.wordpress.com\/2013\/06\/oui-oui-cajas-madera-fruta-retro-vintage.jpg\" width=\"529\" height=\"529\" srcset=\"https:\/\/oui-oui.es\/blog\/wp-content\/uploads\/oui-oui-cajas-madera-fruta-retro-vintage.jpg 1536w, https:\/\/oui-oui.es\/blog\/wp-content\/uploads\/oui-oui-cajas-madera-fruta-retro-vintage-150x150.jpg 150w, https:\/\/oui-oui.es\/blog\/wp-content\/uploads\/oui-oui-cajas-madera-fruta-retro-vintage-300x300.jpg 300w, https:\/\/oui-oui.es\/blog\/wp-content\/uploads\/oui-oui-cajas-madera-fruta-retro-vintage-1024x1024.jpg 1024w\" sizes=\"auto, (max-width: 529px) 100vw, 529px\" \/><\/a><p id=\"caption-attachment-872\" class=\"wp-caption-text\">www.oui-oui.es<\/p><\/div>\n<div id=\"attachment_873\" style=\"width: 539px\" class=\"wp-caption aligncenter\"><a href=\"http:\/\/ouiouiblog.files.wordpress.com\/2013\/06\/carriepatterson-snippetandink-cecilynick-6.jpg\"><img loading=\"lazy\" decoding=\"async\" aria-describedby=\"caption-attachment-873\" class=\"size-full wp-image-873\" alt=\"Snnipet &amp; Ink\" src=\"http:\/\/ouiouiblog.files.wordpress.com\/2013\/06\/carriepatterson-snippetandink-cecilynick-6.jpg\" width=\"529\" height=\"529\" srcset=\"https:\/\/oui-oui.es\/blog\/wp-content\/uploads\/carriepatterson-snippetandink-cecilynick-6.jpg 600w, https:\/\/oui-oui.es\/blog\/wp-content\/uploads\/carriepatterson-snippetandink-cecilynick-6-150x150.jpg 150w, https:\/\/oui-oui.es\/blog\/wp-content\/uploads\/carriepatterson-snippetandink-cecilynick-6-300x300.jpg 300w\" sizes=\"auto, (max-width: 529px) 100vw, 529px\" \/><\/a><p id=\"caption-attachment-873\" class=\"wp-caption-text\">Snnipet &amp; Ink<\/p><\/div>\n<div id=\"attachment_878\" style=\"width: 539px\" class=\"wp-caption aligncenter\"><a href=\"http:\/\/ouiouiblog.files.wordpress.com\/2013\/06\/oui-oui-piscina-en-el-campo-hamacas-tienda-de-campac3b1a.jpg\"><img loading=\"lazy\" decoding=\"async\" aria-describedby=\"caption-attachment-878\" class=\" wp-image-878\" alt=\"Oui Oui-piscina en el campo-hamacas tienda de campa\u00f1a\" src=\"http:\/\/ouiouiblog.files.wordpress.com\/2013\/06\/oui-oui-piscina-en-el-campo-hamacas-tienda-de-campac3b1a.jpg\" width=\"529\" height=\"738\" srcset=\"https:\/\/oui-oui.es\/blog\/wp-content\/uploads\/oui-oui-piscina-en-el-campo-hamacas-tienda-de-campac3b1a.jpg 550w, https:\/\/oui-oui.es\/blog\/wp-content\/uploads\/oui-oui-piscina-en-el-campo-hamacas-tienda-de-campac3b1a-215x300.jpg 215w\" sizes=\"auto, (max-width: 529px) 100vw, 529px\" \/><\/a><p id=\"caption-attachment-878\" class=\"wp-caption-text\">Pinterest<\/p><\/div>\n<p style=\"text-align:center;\">Seguramente pasen varios meses hasta que pueda\/tenga ganas de organizar otra cosa, as\u00ed que quiero hacer algo antes.<\/p>\n<p style=\"text-align:center;\">\u00bfTen\u00e9is planeada alguna fiestecilla de este estilo?<\/p>\n<p style=\"text-align:center;\">\n<p style=\"text-align:center;\">\n","protected":false},"excerpt":{"rendered":"<p>Parece que me paso el d\u00eda postponiendo cosas; la semana que viene que estar\u00e9 m\u00e1s libre, despu\u00e9s de mediados de Junio que ya no hay tanto l\u00edo, en Julio que estar\u00e9 en la Sierra&#8230;Y ahora resulta que ya digo; a ver si estoy tranquila unos d\u00edas en agosto y organizo algo!. Pero tengo ganas, de [&hellip;]<\/p>\n","protected":false},"author":1,"featured_media":879,"comment_status":"open","ping_status":"open","sticky":false,"template":"","format":"standard","meta":{"jetpack_post_was_ever_published":false,"_jetpack_newsletter_access":"","_jetpack_dont_email_post_to_subs":false,"_jetpack_newsletter_tier_id":0,"_jetpack_memberships_contains_paywalled_content":false,"_jetpack_memberships_contains_paid_content":false,"footnotes":"","jetpack_publicize_message":"","jetpack_publicize_feature_enabled":true,"jetpack_social_post_already_shared":false,"jetpack_social_options":{"image_generator_settings":{"template":"highway","default_image_id":0,"font":"","enabled":false},"version":2}},"categories":[7],"tags":[],"class_list":["post-871","post","type-post","status-publish","format-standard","has-post-thumbnail","hentry","category-fiestas-celebraciones"],"aioseo_notices":[],"jetpack_publicize_connections":[],"jetpack_featured_media_url":"https:\/\/oui-oui.es\/blog\/wp-content\/uploads\/oui-oui-decoracion-cena-al-aire-libre.jpg","jetpack_sharing_enabled":true,"jetpack-related-posts":[{"id":540,"url":"https:\/\/oui-oui.es\/blog\/hola-hola\/","url_meta":{"origin":871,"position":0},"title":"Hola Hola!!","author":"Mar\u00eda \u2665Oui Oui\u2665","date":"28 febrero, 2013","format":false,"excerpt":"Aqu\u00ed estoy, aqu\u00ed estoy...Sigo viva!! Siento un mont\u00f3n no haber escrito estas \u00faltimas semanas, entre viajes para traer producto y el c\u00famulo de trabajo final para (intentar) LANZAR!! -por fin- la tienda online en marzo (espero que sea mediados) no he sido capaz de sacar un hueco, pero eso va\u2026","rel":"","context":"En \u00abOUI OUI\u00bb","block_context":{"text":"OUI OUI","link":"https:\/\/oui-oui.es\/blog\/category\/oui-oui\/"},"img":{"alt_text":"","src":"https:\/\/i0.wp.com\/oui-oui.es\/blog\/wp-content\/uploads\/oui-oui-guirnalda-tiras-papel-tassel-garland-decoracion-boda-original.jpg?resize=350%2C200&ssl=1","width":350,"height":200,"srcset":"https:\/\/i0.wp.com\/oui-oui.es\/blog\/wp-content\/uploads\/oui-oui-guirnalda-tiras-papel-tassel-garland-decoracion-boda-original.jpg?resize=350%2C200&ssl=1 1x, https:\/\/i0.wp.com\/oui-oui.es\/blog\/wp-content\/uploads\/oui-oui-guirnalda-tiras-papel-tassel-garland-decoracion-boda-original.jpg?resize=525%2C300&ssl=1 1.5x, https:\/\/i0.wp.com\/oui-oui.es\/blog\/wp-content\/uploads\/oui-oui-guirnalda-tiras-papel-tassel-garland-decoracion-boda-original.jpg?resize=700%2C400&ssl=1 2x"},"classes":[]},{"id":1525,"url":"https:\/\/oui-oui.es\/blog\/ay-lo-que-me-apetecian-estos-saraos\/","url_meta":{"origin":871,"position":1},"title":"\u00a1Ay lo que me apetec\u00edan estos saraos!","author":"Mar\u00eda \u2665Oui Oui\u2665","date":"6 mayo, 2014","format":false,"excerpt":"Si, ya es mala suerte...Meses esperando a saber cu\u00e1ndo era la fiesta de las Malasmadres y, cuando por fin se publica, me pilla fuera de Espa\u00f1a, pero si estuviera en Madrid no me la perder\u00eda!. \u00bfA\u00fan no sabes qu\u00e9 es el Club de las Malasmadres?, pues si tienes hijos no\u2026","rel":"","context":"En \u00abNI\u00d1OS Y NI\u00d1AS\u00bb","block_context":{"text":"NI\u00d1OS Y NI\u00d1AS","link":"https:\/\/oui-oui.es\/blog\/category\/ninos\/"},"img":{"alt_text":"","src":"https:\/\/i0.wp.com\/oui-oui.es\/blog\/wp-content\/uploads\/2014\/05\/oui-oui-club-malasmadres-party.png?resize=350%2C200&ssl=1","width":350,"height":200,"srcset":"https:\/\/i0.wp.com\/oui-oui.es\/blog\/wp-content\/uploads\/2014\/05\/oui-oui-club-malasmadres-party.png?resize=350%2C200&ssl=1 1x, https:\/\/i0.wp.com\/oui-oui.es\/blog\/wp-content\/uploads\/2014\/05\/oui-oui-club-malasmadres-party.png?resize=525%2C300&ssl=1 1.5x, https:\/\/i0.wp.com\/oui-oui.es\/blog\/wp-content\/uploads\/2014\/05\/oui-oui-club-malasmadres-party.png?resize=700%2C400&ssl=1 2x"},"classes":[]},{"id":3472,"url":"https:\/\/oui-oui.es\/blog\/el-estilo-que-te-hace-feliz-andrea-amoretti\/","url_meta":{"origin":871,"position":2},"title":"El Estilo que te hace Feliz | Andrea Amoretti","author":"Mar\u00eda \u2665Oui Oui\u2665","date":"8 octubre, 2015","format":false,"excerpt":"Para escribir de estilo hay que tenerlo, no s\u00f3lo en la forma de vestir, sino en la mirada, en la actitud y en las palabras. Y Andrea lo tiene, tiene algo m\u00e1s que estilo, tiene magia en el brillo de sus ojos y una serenidad que se te cuela por\u2026","rel":"","context":"En \u00abD\u00eda de la Madre\u00bb","block_context":{"text":"D\u00eda de la Madre","link":"https:\/\/oui-oui.es\/blog\/category\/no-se-que-regalar\/dia-de-la-madre\/"},"img":{"alt_text":"","src":"https:\/\/i0.wp.com\/oui-oui.es\/blog\/wp-content\/uploads\/2015\/10\/Oui-Oui-andrea-amoretti-el-estilo-que-te-hace-feliz-tips-estilo-para-llevar-sombrero-demayor-hay-que-llevar-corona-de-pequen%CC%83a.png?resize=350%2C200&ssl=1","width":350,"height":200,"srcset":"https:\/\/i0.wp.com\/oui-oui.es\/blog\/wp-content\/uploads\/2015\/10\/Oui-Oui-andrea-amoretti-el-estilo-que-te-hace-feliz-tips-estilo-para-llevar-sombrero-demayor-hay-que-llevar-corona-de-pequen%CC%83a.png?resize=350%2C200&ssl=1 1x, https:\/\/i0.wp.com\/oui-oui.es\/blog\/wp-content\/uploads\/2015\/10\/Oui-Oui-andrea-amoretti-el-estilo-que-te-hace-feliz-tips-estilo-para-llevar-sombrero-demayor-hay-que-llevar-corona-de-pequen%CC%83a.png?resize=525%2C300&ssl=1 1.5x"},"classes":[]},{"id":4310,"url":"https:\/\/oui-oui.es\/blog\/mi-pequena-frida\/","url_meta":{"origin":871,"position":3},"title":"Mi peque\u00f1a Frida","author":"Mar\u00eda \u2665Oui Oui\u2665","date":"17 mayo, 2016","format":false,"excerpt":"Ten\u00eda muchas ganas de hacerle unas fotos de reci\u00e9n nacida a Frida, era algo que ten\u00eda en mente durante todo el embarazo, y mi amiga Elena Bau se las hizo la semana que cumpl\u00eda quince d\u00edas. Tenemos un mont\u00f3n de fotos preciosas, algunas con atrezzo parecido a las que le\u2026","rel":"","context":"En \u00abMATERNIDAD\u00bb","block_context":{"text":"MATERNIDAD","link":"https:\/\/oui-oui.es\/blog\/category\/maternidad\/"},"img":{"alt_text":"","src":"https:\/\/i0.wp.com\/oui-oui.es\/blog\/wp-content\/uploads\/2016\/05\/Oui-Oui-fotos-Frida-reci%C3%A9n-nacida-Elena-Bau-4.jpg?resize=350%2C200&ssl=1","width":350,"height":200,"srcset":"https:\/\/i0.wp.com\/oui-oui.es\/blog\/wp-content\/uploads\/2016\/05\/Oui-Oui-fotos-Frida-reci%C3%A9n-nacida-Elena-Bau-4.jpg?resize=350%2C200&ssl=1 1x, https:\/\/i0.wp.com\/oui-oui.es\/blog\/wp-content\/uploads\/2016\/05\/Oui-Oui-fotos-Frida-reci%C3%A9n-nacida-Elena-Bau-4.jpg?resize=525%2C300&ssl=1 1.5x, https:\/\/i0.wp.com\/oui-oui.es\/blog\/wp-content\/uploads\/2016\/05\/Oui-Oui-fotos-Frida-reci%C3%A9n-nacida-Elena-Bau-4.jpg?resize=700%2C400&ssl=1 2x, https:\/\/i0.wp.com\/oui-oui.es\/blog\/wp-content\/uploads\/2016\/05\/Oui-Oui-fotos-Frida-reci%C3%A9n-nacida-Elena-Bau-4.jpg?resize=1050%2C600&ssl=1 3x, https:\/\/i0.wp.com\/oui-oui.es\/blog\/wp-content\/uploads\/2016\/05\/Oui-Oui-fotos-Frida-reci%C3%A9n-nacida-Elena-Bau-4.jpg?resize=1400%2C800&ssl=1 4x"},"classes":[]},{"id":3663,"url":"https:\/\/oui-oui.es\/blog\/la-wishlist-para-frida\/","url_meta":{"origin":871,"position":4},"title":"La wishlist para Frida","author":"Mar\u00eda \u2665Oui Oui\u2665","date":"4 noviembre, 2015","format":false,"excerpt":"A\u00fan quedan un poco m\u00e1s de tres meses pero es ahora cuando empiezo a tener las ganas de ver y buscar cosas para Frida (as\u00ed se llamar\u00e1 la ni\u00f1a que esperamos para febrero!) as\u00ed que voy a ir recopil\u00e1ndolas en mis wishlist para que no se me olviden. Hay dos\u2026","rel":"","context":"En \u00abMATERNIDAD\u00bb","block_context":{"text":"MATERNIDAD","link":"https:\/\/oui-oui.es\/blog\/category\/maternidad\/"},"img":{"alt_text":"","src":"https:\/\/i0.wp.com\/oui-oui.es\/blog\/wp-content\/uploads\/2015\/11\/Oui-Oui-libro-frida-kahlo-ni%C3%B1os-coleccion-mujeres-cuentos-ni%C3%B1os-cuento-frida-ed-alba.jpg?resize=350%2C200&ssl=1","width":350,"height":200},"classes":[]},{"id":9415,"url":"https:\/\/oui-oui.es\/blog\/el-cumpleanos-espacial\/","url_meta":{"origin":871,"position":5},"title":"El cumplea\u00f1os espacial","author":"Mar\u00eda \u2665Oui Oui\u2665","date":"5 noviembre, 2018","format":false,"excerpt":"Como cada a\u00f1o, para el cumple de M. pensamos una tem\u00e1tica, cuando cumpli\u00f3 tres fue la m\u00fasica porque era lo que m\u00e1s le llamaba la atenci\u00f3n por entonces, por los cuatros a\u00f1os hicimos el cumplea\u00f1os de los deportes y este a\u00f1o que cumpli\u00f3 cinco quer\u00eda un cumplea\u00f1os espacial, lo vieron\u2026","rel":"","context":"En \u00abFIESTAS y CELEBRACIONES\u00bb","block_context":{"text":"FIESTAS y CELEBRACIONES","link":"https:\/\/oui-oui.es\/blog\/category\/fiestas-celebraciones\/"},"img":{"alt_text":"","src":"https:\/\/i0.wp.com\/oui-oui.es\/blog\/wp-content\/uploads\/2018\/11\/Oui-Oui-cumplea%C3%B1os-espacial-fiesta-cumplea%C3%B1os-astronautas-festa-ni%C3%B1os-espacio-galletas-espacio-disfraces-astronautas-rollo-colorear-espacio-11.jpg?resize=350%2C200&ssl=1","width":350,"height":200,"srcset":"https:\/\/i0.wp.com\/oui-oui.es\/blog\/wp-content\/uploads\/2018\/11\/Oui-Oui-cumplea%C3%B1os-espacial-fiesta-cumplea%C3%B1os-astronautas-festa-ni%C3%B1os-espacio-galletas-espacio-disfraces-astronautas-rollo-colorear-espacio-11.jpg?resize=350%2C200&ssl=1 1x, https:\/\/i0.wp.com\/oui-oui.es\/blog\/wp-content\/uploads\/2018\/11\/Oui-Oui-cumplea%C3%B1os-espacial-fiesta-cumplea%C3%B1os-astronautas-festa-ni%C3%B1os-espacio-galletas-espacio-disfraces-astronautas-rollo-colorear-espacio-11.jpg?resize=525%2C300&ssl=1 1.5x, https:\/\/i0.wp.com\/oui-oui.es\/blog\/wp-content\/uploads\/2018\/11\/Oui-Oui-cumplea%C3%B1os-espacial-fiesta-cumplea%C3%B1os-astronautas-festa-ni%C3%B1os-espacio-galletas-espacio-disfraces-astronautas-rollo-colorear-espacio-11.jpg?resize=700%2C400&ssl=1 2x, https:\/\/i0.wp.com\/oui-oui.es\/blog\/wp-content\/uploads\/2018\/11\/Oui-Oui-cumplea%C3%B1os-espacial-fiesta-cumplea%C3%B1os-astronautas-festa-ni%C3%B1os-espacio-galletas-espacio-disfraces-astronautas-rollo-colorear-espacio-11.jpg?resize=1050%2C600&ssl=1 3x, https:\/\/i0.wp.com\/oui-oui.es\/blog\/wp-content\/uploads\/2018\/11\/Oui-Oui-cumplea%C3%B1os-espacial-fiesta-cumplea%C3%B1os-astronautas-festa-ni%C3%B1os-espacio-galletas-espacio-disfraces-astronautas-rollo-colorear-espacio-11.jpg?resize=1400%2C800&ssl=1 4x"},"classes":[]}],"_links":{"self":[{"href":"https:\/\/oui-oui.es\/blog\/wp-json\/wp\/v2\/posts\/871","targetHints":{"allow":["GET"]}}],"collection":[{"href":"https:\/\/oui-oui.es\/blog\/wp-json\/wp\/v2\/posts"}],"about":[{"href":"https:\/\/oui-oui.es\/blog\/wp-json\/wp\/v2\/types\/post"}],"author":[{"embeddable":true,"href":"https:\/\/oui-oui.es\/blog\/wp-json\/wp\/v2\/users\/1"}],"replies":[{"embeddable":true,"href":"https:\/\/oui-oui.es\/blog\/wp-json\/wp\/v2\/comments?post=871"}],"version-history":[{"count":0,"href":"https:\/\/oui-oui.es\/blog\/wp-json\/wp\/v2\/posts\/871\/revisions"}],"wp:featuredmedia":[{"embeddable":true,"href":"https:\/\/oui-oui.es\/blog\/wp-json\/wp\/v2\/media\/879"}],"wp:attachment":[{"href":"https:\/\/oui-oui.es\/blog\/wp-json\/wp\/v2\/media?parent=871"}],"wp:term":[{"taxonomy":"category","embeddable":true,"href":"https:\/\/oui-oui.es\/blog\/wp-json\/wp\/v2\/categories?post=871"},{"taxonomy":"post_tag","embeddable":true,"href":"https:\/\/oui-oui.es\/blog\/wp-json\/wp\/v2\/tags?post=871"}],"curies":[{"name":"wp","href":"https:\/\/api.w.org\/{rel}","templated":true}]}}