{"id":8717,"date":"2017-11-15T13:57:02","date_gmt":"2017-11-15T11:57:02","guid":{"rendered":"https:\/\/oui-oui.es\/blog\/?p=8717"},"modified":"2017-11-20T19:02:27","modified_gmt":"2017-11-20T17:02:27","slug":"donde-comprar-manteles-antimanchas-de-hule-monos","status":"publish","type":"post","link":"https:\/\/oui-oui.es\/blog\/donde-comprar-manteles-antimanchas-de-hule-monos\/","title":{"rendered":"D\u00f3nde comprar manteles antimanchas monos"},"content":{"rendered":"<p>Hoy os cuento de nuevo otra de las <em>historias<\/em> que ocurren <a href=\"https:\/\/www.instagram.com\/ouiouiconceptstore\/\" target=\"_blank\" rel=\"noopener\">Stories<\/a> , se ha convertido en una <strong>forma s\u00faper r\u00e1pida de consultar cosas, r\u00e1pida y f\u00e1cil<\/strong>, y me ha sorprendido la <strong>cantidad de gente que <em>se molesta<\/em> en mandarte un link o escribirte con la informaci\u00f3n que tiene al respecto<\/strong>&#8230;En las fotos del perfil ya no funcionamos tanto as\u00ed, \u00bfpor qu\u00e9 ser\u00e1?, en parte <strong>culpa del algoritmo<\/strong> y en parte creo que es <strong><em>culpa<\/em> nuestra<\/strong>, por un lado la <strong>falta de tiempo<\/strong> y la cantidad de cuentas que seguimos hacen que demos <em>likes<\/em> casi de forma autom\u00e1tica, pero no nos paremos a comentar porque no tenemos tiempo (ese es mi caso casi siempre) y, por otro, creo que nos hemos vuelto <strong>m\u00e1s ego\u00edstas con los comentarios<\/strong> (tambi\u00e9n con los likes), me topo a menudo con mucha gente que me comenta cosas (de mi cuenta o de otras) , es decir, que est\u00e1 al d\u00eda, y, sin embargo, no da like a la foto en la que vi\u00f3 tal informaci\u00f3n&#8230;Es <strong>la pescadilla que se muerdela cola<\/strong>, menos likes, menos comentarios = peor \u00abranking\u00bb en el algoritmo, <strong>por tanto, si de verdad te gusta lo que transmite o informa una cuenta, dale like y sin puedes comentar, tambi\u00e9n, sino \u00bfpara qu\u00e9 la sigues?.<\/strong><\/p>\n<p>Pero bueno, que me desv\u00edo, lo que quer\u00eda decir es que por privado, como comentario a los <em>Stories<\/em> de <a href=\"https:\/\/www.instagram.com\/ouiouiconceptstore\/\" target=\"_blank\" rel=\"noopener\">Instagram<\/a>, la gente se vuelca, me pas\u00f3 <strong>cuando buscaba un puesto de mercado para Mart\u00edn<\/strong>, cuando <strong>el bolso de Zara<\/strong> y el otro d\u00eda, <strong>buscando manteles de hule monos<\/strong>.<\/p>\n<p>Estaba <strong>buscando un mantel de hule chulo para las cenas de los ni\u00f1os<\/strong>, llevaba ya tiempo con ello en la cabeza pero cada vez que ve\u00eda uno me parec\u00eda car\u00edsimo, no me convenc\u00eda el estampado, etc&#8230;Lo ni\u00f1os cenaban con mantel normal y encima un mantel individual de pl\u00e1stico para evitar las manchas m\u00e1s gordas, pero las manchas estaban empezando a aparecer en cualquier lugar y necesit\u00e1bamos un mantel en el que pudiera pasar la bayeta sin problema y cada X d\u00edas meter a la lavadora.<\/p>\n<p><a href=\"https:\/\/www.oui-oui.es\/detalles-decoracion-ninos-habitacion-pinterest\/1398-set-comida-ninos-de-bambu.html\"><img loading=\"lazy\" decoding=\"async\" class=\"aligncenter size-large wp-image-8690\" src=\"https:\/\/oui-oui.es\/blog\/wp-content\/uploads\/2017\/11\/Oui-Oui-vajilla-bambu-ni\u00f1os-dibujos-verduras-vajillas-para-comer-mas-verduras-5-1024x1024.jpg\" alt=\"\" width=\"1024\" height=\"1024\" srcset=\"https:\/\/oui-oui.es\/blog\/wp-content\/uploads\/2017\/11\/Oui-Oui-vajilla-bambu-ni\u00f1os-dibujos-verduras-vajillas-para-comer-mas-verduras-5-1024x1024.jpg 1024w, https:\/\/oui-oui.es\/blog\/wp-content\/uploads\/2017\/11\/Oui-Oui-vajilla-bambu-ni\u00f1os-dibujos-verduras-vajillas-para-comer-mas-verduras-5-150x150.jpg 150w, https:\/\/oui-oui.es\/blog\/wp-content\/uploads\/2017\/11\/Oui-Oui-vajilla-bambu-ni\u00f1os-dibujos-verduras-vajillas-para-comer-mas-verduras-5-300x300.jpg 300w, https:\/\/oui-oui.es\/blog\/wp-content\/uploads\/2017\/11\/Oui-Oui-vajilla-bambu-ni\u00f1os-dibujos-verduras-vajillas-para-comer-mas-verduras-5-768x768.jpg 768w, https:\/\/oui-oui.es\/blog\/wp-content\/uploads\/2017\/11\/Oui-Oui-vajilla-bambu-ni\u00f1os-dibujos-verduras-vajillas-para-comer-mas-verduras-5-600x600.jpg 600w\" sizes=\"auto, (max-width: 1024px) 100vw, 1024px\" \/><\/a><\/p>\n<p><strong>Fueron tantas las referencias que me disteis<\/strong> que, de repente, me abrum\u00e9 porque querr\u00eda comprobarlas todas, as\u00ed que me parec\u00eda justo recopilar mi resumen aqu\u00ed para que si alguien m\u00e1s <strong>busca manteles de hules bonitos y un poco diferentes \u00a1los encuentre!<\/strong><\/p>\n<p>La primera sorpresa fue la marca <a href=\"https:\/\/www.bechamelydormir.com\/\" target=\"_blank\" rel=\"noopener\"><strong>Bechamel y dormir<\/strong><\/a>, no la conoc\u00eda y tienen una gran cantidad de <strong>manteles antimanchas bonitos y diferentes <\/strong>(no son de hule, son de mayor calidad) , en varos tama\u00f1os, tambi\u00e9n individual. Van haciendo colecciones tem\u00e1ticas en torno a la comida; \u00abaperitivo\u00bb es mi favorita, y, dentro de ella, me encant\u00f3 el <strong>mantel de hule con estampado de aceitunas<\/strong>, aunque tambi\u00e9n me hicieron gracia <strong>el de<a href=\"https:\/\/www.bechamelydormir.com\/collections\/manteles\/products\/mantel-cuadrado-fuet\" target=\"_blank\" rel=\"noopener\"> fuet<\/a> y el de mejillones<\/strong>&#8230;La pena es que mi tama\u00f1o estaba agotado.<\/p>\n<p><img loading=\"lazy\" decoding=\"async\" class=\"aligncenter size-large wp-image-8723\" src=\"https:\/\/oui-oui.es\/blog\/wp-content\/uploads\/2017\/11\/Oui-Oui-mantel-antimanchas-manetl-hule-estampado-mono-manetles-hule-estilosos-manteles-hule-aceitunas-bechamenl-y-dormir-1024x401.jpg\" alt=\"\" width=\"1024\" height=\"401\" srcset=\"https:\/\/oui-oui.es\/blog\/wp-content\/uploads\/2017\/11\/Oui-Oui-mantel-antimanchas-manetl-hule-estampado-mono-manetles-hule-estilosos-manteles-hule-aceitunas-bechamenl-y-dormir.jpg 1024w, https:\/\/oui-oui.es\/blog\/wp-content\/uploads\/2017\/11\/Oui-Oui-mantel-antimanchas-manetl-hule-estampado-mono-manetles-hule-estilosos-manteles-hule-aceitunas-bechamenl-y-dormir-300x117.jpg 300w, https:\/\/oui-oui.es\/blog\/wp-content\/uploads\/2017\/11\/Oui-Oui-mantel-antimanchas-manetl-hule-estampado-mono-manetles-hule-estilosos-manteles-hule-aceitunas-bechamenl-y-dormir-768x301.jpg 768w, https:\/\/oui-oui.es\/blog\/wp-content\/uploads\/2017\/11\/Oui-Oui-mantel-antimanchas-manetl-hule-estampado-mono-manetles-hule-estilosos-manteles-hule-aceitunas-bechamenl-y-dormir-600x235.jpg 600w\" sizes=\"auto, (max-width: 1024px) 100vw, 1024px\" \/><\/p>\n<p>&nbsp;<\/p>\n<p>En <strong>Deco &amp; Living<\/strong> tambi\u00e9n tienen <strong>manteles de hule por metros<\/strong>, todos en <strong>tonos pastel\/topo\/gris<\/strong>, y me apetec\u00eda algo m\u00e1s subido, pero eran muy monos la verdad.<\/p>\n<p><img loading=\"lazy\" decoding=\"async\" class=\"aligncenter size-full wp-image-8724\" src=\"https:\/\/oui-oui.es\/blog\/wp-content\/uploads\/2017\/11\/Oui-Oui-manteles-antimanchas-manteles-hule-color-pastel-manteles-hule-monos-deco-and-living.jpg\" alt=\"\" width=\"600\" height=\"600\" srcset=\"https:\/\/oui-oui.es\/blog\/wp-content\/uploads\/2017\/11\/Oui-Oui-manteles-antimanchas-manteles-hule-color-pastel-manteles-hule-monos-deco-and-living.jpg 600w, https:\/\/oui-oui.es\/blog\/wp-content\/uploads\/2017\/11\/Oui-Oui-manteles-antimanchas-manteles-hule-color-pastel-manteles-hule-monos-deco-and-living-150x150.jpg 150w, https:\/\/oui-oui.es\/blog\/wp-content\/uploads\/2017\/11\/Oui-Oui-manteles-antimanchas-manteles-hule-color-pastel-manteles-hule-monos-deco-and-living-300x300.jpg 300w\" sizes=\"auto, (max-width: 600px) 100vw, 600px\" \/><\/p>\n<p>Una tienda que no me esperaba que tuviera era <strong>Pippa\u00b4s<\/strong>, con <strong>manteles antimanchas plastificados <\/strong>(tampoco son hule, es un encerado especial de mayor calidad)<strong> en tonos lisos<\/strong> y alguno <strong>estampado de estrellitas<\/strong>,me chivaron que <strong>van a tener uno en tonos mostaza<\/strong>, as\u00ed que igual me hago con \u00e9l como segunda opci\u00f3n (ya tengo un mantel chul\u00edsimo de hule, m\u00e1s abajo os lo cuento).<\/p>\n<p><a href=\"www.decoandliving.com\/\"><img loading=\"lazy\" decoding=\"async\" class=\"aligncenter size-full wp-image-8725\" src=\"https:\/\/oui-oui.es\/blog\/wp-content\/uploads\/2017\/11\/Oui-Oui-mantel-antimanchas-estrellas-mantel-plastificado-color-topo-manteles-hule-estrellas-topo.gif\" alt=\"\" width=\"650\" height=\"650\" \/><\/a><\/p>\n<p>Tampoco ca\u00ed en mirar manteles de hule en <strong>El Corte Ingl\u00e9s, Leroy Merlin y Carrefour<\/strong>, que me informaron de que tienen (este \u00faltimo muy baratos), aunque lo cierto es que ninguno tiene estampados especiales, pero para un b\u00e1sico puede valer.<\/p>\n<p>Al final, una amiga me record\u00f3 la existencia de la tienda <strong>Urban Home<\/strong>, en la plaza de Jacinto Benavente (centro de Madrid), que no es una tienda muy mona pero la verdad es que s\u00ed que tienen <strong>manteles de hule con estampados diferentes y estilosos.<\/strong><\/p>\n<p>Se lo encargu\u00e9 a mi madre que me hizo una preselecci\u00f3n (me mand\u00f3 un <strong>mantel de hule con estampado de flamencos muy mono<\/strong> pero en la web no est\u00e1 la foto).<\/p>\n<p>Catalogan todos los <strong>manteles de hule de antimanchas<\/strong>, los venden por metros y tienen s\u00faper buen precio, dependiendo del estampado entre 9.95\u20ac el metro y 19.95\u20ac. Los\u00a0 que m\u00e1s me gustaron fueron uno con <strong>estampado de verduras<\/strong> (que estaba agotado, no s\u00e9 si repondr\u00e1n), otro con <strong>estampado de cactus y flores en tonos burdeo<\/strong>s, otro <strong>mantel de hule estampado con muchos colores<\/strong> y el mantel que finalmente compr\u00e9&#8230;<\/p>\n<style>.eic-frame-8722 { width: 500px; height:500px; background-color: #444444; border: 1px solid #444444; }.eic-frame-8722 .eic-image { border: 1px solid #444444; }<\/style><div class=\"eic-container\"><div class=\"eic-frame eic-frame-8722 eic-frame-2-row-bottom-2-col\" data-layout-name=\"2-row-bottom-2-col\" data-orig-width=\"500\" data-orig-border=\"1\" data-ratio=\"1\"><div class=\"eic-rows\"><div class=\"eic-row eic-child-1\" style=\"top: 0; left: 0; right: 0; bottom: 50%; height: 50%;\"><div class=\"eic-image eic-image-0\" data-size-x=\"500\" data-size-y=\"349.8233215547703\" data-pos-x=\"0\" data-pos-y=\"-47.91166077738515\"><img decoding=\"async\" src=\"https:\/\/oui-oui.es\/blog\/wp-content\/uploads\/2017\/11\/Oui-Oui-manteles-hule-monos-manteles-hule-con-estilo-manteles-hule-estampados-mantel-hule-estampado-verduras.jpg\" style=\"width: 500px !important;height: 349px !important;max-width: none !important;max-height: none !important;position: absolute !important;left: 0px !important;top: -47.91166077738515px !important;padding: 0 !important;margin: 0 !important;border: none !important;\" title=\"Oui Oui-manteles hule monos-manteles hule con estilo-manteles hule estampados-mantel hule estampado verduras\" alt=\"Oui Oui-manteles hule monos-manteles hule con estilo-manteles hule estampados-mantel hule estampado verduras\" \/><\/div><\/div><div class=\"eic-row eic-child-2\" style=\"bottom: 0; left: 0; right: 0; top: 50%; height: 50%;\"><div class=\"eic-cols\"><div class=\"eic-col eic-child-1\" style=\"top: 0; bottom: 0; left: 0; right: 50%; width: 50%;\"><div class=\"eic-image eic-image-1\" data-size-x=\"363.04040404040404\" data-size-y=\"254\" data-pos-x=\"-54.52020202020202\" data-pos-y=\"0\"><img decoding=\"async\" src=\"https:\/\/oui-oui.es\/blog\/wp-content\/uploads\/2017\/11\/Oui-Oui-manteles-hule-monos-manteles-hule-con-estilo-manteles-hule-estampados-mantel-hule-manchas-colores.jpg\" style=\"width: 363px !important;height: 254px !important;max-width: none !important;max-height: none !important;position: absolute !important;left: -54.52020202020202px !important;top: 0px !important;padding: 0 !important;margin: 0 !important;border: none !important;\" title=\"Oui Oui-manteles hule monos-manteles hule con estilo-manteles hule estampados-mantel hule manchas colores\" alt=\"Oui Oui-manteles hule monos-manteles hule con estilo-manteles hule estampados-mantel hule manchas colores\" \/><\/div><\/div><div class=\"eic-col eic-child-2\" style=\"top: 0; bottom: 0; right: 0; left: 50%; width: 50%;\"><div class=\"eic-image eic-image-2\" data-size-x=\"363.04040404040404\" data-size-y=\"254\" data-pos-x=\"-54.52020202020202\" data-pos-y=\"0\"><img decoding=\"async\" src=\"https:\/\/oui-oui.es\/blog\/wp-content\/uploads\/2017\/11\/Oui-Oui-manteles-hule-monos-manteles-hule-con-estilo-manteles-hule-estampados-mantel-hule-cactus.jpg\" style=\"width: 363px !important;height: 254px !important;max-width: none !important;max-height: none !important;position: absolute !important;left: -54.52020202020202px !important;top: 0px !important;padding: 0 !important;margin: 0 !important;border: none !important;\" title=\"Oui Oui-manteles hule monos-manteles hule con estilo-manteles hule estampados-mantel hule cactus\" alt=\"Oui Oui-manteles hule monos-manteles hule con estilo-manteles hule estampados-mantel hule cactus\" \/><\/div><\/div><\/div><\/div><\/div><\/div><\/div>\n<p>&nbsp;<\/p>\n<p>Un <strong>mantel de hule estampado con hojas tropicales y animales<\/strong>, un poco como si estuvieran en la selva&#8230;Me pareci\u00f3 que le dar\u00eda un toque fresco a la mesa y a los ni\u00f1os les gustar\u00edan los animales \u00a1y as\u00ed fu\u00e9!<\/p>\n<p><a href=\"https:\/\/www.oui-oui.es\/detalles-decoracion-ninos-habitacion-pinterest\/1398-set-comida-ninos-de-bambu.htmlhttp:\/\/\"><img loading=\"lazy\" decoding=\"async\" class=\"aligncenter size-large wp-image-8718\" src=\"https:\/\/oui-oui.es\/blog\/wp-content\/uploads\/2017\/11\/Oui-Oui-manteles-de-hule-bonitos-manteles-de-hule-originales-vajilla-verdura-bamb\u00fa-vajilla-ni\u00f1os-bamb\u00fa-estampado-verduras-1024x768.jpg\" alt=\"\" width=\"1024\" height=\"768\" srcset=\"https:\/\/oui-oui.es\/blog\/wp-content\/uploads\/2017\/11\/Oui-Oui-manteles-de-hule-bonitos-manteles-de-hule-originales-vajilla-verdura-bamb\u00fa-vajilla-ni\u00f1os-bamb\u00fa-estampado-verduras-1024x768.jpg 1024w, https:\/\/oui-oui.es\/blog\/wp-content\/uploads\/2017\/11\/Oui-Oui-manteles-de-hule-bonitos-manteles-de-hule-originales-vajilla-verdura-bamb\u00fa-vajilla-ni\u00f1os-bamb\u00fa-estampado-verduras-300x225.jpg 300w, https:\/\/oui-oui.es\/blog\/wp-content\/uploads\/2017\/11\/Oui-Oui-manteles-de-hule-bonitos-manteles-de-hule-originales-vajilla-verdura-bamb\u00fa-vajilla-ni\u00f1os-bamb\u00fa-estampado-verduras-768x576.jpg 768w, https:\/\/oui-oui.es\/blog\/wp-content\/uploads\/2017\/11\/Oui-Oui-manteles-de-hule-bonitos-manteles-de-hule-originales-vajilla-verdura-bamb\u00fa-vajilla-ni\u00f1os-bamb\u00fa-estampado-verduras-600x450.jpg 600w, https:\/\/oui-oui.es\/blog\/wp-content\/uploads\/2017\/11\/Oui-Oui-manteles-de-hule-bonitos-manteles-de-hule-originales-vajilla-verdura-bamb\u00fa-vajilla-ni\u00f1os-bamb\u00fa-estampado-verduras.jpg 1632w\" sizes=\"auto, (max-width: 1024px) 100vw, 1024px\" \/><\/a><\/p>\n<p>Como necesitar\u00e9 otro para tener de recambio voy a ver si me decido, que tiendas ya no me faltan!<\/p>\n<p>Y t\u00fa, \u00bfconoces alguna tienda m\u00e1s con <strong>manteles de hule estilosos<\/strong>?<\/p>\n<p>&nbsp;<\/p>\n<p>&nbsp;<\/p>\n<p>&nbsp;<\/p>\n","protected":false},"excerpt":{"rendered":"<p>Hoy os cuento de nuevo otra de las historias que ocurren Stories , se ha convertido en una forma s\u00faper r\u00e1pida de consultar cosas, r\u00e1pida y f\u00e1cil, y me ha sorprendido la cantidad de gente que se molesta en mandarte un link o escribirte con la informaci\u00f3n que tiene al respecto&#8230;En las fotos del perfil [&hellip;]<\/p>\n","protected":false},"author":1,"featured_media":8718,"comment_status":"open","ping_status":"open","sticky":false,"template":"","format":"standard","meta":{"jetpack_post_was_ever_published":false,"_jetpack_newsletter_access":"","_jetpack_dont_email_post_to_subs":false,"_jetpack_newsletter_tier_id":0,"_jetpack_memberships_contains_paywalled_content":false,"_jetpack_memberships_contains_paid_content":false,"footnotes":"","jetpack_publicize_message":"","jetpack_publicize_feature_enabled":true,"jetpack_social_post_already_shared":true,"jetpack_social_options":{"image_generator_settings":{"template":"highway","default_image_id":0,"font":"","enabled":false},"version":2}},"categories":[173,174],"tags":[833,834],"class_list":["post-8717","post","type-post","status-publish","format-standard","has-post-thumbnail","hentry","category-decoracion-de-casa","category-ninos","tag-a-la-mesa","tag-manteles"],"aioseo_notices":[],"jetpack_publicize_connections":[],"jetpack_featured_media_url":"https:\/\/oui-oui.es\/blog\/wp-content\/uploads\/2017\/11\/Oui-Oui-manteles-de-hule-bonitos-manteles-de-hule-originales-vajilla-verdura-bamb\u00fa-vajilla-ni\u00f1os-bamb\u00fa-estampado-verduras.jpg","jetpack_sharing_enabled":true,"jetpack-related-posts":[{"id":4971,"url":"https:\/\/oui-oui.es\/blog\/5-tips-para-participar-en-una-pop-up\/","url_meta":{"origin":8717,"position":0},"title":"5 tips para participar en una pop up","author":"Mar\u00eda \u2665Oui Oui\u2665","date":"5 diciembre, 2016","format":false,"excerpt":"A ra\u00edz de las sesiones de mentoring y de hablar con muchas personas sobre ello, se me ha ocurrido compartir, tambi\u00e9n en el blog, consejos, reflexiones, trucos...Todo aquello que se me pasa por la cabeza relacionado con el emprendimiento y que crea que pueda resultar interesante, as\u00ed que hoy lo\u2026","rel":"","context":"En \u00abOUI OUI\u00bb","block_context":{"text":"OUI OUI","link":"https:\/\/oui-oui.es\/blog\/category\/oui-oui\/"},"img":{"alt_text":"","src":"https:\/\/i0.wp.com\/oui-oui.es\/blog\/wp-content\/uploads\/2016\/12\/Oui-Oui-pop-up-say-i-do-atmosphera-vinca-per-vinca.jpg?resize=350%2C200&ssl=1","width":350,"height":200,"srcset":"https:\/\/i0.wp.com\/oui-oui.es\/blog\/wp-content\/uploads\/2016\/12\/Oui-Oui-pop-up-say-i-do-atmosphera-vinca-per-vinca.jpg?resize=350%2C200&ssl=1 1x, https:\/\/i0.wp.com\/oui-oui.es\/blog\/wp-content\/uploads\/2016\/12\/Oui-Oui-pop-up-say-i-do-atmosphera-vinca-per-vinca.jpg?resize=525%2C300&ssl=1 1.5x, https:\/\/i0.wp.com\/oui-oui.es\/blog\/wp-content\/uploads\/2016\/12\/Oui-Oui-pop-up-say-i-do-atmosphera-vinca-per-vinca.jpg?resize=700%2C400&ssl=1 2x"},"classes":[]},{"id":2767,"url":"https:\/\/oui-oui.es\/blog\/bloggers-y-marcas-lo-que-no-me-dio-tiempo-a-decir-en-malasmadres\/","url_meta":{"origin":8717,"position":1},"title":"Bloggers y Marcas | Lo que no me di\u00f3 tiempo a decir en Malasmadres","author":"Mar\u00eda \u2665Oui Oui\u2665","date":"21 julio, 2015","format":false,"excerpt":"Cuando Kata me nomin\u00f3 para participar en la mesa redonda que Malasmadres organizaba, junto a Yo Dona en el III Encuentro de Madres Blogueras sobre marcas y bloggers no pod\u00eda imaginar que tendr\u00eda tanto apoyo de vosotras (casi todas mujeres) en Instagram, as\u00ed que cuando me llam\u00f3 Laura para decirme\u2026","rel":"","context":"En \u00abESTILO DE VIDA\u00bb","block_context":{"text":"ESTILO DE VIDA","link":"https:\/\/oui-oui.es\/blog\/category\/lifestyle-2\/"},"img":{"alt_text":"","src":"https:\/\/i0.wp.com\/oui-oui.es\/blog\/wp-content\/uploads\/Oui-Oui-III-encuentro-de-madres-blogueras-mesa-redonda-marcas-y-bloguers-yo-dona-malasmadres.jpg?resize=350%2C200&ssl=1","width":350,"height":200},"classes":[]},{"id":10418,"url":"https:\/\/oui-oui.es\/blog\/descubrimiento-deco-la-redoute\/","url_meta":{"origin":8717,"position":2},"title":"Descubrimiento deco: La Redoute","author":"Mar\u00eda \u2665Oui Oui\u2665","date":"3 marzo, 2020","format":false,"excerpt":"En mi mente, hace a\u00f1os, La Redoute era un cat\u00e1logo de venta por correo cuando era peque\u00f1a, principalmente de moda. Pero desde un tiempo a esta parte se reconvirti\u00f3 en tienda online, no s\u00f3lo de moda, sino tambi\u00e9n de hogar, complementos y decoraci\u00f3n. Y en lo que se refiere a\u2026","rel":"","context":"En \u00abDECORACI\u00d3N\u00bb","block_context":{"text":"DECORACI\u00d3N","link":"https:\/\/oui-oui.es\/blog\/category\/decoracion-de-casa\/"},"img":{"alt_text":"","src":"https:\/\/i0.wp.com\/oui-oui.es\/blog\/wp-content\/uploads\/2020\/03\/Oui-Oui-mantel-lino-mostaza-la-redoute-manteles-lino-baratos-manteles-lino-estilo.jpg?resize=350%2C200&ssl=1","width":350,"height":200,"srcset":"https:\/\/i0.wp.com\/oui-oui.es\/blog\/wp-content\/uploads\/2020\/03\/Oui-Oui-mantel-lino-mostaza-la-redoute-manteles-lino-baratos-manteles-lino-estilo.jpg?resize=350%2C200&ssl=1 1x, https:\/\/i0.wp.com\/oui-oui.es\/blog\/wp-content\/uploads\/2020\/03\/Oui-Oui-mantel-lino-mostaza-la-redoute-manteles-lino-baratos-manteles-lino-estilo.jpg?resize=525%2C300&ssl=1 1.5x"},"classes":[]},{"id":10347,"url":"https:\/\/oui-oui.es\/blog\/mi-balance-de-2019\/","url_meta":{"origin":8717,"position":3},"title":"Mi balance de 2019","author":"Mar\u00eda \u2665Oui Oui\u2665","date":"30 diciembre, 2019","format":false,"excerpt":"Escribo en el blog menos de lo que me gustar\u00eda, creo que lo pongo cada vez que me siento a escribir, y debe ser en parte porque en la cabeza tengo muchas cosas que me gustar\u00eda compartir pero luego el tiempo disponible me hace tener que relegarlo m\u00e1s de lo\u2026","rel":"","context":"En \u00abOPINI\u00d3N\u00bb","block_context":{"text":"OPINI\u00d3N","link":"https:\/\/oui-oui.es\/blog\/category\/opinion\/"},"img":{"alt_text":"","src":"https:\/\/i0.wp.com\/oui-oui.es\/blog\/wp-content\/uploads\/2019\/12\/Oui-Oui-balance-2019-equilibrio-personal.jpg?resize=350%2C200&ssl=1","width":350,"height":200,"srcset":"https:\/\/i0.wp.com\/oui-oui.es\/blog\/wp-content\/uploads\/2019\/12\/Oui-Oui-balance-2019-equilibrio-personal.jpg?resize=350%2C200&ssl=1 1x, https:\/\/i0.wp.com\/oui-oui.es\/blog\/wp-content\/uploads\/2019\/12\/Oui-Oui-balance-2019-equilibrio-personal.jpg?resize=525%2C300&ssl=1 1.5x"},"classes":[]},{"id":10115,"url":"https:\/\/oui-oui.es\/blog\/re-boda-si-o-no\/","url_meta":{"origin":8717,"position":4},"title":"Re boda, \u00bfs\u00ed o no?","author":"Mar\u00eda \u2665Oui Oui\u2665","date":"13 septiembre, 2019","format":false,"excerpt":"Septiembre es un mes muy especial, aunque cada vez m\u00e1s se est\u00e1 convirtiendo en un mes m\u00e1s estresante, sigo teni\u00e9ndole mucho cari\u00f1o. En septiembre es la vuelta al cole que tanto me ha gustado siempre, tambi\u00e9n es mi comienzo de a\u00f1o, pues mi mente piensa en cursos escolares y no\u2026","rel":"","context":"En \u00abBoda\u00bb","block_context":{"text":"Boda","link":"https:\/\/oui-oui.es\/blog\/category\/fiestas-celebraciones\/boda\/"},"img":{"alt_text":"","src":"https:\/\/i0.wp.com\/oui-oui.es\/blog\/wp-content\/uploads\/2019\/09\/Ramo-boda-oui-oui-bici-just-married-asturias.jpg?resize=350%2C200&ssl=1","width":350,"height":200,"srcset":"https:\/\/i0.wp.com\/oui-oui.es\/blog\/wp-content\/uploads\/2019\/09\/Ramo-boda-oui-oui-bici-just-married-asturias.jpg?resize=350%2C200&ssl=1 1x, https:\/\/i0.wp.com\/oui-oui.es\/blog\/wp-content\/uploads\/2019\/09\/Ramo-boda-oui-oui-bici-just-married-asturias.jpg?resize=525%2C300&ssl=1 1.5x, https:\/\/i0.wp.com\/oui-oui.es\/blog\/wp-content\/uploads\/2019\/09\/Ramo-boda-oui-oui-bici-just-married-asturias.jpg?resize=700%2C400&ssl=1 2x, https:\/\/i0.wp.com\/oui-oui.es\/blog\/wp-content\/uploads\/2019\/09\/Ramo-boda-oui-oui-bici-just-married-asturias.jpg?resize=1050%2C600&ssl=1 3x"},"classes":[]},{"id":10691,"url":"https:\/\/oui-oui.es\/blog\/el-uso-de-smartick-en-la-etapa-infantil\/","url_meta":{"origin":8717,"position":5},"title":"El uso de Smartick en la etapa infantil","author":"Mar\u00eda \u2665Oui Oui\u2665","date":"15 septiembre, 2021","format":false,"excerpt":"Por qu\u00e9 no deber\u00eda utilizarse Smartick ni ninguna otra app de aprendizaje antes de los 6 a\u00f1os. Los expertos recomiendan no utilizar pantallas antes de esa edad y lo \u00fanico que conseguimos es normalizar su uso a trav\u00e9s de algo educativo. Hace un a\u00f1o y medio, en pleno confinamiento, escrib\u00ed\u2026","rel":"","context":"En \u00abEDUCACI\u00d3N\u00bb","block_context":{"text":"EDUCACI\u00d3N","link":"https:\/\/oui-oui.es\/blog\/category\/educacion\/"},"img":{"alt_text":"","src":"https:\/\/i0.wp.com\/oui-oui.es\/blog\/wp-content\/uploads\/2021\/09\/Oui-Oui-Opiniones-Smartick-Smartick-en-infantil-Consecuencias-uso-pantallas-ninos-0-a-6.jpg?resize=350%2C200&ssl=1","width":350,"height":200,"srcset":"https:\/\/i0.wp.com\/oui-oui.es\/blog\/wp-content\/uploads\/2021\/09\/Oui-Oui-Opiniones-Smartick-Smartick-en-infantil-Consecuencias-uso-pantallas-ninos-0-a-6.jpg?resize=350%2C200&ssl=1 1x, https:\/\/i0.wp.com\/oui-oui.es\/blog\/wp-content\/uploads\/2021\/09\/Oui-Oui-Opiniones-Smartick-Smartick-en-infantil-Consecuencias-uso-pantallas-ninos-0-a-6.jpg?resize=525%2C300&ssl=1 1.5x, https:\/\/i0.wp.com\/oui-oui.es\/blog\/wp-content\/uploads\/2021\/09\/Oui-Oui-Opiniones-Smartick-Smartick-en-infantil-Consecuencias-uso-pantallas-ninos-0-a-6.jpg?resize=700%2C400&ssl=1 2x"},"classes":[]}],"_links":{"self":[{"href":"https:\/\/oui-oui.es\/blog\/wp-json\/wp\/v2\/posts\/8717","targetHints":{"allow":["GET"]}}],"collection":[{"href":"https:\/\/oui-oui.es\/blog\/wp-json\/wp\/v2\/posts"}],"about":[{"href":"https:\/\/oui-oui.es\/blog\/wp-json\/wp\/v2\/types\/post"}],"author":[{"embeddable":true,"href":"https:\/\/oui-oui.es\/blog\/wp-json\/wp\/v2\/users\/1"}],"replies":[{"embeddable":true,"href":"https:\/\/oui-oui.es\/blog\/wp-json\/wp\/v2\/comments?post=8717"}],"version-history":[{"count":3,"href":"https:\/\/oui-oui.es\/blog\/wp-json\/wp\/v2\/posts\/8717\/revisions"}],"predecessor-version":[{"id":8734,"href":"https:\/\/oui-oui.es\/blog\/wp-json\/wp\/v2\/posts\/8717\/revisions\/8734"}],"wp:featuredmedia":[{"embeddable":true,"href":"https:\/\/oui-oui.es\/blog\/wp-json\/wp\/v2\/media\/8718"}],"wp:attachment":[{"href":"https:\/\/oui-oui.es\/blog\/wp-json\/wp\/v2\/media?parent=8717"}],"wp:term":[{"taxonomy":"category","embeddable":true,"href":"https:\/\/oui-oui.es\/blog\/wp-json\/wp\/v2\/categories?post=8717"},{"taxonomy":"post_tag","embeddable":true,"href":"https:\/\/oui-oui.es\/blog\/wp-json\/wp\/v2\/tags?post=8717"}],"curies":[{"name":"wp","href":"https:\/\/api.w.org\/{rel}","templated":true}]}}