{"id":8876,"date":"2018-03-05T17:18:45","date_gmt":"2018-03-05T15:18:45","guid":{"rendered":"https:\/\/oui-oui.es\/blog\/?p=8876"},"modified":"2018-03-05T17:18:45","modified_gmt":"2018-03-05T15:18:45","slug":"iii-kids-up-edicion-primavera","status":"publish","type":"post","link":"https:\/\/oui-oui.es\/blog\/iii-kids-up-edicion-primavera\/","title":{"rendered":"III Kids UP! | Edici\u00f3n Primavera"},"content":{"rendered":"<p><a href=\"https:\/\/www.instagram.com\/kidsup_showroom\/\"><img loading=\"lazy\" decoding=\"async\" class=\"aligncenter size-large wp-image-8886\" src=\"https:\/\/oui-oui.es\/blog\/wp-content\/uploads\/2018\/03\/Flyer-Kids-UP-Primavera-2018-Cuadrada-1024x1024.jpg\" alt=\"\" width=\"1024\" height=\"1024\" srcset=\"https:\/\/oui-oui.es\/blog\/wp-content\/uploads\/2018\/03\/Flyer-Kids-UP-Primavera-2018-Cuadrada-1024x1024.jpg 1024w, https:\/\/oui-oui.es\/blog\/wp-content\/uploads\/2018\/03\/Flyer-Kids-UP-Primavera-2018-Cuadrada-150x150.jpg 150w, https:\/\/oui-oui.es\/blog\/wp-content\/uploads\/2018\/03\/Flyer-Kids-UP-Primavera-2018-Cuadrada-300x300.jpg 300w, https:\/\/oui-oui.es\/blog\/wp-content\/uploads\/2018\/03\/Flyer-Kids-UP-Primavera-2018-Cuadrada-768x768.jpg 768w, https:\/\/oui-oui.es\/blog\/wp-content\/uploads\/2018\/03\/Flyer-Kids-UP-Primavera-2018-Cuadrada-600x600.jpg 600w\" sizes=\"auto, (max-width: 1024px) 100vw, 1024px\" \/><\/a><\/p>\n<p>Recuerdo cuando habl\u00e1bamos de organizar una venta especial de moda y productos infantiles porque no encontr\u00e1bamos nada que nos encajara&#8230;Y, de repente&#8230;Vamos a organizar la <a href=\"https:\/\/www.instagram.com\/kidsup_showroom\/\" target=\"_blank\" rel=\"noopener\"><strong>III Edici\u00f3n de Kids UP!<\/strong><\/a><\/p>\n<p>Como ya os cont\u00e9 en la primera edici\u00f3n, se trata de juntar marcas del mundo infantil que me gustan, no est\u00e1n todas las que son pero si son todas las que est\u00e1n, me gusta incluir marcas distintas y alguna nueva cada vez.<\/p>\n<p><strong>Marcas peque\u00f1as, espa\u00f1olas, que detr\u00e1s tienen a emprendedoras<\/strong> (casi siempre, de momento no me he encontrado con ning\u00fa hombre detr\u00e1s), que ofrecen productos distintos a los de las grandes cadenas, cuidados, con estampados y cortes diferentes, con productos nuevos&#8230;<\/p>\n<p>En la <strong>III Edici\u00f3n de <a href=\"https:\/\/www.instagram.com\/kidsup_showroom\/\" target=\"_blank\" rel=\"noopener\">Kids UP!<\/a><\/strong> tendremos a <a href=\"https:\/\/marvinkids.com\/\" target=\"_blank\" rel=\"noopener\"><strong>Marvin Kids<\/strong><\/a> (ya sab\u00e9is lo que me encanta), con muchas novedades&#8230;He visto un anticipo de la colecci\u00f3n y os digo que hay unos pijamas de cuadritos para ni\u00f1os, ni\u00f1as y padres \u00a1que vais a querer para el d\u00eda del Padre!<\/p>\n<p><img loading=\"lazy\" decoding=\"async\" class=\"aligncenter size-large wp-image-8894\" src=\"https:\/\/oui-oui.es\/blog\/wp-content\/uploads\/2018\/03\/Oui-Oui-kids-up-pijamas-padre-e-hijos-marvin-kids-683x1024.jpg\" alt=\"\" width=\"683\" height=\"1024\" srcset=\"https:\/\/oui-oui.es\/blog\/wp-content\/uploads\/2018\/03\/Oui-Oui-kids-up-pijamas-padre-e-hijos-marvin-kids-683x1024.jpg 683w, https:\/\/oui-oui.es\/blog\/wp-content\/uploads\/2018\/03\/Oui-Oui-kids-up-pijamas-padre-e-hijos-marvin-kids-200x300.jpg 200w, https:\/\/oui-oui.es\/blog\/wp-content\/uploads\/2018\/03\/Oui-Oui-kids-up-pijamas-padre-e-hijos-marvin-kids-768x1152.jpg 768w, https:\/\/oui-oui.es\/blog\/wp-content\/uploads\/2018\/03\/Oui-Oui-kids-up-pijamas-padre-e-hijos-marvin-kids-600x900.jpg 600w, https:\/\/oui-oui.es\/blog\/wp-content\/uploads\/2018\/03\/Oui-Oui-kids-up-pijamas-padre-e-hijos-marvin-kids-300x450.jpg 300w\" sizes=\"auto, (max-width: 683px) 100vw, 683px\" \/><\/p>\n<p>Tambi\u00e9n estar\u00e1 <a href=\"https:\/\/www.alasderayas.com\/\" target=\"_blank\" rel=\"noopener\"><strong>Alas de Rayas<\/strong><\/a>, con sus <strong>jerseys de rayas que me chiflan<\/strong> y con prendas de las marcas coreanas que seleccionan para su tienda&#8230;Estilazo asegurado!<\/p>\n<p><img loading=\"lazy\" decoding=\"async\" class=\"aligncenter size-full wp-image-8883\" src=\"https:\/\/oui-oui.es\/blog\/wp-content\/uploads\/2018\/03\/Oui-Oui-kids-up-alas-de-rayas-jerseys-rayas-ni\u00f1os.jpg\" alt=\"\" width=\"900\" height=\"600\" srcset=\"https:\/\/oui-oui.es\/blog\/wp-content\/uploads\/2018\/03\/Oui-Oui-kids-up-alas-de-rayas-jerseys-rayas-ni\u00f1os.jpg 900w, https:\/\/oui-oui.es\/blog\/wp-content\/uploads\/2018\/03\/Oui-Oui-kids-up-alas-de-rayas-jerseys-rayas-ni\u00f1os-300x200.jpg 300w, https:\/\/oui-oui.es\/blog\/wp-content\/uploads\/2018\/03\/Oui-Oui-kids-up-alas-de-rayas-jerseys-rayas-ni\u00f1os-768x512.jpg 768w, https:\/\/oui-oui.es\/blog\/wp-content\/uploads\/2018\/03\/Oui-Oui-kids-up-alas-de-rayas-jerseys-rayas-ni\u00f1os-600x400.jpg 600w\" sizes=\"auto, (max-width: 900px) 100vw, 900px\" \/><\/p>\n<p><img loading=\"lazy\" decoding=\"async\" class=\"aligncenter size-full wp-image-8882\" src=\"https:\/\/oui-oui.es\/blog\/wp-content\/uploads\/2018\/03\/Oui-Oui-kids-up-alas-de-rayas-jerseys-rayas-mostaza-ni\u00f1os.jpg\" alt=\"\" width=\"900\" height=\"600\" srcset=\"https:\/\/oui-oui.es\/blog\/wp-content\/uploads\/2018\/03\/Oui-Oui-kids-up-alas-de-rayas-jerseys-rayas-mostaza-ni\u00f1os.jpg 900w, https:\/\/oui-oui.es\/blog\/wp-content\/uploads\/2018\/03\/Oui-Oui-kids-up-alas-de-rayas-jerseys-rayas-mostaza-ni\u00f1os-300x200.jpg 300w, https:\/\/oui-oui.es\/blog\/wp-content\/uploads\/2018\/03\/Oui-Oui-kids-up-alas-de-rayas-jerseys-rayas-mostaza-ni\u00f1os-768x512.jpg 768w, https:\/\/oui-oui.es\/blog\/wp-content\/uploads\/2018\/03\/Oui-Oui-kids-up-alas-de-rayas-jerseys-rayas-mostaza-ni\u00f1os-600x400.jpg 600w\" sizes=\"auto, (max-width: 900px) 100vw, 900px\" \/><\/p>\n<p>Los <strong>jerseys de grecas<\/strong> m\u00e1s invernales (y rebajados) tambi\u00e9n me encantan!<\/p>\n<p><img loading=\"lazy\" decoding=\"async\" class=\"aligncenter size-full wp-image-8881\" src=\"https:\/\/oui-oui.es\/blog\/wp-content\/uploads\/2018\/03\/Oui-Oui-kids-up-alas-de-rayas-jerseys-grecas-ni\u00f1os.jpg\" alt=\"\" width=\"900\" height=\"600\" srcset=\"https:\/\/oui-oui.es\/blog\/wp-content\/uploads\/2018\/03\/Oui-Oui-kids-up-alas-de-rayas-jerseys-grecas-ni\u00f1os.jpg 900w, https:\/\/oui-oui.es\/blog\/wp-content\/uploads\/2018\/03\/Oui-Oui-kids-up-alas-de-rayas-jerseys-grecas-ni\u00f1os-300x200.jpg 300w, https:\/\/oui-oui.es\/blog\/wp-content\/uploads\/2018\/03\/Oui-Oui-kids-up-alas-de-rayas-jerseys-grecas-ni\u00f1os-768x512.jpg 768w, https:\/\/oui-oui.es\/blog\/wp-content\/uploads\/2018\/03\/Oui-Oui-kids-up-alas-de-rayas-jerseys-grecas-ni\u00f1os-600x400.jpg 600w\" sizes=\"auto, (max-width: 900px) 100vw, 900px\" \/><\/p>\n<p>&nbsp;<\/p>\n<p>Desde Barcelona viene <a href=\"https:\/\/www.felmobarcelona.com\" target=\"_blank\" rel=\"noopener\"><strong>Felm\u00f6<\/strong><\/a>, con sus <strong>sudaderas con otro rollo<\/strong>. Reconozc\u00e1moslo, las sudaderas son comod\u00edsimas, pero suelen ser bastante feas, Felmo ha llegado para cambiarlo! , tienes unas para ni\u00f1a con cuello mon\u00edsimas!<\/p>\n<p><img loading=\"lazy\" decoding=\"async\" class=\"aligncenter size-full wp-image-8877\" src=\"https:\/\/oui-oui.es\/blog\/wp-content\/uploads\/2018\/03\/Oui-Oui-sudadera-con-cuello-volante-ni\u00f1a-felmo.jpg\" alt=\"\" width=\"498\" height=\"504\" srcset=\"https:\/\/oui-oui.es\/blog\/wp-content\/uploads\/2018\/03\/Oui-Oui-sudadera-con-cuello-volante-ni\u00f1a-felmo.jpg 498w, https:\/\/oui-oui.es\/blog\/wp-content\/uploads\/2018\/03\/Oui-Oui-sudadera-con-cuello-volante-ni\u00f1a-felmo-296x300.jpg 296w, https:\/\/oui-oui.es\/blog\/wp-content\/uploads\/2018\/03\/Oui-Oui-sudadera-con-cuello-volante-ni\u00f1a-felmo-300x304.jpg 300w\" sizes=\"auto, (max-width: 498px) 100vw, 498px\" \/><\/p>\n<p><img loading=\"lazy\" decoding=\"async\" class=\"aligncenter size-full wp-image-8878\" src=\"https:\/\/oui-oui.es\/blog\/wp-content\/uploads\/2018\/03\/Oui-Oui-sudaderas-monas-ni\u00f1o-felmo-barcelona.jpg\" alt=\"\" width=\"498\" height=\"493\" srcset=\"https:\/\/oui-oui.es\/blog\/wp-content\/uploads\/2018\/03\/Oui-Oui-sudaderas-monas-ni\u00f1o-felmo-barcelona.jpg 498w, https:\/\/oui-oui.es\/blog\/wp-content\/uploads\/2018\/03\/Oui-Oui-sudaderas-monas-ni\u00f1o-felmo-barcelona-300x297.jpg 300w\" sizes=\"auto, (max-width: 498px) 100vw, 498px\" \/><\/p>\n<p>Otra marca reciente y peque\u00f1ita que me conquist\u00f3 por sus estampados fue <a href=\"https:\/\/pipikids.com\" target=\"_blank\" rel=\"noopener\"><strong>Pipi Baby Kids<\/strong><\/a>, lo m\u00edo con esta falda peto fue un flechazo<\/p>\n<p><img loading=\"lazy\" decoding=\"async\" class=\"aligncenter size-large wp-image-8880\" src=\"https:\/\/oui-oui.es\/blog\/wp-content\/uploads\/2018\/03\/Oui-Oui-kids-up-falda-tirantes-flores-pipi-baby-kids-683x1024.jpg\" alt=\"\" width=\"683\" height=\"1024\" srcset=\"https:\/\/oui-oui.es\/blog\/wp-content\/uploads\/2018\/03\/Oui-Oui-kids-up-falda-tirantes-flores-pipi-baby-kids.jpg 683w, https:\/\/oui-oui.es\/blog\/wp-content\/uploads\/2018\/03\/Oui-Oui-kids-up-falda-tirantes-flores-pipi-baby-kids-200x300.jpg 200w, https:\/\/oui-oui.es\/blog\/wp-content\/uploads\/2018\/03\/Oui-Oui-kids-up-falda-tirantes-flores-pipi-baby-kids-600x900.jpg 600w, https:\/\/oui-oui.es\/blog\/wp-content\/uploads\/2018\/03\/Oui-Oui-kids-up-falda-tirantes-flores-pipi-baby-kids-300x450.jpg 300w\" sizes=\"auto, (max-width: 683px) 100vw, 683px\" \/><\/p>\n<p>Pero este <strong>vestidito Liberty<\/strong> tambi\u00e9n es una monada.<\/p>\n<div id=\"attachment_8879\" style=\"width: 760px\" class=\"wp-caption aligncenter\"><img loading=\"lazy\" decoding=\"async\" aria-describedby=\"caption-attachment-8879\" class=\"size-full wp-image-8879\" src=\"https:\/\/oui-oui.es\/blog\/wp-content\/uploads\/2018\/03\/Oui-Oui-kids-up-pipi-baby-kids-vestido-flores-liberty.jpg\" alt=\"\" width=\"750\" height=\"492\" srcset=\"https:\/\/oui-oui.es\/blog\/wp-content\/uploads\/2018\/03\/Oui-Oui-kids-up-pipi-baby-kids-vestido-flores-liberty.jpg 750w, https:\/\/oui-oui.es\/blog\/wp-content\/uploads\/2018\/03\/Oui-Oui-kids-up-pipi-baby-kids-vestido-flores-liberty-300x197.jpg 300w, https:\/\/oui-oui.es\/blog\/wp-content\/uploads\/2018\/03\/Oui-Oui-kids-up-pipi-baby-kids-vestido-flores-liberty-600x394.jpg 600w\" sizes=\"auto, (max-width: 750px) 100vw, 750px\" \/><p id=\"caption-attachment-8879\" class=\"wp-caption-text\">Foto Saquito de Canela<\/p><\/div>\n<p>Tambi\u00e9n estar\u00e1 <a href=\"http:\/\/countingclouds.es\" target=\"_blank\" rel=\"noopener\"><strong>Counting Clouds<\/strong><\/a> con su \u00faltima colecci\u00f3n\u00a0 <strong>LET\u00b4S DANCE<\/strong> es una invitaci\u00f3n a escuchar m\u00fasica y dejarse llevar, a bailar sin verg\u00fcenza, a disfrutar y encontrar nuestro ni\u00f1o interior. Una colecci\u00f3n delicada y c\u00f3moda, inspirada por esa m\u00fasica que nos hace sonreir, da alas a nuestra imaginaci\u00f3n y nos transporta a mundos imaginarios.<\/p>\n<p><img loading=\"lazy\" decoding=\"async\" class=\"aligncenter size-large wp-image-8884\" src=\"https:\/\/oui-oui.es\/blog\/wp-content\/uploads\/2018\/03\/Oui-Oui-kids-up-counting-clouds-lets-dance-jersey-amarillo-1024x766.jpg\" alt=\"\" width=\"1024\" height=\"766\" srcset=\"https:\/\/oui-oui.es\/blog\/wp-content\/uploads\/2018\/03\/Oui-Oui-kids-up-counting-clouds-lets-dance-jersey-amarillo-1024x766.jpg 1024w, https:\/\/oui-oui.es\/blog\/wp-content\/uploads\/2018\/03\/Oui-Oui-kids-up-counting-clouds-lets-dance-jersey-amarillo-300x224.jpg 300w, https:\/\/oui-oui.es\/blog\/wp-content\/uploads\/2018\/03\/Oui-Oui-kids-up-counting-clouds-lets-dance-jersey-amarillo-768x574.jpg 768w, https:\/\/oui-oui.es\/blog\/wp-content\/uploads\/2018\/03\/Oui-Oui-kids-up-counting-clouds-lets-dance-jersey-amarillo-600x449.jpg 600w\" sizes=\"auto, (max-width: 1024px) 100vw, 1024px\" \/><\/p>\n<p>Me gusta que tiene <strong>prendas para madres e hijos<\/strong>, el <strong>jersey o chaqueta en amarillo es una de mis prendas favoritas!.<\/strong><\/p>\n<p>Tampoco pod\u00edan faltar los complementos de <a href=\"http:\/\/www.bebeseraseunavez.com\/\" target=\"_blank\" rel=\"noopener\"><strong>\u00c9rase una Vez<\/strong><\/a>, que siempre tiene <strong>novedades<\/strong>, como el <strong>saco le\u00f3n<\/strong> que es una pasada \u00a1el regalo perfecto pra un reci\u00e9n nacido!, ten\u00e9is que venir a verlo que \u00fan no tengo foto&#8230;Pero habr\u00e1 m\u00e1s Novedades, como sus <strong>ic\u00f3nicas maletas de waffle en color azul<\/strong>, que me han encnatado.<\/p>\n<p><img loading=\"lazy\" decoding=\"async\" class=\"aligncenter size-large wp-image-8895\" src=\"https:\/\/oui-oui.es\/blog\/wp-content\/uploads\/2018\/03\/Oui-Oui-kids-up-maleta-hospital-beb\u00e9-maleta-ni\u00f1os-mona-bebes-erase-una-vez-1024x1022.jpg\" alt=\"\" width=\"1024\" height=\"1022\" srcset=\"https:\/\/oui-oui.es\/blog\/wp-content\/uploads\/2018\/03\/Oui-Oui-kids-up-maleta-hospital-beb\u00e9-maleta-ni\u00f1os-mona-bebes-erase-una-vez-1024x1022.jpg 1024w, https:\/\/oui-oui.es\/blog\/wp-content\/uploads\/2018\/03\/Oui-Oui-kids-up-maleta-hospital-beb\u00e9-maleta-ni\u00f1os-mona-bebes-erase-una-vez-150x150.jpg 150w, https:\/\/oui-oui.es\/blog\/wp-content\/uploads\/2018\/03\/Oui-Oui-kids-up-maleta-hospital-beb\u00e9-maleta-ni\u00f1os-mona-bebes-erase-una-vez-300x299.jpg 300w, https:\/\/oui-oui.es\/blog\/wp-content\/uploads\/2018\/03\/Oui-Oui-kids-up-maleta-hospital-beb\u00e9-maleta-ni\u00f1os-mona-bebes-erase-una-vez-768x766.jpg 768w, https:\/\/oui-oui.es\/blog\/wp-content\/uploads\/2018\/03\/Oui-Oui-kids-up-maleta-hospital-beb\u00e9-maleta-ni\u00f1os-mona-bebes-erase-una-vez-600x599.jpg 600w, https:\/\/oui-oui.es\/blog\/wp-content\/uploads\/2018\/03\/Oui-Oui-kids-up-maleta-hospital-beb\u00e9-maleta-ni\u00f1os-mona-bebes-erase-una-vez.jpg 1242w\" sizes=\"auto, (max-width: 1024px) 100vw, 1024px\" \/><\/p>\n<p>Un cl\u00e1sico ya son <strong>los leones<\/strong> de <a href=\"http:\/\/ilaela.bigcartel.com\/\" target=\"_blank\" rel=\"noopener\"><strong>Ila y Ela<\/strong><\/a> que podr\u00e1s llevarte tambi\u00e9n all\u00ed en el momento.<\/p>\n<p><img loading=\"lazy\" decoding=\"async\" class=\"aligncenter size-large wp-image-8888\" src=\"https:\/\/oui-oui.es\/blog\/wp-content\/uploads\/2018\/03\/Oui-Oui-kids-up-kids-up-showroom-leones-ila-y-ela-1017x1024.jpg\" alt=\"\" width=\"1017\" height=\"1024\" srcset=\"https:\/\/oui-oui.es\/blog\/wp-content\/uploads\/2018\/03\/Oui-Oui-kids-up-kids-up-showroom-leones-ila-y-ela-1017x1024.jpg 1017w, https:\/\/oui-oui.es\/blog\/wp-content\/uploads\/2018\/03\/Oui-Oui-kids-up-kids-up-showroom-leones-ila-y-ela-150x150.jpg 150w, https:\/\/oui-oui.es\/blog\/wp-content\/uploads\/2018\/03\/Oui-Oui-kids-up-kids-up-showroom-leones-ila-y-ela-298x300.jpg 298w, https:\/\/oui-oui.es\/blog\/wp-content\/uploads\/2018\/03\/Oui-Oui-kids-up-kids-up-showroom-leones-ila-y-ela-768x774.jpg 768w, https:\/\/oui-oui.es\/blog\/wp-content\/uploads\/2018\/03\/Oui-Oui-kids-up-kids-up-showroom-leones-ila-y-ela-600x604.jpg 600w, https:\/\/oui-oui.es\/blog\/wp-content\/uploads\/2018\/03\/Oui-Oui-kids-up-kids-up-showroom-leones-ila-y-ela-300x302.jpg 300w, https:\/\/oui-oui.es\/blog\/wp-content\/uploads\/2018\/03\/Oui-Oui-kids-up-kids-up-showroom-leones-ila-y-ela.jpg 2033w\" sizes=\"auto, (max-width: 1017px) 100vw, 1017px\" \/><\/p>\n<p>Por supuesto estar\u00e9 yo con <strong>Oui Oui<\/strong>, y todas las cositas para ni\u00f1os \ud83d\ude09 y las <a href=\"https:\/\/www.oui-oui.es\/29-puertas-ratoncito-perez\" target=\"_blank\" rel=\"noopener\"><strong>aut\u00e9nticas puertas para el ratoncito P\u00e9rez!<\/strong><\/a><\/p>\n<p><a href=\"https:\/\/www.oui-oui.es\/buscar?controller=search&amp;orderby=position&amp;orderway=desc&amp;search-cat-select=0&amp;search_query=mimbre&amp;submit_search=\"><img loading=\"lazy\" decoding=\"async\" class=\"aligncenter size-large wp-image-8887\" src=\"https:\/\/oui-oui.es\/blog\/wp-content\/uploads\/2018\/03\/Oui-Oui-cesta-patinete-cesta-mimbre-bici-cestita-pesca-olli-ella-1024x1024.jpg\" alt=\"\" width=\"1024\" height=\"1024\" srcset=\"https:\/\/oui-oui.es\/blog\/wp-content\/uploads\/2018\/03\/Oui-Oui-cesta-patinete-cesta-mimbre-bici-cestita-pesca-olli-ella-1024x1024.jpg 1024w, https:\/\/oui-oui.es\/blog\/wp-content\/uploads\/2018\/03\/Oui-Oui-cesta-patinete-cesta-mimbre-bici-cestita-pesca-olli-ella-150x150.jpg 150w, https:\/\/oui-oui.es\/blog\/wp-content\/uploads\/2018\/03\/Oui-Oui-cesta-patinete-cesta-mimbre-bici-cestita-pesca-olli-ella-300x300.jpg 300w, https:\/\/oui-oui.es\/blog\/wp-content\/uploads\/2018\/03\/Oui-Oui-cesta-patinete-cesta-mimbre-bici-cestita-pesca-olli-ella-768x768.jpg 768w, https:\/\/oui-oui.es\/blog\/wp-content\/uploads\/2018\/03\/Oui-Oui-cesta-patinete-cesta-mimbre-bici-cestita-pesca-olli-ella-600x600.jpg 600w, https:\/\/oui-oui.es\/blog\/wp-content\/uploads\/2018\/03\/Oui-Oui-cesta-patinete-cesta-mimbre-bici-cestita-pesca-olli-ella.jpg 1500w\" sizes=\"auto, (max-width: 1024px) 100vw, 1024px\" \/><\/a><\/p>\n<p><a href=\"https:\/\/www.oui-oui.es\/29-puertas-ratoncito-perez\"><img loading=\"lazy\" decoding=\"async\" class=\"aligncenter size-large wp-image-8889\" src=\"https:\/\/oui-oui.es\/blog\/wp-content\/uploads\/2018\/03\/Oui-Oui-puertas-ratoncito-Perez-puerta-raton-perez-autenticas-puertas-ratoncito-perez-Marta-Machin-photo-67-1024x1024.jpg\" alt=\"\" width=\"1024\" height=\"1024\" srcset=\"https:\/\/oui-oui.es\/blog\/wp-content\/uploads\/2018\/03\/Oui-Oui-puertas-ratoncito-Perez-puerta-raton-perez-autenticas-puertas-ratoncito-perez-Marta-Machin-photo-67-1024x1024.jpg 1024w, https:\/\/oui-oui.es\/blog\/wp-content\/uploads\/2018\/03\/Oui-Oui-puertas-ratoncito-Perez-puerta-raton-perez-autenticas-puertas-ratoncito-perez-Marta-Machin-photo-67-150x150.jpg 150w, https:\/\/oui-oui.es\/blog\/wp-content\/uploads\/2018\/03\/Oui-Oui-puertas-ratoncito-Perez-puerta-raton-perez-autenticas-puertas-ratoncito-perez-Marta-Machin-photo-67-300x300.jpg 300w, https:\/\/oui-oui.es\/blog\/wp-content\/uploads\/2018\/03\/Oui-Oui-puertas-ratoncito-Perez-puerta-raton-perez-autenticas-puertas-ratoncito-perez-Marta-Machin-photo-67-768x768.jpg 768w, https:\/\/oui-oui.es\/blog\/wp-content\/uploads\/2018\/03\/Oui-Oui-puertas-ratoncito-Perez-puerta-raton-perez-autenticas-puertas-ratoncito-perez-Marta-Machin-photo-67-600x600.jpg 600w, https:\/\/oui-oui.es\/blog\/wp-content\/uploads\/2018\/03\/Oui-Oui-puertas-ratoncito-Perez-puerta-raton-perez-autenticas-puertas-ratoncito-perez-Marta-Machin-photo-67.jpg 1500w\" sizes=\"auto, (max-width: 1024px) 100vw, 1024px\" \/><\/a><\/p>\n<p>Otra de las cosas que mas nos divierte en <a href=\"https:\/\/www.instagram.com\/kidsup_showroom\/\" target=\"_blank\" rel=\"noopener\"><strong>Kids UP!<\/strong><\/a> es crear looks con las prendas de las distintas marcas participantes, contaremos con la asesor\u00eda estil\u00edstica de Paula de <a href=\"https:\/\/www.instagram.com\/lepetittouquet\/\" target=\"_blank\" rel=\"noopener\"><strong>Le Petit Touquet<\/strong><\/a> que nos chifla c\u00f3mo mezcla, s\u00f3lo ten\u00e9is que seguirla en su Ig y comprobarlo!<\/p>\n<p><img loading=\"lazy\" decoding=\"async\" class=\"aligncenter size-full wp-image-8891\" src=\"https:\/\/oui-oui.es\/blog\/wp-content\/uploads\/2018\/03\/Oui-Oui-kids-up-le-petit-touquet.jpg\" alt=\"\" width=\"560\" height=\"596\" srcset=\"https:\/\/oui-oui.es\/blog\/wp-content\/uploads\/2018\/03\/Oui-Oui-kids-up-le-petit-touquet.jpg 560w, https:\/\/oui-oui.es\/blog\/wp-content\/uploads\/2018\/03\/Oui-Oui-kids-up-le-petit-touquet-282x300.jpg 282w, https:\/\/oui-oui.es\/blog\/wp-content\/uploads\/2018\/03\/Oui-Oui-kids-up-le-petit-touquet-300x319.jpg 300w\" sizes=\"auto, (max-width: 560px) 100vw, 560px\" \/><\/p>\n<p><strong>Y alguna sorpresa m\u00e1s!<\/strong><\/p>\n<p>En <a href=\"https:\/\/www.instagram.com\/kidsup_showroom\/\" target=\"_blank\" rel=\"noopener\"><strong>Kids UP!<\/strong><\/a> queremos que veng\u00e1is a <strong>daros una vuelta tranquilas, que pod\u00e1is tocar los tejidos, ver los estampados, haceros una idea de c\u00f3mo talla cada marca, comprar sin gastos de env\u00edo<\/strong>&#8230;Y para ello contamos con un stand de actividades para ni\u00f1os, para que puedan hacer una actividad tranquila mientras vosotr@s d\u00e1is una vuelta.<\/p>\n<p><img loading=\"lazy\" decoding=\"async\" class=\"aligncenter size-full wp-image-8885\" src=\"https:\/\/oui-oui.es\/blog\/wp-content\/uploads\/2018\/03\/Oui-Oui-kids-up-actividades-ni\u00f1os-mundo-alopeke.jpg\" alt=\"\" width=\"630\" height=\"414\" srcset=\"https:\/\/oui-oui.es\/blog\/wp-content\/uploads\/2018\/03\/Oui-Oui-kids-up-actividades-ni\u00f1os-mundo-alopeke.jpg 630w, https:\/\/oui-oui.es\/blog\/wp-content\/uploads\/2018\/03\/Oui-Oui-kids-up-actividades-ni\u00f1os-mundo-alopeke-300x197.jpg 300w, https:\/\/oui-oui.es\/blog\/wp-content\/uploads\/2018\/03\/Oui-Oui-kids-up-actividades-ni\u00f1os-mundo-alopeke-600x394.jpg 600w\" sizes=\"auto, (max-width: 630px) 100vw, 630px\" \/><\/p>\n<p><a href=\"http:\/\/mundoalopeke.es\" target=\"_blank\" rel=\"noopener\"><strong>Mundo Alopeke<\/strong><\/a> estar\u00e1 divirtiendo y entreteniendo a los m\u00e1s peque\u00f1os mientras vosotros ech\u00e1is un vistazo a todo!, adem\u00e1s as\u00ed pod\u00e9is conocerles de cerca para furutos cumplea\u00f1os, comuniones, fiestas, etc&#8230;<\/p>\n<p>As\u00ed que <strong>os esperamos este finde<\/strong>, <strong>desde el viernes 9 hasta el domingo 11<\/strong> en el siguiente <strong>horario:<\/strong><\/p>\n<p><strong>Viernes 9<\/strong> de 17 a 21h<\/p>\n<p><strong>S\u00e1bado 10<\/strong> de 11h a 21h<\/p>\n<p><strong>Domingo 11<\/strong> de 11 a 18h<\/p>\n<p><strong>\u00bfD\u00f3nde?<\/strong> donde siempre! en el <strong>Estudio de <a href=\"http:\/\/elenabau.es\/\" target=\"_blank\" rel=\"noopener\">Elena Bau Fotograf\u00eda<\/a>, Calle Apodaca,16. Madrid<\/strong><\/p>\n<p>&nbsp;<\/p>\n","protected":false},"excerpt":{"rendered":"<p>Recuerdo cuando habl\u00e1bamos de organizar una venta especial de moda y productos infantiles porque no encontr\u00e1bamos nada que nos encajara&#8230;Y, de repente&#8230;Vamos a organizar la III Edici\u00f3n de Kids UP! Como ya os cont\u00e9 en la primera edici\u00f3n, se trata de juntar marcas del mundo infantil que me gustan, no est\u00e1n todas las que son [&hellip;]<\/p>\n","protected":false},"author":1,"featured_media":8886,"comment_status":"open","ping_status":"open","sticky":false,"template":"","format":"standard","meta":{"jetpack_post_was_ever_published":false,"_jetpack_newsletter_access":"","_jetpack_dont_email_post_to_subs":false,"_jetpack_newsletter_tier_id":0,"_jetpack_memberships_contains_paywalled_content":false,"_jetpack_memberships_contains_paid_content":false,"footnotes":"","jetpack_publicize_message":"","jetpack_publicize_feature_enabled":true,"jetpack_social_post_already_shared":true,"jetpack_social_options":{"image_generator_settings":{"template":"highway","default_image_id":0,"font":"","enabled":false},"version":2}},"categories":[174,18],"tags":[835,829,545,719],"class_list":["post-8876","post","type-post","status-publish","format-standard","has-post-thumbnail","hentry","category-ninos","category-regalos-originales-para-ninos","tag-kids-up","tag-marcas-ropa-infantil","tag-pop-ups-oui-oui","tag-ropa-bebes-y-ninos"],"aioseo_notices":[],"jetpack_publicize_connections":[],"jetpack_featured_media_url":"https:\/\/oui-oui.es\/blog\/wp-content\/uploads\/2018\/03\/Flyer-Kids-UP-Primavera-2018-Cuadrada.jpg","jetpack_sharing_enabled":true,"jetpack-related-posts":[{"id":9453,"url":"https:\/\/oui-oui.es\/blog\/vuelve-kids-up\/","url_meta":{"origin":8876,"position":0},"title":"Vuelve Kids UP!","author":"Mar\u00eda \u2665Oui Oui\u2665","date":"27 noviembre, 2018","format":false,"excerpt":"\u00a0 Un a\u00f1o despu\u00e9s, ya vamos por la V Edici\u00f3n de Kids UP! y nos hace much\u00edsima ilusi\u00f3n a Elena y a m\u00ed, ya que, aunque en cada edici\u00f3n nos dejamos la piel y acabamos agotad\u00edsimas, al final nos va la marcha y volvemos a repetir, porque son un \u00e9xito,\u2026","rel":"","context":"En \u00abNI\u00d1OS Y NI\u00d1AS\u00bb","block_context":{"text":"NI\u00d1OS Y NI\u00d1AS","link":"https:\/\/oui-oui.es\/blog\/category\/ninos\/"},"img":{"alt_text":"","src":"https:\/\/i0.wp.com\/oui-oui.es\/blog\/wp-content\/uploads\/2018\/11\/KidsUp-Square.jpg?resize=350%2C200&ssl=1","width":350,"height":200,"srcset":"https:\/\/i0.wp.com\/oui-oui.es\/blog\/wp-content\/uploads\/2018\/11\/KidsUp-Square.jpg?resize=350%2C200&ssl=1 1x, https:\/\/i0.wp.com\/oui-oui.es\/blog\/wp-content\/uploads\/2018\/11\/KidsUp-Square.jpg?resize=525%2C300&ssl=1 1.5x, https:\/\/i0.wp.com\/oui-oui.es\/blog\/wp-content\/uploads\/2018\/11\/KidsUp-Square.jpg?resize=700%2C400&ssl=1 2x, https:\/\/i0.wp.com\/oui-oui.es\/blog\/wp-content\/uploads\/2018\/11\/KidsUp-Square.jpg?resize=1050%2C600&ssl=1 3x"},"classes":[]},{"id":8647,"url":"https:\/\/oui-oui.es\/blog\/kids-up-venta-efimera-para-ninos-con-estilo\/","url_meta":{"origin":8876,"position":1},"title":"Kids UP | Venta ef\u00edmera para ni\u00f1os con estilo","author":"Mar\u00eda \u2665Oui Oui\u2665","date":"18 octubre, 2017","format":false,"excerpt":"Llevo 4 a\u00f1os participando en pop ups, ventas especiales, mercadillos varios, etc... Y, desde hace un tiempo ven\u00eda notando que faltaba algo, especialmente en lo que a ni\u00f1os se refiere, no s\u00f3lo en decoraci\u00f3n y regalos para ni\u00f1os (la secci\u00f3n de Oui Oui), sino en la selecci\u00f3n de marcas, en\u2026","rel":"","context":"En \u00abNI\u00d1OS Y NI\u00d1AS\u00bb","block_context":{"text":"NI\u00d1OS Y NI\u00d1AS","link":"https:\/\/oui-oui.es\/blog\/category\/ninos\/"},"img":{"alt_text":"","src":"https:\/\/i0.wp.com\/oui-oui.es\/blog\/wp-content\/uploads\/2017\/10\/kidsup-instagram-1.1-oui-oui-2.jpg?resize=350%2C200&ssl=1","width":350,"height":200,"srcset":"https:\/\/i0.wp.com\/oui-oui.es\/blog\/wp-content\/uploads\/2017\/10\/kidsup-instagram-1.1-oui-oui-2.jpg?resize=350%2C200&ssl=1 1x, https:\/\/i0.wp.com\/oui-oui.es\/blog\/wp-content\/uploads\/2017\/10\/kidsup-instagram-1.1-oui-oui-2.jpg?resize=525%2C300&ssl=1 1.5x, https:\/\/i0.wp.com\/oui-oui.es\/blog\/wp-content\/uploads\/2017\/10\/kidsup-instagram-1.1-oui-oui-2.jpg?resize=700%2C400&ssl=1 2x, https:\/\/i0.wp.com\/oui-oui.es\/blog\/wp-content\/uploads\/2017\/10\/kidsup-instagram-1.1-oui-oui-2.jpg?resize=1050%2C600&ssl=1 3x, https:\/\/i0.wp.com\/oui-oui.es\/blog\/wp-content\/uploads\/2017\/10\/kidsup-instagram-1.1-oui-oui-2.jpg?resize=1400%2C800&ssl=1 4x"},"classes":[]},{"id":8769,"url":"https:\/\/oui-oui.es\/blog\/este-finde-kids-up-christmas-os-esperamos\/","url_meta":{"origin":8876,"position":2},"title":"Este finde \u00a1Kids UP Christmas! Os esperamos","author":"Mar\u00eda \u2665Oui Oui\u2665","date":"14 diciembre, 2017","format":false,"excerpt":"Queda poco m\u00e1s de una semana para Navidad y la mayor\u00eda de nosotros a\u00fan no tenemos ni la mitad de los regalos, queremos hacer algo especial pero nos falta tiempo...Pues te propongo un plan para este finde \u00a1vuelve nuestra pop up infantil! KIDS UP CHRISTMAS. Un espacio, 10 marcas y\u2026","rel":"","context":"En \u00abNI\u00d1OS Y NI\u00d1AS\u00bb","block_context":{"text":"NI\u00d1OS Y NI\u00d1AS","link":"https:\/\/oui-oui.es\/blog\/category\/ninos\/"},"img":{"alt_text":"","src":"https:\/\/i0.wp.com\/oui-oui.es\/blog\/wp-content\/uploads\/2017\/12\/Oui-Oui-puerta-ratoncito-navidad-puertas-ratoncito-perez-marta-machin.jpg?resize=350%2C200&ssl=1","width":350,"height":200,"srcset":"https:\/\/i0.wp.com\/oui-oui.es\/blog\/wp-content\/uploads\/2017\/12\/Oui-Oui-puerta-ratoncito-navidad-puertas-ratoncito-perez-marta-machin.jpg?resize=350%2C200&ssl=1 1x, https:\/\/i0.wp.com\/oui-oui.es\/blog\/wp-content\/uploads\/2017\/12\/Oui-Oui-puerta-ratoncito-navidad-puertas-ratoncito-perez-marta-machin.jpg?resize=525%2C300&ssl=1 1.5x, https:\/\/i0.wp.com\/oui-oui.es\/blog\/wp-content\/uploads\/2017\/12\/Oui-Oui-puerta-ratoncito-navidad-puertas-ratoncito-perez-marta-machin.jpg?resize=700%2C400&ssl=1 2x, https:\/\/i0.wp.com\/oui-oui.es\/blog\/wp-content\/uploads\/2017\/12\/Oui-Oui-puerta-ratoncito-navidad-puertas-ratoncito-perez-marta-machin.jpg?resize=1050%2C600&ssl=1 3x, https:\/\/i0.wp.com\/oui-oui.es\/blog\/wp-content\/uploads\/2017\/12\/Oui-Oui-puerta-ratoncito-navidad-puertas-ratoncito-perez-marta-machin.jpg?resize=1400%2C800&ssl=1 4x"},"classes":[]},{"id":9023,"url":"https:\/\/oui-oui.es\/blog\/kids-up-edicion-verano\/","url_meta":{"origin":8876,"position":3},"title":"Kids UP! Edici\u00f3n Verano","author":"Mar\u00eda \u2665Oui Oui\u2665","date":"30 abril, 2018","format":false,"excerpt":"Parece que fue ayer cuando organizamos la primera venta ef\u00edmera infantil \u00a1y ya vamos a celebrar la IV Edici\u00f3n! Supongo que, como yo, teneis ganas ya de comprar ropa de primavera y de verano \u00a1de verdad! de blusas, vestidos, pantalones cortos \u00a1y trajes de ba\u00f1o!. Como siempre, hemo seleccionado a\u2026","rel":"","context":"En \u00abNI\u00d1OS Y NI\u00d1AS\u00bb","block_context":{"text":"NI\u00d1OS Y NI\u00d1AS","link":"https:\/\/oui-oui.es\/blog\/category\/ninos\/"},"img":{"alt_text":"","src":"https:\/\/i0.wp.com\/oui-oui.es\/blog\/wp-content\/uploads\/2018\/04\/Logo-KidsUp72.png?resize=350%2C200&ssl=1","width":350,"height":200},"classes":[]},{"id":8614,"url":"https:\/\/oui-oui.es\/blog\/6-prendas-de-6-de-mis-marcas-favoritas-de-ropa-infantil\/","url_meta":{"origin":8876,"position":4},"title":"6 prendas de 6 de mis marcas favoritas de ropa infantil","author":"Mar\u00eda \u2665Oui Oui\u2665","date":"10 octubre, 2017","format":false,"excerpt":"Aunque con este tiempazo que est\u00e1 haciendo parece que no va a llegar el verdadero oto\u00f1o, yo necesito hacer el cambio de ropa or una cuesti\u00f3n de organizaci\u00f3n mental. Hace dos semanas hice el cambio de ropa de los ni\u00f1os (es m\u00e1s f\u00e1cil porque la ropa de verano les quedar\u00e1\u2026","rel":"","context":"En \u00abNI\u00d1OS Y NI\u00d1AS\u00bb","block_context":{"text":"NI\u00d1OS Y NI\u00d1AS","link":"https:\/\/oui-oui.es\/blog\/category\/ninos\/"},"img":{"alt_text":"","src":"https:\/\/i0.wp.com\/oui-oui.es\/blog\/wp-content\/uploads\/2017\/10\/Oui-Oui-carrito-mimbre-amarillo-manee-kids-tanzania-2017.jpg?resize=350%2C200&ssl=1","width":350,"height":200,"srcset":"https:\/\/i0.wp.com\/oui-oui.es\/blog\/wp-content\/uploads\/2017\/10\/Oui-Oui-carrito-mimbre-amarillo-manee-kids-tanzania-2017.jpg?resize=350%2C200&ssl=1 1x, https:\/\/i0.wp.com\/oui-oui.es\/blog\/wp-content\/uploads\/2017\/10\/Oui-Oui-carrito-mimbre-amarillo-manee-kids-tanzania-2017.jpg?resize=525%2C300&ssl=1 1.5x, https:\/\/i0.wp.com\/oui-oui.es\/blog\/wp-content\/uploads\/2017\/10\/Oui-Oui-carrito-mimbre-amarillo-manee-kids-tanzania-2017.jpg?resize=700%2C400&ssl=1 2x"},"classes":[]},{"id":8868,"url":"https:\/\/oui-oui.es\/blog\/olivia-ann-moda-infantil-espanola-triunfando-en-australia\/","url_meta":{"origin":8876,"position":5},"title":"Olivia Ann | Moda infantil espa\u00f1ola triunfando en Australia","author":"Mar\u00eda \u2665Oui Oui\u2665","date":"2 marzo, 2018","format":false,"excerpt":"Seguro que los que hab\u00e9is vivido fuera de Espa\u00f1a hab\u00e9is notado lo mucho que valoran en el extranjero much\u00edsimas cosas de aqu\u00ed, desde la gastronom\u00eda a la moda, especialmente la moda infantil. Mi cu\u00f1ada es de fuera y siempre que viene se lleva ropa para sus sobrinos, ya sea para\u2026","rel":"","context":"En \u00abEMPRENDEDORAS\u00bb","block_context":{"text":"EMPRENDEDORAS","link":"https:\/\/oui-oui.es\/blog\/category\/mentoring-emprendedores\/"},"img":{"alt_text":"","src":"https:\/\/i0.wp.com\/oui-oui.es\/blog\/wp-content\/uploads\/2018\/03\/Oui-Oui-olivia-ann-spanish-kids-fashion-australia-vender-ropa-infantil-en-australia.jpg?resize=350%2C200&ssl=1","width":350,"height":200,"srcset":"https:\/\/i0.wp.com\/oui-oui.es\/blog\/wp-content\/uploads\/2018\/03\/Oui-Oui-olivia-ann-spanish-kids-fashion-australia-vender-ropa-infantil-en-australia.jpg?resize=350%2C200&ssl=1 1x, https:\/\/i0.wp.com\/oui-oui.es\/blog\/wp-content\/uploads\/2018\/03\/Oui-Oui-olivia-ann-spanish-kids-fashion-australia-vender-ropa-infantil-en-australia.jpg?resize=525%2C300&ssl=1 1.5x"},"classes":[]}],"_links":{"self":[{"href":"https:\/\/oui-oui.es\/blog\/wp-json\/wp\/v2\/posts\/8876","targetHints":{"allow":["GET"]}}],"collection":[{"href":"https:\/\/oui-oui.es\/blog\/wp-json\/wp\/v2\/posts"}],"about":[{"href":"https:\/\/oui-oui.es\/blog\/wp-json\/wp\/v2\/types\/post"}],"author":[{"embeddable":true,"href":"https:\/\/oui-oui.es\/blog\/wp-json\/wp\/v2\/users\/1"}],"replies":[{"embeddable":true,"href":"https:\/\/oui-oui.es\/blog\/wp-json\/wp\/v2\/comments?post=8876"}],"version-history":[{"count":3,"href":"https:\/\/oui-oui.es\/blog\/wp-json\/wp\/v2\/posts\/8876\/revisions"}],"predecessor-version":[{"id":8896,"href":"https:\/\/oui-oui.es\/blog\/wp-json\/wp\/v2\/posts\/8876\/revisions\/8896"}],"wp:featuredmedia":[{"embeddable":true,"href":"https:\/\/oui-oui.es\/blog\/wp-json\/wp\/v2\/media\/8886"}],"wp:attachment":[{"href":"https:\/\/oui-oui.es\/blog\/wp-json\/wp\/v2\/media?parent=8876"}],"wp:term":[{"taxonomy":"category","embeddable":true,"href":"https:\/\/oui-oui.es\/blog\/wp-json\/wp\/v2\/categories?post=8876"},{"taxonomy":"post_tag","embeddable":true,"href":"https:\/\/oui-oui.es\/blog\/wp-json\/wp\/v2\/tags?post=8876"}],"curies":[{"name":"wp","href":"https:\/\/api.w.org\/{rel}","templated":true}]}}