{"id":9065,"date":"2018-05-16T13:04:04","date_gmt":"2018-05-16T11:04:04","guid":{"rendered":"https:\/\/oui-oui.es\/blog\/?p=9065"},"modified":"2018-05-16T13:04:04","modified_gmt":"2018-05-16T11:04:04","slug":"caprichos-de-verano","status":"publish","type":"post","link":"https:\/\/oui-oui.es\/blog\/caprichos-de-verano\/","title":{"rendered":"Caprichos de verano"},"content":{"rendered":"<p>Ahora si que s\u00ed, con el cambio de ropa terminado (aunque no ordenado del todo, he de reconocer), el sol, las terracitas&#8230;Apetece pensar en complementos de verano y, como de casualidad, en los \u00faltimos d\u00edas me he topado con varios accesorios y marcas que me han chiflado; <strong>zapatos, sombreros, un bolso y un traje de ba\u00f1o<\/strong>&#8230;Perfecto para <strong>empezar el verano con estilazo.<\/strong><\/p>\n<p>Los <strong>sombreros<\/strong> de <a href=\"https:\/\/www.mauloashop.net\/product-category\/accessories-mau-loa\/\" target=\"_blank\" rel=\"noopener\"><strong>Mau Loa Shop<\/strong><\/a><\/p>\n<p><img loading=\"lazy\" decoding=\"async\" class=\"aligncenter size-full wp-image-9066\" src=\"https:\/\/oui-oui.es\/blog\/wp-content\/uploads\/2018\/05\/Oui-Oui-wishlist-verano-sombrero-etnico-puka-hat-mauloa-shop.jpg\" alt=\"\" width=\"600\" height=\"840\" srcset=\"https:\/\/oui-oui.es\/blog\/wp-content\/uploads\/2018\/05\/Oui-Oui-wishlist-verano-sombrero-etnico-puka-hat-mauloa-shop.jpg 600w, https:\/\/oui-oui.es\/blog\/wp-content\/uploads\/2018\/05\/Oui-Oui-wishlist-verano-sombrero-etnico-puka-hat-mauloa-shop-214x300.jpg 214w, https:\/\/oui-oui.es\/blog\/wp-content\/uploads\/2018\/05\/Oui-Oui-wishlist-verano-sombrero-etnico-puka-hat-mauloa-shop-300x420.jpg 300w\" sizes=\"auto, (max-width: 600px) 100vw, 600px\" \/><\/p>\n<p><img loading=\"lazy\" decoding=\"async\" class=\"aligncenter size-large wp-image-9067\" src=\"https:\/\/oui-oui.es\/blog\/wp-content\/uploads\/2018\/05\/Oui-Oui-wishlist-verano-sombrero-pamela-tisco-hat-mauloa-shop.jpg\" alt=\"\" width=\"600\" height=\"840\" srcset=\"https:\/\/oui-oui.es\/blog\/wp-content\/uploads\/2018\/05\/Oui-Oui-wishlist-verano-sombrero-pamela-tisco-hat-mauloa-shop.jpg 600w, https:\/\/oui-oui.es\/blog\/wp-content\/uploads\/2018\/05\/Oui-Oui-wishlist-verano-sombrero-pamela-tisco-hat-mauloa-shop-214x300.jpg 214w, https:\/\/oui-oui.es\/blog\/wp-content\/uploads\/2018\/05\/Oui-Oui-wishlist-verano-sombrero-pamela-tisco-hat-mauloa-shop-300x420.jpg 300w\" sizes=\"auto, (max-width: 600px) 100vw, 600px\" \/><\/p>\n<p><strong>Este look de sombrero y bolso me flipa<\/strong><\/p>\n<p><img loading=\"lazy\" decoding=\"async\" class=\"aligncenter size-full wp-image-9068\" src=\"https:\/\/oui-oui.es\/blog\/wp-content\/uploads\/2018\/05\/Oui-Oui-kaftan-sombrero-bolso-mexicano-mau-loa-shop.jpg\" alt=\"\" width=\"481\" height=\"599\" srcset=\"https:\/\/oui-oui.es\/blog\/wp-content\/uploads\/2018\/05\/Oui-Oui-kaftan-sombrero-bolso-mexicano-mau-loa-shop.jpg 481w, https:\/\/oui-oui.es\/blog\/wp-content\/uploads\/2018\/05\/Oui-Oui-kaftan-sombrero-bolso-mexicano-mau-loa-shop-241x300.jpg 241w, https:\/\/oui-oui.es\/blog\/wp-content\/uploads\/2018\/05\/Oui-Oui-kaftan-sombrero-bolso-mexicano-mau-loa-shop-300x374.jpg 300w\" sizes=\"auto, (max-width: 481px) 100vw, 481px\" \/><\/p>\n<p>Desde siempre tengo predilecci\u00f3n por las prendas y accesorios con un toque \u00e9tnico, en especial por todo lo mexicano, por eso tuve un flechazo en cuanto vi estos <strong>huaraches en cuero y mostaza<\/strong> de <a href=\"http:\/\/pulaabrand.com\" target=\"_blank\" rel=\"noopener\"><strong>Pulaa<\/strong><\/a> que, adem\u00e1s, fabrica una peque\u00f1a empresa de manufactura sostenible en Sahuayo, Michoac\u00e1n, M\u00e9xico. Comandados por Alejandro, este peque\u00f1o grupo de artesanos ha conseguido un alt\u00edsimo nivel de calidad en nuestros Huaraches, comentan desde Pulaa.<\/p>\n<p>Tienen en muchos colores, todos fabricados en cuero de forma artesanal.<\/p>\n<p><img loading=\"lazy\" decoding=\"async\" class=\"aligncenter size-full wp-image-9069\" src=\"https:\/\/oui-oui.es\/blog\/wp-content\/uploads\/2018\/05\/Oui-Oui-zapatos-mexicanos-huaraches-madrid-Huarache-Sayula-Mustard-pulaa-brand.jpg\" alt=\"\" width=\"936\" height=\"644\" srcset=\"https:\/\/oui-oui.es\/blog\/wp-content\/uploads\/2018\/05\/Oui-Oui-zapatos-mexicanos-huaraches-madrid-Huarache-Sayula-Mustard-pulaa-brand.jpg 936w, https:\/\/oui-oui.es\/blog\/wp-content\/uploads\/2018\/05\/Oui-Oui-zapatos-mexicanos-huaraches-madrid-Huarache-Sayula-Mustard-pulaa-brand-300x206.jpg 300w, https:\/\/oui-oui.es\/blog\/wp-content\/uploads\/2018\/05\/Oui-Oui-zapatos-mexicanos-huaraches-madrid-Huarache-Sayula-Mustard-pulaa-brand-768x528.jpg 768w, https:\/\/oui-oui.es\/blog\/wp-content\/uploads\/2018\/05\/Oui-Oui-zapatos-mexicanos-huaraches-madrid-Huarache-Sayula-Mustard-pulaa-brand-600x413.jpg 600w\" sizes=\"auto, (max-width: 936px) 100vw, 936px\" \/><\/p>\n<p>&nbsp;<\/p>\n<p>Y, por \u00faltimo, un <strong>traje de ba\u00f1o<\/strong>, de <a href=\"https:\/\/baelle.es\" target=\"_blank\" rel=\"noopener\"><strong>Baelle<\/strong><\/a>, una joven marca sostenible (<strong>Baelle<\/strong>,\u00a0utiliza principalmente materiales\u00a0naturales y\u00a0org\u00e1nicos con el\u00a0objetivo de satisfacer las necesidades de las generaciones\u00a0actuales,\u00a0sin\u00a0da\u00f1ar recursos futuros) creada por 3 hermanosque seguro que os encanta, yo he fichado este traje de ba\u00f1o negro con volantes, aunque no s\u00e9 si me gusta m\u00e1s el guinda \ud83d\ude09<\/p>\n<p><img loading=\"lazy\" decoding=\"async\" class=\"aligncenter size-full wp-image-9071\" src=\"https:\/\/oui-oui.es\/blog\/wp-content\/uploads\/2018\/05\/Oui-Oui-traje-ba\u00f1o-volantes-negro-baelle-trajes-de-ba\u00f1o-org\u00e1nicos.jpg\" alt=\"\" width=\"478\" height=\"565\" srcset=\"https:\/\/oui-oui.es\/blog\/wp-content\/uploads\/2018\/05\/Oui-Oui-traje-ba\u00f1o-volantes-negro-baelle-trajes-de-ba\u00f1o-org\u00e1nicos.jpg 478w, https:\/\/oui-oui.es\/blog\/wp-content\/uploads\/2018\/05\/Oui-Oui-traje-ba\u00f1o-volantes-negro-baelle-trajes-de-ba\u00f1o-org\u00e1nicos-254x300.jpg 254w, https:\/\/oui-oui.es\/blog\/wp-content\/uploads\/2018\/05\/Oui-Oui-traje-ba\u00f1o-volantes-negro-baelle-trajes-de-ba\u00f1o-org\u00e1nicos-300x355.jpg 300w\" sizes=\"auto, (max-width: 478px) 100vw, 478px\" \/><\/p>\n<style>.eic-frame-9073 { width: 703px; height:669px; background-color: #444444; border: 1px solid #444444; }.eic-frame-9073 .eic-image { border: 1px solid #444444; }<\/style><div class=\"eic-container\"><div class=\"eic-frame eic-frame-9073 eic-frame-2-col\" data-layout-name=\"2-col\" data-orig-width=\"703\" data-orig-border=\"1\" data-ratio=\"1.05\"><div class=\"eic-cols\"><div class=\"eic-col eic-child-1\" style=\"top: 0; bottom: 0; left: 0; right: 50%; width: 50%;\"><div class=\"eic-image eic-image-0\" data-size-x=\"554\" data-size-y=\"669\" data-pos-x=\"-76\" data-pos-y=\"0\"><img decoding=\"async\" src=\"https:\/\/oui-oui.es\/blog\/wp-content\/uploads\/2018\/05\/Oui-Oui-traje-ba\u00f1o-volantes-negro-baelle-trajes-de-ba\u00f1o-sostenibles.jpg\" style=\"width: 554px !important;height: 669px !important;max-width: none !important;max-height: none !important;position: absolute !important;left: -76px !important;top: 0px !important;padding: 0 !important;margin: 0 !important;border: none !important;\" title=\"Oui Oui-traje ba\u00f1o volantes negro-baelle-trajes de ba\u00f1o sostenibles\" alt=\"Oui Oui-traje ba\u00f1o volantes negro-baelle-trajes de ba\u00f1o sostenibles\" \/><\/div><\/div><div class=\"eic-col eic-child-2\" style=\"top: 0; bottom: 0; right: 0; left: 50%; width: 50%;\"><div class=\"eic-image eic-image-1\" data-size-x=\"555\" data-size-y=\"669\" data-pos-x=\"-77\" data-pos-y=\"0\"><img decoding=\"async\" src=\"https:\/\/oui-oui.es\/blog\/wp-content\/uploads\/2018\/05\/Oui-Oui-traje-ba\u00f1o-volantes-guinda-baelle-trajes-de-ba\u00f1o-org\u00e1nicos.jpg\" style=\"width: 555px !important;height: 669px !important;max-width: none !important;max-height: none !important;position: absolute !important;left: -77px !important;top: 0px !important;padding: 0 !important;margin: 0 !important;border: none !important;\" title=\"Oui Oui-traje ba\u00f1o volantes guinda-baelle-trajes de ba\u00f1o org\u00e1nicos\" alt=\"Oui Oui-traje ba\u00f1o volantes guinda-baelle-trajes de ba\u00f1o org\u00e1nicos\" \/><\/div><\/div><\/div><\/div><\/div>\n<p>Adem\u00e1s, desde hoy hasta el viernes hacen una venta especial <strong>Baelle<\/strong> y <strong>Pulaa<\/strong> en colaboraci\u00f3n con la tienda <strong>Namur Collection <\/strong>(que tambien tiene cosas chul\u00edsimas), una oportunidad de ver algunos de estos accesorios en directo, probarte, etc&#8230;<\/p>\n<p><strong>Mi\u00e9rcoles, Jueves y Viernes de 11 a 20h en C\/General Arrando, 12<\/strong><\/p>\n<p>\u00a1Yo espero poder ir!<\/p>\n<p>&nbsp;<\/p>\n<p>&nbsp;<\/p>\n","protected":false},"excerpt":{"rendered":"<p>Ahora si que s\u00ed, con el cambio de ropa terminado (aunque no ordenado del todo, he de reconocer), el sol, las terracitas&#8230;Apetece pensar en complementos de verano y, como de casualidad, en los \u00faltimos d\u00edas me he topado con varios accesorios y marcas que me han chiflado; zapatos, sombreros, un bolso y un traje de [&hellip;]<\/p>\n","protected":false},"author":1,"featured_media":9068,"comment_status":"open","ping_status":"open","sticky":false,"template":"","format":"standard","meta":{"jetpack_post_was_ever_published":false,"_jetpack_newsletter_access":"","_jetpack_dont_email_post_to_subs":false,"_jetpack_newsletter_tier_id":0,"_jetpack_memberships_contains_paywalled_content":false,"_jetpack_memberships_contains_paid_content":false,"footnotes":"","jetpack_publicize_message":"","jetpack_publicize_feature_enabled":true,"jetpack_social_post_already_shared":true,"jetpack_social_options":{"image_generator_settings":{"template":"highway","default_image_id":0,"font":"","enabled":false},"version":2}},"categories":[199,177],"tags":[756,713,803,845,687,846],"class_list":["post-9065","post","type-post","status-publish","format-standard","has-post-thumbnail","hentry","category-dia-de-la-madre","category-lifestyle-2","tag-bolsos","tag-complementos","tag-moda","tag-sombreros","tag-verano","tag-zapatos"],"aioseo_notices":[],"jetpack_publicize_connections":[],"jetpack_featured_media_url":"https:\/\/oui-oui.es\/blog\/wp-content\/uploads\/2018\/05\/Oui-Oui-kaftan-sombrero-bolso-mexicano-mau-loa-shop.jpg","jetpack_sharing_enabled":true,"jetpack-related-posts":[{"id":3027,"url":"https:\/\/oui-oui.es\/blog\/wishlist-de-septiembre\/","url_meta":{"origin":9065,"position":0},"title":"Wishlist de septiembre","author":"Mar\u00eda \u2665Oui Oui\u2665","date":"1 septiembre, 2015","format":false,"excerpt":"Ya de vuelta al blog aprovecho que septiembre es un mes lleno de celebraciones para empezar de nuevo con las listas de deseos que tanto me gustan; celebramos cuatro a\u00f1os de casados y a los dos d\u00edas es mi Santo (un tanto olvidado desde hace dos a\u00f1os porque coincide con\u2026","rel":"","context":"En \u00abESTILO DE VIDA\u00bb","block_context":{"text":"ESTILO DE VIDA","link":"https:\/\/oui-oui.es\/blog\/category\/lifestyle-2\/"},"img":{"alt_text":"","src":"https:\/\/i0.wp.com\/oui-oui.es\/blog\/wp-content\/uploads\/2015\/09\/Oui-Oui-algo-sucede-ultimo-disco-2015-julieta-venegas.jpg?resize=350%2C200&ssl=1","width":350,"height":200,"srcset":"https:\/\/i0.wp.com\/oui-oui.es\/blog\/wp-content\/uploads\/2015\/09\/Oui-Oui-algo-sucede-ultimo-disco-2015-julieta-venegas.jpg?resize=350%2C200&ssl=1 1x, https:\/\/i0.wp.com\/oui-oui.es\/blog\/wp-content\/uploads\/2015\/09\/Oui-Oui-algo-sucede-ultimo-disco-2015-julieta-venegas.jpg?resize=525%2C300&ssl=1 1.5x"},"classes":[]},{"id":2045,"url":"https:\/\/oui-oui.es\/blog\/los-divertidos-zapatos-de-calita-shoes\/","url_meta":{"origin":9065,"position":1},"title":"Los divertidos zapatos de Calita Shoes","author":"Mar\u00eda \u2665Oui Oui\u2665","date":"13 abril, 2015","format":false,"excerpt":"La semana pasada descubr\u00ed Calita Shoes, una\u00a0divertida marca de zapatos, con versi\u00f3n sleeper y alpargata, que me sorprendi\u00f3, su frescura y su originalidad La versi\u00f3n en alpargata dise\u00f1ada por Blanca Mir\u00f3 es\u00a0perfecta para primavera verano, con un toque pop parece que alegran el look s\u00f3lo con sus iconos, la de\u2026","rel":"","context":"En \u00abESTILO DE VIDA\u00bb","block_context":{"text":"ESTILO DE VIDA","link":"https:\/\/oui-oui.es\/blog\/category\/lifestyle-2\/"},"img":{"alt_text":"","src":"https:\/\/i0.wp.com\/oui-oui.es\/blog\/wp-content\/uploads\/2015\/04\/oui-oui-zapatos-sleepers-calita-shoes-caca-whatsapp.png?resize=350%2C200&ssl=1","width":350,"height":200,"srcset":"https:\/\/i0.wp.com\/oui-oui.es\/blog\/wp-content\/uploads\/2015\/04\/oui-oui-zapatos-sleepers-calita-shoes-caca-whatsapp.png?resize=350%2C200&ssl=1 1x, https:\/\/i0.wp.com\/oui-oui.es\/blog\/wp-content\/uploads\/2015\/04\/oui-oui-zapatos-sleepers-calita-shoes-caca-whatsapp.png?resize=525%2C300&ssl=1 1.5x"},"classes":[]},{"id":4323,"url":"https:\/\/oui-oui.es\/blog\/marchando-una-de-sandia\/","url_meta":{"origin":9065,"position":2},"title":"Marchando una de sand\u00eda","author":"Mar\u00eda \u2665Oui Oui\u2665","date":"19 mayo, 2016","format":false,"excerpt":"Una de mis frutas favoritas, la sand\u00eda, se ha ganado por m\u00e9ritos propios ser la fruta del verano,ya de por s\u00ed es una gran protagonista todos los veranos (yo me pasar\u00eda el d\u00eda bebiendo zumo de sand\u00eda!) pero los pr\u00f3ximos meses saltar\u00e1 de la mesa a tu armario, a tu\u2026","rel":"","context":"En \u00abDECORACI\u00d3N\u00bb","block_context":{"text":"DECORACI\u00d3N","link":"https:\/\/oui-oui.es\/blog\/category\/decoracion-de-casa\/"},"img":{"alt_text":"","src":"https:\/\/i0.wp.com\/oui-oui.es\/blog\/wp-content\/uploads\/2016\/05\/Oui-Oui-felpudo-sand%C3%ADa-watermelon-doormat-rojo-y-verde.jpg?resize=350%2C200&ssl=1","width":350,"height":200,"srcset":"https:\/\/i0.wp.com\/oui-oui.es\/blog\/wp-content\/uploads\/2016\/05\/Oui-Oui-felpudo-sand%C3%ADa-watermelon-doormat-rojo-y-verde.jpg?resize=350%2C200&ssl=1 1x, https:\/\/i0.wp.com\/oui-oui.es\/blog\/wp-content\/uploads\/2016\/05\/Oui-Oui-felpudo-sand%C3%ADa-watermelon-doormat-rojo-y-verde.jpg?resize=525%2C300&ssl=1 1.5x, https:\/\/i0.wp.com\/oui-oui.es\/blog\/wp-content\/uploads\/2016\/05\/Oui-Oui-felpudo-sand%C3%ADa-watermelon-doormat-rojo-y-verde.jpg?resize=700%2C400&ssl=1 2x"},"classes":[]},{"id":10574,"url":"https:\/\/oui-oui.es\/blog\/recuerdos-de-verano\/","url_meta":{"origin":9065,"position":3},"title":"Recuerdos de verano","author":"Mar\u00eda \u2665Oui Oui\u2665","date":"23 julio, 2020","format":false,"excerpt":"No s\u00e9 si os pasa a vosotros, pero el verano es una \u00e9poca que no se olvida, a\u00f1o tras a\u00f1o. No recuerdas igual el resto de las estaciones\u2026 \u00bfQu\u00e9 hiciste la primavera del \u00faltimo a\u00f1o de Bachillerato? \u00bfy el oto\u00f1o del primer a\u00f1o de carrera? Yo no me acuerdo\u2026Del invierno\u2026","rel":"","context":"En \u00abSin categor\u00eda\u00bb","block_context":{"text":"Sin categor\u00eda","link":"https:\/\/oui-oui.es\/blog\/category\/sin-categoria\/"},"img":{"alt_text":"","src":"https:\/\/i0.wp.com\/oui-oui.es\/blog\/wp-content\/uploads\/2020\/07\/Bajar-el-rio-en-donuts.jpg?resize=350%2C200&ssl=1","width":350,"height":200},"classes":[]},{"id":2134,"url":"https:\/\/oui-oui.es\/blog\/los-bolsos-zubi-convertidos-en-obras-de-arte\/","url_meta":{"origin":9065,"position":4},"title":"Los bolsos Zubi convertidos en obras de arte","author":"Mar\u00eda \u2665Oui Oui\u2665","date":"20 abril, 2015","format":false,"excerpt":"Soy fan de Zubi, muy fan. Compr\u00e9 mi primer bolso el verano de 2012 cuando vend\u00edan por Etsy unidades limitadas, no las conoc\u00eda de nada, pero los bolsos me chiflaron tanto que tuve que correr a por uno para que me acompa\u00f1ara todo el verano; el Varadero. Desde entonces me\u2026","rel":"","context":"En \u00abESTILO DE VIDA\u00bb","block_context":{"text":"ESTILO DE VIDA","link":"https:\/\/oui-oui.es\/blog\/category\/lifestyle-2\/"},"img":{"alt_text":"","src":"https:\/\/i0.wp.com\/oui-oui.es\/blog\/wp-content\/uploads\/2015\/04\/oui-oui-zubi-design-bolsos-zubi-dalmatia.jpg?resize=350%2C200&ssl=1","width":350,"height":200,"srcset":"https:\/\/i0.wp.com\/oui-oui.es\/blog\/wp-content\/uploads\/2015\/04\/oui-oui-zubi-design-bolsos-zubi-dalmatia.jpg?resize=350%2C200&ssl=1 1x, https:\/\/i0.wp.com\/oui-oui.es\/blog\/wp-content\/uploads\/2015\/04\/oui-oui-zubi-design-bolsos-zubi-dalmatia.jpg?resize=525%2C300&ssl=1 1.5x, https:\/\/i0.wp.com\/oui-oui.es\/blog\/wp-content\/uploads\/2015\/04\/oui-oui-zubi-design-bolsos-zubi-dalmatia.jpg?resize=700%2C400&ssl=1 2x"},"classes":[]},{"id":824,"url":"https:\/\/oui-oui.es\/blog\/los-capazos-del-verano\/","url_meta":{"origin":9065,"position":5},"title":"Los capazos del verano","author":"Mar\u00eda \u2665Oui Oui\u2665","date":"23 junio, 2013","format":false,"excerpt":"Por fin ha llegado el calorcito de verdad!! Y para celebrarlo, tambi\u00e9n han llegado a Oui Oui m\u00e1s cestas y capazos para la playa, decorados con preciosos colores y dibujos. Para la playa los modelos m\u00e1s c\u00f3modos son el mediano (para una persona sola) y el grande (si vas en\u2026","rel":"","context":"En \u00abESTILO DE VIDA\u00bb","block_context":{"text":"ESTILO DE VIDA","link":"https:\/\/oui-oui.es\/blog\/category\/lifestyle-2\/"},"img":{"alt_text":"","src":"https:\/\/i0.wp.com\/oui-oui.es\/blog\/wp-content\/uploads\/cesta-playa.jpg?resize=350%2C200&ssl=1","width":350,"height":200,"srcset":"https:\/\/i0.wp.com\/oui-oui.es\/blog\/wp-content\/uploads\/cesta-playa.jpg?resize=350%2C200&ssl=1 1x, https:\/\/i0.wp.com\/oui-oui.es\/blog\/wp-content\/uploads\/cesta-playa.jpg?resize=525%2C300&ssl=1 1.5x, https:\/\/i0.wp.com\/oui-oui.es\/blog\/wp-content\/uploads\/cesta-playa.jpg?resize=700%2C400&ssl=1 2x, https:\/\/i0.wp.com\/oui-oui.es\/blog\/wp-content\/uploads\/cesta-playa.jpg?resize=1050%2C600&ssl=1 3x, https:\/\/i0.wp.com\/oui-oui.es\/blog\/wp-content\/uploads\/cesta-playa.jpg?resize=1400%2C800&ssl=1 4x"},"classes":[]}],"_links":{"self":[{"href":"https:\/\/oui-oui.es\/blog\/wp-json\/wp\/v2\/posts\/9065","targetHints":{"allow":["GET"]}}],"collection":[{"href":"https:\/\/oui-oui.es\/blog\/wp-json\/wp\/v2\/posts"}],"about":[{"href":"https:\/\/oui-oui.es\/blog\/wp-json\/wp\/v2\/types\/post"}],"author":[{"embeddable":true,"href":"https:\/\/oui-oui.es\/blog\/wp-json\/wp\/v2\/users\/1"}],"replies":[{"embeddable":true,"href":"https:\/\/oui-oui.es\/blog\/wp-json\/wp\/v2\/comments?post=9065"}],"version-history":[{"count":1,"href":"https:\/\/oui-oui.es\/blog\/wp-json\/wp\/v2\/posts\/9065\/revisions"}],"predecessor-version":[{"id":9074,"href":"https:\/\/oui-oui.es\/blog\/wp-json\/wp\/v2\/posts\/9065\/revisions\/9074"}],"wp:featuredmedia":[{"embeddable":true,"href":"https:\/\/oui-oui.es\/blog\/wp-json\/wp\/v2\/media\/9068"}],"wp:attachment":[{"href":"https:\/\/oui-oui.es\/blog\/wp-json\/wp\/v2\/media?parent=9065"}],"wp:term":[{"taxonomy":"category","embeddable":true,"href":"https:\/\/oui-oui.es\/blog\/wp-json\/wp\/v2\/categories?post=9065"},{"taxonomy":"post_tag","embeddable":true,"href":"https:\/\/oui-oui.es\/blog\/wp-json\/wp\/v2\/tags?post=9065"}],"curies":[{"name":"wp","href":"https:\/\/api.w.org\/{rel}","templated":true}]}}