{"id":9101,"date":"2018-05-28T18:01:45","date_gmt":"2018-05-28T16:01:45","guid":{"rendered":"https:\/\/oui-oui.es\/blog\/?p=9101"},"modified":"2018-05-28T18:01:45","modified_gmt":"2018-05-28T16:01:45","slug":"decorar-con-cabezas-de-animales-de-peluche-con-cual-te-quedas","status":"publish","type":"post","link":"https:\/\/oui-oui.es\/blog\/decorar-con-cabezas-de-animales-de-peluche-con-cual-te-quedas\/","title":{"rendered":"Decorar con cabezas de animales de peluche \u00bfCon cu\u00e1l te quedas?"},"content":{"rendered":"<p><a href=\"https:\/\/www.oui-oui.es\/detalles-decoracion-ninos-habitacion-pinterest\/216-cabeza-peluche-elefante.html?search_query=cabeza&amp;results=7\"><img loading=\"lazy\" decoding=\"async\" class=\"aligncenter size-large wp-image-9108\" src=\"https:\/\/oui-oui.es\/blog\/wp-content\/uploads\/2018\/05\/Oui-Oui-cabezas-de-peluche-con-tocados-Rita-Von-Foto-Elena-Bau-3-1024x683.jpg\" alt=\"\" width=\"1024\" height=\"683\" srcset=\"https:\/\/oui-oui.es\/blog\/wp-content\/uploads\/2018\/05\/Oui-Oui-cabezas-de-peluche-con-tocados-Rita-Von-Foto-Elena-Bau-3-1024x683.jpg 1024w, https:\/\/oui-oui.es\/blog\/wp-content\/uploads\/2018\/05\/Oui-Oui-cabezas-de-peluche-con-tocados-Rita-Von-Foto-Elena-Bau-3-300x200.jpg 300w, https:\/\/oui-oui.es\/blog\/wp-content\/uploads\/2018\/05\/Oui-Oui-cabezas-de-peluche-con-tocados-Rita-Von-Foto-Elena-Bau-3-768x512.jpg 768w, https:\/\/oui-oui.es\/blog\/wp-content\/uploads\/2018\/05\/Oui-Oui-cabezas-de-peluche-con-tocados-Rita-Von-Foto-Elena-Bau-3-600x400.jpg 600w, https:\/\/oui-oui.es\/blog\/wp-content\/uploads\/2018\/05\/Oui-Oui-cabezas-de-peluche-con-tocados-Rita-Von-Foto-Elena-Bau-3-640x427.jpg 640w\" sizes=\"auto, (max-width: 1024px) 100vw, 1024px\" \/><\/a><\/p>\n<p>Desde que empezamos a decorar la habitaci\u00f3n de Mart\u00edn ten\u00eda claro que quer\u00f1ia poner una <strong>cabeza de animal de peluche<\/strong>, me decant\u00e9 por la <a href=\"https:\/\/www.oui-oui.es\/detalles-decoracion-ninos-habitacion-pinterest\/216-cabeza-peluche-elefante.html?search_query=cabeza&amp;results=6\" target=\"_blank\" rel=\"noopener\"><strong>cabeza de peluche de elefante<\/strong><\/a> (de hecho, en una maqueta-mini mundo que le encargu\u00e9 a <strong>Rebeca de Terr\u00f3n de Az\u00facar<\/strong> y que result\u00f3 ser s\u00faper sorpresa, tiene hasta su mini cabeza de elefante de peluche), pero luego, seg\u00fan iba trayendo m\u00e1s animales a la tienda y los colgaba para hacer las fotos, me gustaban tambi\u00e9n otros muchos, como <a href=\"https:\/\/www.oui-oui.es\/detalles-decoracion-ninos-habitacion-pinterest\/542-cabeza-peluche-alce.html?search_query=cabeza&amp;results=6\" target=\"_blank\" rel=\"noopener\"><strong>el tigre<\/strong><\/a>, por ejemplo.<\/p>\n<p><a href=\"https:\/\/www.oui-oui.es\/detalles-decoracion-ninos-habitacion-pinterest\/542-cabeza-peluche-alce.html?search_query=cabeza&amp;results=6\"><img loading=\"lazy\" decoding=\"async\" class=\"aligncenter size-full wp-image-9107\" src=\"https:\/\/oui-oui.es\/blog\/wp-content\/uploads\/2018\/05\/Oui-OUi-cabeza-peluche-tigre-dierenkop-trofee-tijger-felix-bibib-wild-and-soft-4-600x600.jpg\" alt=\"\" width=\"600\" height=\"600\" srcset=\"https:\/\/oui-oui.es\/blog\/wp-content\/uploads\/2018\/05\/Oui-OUi-cabeza-peluche-tigre-dierenkop-trofee-tijger-felix-bibib-wild-and-soft-4-600x600.jpg 600w, https:\/\/oui-oui.es\/blog\/wp-content\/uploads\/2018\/05\/Oui-OUi-cabeza-peluche-tigre-dierenkop-trofee-tijger-felix-bibib-wild-and-soft-4-600x600-150x150.jpg 150w, https:\/\/oui-oui.es\/blog\/wp-content\/uploads\/2018\/05\/Oui-OUi-cabeza-peluche-tigre-dierenkop-trofee-tijger-felix-bibib-wild-and-soft-4-600x600-300x300.jpg 300w\" sizes=\"auto, (max-width: 600px) 100vw, 600px\" \/><\/a><\/p>\n<p>Me dije a m\u00ed misma que en el siguiente pedido que viniera a la tienda decidir\u00eda finalmente qu\u00e9 animal se quedar\u00eda en la habitaci\u00f3n y, en un alarde de compartirlo con mis hijos les pregunt\u00e9 que animal les gustar\u00eda m\u00e1s&#8230;<\/p>\n<p>Y, claro, hay <strong>NOVEDADES<\/strong> como la <a href=\"https:\/\/www.oui-oui.es\/detalles-decoracion-ninos-habitacion-pinterest\/646-cabeza-peluche-oso-pardo.html?search_query=cabeza&amp;results=6\" target=\"_blank\" rel=\"noopener\"><strong>cabeza de dinosaurio de peluche<\/strong><\/a>&#8230;\u00bfQu\u00e9 animal cre\u00e9is que eligi\u00f3 mi hijo de 4 a\u00f1os y medio?; el dinosaurio&#8230;Si quer\u00e9is hacer un <strong>regalazo a un ni\u00f1o entre 4 y 6 a\u00f1os<\/strong>, <strong>sin duda la cabeza de dinosaurio es la elecci\u00f3n<\/strong>, pero, como madre, la verdad es que no me cuadraba mucho una cabeza verde en la pared&#8230;je,je<\/p>\n<p><a href=\"https:\/\/www.oui-oui.es\/detalles-decoracion-ninos-habitacion-pinterest\/646-cabeza-peluche-oso-pardo.html?search_query=cabeza&amp;results=6\"><img loading=\"lazy\" decoding=\"async\" class=\"aligncenter size-large wp-image-9105\" src=\"https:\/\/oui-oui.es\/blog\/wp-content\/uploads\/2018\/05\/Oui-Oui-cabeza-dinosaurio-peluche-cabeza-peluche-dinosaurio-wild-and-soft-dino-soft-head-trophy-2-1024x1024.jpg\" alt=\"\" width=\"1024\" height=\"1024\" srcset=\"https:\/\/oui-oui.es\/blog\/wp-content\/uploads\/2018\/05\/Oui-Oui-cabeza-dinosaurio-peluche-cabeza-peluche-dinosaurio-wild-and-soft-dino-soft-head-trophy-2-1024x1024.jpg 1024w, https:\/\/oui-oui.es\/blog\/wp-content\/uploads\/2018\/05\/Oui-Oui-cabeza-dinosaurio-peluche-cabeza-peluche-dinosaurio-wild-and-soft-dino-soft-head-trophy-2-150x150.jpg 150w, https:\/\/oui-oui.es\/blog\/wp-content\/uploads\/2018\/05\/Oui-Oui-cabeza-dinosaurio-peluche-cabeza-peluche-dinosaurio-wild-and-soft-dino-soft-head-trophy-2-300x300.jpg 300w, https:\/\/oui-oui.es\/blog\/wp-content\/uploads\/2018\/05\/Oui-Oui-cabeza-dinosaurio-peluche-cabeza-peluche-dinosaurio-wild-and-soft-dino-soft-head-trophy-2-768x768.jpg 768w, https:\/\/oui-oui.es\/blog\/wp-content\/uploads\/2018\/05\/Oui-Oui-cabeza-dinosaurio-peluche-cabeza-peluche-dinosaurio-wild-and-soft-dino-soft-head-trophy-2-600x600.jpg 600w, https:\/\/oui-oui.es\/blog\/wp-content\/uploads\/2018\/05\/Oui-Oui-cabeza-dinosaurio-peluche-cabeza-peluche-dinosaurio-wild-and-soft-dino-soft-head-trophy-2-640x640.jpg 640w\" sizes=\"auto, (max-width: 1024px) 100vw, 1024px\" \/><\/a><\/p>\n<p>Por supuesto, tambi\u00e9n pregunt\u00e9 a mi hija peque\u00f1a, de 2 a\u00f1os, qu\u00e9 animal le gustar\u00eda y, con mucha seguridad, me afirm\u00f3 \u00abuno rosa\u00bb, al comentarlo con una amiga, me dec\u00eda, ah bueno, como no hay animal rosa, no pasa nada, elige el que quieras&#8230;pero resulta \u00a1qu\u00e9 si lo hay! <a href=\"https:\/\/www.oui-oui.es\/detalles-decoracion-ninos-habitacion-pinterest\/221-cabeza-peluche-jirafa.html?search_query=cabeza&amp;results=6\" target=\"_blank\" rel=\"noopener\"><strong>\u00a1la cabeza de flamenco!<\/strong><\/a>, que es una monada, la verdad, pero que me sigue haciendo dudar con el elefante&#8230;<\/p>\n<p><a href=\"https:\/\/www.oui-oui.es\/detalles-decoracion-ninos-habitacion-pinterest\/221-cabeza-peluche-jirafa.html?search_query=cabeza&amp;results=6\"><img loading=\"lazy\" decoding=\"async\" class=\"aligncenter size-large wp-image-9106\" src=\"https:\/\/oui-oui.es\/blog\/wp-content\/uploads\/2018\/05\/Oui-Oui-cabeza-peluche-flamenco-rosa-1024x1024.jpg\" alt=\"\" width=\"1024\" height=\"1024\" srcset=\"https:\/\/oui-oui.es\/blog\/wp-content\/uploads\/2018\/05\/Oui-Oui-cabeza-peluche-flamenco-rosa-1024x1024.jpg 1024w, https:\/\/oui-oui.es\/blog\/wp-content\/uploads\/2018\/05\/Oui-Oui-cabeza-peluche-flamenco-rosa-150x150.jpg 150w, https:\/\/oui-oui.es\/blog\/wp-content\/uploads\/2018\/05\/Oui-Oui-cabeza-peluche-flamenco-rosa-300x300.jpg 300w, https:\/\/oui-oui.es\/blog\/wp-content\/uploads\/2018\/05\/Oui-Oui-cabeza-peluche-flamenco-rosa-768x768.jpg 768w, https:\/\/oui-oui.es\/blog\/wp-content\/uploads\/2018\/05\/Oui-Oui-cabeza-peluche-flamenco-rosa-600x600.jpg 600w, https:\/\/oui-oui.es\/blog\/wp-content\/uploads\/2018\/05\/Oui-Oui-cabeza-peluche-flamenco-rosa-640x640.jpg 640w\" sizes=\"auto, (max-width: 1024px) 100vw, 1024px\" \/><\/a><\/p>\n<p>En la sierra tambi\u00e9n tenemos una <strong>cabeza de peluche de decoraci\u00f3n<\/strong>, para las fotos siempre utilic\u00e9 la <a href=\"https:\/\/www.oui-oui.es\/detalles-decoracion-ninos-habitacion-pinterest\/1444-cabeza-peluche-alce.html?search_query=cabeza&amp;results=7\" target=\"_blank\" rel=\"noopener\"><strong>cabeza de alce<\/strong><\/a>, pero ahora <strong>lleg\u00f3 un conejo nuevo que es gracios\u00edsimo<\/strong>, cuyas orejas puedes moldear y que me encanta por su relaci\u00f3n con el bosque&#8230;\u00bfCon cu\u00e1l os quedar\u00edais?<\/p>\n<p><a href=\"https:\/\/www.oui-oui.es\/detalles-decoracion-ninos-habitacion-pinterest\/1444-cabeza-peluche-alce.html?search_query=cabeza&amp;results=7\"><img loading=\"lazy\" decoding=\"async\" class=\"aligncenter size-large wp-image-9109\" src=\"https:\/\/oui-oui.es\/blog\/wp-content\/uploads\/2018\/05\/Oui-Oui-cabez-apeluche-alce-bibib-arce--1024x1024.jpg\" alt=\"\" width=\"1024\" height=\"1024\" srcset=\"https:\/\/oui-oui.es\/blog\/wp-content\/uploads\/2018\/05\/Oui-Oui-cabez-apeluche-alce-bibib-arce--1024x1024.jpg 1024w, https:\/\/oui-oui.es\/blog\/wp-content\/uploads\/2018\/05\/Oui-Oui-cabez-apeluche-alce-bibib-arce--150x150.jpg 150w, https:\/\/oui-oui.es\/blog\/wp-content\/uploads\/2018\/05\/Oui-Oui-cabez-apeluche-alce-bibib-arce--300x300.jpg 300w, https:\/\/oui-oui.es\/blog\/wp-content\/uploads\/2018\/05\/Oui-Oui-cabez-apeluche-alce-bibib-arce--768x768.jpg 768w, https:\/\/oui-oui.es\/blog\/wp-content\/uploads\/2018\/05\/Oui-Oui-cabez-apeluche-alce-bibib-arce--600x600.jpg 600w, https:\/\/oui-oui.es\/blog\/wp-content\/uploads\/2018\/05\/Oui-Oui-cabez-apeluche-alce-bibib-arce--640x640.jpg 640w\" sizes=\"auto, (max-width: 1024px) 100vw, 1024px\" \/><\/a><\/p>\n<p><a href=\"https:\/\/www.oui-oui.es\/detalles-decoracion-ninos-habitacion-pinterest\/1438-cabeza-peluche-conejo.html?search_query=cabeza&amp;results=7\"><img loading=\"lazy\" decoding=\"async\" class=\"aligncenter size-large wp-image-9110\" src=\"https:\/\/oui-oui.es\/blog\/wp-content\/uploads\/2018\/05\/Oui-Oui-cabeza-conejo-peluche-cabezas-peluche-wild-and-soft-bunny-bibib--1024x1024.jpg\" alt=\"\" width=\"1024\" height=\"1024\" srcset=\"https:\/\/oui-oui.es\/blog\/wp-content\/uploads\/2018\/05\/Oui-Oui-cabeza-conejo-peluche-cabezas-peluche-wild-and-soft-bunny-bibib--1024x1024.jpg 1024w, https:\/\/oui-oui.es\/blog\/wp-content\/uploads\/2018\/05\/Oui-Oui-cabeza-conejo-peluche-cabezas-peluche-wild-and-soft-bunny-bibib--150x150.jpg 150w, https:\/\/oui-oui.es\/blog\/wp-content\/uploads\/2018\/05\/Oui-Oui-cabeza-conejo-peluche-cabezas-peluche-wild-and-soft-bunny-bibib--300x300.jpg 300w, https:\/\/oui-oui.es\/blog\/wp-content\/uploads\/2018\/05\/Oui-Oui-cabeza-conejo-peluche-cabezas-peluche-wild-and-soft-bunny-bibib--768x768.jpg 768w, https:\/\/oui-oui.es\/blog\/wp-content\/uploads\/2018\/05\/Oui-Oui-cabeza-conejo-peluche-cabezas-peluche-wild-and-soft-bunny-bibib--600x600.jpg 600w, https:\/\/oui-oui.es\/blog\/wp-content\/uploads\/2018\/05\/Oui-Oui-cabeza-conejo-peluche-cabezas-peluche-wild-and-soft-bunny-bibib--640x640.jpg 640w\" sizes=\"auto, (max-width: 1024px) 100vw, 1024px\" \/><\/a><\/p>\n<p><a href=\"https:\/\/www.oui-oui.es\/detalles-decoracion-ninos-habitacion-pinterest\/1438-cabeza-peluche-conejo.html?search_query=cabeza&amp;results=7\"><img loading=\"lazy\" decoding=\"async\" class=\"aligncenter size-large wp-image-9104\" src=\"https:\/\/oui-oui.es\/blog\/wp-content\/uploads\/2018\/05\/Oui-Oui-cabeza-conejo-peluche-cabezas-peluche-wild-and-soft-4-1024x1024.jpg\" alt=\"\" width=\"1024\" height=\"1024\" srcset=\"https:\/\/oui-oui.es\/blog\/wp-content\/uploads\/2018\/05\/Oui-Oui-cabeza-conejo-peluche-cabezas-peluche-wild-and-soft-4-1024x1024.jpg 1024w, https:\/\/oui-oui.es\/blog\/wp-content\/uploads\/2018\/05\/Oui-Oui-cabeza-conejo-peluche-cabezas-peluche-wild-and-soft-4-150x150.jpg 150w, https:\/\/oui-oui.es\/blog\/wp-content\/uploads\/2018\/05\/Oui-Oui-cabeza-conejo-peluche-cabezas-peluche-wild-and-soft-4-300x300.jpg 300w, https:\/\/oui-oui.es\/blog\/wp-content\/uploads\/2018\/05\/Oui-Oui-cabeza-conejo-peluche-cabezas-peluche-wild-and-soft-4-768x768.jpg 768w, https:\/\/oui-oui.es\/blog\/wp-content\/uploads\/2018\/05\/Oui-Oui-cabeza-conejo-peluche-cabezas-peluche-wild-and-soft-4-600x600.jpg 600w, https:\/\/oui-oui.es\/blog\/wp-content\/uploads\/2018\/05\/Oui-Oui-cabeza-conejo-peluche-cabezas-peluche-wild-and-soft-4-640x640.jpg 640w\" sizes=\"auto, (max-width: 1024px) 100vw, 1024px\" \/><\/a><\/p>\n<p>Por cierto, <strong>\u00bfsab\u00edais que muchos adultos utlizan las cabezas de animales de peluche para decorar?<\/strong>, es decir, nos\u00f3lo para habitaciones de ni\u00f1os, sino de j\u00f3venes y chicos solteros&#8230;Para ellos trajimos tambi\u00e9n <strong>el b\u00fafalo<\/strong>.<\/p>\n<p><a href=\"https:\/\/www.oui-oui.es\/buscar?controller=search&amp;orderby=position&amp;orderway=desc&amp;search-cat-select=0&amp;search_query=cabeza&amp;submit_search=ttp:\/\/\"><img loading=\"lazy\" decoding=\"async\" class=\"aligncenter size-large wp-image-9102\" src=\"https:\/\/oui-oui.es\/blog\/wp-content\/uploads\/2018\/05\/Oui-Oui-cabez-peluche-b\u00fafalo-bufalo-head-trophy-wild-and-soft-2-1024x1024.jpg\" alt=\"\" width=\"1024\" height=\"1024\" srcset=\"https:\/\/oui-oui.es\/blog\/wp-content\/uploads\/2018\/05\/Oui-Oui-cabez-peluche-b\u00fafalo-bufalo-head-trophy-wild-and-soft-2-1024x1024.jpg 1024w, https:\/\/oui-oui.es\/blog\/wp-content\/uploads\/2018\/05\/Oui-Oui-cabez-peluche-b\u00fafalo-bufalo-head-trophy-wild-and-soft-2-150x150.jpg 150w, https:\/\/oui-oui.es\/blog\/wp-content\/uploads\/2018\/05\/Oui-Oui-cabez-peluche-b\u00fafalo-bufalo-head-trophy-wild-and-soft-2-300x300.jpg 300w, https:\/\/oui-oui.es\/blog\/wp-content\/uploads\/2018\/05\/Oui-Oui-cabez-peluche-b\u00fafalo-bufalo-head-trophy-wild-and-soft-2-768x768.jpg 768w, https:\/\/oui-oui.es\/blog\/wp-content\/uploads\/2018\/05\/Oui-Oui-cabez-peluche-b\u00fafalo-bufalo-head-trophy-wild-and-soft-2-600x600.jpg 600w, https:\/\/oui-oui.es\/blog\/wp-content\/uploads\/2018\/05\/Oui-Oui-cabez-peluche-b\u00fafalo-bufalo-head-trophy-wild-and-soft-2-640x640.jpg 640w\" sizes=\"auto, (max-width: 1024px) 100vw, 1024px\" \/><\/a><\/p>\n<p>Ahora necesito vuestra ayuda&#8230;\u00bf<strong>Decoro como a m\u00ed me apetezca o sucumbo a las ideas de mis hijos?<\/strong> (que, por otro lado, no me lo repiten, simplemente me contestaron a la pregunta ese d\u00eda)&#8230;Siempre podr\u00e1n leer este post dentro de unos a\u00f1os y ver la decisi\u00f3n por la que opt\u00e9 \ud83d\ude09<\/p>\n","protected":false},"excerpt":{"rendered":"<p>Desde que empezamos a decorar la habitaci\u00f3n de Mart\u00edn ten\u00eda claro que quer\u00f1ia poner una cabeza de animal de peluche, me decant\u00e9 por la cabeza de peluche de elefante (de hecho, en una maqueta-mini mundo que le encargu\u00e9 a Rebeca de Terr\u00f3n de Az\u00facar y que result\u00f3 ser s\u00faper sorpresa, tiene hasta su mini cabeza [&hellip;]<\/p>\n","protected":false},"author":1,"featured_media":9108,"comment_status":"open","ping_status":"open","sticky":false,"template":"","format":"standard","meta":{"jetpack_post_was_ever_published":false,"_jetpack_newsletter_access":"","_jetpack_dont_email_post_to_subs":false,"_jetpack_newsletter_tier_id":0,"_jetpack_memberships_contains_paywalled_content":false,"_jetpack_memberships_contains_paid_content":false,"footnotes":"","jetpack_publicize_message":"","jetpack_publicize_feature_enabled":true,"jetpack_social_post_already_shared":true,"jetpack_social_options":{"image_generator_settings":{"template":"highway","default_image_id":0,"font":"","enabled":false},"version":2}},"categories":[174],"tags":[720,746],"class_list":["post-9101","post","type-post","status-publish","format-standard","has-post-thumbnail","hentry","category-ninos","tag-deco-bebes","tag-deco-ninos"],"aioseo_notices":[],"jetpack_publicize_connections":[],"jetpack_featured_media_url":"https:\/\/oui-oui.es\/blog\/wp-content\/uploads\/2018\/05\/Oui-Oui-cabezas-de-peluche-con-tocados-Rita-Von-Foto-Elena-Bau-3.jpg","jetpack_sharing_enabled":true,"jetpack-related-posts":[{"id":3988,"url":"https:\/\/oui-oui.es\/blog\/todo-es-mejor-con-un-unicornio\/","url_meta":{"origin":9101,"position":0},"title":"Todo es mejor con un unicornio","author":"Mar\u00eda \u2665Oui Oui\u2665","date":"29 enero, 2016","format":false,"excerpt":"Recuerdo cuando el a\u00f1o pasado me fui a Singapur y le dije a mi amiga Ester \"tenemos que encontrar cosas de unicornios, son mi nueva obsesi\u00f3n\", en esos momentos en Oui Oui ya ten\u00edamos el platito unicornio y una cabeza de unicornio de cart\u00f3n, pero yo quer\u00eda m\u00e1s! Poco a\u2026","rel":"","context":"En \u00abFIESTAS y CELEBRACIONES\u00bb","block_context":{"text":"FIESTAS y CELEBRACIONES","link":"https:\/\/oui-oui.es\/blog\/category\/fiestas-celebraciones\/"},"img":{"alt_text":"","src":"https:\/\/i0.wp.com\/oui-oui.es\/blog\/wp-content\/uploads\/2016\/01\/Oui-Oui-filetes-de-unicornio-unicorn-filets-tendencia-unicornios-logo.jpg?resize=350%2C200&ssl=1","width":350,"height":200,"srcset":"https:\/\/i0.wp.com\/oui-oui.es\/blog\/wp-content\/uploads\/2016\/01\/Oui-Oui-filetes-de-unicornio-unicorn-filets-tendencia-unicornios-logo.jpg?resize=350%2C200&ssl=1 1x, https:\/\/i0.wp.com\/oui-oui.es\/blog\/wp-content\/uploads\/2016\/01\/Oui-Oui-filetes-de-unicornio-unicorn-filets-tendencia-unicornios-logo.jpg?resize=525%2C300&ssl=1 1.5x, https:\/\/i0.wp.com\/oui-oui.es\/blog\/wp-content\/uploads\/2016\/01\/Oui-Oui-filetes-de-unicornio-unicorn-filets-tendencia-unicornios-logo.jpg?resize=700%2C400&ssl=1 2x, https:\/\/i0.wp.com\/oui-oui.es\/blog\/wp-content\/uploads\/2016\/01\/Oui-Oui-filetes-de-unicornio-unicorn-filets-tendencia-unicornios-logo.jpg?resize=1050%2C600&ssl=1 3x, https:\/\/i0.wp.com\/oui-oui.es\/blog\/wp-content\/uploads\/2016\/01\/Oui-Oui-filetes-de-unicornio-unicorn-filets-tendencia-unicornios-logo.jpg?resize=1400%2C800&ssl=1 4x"},"classes":[]},{"id":9396,"url":"https:\/\/oui-oui.es\/blog\/los-mini-trolley-para-ninos-mas-ideales-ya-estan-aqui\/","url_meta":{"origin":9101,"position":1},"title":"Los mini trolley para ni\u00f1os m\u00e1s ideales ya est\u00e1n aqu\u00ed","author":"Mar\u00eda \u2665Oui Oui\u2665","date":"22 octubre, 2018","format":false,"excerpt":"Recuerdo el a\u00f1o pasado buscar una maleta para ni\u00f1os mona que pudieran llevar ellos mismos como loca y quedarme sin ella porque no encontr\u00e9 nada, o bien eran de merchandising o de animales para sentarse encima, pero adem\u00e1s de que no cab\u00eda mucho, acababas arrastr\u00e1ndoles t\u00fa... Por eso cuando vi\u2026","rel":"","context":"En \u00abREGALOS\u00bb","block_context":{"text":"REGALOS","link":"https:\/\/oui-oui.es\/blog\/category\/no-se-que-regalar\/"},"img":{"alt_text":"","src":"https:\/\/i0.wp.com\/oui-oui.es\/blog\/wp-content\/uploads\/2018\/10\/Oui-Oui-maleta-ni%C3%B1os-mona-trolley-ni%C3%B1os-maletas-olli-ella-see-ya-suitcase-maleta-viaje-ni%C3%B1os-2.jpg?resize=350%2C200&ssl=1","width":350,"height":200,"srcset":"https:\/\/i0.wp.com\/oui-oui.es\/blog\/wp-content\/uploads\/2018\/10\/Oui-Oui-maleta-ni%C3%B1os-mona-trolley-ni%C3%B1os-maletas-olli-ella-see-ya-suitcase-maleta-viaje-ni%C3%B1os-2.jpg?resize=350%2C200&ssl=1 1x, https:\/\/i0.wp.com\/oui-oui.es\/blog\/wp-content\/uploads\/2018\/10\/Oui-Oui-maleta-ni%C3%B1os-mona-trolley-ni%C3%B1os-maletas-olli-ella-see-ya-suitcase-maleta-viaje-ni%C3%B1os-2.jpg?resize=525%2C300&ssl=1 1.5x, https:\/\/i0.wp.com\/oui-oui.es\/blog\/wp-content\/uploads\/2018\/10\/Oui-Oui-maleta-ni%C3%B1os-mona-trolley-ni%C3%B1os-maletas-olli-ella-see-ya-suitcase-maleta-viaje-ni%C3%B1os-2.jpg?resize=700%2C400&ssl=1 2x, https:\/\/i0.wp.com\/oui-oui.es\/blog\/wp-content\/uploads\/2018\/10\/Oui-Oui-maleta-ni%C3%B1os-mona-trolley-ni%C3%B1os-maletas-olli-ella-see-ya-suitcase-maleta-viaje-ni%C3%B1os-2.jpg?resize=1050%2C600&ssl=1 3x, https:\/\/i0.wp.com\/oui-oui.es\/blog\/wp-content\/uploads\/2018\/10\/Oui-Oui-maleta-ni%C3%B1os-mona-trolley-ni%C3%B1os-maletas-olli-ella-see-ya-suitcase-maleta-viaje-ni%C3%B1os-2.jpg?resize=1400%2C800&ssl=1 4x"},"classes":[]},{"id":4174,"url":"https:\/\/oui-oui.es\/blog\/flamingo-fever\/","url_meta":{"origin":9101,"position":2},"title":"Flamingo Fever","author":"Mar\u00eda \u2665Oui Oui\u2665","date":"13 abril, 2016","format":false,"excerpt":"Lo reconozco, cuando me da por algo soy intensa, como escrib\u00eda el otro d\u00eda en Ello ; La pi\u00f1a fue el nuevo moustache El unicornio fue la nueva pi\u00f1a El cactus el nuevo unicornio El flamenco el nuevo cactus Y el cisne el nuevo flamenco... No todos relevan completamente al\u2026","rel":"","context":"En \u00abESTILO DE VIDA\u00bb","block_context":{"text":"ESTILO DE VIDA","link":"https:\/\/oui-oui.es\/blog\/category\/lifestyle-2\/"},"img":{"alt_text":"","src":"https:\/\/i0.wp.com\/oui-oui.es\/blog\/wp-content\/uploads\/2016\/04\/Oui-Oui-luminoso-flamenco-flamenco-con-bombillas-flamenco-luminoso.jpg?resize=350%2C200&ssl=1","width":350,"height":200,"srcset":"https:\/\/i0.wp.com\/oui-oui.es\/blog\/wp-content\/uploads\/2016\/04\/Oui-Oui-luminoso-flamenco-flamenco-con-bombillas-flamenco-luminoso.jpg?resize=350%2C200&ssl=1 1x, https:\/\/i0.wp.com\/oui-oui.es\/blog\/wp-content\/uploads\/2016\/04\/Oui-Oui-luminoso-flamenco-flamenco-con-bombillas-flamenco-luminoso.jpg?resize=525%2C300&ssl=1 1.5x, https:\/\/i0.wp.com\/oui-oui.es\/blog\/wp-content\/uploads\/2016\/04\/Oui-Oui-luminoso-flamenco-flamenco-con-bombillas-flamenco-luminoso.jpg?resize=700%2C400&ssl=1 2x"},"classes":[]},{"id":8868,"url":"https:\/\/oui-oui.es\/blog\/olivia-ann-moda-infantil-espanola-triunfando-en-australia\/","url_meta":{"origin":9101,"position":3},"title":"Olivia Ann | Moda infantil espa\u00f1ola triunfando en Australia","author":"Mar\u00eda \u2665Oui Oui\u2665","date":"2 marzo, 2018","format":false,"excerpt":"Seguro que los que hab\u00e9is vivido fuera de Espa\u00f1a hab\u00e9is notado lo mucho que valoran en el extranjero much\u00edsimas cosas de aqu\u00ed, desde la gastronom\u00eda a la moda, especialmente la moda infantil. Mi cu\u00f1ada es de fuera y siempre que viene se lleva ropa para sus sobrinos, ya sea para\u2026","rel":"","context":"En \u00abEMPRENDEDORAS\u00bb","block_context":{"text":"EMPRENDEDORAS","link":"https:\/\/oui-oui.es\/blog\/category\/mentoring-emprendedores\/"},"img":{"alt_text":"","src":"https:\/\/i0.wp.com\/oui-oui.es\/blog\/wp-content\/uploads\/2018\/03\/Oui-Oui-olivia-ann-spanish-kids-fashion-australia-vender-ropa-infantil-en-australia.jpg?resize=350%2C200&ssl=1","width":350,"height":200,"srcset":"https:\/\/i0.wp.com\/oui-oui.es\/blog\/wp-content\/uploads\/2018\/03\/Oui-Oui-olivia-ann-spanish-kids-fashion-australia-vender-ropa-infantil-en-australia.jpg?resize=350%2C200&ssl=1 1x, https:\/\/i0.wp.com\/oui-oui.es\/blog\/wp-content\/uploads\/2018\/03\/Oui-Oui-olivia-ann-spanish-kids-fashion-australia-vender-ropa-infantil-en-australia.jpg?resize=525%2C300&ssl=1 1.5x"},"classes":[]},{"id":1413,"url":"https:\/\/oui-oui.es\/blog\/mucho-mas-que-una-mini-candy\/","url_meta":{"origin":9101,"position":4},"title":"Mucho m\u00e1s que una mini candy","author":"Mar\u00eda \u2665Oui Oui\u2665","date":"6 marzo, 2014","format":false,"excerpt":"Cuando conoc\u00ed las mini candys de Rebeca de Terr\u00f3n de Az\u00facar me parecieron estupendas como regalo de nacimiento, llevar chuches a la madre de una forma diferente, original y realmente sorprendente.De hecho, la inclu\u00ed en mi wishlist de nacimiento, pero no me hicieron caso :( Si no la conoc\u00e9is, vais\u2026","rel":"","context":"En \u00abA una futura o reciente mam\u00e1\u00bb","block_context":{"text":"A una futura o reciente mam\u00e1","link":"https:\/\/oui-oui.es\/blog\/category\/no-se-que-regalar\/a-una-futura-o-reciente-mama\/"},"img":{"alt_text":"","src":"https:\/\/i0.wp.com\/oui-oui.es\/blog\/wp-content\/uploads\/2014\/03\/oui-oui-mini-candy-gimnasia-artc3adstica-7.jpg?resize=350%2C200&ssl=1","width":350,"height":200,"srcset":"https:\/\/i0.wp.com\/oui-oui.es\/blog\/wp-content\/uploads\/2014\/03\/oui-oui-mini-candy-gimnasia-artc3adstica-7.jpg?resize=350%2C200&ssl=1 1x, https:\/\/i0.wp.com\/oui-oui.es\/blog\/wp-content\/uploads\/2014\/03\/oui-oui-mini-candy-gimnasia-artc3adstica-7.jpg?resize=525%2C300&ssl=1 1.5x"},"classes":[]},{"id":702,"url":"https:\/\/oui-oui.es\/blog\/%e2%99%a5-%e2%99%a5-novedades-en-la-tienda-%e2%99%a5-%e2%99%a5\/","url_meta":{"origin":9101,"position":5},"title":"\u2665 \u2665 \u00a1\u00a1Novedades en la tienda!! \u2665 \u2665","author":"Mar\u00eda \u2665Oui Oui\u2665","date":"6 mayo, 2013","format":false,"excerpt":"Hasta que encuentre un hueco para escribir la newsletter (a la que os pod\u00e9is suscribir aqu\u00ed , por cierto ;) ) os contar\u00e9 las novedades en la tienda por aqu\u00ed, vale? Estas dos \u00faltimas semanas ha habido much\u00edsimas novedades; washi tape , taxidermias de peluche, cubiertos con mensaje ...Pero no\u2026","rel":"","context":"En \u00abBoda\u00bb","block_context":{"text":"Boda","link":"https:\/\/oui-oui.es\/blog\/category\/fiestas-celebraciones\/boda\/"},"img":{"alt_text":"","src":"https:\/\/i0.wp.com\/oui-oui.es\/blog\/wp-content\/uploads\/oui-oui-decoracion-bodas-fiestas-detalles-novedades.jpg?resize=350%2C200&ssl=1","width":350,"height":200,"srcset":"https:\/\/i0.wp.com\/oui-oui.es\/blog\/wp-content\/uploads\/oui-oui-decoracion-bodas-fiestas-detalles-novedades.jpg?resize=350%2C200&ssl=1 1x, https:\/\/i0.wp.com\/oui-oui.es\/blog\/wp-content\/uploads\/oui-oui-decoracion-bodas-fiestas-detalles-novedades.jpg?resize=525%2C300&ssl=1 1.5x"},"classes":[]}],"_links":{"self":[{"href":"https:\/\/oui-oui.es\/blog\/wp-json\/wp\/v2\/posts\/9101","targetHints":{"allow":["GET"]}}],"collection":[{"href":"https:\/\/oui-oui.es\/blog\/wp-json\/wp\/v2\/posts"}],"about":[{"href":"https:\/\/oui-oui.es\/blog\/wp-json\/wp\/v2\/types\/post"}],"author":[{"embeddable":true,"href":"https:\/\/oui-oui.es\/blog\/wp-json\/wp\/v2\/users\/1"}],"replies":[{"embeddable":true,"href":"https:\/\/oui-oui.es\/blog\/wp-json\/wp\/v2\/comments?post=9101"}],"version-history":[{"count":1,"href":"https:\/\/oui-oui.es\/blog\/wp-json\/wp\/v2\/posts\/9101\/revisions"}],"predecessor-version":[{"id":9111,"href":"https:\/\/oui-oui.es\/blog\/wp-json\/wp\/v2\/posts\/9101\/revisions\/9111"}],"wp:featuredmedia":[{"embeddable":true,"href":"https:\/\/oui-oui.es\/blog\/wp-json\/wp\/v2\/media\/9108"}],"wp:attachment":[{"href":"https:\/\/oui-oui.es\/blog\/wp-json\/wp\/v2\/media?parent=9101"}],"wp:term":[{"taxonomy":"category","embeddable":true,"href":"https:\/\/oui-oui.es\/blog\/wp-json\/wp\/v2\/categories?post=9101"},{"taxonomy":"post_tag","embeddable":true,"href":"https:\/\/oui-oui.es\/blog\/wp-json\/wp\/v2\/tags?post=9101"}],"curies":[{"name":"wp","href":"https:\/\/api.w.org\/{rel}","templated":true}]}}