{"id":9114,"date":"2018-05-30T00:01:47","date_gmt":"2018-05-29T22:01:47","guid":{"rendered":"https:\/\/oui-oui.es\/blog\/?p=9114"},"modified":"2018-05-29T14:30:16","modified_gmt":"2018-05-29T12:30:16","slug":"basuraleza-te-unes-a-la-limpieza-ciudadana","status":"publish","type":"post","link":"https:\/\/oui-oui.es\/blog\/basuraleza-te-unes-a-la-limpieza-ciudadana\/","title":{"rendered":"Basuraleza \u00bfTe unes a la limpieza ciudadana?"},"content":{"rendered":"<p><img loading=\"lazy\" decoding=\"async\" class=\"aligncenter size-full wp-image-9117\" src=\"https:\/\/oui-oui.es\/blog\/wp-content\/uploads\/2018\/05\/Oui-Oui-recogida-basura-proyecto-libera-ecoembes.jpg\" alt=\"\" width=\"900\" height=\"450\" srcset=\"https:\/\/oui-oui.es\/blog\/wp-content\/uploads\/2018\/05\/Oui-Oui-recogida-basura-proyecto-libera-ecoembes.jpg 900w, https:\/\/oui-oui.es\/blog\/wp-content\/uploads\/2018\/05\/Oui-Oui-recogida-basura-proyecto-libera-ecoembes-300x150.jpg 300w, https:\/\/oui-oui.es\/blog\/wp-content\/uploads\/2018\/05\/Oui-Oui-recogida-basura-proyecto-libera-ecoembes-768x384.jpg 768w, https:\/\/oui-oui.es\/blog\/wp-content\/uploads\/2018\/05\/Oui-Oui-recogida-basura-proyecto-libera-ecoembes-600x300.jpg 600w, https:\/\/oui-oui.es\/blog\/wp-content\/uploads\/2018\/05\/Oui-Oui-recogida-basura-proyecto-libera-ecoembes-640x320.jpg 640w\" sizes=\"auto, (max-width: 900px) 100vw, 900px\" \/><\/p>\n<p><strong>Basuraleza<\/strong>: d\u00edcese de los residuos generados por el ser humano y abandonados en la naturaleza.<\/p>\n<p>Nunca he entendido ese omento en el que alguien tira algo al suelo como si no fuera con \u00e9l, ni en la ciudad ni, mucho menos, en la naturaleza. Pero resulta que hay muchas personas que lo hacen y tambi\u00e9n hay muchas personas que creen que tirar algo org\u00e1nizo al suelo de la monta\u00f1a no es tirar basura <em>\u00bb porque se lo comen los animales\u00bb<\/em>.<\/p>\n<p>En el refugio de Giner de los R\u00edos, en la Pedriza (Madrid), tienen\u00a0 un cartel similar a \u00e9ste que es bastante esclarecedor:<\/p>\n<p><img loading=\"lazy\" decoding=\"async\" class=\"aligncenter size-full wp-image-9116\" src=\"https:\/\/oui-oui.es\/blog\/wp-content\/uploads\/2018\/05\/oui-oui-Basura-en-el-campo-cuanto-tarda-en-desaparecer.png\" alt=\"\" width=\"449\" height=\"612\" srcset=\"https:\/\/oui-oui.es\/blog\/wp-content\/uploads\/2018\/05\/oui-oui-Basura-en-el-campo-cuanto-tarda-en-desaparecer.png 449w, https:\/\/oui-oui.es\/blog\/wp-content\/uploads\/2018\/05\/oui-oui-Basura-en-el-campo-cuanto-tarda-en-desaparecer-220x300.png 220w\" sizes=\"auto, (max-width: 449px) 100vw, 449px\" \/><\/p>\n<p>&nbsp;<\/p>\n<p>Desde hace tiempo llevo pensando en hacer alg\u00fan tipo de voluntariado infantil con mis hijos, especialmente con el mayor, de 4 a\u00f1os, y esta iniciativa de <a href=\"https:\/\/proyectolibera.org\/\" target=\"_blank\" rel=\"noopener\"><strong>Proyecto LIBERA<\/strong><\/a> me parece, adem\u00e1s de una gran idea, una forma de empezar a concienciar a nuestros hijos sobre el cuidado del medio ambiente, por supuetso que saben que no se tiran las cosas al suelo, pero cuando participas en grupo, en familia y con m\u00e1s personas y ven la realidad de la basura en el campo, las bolsas recogidas, etc&#8230;Ese conocimiento mediambiental se fija de otra manera.<\/p>\n<p><img loading=\"lazy\" decoding=\"async\" class=\"aligncenter size-full wp-image-9118\" src=\"https:\/\/oui-oui.es\/blog\/wp-content\/uploads\/2018\/05\/Oui-Oui-basuraleza-bosque-recoger-basura-naturaleza.jpg\" alt=\"\" width=\"726\" height=\"400\" srcset=\"https:\/\/oui-oui.es\/blog\/wp-content\/uploads\/2018\/05\/Oui-Oui-basuraleza-bosque-recoger-basura-naturaleza.jpg 726w, https:\/\/oui-oui.es\/blog\/wp-content\/uploads\/2018\/05\/Oui-Oui-basuraleza-bosque-recoger-basura-naturaleza-300x165.jpg 300w, https:\/\/oui-oui.es\/blog\/wp-content\/uploads\/2018\/05\/Oui-Oui-basuraleza-bosque-recoger-basura-naturaleza-600x331.jpg 600w, https:\/\/oui-oui.es\/blog\/wp-content\/uploads\/2018\/05\/Oui-Oui-basuraleza-bosque-recoger-basura-naturaleza-640x353.jpg 640w\" sizes=\"auto, (max-width: 726px) 100vw, 726px\" \/><\/p>\n<p>\u00bfEn qu\u00e9 consiste la iniciativa de <strong><a href=\"https:\/\/proyectolibera.org\/\" target=\"_blank\" rel=\"noopener\">Proyecto LIBERA<\/a><\/strong>?, se trata de una <strong>gran\u00a0recogida\u00a0colaborativa ciudadana de\u00a0basura\u00a0a nivel nacional\u00a0<\/strong>que promueve , un d\u00eda que, desde la colaboraci\u00f3n de todos, busca ayudar a limpiar y concienciar\u00a0del problema de la basuraleza en los espacios naturales de nuestro pa\u00eds.<\/p>\n<p>El\u00a0<strong>16 de junio equipos de H\u00e9roes Libera se organizar\u00e1n en todo el pa\u00eds para limpiar de\u00a0basura\u00a0el espacio natural que cada uno seleccione.\u00a0\u00a0<\/strong><\/p>\n<p>Puedes crear tu propio equipo (si sois un grupo grande) o unirte a uno de los que ya est\u00e1n creados (Info <a href=\"https:\/\/proyectolibera.org\/proximos-eventos\/\" target=\"_blank\" rel=\"noopener\"><strong>AQU\u00cd<\/strong><\/a>) , como, por ejemplo, el de <a href=\"https:\/\/www.loquedeverdadimporta.org\/recogida-de-basura-con-libera\/\" target=\"_blank\" rel=\"noopener\"><strong>\u00abLo que de verdad importa\u00bb<\/strong><\/a>, que recoger\u00e1 basuraleza en el Embalse de los Arroyos, en El Escorial de 10 a 13h.<\/p>\n<p><img loading=\"lazy\" decoding=\"async\" class=\"aligncenter size-full wp-image-9115\" src=\"https:\/\/oui-oui.es\/blog\/wp-content\/uploads\/2018\/05\/Basuraleza.jpg\" alt=\"\" width=\"960\" height=\"540\" srcset=\"https:\/\/oui-oui.es\/blog\/wp-content\/uploads\/2018\/05\/Basuraleza.jpg 960w, https:\/\/oui-oui.es\/blog\/wp-content\/uploads\/2018\/05\/Basuraleza-300x169.jpg 300w, https:\/\/oui-oui.es\/blog\/wp-content\/uploads\/2018\/05\/Basuraleza-768x432.jpg 768w, https:\/\/oui-oui.es\/blog\/wp-content\/uploads\/2018\/05\/Basuraleza-600x338.jpg 600w, https:\/\/oui-oui.es\/blog\/wp-content\/uploads\/2018\/05\/Basuraleza-500x280.jpg 500w, https:\/\/oui-oui.es\/blog\/wp-content\/uploads\/2018\/05\/Basuraleza-640x360.jpg 640w\" sizes=\"auto, (max-width: 960px) 100vw, 960px\" \/><\/p>\n<p>A nosotros ese d\u00eda nos coincide la fiesta de fin de curso, pero no vamos a dejar escapar la oportunidad y organizaremos algo en verano!<\/p>\n<p>\u00bfQu\u00e9 os ha parecido la iniciativa? \u00bfHaces alg\u00fan tipo de voluntariado ecol\u00f3gico o de otro tipo con tus hijos?<\/p>\n","protected":false},"excerpt":{"rendered":"<p>Basuraleza: d\u00edcese de los residuos generados por el ser humano y abandonados en la naturaleza. Nunca he entendido ese omento en el que alguien tira algo al suelo como si no fuera con \u00e9l, ni en la ciudad ni, mucho menos, en la naturaleza. Pero resulta que hay muchas personas que lo hacen y tambi\u00e9n [&hellip;]<\/p>\n","protected":false},"author":1,"featured_media":9118,"comment_status":"open","ping_status":"open","sticky":false,"template":"","format":"standard","meta":{"jetpack_post_was_ever_published":false,"_jetpack_newsletter_access":"","_jetpack_dont_email_post_to_subs":false,"_jetpack_newsletter_tier_id":0,"_jetpack_memberships_contains_paywalled_content":false,"_jetpack_memberships_contains_paid_content":false,"footnotes":"","jetpack_publicize_message":"","jetpack_publicize_feature_enabled":true,"jetpack_social_post_already_shared":true,"jetpack_social_options":{"image_generator_settings":{"template":"highway","default_image_id":0,"font":"","enabled":false},"version":2}},"categories":[174],"tags":[848,773,847],"class_list":["post-9114","post","type-post","status-publish","format-standard","has-post-thumbnail","hentry","category-ninos","tag-ecologia","tag-naturaleza","tag-voluntariado"],"aioseo_notices":[],"jetpack_publicize_connections":[],"jetpack_featured_media_url":"https:\/\/oui-oui.es\/blog\/wp-content\/uploads\/2018\/05\/Oui-Oui-basuraleza-bosque-recoger-basura-naturaleza.jpg","jetpack_sharing_enabled":true,"jetpack-related-posts":[{"id":4607,"url":"https:\/\/oui-oui.es\/blog\/una-escuela-en-la-naturaleza\/","url_meta":{"origin":9114,"position":0},"title":"Una Escuela en la Naturaleza","author":"Mar\u00eda \u2665Oui Oui\u2665","date":"7 julio, 2016","format":false,"excerpt":"Sab\u00eda de las escuelas en la naturaleza o Forest Kindergarten un poco de o\u00eddas, y ya s\u00f3lo con eso me parec\u00edan una idea estupenda para que los ni\u00f1os (hasta los 6 a\u00f1os) aprendieran jugando en contacto absoluto con la naturaleza, es incre\u00edble lo entretenido que puede ser un d\u00eda en\u2026","rel":"","context":"En \u00abMATERNIDAD\u00bb","block_context":{"text":"MATERNIDAD","link":"https:\/\/oui-oui.es\/blog\/category\/maternidad\/"},"img":{"alt_text":"","src":"https:\/\/i0.wp.com\/oui-oui.es\/blog\/wp-content\/uploads\/2016\/07\/Oui-Oui-escuela-naturaleza-alpedrete-ojala-hoja.jpg?resize=350%2C200&ssl=1","width":350,"height":200,"srcset":"https:\/\/i0.wp.com\/oui-oui.es\/blog\/wp-content\/uploads\/2016\/07\/Oui-Oui-escuela-naturaleza-alpedrete-ojala-hoja.jpg?resize=350%2C200&ssl=1 1x, https:\/\/i0.wp.com\/oui-oui.es\/blog\/wp-content\/uploads\/2016\/07\/Oui-Oui-escuela-naturaleza-alpedrete-ojala-hoja.jpg?resize=525%2C300&ssl=1 1.5x"},"classes":[]},{"id":8988,"url":"https:\/\/oui-oui.es\/blog\/10-tips-para-iniciarte-en-el-senderismo-con-ninos\/","url_meta":{"origin":9114,"position":1},"title":"10 Tips para iniciarte en el senderismo con ni\u00f1os","author":"Mar\u00eda \u2665Oui Oui\u2665","date":"20 abril, 2018","format":false,"excerpt":"El post de hoy es un poco diferente porque es la primera vez que hago una colaboraci\u00f3n para que alguien que no sea yo escriba un post, pero la verdad es que desde que conoc\u00ed (virtualmente) a Laura de Mini Explorers ten\u00eda ganas de hacer algo con ella. Las casualidades\u2026","rel":"","context":"En \u00abNI\u00d1OS Y NI\u00d1AS\u00bb","block_context":{"text":"NI\u00d1OS Y NI\u00d1AS","link":"https:\/\/oui-oui.es\/blog\/category\/ninos\/"},"img":{"alt_text":"","src":"https:\/\/i0.wp.com\/oui-oui.es\/blog\/wp-content\/uploads\/2018\/04\/Como-iniciarte-en-el-senderismo-con-ni%C3%B1os-monta%C3%B1a-ni%C3%B1os-mini-explorers-cantimplora-oui-oui.jpg?resize=350%2C200&ssl=1","width":350,"height":200,"srcset":"https:\/\/i0.wp.com\/oui-oui.es\/blog\/wp-content\/uploads\/2018\/04\/Como-iniciarte-en-el-senderismo-con-ni%C3%B1os-monta%C3%B1a-ni%C3%B1os-mini-explorers-cantimplora-oui-oui.jpg?resize=350%2C200&ssl=1 1x, https:\/\/i0.wp.com\/oui-oui.es\/blog\/wp-content\/uploads\/2018\/04\/Como-iniciarte-en-el-senderismo-con-ni%C3%B1os-monta%C3%B1a-ni%C3%B1os-mini-explorers-cantimplora-oui-oui.jpg?resize=525%2C300&ssl=1 1.5x, https:\/\/i0.wp.com\/oui-oui.es\/blog\/wp-content\/uploads\/2018\/04\/Como-iniciarte-en-el-senderismo-con-ni%C3%B1os-monta%C3%B1a-ni%C3%B1os-mini-explorers-cantimplora-oui-oui.jpg?resize=700%2C400&ssl=1 2x, https:\/\/i0.wp.com\/oui-oui.es\/blog\/wp-content\/uploads\/2018\/04\/Como-iniciarte-en-el-senderismo-con-ni%C3%B1os-monta%C3%B1a-ni%C3%B1os-mini-explorers-cantimplora-oui-oui.jpg?resize=1050%2C600&ssl=1 3x, https:\/\/i0.wp.com\/oui-oui.es\/blog\/wp-content\/uploads\/2018\/04\/Como-iniciarte-en-el-senderismo-con-ni%C3%B1os-monta%C3%B1a-ni%C3%B1os-mini-explorers-cantimplora-oui-oui.jpg?resize=1400%2C800&ssl=1 4x"},"classes":[]},{"id":5027,"url":"https:\/\/oui-oui.es\/blog\/de-planes-prisas-y-bienvenido-2017\/","url_meta":{"origin":9114,"position":2},"title":"De planes, prisas y bienvenido 2017","author":"Mar\u00eda \u2665Oui Oui\u2665","date":"18 enero, 2017","format":false,"excerpt":"He tardado en volver al blog despu\u00e9s de las vacaciones navide\u00f1as...Por un lado, por primera vez desde hace muchos a\u00f1os, he sentido que ten\u00eda vacaciones DE VERDAD, en realidad s\u00f3lo fue una semana, pero al habernos quedado en Madrid y poder hacer planes de forma m\u00e1s tranquila, unido a que\u2026","rel":"","context":"En \u00abNI\u00d1OS Y NI\u00d1AS\u00bb","block_context":{"text":"NI\u00d1OS Y NI\u00d1AS","link":"https:\/\/oui-oui.es\/blog\/category\/ninos\/"},"img":{"alt_text":"","src":"https:\/\/i0.wp.com\/oui-oui.es\/blog\/wp-content\/uploads\/2017\/01\/Oui-Oui-despacio-ni%C3%B1os-jugando-cartel-juego-ni%C3%B1os-campillo-de-ranas-sierra-negra-guadalajara-e1484746572232.jpg?resize=350%2C200&ssl=1","width":350,"height":200,"srcset":"https:\/\/i0.wp.com\/oui-oui.es\/blog\/wp-content\/uploads\/2017\/01\/Oui-Oui-despacio-ni%C3%B1os-jugando-cartel-juego-ni%C3%B1os-campillo-de-ranas-sierra-negra-guadalajara-e1484746572232.jpg?resize=350%2C200&ssl=1 1x, https:\/\/i0.wp.com\/oui-oui.es\/blog\/wp-content\/uploads\/2017\/01\/Oui-Oui-despacio-ni%C3%B1os-jugando-cartel-juego-ni%C3%B1os-campillo-de-ranas-sierra-negra-guadalajara-e1484746572232.jpg?resize=525%2C300&ssl=1 1.5x, https:\/\/i0.wp.com\/oui-oui.es\/blog\/wp-content\/uploads\/2017\/01\/Oui-Oui-despacio-ni%C3%B1os-jugando-cartel-juego-ni%C3%B1os-campillo-de-ranas-sierra-negra-guadalajara-e1484746572232.jpg?resize=700%2C400&ssl=1 2x, https:\/\/i0.wp.com\/oui-oui.es\/blog\/wp-content\/uploads\/2017\/01\/Oui-Oui-despacio-ni%C3%B1os-jugando-cartel-juego-ni%C3%B1os-campillo-de-ranas-sierra-negra-guadalajara-e1484746572232.jpg?resize=1050%2C600&ssl=1 3x, https:\/\/i0.wp.com\/oui-oui.es\/blog\/wp-content\/uploads\/2017\/01\/Oui-Oui-despacio-ni%C3%B1os-jugando-cartel-juego-ni%C3%B1os-campillo-de-ranas-sierra-negra-guadalajara-e1484746572232.jpg?resize=1400%2C800&ssl=1 4x"},"classes":[]},{"id":9385,"url":"https:\/\/oui-oui.es\/blog\/greenology-nutricion-personalizada-segun-tus-genes\/","url_meta":{"origin":9114,"position":3},"title":"Greenology | Nutrici\u00f3n personalizada seg\u00fan tus genes","author":"Mar\u00eda \u2665Oui Oui\u2665","date":"17 octubre, 2018","format":false,"excerpt":"\u00a0 Conoc\u00ed a Laura en un evento de cosm\u00e9tica natural en el que nos dio una pequ\u00f1a charla sobre nutrici\u00f3n y cosm\u00e9tica, incidiendo en los h\u00e1bitos de vida como motor de cambio de nuestra salud y estado de \u00e1nimo. Me llam\u00f3 mucho la atenci\u00f3n c\u00f3mo peque\u00f1os cambios en la alimentaci\u00f3n\u2026","rel":"","context":"En \u00abESTILO DE VIDA\u00bb","block_context":{"text":"ESTILO DE VIDA","link":"https:\/\/oui-oui.es\/blog\/category\/lifestyle-2\/"},"img":{"alt_text":"","src":"https:\/\/i0.wp.com\/oui-oui.es\/blog\/wp-content\/uploads\/2018\/10\/Oui-Oui-greenology-nutrici%C3%B3n-seg%C3%BAn-gen%C3%A9tica-vivir-en-base-a-tu-genetica-.jpg?resize=350%2C200&ssl=1","width":350,"height":200,"srcset":"https:\/\/i0.wp.com\/oui-oui.es\/blog\/wp-content\/uploads\/2018\/10\/Oui-Oui-greenology-nutrici%C3%B3n-seg%C3%BAn-gen%C3%A9tica-vivir-en-base-a-tu-genetica-.jpg?resize=350%2C200&ssl=1 1x, https:\/\/i0.wp.com\/oui-oui.es\/blog\/wp-content\/uploads\/2018\/10\/Oui-Oui-greenology-nutrici%C3%B3n-seg%C3%BAn-gen%C3%A9tica-vivir-en-base-a-tu-genetica-.jpg?resize=525%2C300&ssl=1 1.5x, https:\/\/i0.wp.com\/oui-oui.es\/blog\/wp-content\/uploads\/2018\/10\/Oui-Oui-greenology-nutrici%C3%B3n-seg%C3%BAn-gen%C3%A9tica-vivir-en-base-a-tu-genetica-.jpg?resize=700%2C400&ssl=1 2x"},"classes":[]},{"id":9704,"url":"https:\/\/oui-oui.es\/blog\/las-etapas-de-una-reforma\/","url_meta":{"origin":9114,"position":4},"title":"Las etapas de una reforma","author":"Mar\u00eda \u2665Oui Oui\u2665","date":"26 marzo, 2019","format":false,"excerpt":"Fotograf\u00eda de Elena Bau Llevo mucho tiempo sin escribir en el blog, lo cierto es que no me parec\u00eda tanto hasta que he entrado y he visto el \u00faltimo post, pero es lo que tiene estar de obra, vivir fuera de tu zona de comfort, tener tu propia empresa y,\u2026","rel":"","context":"En \u00abDECORACI\u00d3N\u00bb","block_context":{"text":"DECORACI\u00d3N","link":"https:\/\/oui-oui.es\/blog\/category\/decoracion-de-casa\/"},"img":{"alt_text":"","src":"https:\/\/i0.wp.com\/oui-oui.es\/blog\/wp-content\/uploads\/2019\/03\/Oui-Oui-reforma-oui-oui-mercedes-arsuaga-reformas-RUAN-Foto-Elena-Bau-46.jpg?resize=350%2C200&ssl=1","width":350,"height":200,"srcset":"https:\/\/i0.wp.com\/oui-oui.es\/blog\/wp-content\/uploads\/2019\/03\/Oui-Oui-reforma-oui-oui-mercedes-arsuaga-reformas-RUAN-Foto-Elena-Bau-46.jpg?resize=350%2C200&ssl=1 1x, https:\/\/i0.wp.com\/oui-oui.es\/blog\/wp-content\/uploads\/2019\/03\/Oui-Oui-reforma-oui-oui-mercedes-arsuaga-reformas-RUAN-Foto-Elena-Bau-46.jpg?resize=525%2C300&ssl=1 1.5x, https:\/\/i0.wp.com\/oui-oui.es\/blog\/wp-content\/uploads\/2019\/03\/Oui-Oui-reforma-oui-oui-mercedes-arsuaga-reformas-RUAN-Foto-Elena-Bau-46.jpg?resize=700%2C400&ssl=1 2x, https:\/\/i0.wp.com\/oui-oui.es\/blog\/wp-content\/uploads\/2019\/03\/Oui-Oui-reforma-oui-oui-mercedes-arsuaga-reformas-RUAN-Foto-Elena-Bau-46.jpg?resize=1050%2C600&ssl=1 3x, https:\/\/i0.wp.com\/oui-oui.es\/blog\/wp-content\/uploads\/2019\/03\/Oui-Oui-reforma-oui-oui-mercedes-arsuaga-reformas-RUAN-Foto-Elena-Bau-46.jpg?resize=1400%2C800&ssl=1 4x"},"classes":[]},{"id":9554,"url":"https:\/\/oui-oui.es\/blog\/net-a-emprender\/","url_meta":{"origin":9114,"position":5},"title":"Net \u00e0 Emprender","author":"Mar\u00eda \u2665Oui Oui\u2665","date":"14 enero, 2019","format":false,"excerpt":"En muchas de las sesiones de mentoring, surge la misma pregunta \u00bfc\u00f3mo hago para darme a conocer personalmente para que me inviten a eventos y para conectar con otros emprendedores con los que hacer colaboraciones y crear sinergias?. Y la respuesta no es f\u00e1cil, porque es el conjunto de muchas\u2026","rel":"","context":"En \u00abEMPRENDEDORAS\u00bb","block_context":{"text":"EMPRENDEDORAS","link":"https:\/\/oui-oui.es\/blog\/category\/mentoring-emprendedores\/"},"img":{"alt_text":"","src":"https:\/\/i0.wp.com\/oui-oui.es\/blog\/wp-content\/uploads\/2019\/01\/Oui-Oui-net-a-emprender-mentoring-emprendedores-mentoring-oui-oui-espacio-la-galerie-ten-cook.jpg?resize=350%2C200&ssl=1","width":350,"height":200,"srcset":"https:\/\/i0.wp.com\/oui-oui.es\/blog\/wp-content\/uploads\/2019\/01\/Oui-Oui-net-a-emprender-mentoring-emprendedores-mentoring-oui-oui-espacio-la-galerie-ten-cook.jpg?resize=350%2C200&ssl=1 1x, https:\/\/i0.wp.com\/oui-oui.es\/blog\/wp-content\/uploads\/2019\/01\/Oui-Oui-net-a-emprender-mentoring-emprendedores-mentoring-oui-oui-espacio-la-galerie-ten-cook.jpg?resize=525%2C300&ssl=1 1.5x, https:\/\/i0.wp.com\/oui-oui.es\/blog\/wp-content\/uploads\/2019\/01\/Oui-Oui-net-a-emprender-mentoring-emprendedores-mentoring-oui-oui-espacio-la-galerie-ten-cook.jpg?resize=700%2C400&ssl=1 2x, https:\/\/i0.wp.com\/oui-oui.es\/blog\/wp-content\/uploads\/2019\/01\/Oui-Oui-net-a-emprender-mentoring-emprendedores-mentoring-oui-oui-espacio-la-galerie-ten-cook.jpg?resize=1050%2C600&ssl=1 3x"},"classes":[]}],"_links":{"self":[{"href":"https:\/\/oui-oui.es\/blog\/wp-json\/wp\/v2\/posts\/9114","targetHints":{"allow":["GET"]}}],"collection":[{"href":"https:\/\/oui-oui.es\/blog\/wp-json\/wp\/v2\/posts"}],"about":[{"href":"https:\/\/oui-oui.es\/blog\/wp-json\/wp\/v2\/types\/post"}],"author":[{"embeddable":true,"href":"https:\/\/oui-oui.es\/blog\/wp-json\/wp\/v2\/users\/1"}],"replies":[{"embeddable":true,"href":"https:\/\/oui-oui.es\/blog\/wp-json\/wp\/v2\/comments?post=9114"}],"version-history":[{"count":1,"href":"https:\/\/oui-oui.es\/blog\/wp-json\/wp\/v2\/posts\/9114\/revisions"}],"predecessor-version":[{"id":9119,"href":"https:\/\/oui-oui.es\/blog\/wp-json\/wp\/v2\/posts\/9114\/revisions\/9119"}],"wp:featuredmedia":[{"embeddable":true,"href":"https:\/\/oui-oui.es\/blog\/wp-json\/wp\/v2\/media\/9118"}],"wp:attachment":[{"href":"https:\/\/oui-oui.es\/blog\/wp-json\/wp\/v2\/media?parent=9114"}],"wp:term":[{"taxonomy":"category","embeddable":true,"href":"https:\/\/oui-oui.es\/blog\/wp-json\/wp\/v2\/categories?post=9114"},{"taxonomy":"post_tag","embeddable":true,"href":"https:\/\/oui-oui.es\/blog\/wp-json\/wp\/v2\/tags?post=9114"}],"curies":[{"name":"wp","href":"https:\/\/api.w.org\/{rel}","templated":true}]}}