{"id":9138,"date":"2018-06-13T18:53:04","date_gmt":"2018-06-13T16:53:04","guid":{"rendered":"https:\/\/oui-oui.es\/blog\/?p=9138"},"modified":"2018-06-14T16:24:23","modified_gmt":"2018-06-14T14:24:23","slug":"6-2-restaurantes-que-no-debes-perderte-en-el-barrio-de-las-letras","status":"publish","type":"post","link":"https:\/\/oui-oui.es\/blog\/6-2-restaurantes-que-no-debes-perderte-en-el-barrio-de-las-letras\/","title":{"rendered":"6 + 2 restaurantes que no debes perderte en el Barrio de las Letras"},"content":{"rendered":"<p>Los a\u00f1os ( y los ni\u00f1os) van pesando y se notan en algunas cosas&#8230;Como en las salidas. No puedo quejarme porque yo a\u00fan salgo bastante ( de hecho hoy tengo cena con amigas&#8230;je,je), pero tras este finde de <strong>DecorAcci\u00f3n<\/strong> si me di cuenta que notaba el cansancio acumulado.<\/p>\n<p>En las primeras ediciones aprovech\u00e9 para quedar con amigos que me cuesta ver en el d\u00eda a d\u00eda y <strong>cenar por el centro de Madrid<\/strong> (que tambi\u00e9n me cuesta moverme hacia all\u00e1) as\u00ed que, apesar de que el Mercadillo de DecorAcci\u00f3n cierra a las 22h y entre que recoges m\u00ednimo son las 22.30, sal\u00ed a cenar todos los d\u00edas, aprovechando a <em><strong>tachar restaurantes<\/strong><\/em>, algo que ya sab\u00e9is que me gusta mucho \ud83d\ude09<\/p>\n<p>Este a\u00f1o (que adem\u00e1s estaba <em>de Rodriguez<\/em> el finde) entre el cansancio y las ganas de disfrutar de estar sola en el sof\u00e1 de casa s\u00f3lo sal\u00ed el viernes con amigas y cerca de casa&#8230;<\/p>\n<p>As\u00ed que me quedo con la espinita de tachar algunos restaurantes y de repetir en otros, todos en el<strong> Barrio de las Letras<\/strong>, os los dejo aqu\u00ed por si os sirven y para acordarme cuando tenga una cena por ah\u00ed!<\/p>\n<p><a href=\"https:\/\/www.vinotecamoratin.com\/\" target=\"_blank\" rel=\"noopener\"><strong>Vinoteca Morat\u00edn<\/strong><\/a><\/p>\n<p><img loading=\"lazy\" decoding=\"async\" class=\"aligncenter size-full wp-image-9140\" src=\"https:\/\/oui-oui.es\/blog\/wp-content\/uploads\/2018\/06\/Oui-Oui-restaurantes-barrio-letras-restaurante-morat\u00edn-Vinoteca-Morat\u00edn.png\" alt=\"\" width=\"652\" height=\"447\" srcset=\"https:\/\/oui-oui.es\/blog\/wp-content\/uploads\/2018\/06\/Oui-Oui-restaurantes-barrio-letras-restaurante-morat\u00edn-Vinoteca-Morat\u00edn.png 652w, https:\/\/oui-oui.es\/blog\/wp-content\/uploads\/2018\/06\/Oui-Oui-restaurantes-barrio-letras-restaurante-morat\u00edn-Vinoteca-Morat\u00edn-300x206.png 300w, https:\/\/oui-oui.es\/blog\/wp-content\/uploads\/2018\/06\/Oui-Oui-restaurantes-barrio-letras-restaurante-morat\u00edn-Vinoteca-Morat\u00edn-600x411.png 600w, https:\/\/oui-oui.es\/blog\/wp-content\/uploads\/2018\/06\/Oui-Oui-restaurantes-barrio-letras-restaurante-morat\u00edn-Vinoteca-Morat\u00edn-640x439.png 640w\" sizes=\"auto, (max-width: 652px) 100vw, 652px\" \/><\/p>\n<p>Lleva mucho tiempo pero lo cierto es que no he estado nunca, me han hablado muy bien del Steak Tartar y de su carta de vinos, para una cena de dos o pocos, es un restaurante acogedor con luz baja.Buscando fotos me he encontrado con una mesa al lado de una librer\u00eda que me llama.<\/p>\n<p>C\/Morat\u00edn, 36 Tlf: <span class=\"LrzXr zdqRlf kno-fv\">91 127 60 85<\/span><\/p>\n<p><a href=\"http:\/\/restaurantelaveronica.com\/\" target=\"_blank\" rel=\"noopener\"><strong>La Ver\u00f3nica<\/strong><\/a> (aunque para m\u00ed siempre ser\u00e1 La Vaca Ver\u00f3nica)<\/p>\n<p><img loading=\"lazy\" decoding=\"async\" class=\"aligncenter size-full wp-image-9143\" src=\"https:\/\/oui-oui.es\/blog\/wp-content\/uploads\/2018\/06\/Oui-Oui-restaurantes-barrio-letras-RESTAURANTE-LA-VER\u00d3NICA-.jpeg\" alt=\"\" width=\"640\" height=\"427\" srcset=\"https:\/\/oui-oui.es\/blog\/wp-content\/uploads\/2018\/06\/Oui-Oui-restaurantes-barrio-letras-RESTAURANTE-LA-VER\u00d3NICA-.jpeg 640w, https:\/\/oui-oui.es\/blog\/wp-content\/uploads\/2018\/06\/Oui-Oui-restaurantes-barrio-letras-RESTAURANTE-LA-VER\u00d3NICA--300x200.jpeg 300w, https:\/\/oui-oui.es\/blog\/wp-content\/uploads\/2018\/06\/Oui-Oui-restaurantes-barrio-letras-RESTAURANTE-LA-VER\u00d3NICA--600x400.jpeg 600w\" sizes=\"auto, (max-width: 640px) 100vw, 640px\" \/><\/p>\n<p>Es un cl\u00e1sico ya y un imprescindible; su pasat con carabinero y su tarta de chocolate con frambuesas.<\/p>\n<p>C\/Morat\u00edn,38 Tlf: <span class=\"LrzXr zdqRlf kno-fv\">91 429 78 27<\/span><\/p>\n<p><a href=\"https:\/\/www.facebook.com\/GANZ-caf%C3%A9-bistrot-292021514265150\/\" target=\"_blank\" rel=\"noopener\"><strong>Ganz<\/strong><\/a><\/p>\n<p><img loading=\"lazy\" decoding=\"async\" class=\"aligncenter size-full wp-image-9144\" src=\"https:\/\/oui-oui.es\/blog\/wp-content\/uploads\/2018\/06\/Oui-Oui-restaurantes-barrio-letras-RESTAURANTE-GANZ-BRUNCH-HUERTAS-1.jpg\" alt=\"\" width=\"700\" height=\"466\" srcset=\"https:\/\/oui-oui.es\/blog\/wp-content\/uploads\/2018\/06\/Oui-Oui-restaurantes-barrio-letras-RESTAURANTE-GANZ-BRUNCH-HUERTAS-1.jpg 700w, https:\/\/oui-oui.es\/blog\/wp-content\/uploads\/2018\/06\/Oui-Oui-restaurantes-barrio-letras-RESTAURANTE-GANZ-BRUNCH-HUERTAS-1-300x200.jpg 300w, https:\/\/oui-oui.es\/blog\/wp-content\/uploads\/2018\/06\/Oui-Oui-restaurantes-barrio-letras-RESTAURANTE-GANZ-BRUNCH-HUERTAS-1-600x399.jpg 600w, https:\/\/oui-oui.es\/blog\/wp-content\/uploads\/2018\/06\/Oui-Oui-restaurantes-barrio-letras-RESTAURANTE-GANZ-BRUNCH-HUERTAS-1-640x426.jpg 640w\" sizes=\"auto, (max-width: 700px) 100vw, 700px\" \/><\/p>\n<p>&nbsp;<\/p>\n<p>En la coqueta Calle San Pedro se encuentra este restaurante en el que tambi\u00e9n disfrutar de la decoraci\u00f3n y donde comer estupendamente de men\u00fa a medio d\u00eda , adem\u00e1s de ofrecer cenas muy agradables con carta internacional, una apuesta segura en el centro.<\/p>\n<p>C\/Almad\u00e9n, 9 (aunque se entra por San Pedro) Tlf: <span class=\"LrzXr zdqRlf kno-fv\">91 173 39 37<\/span><\/p>\n<p><a href=\"http:\/\/eltriciclo.es\/la-elisa\/\" target=\"_blank\" rel=\"noopener\"><strong>Taberna La Elisa<\/strong><\/a><\/p>\n<p><img loading=\"lazy\" decoding=\"async\" class=\"aligncenter size-full wp-image-9145\" src=\"https:\/\/oui-oui.es\/blog\/wp-content\/uploads\/2018\/06\/OUI-OUI-TABERNA-ELISA-para-tomar-el-aperitivo-comer-o-cenar-barrio-las-letras-tapear-huertas.grupo-triciclo.jpg\" alt=\"\" width=\"770\" height=\"466\" srcset=\"https:\/\/oui-oui.es\/blog\/wp-content\/uploads\/2018\/06\/OUI-OUI-TABERNA-ELISA-para-tomar-el-aperitivo-comer-o-cenar-barrio-las-letras-tapear-huertas.grupo-triciclo.jpg 770w, https:\/\/oui-oui.es\/blog\/wp-content\/uploads\/2018\/06\/OUI-OUI-TABERNA-ELISA-para-tomar-el-aperitivo-comer-o-cenar-barrio-las-letras-tapear-huertas.grupo-triciclo-300x182.jpg 300w, https:\/\/oui-oui.es\/blog\/wp-content\/uploads\/2018\/06\/OUI-OUI-TABERNA-ELISA-para-tomar-el-aperitivo-comer-o-cenar-barrio-las-letras-tapear-huertas.grupo-triciclo-768x465.jpg 768w, https:\/\/oui-oui.es\/blog\/wp-content\/uploads\/2018\/06\/OUI-OUI-TABERNA-ELISA-para-tomar-el-aperitivo-comer-o-cenar-barrio-las-letras-tapear-huertas.grupo-triciclo-600x363.jpg 600w, https:\/\/oui-oui.es\/blog\/wp-content\/uploads\/2018\/06\/OUI-OUI-TABERNA-ELISA-para-tomar-el-aperitivo-comer-o-cenar-barrio-las-letras-tapear-huertas.grupo-triciclo-640x387.jpg 640w\" sizes=\"auto, (max-width: 770px) 100vw, 770px\" \/><\/p>\n<p>Una taberna de toda la vida con el toque del grupo Triciclo, me qued\u00e9 con las ganas de robarla as\u00ed que lo tengo pendiente!<\/p>\n<p>Calle Santa Mar\u00eda, 42 Tlf: 91 421 64 09<\/p>\n<p><a href=\"http:\/\/bistronomika.es\/\" target=\"_blank\" rel=\"noopener\"><strong>Bistron\u00f3mika<\/strong><\/a><\/p>\n<p><img loading=\"lazy\" decoding=\"async\" class=\"aligncenter size-full wp-image-9139\" src=\"https:\/\/oui-oui.es\/blog\/wp-content\/uploads\/2018\/06\/Oui-Oui-restaurantes-barrio-letras-restaurante-bistronomika-cocina-creativa-huertas.jpg\" alt=\"\" width=\"700\" height=\"395\" srcset=\"https:\/\/oui-oui.es\/blog\/wp-content\/uploads\/2018\/06\/Oui-Oui-restaurantes-barrio-letras-restaurante-bistronomika-cocina-creativa-huertas.jpg 700w, https:\/\/oui-oui.es\/blog\/wp-content\/uploads\/2018\/06\/Oui-Oui-restaurantes-barrio-letras-restaurante-bistronomika-cocina-creativa-huertas-300x169.jpg 300w, https:\/\/oui-oui.es\/blog\/wp-content\/uploads\/2018\/06\/Oui-Oui-restaurantes-barrio-letras-restaurante-bistronomika-cocina-creativa-huertas-600x339.jpg 600w, https:\/\/oui-oui.es\/blog\/wp-content\/uploads\/2018\/06\/Oui-Oui-restaurantes-barrio-letras-restaurante-bistronomika-cocina-creativa-huertas-640x361.jpg 640w\" sizes=\"auto, (max-width: 700px) 100vw, 700px\" \/><\/p>\n<p>Me lo recomend\u00f3 una amiga y tampoco pude ir, con cocina del mar y pescados a la brasa, va directo a mis restaurantes que tachar!<\/p>\n<p>C\/Santa Mar\u00eda, 39 Tlf: <span class=\"LrzXr zdqRlf kno-fv\">91 138 62 98<\/span><\/p>\n<p><a href=\"https:\/\/www.elazuldefucar.com\/\" target=\"_blank\" rel=\"noopener\"><strong>El azul de F\u00facar<\/strong><\/a><\/p>\n<p><img loading=\"lazy\" decoding=\"async\" class=\"aligncenter size-large wp-image-9146\" src=\"https:\/\/oui-oui.es\/blog\/wp-content\/uploads\/2018\/06\/Oui-Oui-restaurante-barrio-las-letras-azul-de-fucar-vivo-y-capiton\u00e9-azul-de-fucar-decoraccion-2018-819x1024.jpg\" alt=\"\" width=\"819\" height=\"1024\" srcset=\"https:\/\/oui-oui.es\/blog\/wp-content\/uploads\/2018\/06\/Oui-Oui-restaurante-barrio-las-letras-azul-de-fucar-vivo-y-capiton\u00e9-azul-de-fucar-decoraccion-2018-819x1024.jpg 819w, https:\/\/oui-oui.es\/blog\/wp-content\/uploads\/2018\/06\/Oui-Oui-restaurante-barrio-las-letras-azul-de-fucar-vivo-y-capiton\u00e9-azul-de-fucar-decoraccion-2018-240x300.jpg 240w, https:\/\/oui-oui.es\/blog\/wp-content\/uploads\/2018\/06\/Oui-Oui-restaurante-barrio-las-letras-azul-de-fucar-vivo-y-capiton\u00e9-azul-de-fucar-decoraccion-2018-768x960.jpg 768w, https:\/\/oui-oui.es\/blog\/wp-content\/uploads\/2018\/06\/Oui-Oui-restaurante-barrio-las-letras-azul-de-fucar-vivo-y-capiton\u00e9-azul-de-fucar-decoraccion-2018-600x750.jpg 600w, https:\/\/oui-oui.es\/blog\/wp-content\/uploads\/2018\/06\/Oui-Oui-restaurante-barrio-las-letras-azul-de-fucar-vivo-y-capiton\u00e9-azul-de-fucar-decoraccion-2018-640x800.jpg 640w, https:\/\/oui-oui.es\/blog\/wp-content\/uploads\/2018\/06\/Oui-Oui-restaurante-barrio-las-letras-azul-de-fucar-vivo-y-capiton\u00e9-azul-de-fucar-decoraccion-2018.jpg 1512w\" sizes=\"auto, (max-width: 819px) 100vw, 819px\" \/><\/p>\n<p>Perfecto para una comida (o cena) informal, adem\u00e1s de poder desayunar o merendar y para poder comer de forma r\u00e1pida pero sana, el <strong>sandwich de pulled pork<\/strong> impresionante! (tambi\u00e9n sus tartas).<\/p>\n<p>C\/F\u00facar,1\u00a0 Tlf: <span class=\"LrzXr zdqRlf kno-fv\">91 429 07 73<\/span><\/p>\n<p>Un poco m\u00e1s alejado, en el Mercado de Ant\u00f3n Mart\u00edn, me quedo con ganas e volver a <strong>Buns &amp; Bones<\/strong> (a\u00fan recuerdo unas gambas picantes buen\u00edsimas y varios platos entre baos y carne riqu\u00edsimos) y al mexicano <strong>Cutzamala<\/strong><\/p>\n<p>\u00bfCu\u00e1les son vuestros restaurantes favoritos del barrio de las letras?<\/p>\n<p>&nbsp;<\/p>\n","protected":false},"excerpt":{"rendered":"<p>Los a\u00f1os ( y los ni\u00f1os) van pesando y se notan en algunas cosas&#8230;Como en las salidas. No puedo quejarme porque yo a\u00fan salgo bastante ( de hecho hoy tengo cena con amigas&#8230;je,je), pero tras este finde de DecorAcci\u00f3n si me di cuenta que notaba el cansancio acumulado. En las primeras ediciones aprovech\u00e9 para quedar [&hellip;]<\/p>\n","protected":false},"author":1,"featured_media":9139,"comment_status":"open","ping_status":"open","sticky":false,"template":"","format":"standard","meta":{"jetpack_post_was_ever_published":false,"_jetpack_newsletter_access":"","_jetpack_dont_email_post_to_subs":false,"_jetpack_newsletter_tier_id":0,"_jetpack_memberships_contains_paywalled_content":false,"_jetpack_memberships_contains_paid_content":false,"footnotes":"","jetpack_publicize_message":"","jetpack_publicize_feature_enabled":true,"jetpack_social_post_already_shared":true,"jetpack_social_options":{"image_generator_settings":{"template":"highway","default_image_id":0,"font":"","enabled":false},"version":2}},"categories":[177,769],"tags":[542,813,849,736],"class_list":["post-9138","post","type-post","status-publish","format-standard","has-post-thumbnail","hentry","category-lifestyle-2","category-la-guia-de-maria","tag-barrio-de-las-letras","tag-decoraccion","tag-la-guia-de-maria","tag-restaurantes"],"aioseo_notices":[],"jetpack_publicize_connections":[],"jetpack_featured_media_url":"https:\/\/oui-oui.es\/blog\/wp-content\/uploads\/2018\/06\/Oui-Oui-restaurantes-barrio-letras-restaurante-bistronomika-cocina-creativa-huertas.jpg","jetpack_sharing_enabled":true,"jetpack-related-posts":[{"id":9942,"url":"https:\/\/oui-oui.es\/blog\/por-7a-vez-nos-vemos-en-decoraccion-2019\/","url_meta":{"origin":9138,"position":0},"title":"Por 7\u00aa vez&#8230;Nos vemos en DecorAcci\u00f3n 2019","author":"Mar\u00eda \u2665Oui Oui\u2665","date":"11 junio, 2019","format":false,"excerpt":"Despu\u00e9s de siete a\u00f1os participando en DecorAcci\u00f3n, me cuesta escribir algo distinto, los que le\u00e9is este blog ya sab\u00e9is lo especial que es para nosotros esta fiesta de la DecorAcci\u00f3n, lo bien que nos lo pasamos y lo que nos gusta que pas\u00e9is a vernos :) Este a\u00f1o parece que\u2026","rel":"","context":"En \u00abDECORACI\u00d3N\u00bb","block_context":{"text":"DECORACI\u00d3N","link":"https:\/\/oui-oui.es\/blog\/category\/decoracion-de-casa\/"},"img":{"alt_text":"","src":"https:\/\/i0.wp.com\/oui-oui.es\/blog\/wp-content\/uploads\/2019\/06\/Oui-Oui-decoraccion-2019-barrio-de-las-letras-mercadillo.jpg?resize=350%2C200&ssl=1","width":350,"height":200,"srcset":"https:\/\/i0.wp.com\/oui-oui.es\/blog\/wp-content\/uploads\/2019\/06\/Oui-Oui-decoraccion-2019-barrio-de-las-letras-mercadillo.jpg?resize=350%2C200&ssl=1 1x, https:\/\/i0.wp.com\/oui-oui.es\/blog\/wp-content\/uploads\/2019\/06\/Oui-Oui-decoraccion-2019-barrio-de-las-letras-mercadillo.jpg?resize=525%2C300&ssl=1 1.5x"},"classes":[]},{"id":9128,"url":"https:\/\/oui-oui.es\/blog\/volvemos-a-vernos-en-decoraccion\/","url_meta":{"origin":9138,"position":1},"title":"Volvemos a vernos en DecorAcci\u00f3n","author":"Mar\u00eda \u2665Oui Oui\u2665","date":"5 junio, 2018","format":false,"excerpt":"Un a\u00f1o m\u00e1s! y ya casi ni me acuerdo de las ediciones que llevamos \u00a1creo que es la sexta!. Como siempre, participaremos en la GRAN FIESTA de la DECORACI\u00d3N, que no te puedes perder; decoradores, interioristas, arquitectos, comercios, restaurantes...Todo el barrio de las letras se vuelca en engalanar las calles,\u2026","rel":"","context":"En \u00abOUI OUI\u00bb","block_context":{"text":"OUI OUI","link":"https:\/\/oui-oui.es\/blog\/category\/oui-oui\/"},"img":{"alt_text":"","src":"https:\/\/i0.wp.com\/oui-oui.es\/blog\/wp-content\/uploads\/2018\/06\/LOGO-DA-2018.jpg?resize=350%2C200&ssl=1","width":350,"height":200,"srcset":"https:\/\/i0.wp.com\/oui-oui.es\/blog\/wp-content\/uploads\/2018\/06\/LOGO-DA-2018.jpg?resize=350%2C200&ssl=1 1x, https:\/\/i0.wp.com\/oui-oui.es\/blog\/wp-content\/uploads\/2018\/06\/LOGO-DA-2018.jpg?resize=525%2C300&ssl=1 1.5x"},"classes":[]},{"id":4418,"url":"https:\/\/oui-oui.es\/blog\/restaurantes-que-tachar-en-junio\/","url_meta":{"origin":9138,"position":2},"title":"Restaurantes que tachar en junio","author":"Mar\u00eda \u2665Oui Oui\u2665","date":"8 junio, 2016","format":false,"excerpt":"Los restaurantes de este mes van a estar dedicados al Barrio de las Letras, como os contaba ayer, participaremos en DecorAcci\u00f3n y me gusta (en la medida de lo posible porque con los horarios del stand es complicado) aprovechar para tachar esos sitios que tengo pendiente por la zona y\u2026","rel":"","context":"En \u00abESTILO DE VIDA\u00bb","block_context":{"text":"ESTILO DE VIDA","link":"https:\/\/oui-oui.es\/blog\/category\/lifestyle-2\/"},"img":{"alt_text":"","src":"https:\/\/i0.wp.com\/oui-oui.es\/blog\/wp-content\/uploads\/2016\/06\/Oui-Oui-restaurantes-tachar-junio-mercado-anton-martin-buns-and-bones.jpg?resize=350%2C200&ssl=1","width":350,"height":200,"srcset":"https:\/\/i0.wp.com\/oui-oui.es\/blog\/wp-content\/uploads\/2016\/06\/Oui-Oui-restaurantes-tachar-junio-mercado-anton-martin-buns-and-bones.jpg?resize=350%2C200&ssl=1 1x, https:\/\/i0.wp.com\/oui-oui.es\/blog\/wp-content\/uploads\/2016\/06\/Oui-Oui-restaurantes-tachar-junio-mercado-anton-martin-buns-and-bones.jpg?resize=525%2C300&ssl=1 1.5x, https:\/\/i0.wp.com\/oui-oui.es\/blog\/wp-content\/uploads\/2016\/06\/Oui-Oui-restaurantes-tachar-junio-mercado-anton-martin-buns-and-bones.jpg?resize=700%2C400&ssl=1 2x"},"classes":[]},{"id":2747,"url":"https:\/\/oui-oui.es\/blog\/pasteleria-francesa-en-madrid-motteau\/","url_meta":{"origin":9138,"position":3},"title":"Pasteler\u00eda francesa en Madrid | Motteau","author":"Mar\u00eda \u2665Oui Oui\u2665","date":"16 julio, 2015","format":false,"excerpt":"Ya os cont\u00e9 lo que me gusta volver al barrio de las Letras y descubrir sitios nuevos, con la excusa de DecorAcci\u00f3n, me pas\u00e9 cuatro d\u00edas all\u00ed y pude disfrutar de varios de los bares, restaurantes y tiendas con encanto que hay en cada callecita. Uno reci\u00e9n inagurado fu\u00e9 la\u2026","rel":"","context":"En \u00abESTILO DE VIDA\u00bb","block_context":{"text":"ESTILO DE VIDA","link":"https:\/\/oui-oui.es\/blog\/category\/lifestyle-2\/"},"img":{"alt_text":"","src":"https:\/\/i0.wp.com\/oui-oui.es\/blog\/wp-content\/uploads\/Oui-Oui-pasteleria-MOTTEAU.jpg?resize=350%2C200&ssl=1","width":350,"height":200,"srcset":"https:\/\/i0.wp.com\/oui-oui.es\/blog\/wp-content\/uploads\/Oui-Oui-pasteleria-MOTTEAU.jpg?resize=350%2C200&ssl=1 1x, https:\/\/i0.wp.com\/oui-oui.es\/blog\/wp-content\/uploads\/Oui-Oui-pasteleria-MOTTEAU.jpg?resize=525%2C300&ssl=1 1.5x"},"classes":[]},{"id":1548,"url":"https:\/\/oui-oui.es\/blog\/oui-oui-en-decoraccion\/","url_meta":{"origin":9138,"position":4},"title":"Oui Oui en DecorAcci\u00f3n","author":"Mar\u00eda \u2665Oui Oui\u2665","date":"2 junio, 2014","format":false,"excerpt":"Vuelvo al blog con ganas de contaros muchas cosas y la primera y muy importantes es que Oui Oui va a participar en la V Edici\u00f3n de DecorAcci\u00f3n...Que se ha convertido en uno de los eventos de decoraci\u00f3n m\u00e1s importantes, tanto por su dimensi\u00f3n (todo el Barrio de Las Letras)\u2026","rel":"","context":"En \u00abOUI OUI\u00bb","block_context":{"text":"OUI OUI","link":"https:\/\/oui-oui.es\/blog\/category\/oui-oui\/"},"img":{"alt_text":"","src":"https:\/\/i0.wp.com\/oui-oui.es\/blog\/wp-content\/uploads\/2014\/06\/oui-oui-las-verdaderas-puertas-del-ratoncito-perez-puerta-ratoncito-perez-la-original.jpg?resize=350%2C200&ssl=1","width":350,"height":200,"srcset":"https:\/\/i0.wp.com\/oui-oui.es\/blog\/wp-content\/uploads\/2014\/06\/oui-oui-las-verdaderas-puertas-del-ratoncito-perez-puerta-ratoncito-perez-la-original.jpg?resize=350%2C200&ssl=1 1x, https:\/\/i0.wp.com\/oui-oui.es\/blog\/wp-content\/uploads\/2014\/06\/oui-oui-las-verdaderas-puertas-del-ratoncito-perez-puerta-ratoncito-perez-la-original.jpg?resize=525%2C300&ssl=1 1.5x, https:\/\/i0.wp.com\/oui-oui.es\/blog\/wp-content\/uploads\/2014\/06\/oui-oui-las-verdaderas-puertas-del-ratoncito-perez-puerta-ratoncito-perez-la-original.jpg?resize=700%2C400&ssl=1 2x"},"classes":[]},{"id":4409,"url":"https:\/\/oui-oui.es\/blog\/os-esperamos-en-decoraccion\/","url_meta":{"origin":9138,"position":5},"title":"\u00a1Os esperamos en DecorAcci\u00f3n!","author":"Mar\u00eda \u2665Oui Oui\u2665","date":"7 junio, 2016","format":false,"excerpt":"Un a\u00f1o m\u00e1s \u00a1y ya van cuatro! participaremos en el evento de decoraci\u00f3n m\u00e1s importante de Espa\u00f1a; DecorAcci\u00f3n. El Barrio de las Letras de Madrid se viste de gala para recibir a todo el mundo entre instalaciones, exposiciones, mercadillo de antig\u00fcedades y pop up de tiendas de decoraci\u00f3n online. Como\u2026","rel":"","context":"En \u00abDECORACI\u00d3N\u00bb","block_context":{"text":"DECORACI\u00d3N","link":"https:\/\/oui-oui.es\/blog\/category\/decoracion-de-casa\/"},"img":{"alt_text":"","src":"https:\/\/i0.wp.com\/oui-oui.es\/blog\/wp-content\/uploads\/2016\/06\/Oui-Oui-lampara-catus-verde-cactus-lamp-goodnightlight-jarronejo.jpg?resize=350%2C200&ssl=1","width":350,"height":200,"srcset":"https:\/\/i0.wp.com\/oui-oui.es\/blog\/wp-content\/uploads\/2016\/06\/Oui-Oui-lampara-catus-verde-cactus-lamp-goodnightlight-jarronejo.jpg?resize=350%2C200&ssl=1 1x, https:\/\/i0.wp.com\/oui-oui.es\/blog\/wp-content\/uploads\/2016\/06\/Oui-Oui-lampara-catus-verde-cactus-lamp-goodnightlight-jarronejo.jpg?resize=525%2C300&ssl=1 1.5x, https:\/\/i0.wp.com\/oui-oui.es\/blog\/wp-content\/uploads\/2016\/06\/Oui-Oui-lampara-catus-verde-cactus-lamp-goodnightlight-jarronejo.jpg?resize=700%2C400&ssl=1 2x, https:\/\/i0.wp.com\/oui-oui.es\/blog\/wp-content\/uploads\/2016\/06\/Oui-Oui-lampara-catus-verde-cactus-lamp-goodnightlight-jarronejo.jpg?resize=1050%2C600&ssl=1 3x, https:\/\/i0.wp.com\/oui-oui.es\/blog\/wp-content\/uploads\/2016\/06\/Oui-Oui-lampara-catus-verde-cactus-lamp-goodnightlight-jarronejo.jpg?resize=1400%2C800&ssl=1 4x"},"classes":[]}],"_links":{"self":[{"href":"https:\/\/oui-oui.es\/blog\/wp-json\/wp\/v2\/posts\/9138","targetHints":{"allow":["GET"]}}],"collection":[{"href":"https:\/\/oui-oui.es\/blog\/wp-json\/wp\/v2\/posts"}],"about":[{"href":"https:\/\/oui-oui.es\/blog\/wp-json\/wp\/v2\/types\/post"}],"author":[{"embeddable":true,"href":"https:\/\/oui-oui.es\/blog\/wp-json\/wp\/v2\/users\/1"}],"replies":[{"embeddable":true,"href":"https:\/\/oui-oui.es\/blog\/wp-json\/wp\/v2\/comments?post=9138"}],"version-history":[{"count":3,"href":"https:\/\/oui-oui.es\/blog\/wp-json\/wp\/v2\/posts\/9138\/revisions"}],"predecessor-version":[{"id":9149,"href":"https:\/\/oui-oui.es\/blog\/wp-json\/wp\/v2\/posts\/9138\/revisions\/9149"}],"wp:featuredmedia":[{"embeddable":true,"href":"https:\/\/oui-oui.es\/blog\/wp-json\/wp\/v2\/media\/9139"}],"wp:attachment":[{"href":"https:\/\/oui-oui.es\/blog\/wp-json\/wp\/v2\/media?parent=9138"}],"wp:term":[{"taxonomy":"category","embeddable":true,"href":"https:\/\/oui-oui.es\/blog\/wp-json\/wp\/v2\/categories?post=9138"},{"taxonomy":"post_tag","embeddable":true,"href":"https:\/\/oui-oui.es\/blog\/wp-json\/wp\/v2\/tags?post=9138"}],"curies":[{"name":"wp","href":"https:\/\/api.w.org\/{rel}","templated":true}]}}