{"id":9186,"date":"2018-07-09T13:48:52","date_gmt":"2018-07-09T11:48:52","guid":{"rendered":"https:\/\/oui-oui.es\/blog\/?p=9186"},"modified":"2018-07-09T13:48:52","modified_gmt":"2018-07-09T11:48:52","slug":"tiendas-restaurantes-y-lugares-imprescindibles-en-lisboa","status":"publish","type":"post","link":"https:\/\/oui-oui.es\/blog\/tiendas-restaurantes-y-lugares-imprescindibles-en-lisboa\/","title":{"rendered":"Tiendas, restaurantes y lugares imprescindibles en Lisboa"},"content":{"rendered":"<p>Suelo planificar bastante los viajes, tener una lista de los restaurantes donde cenar, tiendas en las que comprar, lugares de inter\u00e9s que visitar&#8230;Pero en mi \u00faltima escapada a Lisboa algo cambi\u00f3, el viaje estaba organizado por dos amigas que se encargaron de reservar todo y los planes iban siendo sorpresa. Adem\u00e1s, me pillaba justo a final de curso, con la mente ocupada las \u00faltimas semanas en regalos a los profes, festival del cole, actividades veraniegas y maletas para el campamento de los abuelos.<\/p>\n<p>Por eso seguro que me faltan direcciones que son chul\u00edsimas, pero <strong>aqu\u00ed os dejo las que descubr\u00ed<\/strong> en tres intensos d\u00edas de amigas en Lisboa.<\/p>\n<p><strong>Las tiendas que m\u00e1s me gustaron:<\/strong><\/p>\n<p><a href=\"https:\/\/www.avidaportuguesa.com\/\" target=\"_blank\" rel=\"noopener\"><strong>A vida portuguesa:<\/strong><\/a> un imprescindible para comprar souvenirs con estilo, productos portugueses de toda la vida, jabones, manteles, cacharros, cer\u00e1mica&#8230;Un made in Portugal en toda regla, las tiendas son preciosas y los productos tambi\u00e9n. Perfecta para llevarte un auto regalo y para comprarle a los ni\u00f1os algo aut\u00e9ntico. Hay varias por toda la ciudad pincha <a href=\"https:\/\/www.avidaportuguesa.com\/\" target=\"_blank\" rel=\"noopener\">AQU\u00cd<\/a>.<\/p>\n<p><img loading=\"lazy\" decoding=\"async\" class=\"aligncenter size-full wp-image-9189\" src=\"https:\/\/oui-oui.es\/blog\/wp-content\/uploads\/2018\/07\/Oui-Oui-tiendas-lisboa-a-vida-portuguesa-tiendas-monas-lisboa-imprescindibles-lisboa.jpg\" alt=\"\" width=\"870\" height=\"552\" srcset=\"https:\/\/oui-oui.es\/blog\/wp-content\/uploads\/2018\/07\/Oui-Oui-tiendas-lisboa-a-vida-portuguesa-tiendas-monas-lisboa-imprescindibles-lisboa.jpg 870w, https:\/\/oui-oui.es\/blog\/wp-content\/uploads\/2018\/07\/Oui-Oui-tiendas-lisboa-a-vida-portuguesa-tiendas-monas-lisboa-imprescindibles-lisboa-300x190.jpg 300w, https:\/\/oui-oui.es\/blog\/wp-content\/uploads\/2018\/07\/Oui-Oui-tiendas-lisboa-a-vida-portuguesa-tiendas-monas-lisboa-imprescindibles-lisboa-768x487.jpg 768w, https:\/\/oui-oui.es\/blog\/wp-content\/uploads\/2018\/07\/Oui-Oui-tiendas-lisboa-a-vida-portuguesa-tiendas-monas-lisboa-imprescindibles-lisboa-600x381.jpg 600w, https:\/\/oui-oui.es\/blog\/wp-content\/uploads\/2018\/07\/Oui-Oui-tiendas-lisboa-a-vida-portuguesa-tiendas-monas-lisboa-imprescindibles-lisboa-640x406.jpg 640w\" sizes=\"auto, (max-width: 870px) 100vw, 870px\" \/><\/p>\n<p><img loading=\"lazy\" decoding=\"async\" class=\"aligncenter size-large wp-image-9191\" src=\"https:\/\/oui-oui.es\/blog\/wp-content\/uploads\/2018\/07\/Oui-Oui-tiendas-lisboa-a-vida-portuguesa-tiendas-monas-lisboa-imprescindibles-lisboa-tienda-sbonitas-lisboa-e1531134527967-768x1024.jpg\" alt=\"\" width=\"768\" height=\"1024\" srcset=\"https:\/\/oui-oui.es\/blog\/wp-content\/uploads\/2018\/07\/Oui-Oui-tiendas-lisboa-a-vida-portuguesa-tiendas-monas-lisboa-imprescindibles-lisboa-tienda-sbonitas-lisboa-e1531134527967-768x1024.jpg 768w, https:\/\/oui-oui.es\/blog\/wp-content\/uploads\/2018\/07\/Oui-Oui-tiendas-lisboa-a-vida-portuguesa-tiendas-monas-lisboa-imprescindibles-lisboa-tienda-sbonitas-lisboa-e1531134527967-225x300.jpg 225w, https:\/\/oui-oui.es\/blog\/wp-content\/uploads\/2018\/07\/Oui-Oui-tiendas-lisboa-a-vida-portuguesa-tiendas-monas-lisboa-imprescindibles-lisboa-tienda-sbonitas-lisboa-e1531134527967-600x800.jpg 600w, https:\/\/oui-oui.es\/blog\/wp-content\/uploads\/2018\/07\/Oui-Oui-tiendas-lisboa-a-vida-portuguesa-tiendas-monas-lisboa-imprescindibles-lisboa-tienda-sbonitas-lisboa-e1531134527967-640x853.jpg 640w, https:\/\/oui-oui.es\/blog\/wp-content\/uploads\/2018\/07\/Oui-Oui-tiendas-lisboa-a-vida-portuguesa-tiendas-monas-lisboa-imprescindibles-lisboa-tienda-sbonitas-lisboa-e1531134527967.jpg 1512w\" sizes=\"auto, (max-width: 768px) 100vw, 768px\" \/><\/p>\n<p>&nbsp;<\/p>\n<p>En <strong>A Vida Portuguesa<\/strong> descubr\u00ed las <em>yemas <a href=\"http:\/\/saboressantaclara.com\/sitesaboressantaclara\/es\/saboressantaclara.php\" target=\"_blank\" rel=\"noopener\"><strong>\u00ab<\/strong><\/a><\/em><strong>Rebu\u00e7ado de ovo de Portalegre\u00bb <\/strong>un must para golosas como yo!, que son yemas de Santa Clara pero con un acabado diferente.<\/p>\n<p><img loading=\"lazy\" decoding=\"async\" class=\"aligncenter size-large wp-image-9201\" src=\"https:\/\/oui-oui.es\/blog\/wp-content\/uploads\/2018\/07\/Oui-Oui-rebu\u00e7ados-de-ovo-santa-clara-comprar-dulces-lisboa-1024x683.jpg\" alt=\"\" width=\"1024\" height=\"683\" srcset=\"https:\/\/oui-oui.es\/blog\/wp-content\/uploads\/2018\/07\/Oui-Oui-rebu\u00e7ados-de-ovo-santa-clara-comprar-dulces-lisboa-1024x683.jpg 1024w, https:\/\/oui-oui.es\/blog\/wp-content\/uploads\/2018\/07\/Oui-Oui-rebu\u00e7ados-de-ovo-santa-clara-comprar-dulces-lisboa-300x200.jpg 300w, https:\/\/oui-oui.es\/blog\/wp-content\/uploads\/2018\/07\/Oui-Oui-rebu\u00e7ados-de-ovo-santa-clara-comprar-dulces-lisboa-768x512.jpg 768w, https:\/\/oui-oui.es\/blog\/wp-content\/uploads\/2018\/07\/Oui-Oui-rebu\u00e7ados-de-ovo-santa-clara-comprar-dulces-lisboa-600x400.jpg 600w, https:\/\/oui-oui.es\/blog\/wp-content\/uploads\/2018\/07\/Oui-Oui-rebu\u00e7ados-de-ovo-santa-clara-comprar-dulces-lisboa-640x427.jpg 640w, https:\/\/oui-oui.es\/blog\/wp-content\/uploads\/2018\/07\/Oui-Oui-rebu\u00e7ados-de-ovo-santa-clara-comprar-dulces-lisboa.jpg 1200w\" sizes=\"auto, (max-width: 1024px) 100vw, 1024px\" \/><\/p>\n<p>&nbsp;<\/p>\n<p><strong>Alfama Shop:<\/strong> en pleno barrio de Alfama parece una tienda m\u00e1s de souvenirs pero no, en ella encontrar\u00e1s las t\u00edpicas golondrinas en todos los colores imaginables y, sobretodo, en tonos muy monos (pasteles, rosa palo, gris, etc&#8230;), tambi\u00e9n tienen una selecci\u00f3n de juguetes cl\u00e1sicos de madera ideales. <strong><span class=\"LrzXr\">Rua dos Rem\u00e9dios 169.<\/span><\/strong><\/p>\n<p><img loading=\"lazy\" decoding=\"async\" class=\"aligncenter size-large wp-image-9190\" src=\"https:\/\/oui-oui.es\/blog\/wp-content\/uploads\/2018\/07\/Oui-Oui-tiendas-lisboa-alfama-shop-tiendas-monas-lisboa-imprescindibles-lisboa-e1531134556782-768x1024.jpg\" alt=\"\" width=\"768\" height=\"1024\" srcset=\"https:\/\/oui-oui.es\/blog\/wp-content\/uploads\/2018\/07\/Oui-Oui-tiendas-lisboa-alfama-shop-tiendas-monas-lisboa-imprescindibles-lisboa-e1531134556782-768x1024.jpg 768w, https:\/\/oui-oui.es\/blog\/wp-content\/uploads\/2018\/07\/Oui-Oui-tiendas-lisboa-alfama-shop-tiendas-monas-lisboa-imprescindibles-lisboa-e1531134556782-225x300.jpg 225w, https:\/\/oui-oui.es\/blog\/wp-content\/uploads\/2018\/07\/Oui-Oui-tiendas-lisboa-alfama-shop-tiendas-monas-lisboa-imprescindibles-lisboa-e1531134556782-600x800.jpg 600w, https:\/\/oui-oui.es\/blog\/wp-content\/uploads\/2018\/07\/Oui-Oui-tiendas-lisboa-alfama-shop-tiendas-monas-lisboa-imprescindibles-lisboa-e1531134556782-640x853.jpg 640w, https:\/\/oui-oui.es\/blog\/wp-content\/uploads\/2018\/07\/Oui-Oui-tiendas-lisboa-alfama-shop-tiendas-monas-lisboa-imprescindibles-lisboa-e1531134556782.jpg 1512w\" sizes=\"auto, (max-width: 768px) 100vw, 768px\" \/><\/p>\n<p>&nbsp;<\/p>\n<p><strong>Ai Mar\u00eda:<\/strong> otra tienda en Alfama, en la que comprar vestidos, shorts y otras prendas hechas con pa\u00f1uelos t\u00edpicos portugueses, adem\u00e1s de los t\u00edpicos bolso cesta que tanto se llevan&#8230; <strong><span class=\"LrzXr\">Rua S\u00e3o Miguel 52, 1100-543 Alfama<\/span><\/strong><\/p>\n<p><img loading=\"lazy\" decoding=\"async\" class=\"aligncenter size-large wp-image-9192\" src=\"https:\/\/oui-oui.es\/blog\/wp-content\/uploads\/2018\/07\/Oui-Oui-tiendas-lisboa-ai-maria-tiendas-monas-lisboa-imprescindibles-lisboa-tiendas-alfama-1024x768.jpg\" alt=\"\" width=\"1024\" height=\"768\" srcset=\"https:\/\/oui-oui.es\/blog\/wp-content\/uploads\/2018\/07\/Oui-Oui-tiendas-lisboa-ai-maria-tiendas-monas-lisboa-imprescindibles-lisboa-tiendas-alfama-1024x768.jpg 1024w, https:\/\/oui-oui.es\/blog\/wp-content\/uploads\/2018\/07\/Oui-Oui-tiendas-lisboa-ai-maria-tiendas-monas-lisboa-imprescindibles-lisboa-tiendas-alfama-300x225.jpg 300w, https:\/\/oui-oui.es\/blog\/wp-content\/uploads\/2018\/07\/Oui-Oui-tiendas-lisboa-ai-maria-tiendas-monas-lisboa-imprescindibles-lisboa-tiendas-alfama-768x576.jpg 768w, https:\/\/oui-oui.es\/blog\/wp-content\/uploads\/2018\/07\/Oui-Oui-tiendas-lisboa-ai-maria-tiendas-monas-lisboa-imprescindibles-lisboa-tiendas-alfama-600x450.jpg 600w, https:\/\/oui-oui.es\/blog\/wp-content\/uploads\/2018\/07\/Oui-Oui-tiendas-lisboa-ai-maria-tiendas-monas-lisboa-imprescindibles-lisboa-tiendas-alfama-640x480.jpg 640w, https:\/\/oui-oui.es\/blog\/wp-content\/uploads\/2018\/07\/Oui-Oui-tiendas-lisboa-ai-maria-tiendas-monas-lisboa-imprescindibles-lisboa-tiendas-alfama.jpg 2016w\" sizes=\"auto, (max-width: 1024px) 100vw, 1024px\" \/><\/p>\n<p>&nbsp;<\/p>\n<p><strong>Loja das Conservas:<\/strong> un regalo de color a la vista, es entrar en la tienda que a\u00fana varias cofrad\u00edas conservera de Lisboa y volverte loca para elegir qu\u00e9 llevarte. Una lata de sardinas es imprescindible, casi todas las latas tienen un packaging especial y precioso, vintage, moderno, con gui\u00f1os&#8230;Muy recomendables tambi\u00e9n los pat\u00e9s \u00a1un regalo con el que aciertas seguro!. <strong><span class=\"LrzXr\">Rua do Arsenal 130, Lisboa.<\/span><\/strong><\/p>\n<p><img loading=\"lazy\" decoding=\"async\" class=\"aligncenter size-full wp-image-9193\" src=\"https:\/\/oui-oui.es\/blog\/wp-content\/uploads\/2018\/07\/Oui-Oui-tiendas-lisboa-loja-das-conservas-tiendas-monas-lisboa-imprescindibles-lisboa-tienda-latas-de-sardinas-lisboa.jpg\" alt=\"\" width=\"635\" height=\"400\" srcset=\"https:\/\/oui-oui.es\/blog\/wp-content\/uploads\/2018\/07\/Oui-Oui-tiendas-lisboa-loja-das-conservas-tiendas-monas-lisboa-imprescindibles-lisboa-tienda-latas-de-sardinas-lisboa.jpg 635w, https:\/\/oui-oui.es\/blog\/wp-content\/uploads\/2018\/07\/Oui-Oui-tiendas-lisboa-loja-das-conservas-tiendas-monas-lisboa-imprescindibles-lisboa-tienda-latas-de-sardinas-lisboa-300x189.jpg 300w, https:\/\/oui-oui.es\/blog\/wp-content\/uploads\/2018\/07\/Oui-Oui-tiendas-lisboa-loja-das-conservas-tiendas-monas-lisboa-imprescindibles-lisboa-tienda-latas-de-sardinas-lisboa-600x378.jpg 600w\" sizes=\"auto, (max-width: 635px) 100vw, 635px\" \/><\/p>\n<p><img loading=\"lazy\" decoding=\"async\" class=\"aligncenter size-full wp-image-9194\" src=\"https:\/\/oui-oui.es\/blog\/wp-content\/uploads\/2018\/07\/Oui-Oui-tiendas-lisboa-loja-das-conservas-tiendas-monas-lisboa-imprescindibles-lisboa-tienda-latas-de-sardinas.jpg\" alt=\"\" width=\"550\" height=\"413\" srcset=\"https:\/\/oui-oui.es\/blog\/wp-content\/uploads\/2018\/07\/Oui-Oui-tiendas-lisboa-loja-das-conservas-tiendas-monas-lisboa-imprescindibles-lisboa-tienda-latas-de-sardinas.jpg 550w, https:\/\/oui-oui.es\/blog\/wp-content\/uploads\/2018\/07\/Oui-Oui-tiendas-lisboa-loja-das-conservas-tiendas-monas-lisboa-imprescindibles-lisboa-tienda-latas-de-sardinas-300x225.jpg 300w\" sizes=\"auto, (max-width: 550px) 100vw, 550px\" \/><\/p>\n<p>&nbsp;<\/p>\n<p><strong>Lisbon duck store:<\/strong> no es algo especialmente portugu\u00e9s, pero es una tienda graciosa, en la que encontrr\u00e1s todo tipo de patitos amarillos customizados con profesiones, deportes, estilos de vida&#8230;Para hacer un regalo diferente ;), est\u00e1 en <strong>Rua da Madalena,54<\/strong>.<\/p>\n<p><img loading=\"lazy\" decoding=\"async\" class=\"aligncenter size-full wp-image-9195\" src=\"https:\/\/oui-oui.es\/blog\/wp-content\/uploads\/2018\/07\/Oui-Oui-tiendas-lisboa-lisbon-duck-store-tienda-patitos-goma-amarillos-tiendas-monas-lisboa-imprescindibles-lisboa-tiendas-bonitas-lisboa.jpg\" alt=\"\" width=\"700\" height=\"394\" srcset=\"https:\/\/oui-oui.es\/blog\/wp-content\/uploads\/2018\/07\/Oui-Oui-tiendas-lisboa-lisbon-duck-store-tienda-patitos-goma-amarillos-tiendas-monas-lisboa-imprescindibles-lisboa-tiendas-bonitas-lisboa.jpg 700w, https:\/\/oui-oui.es\/blog\/wp-content\/uploads\/2018\/07\/Oui-Oui-tiendas-lisboa-lisbon-duck-store-tienda-patitos-goma-amarillos-tiendas-monas-lisboa-imprescindibles-lisboa-tiendas-bonitas-lisboa-300x169.jpg 300w, https:\/\/oui-oui.es\/blog\/wp-content\/uploads\/2018\/07\/Oui-Oui-tiendas-lisboa-lisbon-duck-store-tienda-patitos-goma-amarillos-tiendas-monas-lisboa-imprescindibles-lisboa-tiendas-bonitas-lisboa-600x338.jpg 600w, https:\/\/oui-oui.es\/blog\/wp-content\/uploads\/2018\/07\/Oui-Oui-tiendas-lisboa-lisbon-duck-store-tienda-patitos-goma-amarillos-tiendas-monas-lisboa-imprescindibles-lisboa-tiendas-bonitas-lisboa-500x280.jpg 500w, https:\/\/oui-oui.es\/blog\/wp-content\/uploads\/2018\/07\/Oui-Oui-tiendas-lisboa-lisbon-duck-store-tienda-patitos-goma-amarillos-tiendas-monas-lisboa-imprescindibles-lisboa-tiendas-bonitas-lisboa-640x360.jpg 640w\" sizes=\"auto, (max-width: 700px) 100vw, 700px\" \/><\/p>\n<p><strong>Restaurantes para cenar en Lisboa<\/strong><\/p>\n<p><strong>Ponto Final:<\/strong> al otro lado del r\u00edo, con unas vistas incre\u00edbles de la ciudad y el puente, un restaurante donde cenar pescado con patatas (como de la abuela) pero, sobretodo, disfrutar de las vistas. Imprescindible reservar (si hace bueno, siempre fuera). <strong><span class=\"LrzXr\">Rua do Ginjal 72, Almada, Lisboa.<\/span><\/strong><\/p>\n<p><img loading=\"lazy\" decoding=\"async\" class=\"aligncenter size-full wp-image-9187\" src=\"https:\/\/oui-oui.es\/blog\/wp-content\/uploads\/2018\/07\/Oui-Oui-restaurantes-chulos-lisboa-restaurante-ponto-final-lisboa-restaurante-con-vistas-lisboa.jpg\" alt=\"\" width=\"750\" height=\"440\" srcset=\"https:\/\/oui-oui.es\/blog\/wp-content\/uploads\/2018\/07\/Oui-Oui-restaurantes-chulos-lisboa-restaurante-ponto-final-lisboa-restaurante-con-vistas-lisboa.jpg 750w, https:\/\/oui-oui.es\/blog\/wp-content\/uploads\/2018\/07\/Oui-Oui-restaurantes-chulos-lisboa-restaurante-ponto-final-lisboa-restaurante-con-vistas-lisboa-300x176.jpg 300w, https:\/\/oui-oui.es\/blog\/wp-content\/uploads\/2018\/07\/Oui-Oui-restaurantes-chulos-lisboa-restaurante-ponto-final-lisboa-restaurante-con-vistas-lisboa-600x352.jpg 600w, https:\/\/oui-oui.es\/blog\/wp-content\/uploads\/2018\/07\/Oui-Oui-restaurantes-chulos-lisboa-restaurante-ponto-final-lisboa-restaurante-con-vistas-lisboa-640x375.jpg 640w\" sizes=\"auto, (max-width: 750px) 100vw, 750px\" \/><\/p>\n<p><strong>Pharmacia:<\/strong> el restaurante anexo al Museo de la Farmacia, decorado con objetos m\u00e9dicos y de farmacia (la hielera es un carrito de enfermer\u00eda antiguo, la botella de agua parece una botella de medicina de esas marrones, la cuenta te la traen en un bote de muestra de orina&#8230;Y los cocktails tienen nombres de medicamentos), merece la pena, tanto por la decoraci\u00f3n como por la comida y, si el tiempo lo permite, por su terraza con vistas. <strong><span class=\"LrzXr\">Rua Mal. Saldanha, 1.<\/span><\/strong><\/p>\n<p><img loading=\"lazy\" decoding=\"async\" class=\"aligncenter size-full wp-image-9188\" src=\"https:\/\/oui-oui.es\/blog\/wp-content\/uploads\/2018\/07\/Oui-Oui-restaurantes-lisboa-restaurante-farmacia-restaurante-pharmacia-lisboa.jpg\" alt=\"\" width=\"675\" height=\"449\" srcset=\"https:\/\/oui-oui.es\/blog\/wp-content\/uploads\/2018\/07\/Oui-Oui-restaurantes-lisboa-restaurante-farmacia-restaurante-pharmacia-lisboa.jpg 675w, https:\/\/oui-oui.es\/blog\/wp-content\/uploads\/2018\/07\/Oui-Oui-restaurantes-lisboa-restaurante-farmacia-restaurante-pharmacia-lisboa-300x200.jpg 300w, https:\/\/oui-oui.es\/blog\/wp-content\/uploads\/2018\/07\/Oui-Oui-restaurantes-lisboa-restaurante-farmacia-restaurante-pharmacia-lisboa-600x399.jpg 600w, https:\/\/oui-oui.es\/blog\/wp-content\/uploads\/2018\/07\/Oui-Oui-restaurantes-lisboa-restaurante-farmacia-restaurante-pharmacia-lisboa-640x426.jpg 640w\" sizes=\"auto, (max-width: 675px) 100vw, 675px\" \/><\/p>\n<p><strong>La cervecer\u00eda &#8211; marisquer\u00eda RAMIRO<\/strong> no es nada galourosa, ni mona, ni est\u00e1 en una zona bonita. Pero tiene una relaci\u00f3n calidad &#8211; precio incre\u00edble. Imprescindible reservar ya que siempre hay cola. <strong><span class=\"LrzXr\">Av. Almirante Reis n\u00ba1 &#8211; H, 1150-007.<\/span><\/strong><\/p>\n<p><strong>Espera\u00e7a Se:<\/strong> un italiano sencillo en Alfama en el que ca\u00edmos por casualidad, pero que result\u00f3 todo muy rico, no es que merezca la pena ir ex profeso, pero si te pilla por ah\u00ed, para tenelo apuntado. <strong><span class=\"LrzXr\">Rua do Norte 95<\/span><\/strong><\/p>\n<p><img loading=\"lazy\" decoding=\"async\" class=\"aligncenter size-full wp-image-9196\" src=\"https:\/\/oui-oui.es\/blog\/wp-content\/uploads\/2018\/07\/Oui-Oui-restaurantes-lisboa-restaurante-espera\u00e7a-se-pizzeria-alfama-restaurante-italiano-lisboa.jpg\" alt=\"\" width=\"720\" height=\"540\" srcset=\"https:\/\/oui-oui.es\/blog\/wp-content\/uploads\/2018\/07\/Oui-Oui-restaurantes-lisboa-restaurante-espera\u00e7a-se-pizzeria-alfama-restaurante-italiano-lisboa.jpg 720w, https:\/\/oui-oui.es\/blog\/wp-content\/uploads\/2018\/07\/Oui-Oui-restaurantes-lisboa-restaurante-espera\u00e7a-se-pizzeria-alfama-restaurante-italiano-lisboa-300x225.jpg 300w, https:\/\/oui-oui.es\/blog\/wp-content\/uploads\/2018\/07\/Oui-Oui-restaurantes-lisboa-restaurante-espera\u00e7a-se-pizzeria-alfama-restaurante-italiano-lisboa-600x450.jpg 600w, https:\/\/oui-oui.es\/blog\/wp-content\/uploads\/2018\/07\/Oui-Oui-restaurantes-lisboa-restaurante-espera\u00e7a-se-pizzeria-alfama-restaurante-italiano-lisboa-640x480.jpg 640w\" sizes=\"auto, (max-width: 720px) 100vw, 720px\" \/><\/p>\n<p>Tambi\u00e9n en Alfama, me recomendaron las hamburguesas de <strong>Cruzes Cred\u00f3 Caf\u00e9<\/strong>, as\u00ed como su tarta de chocolate, no pudimos probarlas porque estaba completo (importante reservar en todos los restaurantes), pero aqu\u00ed os lo dejo, est\u00e1 en <strong><span class=\"LrzXr\">Rua Cruzes da S\u00e9 29.<\/span><\/strong><\/p>\n<p><strong>Lugares que visitar<\/strong><\/p>\n<p>Adem\u00e1s de los monumentos, museos y lugares de inter\u00e9s t\u00edpicos, te recomendar\u00eda ir a ver la <strong>calle rosa<\/strong>, si la has visto en Instagram es probable que te decepcione, nunca estar\u00e1 tan limpia ni despejada como ves en las fotos,pero igualmente es chula ;). S\u00f3lo tienes que poner \u00abcalle rosa\u00bb en el callejero.<\/p>\n<p><img loading=\"lazy\" decoding=\"async\" class=\"aligncenter size-full wp-image-9197\" src=\"https:\/\/oui-oui.es\/blog\/wp-content\/uploads\/2018\/07\/Oui-Oui-lugares-imprescindibles-lisboa-calle-rosa-pink-street.jpg\" alt=\"\" width=\"800\" height=\"533\" srcset=\"https:\/\/oui-oui.es\/blog\/wp-content\/uploads\/2018\/07\/Oui-Oui-lugares-imprescindibles-lisboa-calle-rosa-pink-street.jpg 800w, https:\/\/oui-oui.es\/blog\/wp-content\/uploads\/2018\/07\/Oui-Oui-lugares-imprescindibles-lisboa-calle-rosa-pink-street-300x200.jpg 300w, https:\/\/oui-oui.es\/blog\/wp-content\/uploads\/2018\/07\/Oui-Oui-lugares-imprescindibles-lisboa-calle-rosa-pink-street-768x512.jpg 768w, https:\/\/oui-oui.es\/blog\/wp-content\/uploads\/2018\/07\/Oui-Oui-lugares-imprescindibles-lisboa-calle-rosa-pink-street-600x400.jpg 600w, https:\/\/oui-oui.es\/blog\/wp-content\/uploads\/2018\/07\/Oui-Oui-lugares-imprescindibles-lisboa-calle-rosa-pink-street-640x426.jpg 640w\" sizes=\"auto, (max-width: 800px) 100vw, 800px\" \/><\/p>\n<p>Otro plan que me encant\u00f3 fue sentarnos a charlar en las escaleras de la plaza del comercio, con la r\u00eda de frente. Sentir la ciudad abierta bajo unos escalones, la brisa, la vistas&#8230;Es algo especial.<\/p>\n<p><img loading=\"lazy\" decoding=\"async\" class=\"aligncenter size-full wp-image-9198\" src=\"https:\/\/oui-oui.es\/blog\/wp-content\/uploads\/2018\/07\/lisboa-downtown-cais-das-colunas-terreiro-do-pa\u00e7o-trade-square-statue-king-d-jos\u00e9-lisbon-columns-pier-ou-pra\u00e7a-com\u00e9rcio-plaza-comercio-vistas-ria.jpg\" alt=\"\" width=\"800\" height=\"450\" srcset=\"https:\/\/oui-oui.es\/blog\/wp-content\/uploads\/2018\/07\/lisboa-downtown-cais-das-colunas-terreiro-do-pa\u00e7o-trade-square-statue-king-d-jos\u00e9-lisbon-columns-pier-ou-pra\u00e7a-com\u00e9rcio-plaza-comercio-vistas-ria.jpg 800w, https:\/\/oui-oui.es\/blog\/wp-content\/uploads\/2018\/07\/lisboa-downtown-cais-das-colunas-terreiro-do-pa\u00e7o-trade-square-statue-king-d-jos\u00e9-lisbon-columns-pier-ou-pra\u00e7a-com\u00e9rcio-plaza-comercio-vistas-ria-300x169.jpg 300w, https:\/\/oui-oui.es\/blog\/wp-content\/uploads\/2018\/07\/lisboa-downtown-cais-das-colunas-terreiro-do-pa\u00e7o-trade-square-statue-king-d-jos\u00e9-lisbon-columns-pier-ou-pra\u00e7a-com\u00e9rcio-plaza-comercio-vistas-ria-768x432.jpg 768w, https:\/\/oui-oui.es\/blog\/wp-content\/uploads\/2018\/07\/lisboa-downtown-cais-das-colunas-terreiro-do-pa\u00e7o-trade-square-statue-king-d-jos\u00e9-lisbon-columns-pier-ou-pra\u00e7a-com\u00e9rcio-plaza-comercio-vistas-ria-600x338.jpg 600w, https:\/\/oui-oui.es\/blog\/wp-content\/uploads\/2018\/07\/lisboa-downtown-cais-das-colunas-terreiro-do-pa\u00e7o-trade-square-statue-king-d-jos\u00e9-lisbon-columns-pier-ou-pra\u00e7a-com\u00e9rcio-plaza-comercio-vistas-ria-500x280.jpg 500w, https:\/\/oui-oui.es\/blog\/wp-content\/uploads\/2018\/07\/lisboa-downtown-cais-das-colunas-terreiro-do-pa\u00e7o-trade-square-statue-king-d-jos\u00e9-lisbon-columns-pier-ou-pra\u00e7a-com\u00e9rcio-plaza-comercio-vistas-ria-640x360.jpg 640w\" sizes=\"auto, (max-width: 800px) 100vw, 800px\" \/><\/p>\n<p>No nos di\u00f3 tiempo a verlo, pero me hac\u00eda gracia visitar el Mc Donalds rosa en Belem.<\/p>\n<p><img loading=\"lazy\" decoding=\"async\" class=\"aligncenter size-large wp-image-9199\" src=\"https:\/\/oui-oui.es\/blog\/wp-content\/uploads\/2018\/07\/Oui-Oui-mc-donalds-rosa-lisboa-belem-1024x575.jpg\" alt=\"\" width=\"1024\" height=\"575\" srcset=\"https:\/\/oui-oui.es\/blog\/wp-content\/uploads\/2018\/07\/Oui-Oui-mc-donalds-rosa-lisboa-belem.jpg 1024w, https:\/\/oui-oui.es\/blog\/wp-content\/uploads\/2018\/07\/Oui-Oui-mc-donalds-rosa-lisboa-belem-300x168.jpg 300w, https:\/\/oui-oui.es\/blog\/wp-content\/uploads\/2018\/07\/Oui-Oui-mc-donalds-rosa-lisboa-belem-768x431.jpg 768w, https:\/\/oui-oui.es\/blog\/wp-content\/uploads\/2018\/07\/Oui-Oui-mc-donalds-rosa-lisboa-belem-600x337.jpg 600w, https:\/\/oui-oui.es\/blog\/wp-content\/uploads\/2018\/07\/Oui-Oui-mc-donalds-rosa-lisboa-belem-500x280.jpg 500w, https:\/\/oui-oui.es\/blog\/wp-content\/uploads\/2018\/07\/Oui-Oui-mc-donalds-rosa-lisboa-belem-640x359.jpg 640w\" sizes=\"auto, (max-width: 1024px) 100vw, 1024px\" \/><\/p>\n<p><img loading=\"lazy\" decoding=\"async\" class=\"aligncenter size-full wp-image-9200\" src=\"https:\/\/oui-oui.es\/blog\/wp-content\/uploads\/2018\/07\/Oui-Oui-mc-donalds-rosa-en-lisboa-belem.jpg\" alt=\"\" width=\"591\" height=\"597\" srcset=\"https:\/\/oui-oui.es\/blog\/wp-content\/uploads\/2018\/07\/Oui-Oui-mc-donalds-rosa-en-lisboa-belem.jpg 591w, https:\/\/oui-oui.es\/blog\/wp-content\/uploads\/2018\/07\/Oui-Oui-mc-donalds-rosa-en-lisboa-belem-297x300.jpg 297w\" sizes=\"auto, (max-width: 591px) 100vw, 591px\" \/><\/p>\n<p>\u00a1Espero que os gusten las propuestas, m he saltado lo \u00abm\u00e1s conocido\u00bb por obvio y estar\u00e9 encantada de recibir comentarios con m\u00e1s sitios imprescindibles! \ud83d\ude09<\/p>\n","protected":false},"excerpt":{"rendered":"<p>Suelo planificar bastante los viajes, tener una lista de los restaurantes donde cenar, tiendas en las que comprar, lugares de inter\u00e9s que visitar&#8230;Pero en mi \u00faltima escapada a Lisboa algo cambi\u00f3, el viaje estaba organizado por dos amigas que se encargaron de reservar todo y los planes iban siendo sorpresa. Adem\u00e1s, me pillaba justo a [&hellip;]<\/p>\n","protected":false},"author":1,"featured_media":9197,"comment_status":"open","ping_status":"open","sticky":false,"template":"","format":"standard","meta":{"jetpack_post_was_ever_published":false,"_jetpack_newsletter_access":"","_jetpack_dont_email_post_to_subs":false,"_jetpack_newsletter_tier_id":0,"_jetpack_memberships_contains_paywalled_content":false,"_jetpack_memberships_contains_paid_content":false,"footnotes":"","jetpack_publicize_message":"","jetpack_publicize_feature_enabled":true,"jetpack_social_post_already_shared":true,"jetpack_social_options":{"image_generator_settings":{"template":"highway","default_image_id":0,"font":"","enabled":false},"version":2}},"categories":[177],"tags":[850,697,632],"class_list":["post-9186","post","type-post","status-publish","format-standard","has-post-thumbnail","hentry","category-lifestyle-2","tag-lisboa","tag-tiendas","tag-viajes"],"aioseo_notices":[],"jetpack_publicize_connections":[],"jetpack_featured_media_url":"https:\/\/oui-oui.es\/blog\/wp-content\/uploads\/2018\/07\/Oui-Oui-lugares-imprescindibles-lisboa-calle-rosa-pink-street.jpg","jetpack_sharing_enabled":true,"jetpack-related-posts":[{"id":1596,"url":"https:\/\/oui-oui.es\/blog\/oui-oui-en-paris\/","url_meta":{"origin":9186,"position":0},"title":"Oui Oui en Par\u00eds","author":"Mar\u00eda \u2665Oui Oui\u2665","date":"18 septiembre, 2014","format":false,"excerpt":"Hace dos semanas nos fuimos a Par\u00eds a celebrar nuestro tercer aniversario de boda, nos hac\u00eda ilusi\u00f3n porque la primera vez que estuvimos en Par\u00eds fu\u00e9 por nuestro segundo aniversario de novios.Como ya no me da tiempo a buscar en internet esas direcciones diferentes, sitios chulos, ped\u00ed que me chivaran\u2026","rel":"","context":"En \u00abESTILO DE VIDA\u00bb","block_context":{"text":"ESTILO DE VIDA","link":"https:\/\/oui-oui.es\/blog\/category\/lifestyle-2\/"},"img":{"alt_text":"","src":"https:\/\/i0.wp.com\/oui-oui.es\/blog\/wp-content\/uploads\/2014\/09\/oui-oui-paris-le-sac-en-papier-notre-dame-the-paper-bag.jpg?resize=350%2C200&ssl=1","width":350,"height":200,"srcset":"https:\/\/i0.wp.com\/oui-oui.es\/blog\/wp-content\/uploads\/2014\/09\/oui-oui-paris-le-sac-en-papier-notre-dame-the-paper-bag.jpg?resize=350%2C200&ssl=1 1x, https:\/\/i0.wp.com\/oui-oui.es\/blog\/wp-content\/uploads\/2014\/09\/oui-oui-paris-le-sac-en-papier-notre-dame-the-paper-bag.jpg?resize=525%2C300&ssl=1 1.5x"},"classes":[]},{"id":2940,"url":"https:\/\/oui-oui.es\/blog\/6-alojamientos-chulos-para-hacer-gampling-en-espana\/","url_meta":{"origin":9186,"position":1},"title":"6 alojamientos chulos para hacer Gampling en Espa\u00f1a","author":"Mar\u00eda \u2665Oui Oui\u2665","date":"5 agosto, 2015","format":false,"excerpt":"Gampling: d\u00edcese de la uni\u00f3n de glamour + camping, es decir, ir de camping con m\u00e1s comodidades y\/o con el alojamiento m\u00e1s cuidado.No lo he probado pero me apetece, sobretodo desde que vi la imagen de Gampling Airstream hace unos a\u00f1os, as\u00ed que aqu\u00ed va una selecci\u00f3n de los que\u2026","rel":"","context":"En \u00abESTILO DE VIDA\u00bb","block_context":{"text":"ESTILO DE VIDA","link":"https:\/\/oui-oui.es\/blog\/category\/lifestyle-2\/"},"img":{"alt_text":"","src":"https:\/\/i0.wp.com\/oui-oui.es\/blog\/wp-content\/uploads\/2015\/08\/Oui-Oui-los-mejores-gamplings-de-espa%C3%B1as-gamplings-chulos-espa%C3%B1a-2.jpg?resize=350%2C200&ssl=1","width":350,"height":200,"srcset":"https:\/\/i0.wp.com\/oui-oui.es\/blog\/wp-content\/uploads\/2015\/08\/Oui-Oui-los-mejores-gamplings-de-espa%C3%B1as-gamplings-chulos-espa%C3%B1a-2.jpg?resize=350%2C200&ssl=1 1x, https:\/\/i0.wp.com\/oui-oui.es\/blog\/wp-content\/uploads\/2015\/08\/Oui-Oui-los-mejores-gamplings-de-espa%C3%B1as-gamplings-chulos-espa%C3%B1a-2.jpg?resize=525%2C300&ssl=1 1.5x"},"classes":[]},{"id":4880,"url":"https:\/\/oui-oui.es\/blog\/tiendas-donde-comprar-las-puertas-del-ratoncito-perez\/","url_meta":{"origin":9186,"position":2},"title":"Tiendas donde comprar las puertas del ratoncito P\u00e9rez","author":"Mar\u00eda \u2665Oui Oui\u2665","date":"11 noviembre, 2016","format":false,"excerpt":"No hay duda de que las puertas del ratoncito P\u00e9rez son nuestro producto m\u00e1s querido; porque naci\u00f3 antes incluso que la propia tienda de Oui Oui, porque revolucionaron el mundo del ratoncito P\u00e9rez y, sobretodo, porque es mi padre quien est\u00e1 detr\u00e1s de todo desde el principio y quien sigue\u2026","rel":"","context":"En \u00abPUERTAS RATONCITO P\u00c9REZ\u00bb","block_context":{"text":"PUERTAS RATONCITO P\u00c9REZ","link":"https:\/\/oui-oui.es\/blog\/category\/puertas-para-el-ratoncito-perez\/"},"img":{"alt_text":"","src":"https:\/\/i0.wp.com\/oui-oui.es\/blog\/wp-content\/uploads\/2016\/11\/Oui-Oui-puertas-ratoncito-Perez-puerta-raton-perez-autenticas-puertas-ratoncito-perez-Marta-Machin-photo-67.jpg?resize=350%2C200&ssl=1","width":350,"height":200,"srcset":"https:\/\/i0.wp.com\/oui-oui.es\/blog\/wp-content\/uploads\/2016\/11\/Oui-Oui-puertas-ratoncito-Perez-puerta-raton-perez-autenticas-puertas-ratoncito-perez-Marta-Machin-photo-67.jpg?resize=350%2C200&ssl=1 1x, https:\/\/i0.wp.com\/oui-oui.es\/blog\/wp-content\/uploads\/2016\/11\/Oui-Oui-puertas-ratoncito-Perez-puerta-raton-perez-autenticas-puertas-ratoncito-perez-Marta-Machin-photo-67.jpg?resize=525%2C300&ssl=1 1.5x, https:\/\/i0.wp.com\/oui-oui.es\/blog\/wp-content\/uploads\/2016\/11\/Oui-Oui-puertas-ratoncito-Perez-puerta-raton-perez-autenticas-puertas-ratoncito-perez-Marta-Machin-photo-67.jpg?resize=700%2C400&ssl=1 2x, https:\/\/i0.wp.com\/oui-oui.es\/blog\/wp-content\/uploads\/2016\/11\/Oui-Oui-puertas-ratoncito-Perez-puerta-raton-perez-autenticas-puertas-ratoncito-perez-Marta-Machin-photo-67.jpg?resize=1050%2C600&ssl=1 3x, https:\/\/i0.wp.com\/oui-oui.es\/blog\/wp-content\/uploads\/2016\/11\/Oui-Oui-puertas-ratoncito-Perez-puerta-raton-perez-autenticas-puertas-ratoncito-perez-Marta-Machin-photo-67.jpg?resize=1400%2C800&ssl=1 4x"},"classes":[]},{"id":9525,"url":"https:\/\/oui-oui.es\/blog\/vienes-a-madrid-alojate-en-un-loft-al-lado-de-la-gran-via\/","url_meta":{"origin":9186,"position":3},"title":"\u00bfVienes a Madrid? Al\u00f3jate en un loft al lado de la Gran V\u00eda","author":"Mar\u00eda \u2665Oui Oui\u2665","date":"28 diciembre, 2018","format":false,"excerpt":"Cada vez est\u00e1 m\u00e1s extendido buscar alojamiento en AirBnb, reconozco que me da mucha envidia cuando mis amigas me ense\u00f1an las casa que han encontrado, por bonitas, especiales, c\u00e9ntricas...Mucho mejor (y m\u00e1s barato) que un hotel...Pero en mi caso me cuesta buscar, por eso me voy guardando las de mis\u2026","rel":"","context":"En \u00abESTILO DE VIDA\u00bb","block_context":{"text":"ESTILO DE VIDA","link":"https:\/\/oui-oui.es\/blog\/category\/lifestyle-2\/"},"img":{"alt_text":"","src":"https:\/\/i0.wp.com\/oui-oui.es\/blog\/wp-content\/uploads\/2018\/12\/Oui-Oui-apartamento-centro-Madrid-mono-airbnb-apartamento-gran-via-barato-buen-precio-airbnb-super-host-airbnb-apartamento-turistico-madrid-8.jpg?resize=350%2C200&ssl=1","width":350,"height":200,"srcset":"https:\/\/i0.wp.com\/oui-oui.es\/blog\/wp-content\/uploads\/2018\/12\/Oui-Oui-apartamento-centro-Madrid-mono-airbnb-apartamento-gran-via-barato-buen-precio-airbnb-super-host-airbnb-apartamento-turistico-madrid-8.jpg?resize=350%2C200&ssl=1 1x, https:\/\/i0.wp.com\/oui-oui.es\/blog\/wp-content\/uploads\/2018\/12\/Oui-Oui-apartamento-centro-Madrid-mono-airbnb-apartamento-gran-via-barato-buen-precio-airbnb-super-host-airbnb-apartamento-turistico-madrid-8.jpg?resize=525%2C300&ssl=1 1.5x, https:\/\/i0.wp.com\/oui-oui.es\/blog\/wp-content\/uploads\/2018\/12\/Oui-Oui-apartamento-centro-Madrid-mono-airbnb-apartamento-gran-via-barato-buen-precio-airbnb-super-host-airbnb-apartamento-turistico-madrid-8.jpg?resize=700%2C400&ssl=1 2x"},"classes":[]},{"id":2727,"url":"https:\/\/oui-oui.es\/blog\/un-verano-de-por-lo-menos-dos-meses\/","url_meta":{"origin":9186,"position":4},"title":"Un verano de, por lo menos, dos meses","author":"Mar\u00eda \u2665Oui Oui\u2665","date":"3 julio, 2015","format":false,"excerpt":"Ya estamos en julio y me niego a que llegue agosto y medio verano haya pasado ante m\u00ed sin enterarme as\u00ed que desde el d\u00eda uno me he propuesto vivir cada d\u00eda plenamente consciente de que es verano, aunque trabaje por las ma\u00f1anas, voy a intentar hacer un plan cada\u2026","rel":"","context":"En \u00abESTILO DE VIDA\u00bb","block_context":{"text":"ESTILO DE VIDA","link":"https:\/\/oui-oui.es\/blog\/category\/lifestyle-2\/"},"img":{"alt_text":"","src":"https:\/\/i0.wp.com\/oui-oui.es\/blog\/wp-content\/uploads\/Oui-Oui-helado-de-cereza.jpg?resize=350%2C200&ssl=1","width":350,"height":200},"classes":[]},{"id":3606,"url":"https:\/\/oui-oui.es\/blog\/gijon-goloso\/","url_meta":{"origin":9186,"position":5},"title":"Gij\u00f3n Goloso","author":"Mar\u00eda \u2665Oui Oui\u2665","date":"23 octubre, 2015","format":false,"excerpt":"A estas horas estar\u00e9 ya en el tren directa a Gij\u00f3n! un viaje express pero que me apetece mucho, por mis momentos de tren sola (siempre me llevo mil tareas que hacer, a ver a qu\u00e9 me da tiempo en \u00e9ste...), por comer con Paula y Pedro (a ver con\u2026","rel":"","context":"En \u00abBoda\u00bb","block_context":{"text":"Boda","link":"https:\/\/oui-oui.es\/blog\/category\/fiestas-celebraciones\/boda\/"},"img":{"alt_text":"","src":"https:\/\/i0.wp.com\/oui-oui.es\/blog\/wp-content\/uploads\/2015\/10\/Oui-Oui-croissants-pomme-cuite-marta-simonet-gijon-goloso.jpg?resize=350%2C200&ssl=1","width":350,"height":200},"classes":[]}],"_links":{"self":[{"href":"https:\/\/oui-oui.es\/blog\/wp-json\/wp\/v2\/posts\/9186","targetHints":{"allow":["GET"]}}],"collection":[{"href":"https:\/\/oui-oui.es\/blog\/wp-json\/wp\/v2\/posts"}],"about":[{"href":"https:\/\/oui-oui.es\/blog\/wp-json\/wp\/v2\/types\/post"}],"author":[{"embeddable":true,"href":"https:\/\/oui-oui.es\/blog\/wp-json\/wp\/v2\/users\/1"}],"replies":[{"embeddable":true,"href":"https:\/\/oui-oui.es\/blog\/wp-json\/wp\/v2\/comments?post=9186"}],"version-history":[{"count":1,"href":"https:\/\/oui-oui.es\/blog\/wp-json\/wp\/v2\/posts\/9186\/revisions"}],"predecessor-version":[{"id":9202,"href":"https:\/\/oui-oui.es\/blog\/wp-json\/wp\/v2\/posts\/9186\/revisions\/9202"}],"wp:featuredmedia":[{"embeddable":true,"href":"https:\/\/oui-oui.es\/blog\/wp-json\/wp\/v2\/media\/9197"}],"wp:attachment":[{"href":"https:\/\/oui-oui.es\/blog\/wp-json\/wp\/v2\/media?parent=9186"}],"wp:term":[{"taxonomy":"category","embeddable":true,"href":"https:\/\/oui-oui.es\/blog\/wp-json\/wp\/v2\/categories?post=9186"},{"taxonomy":"post_tag","embeddable":true,"href":"https:\/\/oui-oui.es\/blog\/wp-json\/wp\/v2\/tags?post=9186"}],"curies":[{"name":"wp","href":"https:\/\/api.w.org\/{rel}","templated":true}]}}