{"id":9221,"date":"2018-07-19T00:01:27","date_gmt":"2018-07-18T22:01:27","guid":{"rendered":"https:\/\/oui-oui.es\/blog\/?p=9221"},"modified":"2018-07-16T16:12:35","modified_gmt":"2018-07-16T14:12:35","slug":"un-ano-de-libros","status":"publish","type":"post","link":"https:\/\/oui-oui.es\/blog\/un-ano-de-libros\/","title":{"rendered":"Un a\u00f1o de libros"},"content":{"rendered":"<p><a href=\"https:\/\/www.oui-oui.es\/casa-decoracion-con-estilo-oui-oui\/1396-bolsas-zip-tarro-reutilizables.html?search_query=zip&amp;results=1\"><img loading=\"lazy\" decoding=\"async\" class=\"aligncenter size-large wp-image-9225\" src=\"https:\/\/oui-oui.es\/blog\/wp-content\/uploads\/2018\/07\/Oui-Oui-libros-nutrici\u00f3n-libros-feminismo-cerebro-obeso-stroller-zubi-iniciales-bolsa-zip-almendras-768x1024.jpg\" alt=\"\" width=\"768\" height=\"1024\" srcset=\"https:\/\/oui-oui.es\/blog\/wp-content\/uploads\/2018\/07\/Oui-Oui-libros-nutrici\u00f3n-libros-feminismo-cerebro-obeso-stroller-zubi-iniciales-bolsa-zip-almendras-768x1024.jpg 768w, https:\/\/oui-oui.es\/blog\/wp-content\/uploads\/2018\/07\/Oui-Oui-libros-nutrici\u00f3n-libros-feminismo-cerebro-obeso-stroller-zubi-iniciales-bolsa-zip-almendras-225x300.jpg 225w, https:\/\/oui-oui.es\/blog\/wp-content\/uploads\/2018\/07\/Oui-Oui-libros-nutrici\u00f3n-libros-feminismo-cerebro-obeso-stroller-zubi-iniciales-bolsa-zip-almendras-600x800.jpg 600w, https:\/\/oui-oui.es\/blog\/wp-content\/uploads\/2018\/07\/Oui-Oui-libros-nutrici\u00f3n-libros-feminismo-cerebro-obeso-stroller-zubi-iniciales-bolsa-zip-almendras-640x853.jpg 640w\" sizes=\"auto, (max-width: 768px) 100vw, 768px\" \/><\/a><\/p>\n<p>Hace un a\u00f1o que tuve la suerte de compartir una ma\u00f1ana con varias mujeres interesantes sobre c\u00f3mo la maternidad nos hab\u00eda afectado a la lectura, al tener menos tiempo y m\u00e1s cansancio, en general, hab\u00edamos relegado el placer de la lectura varios puestos abajo de la lista de prioridades.<\/p>\n<p>Entre todas aquellas mujeres, conoc\u00ed a Lorena, <a href=\"https:\/\/www.instagram.com\/loenlasnubes\/\" target=\"_blank\" rel=\"noopener\"><strong>Lo en las Nubes<\/strong><\/a> en Instagram, una m\u00e9dico apasionada de la lectura que, <strong>s\u00f3lo con la forma que tiene de recomendarte un libro deseas comenzar a leerlo de inmediato<\/strong>. Esa ma\u00f1ana creamos un club de lectura virtual que, cierto es, un a\u00f1o despu\u00e9s no hemos podido mantener como nos propusimos, pero ellas, Laura, Lorena, Bea&#8230;<strong>Hicieron que recuperara mi pasi\u00f3n lectora<\/strong>, pasi\u00f3n que casi siempre me ha llevado hacia ensayos y biograf\u00edas, pero que Lorena consigui\u00f3 ampliar tambi\u00e9n a las novelas.<\/p>\n<p>Ahora hace un a\u00f1o de ese punto de inflexi\u00f3n y para celebrarlo <strong>quisiera compartir con vosotros los libros que he le\u00eddo en este a\u00f1o<\/strong> (de julio a julio va a ser mi nuevo a\u00f1o lector), por si est\u00e1is buscando inspiraci\u00f3n para llevaros de vacaciones.<\/p>\n<p>Los voy a separar por novela o ensayo, en funci\u00f3n de lo que est\u00e9s buscando<\/p>\n<p><strong>NOVELA<\/strong><\/p>\n<p><a href=\"https:\/\/amzn.to\/2mk4qDx\" target=\"_blank\" rel=\"noopener\"><strong>Una suerte peque\u00f1a:<\/strong><\/a> la primera novela recomendada por Lorena, me atrap\u00f3 desde la primera p\u00e1gina, es un libro cortito, f\u00e1cil, y que te mantiene en esa tensi\u00f3n propia del misterio continuamente, con el amor maternal de fondo, sin duda un imprescindible si quieres volver a leer porque es apasionante y f\u00e1cil a partes iguales. De la escritora <strong>Claudia Pi\u00f1eiro.<\/strong><\/p>\n<p><a href=\"https:\/\/amzn.to\/2LjTfsN\" target=\"_blank\" rel=\"noopener\"><strong>Los d\u00edas iguales de cuando fuimos malas:<\/strong><\/a> segunda recomendaci\u00f3n de Lorena. Una novela ambientada en una c\u00e1rcel gallega en la que se reflejan diferentes perfiles de mujeres con la c\u00e1rcel como tel\u00f3n de fondo de sus relaciones. de <strong>Inma L\u00f3pez Silva<\/strong>.<\/p>\n<p><a href=\"https:\/\/amzn.to\/2uE9oP8\" target=\"_blank\" rel=\"noopener\"><strong>Americanah:<\/strong><\/a> el \u00fanico que a\u00fan no he terminado, pero me lo he reservado para verano ya que es bastante denso y por las noches no consigo coger ritmo para leerlo, de la escritora nigeriana Chimamanda, relata la inmigraci\u00f3n en Estados Unidos bajo su incisivo punto de vista, ya me he enganchado a esta escritora a trav\u00e9s de sus mini libros resumen de sus charlas TED, como <a href=\"https:\/\/www.oui-oui.es\/regalo-original-regalo-con-estilo\/1429-como-educar-en-el-feminismo.html\" target=\"_blank\" rel=\"noopener\">\u00ab<strong>Querida Ijeawele: C\u00f3mo educar en el feminismo\u00bb<\/strong><\/a>.<span id=\"productTitle\" class=\"a-size-large\"><\/span><\/p>\n<p><a href=\"https:\/\/amzn.to\/2uBmn43\" target=\"_blank\" rel=\"noopener\"><strong>Un d\u00eda especial:<\/strong><\/a> un libro al que dediqu\u00e9 un post de lo que me impact\u00f3, puedes leerlo <a href=\"https:\/\/oui-oui.es\/blog\/un-dia-especial-de-una-cena-un-libro-y-una-peli\/\" target=\"_blank\" rel=\"noopener\">AQU\u00cd<\/a>, pero te dir\u00e9 que es un chute de optimismo incre\u00edble, c\u00f3mo darle la vuelta a las situaciones complicadas que nos pone la vida y c\u00f3mo vivir con ellas, que no todo tiene que ser una sonrisa perpetua. De <strong>Anne-Dauphine Julliand<\/strong>.<\/p>\n<p><a href=\"https:\/\/amzn.to\/2zPnHXc\" target=\"_blank\" rel=\"noopener\"><strong>La delicadeza:<\/strong><\/a> lo he intentado pero no consigo pasar de la p\u00e1gina 25 y eso que me hab\u00edan hablado fenomenal, \u00bflo hab\u00e9is le\u00eddo? \u00bfqu\u00e9 opin\u00e1is?<\/p>\n<p>ENSAYO<\/p>\n<p><img loading=\"lazy\" decoding=\"async\" class=\"aligncenter size-large wp-image-9222\" src=\"https:\/\/oui-oui.es\/blog\/wp-content\/uploads\/2018\/07\/Oui-Oui-libros-feminismo-como-educar-en-el-feminismo-1024x767-1024x767.jpg\" alt=\"\" width=\"1024\" height=\"767\" srcset=\"https:\/\/oui-oui.es\/blog\/wp-content\/uploads\/2018\/07\/Oui-Oui-libros-feminismo-como-educar-en-el-feminismo-1024x767.jpg 1024w, https:\/\/oui-oui.es\/blog\/wp-content\/uploads\/2018\/07\/Oui-Oui-libros-feminismo-como-educar-en-el-feminismo-1024x767-300x225.jpg 300w, https:\/\/oui-oui.es\/blog\/wp-content\/uploads\/2018\/07\/Oui-Oui-libros-feminismo-como-educar-en-el-feminismo-1024x767-768x575.jpg 768w, https:\/\/oui-oui.es\/blog\/wp-content\/uploads\/2018\/07\/Oui-Oui-libros-feminismo-como-educar-en-el-feminismo-1024x767-600x449.jpg 600w, https:\/\/oui-oui.es\/blog\/wp-content\/uploads\/2018\/07\/Oui-Oui-libros-feminismo-como-educar-en-el-feminismo-1024x767-640x479.jpg 640w\" sizes=\"auto, (max-width: 1024px) 100vw, 1024px\" \/><\/p>\n<p><a href=\"https:\/\/www.oui-oui.es\/regalo-original-regalo-con-estilo\/1429-como-educar-en-el-feminismo.html\" target=\"_blank\" rel=\"noopener\">\u00ab<strong>Querida Ijeawele: C\u00f3mo educar en el feminismo\u00bb<\/strong><\/a> : He escrito en varias ocasiones sobre este mini libro, ya que desde que lo le\u00ed qued\u00e9 atrapada por la facilidad con la que explica t\u00e9rminos que todos deber\u00edamos tener interiorizados, m\u00e1s que un libro de lectura es un libro de cabecera, para tener y regalar, sobretodo a las madres y apdres recientes, por eso lo traje a la tienda.<\/p>\n<p><strong><a href=\"https:\/\/amzn.to\/2uzTZ2o\" target=\"_blank\" rel=\"noopener\">Los hombres me explican cosas<\/a>:<\/strong> libro interesant\u00edsimo sobre la realidad machista a nivel mundial, con datos escalofriantes sobre el maltrato y las violaciones, que te hace darte cuenta de c\u00f3mo el manejo de los datos a la hora de informar puede cambiar una perspectiva totalmente.<\/p>\n<p><strong><a href=\"https:\/\/amzn.to\/2Lq4YT2\" target=\"_blank\" rel=\"noopener\">El hombre que no deber\u00edamos ser<\/a>: <\/strong>otro libro cortito y f\u00e1cil, escrito por un hombre en el que define distintas personalidades de hombres, muy interesante para que los hombres se auto analicen y para que las mujeres analicemos los hombres de los que nos rodeamos\u2026Sin ninguna intenci\u00f3n de poner al hombre como enemigo, pero si de reflejar una realidad existente.<\/p>\n<p><strong><a href=\"https:\/\/amzn.to\/2mkwir6\" target=\"_blank\" rel=\"noopener\">Sexismo cotidiano<\/a>:<\/strong> reconozco que me apasiona el tema del feminismo y los estereotipos de g\u00e9nero y por ello leo todo lo que cae en mis manos sobre el tema y me recomiendan. Sin embargo, este libro no me atrap\u00f3, quiz\u00e1s por la cantidad de datos \u00abrepetidos\u00bb (me refiero a estad\u00edsticas que ya conozco), pero le dar\u00e9 otra oportunidad.<\/p>\n<p><strong><a href=\"https:\/\/amzn.to\/2LmR2JR\" target=\"_blank\" rel=\"noopener\">El cerebro obeso<\/a>:<\/strong> otro tema que me preocupa y mucho, es la educaci\u00f3n nutricional, tanto para entender c\u00f3mo se comporta nuestro cuerpo frente a determinados alimentos como para enfocar la educaci\u00f3n de nuestros hijos. Si te interesa un poco la nutrici\u00f3n y quieres conocer la relaci\u00f3n entre el intestino, est\u00f3mago y el cerebro (los impulsos, <em>la voluntad<\/em>, etc&#8230;) este libro te encantar\u00e1, es muy did\u00e1ctico.<\/p>\n<p><a href=\"https:\/\/amzn.to\/2uyMdpi\" target=\"_blank\" rel=\"noopener\"><strong>Una madre en la ciudad<\/strong><\/a>: el libro sobre maternidad de Beatriz Mill\u00e1n, ilustrado\u00a0 por Vireta que seguro ayuda a muchas y muchos primerizos.<\/p>\n<p><a href=\"https:\/\/www.oui-oui.es\/detalles-decoracion-ninos-habitacion-pinterest\/725-jirafa-sophie.html?search_query=sophie&amp;results=1\"><img loading=\"lazy\" decoding=\"async\" class=\"aligncenter size-large wp-image-9224\" src=\"https:\/\/oui-oui.es\/blog\/wp-content\/uploads\/2018\/07\/Oui-Oui-libro-beatriz-millan-una-madre-en-la-ciudad-819x1024.jpg\" alt=\"\" width=\"819\" height=\"1024\" srcset=\"https:\/\/oui-oui.es\/blog\/wp-content\/uploads\/2018\/07\/Oui-Oui-libro-beatriz-millan-una-madre-en-la-ciudad-819x1024.jpg 819w, https:\/\/oui-oui.es\/blog\/wp-content\/uploads\/2018\/07\/Oui-Oui-libro-beatriz-millan-una-madre-en-la-ciudad-240x300.jpg 240w, https:\/\/oui-oui.es\/blog\/wp-content\/uploads\/2018\/07\/Oui-Oui-libro-beatriz-millan-una-madre-en-la-ciudad-768x960.jpg 768w, https:\/\/oui-oui.es\/blog\/wp-content\/uploads\/2018\/07\/Oui-Oui-libro-beatriz-millan-una-madre-en-la-ciudad-600x750.jpg 600w, https:\/\/oui-oui.es\/blog\/wp-content\/uploads\/2018\/07\/Oui-Oui-libro-beatriz-millan-una-madre-en-la-ciudad-640x800.jpg 640w\" sizes=\"auto, (max-width: 819px) 100vw, 819px\" \/><\/a><\/p>\n<p><a href=\"https:\/\/amzn.to\/2Jsr2e8\" target=\"_blank\" rel=\"noopener\"><strong>Empieza por los zapatos:<\/strong><\/a> el segundo libro de Andrea Amoretti, otro libro que es de consulta, me gusta tenerlo en la mesilla y, en funci\u00f3n del d\u00eda, consultar un cap\u00edtulo u otro. Un regalo perfecto para cualquier mujer.<\/p>\n<p><img loading=\"lazy\" decoding=\"async\" class=\"aligncenter size-large wp-image-9226\" src=\"https:\/\/oui-oui.es\/blog\/wp-content\/uploads\/2018\/07\/Oui-Oui-empieza-por-los-zapatos-andrea-amoretti-819x1024.jpg\" alt=\"\" width=\"819\" height=\"1024\" srcset=\"https:\/\/oui-oui.es\/blog\/wp-content\/uploads\/2018\/07\/Oui-Oui-empieza-por-los-zapatos-andrea-amoretti-819x1024.jpg 819w, https:\/\/oui-oui.es\/blog\/wp-content\/uploads\/2018\/07\/Oui-Oui-empieza-por-los-zapatos-andrea-amoretti-240x300.jpg 240w, https:\/\/oui-oui.es\/blog\/wp-content\/uploads\/2018\/07\/Oui-Oui-empieza-por-los-zapatos-andrea-amoretti-768x960.jpg 768w, https:\/\/oui-oui.es\/blog\/wp-content\/uploads\/2018\/07\/Oui-Oui-empieza-por-los-zapatos-andrea-amoretti-600x750.jpg 600w, https:\/\/oui-oui.es\/blog\/wp-content\/uploads\/2018\/07\/Oui-Oui-empieza-por-los-zapatos-andrea-amoretti-640x800.jpg 640w\" sizes=\"auto, (max-width: 819px) 100vw, 819px\" \/><\/p>\n<p><a href=\"https:\/\/amzn.to\/2uKWlM7\" target=\"_blank\" rel=\"noopener\"><strong>Educar en el feminismo<\/strong><\/a>: de Iria Mara\u00f1\u00f3n. Estoy por le\u00e9rmelo otra vez, con eso digo todo, un referente para concienciar y caer en la cuenta de c\u00f3mo educamos, entre otras cosas, los estereotipos de g\u00e9nero, un regalo perfecto para profesores.<\/p>\n<p><strong><a href=\"https:\/\/amzn.to\/2LjohAG\" target=\"_blank\" rel=\"noopener\">El ni\u00f1o fil\u00f3sofo<\/a>:<\/strong> conoc\u00ed a su autor en una de las charlas de Aprendamos Juntos (un portal que os recomiendo encarecidamente, no ha habido charla que no me haya resultado interesante) y me compr\u00e9 el libro corriendo, un libro de consulta para aprender a filosofar con los ni\u00f1os, eso s\u00ed, para ni\u00f1os de a partir de ocho a\u00f1os aprox.<\/p>\n<p>Y ahora me toca hacer la maleta de libros para las vacaciones, de ensayo quiero leer \u00abel libro de la caca\u00bb, igual me animo con la biograf\u00eda de Rafa Nadal y me llevo Americanah Y so\u00f1ar bajo el agua&#8230;<\/p>\n<p>\u00bfAlguna recomendaci\u00f3n que os haya encantado?<\/p>\n<p>Sigue sin ser f\u00e1cil tener grandes momentos de lectura pero yo he sustitu\u00eddo los momentos de m\u00f3vil en el autob\u00fas y en la cama por un libro y es una maravilla y, en verano&#8230;\u00a1Tenemos las siestas!<\/p>\n<p>&nbsp;<\/p>\n","protected":false},"excerpt":{"rendered":"<p>Hace un a\u00f1o que tuve la suerte de compartir una ma\u00f1ana con varias mujeres interesantes sobre c\u00f3mo la maternidad nos hab\u00eda afectado a la lectura, al tener menos tiempo y m\u00e1s cansancio, en general, hab\u00edamos relegado el placer de la lectura varios puestos abajo de la lista de prioridades. Entre todas aquellas mujeres, conoc\u00ed a [&hellip;]<\/p>\n","protected":false},"author":1,"featured_media":9225,"comment_status":"open","ping_status":"open","sticky":false,"template":"","format":"standard","meta":{"jetpack_post_was_ever_published":false,"_jetpack_newsletter_access":"","_jetpack_dont_email_post_to_subs":false,"_jetpack_newsletter_tier_id":0,"_jetpack_memberships_contains_paywalled_content":false,"_jetpack_memberships_contains_paid_content":false,"footnotes":"","jetpack_publicize_message":"","jetpack_publicize_feature_enabled":true,"jetpack_social_post_already_shared":true,"jetpack_social_options":{"image_generator_settings":{"template":"highway","default_image_id":0,"font":"","enabled":false},"version":2}},"categories":[177],"tags":[748],"class_list":["post-9221","post","type-post","status-publish","format-standard","has-post-thumbnail","hentry","category-lifestyle-2","tag-libros"],"aioseo_notices":[],"jetpack_publicize_connections":[],"jetpack_featured_media_url":"https:\/\/oui-oui.es\/blog\/wp-content\/uploads\/2018\/07\/Oui-Oui-libros-nutrici\u00f3n-libros-feminismo-cerebro-obeso-stroller-zubi-iniciales-bolsa-zip-almendras.jpg","jetpack_sharing_enabled":true,"jetpack-related-posts":[{"id":2158,"url":"https:\/\/oui-oui.es\/blog\/2158\/","url_meta":{"origin":9221,"position":0},"title":"Celebrando el d\u00eda del libro","author":"Mar\u00eda \u2665Oui Oui\u2665","date":"23 abril, 2015","format":false,"excerpt":"\u00a0 Como creo que ya he contado en otra ocasi\u00f3n, cada a\u00f1o, por el d\u00eda del libro (adem\u00e1s de en otras fechas, claro), mi madre nos regala un libro, el d\u00eda es la excusa, pero as\u00ed, desde que \u00e9ramos peque\u00f1os, hac\u00edamos el ejercicio de pensar y elegir el libro que\u2026","rel":"","context":"En \u00abNI\u00d1OS Y NI\u00d1AS\u00bb","block_context":{"text":"NI\u00d1OS Y NI\u00d1AS","link":"https:\/\/oui-oui.es\/blog\/category\/ninos\/"},"img":{"alt_text":"","src":"https:\/\/i0.wp.com\/oui-oui.es\/blog\/wp-content\/uploads\/2015\/04\/oui-oui-babyouilee-biberon-frapuccino-biberon-starbucks.jpg?resize=350%2C200&ssl=1","width":350,"height":200},"classes":[]},{"id":4722,"url":"https:\/\/oui-oui.es\/blog\/aprender-a-leer-disfrutando\/","url_meta":{"origin":9221,"position":1},"title":"Aprender a leer disfrutando","author":"Mar\u00eda \u2665Oui Oui\u2665","date":"5 octubre, 2016","format":false,"excerpt":"Existen multitud de opiniones acerca del momento que un ni\u00f1o debe empezar a leer y escribir, sin entrar en ese debate (sobretodo porque no soy ninguna experta), mi opini\u00f3n y experiencia es que leer cuentos\u00a0 desde que son beb\u00e9s ayuda a fomentar el amor por la lectura y los cuentos,\u2026","rel":"","context":"En \u00abNI\u00d1OS Y NI\u00d1AS\u00bb","block_context":{"text":"NI\u00d1OS Y NI\u00d1AS","link":"https:\/\/oui-oui.es\/blog\/category\/ninos\/"},"img":{"alt_text":"","src":"https:\/\/i0.wp.com\/oui-oui.es\/blog\/wp-content\/uploads\/2016\/10\/Oui-Oui-leolandia-metodo-lectoescritura.jpeg?resize=350%2C200&ssl=1","width":350,"height":200,"srcset":"https:\/\/i0.wp.com\/oui-oui.es\/blog\/wp-content\/uploads\/2016\/10\/Oui-Oui-leolandia-metodo-lectoescritura.jpeg?resize=350%2C200&ssl=1 1x, https:\/\/i0.wp.com\/oui-oui.es\/blog\/wp-content\/uploads\/2016\/10\/Oui-Oui-leolandia-metodo-lectoescritura.jpeg?resize=525%2C300&ssl=1 1.5x, https:\/\/i0.wp.com\/oui-oui.es\/blog\/wp-content\/uploads\/2016\/10\/Oui-Oui-leolandia-metodo-lectoescritura.jpeg?resize=700%2C400&ssl=1 2x"},"classes":[]},{"id":5476,"url":"https:\/\/oui-oui.es\/blog\/11-cuentos-de-igualdad-y-feminismo-para-ninos\/","url_meta":{"origin":9221,"position":2},"title":"11 cuentos de igualdad y feminismo para ni\u00f1os","author":"Mar\u00eda \u2665Oui Oui\u2665","date":"2 junio, 2017","format":false,"excerpt":"Cuando naci\u00f3 Mart\u00edn recuper\u00e9 de casa de mis padres algunos de mis cuentos favoritos de cuando era peque\u00f1a, estaba claro no iba a le\u00e9rselos de inmediato, pero ah\u00ed estaban en su habitaci\u00f3n, en lo alto de un estante para que no los cogiera y se rompieran. Sin embargo el otro\u2026","rel":"","context":"En \u00abNI\u00d1OS Y NI\u00d1AS\u00bb","block_context":{"text":"NI\u00d1OS Y NI\u00d1AS","link":"https:\/\/oui-oui.es\/blog\/category\/ninos\/"},"img":{"alt_text":"","src":"https:\/\/i0.wp.com\/oui-oui.es\/blog\/wp-content\/uploads\/2017\/06\/Oui-Oui-libros-igualdad-cuentos-igualdad-coleccion-peque%C3%B1a-y-grande-rosa-caramelo-historia-de-unos-bocadillos-1.jpg?resize=350%2C200&ssl=1","width":350,"height":200,"srcset":"https:\/\/i0.wp.com\/oui-oui.es\/blog\/wp-content\/uploads\/2017\/06\/Oui-Oui-libros-igualdad-cuentos-igualdad-coleccion-peque%C3%B1a-y-grande-rosa-caramelo-historia-de-unos-bocadillos-1.jpg?resize=350%2C200&ssl=1 1x, https:\/\/i0.wp.com\/oui-oui.es\/blog\/wp-content\/uploads\/2017\/06\/Oui-Oui-libros-igualdad-cuentos-igualdad-coleccion-peque%C3%B1a-y-grande-rosa-caramelo-historia-de-unos-bocadillos-1.jpg?resize=525%2C300&ssl=1 1.5x, https:\/\/i0.wp.com\/oui-oui.es\/blog\/wp-content\/uploads\/2017\/06\/Oui-Oui-libros-igualdad-cuentos-igualdad-coleccion-peque%C3%B1a-y-grande-rosa-caramelo-historia-de-unos-bocadillos-1.jpg?resize=700%2C400&ssl=1 2x, https:\/\/i0.wp.com\/oui-oui.es\/blog\/wp-content\/uploads\/2017\/06\/Oui-Oui-libros-igualdad-cuentos-igualdad-coleccion-peque%C3%B1a-y-grande-rosa-caramelo-historia-de-unos-bocadillos-1.jpg?resize=1050%2C600&ssl=1 3x, https:\/\/i0.wp.com\/oui-oui.es\/blog\/wp-content\/uploads\/2017\/06\/Oui-Oui-libros-igualdad-cuentos-igualdad-coleccion-peque%C3%B1a-y-grande-rosa-caramelo-historia-de-unos-bocadillos-1.jpg?resize=1400%2C800&ssl=1 4x"},"classes":[]},{"id":4659,"url":"https:\/\/oui-oui.es\/blog\/pequena-y-grande-una-coleccion-con-encanto\/","url_meta":{"origin":9221,"position":3},"title":"Peque\u00f1a y Grande, una colecci\u00f3n con encanto","author":"Mar\u00eda \u2665Oui Oui\u2665","date":"14 julio, 2016","format":false,"excerpt":"El verano es un momento ideal para leer, no solo los mayores que tenemos m\u00e1s tiempo sino tambi\u00e9n los peques, tanto a los que les encanta leer cuentos como a Mart\u00edn como a los que a\u00fan no les ha llamado, es un momento perfecto para introducirles nuevas historias, nuevos cuentos,\u2026","rel":"","context":"En \u00abNI\u00d1OS Y NI\u00d1AS\u00bb","block_context":{"text":"NI\u00d1OS Y NI\u00d1AS","link":"https:\/\/oui-oui.es\/blog\/category\/ninos\/"},"img":{"alt_text":"","src":"https:\/\/i0.wp.com\/oui-oui.es\/blog\/wp-content\/uploads\/2016\/07\/Oui-Oui-Peque%C3%B1a-y-Grande-Coco-Chanel.jpg?resize=350%2C200&ssl=1","width":350,"height":200,"srcset":"https:\/\/i0.wp.com\/oui-oui.es\/blog\/wp-content\/uploads\/2016\/07\/Oui-Oui-Peque%C3%B1a-y-Grande-Coco-Chanel.jpg?resize=350%2C200&ssl=1 1x, https:\/\/i0.wp.com\/oui-oui.es\/blog\/wp-content\/uploads\/2016\/07\/Oui-Oui-Peque%C3%B1a-y-Grande-Coco-Chanel.jpg?resize=525%2C300&ssl=1 1.5x, https:\/\/i0.wp.com\/oui-oui.es\/blog\/wp-content\/uploads\/2016\/07\/Oui-Oui-Peque%C3%B1a-y-Grande-Coco-Chanel.jpg?resize=700%2C400&ssl=1 2x, https:\/\/i0.wp.com\/oui-oui.es\/blog\/wp-content\/uploads\/2016\/07\/Oui-Oui-Peque%C3%B1a-y-Grande-Coco-Chanel.jpg?resize=1050%2C600&ssl=1 3x, https:\/\/i0.wp.com\/oui-oui.es\/blog\/wp-content\/uploads\/2016\/07\/Oui-Oui-Peque%C3%B1a-y-Grande-Coco-Chanel.jpg?resize=1400%2C800&ssl=1 4x"},"classes":[]},{"id":8900,"url":"https:\/\/oui-oui.es\/blog\/libros-sobre-feminismo-yo-tambien-soy-machista-y-otras-cosas\/","url_meta":{"origin":9221,"position":4},"title":"Libros sobre feminismo, yo tambi\u00e9n soy machista y otras cosas&#8230;","author":"Mar\u00eda \u2665Oui Oui\u2665","date":"8 marzo, 2018","format":false,"excerpt":"Si hubiera tenido tiempo esta semana hoy recibir\u00edas un post laaaargo sobre feminismo y, sobre lo que creo m\u00e1s importante, educar en el feminismo, que no es otra cosa que educar en la igualdad. Como no me da tiempo y soy feminista todos los d\u00edas, lo escribir\u00e9, posiblemente, en Semana\u2026","rel":"","context":"En \u00abMATERNIDAD\u00bb","block_context":{"text":"MATERNIDAD","link":"https:\/\/oui-oui.es\/blog\/category\/maternidad\/"},"img":{"alt_text":"","src":"https:\/\/i0.wp.com\/oui-oui.es\/blog\/wp-content\/uploads\/2018\/03\/Oui-Oui-libros-feminismo-como-educar-en-el-feminismo.jpg?resize=350%2C200&ssl=1","width":350,"height":200,"srcset":"https:\/\/i0.wp.com\/oui-oui.es\/blog\/wp-content\/uploads\/2018\/03\/Oui-Oui-libros-feminismo-como-educar-en-el-feminismo.jpg?resize=350%2C200&ssl=1 1x, https:\/\/i0.wp.com\/oui-oui.es\/blog\/wp-content\/uploads\/2018\/03\/Oui-Oui-libros-feminismo-como-educar-en-el-feminismo.jpg?resize=525%2C300&ssl=1 1.5x, https:\/\/i0.wp.com\/oui-oui.es\/blog\/wp-content\/uploads\/2018\/03\/Oui-Oui-libros-feminismo-como-educar-en-el-feminismo.jpg?resize=700%2C400&ssl=1 2x, https:\/\/i0.wp.com\/oui-oui.es\/blog\/wp-content\/uploads\/2018\/03\/Oui-Oui-libros-feminismo-como-educar-en-el-feminismo.jpg?resize=1050%2C600&ssl=1 3x, https:\/\/i0.wp.com\/oui-oui.es\/blog\/wp-content\/uploads\/2018\/03\/Oui-Oui-libros-feminismo-como-educar-en-el-feminismo.jpg?resize=1400%2C800&ssl=1 4x"},"classes":[]},{"id":8952,"url":"https:\/\/oui-oui.es\/blog\/lo-que-de-verdad-importa-2\/","url_meta":{"origin":9221,"position":5},"title":"Lo que de Verdad Importa","author":"Mar\u00eda \u2665Oui Oui\u2665","date":"4 abril, 2018","format":false,"excerpt":"Hace unos a\u00f1os mi madre acudi\u00f3 con una amiga a una conferencia en Mallorca de la que volvi\u00f3 emocionada...Se llamaba \"Lo que de verdad importa\" y en ella pod\u00edas conocer\u00a0 los testimonios de personas que hab\u00edan pasado por determinados momentos o hechos complicados en su vida pero a pesar de\u2026","rel":"","context":"En \u00abESTILO DE VIDA\u00bb","block_context":{"text":"ESTILO DE VIDA","link":"https:\/\/oui-oui.es\/blog\/category\/lifestyle-2\/"},"img":{"alt_text":"","src":"https:\/\/i0.wp.com\/oui-oui.es\/blog\/wp-content\/uploads\/2018\/04\/Oui-Oui-lo-que-de-verdad-importa-taza-enjoy-the-little-things.jpg?resize=350%2C200&ssl=1","width":350,"height":200,"srcset":"https:\/\/i0.wp.com\/oui-oui.es\/blog\/wp-content\/uploads\/2018\/04\/Oui-Oui-lo-que-de-verdad-importa-taza-enjoy-the-little-things.jpg?resize=350%2C200&ssl=1 1x, https:\/\/i0.wp.com\/oui-oui.es\/blog\/wp-content\/uploads\/2018\/04\/Oui-Oui-lo-que-de-verdad-importa-taza-enjoy-the-little-things.jpg?resize=525%2C300&ssl=1 1.5x, https:\/\/i0.wp.com\/oui-oui.es\/blog\/wp-content\/uploads\/2018\/04\/Oui-Oui-lo-que-de-verdad-importa-taza-enjoy-the-little-things.jpg?resize=700%2C400&ssl=1 2x, https:\/\/i0.wp.com\/oui-oui.es\/blog\/wp-content\/uploads\/2018\/04\/Oui-Oui-lo-que-de-verdad-importa-taza-enjoy-the-little-things.jpg?resize=1050%2C600&ssl=1 3x, https:\/\/i0.wp.com\/oui-oui.es\/blog\/wp-content\/uploads\/2018\/04\/Oui-Oui-lo-que-de-verdad-importa-taza-enjoy-the-little-things.jpg?resize=1400%2C800&ssl=1 4x"},"classes":[]}],"_links":{"self":[{"href":"https:\/\/oui-oui.es\/blog\/wp-json\/wp\/v2\/posts\/9221","targetHints":{"allow":["GET"]}}],"collection":[{"href":"https:\/\/oui-oui.es\/blog\/wp-json\/wp\/v2\/posts"}],"about":[{"href":"https:\/\/oui-oui.es\/blog\/wp-json\/wp\/v2\/types\/post"}],"author":[{"embeddable":true,"href":"https:\/\/oui-oui.es\/blog\/wp-json\/wp\/v2\/users\/1"}],"replies":[{"embeddable":true,"href":"https:\/\/oui-oui.es\/blog\/wp-json\/wp\/v2\/comments?post=9221"}],"version-history":[{"count":1,"href":"https:\/\/oui-oui.es\/blog\/wp-json\/wp\/v2\/posts\/9221\/revisions"}],"predecessor-version":[{"id":9227,"href":"https:\/\/oui-oui.es\/blog\/wp-json\/wp\/v2\/posts\/9221\/revisions\/9227"}],"wp:featuredmedia":[{"embeddable":true,"href":"https:\/\/oui-oui.es\/blog\/wp-json\/wp\/v2\/media\/9225"}],"wp:attachment":[{"href":"https:\/\/oui-oui.es\/blog\/wp-json\/wp\/v2\/media?parent=9221"}],"wp:term":[{"taxonomy":"category","embeddable":true,"href":"https:\/\/oui-oui.es\/blog\/wp-json\/wp\/v2\/categories?post=9221"},{"taxonomy":"post_tag","embeddable":true,"href":"https:\/\/oui-oui.es\/blog\/wp-json\/wp\/v2\/tags?post=9221"}],"curies":[{"name":"wp","href":"https:\/\/api.w.org\/{rel}","templated":true}]}}