{"id":9234,"date":"2018-07-24T16:24:15","date_gmt":"2018-07-24T14:24:15","guid":{"rendered":"https:\/\/oui-oui.es\/blog\/?p=9234"},"modified":"2018-07-24T16:24:15","modified_gmt":"2018-07-24T14:24:15","slug":"el-color-de-la-pared-de-las-oficinas-de-suits","status":"publish","type":"post","link":"https:\/\/oui-oui.es\/blog\/el-color-de-la-pared-de-las-oficinas-de-suits\/","title":{"rendered":"El color de la pared de las oficinas de SUITS"},"content":{"rendered":"<p><img loading=\"lazy\" decoding=\"async\" class=\"aligncenter size-large wp-image-9236\" src=\"https:\/\/oui-oui.es\/blog\/wp-content\/uploads\/2018\/07\/Oui-Oui-color-pared-despacho-pearson-specter-SUITS-harvey-specter-stratton-blue-1-1024x527.png\" alt=\"\" width=\"1024\" height=\"527\" srcset=\"https:\/\/oui-oui.es\/blog\/wp-content\/uploads\/2018\/07\/Oui-Oui-color-pared-despacho-pearson-specter-SUITS-harvey-specter-stratton-blue-1-1024x527.png 1024w, https:\/\/oui-oui.es\/blog\/wp-content\/uploads\/2018\/07\/Oui-Oui-color-pared-despacho-pearson-specter-SUITS-harvey-specter-stratton-blue-1-300x155.png 300w, https:\/\/oui-oui.es\/blog\/wp-content\/uploads\/2018\/07\/Oui-Oui-color-pared-despacho-pearson-specter-SUITS-harvey-specter-stratton-blue-1-768x396.png 768w, https:\/\/oui-oui.es\/blog\/wp-content\/uploads\/2018\/07\/Oui-Oui-color-pared-despacho-pearson-specter-SUITS-harvey-specter-stratton-blue-1-600x309.png 600w, https:\/\/oui-oui.es\/blog\/wp-content\/uploads\/2018\/07\/Oui-Oui-color-pared-despacho-pearson-specter-SUITS-harvey-specter-stratton-blue-1-640x330.png 640w, https:\/\/oui-oui.es\/blog\/wp-content\/uploads\/2018\/07\/Oui-Oui-color-pared-despacho-pearson-specter-SUITS-harvey-specter-stratton-blue-1.png 1357w\" sizes=\"auto, (max-width: 1024px) 100vw, 1024px\" \/><\/p>\n<p>Llego un poco tarde, lo s\u00e9. Durante el curso apenas veo las noticias y tampoco veo series, pero este mes de julio, sin ni\u00f1os y con m\u00e1s tiempo, me he volcado con SUITS, empec\u00e9 viendo temporadas alternas pero he empezado desde cero y en mi marat\u00f3n de SUITS voy por la temporada 5 (de hecho estoy viendo en el cap\u00edtulo 10 mientras escribo este post).<\/p>\n<p><img loading=\"lazy\" decoding=\"async\" class=\"aligncenter size-full wp-image-9235\" src=\"https:\/\/oui-oui.es\/blog\/wp-content\/uploads\/2018\/07\/Oui-Oui-color-pared-despacho-pearson-specter-SUITS-harvey-specter-stratton-blue-1.jpg\" alt=\"\" width=\"750\" height=\"418\" srcset=\"https:\/\/oui-oui.es\/blog\/wp-content\/uploads\/2018\/07\/Oui-Oui-color-pared-despacho-pearson-specter-SUITS-harvey-specter-stratton-blue-1.jpg 750w, https:\/\/oui-oui.es\/blog\/wp-content\/uploads\/2018\/07\/Oui-Oui-color-pared-despacho-pearson-specter-SUITS-harvey-specter-stratton-blue-1-300x167.jpg 300w, https:\/\/oui-oui.es\/blog\/wp-content\/uploads\/2018\/07\/Oui-Oui-color-pared-despacho-pearson-specter-SUITS-harvey-specter-stratton-blue-1-600x334.jpg 600w, https:\/\/oui-oui.es\/blog\/wp-content\/uploads\/2018\/07\/Oui-Oui-color-pared-despacho-pearson-specter-SUITS-harvey-specter-stratton-blue-1-500x280.jpg 500w, https:\/\/oui-oui.es\/blog\/wp-content\/uploads\/2018\/07\/Oui-Oui-color-pared-despacho-pearson-specter-SUITS-harvey-specter-stratton-blue-1-640x357.jpg 640w\" sizes=\"auto, (max-width: 750px) 100vw, 750px\" \/><\/p>\n<p><img loading=\"lazy\" decoding=\"async\" class=\"aligncenter wp-image-9241 size-full\" src=\"https:\/\/oui-oui.es\/blog\/wp-content\/uploads\/2018\/07\/Oui-Oui-color-pared-despacho-pearson-specter-SUITS-harvey-specter-stratton-blue-4.jpg\" alt=\"\" width=\"581\" height=\"387\" srcset=\"https:\/\/oui-oui.es\/blog\/wp-content\/uploads\/2018\/07\/Oui-Oui-color-pared-despacho-pearson-specter-SUITS-harvey-specter-stratton-blue-4.jpg 581w, https:\/\/oui-oui.es\/blog\/wp-content\/uploads\/2018\/07\/Oui-Oui-color-pared-despacho-pearson-specter-SUITS-harvey-specter-stratton-blue-4-300x200.jpg 300w\" sizes=\"auto, (max-width: 581px) 100vw, 581px\" \/><\/p>\n<p><img loading=\"lazy\" decoding=\"async\" class=\"aligncenter size-full wp-image-9238\" src=\"https:\/\/oui-oui.es\/blog\/wp-content\/uploads\/2018\/07\/Oui-Oui-color-pared-despacho-pearson-specter-SUITS-harvey-specter-stratton-blue-2.png\" alt=\"\" width=\"1002\" height=\"561\" srcset=\"https:\/\/oui-oui.es\/blog\/wp-content\/uploads\/2018\/07\/Oui-Oui-color-pared-despacho-pearson-specter-SUITS-harvey-specter-stratton-blue-2.png 1002w, https:\/\/oui-oui.es\/blog\/wp-content\/uploads\/2018\/07\/Oui-Oui-color-pared-despacho-pearson-specter-SUITS-harvey-specter-stratton-blue-2-300x168.png 300w, https:\/\/oui-oui.es\/blog\/wp-content\/uploads\/2018\/07\/Oui-Oui-color-pared-despacho-pearson-specter-SUITS-harvey-specter-stratton-blue-2-768x430.png 768w, https:\/\/oui-oui.es\/blog\/wp-content\/uploads\/2018\/07\/Oui-Oui-color-pared-despacho-pearson-specter-SUITS-harvey-specter-stratton-blue-2-600x336.png 600w, https:\/\/oui-oui.es\/blog\/wp-content\/uploads\/2018\/07\/Oui-Oui-color-pared-despacho-pearson-specter-SUITS-harvey-specter-stratton-blue-2-500x280.png 500w, https:\/\/oui-oui.es\/blog\/wp-content\/uploads\/2018\/07\/Oui-Oui-color-pared-despacho-pearson-specter-SUITS-harvey-specter-stratton-blue-2-640x358.png 640w\" sizes=\"auto, (max-width: 1002px) 100vw, 1002px\" \/><\/p>\n<p>&nbsp;<\/p>\n<p>El caso es que <strong>el color verde azulado de sus despachos me ha cautivado<\/strong>, la gran cantidad de luz que tienen los despachos, tanto de <strong>Harvey Specter<\/strong> como de <strong>Jessica Pearson<\/strong>, hace que el color cambie de tono, pero me encanta, a\u00fan no s\u00e9 si para el dormitorio o para una pared del sal\u00f3n.<\/p>\n<p><img loading=\"lazy\" decoding=\"async\" class=\"aligncenter size-large wp-image-9240\" src=\"https:\/\/oui-oui.es\/blog\/wp-content\/uploads\/2018\/07\/Oui-Oui-color-pared-despacho-pearson-specter-SUITS-harvey-specter-stratton-blue-3-1024x576.png\" alt=\"\" width=\"1024\" height=\"576\" srcset=\"https:\/\/oui-oui.es\/blog\/wp-content\/uploads\/2018\/07\/Oui-Oui-color-pared-despacho-pearson-specter-SUITS-harvey-specter-stratton-blue-3-1024x576.png 1024w, https:\/\/oui-oui.es\/blog\/wp-content\/uploads\/2018\/07\/Oui-Oui-color-pared-despacho-pearson-specter-SUITS-harvey-specter-stratton-blue-3-300x169.png 300w, https:\/\/oui-oui.es\/blog\/wp-content\/uploads\/2018\/07\/Oui-Oui-color-pared-despacho-pearson-specter-SUITS-harvey-specter-stratton-blue-3-768x432.png 768w, https:\/\/oui-oui.es\/blog\/wp-content\/uploads\/2018\/07\/Oui-Oui-color-pared-despacho-pearson-specter-SUITS-harvey-specter-stratton-blue-3-600x338.png 600w, https:\/\/oui-oui.es\/blog\/wp-content\/uploads\/2018\/07\/Oui-Oui-color-pared-despacho-pearson-specter-SUITS-harvey-specter-stratton-blue-3-500x280.png 500w, https:\/\/oui-oui.es\/blog\/wp-content\/uploads\/2018\/07\/Oui-Oui-color-pared-despacho-pearson-specter-SUITS-harvey-specter-stratton-blue-3-640x360.png 640w, https:\/\/oui-oui.es\/blog\/wp-content\/uploads\/2018\/07\/Oui-Oui-color-pared-despacho-pearson-specter-SUITS-harvey-specter-stratton-blue-3.png 1920w\" sizes=\"auto, (max-width: 1024px) 100vw, 1024px\" \/><\/p>\n<p>He intentado buscar alg\u00fan post que hablara espec\u00edficamente de ello, para encontrar tambi\u00e9n el nombre del color o la referencia, pero no he localizado nada concreto, lo m\u00e1s pr\u00f3ximo es el <strong>Stratton Blue.<\/strong><\/p>\n<p><img loading=\"lazy\" decoding=\"async\" class=\"aligncenter size-full wp-image-9244\" src=\"https:\/\/oui-oui.es\/blog\/wp-content\/uploads\/2018\/07\/Oui-Oui-color-pared-despacho-pearson-specter-SUITS-harvey-specter-stratton-blue.jpg\" alt=\"\" width=\"1000\" height=\"1000\" srcset=\"https:\/\/oui-oui.es\/blog\/wp-content\/uploads\/2018\/07\/Oui-Oui-color-pared-despacho-pearson-specter-SUITS-harvey-specter-stratton-blue.jpg 1000w, https:\/\/oui-oui.es\/blog\/wp-content\/uploads\/2018\/07\/Oui-Oui-color-pared-despacho-pearson-specter-SUITS-harvey-specter-stratton-blue-150x150.jpg 150w, https:\/\/oui-oui.es\/blog\/wp-content\/uploads\/2018\/07\/Oui-Oui-color-pared-despacho-pearson-specter-SUITS-harvey-specter-stratton-blue-300x300.jpg 300w, https:\/\/oui-oui.es\/blog\/wp-content\/uploads\/2018\/07\/Oui-Oui-color-pared-despacho-pearson-specter-SUITS-harvey-specter-stratton-blue-768x768.jpg 768w, https:\/\/oui-oui.es\/blog\/wp-content\/uploads\/2018\/07\/Oui-Oui-color-pared-despacho-pearson-specter-SUITS-harvey-specter-stratton-blue-600x600.jpg 600w, https:\/\/oui-oui.es\/blog\/wp-content\/uploads\/2018\/07\/Oui-Oui-color-pared-despacho-pearson-specter-SUITS-harvey-specter-stratton-blue-640x640.jpg 640w\" sizes=\"auto, (max-width: 1000px) 100vw, 1000px\" \/><\/p>\n<p>Lo m\u00e1s parecido que he encontrado \u00aben la vida real\u00bb son estas habitaciones, \u00bfqu\u00e9 os parecen?<\/p>\n<p><img loading=\"lazy\" decoding=\"async\" class=\"aligncenter size-full wp-image-9237\" src=\"https:\/\/oui-oui.es\/blog\/wp-content\/uploads\/2018\/07\/Oui-Oui-color-pared-despacho-pearson-specter-SUITS-harvey-specter-stratton-blue-2.jpg\" alt=\"\" width=\"550\" height=\"770\" srcset=\"https:\/\/oui-oui.es\/blog\/wp-content\/uploads\/2018\/07\/Oui-Oui-color-pared-despacho-pearson-specter-SUITS-harvey-specter-stratton-blue-2.jpg 550w, https:\/\/oui-oui.es\/blog\/wp-content\/uploads\/2018\/07\/Oui-Oui-color-pared-despacho-pearson-specter-SUITS-harvey-specter-stratton-blue-2-214x300.jpg 214w\" sizes=\"auto, (max-width: 550px) 100vw, 550px\" \/><\/p>\n<p><img loading=\"lazy\" decoding=\"async\" class=\"aligncenter size-full wp-image-9242\" src=\"https:\/\/oui-oui.es\/blog\/wp-content\/uploads\/2018\/07\/Oui-Oui-color-pared-despacho-pearson-specter-SUITS-harvey-specter-stratton-blue-5.jpg\" alt=\"\" width=\"963\" height=\"476\" srcset=\"https:\/\/oui-oui.es\/blog\/wp-content\/uploads\/2018\/07\/Oui-Oui-color-pared-despacho-pearson-specter-SUITS-harvey-specter-stratton-blue-5.jpg 963w, https:\/\/oui-oui.es\/blog\/wp-content\/uploads\/2018\/07\/Oui-Oui-color-pared-despacho-pearson-specter-SUITS-harvey-specter-stratton-blue-5-300x148.jpg 300w, https:\/\/oui-oui.es\/blog\/wp-content\/uploads\/2018\/07\/Oui-Oui-color-pared-despacho-pearson-specter-SUITS-harvey-specter-stratton-blue-5-768x380.jpg 768w, https:\/\/oui-oui.es\/blog\/wp-content\/uploads\/2018\/07\/Oui-Oui-color-pared-despacho-pearson-specter-SUITS-harvey-specter-stratton-blue-5-600x297.jpg 600w, https:\/\/oui-oui.es\/blog\/wp-content\/uploads\/2018\/07\/Oui-Oui-color-pared-despacho-pearson-specter-SUITS-harvey-specter-stratton-blue-5-640x316.jpg 640w\" sizes=\"auto, (max-width: 963px) 100vw, 963px\" \/><\/p>\n<p>\u00bfConoc\u00e9is alguna pintura espa\u00f1ola que tenga este tono? (a veces las pantallas juegan malas pasadas con los tonos).<\/p>\n<p>Me encanta la combinaci\u00f3n con blanco y madera \u00a1y un toque de dorado!<\/p>\n","protected":false},"excerpt":{"rendered":"<p>Llego un poco tarde, lo s\u00e9. Durante el curso apenas veo las noticias y tampoco veo series, pero este mes de julio, sin ni\u00f1os y con m\u00e1s tiempo, me he volcado con SUITS, empec\u00e9 viendo temporadas alternas pero he empezado desde cero y en mi marat\u00f3n de SUITS voy por la temporada 5 (de hecho [&hellip;]<\/p>\n","protected":false},"author":1,"featured_media":9236,"comment_status":"open","ping_status":"open","sticky":false,"template":"","format":"standard","meta":{"jetpack_post_was_ever_published":false,"_jetpack_newsletter_access":"","_jetpack_dont_email_post_to_subs":false,"_jetpack_newsletter_tier_id":0,"_jetpack_memberships_contains_paywalled_content":false,"_jetpack_memberships_contains_paid_content":false,"footnotes":"","jetpack_publicize_message":"","jetpack_publicize_feature_enabled":true,"jetpack_social_post_already_shared":true,"jetpack_social_options":{"image_generator_settings":{"template":"highway","default_image_id":0,"font":"","enabled":false},"version":2}},"categories":[173],"tags":[744],"class_list":["post-9234","post","type-post","status-publish","format-standard","has-post-thumbnail","hentry","category-decoracion-de-casa","tag-decoracion"],"aioseo_notices":[],"jetpack_publicize_connections":[],"jetpack_featured_media_url":"https:\/\/oui-oui.es\/blog\/wp-content\/uploads\/2018\/07\/Oui-Oui-color-pared-despacho-pearson-specter-SUITS-harvey-specter-stratton-blue-1.png","jetpack_sharing_enabled":true,"jetpack-related-posts":[{"id":10418,"url":"https:\/\/oui-oui.es\/blog\/descubrimiento-deco-la-redoute\/","url_meta":{"origin":9234,"position":0},"title":"Descubrimiento deco: La Redoute","author":"Mar\u00eda \u2665Oui Oui\u2665","date":"3 marzo, 2020","format":false,"excerpt":"En mi mente, hace a\u00f1os, La Redoute era un cat\u00e1logo de venta por correo cuando era peque\u00f1a, principalmente de moda. Pero desde un tiempo a esta parte se reconvirti\u00f3 en tienda online, no s\u00f3lo de moda, sino tambi\u00e9n de hogar, complementos y decoraci\u00f3n. Y en lo que se refiere a\u2026","rel":"","context":"En \u00abDECORACI\u00d3N\u00bb","block_context":{"text":"DECORACI\u00d3N","link":"https:\/\/oui-oui.es\/blog\/category\/decoracion-de-casa\/"},"img":{"alt_text":"","src":"https:\/\/i0.wp.com\/oui-oui.es\/blog\/wp-content\/uploads\/2020\/03\/Oui-Oui-mantel-lino-mostaza-la-redoute-manteles-lino-baratos-manteles-lino-estilo.jpg?resize=350%2C200&ssl=1","width":350,"height":200,"srcset":"https:\/\/i0.wp.com\/oui-oui.es\/blog\/wp-content\/uploads\/2020\/03\/Oui-Oui-mantel-lino-mostaza-la-redoute-manteles-lino-baratos-manteles-lino-estilo.jpg?resize=350%2C200&ssl=1 1x, https:\/\/i0.wp.com\/oui-oui.es\/blog\/wp-content\/uploads\/2020\/03\/Oui-Oui-mantel-lino-mostaza-la-redoute-manteles-lino-baratos-manteles-lino-estilo.jpg?resize=525%2C300&ssl=1 1.5x"},"classes":[]},{"id":10315,"url":"https:\/\/oui-oui.es\/blog\/algunos-cojines-que-me-gustan\/","url_meta":{"origin":9234,"position":1},"title":"Algunos cojines que me gustan","author":"Mar\u00eda \u2665Oui Oui\u2665","date":"25 noviembre, 2019","format":false,"excerpt":"Sigo decorando mi casa, ya m\u00e1s despacito porque faltan pocas cosas, pero con mucha pasi\u00f3n, por eso, de repente veo que me falta un coj\u00edn en una zona (en este caso par la cama de la habitaci\u00f3n de juegos) y me puse como loca a buscar online, tambi\u00e9n lo pregunt\u00e9\u2026","rel":"","context":"En \u00abDECORACI\u00d3N\u00bb","block_context":{"text":"DECORACI\u00d3N","link":"https:\/\/oui-oui.es\/blog\/category\/decoracion-de-casa\/"},"img":{"alt_text":"","src":"https:\/\/i0.wp.com\/oui-oui.es\/blog\/wp-content\/uploads\/2019\/11\/Oui-Oui-coj%C3%ADn-texturas-zara-home.jpg?resize=350%2C200&ssl=1","width":350,"height":200,"srcset":"https:\/\/i0.wp.com\/oui-oui.es\/blog\/wp-content\/uploads\/2019\/11\/Oui-Oui-coj%C3%ADn-texturas-zara-home.jpg?resize=350%2C200&ssl=1 1x, https:\/\/i0.wp.com\/oui-oui.es\/blog\/wp-content\/uploads\/2019\/11\/Oui-Oui-coj%C3%ADn-texturas-zara-home.jpg?resize=525%2C300&ssl=1 1.5x, https:\/\/i0.wp.com\/oui-oui.es\/blog\/wp-content\/uploads\/2019\/11\/Oui-Oui-coj%C3%ADn-texturas-zara-home.jpg?resize=700%2C400&ssl=1 2x, https:\/\/i0.wp.com\/oui-oui.es\/blog\/wp-content\/uploads\/2019\/11\/Oui-Oui-coj%C3%ADn-texturas-zara-home.jpg?resize=1050%2C600&ssl=1 3x"},"classes":[]},{"id":3890,"url":"https:\/\/oui-oui.es\/blog\/la-iii-wishlist-de-frida\/","url_meta":{"origin":9234,"position":2},"title":"La III Wishlist de Frida!","author":"Mar\u00eda \u2665Oui Oui\u2665","date":"17 diciembre, 2015","format":false,"excerpt":"Parece que me voy animando seg\u00fan se acerca el momento y cada vez veo m\u00e1s cosas que me apetecen para ella y para su rinc\u00f3n de la habitaci\u00f3n (ahora si que siento que tengo que volver a reestructurar un poco la habitaci\u00f3n de Mart\u00edn que ser\u00e1 de los dos!), as\u00ed\u2026","rel":"","context":"En \u00abNI\u00d1OS Y NI\u00d1AS\u00bb","block_context":{"text":"NI\u00d1OS Y NI\u00d1AS","link":"https:\/\/oui-oui.es\/blog\/category\/ninos\/"},"img":{"alt_text":"","src":"https:\/\/i0.wp.com\/oui-oui.es\/blog\/wp-content\/uploads\/2015\/12\/Oui-Oui-wishlist-frida-lamina-dibujo-mrs-miguetto.jpg?resize=350%2C200&ssl=1","width":350,"height":200,"srcset":"https:\/\/i0.wp.com\/oui-oui.es\/blog\/wp-content\/uploads\/2015\/12\/Oui-Oui-wishlist-frida-lamina-dibujo-mrs-miguetto.jpg?resize=350%2C200&ssl=1 1x, https:\/\/i0.wp.com\/oui-oui.es\/blog\/wp-content\/uploads\/2015\/12\/Oui-Oui-wishlist-frida-lamina-dibujo-mrs-miguetto.jpg?resize=525%2C300&ssl=1 1.5x, https:\/\/i0.wp.com\/oui-oui.es\/blog\/wp-content\/uploads\/2015\/12\/Oui-Oui-wishlist-frida-lamina-dibujo-mrs-miguetto.jpg?resize=700%2C400&ssl=1 2x"},"classes":[]},{"id":10115,"url":"https:\/\/oui-oui.es\/blog\/re-boda-si-o-no\/","url_meta":{"origin":9234,"position":3},"title":"Re boda, \u00bfs\u00ed o no?","author":"Mar\u00eda \u2665Oui Oui\u2665","date":"13 septiembre, 2019","format":false,"excerpt":"Septiembre es un mes muy especial, aunque cada vez m\u00e1s se est\u00e1 convirtiendo en un mes m\u00e1s estresante, sigo teni\u00e9ndole mucho cari\u00f1o. En septiembre es la vuelta al cole que tanto me ha gustado siempre, tambi\u00e9n es mi comienzo de a\u00f1o, pues mi mente piensa en cursos escolares y no\u2026","rel":"","context":"En \u00abBoda\u00bb","block_context":{"text":"Boda","link":"https:\/\/oui-oui.es\/blog\/category\/fiestas-celebraciones\/boda\/"},"img":{"alt_text":"","src":"https:\/\/i0.wp.com\/oui-oui.es\/blog\/wp-content\/uploads\/2019\/09\/Ramo-boda-oui-oui-bici-just-married-asturias.jpg?resize=350%2C200&ssl=1","width":350,"height":200,"srcset":"https:\/\/i0.wp.com\/oui-oui.es\/blog\/wp-content\/uploads\/2019\/09\/Ramo-boda-oui-oui-bici-just-married-asturias.jpg?resize=350%2C200&ssl=1 1x, https:\/\/i0.wp.com\/oui-oui.es\/blog\/wp-content\/uploads\/2019\/09\/Ramo-boda-oui-oui-bici-just-married-asturias.jpg?resize=525%2C300&ssl=1 1.5x, https:\/\/i0.wp.com\/oui-oui.es\/blog\/wp-content\/uploads\/2019\/09\/Ramo-boda-oui-oui-bici-just-married-asturias.jpg?resize=700%2C400&ssl=1 2x, https:\/\/i0.wp.com\/oui-oui.es\/blog\/wp-content\/uploads\/2019\/09\/Ramo-boda-oui-oui-bici-just-married-asturias.jpg?resize=1050%2C600&ssl=1 3x"},"classes":[]},{"id":575,"url":"https:\/\/oui-oui.es\/blog\/empieza-la-cuenta-atras\/","url_meta":{"origin":9234,"position":4},"title":"Empieza la cuenta atr\u00e1s!!","author":"Mar\u00eda \u2665Oui Oui\u2665","date":"15 marzo, 2013","format":false,"excerpt":"Pues s\u00ed, ya es viernes, no he cumplido con el prop\u00f3sito de escribir todos los d\u00edas en el blog, montando la tienda me es imposible...Espero que lo entend\u00e1is, a\u00fan as\u00ed he procurado contestar todos los mensajes, mails...(Me faltan s\u00f3lo dos que contestar\u00e9 este finde!!) de novias, hermanas de la novia,\u2026","rel":"","context":"En \u00abOUI OUI\u00bb","block_context":{"text":"OUI OUI","link":"https:\/\/oui-oui.es\/blog\/category\/oui-oui\/"},"img":{"alt_text":"","src":"https:\/\/i0.wp.com\/oui-oui.es\/blog\/wp-content\/uploads\/oui-oui-nic3b1a-conejo-bebiendo-champagne.jpg?resize=350%2C200&ssl=1","width":350,"height":200,"srcset":"https:\/\/i0.wp.com\/oui-oui.es\/blog\/wp-content\/uploads\/oui-oui-nic3b1a-conejo-bebiendo-champagne.jpg?resize=350%2C200&ssl=1 1x, https:\/\/i0.wp.com\/oui-oui.es\/blog\/wp-content\/uploads\/oui-oui-nic3b1a-conejo-bebiendo-champagne.jpg?resize=525%2C300&ssl=1 1.5x"},"classes":[]},{"id":3638,"url":"https:\/\/oui-oui.es\/blog\/en-ocasiones-veo-zorritos\/","url_meta":{"origin":9234,"position":5},"title":"En ocasiones veo zorritos","author":"Mar\u00eda \u2665Oui Oui\u2665","date":"28 octubre, 2015","format":false,"excerpt":"Es curioso c\u00f3mo se producen las tendencias y despu\u00e9s las modas...Cuando estaba realizando mis primeras compras para Oui Oui hace ya casi tres a\u00f1os, recuerdo que un proveedor me insisti\u00f3 para que comprara productos de la colecci\u00f3n Fox \"en Inglaterra tienen much\u00edsimo \u00e9xito\" me dec\u00eda...Y hab\u00eda cosas muy monas, pero\u2026","rel":"","context":"En \u00abNI\u00d1OS Y NI\u00d1AS\u00bb","block_context":{"text":"NI\u00d1OS Y NI\u00d1AS","link":"https:\/\/oui-oui.es\/blog\/category\/ninos\/"},"img":{"alt_text":"","src":"https:\/\/i0.wp.com\/oui-oui.es\/blog\/wp-content\/uploads\/2015\/10\/oui-Oui-maletas-zorros-decorar-con-zorros-set-maletas-fox-naranja.jpg?resize=350%2C200&ssl=1","width":350,"height":200,"srcset":"https:\/\/i0.wp.com\/oui-oui.es\/blog\/wp-content\/uploads\/2015\/10\/oui-Oui-maletas-zorros-decorar-con-zorros-set-maletas-fox-naranja.jpg?resize=350%2C200&ssl=1 1x, https:\/\/i0.wp.com\/oui-oui.es\/blog\/wp-content\/uploads\/2015\/10\/oui-Oui-maletas-zorros-decorar-con-zorros-set-maletas-fox-naranja.jpg?resize=525%2C300&ssl=1 1.5x"},"classes":[]}],"_links":{"self":[{"href":"https:\/\/oui-oui.es\/blog\/wp-json\/wp\/v2\/posts\/9234","targetHints":{"allow":["GET"]}}],"collection":[{"href":"https:\/\/oui-oui.es\/blog\/wp-json\/wp\/v2\/posts"}],"about":[{"href":"https:\/\/oui-oui.es\/blog\/wp-json\/wp\/v2\/types\/post"}],"author":[{"embeddable":true,"href":"https:\/\/oui-oui.es\/blog\/wp-json\/wp\/v2\/users\/1"}],"replies":[{"embeddable":true,"href":"https:\/\/oui-oui.es\/blog\/wp-json\/wp\/v2\/comments?post=9234"}],"version-history":[{"count":1,"href":"https:\/\/oui-oui.es\/blog\/wp-json\/wp\/v2\/posts\/9234\/revisions"}],"predecessor-version":[{"id":9245,"href":"https:\/\/oui-oui.es\/blog\/wp-json\/wp\/v2\/posts\/9234\/revisions\/9245"}],"wp:featuredmedia":[{"embeddable":true,"href":"https:\/\/oui-oui.es\/blog\/wp-json\/wp\/v2\/media\/9236"}],"wp:attachment":[{"href":"https:\/\/oui-oui.es\/blog\/wp-json\/wp\/v2\/media?parent=9234"}],"wp:term":[{"taxonomy":"category","embeddable":true,"href":"https:\/\/oui-oui.es\/blog\/wp-json\/wp\/v2\/categories?post=9234"},{"taxonomy":"post_tag","embeddable":true,"href":"https:\/\/oui-oui.es\/blog\/wp-json\/wp\/v2\/tags?post=9234"}],"curies":[{"name":"wp","href":"https:\/\/api.w.org\/{rel}","templated":true}]}}