{"id":937,"date":"2013-08-13T18:33:03","date_gmt":"2013-08-13T16:33:03","guid":{"rendered":"http:\/\/ouiouiblog.wordpress.com\/?p=937"},"modified":"2013-08-13T18:33:03","modified_gmt":"2013-08-13T16:33:03","slug":"las-frambuesas-son-para-el-verano","status":"publish","type":"post","link":"https:\/\/oui-oui.es\/blog\/las-frambuesas-son-para-el-verano\/","title":{"rendered":"Las frambuesas son para el verano"},"content":{"rendered":"<p style=\"text-align:center;\"><a href=\"http:\/\/ouiouiblog.files.wordpress.com\/2013\/08\/oui-oui-tarta-chocolate-blanco-y-frambuesas-las-frambuesas-son-para-el-verano.jpg\"><img loading=\"lazy\" decoding=\"async\" class=\"aligncenter size-full wp-image-944\" alt=\"Oui Oui-tarta chocolate blanco y frambuesas-las frambuesas son para el verano\" src=\"http:\/\/ouiouiblog.files.wordpress.com\/2013\/08\/oui-oui-tarta-chocolate-blanco-y-frambuesas-las-frambuesas-son-para-el-verano.jpg\" width=\"529\" height=\"705\" srcset=\"https:\/\/oui-oui.es\/blog\/wp-content\/uploads\/oui-oui-tarta-chocolate-blanco-y-frambuesas-las-frambuesas-son-para-el-verano.jpg 1536w, https:\/\/oui-oui.es\/blog\/wp-content\/uploads\/oui-oui-tarta-chocolate-blanco-y-frambuesas-las-frambuesas-son-para-el-verano-225x300.jpg 225w, https:\/\/oui-oui.es\/blog\/wp-content\/uploads\/oui-oui-tarta-chocolate-blanco-y-frambuesas-las-frambuesas-son-para-el-verano-768x1024.jpg 768w\" sizes=\"auto, (max-width: 529px) 100vw, 529px\" \/><\/a><\/p>\n<p style=\"text-align:center;\">Siempre me han encantado las <strong>frambuesas<\/strong>, pero no hay nada como tener un <em>frambueso<\/em> a mano para engancharse del todo.<\/p>\n<p style=\"text-align:center;\">Hace unas semanas estuvimos en el pueblo (mi pueblo adoptivo!) , y como recibimiento nos estaba esperando un riqu\u00edsimo <strong>batido de frambuesas<\/strong>.<\/p>\n<p style=\"text-align:center;\"><a href=\"http:\/\/ouiouiblog.files.wordpress.com\/2013\/08\/oui-oui-tarta-chocolate-blanco-y-frambuesas-batido-frambuesas-1.jpg\"><img loading=\"lazy\" decoding=\"async\" class=\"aligncenter size-full wp-image-938\" alt=\"Oui Oui-tarta chocolate blanco y frambuesas-batido frambuesas (1)\" src=\"http:\/\/ouiouiblog.files.wordpress.com\/2013\/08\/oui-oui-tarta-chocolate-blanco-y-frambuesas-batido-frambuesas-1.jpg\" width=\"529\" height=\"529\" srcset=\"https:\/\/oui-oui.es\/blog\/wp-content\/uploads\/oui-oui-tarta-chocolate-blanco-y-frambuesas-batido-frambuesas-1.jpg 2448w, https:\/\/oui-oui.es\/blog\/wp-content\/uploads\/oui-oui-tarta-chocolate-blanco-y-frambuesas-batido-frambuesas-1-150x150.jpg 150w, https:\/\/oui-oui.es\/blog\/wp-content\/uploads\/oui-oui-tarta-chocolate-blanco-y-frambuesas-batido-frambuesas-1-300x300.jpg 300w, https:\/\/oui-oui.es\/blog\/wp-content\/uploads\/oui-oui-tarta-chocolate-blanco-y-frambuesas-batido-frambuesas-1-1024x1024.jpg 1024w\" sizes=\"auto, (max-width: 529px) 100vw, 529px\" \/><\/a><\/p>\n<p style=\"text-align:center;\">Y una buena recolecta para hacer <strong>mi tarta favorita del verano<\/strong>; la <strong>tarta de chocolate blanco y frambuesas<\/strong>, como me ped\u00edsteis la receta por <a href=\"http:\/\/statigr.am\/ouiouidetalles\" target=\"_blank\">Instagram<\/a> y por <a href=\"https:\/\/www.facebook.com\/OuiOuiDetalleshttp:\/\/\" target=\"_blank\"><strong>Facebook<\/strong><\/a>, aqu\u00ed va, es muy muy f\u00e1cil!<\/p>\n<p style=\"text-align:center;\"><a href=\"http:\/\/ouiouiblog.files.wordpress.com\/2013\/08\/oui-oui-receta-tarta-chocolate-blanco-y-frambuesas.jpg\"><img loading=\"lazy\" decoding=\"async\" class=\"aligncenter size-full wp-image-951\" alt=\"Oui Oui-receta tarta chocolate blanco y frambuesas\" src=\"http:\/\/ouiouiblog.files.wordpress.com\/2013\/08\/oui-oui-receta-tarta-chocolate-blanco-y-frambuesas.jpg\" width=\"529\" height=\"529\" srcset=\"https:\/\/oui-oui.es\/blog\/wp-content\/uploads\/oui-oui-receta-tarta-chocolate-blanco-y-frambuesas.jpg 612w, https:\/\/oui-oui.es\/blog\/wp-content\/uploads\/oui-oui-receta-tarta-chocolate-blanco-y-frambuesas-150x150.jpg 150w, https:\/\/oui-oui.es\/blog\/wp-content\/uploads\/oui-oui-receta-tarta-chocolate-blanco-y-frambuesas-300x300.jpg 300w\" sizes=\"auto, (max-width: 529px) 100vw, 529px\" \/><\/a><\/p>\n<p style=\"text-align:center;\"><strong>Ingredientes:<\/strong><\/p>\n<p style=\"text-align:center;\">400gr. de <strong>frambuesas<\/strong><\/p>\n<p style=\"text-align:center;\">180gr. <strong>chocolate blanco<\/strong><\/p>\n<p style=\"text-align:center;\">150ml. <strong>nata<\/strong> para montar<\/p>\n<p style=\"text-align:center;\">1 hoja de <strong>gelatina<\/strong><\/p>\n<p style=\"text-align:center;\"><strong>Galletas Digestive<\/strong> (siempre las hemos cogido a ojo, pero yo creo que es como medio paquete)<\/p>\n<p style=\"text-align:center;\"><strong>Mantequilla<\/strong> (el mismo <em>ojo<\/em> que las galletas, la necesaria para mezclar y hacer la base consistente)<\/p>\n<p style=\"text-align:center;\"><a href=\"http:\/\/ouiouiblog.files.wordpress.com\/2013\/08\/oui-oui-tarta-chocolate-blanco-y-frambuesas-batido-frambuesas-2.jpg\"><img loading=\"lazy\" decoding=\"async\" class=\"aligncenter size-full wp-image-939\" alt=\"Oui Oui-tarta chocolate blanco y frambuesas-batido frambuesas (2)\" src=\"http:\/\/ouiouiblog.files.wordpress.com\/2013\/08\/oui-oui-tarta-chocolate-blanco-y-frambuesas-batido-frambuesas-2.jpg\" width=\"529\" height=\"396\" srcset=\"https:\/\/oui-oui.es\/blog\/wp-content\/uploads\/oui-oui-tarta-chocolate-blanco-y-frambuesas-batido-frambuesas-2.jpg 3264w, https:\/\/oui-oui.es\/blog\/wp-content\/uploads\/oui-oui-tarta-chocolate-blanco-y-frambuesas-batido-frambuesas-2-300x225.jpg 300w, https:\/\/oui-oui.es\/blog\/wp-content\/uploads\/oui-oui-tarta-chocolate-blanco-y-frambuesas-batido-frambuesas-2-1024x768.jpg 1024w\" sizes=\"auto, (max-width: 529px) 100vw, 529px\" \/><\/a><\/p>\n<p style=\"text-align:center;\"><strong>Elaboraci\u00f3n:<\/strong><\/p>\n<ol style=\"text-align:center;\">\n<li>Poner en remojo la hoja de gelatina en un bol de agua fria<\/li>\n<li>Calentar la nata en un cazo a fuego suave<\/li>\n<li>Incorporar la gelatina escurrida y deshacerla en la nata<\/li>\n<li>Verter la nata en un recipiente con el chocolate ya troceado. Dejarlo reposar 5 min. y despu\u00e9s mezclarlo hasta obtener una mezcla homog\u00e9nea.<\/li>\n<li>Mezclar las galletas con la mantequilla hasta hacer una base homog\u00e9nea y colocar en un molde con la base desmontable.<\/li>\n<li>Verter el chocolate sobre la masa de galleta, decorar con las frambuesas y dejarla reposar en el refrigerador durante 1 h.<\/li>\n<\/ol>\n<p><a href=\"http:\/\/ouiouiblog.files.wordpress.com\/2013\/08\/oui-oui-tarta-chocolate-blanco-y-frambuesas-batido-frambuesas-3.jpg\"><img loading=\"lazy\" decoding=\"async\" class=\"aligncenter size-full wp-image-940\" alt=\"Oui Oui-tarta chocolate blanco y frambuesas-batido frambuesas (3)\" src=\"http:\/\/ouiouiblog.files.wordpress.com\/2013\/08\/oui-oui-tarta-chocolate-blanco-y-frambuesas-batido-frambuesas-3.jpg\" width=\"529\" height=\"396\" srcset=\"https:\/\/oui-oui.es\/blog\/wp-content\/uploads\/oui-oui-tarta-chocolate-blanco-y-frambuesas-batido-frambuesas-3.jpg 3264w, https:\/\/oui-oui.es\/blog\/wp-content\/uploads\/oui-oui-tarta-chocolate-blanco-y-frambuesas-batido-frambuesas-3-300x225.jpg 300w, https:\/\/oui-oui.es\/blog\/wp-content\/uploads\/oui-oui-tarta-chocolate-blanco-y-frambuesas-batido-frambuesas-3-1024x768.jpg 1024w\" sizes=\"auto, (max-width: 529px) 100vw, 529px\" \/><\/a><a href=\"http:\/\/ouiouiblog.files.wordpress.com\/2013\/08\/oui-oui-tarta-chocolate-blanco-y-frambuesas-batido-frambuesas-4.jpg\"><img loading=\"lazy\" decoding=\"async\" class=\"aligncenter size-full wp-image-941\" alt=\"Oui Oui-tarta chocolate blanco y frambuesas-batido frambuesas (4)\" src=\"http:\/\/ouiouiblog.files.wordpress.com\/2013\/08\/oui-oui-tarta-chocolate-blanco-y-frambuesas-batido-frambuesas-4.jpg\" width=\"529\" height=\"529\" srcset=\"https:\/\/oui-oui.es\/blog\/wp-content\/uploads\/oui-oui-tarta-chocolate-blanco-y-frambuesas-batido-frambuesas-4.jpg 2340w, https:\/\/oui-oui.es\/blog\/wp-content\/uploads\/oui-oui-tarta-chocolate-blanco-y-frambuesas-batido-frambuesas-4-150x150.jpg 150w, https:\/\/oui-oui.es\/blog\/wp-content\/uploads\/oui-oui-tarta-chocolate-blanco-y-frambuesas-batido-frambuesas-4-300x300.jpg 300w, https:\/\/oui-oui.es\/blog\/wp-content\/uploads\/oui-oui-tarta-chocolate-blanco-y-frambuesas-batido-frambuesas-4-1024x1024.jpg 1024w\" sizes=\"auto, (max-width: 529px) 100vw, 529px\" \/><\/a><\/p>\n<p style=\"text-align:center;\">Al d\u00eda siguiente recolect\u00e9 m\u00e1s, hicimos otra tarta y pude llevarme a Madrid para congelar (se congelan genial, y, aunque este verano no puedo, tambi\u00e9n est\u00e1n <strong>buen\u00edsimas ba\u00f1adas en gin tonic reci\u00e9n sacadas del congelador<\/strong>).<\/p>\n<p style=\"text-align:center;\"><a href=\"http:\/\/ouiouiblog.files.wordpress.com\/2013\/08\/oui-oui-mermelada-frmabuesas-frambuesas-gin-tonic-2.jpg\"><img loading=\"lazy\" decoding=\"async\" class=\"aligncenter size-full wp-image-943\" alt=\"Oui Oui-mermelada frmabuesas-frambuesas gin tonic (2)\" src=\"http:\/\/ouiouiblog.files.wordpress.com\/2013\/08\/oui-oui-mermelada-frmabuesas-frambuesas-gin-tonic-2.jpg\" width=\"529\" height=\"705\" srcset=\"https:\/\/oui-oui.es\/blog\/wp-content\/uploads\/oui-oui-mermelada-frmabuesas-frambuesas-gin-tonic-2.jpg 1536w, https:\/\/oui-oui.es\/blog\/wp-content\/uploads\/oui-oui-mermelada-frmabuesas-frambuesas-gin-tonic-2-225x300.jpg 225w, https:\/\/oui-oui.es\/blog\/wp-content\/uploads\/oui-oui-mermelada-frmabuesas-frambuesas-gin-tonic-2-768x1024.jpg 768w\" sizes=\"auto, (max-width: 529px) 100vw, 529px\" \/><\/a><\/p>\n<p style=\"text-align:center;\">En unos d\u00edas mi madre nos traer\u00e1 otro cargamento, mi padre repetir\u00e1 su espectacular <strong>bizocho con frambuesas<\/strong><\/p>\n<p style=\"text-align:center;\"><a href=\"http:\/\/ouiouiblog.files.wordpress.com\/2013\/08\/oui-oui-bizcocho-de-frambuesas.jpg\"><img loading=\"lazy\" decoding=\"async\" class=\"aligncenter size-full wp-image-947\" alt=\"Oui Oui-bizcocho de frambuesas\" src=\"http:\/\/ouiouiblog.files.wordpress.com\/2013\/08\/oui-oui-bizcocho-de-frambuesas.jpg\" width=\"529\" height=\"529\" srcset=\"https:\/\/oui-oui.es\/blog\/wp-content\/uploads\/oui-oui-bizcocho-de-frambuesas.jpg 612w, https:\/\/oui-oui.es\/blog\/wp-content\/uploads\/oui-oui-bizcocho-de-frambuesas-150x150.jpg 150w, https:\/\/oui-oui.es\/blog\/wp-content\/uploads\/oui-oui-bizcocho-de-frambuesas-300x300.jpg 300w\" sizes=\"auto, (max-width: 529px) 100vw, 529px\" \/><\/a><\/p>\n<p style=\"text-align:center;\">Y yo\u00a0 espero poder hacer otra tarta m\u00e1s \ud83d\ude09<\/p>\n<p style=\"text-align:center;\">El a\u00f1o pasado la <strong>mermelada<\/strong> nos sali\u00f3 fenomenal, este a\u00f1o yo no podr\u00e9 hacerla, pero espero con muchas ganas la que hace mi suegra&#8230;Mmmm!<\/p>\n<p style=\"text-align:center;\"><a href=\"http:\/\/ouiouiblog.files.wordpress.com\/2013\/08\/oui-oui-mermelada-frmabuesas-frambuesas-gin-tonic-1.jpg\"><img loading=\"lazy\" decoding=\"async\" class=\"aligncenter size-full wp-image-942\" alt=\"Oui Oui-mermelada frmabuesas-frambuesas gin tonic (1)\" src=\"http:\/\/ouiouiblog.files.wordpress.com\/2013\/08\/oui-oui-mermelada-frmabuesas-frambuesas-gin-tonic-1.jpg\" width=\"529\" height=\"396\" srcset=\"https:\/\/oui-oui.es\/blog\/wp-content\/uploads\/oui-oui-mermelada-frmabuesas-frambuesas-gin-tonic-1.jpg 2048w, https:\/\/oui-oui.es\/blog\/wp-content\/uploads\/oui-oui-mermelada-frmabuesas-frambuesas-gin-tonic-1-300x225.jpg 300w, https:\/\/oui-oui.es\/blog\/wp-content\/uploads\/oui-oui-mermelada-frmabuesas-frambuesas-gin-tonic-1-1024x768.jpg 1024w\" sizes=\"auto, (max-width: 529px) 100vw, 529px\" \/><\/a>Y para recolectarlas&#8230;Nuestras <strong><a href=\"http:\/\/www.oui-oui.es\/detalles-boda\/105-cestas-de-fruta.html\" target=\"_blank\">cestitas de cart\u00f3n<\/a> <\/strong><\/p>\n<p style=\"text-align:center;\"><a href=\"http:\/\/www.oui-oui.es\/detalles-boda\/105-cestas-de-fruta.html\"><img loading=\"lazy\" decoding=\"async\" class=\"aligncenter size-full wp-image-945\" alt=\"Oui Oui-cestitas cart\u00f3n fruta-recreaci\u00f3n 2\" src=\"http:\/\/ouiouiblog.files.wordpress.com\/2013\/08\/oui-oui-cestitas-cartc3b3n-fruta-recreacic3b3n-2.jpg\" width=\"529\" height=\"352\" srcset=\"https:\/\/oui-oui.es\/blog\/wp-content\/uploads\/oui-oui-cestitas-cartc3b3n-fruta-recreacic3b3n-2.jpg 1021w, https:\/\/oui-oui.es\/blog\/wp-content\/uploads\/oui-oui-cestitas-cartc3b3n-fruta-recreacic3b3n-2-300x200.jpg 300w\" sizes=\"auto, (max-width: 529px) 100vw, 529px\" \/><\/a>O la <a href=\"http:\/\/www.oui-oui.es\/decoracion\/310-caja-madera-raspberries.html\" target=\"_blank\"><strong>bandeja de madera!<\/strong><\/a><\/p>\n<p style=\"text-align:center;\"><a href=\"http:\/\/ouiouiblog.files.wordpress.com\/2013\/08\/oui-oui-desayuno-con-frambuesas-batido-tarta.jpg\"><img loading=\"lazy\" decoding=\"async\" class=\"aligncenter size-full wp-image-948\" alt=\"Oui Oui-desayuno con frambuesas-batido-tarta\" src=\"http:\/\/ouiouiblog.files.wordpress.com\/2013\/08\/oui-oui-desayuno-con-frambuesas-batido-tarta.jpg\" width=\"529\" height=\"529\" srcset=\"https:\/\/oui-oui.es\/blog\/wp-content\/uploads\/oui-oui-desayuno-con-frambuesas-batido-tarta.jpg 612w, https:\/\/oui-oui.es\/blog\/wp-content\/uploads\/oui-oui-desayuno-con-frambuesas-batido-tarta-150x150.jpg 150w, https:\/\/oui-oui.es\/blog\/wp-content\/uploads\/oui-oui-desayuno-con-frambuesas-batido-tarta-300x300.jpg 300w\" sizes=\"auto, (max-width: 529px) 100vw, 529px\" \/><\/a> <a href=\"http:\/\/ouiouiblog.files.wordpress.com\/2013\/08\/oui-oui-desayuno-con-frambuesas-batido-tostadas.jpg\"><img loading=\"lazy\" decoding=\"async\" class=\"aligncenter size-full wp-image-949\" alt=\"Oui Oui-desayuno con frambuesas-batido-tostadas\" src=\"http:\/\/ouiouiblog.files.wordpress.com\/2013\/08\/oui-oui-desayuno-con-frambuesas-batido-tostadas.jpg\" width=\"529\" height=\"529\" srcset=\"https:\/\/oui-oui.es\/blog\/wp-content\/uploads\/oui-oui-desayuno-con-frambuesas-batido-tostadas.jpg 612w, https:\/\/oui-oui.es\/blog\/wp-content\/uploads\/oui-oui-desayuno-con-frambuesas-batido-tostadas-150x150.jpg 150w, https:\/\/oui-oui.es\/blog\/wp-content\/uploads\/oui-oui-desayuno-con-frambuesas-batido-tostadas-300x300.jpg 300w\" sizes=\"auto, (max-width: 529px) 100vw, 529px\" \/><\/a><\/p>\n<p style=\"text-align:center;\">Hasta al <a href=\"http:\/\/www.oui-oui.es\/29-puertas-ratoncito-perez\" target=\"_blank\"><strong>ratoncito P\u00e9rez<\/strong><\/a> le encantan las <strong>frambuesas<\/strong>!!<\/p>\n<p style=\"text-align:center;\"><a href=\"http:\/\/ouiouiblog.files.wordpress.com\/2013\/08\/oui-oui-puertas-ratoncito-pc3a9rez-frambuesas.jpg\"><img loading=\"lazy\" decoding=\"async\" class=\"aligncenter size-full wp-image-950\" alt=\"Oui Oui-puertas ratoncito P\u00e9rez-frambuesas\" src=\"http:\/\/ouiouiblog.files.wordpress.com\/2013\/08\/oui-oui-puertas-ratoncito-pc3a9rez-frambuesas.jpg\" width=\"529\" height=\"529\" srcset=\"https:\/\/oui-oui.es\/blog\/wp-content\/uploads\/oui-oui-puertas-ratoncito-pc3a9rez-frambuesas.jpg 612w, https:\/\/oui-oui.es\/blog\/wp-content\/uploads\/oui-oui-puertas-ratoncito-pc3a9rez-frambuesas-150x150.jpg 150w, https:\/\/oui-oui.es\/blog\/wp-content\/uploads\/oui-oui-puertas-ratoncito-pc3a9rez-frambuesas-300x300.jpg 300w\" sizes=\"auto, (max-width: 529px) 100vw, 529px\" \/><\/a><\/p>\n<p style=\"text-align:center;\">\n","protected":false},"excerpt":{"rendered":"<p>Siempre me han encantado las frambuesas, pero no hay nada como tener un frambueso a mano para engancharse del todo. Hace unas semanas estuvimos en el pueblo (mi pueblo adoptivo!) , y como recibimiento nos estaba esperando un riqu\u00edsimo batido de frambuesas. Y una buena recolecta para hacer mi tarta favorita del verano; la tarta [&hellip;]<\/p>\n","protected":false},"author":1,"featured_media":944,"comment_status":"open","ping_status":"open","sticky":false,"template":"","format":"standard","meta":{"jetpack_post_was_ever_published":false,"_jetpack_newsletter_access":"","_jetpack_dont_email_post_to_subs":false,"_jetpack_newsletter_tier_id":0,"_jetpack_memberships_contains_paywalled_content":false,"_jetpack_memberships_contains_paid_content":false,"footnotes":"","jetpack_publicize_message":"","jetpack_publicize_feature_enabled":true,"jetpack_social_post_already_shared":false,"jetpack_social_options":{"image_generator_settings":{"template":"highway","default_image_id":0,"font":"","enabled":false},"version":2}},"categories":[173],"tags":[695],"class_list":["post-937","post","type-post","status-publish","format-standard","has-post-thumbnail","hentry","category-decoracion-de-casa","tag-gastro"],"aioseo_notices":[],"jetpack_publicize_connections":[],"jetpack_featured_media_url":"https:\/\/oui-oui.es\/blog\/wp-content\/uploads\/oui-oui-tarta-chocolate-blanco-y-frambuesas-las-frambuesas-son-para-el-verano.jpg","jetpack_sharing_enabled":true,"jetpack-related-posts":[{"id":387,"url":"https:\/\/oui-oui.es\/blog\/navidades-hasta-el-ano-que-viene\/","url_meta":{"origin":937,"position":0},"title":"Navidades&#8230;hasta el a\u00f1o que viene!","author":"Mar\u00eda \u2665Oui Oui\u2665","date":"9 enero, 2013","format":false,"excerpt":"Se me ha echado el tiempo encima, entre montar la tienda online, el \u00e9xito de las puertas del Ratoncito P\u00e9rez\u00a0...No he dado abasto para poder escribir en el blog, pasan los d\u00edas y, aunque tengo el blog planner regalo de Superyuppies , que me est\u00e1 ayudando mucho, a\u00fan tengo que\u2026","rel":"","context":"En \u00abNavidad\u00bb","block_context":{"text":"Navidad","link":"https:\/\/oui-oui.es\/blog\/category\/fiestas-celebraciones\/navidad\/"},"img":{"alt_text":"","src":"https:\/\/i0.wp.com\/oui-oui.es\/blog\/wp-content\/uploads\/oui-oui-camion-pino-navidad-adios-navidad.jpg?resize=350%2C200&ssl=1","width":350,"height":200},"classes":[]},{"id":3278,"url":"https:\/\/oui-oui.es\/blog\/receta-de-bizcocho-de-mango-casero\/","url_meta":{"origin":937,"position":1},"title":"Receta de bizcocho de mango casero","author":"Mar\u00eda \u2665Oui Oui\u2665","date":"4 septiembre, 2015","format":false,"excerpt":"Los que me segu\u00eds por Instagram habr\u00e9is visto m\u00e1s de una vez los incre\u00edbles desayunos que nos preparan mis padres en la sierra, una de las recetas estrella hasta ahora era el bizcocho de frambuesas o de frutos rojos, pero este verano mi madre innnov\u00f3 cambiando la fruta por mango\u2026","rel":"","context":"En \u00abDECORACI\u00d3N\u00bb","block_context":{"text":"DECORACI\u00d3N","link":"https:\/\/oui-oui.es\/blog\/category\/decoracion-de-casa\/"},"img":{"alt_text":"","src":"https:\/\/i0.wp.com\/oui-oui.es\/blog\/wp-content\/uploads\/2015\/09\/IMG_3043.jpg?resize=350%2C200&ssl=1","width":350,"height":200,"srcset":"https:\/\/i0.wp.com\/oui-oui.es\/blog\/wp-content\/uploads\/2015\/09\/IMG_3043.jpg?resize=350%2C200&ssl=1 1x, https:\/\/i0.wp.com\/oui-oui.es\/blog\/wp-content\/uploads\/2015\/09\/IMG_3043.jpg?resize=525%2C300&ssl=1 1.5x, https:\/\/i0.wp.com\/oui-oui.es\/blog\/wp-content\/uploads\/2015\/09\/IMG_3043.jpg?resize=700%2C400&ssl=1 2x, https:\/\/i0.wp.com\/oui-oui.es\/blog\/wp-content\/uploads\/2015\/09\/IMG_3043.jpg?resize=1050%2C600&ssl=1 3x, https:\/\/i0.wp.com\/oui-oui.es\/blog\/wp-content\/uploads\/2015\/09\/IMG_3043.jpg?resize=1400%2C800&ssl=1 4x"},"classes":[]},{"id":973,"url":"https:\/\/oui-oui.es\/blog\/una-historia-detras-de-cada-puerta-para-el-ratoncito-perez\/","url_meta":{"origin":937,"position":2},"title":"Una historia detr\u00e1s de cada Puerta para el ratoncito P\u00e9rez","author":"Mar\u00eda \u2665Oui Oui\u2665","date":"25 octubre, 2013","format":false,"excerpt":"Me encanta imaginar la habitaci\u00f3n de cada ni\u00f1o o ni\u00f1a que ya tiene su puerta del ratoncito P\u00e9rez, d\u00f3nde la habr\u00e1 colocado, si la mirar\u00e1n con asombro o si inventan historias sobre el ratoncito mientras no hay diente en vilo, o, mejor a\u00fan, la noche de la espera, y cuando\u2026","rel":"","context":"En \u00abPUERTAS RATONCITO P\u00c9REZ\u00bb","block_context":{"text":"PUERTAS RATONCITO P\u00c9REZ","link":"https:\/\/oui-oui.es\/blog\/category\/puertas-para-el-ratoncito-perez\/"},"img":{"alt_text":"","src":"https:\/\/i0.wp.com\/oui-oui.es\/blog\/wp-content\/uploads\/oui-oui-puerta-inglesa-mint-martc3adn.jpg?resize=350%2C200&ssl=1","width":350,"height":200,"srcset":"https:\/\/i0.wp.com\/oui-oui.es\/blog\/wp-content\/uploads\/oui-oui-puerta-inglesa-mint-martc3adn.jpg?resize=350%2C200&ssl=1 1x, https:\/\/i0.wp.com\/oui-oui.es\/blog\/wp-content\/uploads\/oui-oui-puerta-inglesa-mint-martc3adn.jpg?resize=525%2C300&ssl=1 1.5x"},"classes":[]},{"id":1470,"url":"https:\/\/oui-oui.es\/blog\/de-cumpleanos-en-la-oficina\/","url_meta":{"origin":937,"position":3},"title":"De cumplea\u00f1os en la oficina","author":"Mar\u00eda \u2665Oui Oui\u2665","date":"25 marzo, 2014","format":false,"excerpt":"Cuando eres peque\u00f1o y es tu cumplea\u00f1os llevas algo al cole; chuches para todos o quiz\u00e1s tambi\u00e9n tarta. \u00bfY cuando creces?\u00bfC\u00f3mo lo celebras en la oficina? \u00bfInvitando a un aburrido caf\u00e9 en el bar de siempre?. Hace un par de semanas, el d\u00eda antes de mi cumplea\u00f1os pens\u00e9 \u00bfy a\u2026","rel":"","context":"En \u00abFIESTAS y CELEBRACIONES\u00bb","block_context":{"text":"FIESTAS y CELEBRACIONES","link":"https:\/\/oui-oui.es\/blog\/category\/fiestas-celebraciones\/"},"img":{"alt_text":"","src":"https:\/\/i0.wp.com\/oui-oui.es\/blog\/wp-content\/uploads\/2014\/03\/oui-oui-stand-helados-con-toppings-2.jpg?resize=350%2C200&ssl=1","width":350,"height":200,"srcset":"https:\/\/i0.wp.com\/oui-oui.es\/blog\/wp-content\/uploads\/2014\/03\/oui-oui-stand-helados-con-toppings-2.jpg?resize=350%2C200&ssl=1 1x, https:\/\/i0.wp.com\/oui-oui.es\/blog\/wp-content\/uploads\/2014\/03\/oui-oui-stand-helados-con-toppings-2.jpg?resize=525%2C300&ssl=1 1.5x, https:\/\/i0.wp.com\/oui-oui.es\/blog\/wp-content\/uploads\/2014\/03\/oui-oui-stand-helados-con-toppings-2.jpg?resize=700%2C400&ssl=1 2x"},"classes":[]},{"id":10456,"url":"https:\/\/oui-oui.es\/blog\/como-organizar-la-nevera\/","url_meta":{"origin":937,"position":4},"title":"C\u00f3mo organizar la nevera","author":"Mar\u00eda \u2665Oui Oui\u2665","date":"9 abril, 2020","format":false,"excerpt":"Como muchas personas, una de las cosas que he aprovechado a hacer en este mes parado en casa ha sido a limpiar y organizar la casa, como, adem\u00e1s, la compra se ha multiplicado, el primer paso fue aprovechar para limpiar la nevera de arriba a abajo, justo antes de hacer\u2026","rel":"","context":"En \u00abCASA\u00bb","block_context":{"text":"CASA","link":"https:\/\/oui-oui.es\/blog\/category\/hogar-dulce-hogar\/"},"img":{"alt_text":"","src":"https:\/\/i0.wp.com\/oui-oui.es\/blog\/wp-content\/uploads\/2020\/04\/Oui-Oui-como-organizar-la-nevera-limpiar-nevera-frigorifico-Electrolux-scaled.jpg?resize=350%2C200&ssl=1","width":350,"height":200,"srcset":"https:\/\/i0.wp.com\/oui-oui.es\/blog\/wp-content\/uploads\/2020\/04\/Oui-Oui-como-organizar-la-nevera-limpiar-nevera-frigorifico-Electrolux-scaled.jpg?resize=350%2C200&ssl=1 1x, https:\/\/i0.wp.com\/oui-oui.es\/blog\/wp-content\/uploads\/2020\/04\/Oui-Oui-como-organizar-la-nevera-limpiar-nevera-frigorifico-Electrolux-scaled.jpg?resize=525%2C300&ssl=1 1.5x, https:\/\/i0.wp.com\/oui-oui.es\/blog\/wp-content\/uploads\/2020\/04\/Oui-Oui-como-organizar-la-nevera-limpiar-nevera-frigorifico-Electrolux-scaled.jpg?resize=700%2C400&ssl=1 2x, https:\/\/i0.wp.com\/oui-oui.es\/blog\/wp-content\/uploads\/2020\/04\/Oui-Oui-como-organizar-la-nevera-limpiar-nevera-frigorifico-Electrolux-scaled.jpg?resize=1050%2C600&ssl=1 3x, https:\/\/i0.wp.com\/oui-oui.es\/blog\/wp-content\/uploads\/2020\/04\/Oui-Oui-como-organizar-la-nevera-limpiar-nevera-frigorifico-Electrolux-scaled.jpg?resize=1400%2C800&ssl=1 4x"},"classes":[]},{"id":9138,"url":"https:\/\/oui-oui.es\/blog\/6-2-restaurantes-que-no-debes-perderte-en-el-barrio-de-las-letras\/","url_meta":{"origin":937,"position":5},"title":"6 + 2 restaurantes que no debes perderte en el Barrio de las Letras","author":"Mar\u00eda \u2665Oui Oui\u2665","date":"13 junio, 2018","format":false,"excerpt":"Los a\u00f1os ( y los ni\u00f1os) van pesando y se notan en algunas cosas...Como en las salidas. No puedo quejarme porque yo a\u00fan salgo bastante ( de hecho hoy tengo cena con amigas...je,je), pero tras este finde de DecorAcci\u00f3n si me di cuenta que notaba el cansancio acumulado. En las\u2026","rel":"","context":"En \u00abESTILO DE VIDA\u00bb","block_context":{"text":"ESTILO DE VIDA","link":"https:\/\/oui-oui.es\/blog\/category\/lifestyle-2\/"},"img":{"alt_text":"","src":"https:\/\/i0.wp.com\/oui-oui.es\/blog\/wp-content\/uploads\/2018\/06\/Oui-Oui-restaurantes-barrio-letras-restaurante-bistronomika-cocina-creativa-huertas.jpg?resize=350%2C200&ssl=1","width":350,"height":200,"srcset":"https:\/\/i0.wp.com\/oui-oui.es\/blog\/wp-content\/uploads\/2018\/06\/Oui-Oui-restaurantes-barrio-letras-restaurante-bistronomika-cocina-creativa-huertas.jpg?resize=350%2C200&ssl=1 1x, https:\/\/i0.wp.com\/oui-oui.es\/blog\/wp-content\/uploads\/2018\/06\/Oui-Oui-restaurantes-barrio-letras-restaurante-bistronomika-cocina-creativa-huertas.jpg?resize=525%2C300&ssl=1 1.5x, https:\/\/i0.wp.com\/oui-oui.es\/blog\/wp-content\/uploads\/2018\/06\/Oui-Oui-restaurantes-barrio-letras-restaurante-bistronomika-cocina-creativa-huertas.jpg?resize=700%2C400&ssl=1 2x"},"classes":[]}],"_links":{"self":[{"href":"https:\/\/oui-oui.es\/blog\/wp-json\/wp\/v2\/posts\/937","targetHints":{"allow":["GET"]}}],"collection":[{"href":"https:\/\/oui-oui.es\/blog\/wp-json\/wp\/v2\/posts"}],"about":[{"href":"https:\/\/oui-oui.es\/blog\/wp-json\/wp\/v2\/types\/post"}],"author":[{"embeddable":true,"href":"https:\/\/oui-oui.es\/blog\/wp-json\/wp\/v2\/users\/1"}],"replies":[{"embeddable":true,"href":"https:\/\/oui-oui.es\/blog\/wp-json\/wp\/v2\/comments?post=937"}],"version-history":[{"count":0,"href":"https:\/\/oui-oui.es\/blog\/wp-json\/wp\/v2\/posts\/937\/revisions"}],"wp:featuredmedia":[{"embeddable":true,"href":"https:\/\/oui-oui.es\/blog\/wp-json\/wp\/v2\/media\/944"}],"wp:attachment":[{"href":"https:\/\/oui-oui.es\/blog\/wp-json\/wp\/v2\/media?parent=937"}],"wp:term":[{"taxonomy":"category","embeddable":true,"href":"https:\/\/oui-oui.es\/blog\/wp-json\/wp\/v2\/categories?post=937"},{"taxonomy":"post_tag","embeddable":true,"href":"https:\/\/oui-oui.es\/blog\/wp-json\/wp\/v2\/tags?post=937"}],"curies":[{"name":"wp","href":"https:\/\/api.w.org\/{rel}","templated":true}]}}