{"id":9453,"date":"2018-11-27T15:03:03","date_gmt":"2018-11-27T13:03:03","guid":{"rendered":"https:\/\/oui-oui.es\/blog\/?p=9453"},"modified":"2018-11-27T15:03:03","modified_gmt":"2018-11-27T13:03:03","slug":"vuelve-kids-up","status":"publish","type":"post","link":"https:\/\/oui-oui.es\/blog\/vuelve-kids-up\/","title":{"rendered":"Vuelve Kids UP!"},"content":{"rendered":"<p>&nbsp;<\/p>\n<p><img loading=\"lazy\" decoding=\"async\" class=\"aligncenter size-large wp-image-9471\" src=\"https:\/\/oui-oui.es\/blog\/wp-content\/uploads\/2018\/11\/KidsUp-Square-1024x1018.jpg\" alt=\"\" width=\"1024\" height=\"1018\" srcset=\"https:\/\/oui-oui.es\/blog\/wp-content\/uploads\/2018\/11\/KidsUp-Square-1024x1018.jpg 1024w, https:\/\/oui-oui.es\/blog\/wp-content\/uploads\/2018\/11\/KidsUp-Square-150x150.jpg 150w, https:\/\/oui-oui.es\/blog\/wp-content\/uploads\/2018\/11\/KidsUp-Square-300x298.jpg 300w, https:\/\/oui-oui.es\/blog\/wp-content\/uploads\/2018\/11\/KidsUp-Square-768x764.jpg 768w, https:\/\/oui-oui.es\/blog\/wp-content\/uploads\/2018\/11\/KidsUp-Square-600x597.jpg 600w, https:\/\/oui-oui.es\/blog\/wp-content\/uploads\/2018\/11\/KidsUp-Square-640x636.jpg 640w, https:\/\/oui-oui.es\/blog\/wp-content\/uploads\/2018\/11\/KidsUp-Square.jpg 1080w\" sizes=\"auto, (max-width: 1024px) 100vw, 1024px\" \/><\/p>\n<p>Un a\u00f1o despu\u00e9s, ya vamos por la <strong>V Edici\u00f3n de Kids UP!<\/strong> y nos hace much\u00edsima ilusi\u00f3n a Elena y a m\u00ed, ya que, aunque en cada edici\u00f3n nos dejamos la piel y acabamos agotad\u00edsimas, al final nos va la marcha y volvemos a repetir, porque son un \u00e9xito, porque el feedback de marcas y clientas siempre es bueno y porque nos gusta mucho trabajar juntas.<\/p>\n<p>En esta edici\u00f3n, al estar m\u00e1s cerca de Navidad, hemos querido hacer un mix entre <em>juguetes<\/em> y ropa, para que encontr\u00e9s m\u00e1s ideas para regalar.<\/p>\n<p><a href=\"http:\/\/www.mymhandmade.com\/tienda\/\" target=\"_blank\" rel=\"noopener\"><strong>My M Handmade<\/strong><\/a> estar\u00e1 con sus <strong>prendas de punto para mu\u00f1ecos<\/strong> que son ideales, me ha hecho mucha ilusi\u00f3n encontrar un conjunto muy paecido a uno que llev\u00f3 F de beb\u00e9 \u00a1c\u00f3mo pasa el tiempo!, tienen jerseys, gorritos, culotes y hasta faldones para beb\u00e9s.<\/p>\n<p><img loading=\"lazy\" decoding=\"async\" class=\"aligncenter size-full wp-image-9457\" src=\"https:\/\/oui-oui.es\/blog\/wp-content\/uploads\/2018\/11\/Oui-Oui-Kids-up-showroom-my-m-handmade-ropa-punto-mu\u00f1ecas-ropa-a-medida-mu\u00f1ecas-fald\u00f3n-mu\u00f1eco.jpg\" alt=\"\" width=\"500\" height=\"500\" srcset=\"https:\/\/oui-oui.es\/blog\/wp-content\/uploads\/2018\/11\/Oui-Oui-Kids-up-showroom-my-m-handmade-ropa-punto-mu\u00f1ecas-ropa-a-medida-mu\u00f1ecas-fald\u00f3n-mu\u00f1eco.jpg 500w, https:\/\/oui-oui.es\/blog\/wp-content\/uploads\/2018\/11\/Oui-Oui-Kids-up-showroom-my-m-handmade-ropa-punto-mu\u00f1ecas-ropa-a-medida-mu\u00f1ecas-fald\u00f3n-mu\u00f1eco-150x150.jpg 150w, https:\/\/oui-oui.es\/blog\/wp-content\/uploads\/2018\/11\/Oui-Oui-Kids-up-showroom-my-m-handmade-ropa-punto-mu\u00f1ecas-ropa-a-medida-mu\u00f1ecas-fald\u00f3n-mu\u00f1eco-300x300.jpg 300w\" sizes=\"auto, (max-width: 500px) 100vw, 500px\" \/><\/p>\n<p><img loading=\"lazy\" decoding=\"async\" class=\"aligncenter size-full wp-image-9458\" src=\"https:\/\/oui-oui.es\/blog\/wp-content\/uploads\/2018\/11\/Oui-Oui-Kids-up-showroom-my-m-handmade-ropa-punto-mu\u00f1ecas-ropa-a-medida-mu\u00f1ecas-fald\u00f3n-mu\u00f1eco-kit-ranita.jpg\" alt=\"\" width=\"500\" height=\"500\" srcset=\"https:\/\/oui-oui.es\/blog\/wp-content\/uploads\/2018\/11\/Oui-Oui-Kids-up-showroom-my-m-handmade-ropa-punto-mu\u00f1ecas-ropa-a-medida-mu\u00f1ecas-fald\u00f3n-mu\u00f1eco-kit-ranita.jpg 500w, https:\/\/oui-oui.es\/blog\/wp-content\/uploads\/2018\/11\/Oui-Oui-Kids-up-showroom-my-m-handmade-ropa-punto-mu\u00f1ecas-ropa-a-medida-mu\u00f1ecas-fald\u00f3n-mu\u00f1eco-kit-ranita-150x150.jpg 150w, https:\/\/oui-oui.es\/blog\/wp-content\/uploads\/2018\/11\/Oui-Oui-Kids-up-showroom-my-m-handmade-ropa-punto-mu\u00f1ecas-ropa-a-medida-mu\u00f1ecas-fald\u00f3n-mu\u00f1eco-kit-ranita-300x300.jpg 300w\" sizes=\"auto, (max-width: 500px) 100vw, 500px\" \/><\/p>\n<p>&nbsp;<\/p>\n<p>Otro regalo muy original que encontrar\u00e9is ser\u00e1n las <strong>pelis de dibujos personalizadas de <a href=\"https:\/\/mufubufu.com\/\" target=\"_blank\" rel=\"noopener\">Mufubuzu<\/a><\/strong>, yo las tengo de M y F, y no sab\u00e9is la ilusi\u00f3n que les hizo recibirlas, en una caja llena de sorpresas para ellos, con recortables, dibujos para colorear, entradas de cine para su peli y hasta bolsas de palomitas. All\u00ed podr\u00e9is ver en directo c\u00f3mo son, la historia tan bonita que hay detr\u00e1s y , adem\u00e1s \u00a1las hacen tambi\u00e9n para mayores!<\/p>\n<p><img loading=\"lazy\" decoding=\"async\" class=\"aligncenter size-large wp-image-9462\" src=\"https:\/\/oui-oui.es\/blog\/wp-content\/uploads\/2018\/11\/Oui-Oui-Kids-up-showroom-mufubufu-pelicula-dibujos-animados-personalizada-ni\u00f1os-1024x1024.jpg\" alt=\"\" width=\"1024\" height=\"1024\" srcset=\"https:\/\/oui-oui.es\/blog\/wp-content\/uploads\/2018\/11\/Oui-Oui-Kids-up-showroom-mufubufu-pelicula-dibujos-animados-personalizada-ni\u00f1os-1024x1024.jpg 1024w, https:\/\/oui-oui.es\/blog\/wp-content\/uploads\/2018\/11\/Oui-Oui-Kids-up-showroom-mufubufu-pelicula-dibujos-animados-personalizada-ni\u00f1os-150x150.jpg 150w, https:\/\/oui-oui.es\/blog\/wp-content\/uploads\/2018\/11\/Oui-Oui-Kids-up-showroom-mufubufu-pelicula-dibujos-animados-personalizada-ni\u00f1os-300x300.jpg 300w, https:\/\/oui-oui.es\/blog\/wp-content\/uploads\/2018\/11\/Oui-Oui-Kids-up-showroom-mufubufu-pelicula-dibujos-animados-personalizada-ni\u00f1os-768x768.jpg 768w, https:\/\/oui-oui.es\/blog\/wp-content\/uploads\/2018\/11\/Oui-Oui-Kids-up-showroom-mufubufu-pelicula-dibujos-animados-personalizada-ni\u00f1os-600x600.jpg 600w, https:\/\/oui-oui.es\/blog\/wp-content\/uploads\/2018\/11\/Oui-Oui-Kids-up-showroom-mufubufu-pelicula-dibujos-animados-personalizada-ni\u00f1os-640x640.jpg 640w, https:\/\/oui-oui.es\/blog\/wp-content\/uploads\/2018\/11\/Oui-Oui-Kids-up-showroom-mufubufu-pelicula-dibujos-animados-personalizada-ni\u00f1os.jpg 1080w\" sizes=\"auto, (max-width: 1024px) 100vw, 1024px\" \/><\/p>\n<p>Por supuesto estar\u00e9 yo con todos los regalitos de <strong>Oui Oui<\/strong>; las <strong>maletas de Olli Ella<\/strong>,<strong> los carritos de mimbre<\/strong>, las cestas para el patinete, los flecos para el patinete, unas nuevas cestas de almacenaje que os van a encantar, tazas, bolsas, papeler\u00eda&#8230;Y tambi\u00e9n con los productos de <a href=\"https:\/\/contrompaycarton.bigcartel.com\/\" target=\"_blank\" rel=\"noopener\"><strong>Con trompa y cart\u00f3n<\/strong><\/a>, productos que sigo desde hace tiempo y me encantan, por el mimo de sus ilustraciones y por la autonom\u00eda que fomentan varios de ellos \u00a1estoy deseando ense\u00f1\u00e1roslos!, desde los <strong>Memory<\/strong> (uno de mis juegos favoritos de peque\u00f1a) hasta los <strong>cuadernos para apuntar las frases de nuestros ni\u00f1os. <\/strong><\/p>\n<p><a href=\"https:\/\/www.oui-oui.es\/\"><img loading=\"lazy\" decoding=\"async\" class=\"aligncenter size-full wp-image-9463\" src=\"https:\/\/oui-oui.es\/blog\/wp-content\/uploads\/2018\/11\/Oui-Oui-caja-plegable-fruta-mona-colores-pastel-vainilla-eef-lillemor-opvouwbare-krat-vouwkrat-folding-crates-little.png\" alt=\"\" width=\"421\" height=\"480\" srcset=\"https:\/\/oui-oui.es\/blog\/wp-content\/uploads\/2018\/11\/Oui-Oui-caja-plegable-fruta-mona-colores-pastel-vainilla-eef-lillemor-opvouwbare-krat-vouwkrat-folding-crates-little.png 421w, https:\/\/oui-oui.es\/blog\/wp-content\/uploads\/2018\/11\/Oui-Oui-caja-plegable-fruta-mona-colores-pastel-vainilla-eef-lillemor-opvouwbare-krat-vouwkrat-folding-crates-little-263x300.png 263w\" sizes=\"auto, (max-width: 421px) 100vw, 421px\" \/><\/a><\/p>\n<p><img loading=\"lazy\" decoding=\"async\" class=\"aligncenter size-full wp-image-9464\" src=\"https:\/\/oui-oui.es\/blog\/wp-content\/uploads\/2018\/11\/Oui-Oui-kids-up-chowroom-con-trompa-y-cart\u00f3n-cuaderno-chascarrillos-cuaderno-frases-ni\u00f1os.jpg\" alt=\"\" width=\"591\" height=\"591\" srcset=\"https:\/\/oui-oui.es\/blog\/wp-content\/uploads\/2018\/11\/Oui-Oui-kids-up-chowroom-con-trompa-y-cart\u00f3n-cuaderno-chascarrillos-cuaderno-frases-ni\u00f1os.jpg 591w, https:\/\/oui-oui.es\/blog\/wp-content\/uploads\/2018\/11\/Oui-Oui-kids-up-chowroom-con-trompa-y-cart\u00f3n-cuaderno-chascarrillos-cuaderno-frases-ni\u00f1os-150x150.jpg 150w, https:\/\/oui-oui.es\/blog\/wp-content\/uploads\/2018\/11\/Oui-Oui-kids-up-chowroom-con-trompa-y-cart\u00f3n-cuaderno-chascarrillos-cuaderno-frases-ni\u00f1os-300x300.jpg 300w\" sizes=\"auto, (max-width: 591px) 100vw, 591px\" \/><\/p>\n<p><img loading=\"lazy\" decoding=\"async\" class=\"aligncenter size-large wp-image-9465\" src=\"https:\/\/oui-oui.es\/blog\/wp-content\/uploads\/2018\/11\/Oui-Oui-kids-up-showroom-con-trompa-ycart\u00f3n-bloc-rutinas-ni\u00f1os.jpg\" alt=\"\" width=\"998\" height=\"974\" srcset=\"https:\/\/oui-oui.es\/blog\/wp-content\/uploads\/2018\/11\/Oui-Oui-kids-up-showroom-con-trompa-ycart\u00f3n-bloc-rutinas-ni\u00f1os.jpg 998w, https:\/\/oui-oui.es\/blog\/wp-content\/uploads\/2018\/11\/Oui-Oui-kids-up-showroom-con-trompa-ycart\u00f3n-bloc-rutinas-ni\u00f1os-300x293.jpg 300w, https:\/\/oui-oui.es\/blog\/wp-content\/uploads\/2018\/11\/Oui-Oui-kids-up-showroom-con-trompa-ycart\u00f3n-bloc-rutinas-ni\u00f1os-768x750.jpg 768w, https:\/\/oui-oui.es\/blog\/wp-content\/uploads\/2018\/11\/Oui-Oui-kids-up-showroom-con-trompa-ycart\u00f3n-bloc-rutinas-ni\u00f1os-600x586.jpg 600w, https:\/\/oui-oui.es\/blog\/wp-content\/uploads\/2018\/11\/Oui-Oui-kids-up-showroom-con-trompa-ycart\u00f3n-bloc-rutinas-ni\u00f1os-640x625.jpg 640w\" sizes=\"auto, (max-width: 998px) 100vw, 998px\" \/><\/p>\n<p>Bueno y, por supuesto! tambi\u00e9n tendremos las <a href=\"https:\/\/www.oui-oui.es\/29-puertas-ratoncito-perez\" target=\"_blank\" rel=\"noopener\"><strong>puertas del ratoncito P\u00e9rez<\/strong><\/a> listas para llevar!!<\/p>\n<p><img loading=\"lazy\" decoding=\"async\" class=\"aligncenter size-full wp-image-9466\" src=\"https:\/\/oui-oui.es\/blog\/wp-content\/uploads\/2018\/11\/Oui-Oui-puertas-ratoncito-P\u00e9rez-Foto-Silvia-Buj\u00e1n-Nalua-Dulce-3.jpg\" alt=\"\" width=\"1021\" height=\"680\" srcset=\"https:\/\/oui-oui.es\/blog\/wp-content\/uploads\/2018\/11\/Oui-Oui-puertas-ratoncito-P\u00e9rez-Foto-Silvia-Buj\u00e1n-Nalua-Dulce-3.jpg 1021w, https:\/\/oui-oui.es\/blog\/wp-content\/uploads\/2018\/11\/Oui-Oui-puertas-ratoncito-P\u00e9rez-Foto-Silvia-Buj\u00e1n-Nalua-Dulce-3-300x200.jpg 300w, https:\/\/oui-oui.es\/blog\/wp-content\/uploads\/2018\/11\/Oui-Oui-puertas-ratoncito-P\u00e9rez-Foto-Silvia-Buj\u00e1n-Nalua-Dulce-3-768x511.jpg 768w, https:\/\/oui-oui.es\/blog\/wp-content\/uploads\/2018\/11\/Oui-Oui-puertas-ratoncito-P\u00e9rez-Foto-Silvia-Buj\u00e1n-Nalua-Dulce-3-600x400.jpg 600w, https:\/\/oui-oui.es\/blog\/wp-content\/uploads\/2018\/11\/Oui-Oui-puertas-ratoncito-P\u00e9rez-Foto-Silvia-Buj\u00e1n-Nalua-Dulce-3-640x426.jpg 640w\" sizes=\"auto, (max-width: 1021px) 100vw, 1021px\" \/><\/p>\n<p>En la secci\u00f3n de moda infantil no pod\u00edan fallar las chicas de <a href=\"https:\/\/www.alasderayas.com\/\" target=\"_blank\" rel=\"noopener\"><strong>Alas de Rayas<\/strong><\/a>, con sus <strong>jerseys de rayas y los de grecas que son mis favoritos para invierno<\/strong>&#8230;Te costar\u00e1 elegir el color!, adem\u00e1s, siempre traen ropa de marcas coreanas con estilazo para combinar.<\/p>\n<p><img loading=\"lazy\" decoding=\"async\" class=\"aligncenter size-large wp-image-9456\" src=\"https:\/\/oui-oui.es\/blog\/wp-content\/uploads\/2018\/11\/Oui-Oui-Kids-up-showroom-alas-de-rayas-jerseys-rayas-ni\u00f1os-jersey-rayas-mostaza-1024x683.jpg\" alt=\"\" width=\"1024\" height=\"683\" srcset=\"https:\/\/oui-oui.es\/blog\/wp-content\/uploads\/2018\/11\/Oui-Oui-Kids-up-showroom-alas-de-rayas-jerseys-rayas-ni\u00f1os-jersey-rayas-mostaza.jpg 1024w, https:\/\/oui-oui.es\/blog\/wp-content\/uploads\/2018\/11\/Oui-Oui-Kids-up-showroom-alas-de-rayas-jerseys-rayas-ni\u00f1os-jersey-rayas-mostaza-300x200.jpg 300w, https:\/\/oui-oui.es\/blog\/wp-content\/uploads\/2018\/11\/Oui-Oui-Kids-up-showroom-alas-de-rayas-jerseys-rayas-ni\u00f1os-jersey-rayas-mostaza-768x512.jpg 768w, https:\/\/oui-oui.es\/blog\/wp-content\/uploads\/2018\/11\/Oui-Oui-Kids-up-showroom-alas-de-rayas-jerseys-rayas-ni\u00f1os-jersey-rayas-mostaza-600x400.jpg 600w, https:\/\/oui-oui.es\/blog\/wp-content\/uploads\/2018\/11\/Oui-Oui-Kids-up-showroom-alas-de-rayas-jerseys-rayas-ni\u00f1os-jersey-rayas-mostaza-640x427.jpg 640w\" sizes=\"auto, (max-width: 1024px) 100vw, 1024px\" \/><\/p>\n<p><img loading=\"lazy\" decoding=\"async\" class=\"aligncenter size-full wp-image-9455\" src=\"https:\/\/oui-oui.es\/blog\/wp-content\/uploads\/2018\/11\/Oui-Oui-Kids-up-showroom-alas-de-rayas-jerseys-grecas-ni\u00f1os-jersey-grecas-mostaza.jpg\" alt=\"\" width=\"320\" height=\"320\" srcset=\"https:\/\/oui-oui.es\/blog\/wp-content\/uploads\/2018\/11\/Oui-Oui-Kids-up-showroom-alas-de-rayas-jerseys-grecas-ni\u00f1os-jersey-grecas-mostaza.jpg 320w, https:\/\/oui-oui.es\/blog\/wp-content\/uploads\/2018\/11\/Oui-Oui-Kids-up-showroom-alas-de-rayas-jerseys-grecas-ni\u00f1os-jersey-grecas-mostaza-150x150.jpg 150w, https:\/\/oui-oui.es\/blog\/wp-content\/uploads\/2018\/11\/Oui-Oui-Kids-up-showroom-alas-de-rayas-jerseys-grecas-ni\u00f1os-jersey-grecas-mostaza-300x300.jpg 300w\" sizes=\"auto, (max-width: 320px) 100vw, 320px\" \/><\/p>\n<p>De <a href=\"https:\/\/www.minimushop.com\/\" target=\"_blank\" rel=\"noopener\"><strong>Mimimus Kids<\/strong><\/a> me chiflaron sus <strong>sudaderas con capuchas de pelo<\/strong>, que son por encargo, pero que podr\u00e9is ver in situ para haceros una idea, tambi\u00e9n su <strong>cuello con lazo de Liberty<\/strong>, los abrigos y losvestidos \u00a1ten\u00e9is que verlo en directo!<\/p>\n<p><img loading=\"lazy\" decoding=\"async\" class=\"aligncenter size-full wp-image-9459\" src=\"https:\/\/oui-oui.es\/blog\/wp-content\/uploads\/2018\/11\/Oui-Oui-MINIMUS-KIDS-KIDS-UP-SHOWROOM-Sudadera-capucha-pelo-conejo-ni\u00f1os.jpg\" alt=\"\" width=\"667\" height=\"1000\" srcset=\"https:\/\/oui-oui.es\/blog\/wp-content\/uploads\/2018\/11\/Oui-Oui-MINIMUS-KIDS-KIDS-UP-SHOWROOM-Sudadera-capucha-pelo-conejo-ni\u00f1os.jpg 667w, https:\/\/oui-oui.es\/blog\/wp-content\/uploads\/2018\/11\/Oui-Oui-MINIMUS-KIDS-KIDS-UP-SHOWROOM-Sudadera-capucha-pelo-conejo-ni\u00f1os-200x300.jpg 200w, https:\/\/oui-oui.es\/blog\/wp-content\/uploads\/2018\/11\/Oui-Oui-MINIMUS-KIDS-KIDS-UP-SHOWROOM-Sudadera-capucha-pelo-conejo-ni\u00f1os-600x900.jpg 600w, https:\/\/oui-oui.es\/blog\/wp-content\/uploads\/2018\/11\/Oui-Oui-MINIMUS-KIDS-KIDS-UP-SHOWROOM-Sudadera-capucha-pelo-conejo-ni\u00f1os-640x960.jpg 640w\" sizes=\"auto, (max-width: 667px) 100vw, 667px\" \/><\/p>\n<style>.eic-frame-9461 { width: 500px; height:500px; background-color: #444444; border: 1px solid #444444; }.eic-frame-9461 .eic-image { border: 1px solid #444444; }<\/style><div class=\"eic-container\"><div class=\"eic-frame eic-frame-9461 eic-frame-2-col\" data-layout-name=\"2-col\" data-orig-width=\"500\" data-orig-border=\"1\" data-ratio=\"1\"><div class=\"eic-cols\"><div class=\"eic-col eic-child-1\" style=\"top: 0; bottom: 0; left: 0; right: 50%; width: 50%;\"><div class=\"eic-image eic-image-0\" data-size-x=\"333.5\" data-size-y=\"500\" data-pos-x=\"-54\" data-pos-y=\"-4\"><img decoding=\"async\" src=\"https:\/\/oui-oui.es\/blog\/wp-content\/uploads\/2018\/11\/Oui-Oui-cuello-pelo-con-lazo-libety-para-ni\u00f1as-MINIMUS-KIDS-KIDS-UP-SHOWROOM-600x900.jpg\" style=\"width: 333px !important;height: 500px !important;max-width: none !important;max-height: none !important;position: absolute !important;left: -54px !important;top: -4px !important;padding: 0 !important;margin: 0 !important;border: none !important;\" title=\"Oui Oui-cuello pelo con lazo libety para ni\u00f1as-MINIMUS KIDS-KIDS UP SHOWROOM\" alt=\"Oui Oui-cuello pelo con lazo libety para ni\u00f1as-MINIMUS KIDS-KIDS UP SHOWROOM\" \/><\/div><\/div><div class=\"eic-col eic-child-2\" style=\"top: 0; bottom: 0; right: 0; left: 50%; width: 50%;\"><div class=\"eic-image eic-image-1\" data-size-x=\"333.5\" data-size-y=\"500\" data-pos-x=\"-41.25\" data-pos-y=\"0\"><img decoding=\"async\" src=\"https:\/\/oui-oui.es\/blog\/wp-content\/uploads\/2018\/11\/Oui-Oui-MINIMUS-KIDS-KIDS-UP-SHOWROOM-Vestido-renata-con-cuello-azul\u00f3n-600x900.jpg\" style=\"width: 333px !important;height: 500px !important;max-width: none !important;max-height: none !important;position: absolute !important;left: -41.25px !important;top: 0px !important;padding: 0 !important;margin: 0 !important;border: none !important;\" title=\"Oui Oui-MINIMUS KIDS-KIDS UP SHOWROOM-Vestido renata con cuello azul\u00f3n\" alt=\"Oui Oui-MINIMUS KIDS-KIDS UP SHOWROOM-Vestido renata con cuello azul\u00f3n\" \/><\/div><\/div><\/div><\/div><\/div>\n<p>Y otra de las marcas nuevas que tendremos ser\u00e1 <a href=\"https:\/\/www.marogua.com\/\" target=\"_blank\" rel=\"noopener\"><strong>Marogua Petit<\/strong><\/a>, ropa para ni\u00f1os desde 3 meses hasta 6 a\u00f1os fabricada especialmente para t\u00ed, cuidando cada detalle. Me encantan los petos y jerseys de ni\u00f1o as\u00ed como todo el punto de beb\u00e9.<\/p>\n<p><img loading=\"lazy\" decoding=\"async\" class=\"aligncenter size-full wp-image-9467\" src=\"https:\/\/oui-oui.es\/blog\/wp-content\/uploads\/2018\/11\/Oui-Oui-Kids-up-showroom-marogua-petit-marogua-kids.jpg\" alt=\"\" width=\"598\" height=\"531\" srcset=\"https:\/\/oui-oui.es\/blog\/wp-content\/uploads\/2018\/11\/Oui-Oui-Kids-up-showroom-marogua-petit-marogua-kids.jpg 598w, https:\/\/oui-oui.es\/blog\/wp-content\/uploads\/2018\/11\/Oui-Oui-Kids-up-showroom-marogua-petit-marogua-kids-300x266.jpg 300w\" sizes=\"auto, (max-width: 598px) 100vw, 598px\" \/><\/p>\n<p>&nbsp;<\/p>\n<p>No os pod\u00e9is perder el c\u00f3rner de <a href=\"http:\/\/elenabau.es\/\" target=\"_blank\" rel=\"noopener\"><strong>Elena Bau<\/strong><\/a> en el que habr\u00e1 una sorpresa navide\u00f1a&#8230;<\/p>\n<p><a href=\"https:\/\/www.oui-oui.es\/casa-decoracion-con-estilo-oui-oui\/1399-ciervo-decorativo.html\"><img loading=\"lazy\" decoding=\"async\" class=\"aligncenter size-full wp-image-9469\" src=\"https:\/\/oui-oui.es\/blog\/wp-content\/uploads\/2018\/11\/Oui-Oui-kids-up-showroom-ciervo-decorativo-elena-bau-navidad.jpg\" alt=\"\" width=\"685\" height=\"457\" srcset=\"https:\/\/oui-oui.es\/blog\/wp-content\/uploads\/2018\/11\/Oui-Oui-kids-up-showroom-ciervo-decorativo-elena-bau-navidad.jpg 685w, https:\/\/oui-oui.es\/blog\/wp-content\/uploads\/2018\/11\/Oui-Oui-kids-up-showroom-ciervo-decorativo-elena-bau-navidad-300x200.jpg 300w, https:\/\/oui-oui.es\/blog\/wp-content\/uploads\/2018\/11\/Oui-Oui-kids-up-showroom-ciervo-decorativo-elena-bau-navidad-600x400.jpg 600w, https:\/\/oui-oui.es\/blog\/wp-content\/uploads\/2018\/11\/Oui-Oui-kids-up-showroom-ciervo-decorativo-elena-bau-navidad-640x427.jpg 640w\" sizes=\"auto, (max-width: 685px) 100vw, 685px\" \/><\/a><\/p>\n<p>Y, por supuesto, contaremos e\u00a1con el c\u00f3rner de actividades para ni\u00f1os a la entrada, de esta forma ellos se podr\u00e1n quedar tranquilos jugando y haciendo manueliades mientras las madres y padres d\u00e1is una vuelta. A cargo estar\u00e1 <a href=\"https:\/\/www.lacajadearenaeventos.com\/\" target=\"_blank\" rel=\"noopener\"><strong>La Caja de Arena Eventos<\/strong><\/a>, expertos en organizar cumples para ni\u00f1os.<\/p>\n<p><img loading=\"lazy\" decoding=\"async\" class=\"aligncenter size-large wp-image-9468\" src=\"https:\/\/oui-oui.es\/blog\/wp-content\/uploads\/2018\/11\/Oui-Oui-la-caja-de-arena-eventos-fiestas-dinosaurios-1024x763.jpg\" alt=\"\" width=\"1024\" height=\"763\" srcset=\"https:\/\/oui-oui.es\/blog\/wp-content\/uploads\/2018\/11\/Oui-Oui-la-caja-de-arena-eventos-fiestas-dinosaurios-1024x763.jpg 1024w, https:\/\/oui-oui.es\/blog\/wp-content\/uploads\/2018\/11\/Oui-Oui-la-caja-de-arena-eventos-fiestas-dinosaurios-300x224.jpg 300w, https:\/\/oui-oui.es\/blog\/wp-content\/uploads\/2018\/11\/Oui-Oui-la-caja-de-arena-eventos-fiestas-dinosaurios-768x572.jpg 768w, https:\/\/oui-oui.es\/blog\/wp-content\/uploads\/2018\/11\/Oui-Oui-la-caja-de-arena-eventos-fiestas-dinosaurios-600x447.jpg 600w, https:\/\/oui-oui.es\/blog\/wp-content\/uploads\/2018\/11\/Oui-Oui-la-caja-de-arena-eventos-fiestas-dinosaurios-640x477.jpg 640w\" sizes=\"auto, (max-width: 1024px) 100vw, 1024px\" \/><\/p>\n<p>Os esperamos todo el fin de semana en el siguiente horario y direcci\u00f3n:<\/p>\n<p><strong>Kids UP!<\/strong><\/p>\n<p>C\/Apodaca, 16. Madrid. Metro Tribunal.<\/p>\n<p>Viernes 17-21h<\/p>\n<p>S\u00e1bado 11-21h<\/p>\n<p>Domingo 11-18h<\/p>\n<p>&nbsp;<\/p>\n","protected":false},"excerpt":{"rendered":"<p>&nbsp; Un a\u00f1o despu\u00e9s, ya vamos por la V Edici\u00f3n de Kids UP! y nos hace much\u00edsima ilusi\u00f3n a Elena y a m\u00ed, ya que, aunque en cada edici\u00f3n nos dejamos la piel y acabamos agotad\u00edsimas, al final nos va la marcha y volvemos a repetir, porque son un \u00e9xito, porque el feedback de marcas [&hellip;]<\/p>\n","protected":false},"author":1,"featured_media":9471,"comment_status":"open","ping_status":"open","sticky":false,"template":"","format":"standard","meta":{"jetpack_post_was_ever_published":false,"_jetpack_newsletter_access":"","_jetpack_dont_email_post_to_subs":false,"_jetpack_newsletter_tier_id":0,"_jetpack_memberships_contains_paywalled_content":false,"_jetpack_memberships_contains_paid_content":false,"footnotes":"","jetpack_publicize_message":"","jetpack_publicize_feature_enabled":true,"jetpack_social_post_already_shared":true,"jetpack_social_options":{"image_generator_settings":{"template":"highway","default_image_id":0,"font":"","enabled":false},"version":2}},"categories":[174,13],"tags":[828,774,545],"class_list":["post-9453","post","type-post","status-publish","format-standard","has-post-thumbnail","hentry","category-ninos","category-oui-oui","tag-compras-ninos","tag-juegos-y-juguetes","tag-pop-ups-oui-oui"],"aioseo_notices":[],"jetpack_publicize_connections":[],"jetpack_featured_media_url":"https:\/\/oui-oui.es\/blog\/wp-content\/uploads\/2018\/11\/KidsUp-Square.jpg","jetpack_sharing_enabled":true,"jetpack-related-posts":[{"id":8876,"url":"https:\/\/oui-oui.es\/blog\/iii-kids-up-edicion-primavera\/","url_meta":{"origin":9453,"position":0},"title":"III Kids UP! | Edici\u00f3n Primavera","author":"Mar\u00eda \u2665Oui Oui\u2665","date":"5 marzo, 2018","format":false,"excerpt":"Recuerdo cuando habl\u00e1bamos de organizar una venta especial de moda y productos infantiles porque no encontr\u00e1bamos nada que nos encajara...Y, de repente...Vamos a organizar la III Edici\u00f3n de Kids UP! Como ya os cont\u00e9 en la primera edici\u00f3n, se trata de juntar marcas del mundo infantil que me gustan, no\u2026","rel":"","context":"En \u00abNI\u00d1OS Y NI\u00d1AS\u00bb","block_context":{"text":"NI\u00d1OS Y NI\u00d1AS","link":"https:\/\/oui-oui.es\/blog\/category\/ninos\/"},"img":{"alt_text":"","src":"https:\/\/i0.wp.com\/oui-oui.es\/blog\/wp-content\/uploads\/2018\/03\/Flyer-Kids-UP-Primavera-2018-Cuadrada.jpg?resize=350%2C200&ssl=1","width":350,"height":200,"srcset":"https:\/\/i0.wp.com\/oui-oui.es\/blog\/wp-content\/uploads\/2018\/03\/Flyer-Kids-UP-Primavera-2018-Cuadrada.jpg?resize=350%2C200&ssl=1 1x, https:\/\/i0.wp.com\/oui-oui.es\/blog\/wp-content\/uploads\/2018\/03\/Flyer-Kids-UP-Primavera-2018-Cuadrada.jpg?resize=525%2C300&ssl=1 1.5x, https:\/\/i0.wp.com\/oui-oui.es\/blog\/wp-content\/uploads\/2018\/03\/Flyer-Kids-UP-Primavera-2018-Cuadrada.jpg?resize=700%2C400&ssl=1 2x, https:\/\/i0.wp.com\/oui-oui.es\/blog\/wp-content\/uploads\/2018\/03\/Flyer-Kids-UP-Primavera-2018-Cuadrada.jpg?resize=1050%2C600&ssl=1 3x, https:\/\/i0.wp.com\/oui-oui.es\/blog\/wp-content\/uploads\/2018\/03\/Flyer-Kids-UP-Primavera-2018-Cuadrada.jpg?resize=1400%2C800&ssl=1 4x"},"classes":[]},{"id":4481,"url":"https:\/\/oui-oui.es\/blog\/como-recoger-los-juguetes-y-que-quede-mono\/","url_meta":{"origin":9453,"position":1},"title":"C\u00f3mo recoger los juguetes y que quede mono","author":"Mar\u00eda \u2665Oui Oui\u2665","date":"14 junio, 2016","format":false,"excerpt":"Las tenemos desde el a\u00f1o pasado en la tienda y resulta que no os las hab\u00eda presentado a\u00fan en el blog...Las alfombras recoge juguetes que han arrasado este finde en DecorAcci\u00f3n! Se trata de una bolsa para recoger y guardar juguetes, realizada en algod\u00f3n 100% muy resistente y con preciosos\u2026","rel":"","context":"En \u00abNI\u00d1OS Y NI\u00d1AS\u00bb","block_context":{"text":"NI\u00d1OS Y NI\u00d1AS","link":"https:\/\/oui-oui.es\/blog\/category\/ninos\/"},"img":{"alt_text":"","src":"https:\/\/oui-oui.es\/blog\/wp-content\/uploads\/2016\/06\/Oui-Oui-bolsa-alfombra-de-juego-play-nad-go-osos-panda-eef-lillemor.jpe","width":350,"height":200,"srcset":"https:\/\/oui-oui.es\/blog\/wp-content\/uploads\/2016\/06\/Oui-Oui-bolsa-alfombra-de-juego-play-nad-go-osos-panda-eef-lillemor.jpe 1x, https:\/\/oui-oui.es\/blog\/wp-content\/uploads\/2016\/06\/Oui-Oui-bolsa-alfombra-de-juego-play-nad-go-osos-panda-eef-lillemor.jpe 1.5x, https:\/\/oui-oui.es\/blog\/wp-content\/uploads\/2016\/06\/Oui-Oui-bolsa-alfombra-de-juego-play-nad-go-osos-panda-eef-lillemor.jpe 2x"},"classes":[]},{"id":8647,"url":"https:\/\/oui-oui.es\/blog\/kids-up-venta-efimera-para-ninos-con-estilo\/","url_meta":{"origin":9453,"position":2},"title":"Kids UP | Venta ef\u00edmera para ni\u00f1os con estilo","author":"Mar\u00eda \u2665Oui Oui\u2665","date":"18 octubre, 2017","format":false,"excerpt":"Llevo 4 a\u00f1os participando en pop ups, ventas especiales, mercadillos varios, etc... Y, desde hace un tiempo ven\u00eda notando que faltaba algo, especialmente en lo que a ni\u00f1os se refiere, no s\u00f3lo en decoraci\u00f3n y regalos para ni\u00f1os (la secci\u00f3n de Oui Oui), sino en la selecci\u00f3n de marcas, en\u2026","rel":"","context":"En \u00abNI\u00d1OS Y NI\u00d1AS\u00bb","block_context":{"text":"NI\u00d1OS Y NI\u00d1AS","link":"https:\/\/oui-oui.es\/blog\/category\/ninos\/"},"img":{"alt_text":"","src":"https:\/\/i0.wp.com\/oui-oui.es\/blog\/wp-content\/uploads\/2017\/10\/kidsup-instagram-1.1-oui-oui-2.jpg?resize=350%2C200&ssl=1","width":350,"height":200,"srcset":"https:\/\/i0.wp.com\/oui-oui.es\/blog\/wp-content\/uploads\/2017\/10\/kidsup-instagram-1.1-oui-oui-2.jpg?resize=350%2C200&ssl=1 1x, https:\/\/i0.wp.com\/oui-oui.es\/blog\/wp-content\/uploads\/2017\/10\/kidsup-instagram-1.1-oui-oui-2.jpg?resize=525%2C300&ssl=1 1.5x, https:\/\/i0.wp.com\/oui-oui.es\/blog\/wp-content\/uploads\/2017\/10\/kidsup-instagram-1.1-oui-oui-2.jpg?resize=700%2C400&ssl=1 2x, https:\/\/i0.wp.com\/oui-oui.es\/blog\/wp-content\/uploads\/2017\/10\/kidsup-instagram-1.1-oui-oui-2.jpg?resize=1050%2C600&ssl=1 3x, https:\/\/i0.wp.com\/oui-oui.es\/blog\/wp-content\/uploads\/2017\/10\/kidsup-instagram-1.1-oui-oui-2.jpg?resize=1400%2C800&ssl=1 4x"},"classes":[]},{"id":1704,"url":"https:\/\/oui-oui.es\/blog\/quien-es-sophie\/","url_meta":{"origin":9453,"position":3},"title":"\u00bfQui\u00e9n es Sophie?","author":"Mar\u00eda \u2665Oui Oui\u2665","date":"17 noviembre, 2014","format":false,"excerpt":"Uno de los primeros regalos de Reyes de Mart\u00edn fue la jirafa Sophie, desde que estaba embarazada ten\u00eda ganas de que la tuviera y, una vez que la probamos, quise taerla a Oui Oui. Si a\u00fan no sabes qui\u00e9n es...te lo cuento! Es uno de los regalos para beb\u00e9s m\u00e1s\u2026","rel":"","context":"En \u00abMATERNIDAD\u00bb","block_context":{"text":"MATERNIDAD","link":"https:\/\/oui-oui.es\/blog\/category\/maternidad\/"},"img":{"alt_text":"","src":"https:\/\/i0.wp.com\/oui-oui.es\/blog\/wp-content\/uploads\/2014\/11\/oui-oui-jirafa-sophie-mordedor-de-moda-regalos-bebe-cool.jpg?resize=350%2C200&ssl=1","width":350,"height":200,"srcset":"https:\/\/i0.wp.com\/oui-oui.es\/blog\/wp-content\/uploads\/2014\/11\/oui-oui-jirafa-sophie-mordedor-de-moda-regalos-bebe-cool.jpg?resize=350%2C200&ssl=1 1x, https:\/\/i0.wp.com\/oui-oui.es\/blog\/wp-content\/uploads\/2014\/11\/oui-oui-jirafa-sophie-mordedor-de-moda-regalos-bebe-cool.jpg?resize=525%2C300&ssl=1 1.5x, https:\/\/i0.wp.com\/oui-oui.es\/blog\/wp-content\/uploads\/2014\/11\/oui-oui-jirafa-sophie-mordedor-de-moda-regalos-bebe-cool.jpg?resize=700%2C400&ssl=1 2x"},"classes":[]},{"id":4625,"url":"https:\/\/oui-oui.es\/blog\/la-caja-de-la-calma-mindfulness-para-ninos\/","url_meta":{"origin":9453,"position":4},"title":"La caja de la calma; mindfulness para ni\u00f1os","author":"Mar\u00eda \u2665Oui Oui\u2665","date":"11 julio, 2016","format":false,"excerpt":"Parece que \u00faltimamente s\u00f3lo escribo para proponer cosas que comprar, pero han llegado a m\u00ed tantas cosas chulas que \u00a1me es imposible no recomendarlas! y hoy os voy a hablar de la Caja m\u00e1gica de la calma, una gran idea de Hippy Kids Yoga para acercar el midfulness (ser consciente\u2026","rel":"","context":"En \u00abNI\u00d1OS Y NI\u00d1AS\u00bb","block_context":{"text":"NI\u00d1OS Y NI\u00d1AS","link":"https:\/\/oui-oui.es\/blog\/category\/ninos\/"},"img":{"alt_text":"","src":"https:\/\/i0.wp.com\/oui-oui.es\/blog\/wp-content\/uploads\/2016\/07\/Oui-Oui-caja-magica-de-la-calma-mindfulness-para-ni%C3%B1os-yoga-ni%C3%B1os-juego-relajante-ni%C3%B1os-4.jpg?resize=350%2C200&ssl=1","width":350,"height":200,"srcset":"https:\/\/i0.wp.com\/oui-oui.es\/blog\/wp-content\/uploads\/2016\/07\/Oui-Oui-caja-magica-de-la-calma-mindfulness-para-ni%C3%B1os-yoga-ni%C3%B1os-juego-relajante-ni%C3%B1os-4.jpg?resize=350%2C200&ssl=1 1x, https:\/\/i0.wp.com\/oui-oui.es\/blog\/wp-content\/uploads\/2016\/07\/Oui-Oui-caja-magica-de-la-calma-mindfulness-para-ni%C3%B1os-yoga-ni%C3%B1os-juego-relajante-ni%C3%B1os-4.jpg?resize=525%2C300&ssl=1 1.5x, https:\/\/i0.wp.com\/oui-oui.es\/blog\/wp-content\/uploads\/2016\/07\/Oui-Oui-caja-magica-de-la-calma-mindfulness-para-ni%C3%B1os-yoga-ni%C3%B1os-juego-relajante-ni%C3%B1os-4.jpg?resize=700%2C400&ssl=1 2x, https:\/\/i0.wp.com\/oui-oui.es\/blog\/wp-content\/uploads\/2016\/07\/Oui-Oui-caja-magica-de-la-calma-mindfulness-para-ni%C3%B1os-yoga-ni%C3%B1os-juego-relajante-ni%C3%B1os-4.jpg?resize=1050%2C600&ssl=1 3x"},"classes":[]},{"id":10172,"url":"https:\/\/oui-oui.es\/blog\/las-marcas-seleccionadas-para-kids-up\/","url_meta":{"origin":9453,"position":5},"title":"Las marcas seleccionadas para Kids Up!","author":"Mar\u00eda \u2665Oui Oui\u2665","date":"2 octubre, 2019","format":false,"excerpt":"Y, de repente \u00a1han pasado dos a\u00f1os! y m\u00e1s de cinco ediciones de Kids Up! la venta ef\u00edmera para ni\u00f1os que organizamos Elena Bau y yo. Este fin de semana volvemos con una nueva edici\u00f3n oto\u00f1al, en la que nuestra selecci\u00f3n de marcas infantiles (no hacemos convocatoria p\u00fablica, sino que\u2026","rel":"","context":"En \u00abNI\u00d1OS Y NI\u00d1AS\u00bb","block_context":{"text":"NI\u00d1OS Y NI\u00d1AS","link":"https:\/\/oui-oui.es\/blog\/category\/ninos\/"},"img":{"alt_text":"","src":"https:\/\/i0.wp.com\/oui-oui.es\/blog\/wp-content\/uploads\/2019\/10\/Oui-Oui-kids-up-wombat-kids-ropa-cama-ni%C3%B1os-con-estilo.jpg?resize=350%2C200&ssl=1","width":350,"height":200,"srcset":"https:\/\/i0.wp.com\/oui-oui.es\/blog\/wp-content\/uploads\/2019\/10\/Oui-Oui-kids-up-wombat-kids-ropa-cama-ni%C3%B1os-con-estilo.jpg?resize=350%2C200&ssl=1 1x, https:\/\/i0.wp.com\/oui-oui.es\/blog\/wp-content\/uploads\/2019\/10\/Oui-Oui-kids-up-wombat-kids-ropa-cama-ni%C3%B1os-con-estilo.jpg?resize=525%2C300&ssl=1 1.5x, https:\/\/i0.wp.com\/oui-oui.es\/blog\/wp-content\/uploads\/2019\/10\/Oui-Oui-kids-up-wombat-kids-ropa-cama-ni%C3%B1os-con-estilo.jpg?resize=700%2C400&ssl=1 2x, https:\/\/i0.wp.com\/oui-oui.es\/blog\/wp-content\/uploads\/2019\/10\/Oui-Oui-kids-up-wombat-kids-ropa-cama-ni%C3%B1os-con-estilo.jpg?resize=1050%2C600&ssl=1 3x"},"classes":[]}],"_links":{"self":[{"href":"https:\/\/oui-oui.es\/blog\/wp-json\/wp\/v2\/posts\/9453","targetHints":{"allow":["GET"]}}],"collection":[{"href":"https:\/\/oui-oui.es\/blog\/wp-json\/wp\/v2\/posts"}],"about":[{"href":"https:\/\/oui-oui.es\/blog\/wp-json\/wp\/v2\/types\/post"}],"author":[{"embeddable":true,"href":"https:\/\/oui-oui.es\/blog\/wp-json\/wp\/v2\/users\/1"}],"replies":[{"embeddable":true,"href":"https:\/\/oui-oui.es\/blog\/wp-json\/wp\/v2\/comments?post=9453"}],"version-history":[{"count":1,"href":"https:\/\/oui-oui.es\/blog\/wp-json\/wp\/v2\/posts\/9453\/revisions"}],"predecessor-version":[{"id":9472,"href":"https:\/\/oui-oui.es\/blog\/wp-json\/wp\/v2\/posts\/9453\/revisions\/9472"}],"wp:featuredmedia":[{"embeddable":true,"href":"https:\/\/oui-oui.es\/blog\/wp-json\/wp\/v2\/media\/9471"}],"wp:attachment":[{"href":"https:\/\/oui-oui.es\/blog\/wp-json\/wp\/v2\/media?parent=9453"}],"wp:term":[{"taxonomy":"category","embeddable":true,"href":"https:\/\/oui-oui.es\/blog\/wp-json\/wp\/v2\/categories?post=9453"},{"taxonomy":"post_tag","embeddable":true,"href":"https:\/\/oui-oui.es\/blog\/wp-json\/wp\/v2\/tags?post=9453"}],"curies":[{"name":"wp","href":"https:\/\/api.w.org\/{rel}","templated":true}]}}