{"id":9602,"date":"2019-02-12T19:17:40","date_gmt":"2019-02-12T17:17:40","guid":{"rendered":"https:\/\/oui-oui.es\/blog\/?p=9602"},"modified":"2019-02-12T19:17:43","modified_gmt":"2019-02-12T17:17:43","slug":"el-tercer-cumple-de-frida","status":"publish","type":"post","link":"https:\/\/oui-oui.es\/blog\/el-tercer-cumple-de-frida\/","title":{"rendered":"El tercer cumple de Frida"},"content":{"rendered":"\n<figure class=\"wp-block-image\"><img loading=\"lazy\" decoding=\"async\" width=\"1024\" height=\"768\" src=\"https:\/\/oui-oui.es\/blog\/wp-content\/uploads\/2019\/02\/Oui-Oui-cumplea\u00f1os-infantiles-espacio-la-galerie-local-cumplea\u00f1os-tarta-ten-cook-2-1024x768.jpg\" alt=\"\" class=\"wp-image-9603\" srcset=\"https:\/\/oui-oui.es\/blog\/wp-content\/uploads\/2019\/02\/Oui-Oui-cumplea\u00f1os-infantiles-espacio-la-galerie-local-cumplea\u00f1os-tarta-ten-cook-2-1024x768.jpg 1024w, https:\/\/oui-oui.es\/blog\/wp-content\/uploads\/2019\/02\/Oui-Oui-cumplea\u00f1os-infantiles-espacio-la-galerie-local-cumplea\u00f1os-tarta-ten-cook-2-300x225.jpg 300w, https:\/\/oui-oui.es\/blog\/wp-content\/uploads\/2019\/02\/Oui-Oui-cumplea\u00f1os-infantiles-espacio-la-galerie-local-cumplea\u00f1os-tarta-ten-cook-2-768x576.jpg 768w, https:\/\/oui-oui.es\/blog\/wp-content\/uploads\/2019\/02\/Oui-Oui-cumplea\u00f1os-infantiles-espacio-la-galerie-local-cumplea\u00f1os-tarta-ten-cook-2-600x450.jpg 600w, https:\/\/oui-oui.es\/blog\/wp-content\/uploads\/2019\/02\/Oui-Oui-cumplea\u00f1os-infantiles-espacio-la-galerie-local-cumplea\u00f1os-tarta-ten-cook-2-640x480.jpg 640w, https:\/\/oui-oui.es\/blog\/wp-content\/uploads\/2019\/02\/Oui-Oui-cumplea\u00f1os-infantiles-espacio-la-galerie-local-cumplea\u00f1os-tarta-ten-cook-2.jpg 2016w\" sizes=\"auto, (max-width: 1024px) 100vw, 1024px\" \/><\/figure>\n\n\n\n<p>El domingo celebramos el <strong>tercer cumplea\u00f1os de Frida<\/strong>, cuando lo empezamos a plantear hace meses d\u00ed por hecho que estar\u00edamos en nuestra nueva casa, as\u00ed que pensando en los temas de la fiesta acabamos decidiendo que ser\u00eda <strong>\u00abLa fiesta de la plastilina\u00bb<\/strong> , ya me imaginaba mi cocina nueva llena de ni\u00f1os haciendo cosas con plastilina (aunque luego, pens\u00e1ndolo mejor, menos mal que no la hemos hecho con la casa reci\u00e9n pintada, suelo nuevo, etc&#8230;jajaja).<\/p>\n\n\n\n<p>El caso es que al no estar en nuestra casa (gracias a la generosidad de mis suegros estamos en la suya), deb\u00eda buscar otro sitio en el que hacerlo y lo primero que me vino a la cabeza fue un parque porque a ella le chifla ir al parque, claro que, al ser en febrero, ten\u00edamos el inconveniente del tiempo.<\/p>\n\n\n\n<p>Despu\u00e9s ca\u00ed en que el <strong><a href=\"http:\/\/www.espaciolagalerie.com\/\" target=\"_blank\" rel=\"noreferrer noopener\" aria-label=\"Espacio La Galerie (opens in a new tab)\">Espacio La Galerie<\/a><\/strong> lo alquilan para todo tipo de fiestas y eventos, por horas, medios d\u00edas y d\u00edas completos (depende del tipo de evento o necesidades), as\u00ed que no dud\u00e9 en preguntarles si era posible y si ten\u00edan hueco y mi suerte fue que s\u00ed.<\/p>\n\n\n\n<figure class=\"wp-block-image\"><img loading=\"lazy\" decoding=\"async\" width=\"1024\" height=\"768\" src=\"https:\/\/oui-oui.es\/blog\/wp-content\/uploads\/2019\/02\/Oui-Oui-cumplea\u00f1os-infantiles-espacio-la-galerie-local-cumplea\u00f1os-tarta-ten-cook-7-1024x768.jpg\" alt=\"\" class=\"wp-image-9604\" srcset=\"https:\/\/oui-oui.es\/blog\/wp-content\/uploads\/2019\/02\/Oui-Oui-cumplea\u00f1os-infantiles-espacio-la-galerie-local-cumplea\u00f1os-tarta-ten-cook-7-1024x768.jpg 1024w, https:\/\/oui-oui.es\/blog\/wp-content\/uploads\/2019\/02\/Oui-Oui-cumplea\u00f1os-infantiles-espacio-la-galerie-local-cumplea\u00f1os-tarta-ten-cook-7-300x225.jpg 300w, https:\/\/oui-oui.es\/blog\/wp-content\/uploads\/2019\/02\/Oui-Oui-cumplea\u00f1os-infantiles-espacio-la-galerie-local-cumplea\u00f1os-tarta-ten-cook-7-768x576.jpg 768w, https:\/\/oui-oui.es\/blog\/wp-content\/uploads\/2019\/02\/Oui-Oui-cumplea\u00f1os-infantiles-espacio-la-galerie-local-cumplea\u00f1os-tarta-ten-cook-7-600x450.jpg 600w, https:\/\/oui-oui.es\/blog\/wp-content\/uploads\/2019\/02\/Oui-Oui-cumplea\u00f1os-infantiles-espacio-la-galerie-local-cumplea\u00f1os-tarta-ten-cook-7-640x480.jpg 640w, https:\/\/oui-oui.es\/blog\/wp-content\/uploads\/2019\/02\/Oui-Oui-cumplea\u00f1os-infantiles-espacio-la-galerie-local-cumplea\u00f1os-tarta-ten-cook-7.jpg 2016w\" sizes=\"auto, (max-width: 1024px) 100vw, 1024px\" \/><figcaption>Me encanta este plano de La Galerie<\/figcaption><\/figure>\n\n\n\n<p><strong>Me encanta este espacio<\/strong> porque <strong>tiene tres alturas<\/strong> que le dan gran versatilidad (nosotros s\u00f3lo usamos la del medio, pero las otras nos sirvieron para recibir y para organizar cosas sin que lo vieran los invitados) y porque <strong>est\u00e1 decorado con gusto incre\u00edble<\/strong>, consiguiendo tener alma y, a la vez, no estando muy marcada la deco, de forma que si no te cuadra con lo que quieres montar, <strong>puedes moverlo todo.<\/strong><\/p>\n\n\n\n<figure class=\"wp-block-image\"><img loading=\"lazy\" decoding=\"async\" width=\"1024\" height=\"768\" src=\"https:\/\/oui-oui.es\/blog\/wp-content\/uploads\/2019\/02\/Oui-Oui-cumplea\u00f1os-infantiles-espacio-la-galerie-local-cumplea\u00f1os-tarta-ten-cook-5-1024x768.jpg\" alt=\"\" class=\"wp-image-9606\" srcset=\"https:\/\/oui-oui.es\/blog\/wp-content\/uploads\/2019\/02\/Oui-Oui-cumplea\u00f1os-infantiles-espacio-la-galerie-local-cumplea\u00f1os-tarta-ten-cook-5-1024x768.jpg 1024w, https:\/\/oui-oui.es\/blog\/wp-content\/uploads\/2019\/02\/Oui-Oui-cumplea\u00f1os-infantiles-espacio-la-galerie-local-cumplea\u00f1os-tarta-ten-cook-5-300x225.jpg 300w, https:\/\/oui-oui.es\/blog\/wp-content\/uploads\/2019\/02\/Oui-Oui-cumplea\u00f1os-infantiles-espacio-la-galerie-local-cumplea\u00f1os-tarta-ten-cook-5-768x576.jpg 768w, https:\/\/oui-oui.es\/blog\/wp-content\/uploads\/2019\/02\/Oui-Oui-cumplea\u00f1os-infantiles-espacio-la-galerie-local-cumplea\u00f1os-tarta-ten-cook-5-600x450.jpg 600w, https:\/\/oui-oui.es\/blog\/wp-content\/uploads\/2019\/02\/Oui-Oui-cumplea\u00f1os-infantiles-espacio-la-galerie-local-cumplea\u00f1os-tarta-ten-cook-5-640x480.jpg 640w, https:\/\/oui-oui.es\/blog\/wp-content\/uploads\/2019\/02\/Oui-Oui-cumplea\u00f1os-infantiles-espacio-la-galerie-local-cumplea\u00f1os-tarta-ten-cook-5.jpg 2016w\" sizes=\"auto, (max-width: 1024px) 100vw, 1024px\" \/><\/figure>\n\n\n\n<p>Nosotros quitamos alfombras por los ni\u00f1os e hicimos 3 zonas dentro de la planta principal; zona de asientos de mayores, zona de mesa de merienda y zona de ni\u00f1os. <strong>Fue un \u00e9xito entre todos los invitados que no conoc\u00edan el espacio<\/strong>, tan s\u00f3lo llev\u00e9 mesas y sillas peque\u00f1as para los ni\u00f1os y el menaje para la mesa de la merienda, junto con alg\u00fan globo y guirnalda.<\/p>\n\n\n\n<figure class=\"wp-block-image\"><img loading=\"lazy\" decoding=\"async\" width=\"1024\" height=\"768\" src=\"https:\/\/oui-oui.es\/blog\/wp-content\/uploads\/2019\/02\/Oui-Oui-cumplea\u00f1os-infantiles-espacio-la-galerie-local-cumplea\u00f1os-tarta-ten-cook-4-1024x768.jpg\" alt=\"\" class=\"wp-image-9605\" srcset=\"https:\/\/oui-oui.es\/blog\/wp-content\/uploads\/2019\/02\/Oui-Oui-cumplea\u00f1os-infantiles-espacio-la-galerie-local-cumplea\u00f1os-tarta-ten-cook-4-1024x768.jpg 1024w, https:\/\/oui-oui.es\/blog\/wp-content\/uploads\/2019\/02\/Oui-Oui-cumplea\u00f1os-infantiles-espacio-la-galerie-local-cumplea\u00f1os-tarta-ten-cook-4-300x225.jpg 300w, https:\/\/oui-oui.es\/blog\/wp-content\/uploads\/2019\/02\/Oui-Oui-cumplea\u00f1os-infantiles-espacio-la-galerie-local-cumplea\u00f1os-tarta-ten-cook-4-768x576.jpg 768w, https:\/\/oui-oui.es\/blog\/wp-content\/uploads\/2019\/02\/Oui-Oui-cumplea\u00f1os-infantiles-espacio-la-galerie-local-cumplea\u00f1os-tarta-ten-cook-4-600x450.jpg 600w, https:\/\/oui-oui.es\/blog\/wp-content\/uploads\/2019\/02\/Oui-Oui-cumplea\u00f1os-infantiles-espacio-la-galerie-local-cumplea\u00f1os-tarta-ten-cook-4-640x480.jpg 640w, https:\/\/oui-oui.es\/blog\/wp-content\/uploads\/2019\/02\/Oui-Oui-cumplea\u00f1os-infantiles-espacio-la-galerie-local-cumplea\u00f1os-tarta-ten-cook-4.jpg 2016w\" sizes=\"auto, (max-width: 1024px) 100vw, 1024px\" \/><figcaption>Ya es una tradici\u00f3n que mi apdre haga el n\u00famero del cumple en madera<\/figcaption><\/figure>\n\n\n\n<p>La merienda la hicimos mi madre y yo muy sencilla, como de cumplea\u00f1os de antes, pero hay que comprarlo, hacerlo y montarlo&#8230;La <strong>tarta <\/strong>se la encargu\u00e9 a Cristina de <strong><a rel=\"noreferrer noopener\" aria-label=\"Ten Cook (opens in a new tab)\" href=\"http:\/\/tencook.es\/\" target=\"_blank\">Ten Cook<\/a><\/strong> que di\u00f3 en el clavo cuando le ped\u00ed que el forsting fuera natural y lo hizo con queso y mermelada natural de frambuesas, Frida quer\u00eda tarta de fresa pero, como es tan generosa y a Mart\u00edn le encanta el chocolate, cambi\u00f3 el interior a chocolate para \u00e9l, as\u00ed que <strong>tarta de chocolate y frambuesa con cobertura de queso y frambuesa<\/strong> buen\u00edsima, nada pesada.<\/p>\n\n\n\n<figure class=\"wp-block-image\"><img loading=\"lazy\" decoding=\"async\" width=\"768\" height=\"1024\" src=\"https:\/\/oui-oui.es\/blog\/wp-content\/uploads\/2019\/02\/Oui-Oui-cumplea\u00f1os-infantiles-espacio-la-galerie-local-cumplea\u00f1os-tarta-ten-cook-1-768x1024.jpg\" alt=\"\" class=\"wp-image-9607\" srcset=\"https:\/\/oui-oui.es\/blog\/wp-content\/uploads\/2019\/02\/Oui-Oui-cumplea\u00f1os-infantiles-espacio-la-galerie-local-cumplea\u00f1os-tarta-ten-cook-1-768x1024.jpg 768w, https:\/\/oui-oui.es\/blog\/wp-content\/uploads\/2019\/02\/Oui-Oui-cumplea\u00f1os-infantiles-espacio-la-galerie-local-cumplea\u00f1os-tarta-ten-cook-1-225x300.jpg 225w, https:\/\/oui-oui.es\/blog\/wp-content\/uploads\/2019\/02\/Oui-Oui-cumplea\u00f1os-infantiles-espacio-la-galerie-local-cumplea\u00f1os-tarta-ten-cook-1-600x800.jpg 600w, https:\/\/oui-oui.es\/blog\/wp-content\/uploads\/2019\/02\/Oui-Oui-cumplea\u00f1os-infantiles-espacio-la-galerie-local-cumplea\u00f1os-tarta-ten-cook-1-640x853.jpg 640w, https:\/\/oui-oui.es\/blog\/wp-content\/uploads\/2019\/02\/Oui-Oui-cumplea\u00f1os-infantiles-espacio-la-galerie-local-cumplea\u00f1os-tarta-ten-cook-1.jpg 1512w\" sizes=\"auto, (max-width: 768px) 100vw, 768px\" \/><figcaption>Tiene buena pinta, verdad? by TEN COOK<\/figcaption><\/figure>\n\n\n\n<p>Puede parecer un poco <em>\u00abtoo much\u00bb <\/em>coger un espacio para un cumplea\u00f1os de tres a\u00f1os, pero todo es cuesti\u00f3n de organizar las prioridades, que no quiere decir que unas sean mejores que otras, simplemente m\u00e1s acordes con lo que tu crees mejor.<\/p>\n\n\n\n<p>En este punto me detendr\u00e9 un momento porque me parece importante destacar que no suele ser posible tenerlo todo. Me hace gracia la gente que te dice \u00abes que te complicas demasiado\u00bb , \u00abEra m\u00e1s f\u00e1cil de esta u otra manera\u00bb, pero hay que cuadrar muchas cosas&#8230;<\/p>\n\n\n\n<p>En mi caso, es importante tanto la est\u00e9tica como el tipo de actividad que hagan, es decir, descarto el t\u00edpico parque de bolas porque no me gusta pero que, por otra parte, tendr\u00eda un coste de unos 200\u20ac; eso s\u00ed, todo inclu\u00eddo.Y que, en ese caso, no puedes invitar a la familia al mismo cumplea\u00f1os, es decir, dos celebraciones, con lo que eso conlleva en coste de tiempo y econ\u00f3mico.<\/p>\n\n\n\n<p>Descartado eso tienes <strong>la opci\u00f3n de un sitio de actividades m\u00e1s especial<\/strong>, pero tambi\u00e9n m\u00e1s caro o bien, <strong>coger un sitio<\/strong> (o tu casa, que en mi caso no era posible) <strong>y organizarlo t\u00fa<\/strong> (m\u00e1s barato a costa de tu tiempo y esfuerzo) <strong>o tambi\u00e9n que te organicen el catering y la actividad<\/strong> (m\u00e1s coste).<\/p>\n\n\n\n<p><strong>A donde quiero llegar es que si quieres algo m\u00ednimamente especial, o lo haces t\u00fa, o lo pagas, y mucha gente no est\u00e1 dispuesta a pagarlo pero tampoco a hacer el esfuerzo para que quede bien.<\/strong><\/p>\n\n\n\n<p>Yo lo organic\u00e9 en tiempo express porque hasta casi una semana antes no supe bien la cantidad de ni\u00f1os que acudir\u00edan, la actividad que har\u00edamos, ni siquiera la tem\u00e1tica del cumple que se complic\u00f3 m\u00e1s porque Frida tiene bastante criterio de lo que quiere y no sab\u00eda muy bien c\u00f3mo enfocarlo. Pero organizarlo as\u00ed supuso una semana de estr\u00e9s para m\u00ed, pasar por m\u00e1s de 5 tiendas disferentes a comprar cosas, que mi padre pintara taburetes de rosa en Lozoya, que mi madre fuera a Ikea a comprar una mesa y que el domingo estuvi\u00e9ramos fuera de casa montando y organizando desde las 12 de la ma\u00f1ana, siendo el cumplea\u00f1os por la tarde.<\/p>\n\n\n\n<p>Cuando me preguntan <strong>\u00bfC\u00f3mo lo haces?<\/strong>, pues estas cosas, siempre, <strong>GRACIAS A MIS PADRES<\/strong>, que<strong> se involucran sin poner mil pegas.<\/strong><\/p>\n\n\n\n<p>Para los que nunca ayudan es muy f\u00e1cil decir <em>\u00abcu\u00e1nto te complicas\u00bb<\/em> pero si no lo hago yo, lo tiene que hacer alguien y si no hay otra persona que lo haga entonces hay que externalizarlo, que a todos nos gustan los cumplea\u00f1os bonitos ( y no hablo del s\u00faper cumplea\u00f1os, pero hay que hacer la merienda, encargar o hacer la tarta, poner algo de deco, pensar si hay pi\u00f1ata o regalitos, bebidas para mayores, etc..)&#8230;He aqu\u00ed <strong>\u00abla carga mental de los cumplea\u00f1os\u00bb<\/strong> que incluye tambi\u00e9n gestionar los regalos, comprar para otras personas, envolver, etc&#8230;Dar\u00eda para escribir un post con cada aspecto de la Carga Mental (por cierto, os recomiendo much\u00edsimo el libro <strong><a href=\"https:\/\/amzn.to\/2RYhSKL\" target=\"_blank\" rel=\"noreferrer noopener\" aria-label=\"Lib\u00e9rate de la Carga Mental (opens in a new tab)\">Lib\u00e9rate de la Carga Mental<\/a><\/strong> de Iria Mara\u00f1\u00f3n).<\/p>\n\n\n\n<figure class=\"wp-block-image\"><img loading=\"lazy\" decoding=\"async\" width=\"1024\" height=\"768\" src=\"https:\/\/oui-oui.es\/blog\/wp-content\/uploads\/2019\/02\/Oui-Oui-cumplea\u00f1os-infantiles-espacio-la-galerie-local-cumplea\u00f1os-tarta-ten-cook-8-1024x768.jpg\" alt=\"\" class=\"wp-image-9608\" srcset=\"https:\/\/oui-oui.es\/blog\/wp-content\/uploads\/2019\/02\/Oui-Oui-cumplea\u00f1os-infantiles-espacio-la-galerie-local-cumplea\u00f1os-tarta-ten-cook-8-1024x768.jpg 1024w, https:\/\/oui-oui.es\/blog\/wp-content\/uploads\/2019\/02\/Oui-Oui-cumplea\u00f1os-infantiles-espacio-la-galerie-local-cumplea\u00f1os-tarta-ten-cook-8-300x225.jpg 300w, https:\/\/oui-oui.es\/blog\/wp-content\/uploads\/2019\/02\/Oui-Oui-cumplea\u00f1os-infantiles-espacio-la-galerie-local-cumplea\u00f1os-tarta-ten-cook-8-768x576.jpg 768w, https:\/\/oui-oui.es\/blog\/wp-content\/uploads\/2019\/02\/Oui-Oui-cumplea\u00f1os-infantiles-espacio-la-galerie-local-cumplea\u00f1os-tarta-ten-cook-8-600x450.jpg 600w, https:\/\/oui-oui.es\/blog\/wp-content\/uploads\/2019\/02\/Oui-Oui-cumplea\u00f1os-infantiles-espacio-la-galerie-local-cumplea\u00f1os-tarta-ten-cook-8-640x480.jpg 640w, https:\/\/oui-oui.es\/blog\/wp-content\/uploads\/2019\/02\/Oui-Oui-cumplea\u00f1os-infantiles-espacio-la-galerie-local-cumplea\u00f1os-tarta-ten-cook-8.jpg 2016w\" sizes=\"auto, (max-width: 1024px) 100vw, 1024px\" \/><\/figure>\n\n\n\n<p>Finalmente fue un \u00e9xito, pese a ser ni\u00f1os tan peque\u00f1os, Frida hizo su propia lista de invitados y no conoc\u00edamos a varios padres de los ni\u00f1os que escogi\u00f3 y, sin embargo, lo pasamos fenomenal, aunando familia y amigos de Frida con padres del cole. <\/p>\n\n\n\n<figure class=\"wp-block-image\"><img loading=\"lazy\" decoding=\"async\" width=\"1024\" height=\"1024\" src=\"https:\/\/oui-oui.es\/blog\/wp-content\/uploads\/2019\/02\/Oui-Oui-cumplea\u00f1os-infantiles-espacio-la-galerie-local-cumplea\u00f1os-tarta-ten-cook-9-1024x1024.jpg\" alt=\"\" class=\"wp-image-9609\" srcset=\"https:\/\/oui-oui.es\/blog\/wp-content\/uploads\/2019\/02\/Oui-Oui-cumplea\u00f1os-infantiles-espacio-la-galerie-local-cumplea\u00f1os-tarta-ten-cook-9-1024x1024.jpg 1024w, https:\/\/oui-oui.es\/blog\/wp-content\/uploads\/2019\/02\/Oui-Oui-cumplea\u00f1os-infantiles-espacio-la-galerie-local-cumplea\u00f1os-tarta-ten-cook-9-150x150.jpg 150w, https:\/\/oui-oui.es\/blog\/wp-content\/uploads\/2019\/02\/Oui-Oui-cumplea\u00f1os-infantiles-espacio-la-galerie-local-cumplea\u00f1os-tarta-ten-cook-9-300x300.jpg 300w, https:\/\/oui-oui.es\/blog\/wp-content\/uploads\/2019\/02\/Oui-Oui-cumplea\u00f1os-infantiles-espacio-la-galerie-local-cumplea\u00f1os-tarta-ten-cook-9-768x768.jpg 768w, https:\/\/oui-oui.es\/blog\/wp-content\/uploads\/2019\/02\/Oui-Oui-cumplea\u00f1os-infantiles-espacio-la-galerie-local-cumplea\u00f1os-tarta-ten-cook-9-600x600.jpg 600w, https:\/\/oui-oui.es\/blog\/wp-content\/uploads\/2019\/02\/Oui-Oui-cumplea\u00f1os-infantiles-espacio-la-galerie-local-cumplea\u00f1os-tarta-ten-cook-9-640x640.jpg 640w, https:\/\/oui-oui.es\/blog\/wp-content\/uploads\/2019\/02\/Oui-Oui-cumplea\u00f1os-infantiles-espacio-la-galerie-local-cumplea\u00f1os-tarta-ten-cook-9.jpg 1080w\" sizes=\"auto, (max-width: 1024px) 100vw, 1024px\" \/><figcaption>La s\u00faper tarta de chocolate y frambuesa de TEN COOK<\/figcaption><\/figure>\n\n\n\n<p>Tambi\u00e9n escogi\u00f3 la <strong>tem\u00e1tica<\/strong>, que al final fu\u00e9 <strong>\u00abel rosa y los corazones\u00bb<\/strong> que le encanta y as\u00ed evit\u00e1bamos un poco el tema \u00a8princesas\u00bb, no me di\u00f3 tiempo a pensar el cumple como me hubiera gustado (aprovechar para romper estereotipos de princesas, rosa de ni\u00f1as, etc..) as\u00ed que con las prisas compr\u00e9 unas <strong>espadas rosas<\/strong> como regalo, por si las ni\u00f1as aparec\u00edan de princesas (el <em>dress code<\/em> era el rosa para ni\u00f1os, ni\u00f1as y mayores) y as\u00ed que fueran princesas guereras, pero el caso es que luego me arrepent\u00ed un poco al ser un juego violento, la verdad es que les gustaron, pero jugaron a luchar&#8230;En f\u00edn, que es complicado acertar con todo&#8230;Fue muy cansado pero lo pasaron muy bien as\u00ed que \u00a1mereci\u00f3 la pena! .<\/p>\n\n\n\n<figure class=\"wp-block-image\"><img loading=\"lazy\" decoding=\"async\" width=\"1024\" height=\"768\" src=\"https:\/\/oui-oui.es\/blog\/wp-content\/uploads\/2019\/02\/Oui-Oui-cumplea\u00f1os-infantiles-espacio-la-galerie-local-cumplea\u00f1os-tarta-ten-cook-3-1024x768.jpg\" alt=\"\" class=\"wp-image-9610\" srcset=\"https:\/\/oui-oui.es\/blog\/wp-content\/uploads\/2019\/02\/Oui-Oui-cumplea\u00f1os-infantiles-espacio-la-galerie-local-cumplea\u00f1os-tarta-ten-cook-3-1024x768.jpg 1024w, https:\/\/oui-oui.es\/blog\/wp-content\/uploads\/2019\/02\/Oui-Oui-cumplea\u00f1os-infantiles-espacio-la-galerie-local-cumplea\u00f1os-tarta-ten-cook-3-300x225.jpg 300w, https:\/\/oui-oui.es\/blog\/wp-content\/uploads\/2019\/02\/Oui-Oui-cumplea\u00f1os-infantiles-espacio-la-galerie-local-cumplea\u00f1os-tarta-ten-cook-3-768x576.jpg 768w, https:\/\/oui-oui.es\/blog\/wp-content\/uploads\/2019\/02\/Oui-Oui-cumplea\u00f1os-infantiles-espacio-la-galerie-local-cumplea\u00f1os-tarta-ten-cook-3-600x450.jpg 600w, https:\/\/oui-oui.es\/blog\/wp-content\/uploads\/2019\/02\/Oui-Oui-cumplea\u00f1os-infantiles-espacio-la-galerie-local-cumplea\u00f1os-tarta-ten-cook-3-640x480.jpg 640w, https:\/\/oui-oui.es\/blog\/wp-content\/uploads\/2019\/02\/Oui-Oui-cumplea\u00f1os-infantiles-espacio-la-galerie-local-cumplea\u00f1os-tarta-ten-cook-3.jpg 2016w\" sizes=\"auto, (max-width: 1024px) 100vw, 1024px\" \/><\/figure>\n\n\n\n<p>Os he contado todo este rollo para ense\u00f1ar un poco la trastienda de todo, que no siempre es todo f\u00e1cil y sencillo, me encantar\u00eda saber vuestra opini\u00f3n y experiencias en estos cumples!<\/p>\n","protected":false},"excerpt":{"rendered":"<p>El domingo celebramos el tercer cumplea\u00f1os de Frida, cuando lo empezamos a plantear hace meses d\u00ed por hecho que estar\u00edamos en nuestra nueva casa, as\u00ed que pensando en los temas de la fiesta acabamos decidiendo que ser\u00eda \u00abLa fiesta de la plastilina\u00bb , ya me imaginaba mi cocina nueva llena de ni\u00f1os haciendo cosas con [&hellip;]<\/p>\n","protected":false},"author":1,"featured_media":9603,"comment_status":"open","ping_status":"open","sticky":false,"template":"","format":"standard","meta":{"jetpack_post_was_ever_published":false,"_jetpack_newsletter_access":"","_jetpack_dont_email_post_to_subs":false,"_jetpack_newsletter_tier_id":0,"_jetpack_memberships_contains_paywalled_content":false,"_jetpack_memberships_contains_paid_content":false,"footnotes":"","jetpack_publicize_message":"","jetpack_publicize_feature_enabled":true,"jetpack_social_post_already_shared":true,"jetpack_social_options":{"image_generator_settings":{"template":"highway","default_image_id":0,"font":"","enabled":false},"version":2}},"categories":[7,174],"tags":[741,816,815,860,758],"class_list":["post-9602","post","type-post","status-publish","format-standard","has-post-thumbnail","hentry","category-fiestas-celebraciones","category-ninos","tag-cumpleanos","tag-cumples","tag-cumples-ninos","tag-espacios-eventos","tag-frida"],"aioseo_notices":[],"jetpack_publicize_connections":[],"jetpack_featured_media_url":"https:\/\/oui-oui.es\/blog\/wp-content\/uploads\/2019\/02\/Oui-Oui-cumplea\u00f1os-infantiles-espacio-la-galerie-local-cumplea\u00f1os-tarta-ten-cook-2.jpg","jetpack_sharing_enabled":true,"jetpack-related-posts":[{"id":9046,"url":"https:\/\/oui-oui.es\/blog\/5-ideas-para-celebrar-los-cumpleanos-de-forma-diferente\/","url_meta":{"origin":9602,"position":0},"title":"5 Ideas para celebrar los cumplea\u00f1os de forma diferente","author":"Mar\u00eda \u2665Oui Oui\u2665","date":"8 mayo, 2018","format":false,"excerpt":"Me encanta la idea de celebrar los cumplea\u00f1os en casa como toda la vida, con medias noches, sandwiches de crema de chocolate y gusanitos naranjas...Pero es cierto que no siempre es f\u00e1cil por la falta de espacio y porque ahora, desde muy peque\u00f1os, se invita a toda la clase, con\u2026","rel":"","context":"En \u00abFIESTAS y CELEBRACIONES\u00bb","block_context":{"text":"FIESTAS y CELEBRACIONES","link":"https:\/\/oui-oui.es\/blog\/category\/fiestas-celebraciones\/"},"img":{"alt_text":"","src":"https:\/\/i0.wp.com\/oui-oui.es\/blog\/wp-content\/uploads\/2018\/05\/Oui-Oui-cumplea%C3%B1os-de-arte-cumplea%C3%B1os-infantiles-reativos-taller-arte-luz-negra-lemosn-art-lab.jpg?resize=350%2C200&ssl=1","width":350,"height":200,"srcset":"https:\/\/i0.wp.com\/oui-oui.es\/blog\/wp-content\/uploads\/2018\/05\/Oui-Oui-cumplea%C3%B1os-de-arte-cumplea%C3%B1os-infantiles-reativos-taller-arte-luz-negra-lemosn-art-lab.jpg?resize=350%2C200&ssl=1 1x, https:\/\/i0.wp.com\/oui-oui.es\/blog\/wp-content\/uploads\/2018\/05\/Oui-Oui-cumplea%C3%B1os-de-arte-cumplea%C3%B1os-infantiles-reativos-taller-arte-luz-negra-lemosn-art-lab.jpg?resize=525%2C300&ssl=1 1.5x, https:\/\/i0.wp.com\/oui-oui.es\/blog\/wp-content\/uploads\/2018\/05\/Oui-Oui-cumplea%C3%B1os-de-arte-cumplea%C3%B1os-infantiles-reativos-taller-arte-luz-negra-lemosn-art-lab.jpg?resize=700%2C400&ssl=1 2x, https:\/\/i0.wp.com\/oui-oui.es\/blog\/wp-content\/uploads\/2018\/05\/Oui-Oui-cumplea%C3%B1os-de-arte-cumplea%C3%B1os-infantiles-reativos-taller-arte-luz-negra-lemosn-art-lab.jpg?resize=1050%2C600&ssl=1 3x, https:\/\/i0.wp.com\/oui-oui.es\/blog\/wp-content\/uploads\/2018\/05\/Oui-Oui-cumplea%C3%B1os-de-arte-cumplea%C3%B1os-infantiles-reativos-taller-arte-luz-negra-lemosn-art-lab.jpg?resize=1400%2C800&ssl=1 4x"},"classes":[]},{"id":10722,"url":"https:\/\/oui-oui.es\/blog\/el-cumpleanos-de-arcoiris\/","url_meta":{"origin":9602,"position":1},"title":"El cumplea\u00f1os de arcoiris","author":"Mar\u00eda \u2665Oui Oui\u2665","date":"3 febrero, 2022","format":false,"excerpt":"El otro d\u00eda buscando im\u00e1genes del cumplea\u00f1os espacial de Mart\u00edn cuando cumpli\u00f3 5 me di cuenta de que no hab\u00eda publicado los \u00faltimos cumples de Frrida y me gusta dejarlos aqu\u00ed como recuerdo, adem\u00e1s de que creo que pueden ayudar a alguien que busque ideas igual que yo me sirvo\u2026","rel":"","context":"En \u00abFIESTAS y CELEBRACIONES\u00bb","block_context":{"text":"FIESTAS y CELEBRACIONES","link":"https:\/\/oui-oui.es\/blog\/category\/fiestas-celebraciones\/"},"img":{"alt_text":"","src":"https:\/\/i0.wp.com\/oui-oui.es\/blog\/wp-content\/uploads\/2022\/02\/Oui-Oui-fieta-cumpleanos-arcoiris-tarta-arcoiris-tarta-capas-colores-tarta-capas-arcoiris-tartas-CORISST-10-scaled.jpg?resize=350%2C200&ssl=1","width":350,"height":200,"srcset":"https:\/\/i0.wp.com\/oui-oui.es\/blog\/wp-content\/uploads\/2022\/02\/Oui-Oui-fieta-cumpleanos-arcoiris-tarta-arcoiris-tarta-capas-colores-tarta-capas-arcoiris-tartas-CORISST-10-scaled.jpg?resize=350%2C200&ssl=1 1x, https:\/\/i0.wp.com\/oui-oui.es\/blog\/wp-content\/uploads\/2022\/02\/Oui-Oui-fieta-cumpleanos-arcoiris-tarta-arcoiris-tarta-capas-colores-tarta-capas-arcoiris-tartas-CORISST-10-scaled.jpg?resize=525%2C300&ssl=1 1.5x, https:\/\/i0.wp.com\/oui-oui.es\/blog\/wp-content\/uploads\/2022\/02\/Oui-Oui-fieta-cumpleanos-arcoiris-tarta-arcoiris-tarta-capas-colores-tarta-capas-arcoiris-tartas-CORISST-10-scaled.jpg?resize=700%2C400&ssl=1 2x, https:\/\/i0.wp.com\/oui-oui.es\/blog\/wp-content\/uploads\/2022\/02\/Oui-Oui-fieta-cumpleanos-arcoiris-tarta-arcoiris-tarta-capas-colores-tarta-capas-arcoiris-tartas-CORISST-10-scaled.jpg?resize=1050%2C600&ssl=1 3x, https:\/\/i0.wp.com\/oui-oui.es\/blog\/wp-content\/uploads\/2022\/02\/Oui-Oui-fieta-cumpleanos-arcoiris-tarta-arcoiris-tarta-capas-colores-tarta-capas-arcoiris-tartas-CORISST-10-scaled.jpg?resize=1400%2C800&ssl=1 4x"},"classes":[]},{"id":5754,"url":"https:\/\/oui-oui.es\/blog\/debemos-hacer-todo-en-grupo\/","url_meta":{"origin":9602,"position":2},"title":"\u00bf Debemos hacer todo en grupo?","author":"Mar\u00eda \u2665Oui Oui\u2665","date":"19 junio, 2017","format":false,"excerpt":"\u00a0 Este a\u00f1o ha sido el primer curso de Mart\u00edn en el cole, ya estaba antes en la guarde del mismo cole, pero, no s\u00e9 por qu\u00e9, en las guarder\u00edas los padres vamos m\u00e1s a nuestra bola y empezamos a relacionarnos m\u00e1s en primero de Infantil. Supongo que tiene que\u2026","rel":"","context":"En \u00abNI\u00d1OS Y NI\u00d1AS\u00bb","block_context":{"text":"NI\u00d1OS Y NI\u00d1AS","link":"https:\/\/oui-oui.es\/blog\/category\/ninos\/"},"img":{"alt_text":"","src":"https:\/\/i0.wp.com\/oui-oui.es\/blog\/wp-content\/uploads\/2017\/06\/Oui-Oui-individualismo-versus-grupo-regalos-cumple-en-grupo-regalos-profe-en-grupo.jpg?resize=350%2C200&ssl=1","width":350,"height":200,"srcset":"https:\/\/i0.wp.com\/oui-oui.es\/blog\/wp-content\/uploads\/2017\/06\/Oui-Oui-individualismo-versus-grupo-regalos-cumple-en-grupo-regalos-profe-en-grupo.jpg?resize=350%2C200&ssl=1 1x, https:\/\/i0.wp.com\/oui-oui.es\/blog\/wp-content\/uploads\/2017\/06\/Oui-Oui-individualismo-versus-grupo-regalos-cumple-en-grupo-regalos-profe-en-grupo.jpg?resize=525%2C300&ssl=1 1.5x"},"classes":[]},{"id":5055,"url":"https:\/\/oui-oui.es\/blog\/la-wishlist-del-primer-cumpleanos-de-frida\/","url_meta":{"origin":9602,"position":3},"title":"La Wishlist del primer cumplea\u00f1os de Frida","author":"Mar\u00eda \u2665Oui Oui\u2665","date":"25 enero, 2017","format":false,"excerpt":"Quedan dos semanas para que Frida cumpla un a\u00f1o, es un t\u00f3pico pero ha pasado volando y aqu\u00ed estoy rompi\u00e9ndome la cabeza para ver qu\u00e9 le regalamos, porque quiero que tenga algo especial de recuerdo, y a la vez me parece que ya tiene de todo con los juguetes de\u2026","rel":"","context":"En \u00abFIESTAS y CELEBRACIONES\u00bb","block_context":{"text":"FIESTAS y CELEBRACIONES","link":"https:\/\/oui-oui.es\/blog\/category\/fiestas-celebraciones\/"},"img":{"alt_text":"","src":"https:\/\/i0.wp.com\/oui-oui.es\/blog\/wp-content\/uploads\/2017\/01\/Oui-Oui-wishlist-Frida-gorro-fiesta-crochet-la-f%C3%AAte-laf%C3%A8te-party-hat.jpg?resize=350%2C200&ssl=1","width":350,"height":200,"srcset":"https:\/\/i0.wp.com\/oui-oui.es\/blog\/wp-content\/uploads\/2017\/01\/Oui-Oui-wishlist-Frida-gorro-fiesta-crochet-la-f%C3%AAte-laf%C3%A8te-party-hat.jpg?resize=350%2C200&ssl=1 1x, https:\/\/i0.wp.com\/oui-oui.es\/blog\/wp-content\/uploads\/2017\/01\/Oui-Oui-wishlist-Frida-gorro-fiesta-crochet-la-f%C3%AAte-laf%C3%A8te-party-hat.jpg?resize=525%2C300&ssl=1 1.5x, https:\/\/i0.wp.com\/oui-oui.es\/blog\/wp-content\/uploads\/2017\/01\/Oui-Oui-wishlist-Frida-gorro-fiesta-crochet-la-f%C3%AAte-laf%C3%A8te-party-hat.jpg?resize=700%2C400&ssl=1 2x, https:\/\/i0.wp.com\/oui-oui.es\/blog\/wp-content\/uploads\/2017\/01\/Oui-Oui-wishlist-Frida-gorro-fiesta-crochet-la-f%C3%AAte-laf%C3%A8te-party-hat.jpg?resize=1050%2C600&ssl=1 3x"},"classes":[]},{"id":5129,"url":"https:\/\/oui-oui.es\/blog\/oui-oui-loves-mexico-frida\/","url_meta":{"origin":9602,"position":4},"title":"Oui Oui loves M\u00e9xico | Frida","author":"Mar\u00eda \u2665Oui Oui\u2665","date":"13 febrero, 2017","format":false,"excerpt":"Ten\u00eda muchas ganas de lanzar esta nueva secci\u00f3n y no pod\u00eda llamarse de otra forma que FRIDA, una secci\u00f3n en la que plasmar nuestro amor por m\u00e9xico, por su cultura, colores, por su m\u00fasica, gastrono\u00eda e iconograf\u00eda...Desde el comienzo de Oui Oui hemos ido trayendo productos mexicanos gracias a nuestras\u2026","rel":"","context":"En \u00abOUI OUI\u00bb","block_context":{"text":"OUI OUI","link":"https:\/\/oui-oui.es\/blog\/category\/oui-oui\/"},"img":{"alt_text":"","src":"https:\/\/i0.wp.com\/oui-oui.es\/blog\/wp-content\/uploads\/2017\/02\/Oui-Oui-babyshoer-Frida-mexicana-elena-bau-eventos-colorin-10.jpg?resize=350%2C200&ssl=1","width":350,"height":200,"srcset":"https:\/\/i0.wp.com\/oui-oui.es\/blog\/wp-content\/uploads\/2017\/02\/Oui-Oui-babyshoer-Frida-mexicana-elena-bau-eventos-colorin-10.jpg?resize=350%2C200&ssl=1 1x, https:\/\/i0.wp.com\/oui-oui.es\/blog\/wp-content\/uploads\/2017\/02\/Oui-Oui-babyshoer-Frida-mexicana-elena-bau-eventos-colorin-10.jpg?resize=525%2C300&ssl=1 1.5x, https:\/\/i0.wp.com\/oui-oui.es\/blog\/wp-content\/uploads\/2017\/02\/Oui-Oui-babyshoer-Frida-mexicana-elena-bau-eventos-colorin-10.jpg?resize=700%2C400&ssl=1 2x, https:\/\/i0.wp.com\/oui-oui.es\/blog\/wp-content\/uploads\/2017\/02\/Oui-Oui-babyshoer-Frida-mexicana-elena-bau-eventos-colorin-10.jpg?resize=1050%2C600&ssl=1 3x, https:\/\/i0.wp.com\/oui-oui.es\/blog\/wp-content\/uploads\/2017\/02\/Oui-Oui-babyshoer-Frida-mexicana-elena-bau-eventos-colorin-10.jpg?resize=1400%2C800&ssl=1 4x"},"classes":[]},{"id":4895,"url":"https:\/\/oui-oui.es\/blog\/el-cumpleanos-musical-de-martin\/","url_meta":{"origin":9602,"position":5},"title":"El cumplea\u00f1os musical de Mart\u00edn","author":"Mar\u00eda \u2665Oui Oui\u2665","date":"16 noviembre, 2016","format":false,"excerpt":"Ya han pasado dos meses, pero no quer\u00eda dejar de publicar el Tercer cumplea\u00f1os de Mart\u00edn. A diferencia de los otros dos en los que la tem\u00e1tica fue simplemente la gama de colores que me apeteci\u00f3 en ese momento, este a\u00f1o \u00e9l era mucho m\u00e1s consciente, de forma que unos\u2026","rel":"","context":"En \u00abFIESTAS y CELEBRACIONES\u00bb","block_context":{"text":"FIESTAS y CELEBRACIONES","link":"https:\/\/oui-oui.es\/blog\/category\/fiestas-celebraciones\/"},"img":{"alt_text":"","src":"https:\/\/i0.wp.com\/oui-oui.es\/blog\/wp-content\/uploads\/2016\/11\/Oui-Oui-cumplea%C3%B1os-musical-ni%C3%B1os-cumplea%C3%B1os-instrumentos-candy-bar-instrumentos-cupcake-microfono-piano-chocolate-diy-1.jpg?resize=350%2C200&ssl=1","width":350,"height":200,"srcset":"https:\/\/i0.wp.com\/oui-oui.es\/blog\/wp-content\/uploads\/2016\/11\/Oui-Oui-cumplea%C3%B1os-musical-ni%C3%B1os-cumplea%C3%B1os-instrumentos-candy-bar-instrumentos-cupcake-microfono-piano-chocolate-diy-1.jpg?resize=350%2C200&ssl=1 1x, https:\/\/i0.wp.com\/oui-oui.es\/blog\/wp-content\/uploads\/2016\/11\/Oui-Oui-cumplea%C3%B1os-musical-ni%C3%B1os-cumplea%C3%B1os-instrumentos-candy-bar-instrumentos-cupcake-microfono-piano-chocolate-diy-1.jpg?resize=525%2C300&ssl=1 1.5x, https:\/\/i0.wp.com\/oui-oui.es\/blog\/wp-content\/uploads\/2016\/11\/Oui-Oui-cumplea%C3%B1os-musical-ni%C3%B1os-cumplea%C3%B1os-instrumentos-candy-bar-instrumentos-cupcake-microfono-piano-chocolate-diy-1.jpg?resize=700%2C400&ssl=1 2x, https:\/\/i0.wp.com\/oui-oui.es\/blog\/wp-content\/uploads\/2016\/11\/Oui-Oui-cumplea%C3%B1os-musical-ni%C3%B1os-cumplea%C3%B1os-instrumentos-candy-bar-instrumentos-cupcake-microfono-piano-chocolate-diy-1.jpg?resize=1050%2C600&ssl=1 3x, https:\/\/i0.wp.com\/oui-oui.es\/blog\/wp-content\/uploads\/2016\/11\/Oui-Oui-cumplea%C3%B1os-musical-ni%C3%B1os-cumplea%C3%B1os-instrumentos-candy-bar-instrumentos-cupcake-microfono-piano-chocolate-diy-1.jpg?resize=1400%2C800&ssl=1 4x"},"classes":[]}],"_links":{"self":[{"href":"https:\/\/oui-oui.es\/blog\/wp-json\/wp\/v2\/posts\/9602","targetHints":{"allow":["GET"]}}],"collection":[{"href":"https:\/\/oui-oui.es\/blog\/wp-json\/wp\/v2\/posts"}],"about":[{"href":"https:\/\/oui-oui.es\/blog\/wp-json\/wp\/v2\/types\/post"}],"author":[{"embeddable":true,"href":"https:\/\/oui-oui.es\/blog\/wp-json\/wp\/v2\/users\/1"}],"replies":[{"embeddable":true,"href":"https:\/\/oui-oui.es\/blog\/wp-json\/wp\/v2\/comments?post=9602"}],"version-history":[{"count":1,"href":"https:\/\/oui-oui.es\/blog\/wp-json\/wp\/v2\/posts\/9602\/revisions"}],"predecessor-version":[{"id":9611,"href":"https:\/\/oui-oui.es\/blog\/wp-json\/wp\/v2\/posts\/9602\/revisions\/9611"}],"wp:featuredmedia":[{"embeddable":true,"href":"https:\/\/oui-oui.es\/blog\/wp-json\/wp\/v2\/media\/9603"}],"wp:attachment":[{"href":"https:\/\/oui-oui.es\/blog\/wp-json\/wp\/v2\/media?parent=9602"}],"wp:term":[{"taxonomy":"category","embeddable":true,"href":"https:\/\/oui-oui.es\/blog\/wp-json\/wp\/v2\/categories?post=9602"},{"taxonomy":"post_tag","embeddable":true,"href":"https:\/\/oui-oui.es\/blog\/wp-json\/wp\/v2\/tags?post=9602"}],"curies":[{"name":"wp","href":"https:\/\/api.w.org\/{rel}","templated":true}]}}