{"id":9616,"date":"2019-02-18T21:51:30","date_gmt":"2019-02-18T19:51:30","guid":{"rendered":"https:\/\/oui-oui.es\/blog\/?p=9616"},"modified":"2019-02-19T11:24:04","modified_gmt":"2019-02-19T09:24:04","slug":"en-enero-leimos","status":"publish","type":"post","link":"https:\/\/oui-oui.es\/blog\/en-enero-leimos\/","title":{"rendered":"En enero le\u00edmos"},"content":{"rendered":"\n<figure class=\"wp-block-image\"><img loading=\"lazy\" decoding=\"async\" width=\"1024\" height=\"768\" src=\"https:\/\/oui-oui.es\/blog\/wp-content\/uploads\/2019\/02\/Oui-Oui-hoy-leemos-recomendaciones-libros-infantil-1-1024x768.jpg\" alt=\"\" class=\"wp-image-9618\" srcset=\"https:\/\/oui-oui.es\/blog\/wp-content\/uploads\/2019\/02\/Oui-Oui-hoy-leemos-recomendaciones-libros-infantil-1-1024x768.jpg 1024w, https:\/\/oui-oui.es\/blog\/wp-content\/uploads\/2019\/02\/Oui-Oui-hoy-leemos-recomendaciones-libros-infantil-1-300x225.jpg 300w, https:\/\/oui-oui.es\/blog\/wp-content\/uploads\/2019\/02\/Oui-Oui-hoy-leemos-recomendaciones-libros-infantil-1-768x576.jpg 768w, https:\/\/oui-oui.es\/blog\/wp-content\/uploads\/2019\/02\/Oui-Oui-hoy-leemos-recomendaciones-libros-infantil-1-600x450.jpg 600w, https:\/\/oui-oui.es\/blog\/wp-content\/uploads\/2019\/02\/Oui-Oui-hoy-leemos-recomendaciones-libros-infantil-1-640x480.jpg 640w\" sizes=\"auto, (max-width: 1024px) 100vw, 1024px\" \/><\/figure>\n\n\n\n<p>Como os contaba hace unas semanas me he propuesto compartir en el blog las lecturas de casa, tanto de los ni\u00f1os como las m\u00edas, as\u00ed que cada mes compartir\u00e9 las del mes anterior. En Instagram voy subiendo al destacdo de Stories Hoy Leemos los cuentos de los ni\u00f1os y al destacado Libros los que leo yo, pero me apetec\u00eda dejarlos en el blog con una peque\u00f1a rese\u00f1a.<\/p>\n\n\n\n<p>Empezar\u00e9 por los que he le\u00eddo yo, en orden de menor a mayor satisfacci\u00f3n \ud83d\ude09<\/p>\n\n\n\n<p>Comenc\u00e9 con <strong><a href=\"https:\/\/amzn.to\/2SJiNE9\" target=\"_blank\" rel=\"noreferrer noopener\" aria-label=\"El tiempo regalado (opens in a new tab)\">El tiempo regalado<\/a><\/strong>, de <strong>Andrea K\u00f6hler<\/strong> , un ensayo sobre la espera que, la verdad, me defraud\u00f3 porque, adem\u00e1s de que se me hizo pesado (en mi opini\u00f3n es demasiado filos\u00f3fico), no coincidi\u00f3 con mis espectativas (aspecto \u00e9ste muy importante en los libros pues la cr\u00edtica depender\u00e1 mucho de eso, a veces m\u00e1s que de la maestr\u00eda o no del libro), pues yo esperaba algo m\u00e1s t\u00e9cnico, con datos, ejemplos y soluciones, ejercicios para entrenar la espera en estos tiempos que corren&#8230;Si conoc\u00e9is alguno que trate el tema de esta forma, me encantar\u00e1 leerlo.<\/p>\n\n\n\n<p>Continu\u00e9 con <strong><a href=\"https:\/\/amzn.to\/2SJIyE0\" target=\"_blank\" rel=\"noreferrer noopener\" aria-label=\"La emoci\u00f3n de Aprender (opens in a new tab)\">La emoci\u00f3n de Aprender<\/a><\/strong>, de <strong>C\u00e9sar Bona<\/strong>. Me gust\u00f3 porque te hace empatizar con situaciones y casos alejados de nuestra vida cotidiana, aunque debes saber que no es un libro al uso sobre educaci\u00f3n, sino m\u00e1s bien relata casos relacionados con ella. C\u00e9sar Bona tiene m\u00e1s libros y puede que sean los otros los que traten la educaci\u00f3n m\u00e1s directamente.<\/p>\n\n\n\n<p>Por \u00faltimo, termin\u00e9 el mes con <strong><a href=\"https:\/\/amzn.to\/2NezS2u\" target=\"_blank\" rel=\"noreferrer noopener\" aria-label=\"La canci\u00f3n de los vivos y los muerto (opens in a new tab)\">La canci\u00f3n de los vivos y los muerto<\/a><\/strong>s de Jesmyn Ward, un libro que me trajeron los Reyes y que no esperaba y que, sin embargo, ha hecho que deseara que llegara el momento de meterme en la cama a leer para seguir con la historia, un relato duro sobre la familia y los problemas raciales en la Am\u00e9rica profunda que os recomiendo totalmente.<\/p>\n\n\n\n<p>En cuanto a los cuentos de los ni\u00f1os, entre los que les trajeron los Reyes y alguno que nos han regalado, tenemos varias novedades.<\/p>\n\n\n\n<p><strong><a href=\"https:\/\/amzn.to\/2NdtQ2i\" target=\"_blank\" rel=\"noreferrer noopener\" aria-label=\"Cosas que no sabr\u00e9 decirte cuando crezcas (opens in a new tab)\">Cosas que no sabr\u00e9 decirte cuando crezcas<\/a><\/strong>, de David Aceituo, el mismo autor de La Rebeli\u00f3n de las Verduras, qu me apetec\u00eda mucho que tuvieran, muestra sensaciones y emociones de ser padre y ver crecer a tus hijos, explicadas a los m\u00e1s peque\u00f1os, nos gusta mucho!<\/p>\n\n\n\n<figure class=\"wp-block-image\"><img loading=\"lazy\" decoding=\"async\" width=\"1024\" height=\"768\" src=\"https:\/\/oui-oui.es\/blog\/wp-content\/uploads\/2019\/02\/Oui-Oui-hoy-leemos-recomendaciones-libros-infantil-5-1024x768.jpg\" alt=\"\" class=\"wp-image-9617\" srcset=\"https:\/\/oui-oui.es\/blog\/wp-content\/uploads\/2019\/02\/Oui-Oui-hoy-leemos-recomendaciones-libros-infantil-5-1024x768.jpg 1024w, https:\/\/oui-oui.es\/blog\/wp-content\/uploads\/2019\/02\/Oui-Oui-hoy-leemos-recomendaciones-libros-infantil-5-300x225.jpg 300w, https:\/\/oui-oui.es\/blog\/wp-content\/uploads\/2019\/02\/Oui-Oui-hoy-leemos-recomendaciones-libros-infantil-5-768x576.jpg 768w, https:\/\/oui-oui.es\/blog\/wp-content\/uploads\/2019\/02\/Oui-Oui-hoy-leemos-recomendaciones-libros-infantil-5-600x450.jpg 600w, https:\/\/oui-oui.es\/blog\/wp-content\/uploads\/2019\/02\/Oui-Oui-hoy-leemos-recomendaciones-libros-infantil-5-640x480.jpg 640w\" sizes=\"auto, (max-width: 1024px) 100vw, 1024px\" \/><\/figure>\n\n\n\n<p><strong><a href=\"https:\/\/amzn.to\/2EgoFM1\" target=\"_blank\" rel=\"noreferrer noopener\" aria-label=\"La verdad sobre los dinosaurios: (opens in a new tab)\">La verdad sobre los dinosaurios:<\/a><\/strong> muy divertido, cualquier libro sobre dinosaurios triunfa y \u00e9ste, adem\u00e1s, es muy original!<\/p>\n\n\n\n<figure class=\"wp-block-image\"><img loading=\"lazy\" decoding=\"async\" width=\"1024\" height=\"768\" src=\"https:\/\/oui-oui.es\/blog\/wp-content\/uploads\/2019\/02\/Oui-Oui-hoy-leemos-recomendaciones-libros-infantil-2-1024x768.jpg\" alt=\"\" class=\"wp-image-9619\" srcset=\"https:\/\/oui-oui.es\/blog\/wp-content\/uploads\/2019\/02\/Oui-Oui-hoy-leemos-recomendaciones-libros-infantil-2-1024x768.jpg 1024w, https:\/\/oui-oui.es\/blog\/wp-content\/uploads\/2019\/02\/Oui-Oui-hoy-leemos-recomendaciones-libros-infantil-2-300x225.jpg 300w, https:\/\/oui-oui.es\/blog\/wp-content\/uploads\/2019\/02\/Oui-Oui-hoy-leemos-recomendaciones-libros-infantil-2-768x576.jpg 768w, https:\/\/oui-oui.es\/blog\/wp-content\/uploads\/2019\/02\/Oui-Oui-hoy-leemos-recomendaciones-libros-infantil-2-600x450.jpg 600w, https:\/\/oui-oui.es\/blog\/wp-content\/uploads\/2019\/02\/Oui-Oui-hoy-leemos-recomendaciones-libros-infantil-2-640x480.jpg 640w\" sizes=\"auto, (max-width: 1024px) 100vw, 1024px\" \/><\/figure>\n\n\n\n<p><strong><a rel=\"noreferrer noopener\" aria-label=\"Dos ardillas y una pi\u00f1a: (opens in a new tab)\" href=\"https:\/\/amzn.to\/2BH3IZf\" target=\"_blank\">Dos ardillas y una pi\u00f1a:<\/a><\/strong> un cuento muy ameno para tratar el tema de compartir y trabajar en equipo, que tanto cuesta \u00a1muy recomendable!<br><\/p>\n\n\n\n<figure class=\"wp-block-image\"><img loading=\"lazy\" decoding=\"async\" width=\"1024\" height=\"768\" src=\"https:\/\/oui-oui.es\/blog\/wp-content\/uploads\/2019\/02\/Oui-Oui-hoy-leemos-recomendaciones-libros-infantil-4-1024x768.jpg\" alt=\"\" class=\"wp-image-9621\" srcset=\"https:\/\/oui-oui.es\/blog\/wp-content\/uploads\/2019\/02\/Oui-Oui-hoy-leemos-recomendaciones-libros-infantil-4-1024x768.jpg 1024w, https:\/\/oui-oui.es\/blog\/wp-content\/uploads\/2019\/02\/Oui-Oui-hoy-leemos-recomendaciones-libros-infantil-4-300x225.jpg 300w, https:\/\/oui-oui.es\/blog\/wp-content\/uploads\/2019\/02\/Oui-Oui-hoy-leemos-recomendaciones-libros-infantil-4-768x576.jpg 768w, https:\/\/oui-oui.es\/blog\/wp-content\/uploads\/2019\/02\/Oui-Oui-hoy-leemos-recomendaciones-libros-infantil-4-600x450.jpg 600w, https:\/\/oui-oui.es\/blog\/wp-content\/uploads\/2019\/02\/Oui-Oui-hoy-leemos-recomendaciones-libros-infantil-4-640x480.jpg 640w\" sizes=\"auto, (max-width: 1024px) 100vw, 1024px\" \/><\/figure>\n\n\n\n<p><strong><a rel=\"noreferrer noopener\" aria-label=\"De d\u00f3nde venimos: (opens in a new tab)\" href=\"https:\/\/amzn.to\/2TUWvM9\" target=\"_blank\">De d\u00f3nde venimos:<\/a><\/strong> se lo pedimos a Los Reyes y la verdad que me arrepiento porque es un libro escrito en los a\u00f1os 70 que, por un lado creo que es demasiado expl\u00edcito en algunos momentos y, por otro lado, no es del todo acertado en el vocabulario, vamos, que buscar\u00e9 otro para explicarles este tema, aunque, he de decir, que a M de 5 a\u00f1os, le encanta&#8230;<\/p>\n\n\n\n<figure class=\"wp-block-image\"><img loading=\"lazy\" decoding=\"async\" width=\"1024\" height=\"768\" src=\"https:\/\/oui-oui.es\/blog\/wp-content\/uploads\/2019\/02\/Oui-Oui-hoy-leemos-recomendaciones-libros-infantil-3-1024x768.jpg\" alt=\"\" class=\"wp-image-9620\" srcset=\"https:\/\/oui-oui.es\/blog\/wp-content\/uploads\/2019\/02\/Oui-Oui-hoy-leemos-recomendaciones-libros-infantil-3-1024x768.jpg 1024w, https:\/\/oui-oui.es\/blog\/wp-content\/uploads\/2019\/02\/Oui-Oui-hoy-leemos-recomendaciones-libros-infantil-3-300x225.jpg 300w, https:\/\/oui-oui.es\/blog\/wp-content\/uploads\/2019\/02\/Oui-Oui-hoy-leemos-recomendaciones-libros-infantil-3-768x576.jpg 768w, https:\/\/oui-oui.es\/blog\/wp-content\/uploads\/2019\/02\/Oui-Oui-hoy-leemos-recomendaciones-libros-infantil-3-600x450.jpg 600w, https:\/\/oui-oui.es\/blog\/wp-content\/uploads\/2019\/02\/Oui-Oui-hoy-leemos-recomendaciones-libros-infantil-3-640x480.jpg 640w\" sizes=\"auto, (max-width: 1024px) 100vw, 1024px\" \/><\/figure>\n\n\n\n<p><strong><a rel=\"noreferrer noopener\" aria-label=\"Poemas para todo el a\u00f1o:  (opens in a new tab)\" href=\"https:\/\/amzn.to\/2SLGhZ6\" target=\"_blank\">Poemas para todo el a\u00f1o: <\/a><\/strong> desde los 3 a\u00f1os aproximadamente, para ir famirializ\u00e1ndoles con las estaciones del a\u00f1o a trav\u00e9s de poemas, me encantan los libros de poemas y rimas para ni\u00f1os.<\/p>\n\n\n\n<p>\u00a1Espero que os gusten! estoy deseando contaros los que nos estamos leyendo ahora! <\/p>\n","protected":false},"excerpt":{"rendered":"<p>Como os contaba hace unas semanas me he propuesto compartir en el blog las lecturas de casa, tanto de los ni\u00f1os como las m\u00edas, as\u00ed que cada mes compartir\u00e9 las del mes anterior. En Instagram voy subiendo al destacdo de Stories Hoy Leemos los cuentos de los ni\u00f1os y al destacado Libros los que leo [&hellip;]<\/p>\n","protected":false},"author":1,"featured_media":9618,"comment_status":"open","ping_status":"open","sticky":false,"template":"","format":"standard","meta":{"jetpack_post_was_ever_published":false,"_jetpack_newsletter_access":"","_jetpack_dont_email_post_to_subs":false,"_jetpack_newsletter_tier_id":0,"_jetpack_memberships_contains_paywalled_content":false,"_jetpack_memberships_contains_paid_content":false,"footnotes":"","jetpack_publicize_message":"","jetpack_publicize_feature_enabled":true,"jetpack_social_post_already_shared":true,"jetpack_social_options":{"image_generator_settings":{"template":"highway","default_image_id":0,"font":"","enabled":false},"version":2}},"categories":[199,602,177,18],"tags":[858,748,812],"class_list":["post-9616","post","type-post","status-publish","format-standard","has-post-thumbnail","hentry","category-dia-de-la-madre","category-dia-del-padre","category-lifestyle-2","category-regalos-originales-para-ninos","tag-hoy-leemos","tag-libros","tag-libros-para-ninos"],"aioseo_notices":[],"jetpack_publicize_connections":[],"jetpack_featured_media_url":"https:\/\/oui-oui.es\/blog\/wp-content\/uploads\/2019\/02\/Oui-Oui-hoy-leemos-recomendaciones-libros-infantil-1.jpg","jetpack_sharing_enabled":true,"jetpack-related-posts":[{"id":9561,"url":"https:\/\/oui-oui.es\/blog\/hoy-leemos\/","url_meta":{"origin":9616,"position":0},"title":"Hoy leemos","author":"Mar\u00eda \u2665Oui Oui\u2665","date":"21 enero, 2019","format":false,"excerpt":"Como seguro que conocer\u00e9is, hace unos a\u00f1os se empez\u00f3 a utilizar el #HoyLeemos en Instagram para recomendar lecturas infantiles, hoy ese # tiene casi 60.000 fotos, as\u00ed que resulta muy dif\u00edcil filtrar bien en \u00e9l. Pero yo sigo nutri\u00e9ndome mucho de las recomendaciones de libros que hacen otras personas en\u2026","rel":"","context":"En \u00abNI\u00d1OS Y NI\u00d1AS\u00bb","block_context":{"text":"NI\u00d1OS Y NI\u00d1AS","link":"https:\/\/oui-oui.es\/blog\/category\/ninos\/"},"img":{"alt_text":"","src":"https:\/\/i0.wp.com\/oui-oui.es\/blog\/wp-content\/uploads\/2019\/01\/Oui-Oui-hoy-leemos-me-gusta-leer-libros-para-ni%C3%B1os-6.jpg?resize=350%2C200&ssl=1","width":350,"height":200,"srcset":"https:\/\/i0.wp.com\/oui-oui.es\/blog\/wp-content\/uploads\/2019\/01\/Oui-Oui-hoy-leemos-me-gusta-leer-libros-para-ni%C3%B1os-6.jpg?resize=350%2C200&ssl=1 1x, https:\/\/i0.wp.com\/oui-oui.es\/blog\/wp-content\/uploads\/2019\/01\/Oui-Oui-hoy-leemos-me-gusta-leer-libros-para-ni%C3%B1os-6.jpg?resize=525%2C300&ssl=1 1.5x, https:\/\/i0.wp.com\/oui-oui.es\/blog\/wp-content\/uploads\/2019\/01\/Oui-Oui-hoy-leemos-me-gusta-leer-libros-para-ni%C3%B1os-6.jpg?resize=700%2C400&ssl=1 2x, https:\/\/i0.wp.com\/oui-oui.es\/blog\/wp-content\/uploads\/2019\/01\/Oui-Oui-hoy-leemos-me-gusta-leer-libros-para-ni%C3%B1os-6.jpg?resize=1050%2C600&ssl=1 3x, https:\/\/i0.wp.com\/oui-oui.es\/blog\/wp-content\/uploads\/2019\/01\/Oui-Oui-hoy-leemos-me-gusta-leer-libros-para-ni%C3%B1os-6.jpg?resize=1400%2C800&ssl=1 4x"},"classes":[]},{"id":2158,"url":"https:\/\/oui-oui.es\/blog\/2158\/","url_meta":{"origin":9616,"position":1},"title":"Celebrando el d\u00eda del libro","author":"Mar\u00eda \u2665Oui Oui\u2665","date":"23 abril, 2015","format":false,"excerpt":"\u00a0 Como creo que ya he contado en otra ocasi\u00f3n, cada a\u00f1o, por el d\u00eda del libro (adem\u00e1s de en otras fechas, claro), mi madre nos regala un libro, el d\u00eda es la excusa, pero as\u00ed, desde que \u00e9ramos peque\u00f1os, hac\u00edamos el ejercicio de pensar y elegir el libro que\u2026","rel":"","context":"En \u00abNI\u00d1OS Y NI\u00d1AS\u00bb","block_context":{"text":"NI\u00d1OS Y NI\u00d1AS","link":"https:\/\/oui-oui.es\/blog\/category\/ninos\/"},"img":{"alt_text":"","src":"https:\/\/i0.wp.com\/oui-oui.es\/blog\/wp-content\/uploads\/2015\/04\/oui-oui-babyouilee-biberon-frapuccino-biberon-starbucks.jpg?resize=350%2C200&ssl=1","width":350,"height":200},"classes":[]},{"id":8900,"url":"https:\/\/oui-oui.es\/blog\/libros-sobre-feminismo-yo-tambien-soy-machista-y-otras-cosas\/","url_meta":{"origin":9616,"position":2},"title":"Libros sobre feminismo, yo tambi\u00e9n soy machista y otras cosas&#8230;","author":"Mar\u00eda \u2665Oui Oui\u2665","date":"8 marzo, 2018","format":false,"excerpt":"Si hubiera tenido tiempo esta semana hoy recibir\u00edas un post laaaargo sobre feminismo y, sobre lo que creo m\u00e1s importante, educar en el feminismo, que no es otra cosa que educar en la igualdad. Como no me da tiempo y soy feminista todos los d\u00edas, lo escribir\u00e9, posiblemente, en Semana\u2026","rel":"","context":"En \u00abMATERNIDAD\u00bb","block_context":{"text":"MATERNIDAD","link":"https:\/\/oui-oui.es\/blog\/category\/maternidad\/"},"img":{"alt_text":"","src":"https:\/\/i0.wp.com\/oui-oui.es\/blog\/wp-content\/uploads\/2018\/03\/Oui-Oui-libros-feminismo-como-educar-en-el-feminismo.jpg?resize=350%2C200&ssl=1","width":350,"height":200,"srcset":"https:\/\/i0.wp.com\/oui-oui.es\/blog\/wp-content\/uploads\/2018\/03\/Oui-Oui-libros-feminismo-como-educar-en-el-feminismo.jpg?resize=350%2C200&ssl=1 1x, https:\/\/i0.wp.com\/oui-oui.es\/blog\/wp-content\/uploads\/2018\/03\/Oui-Oui-libros-feminismo-como-educar-en-el-feminismo.jpg?resize=525%2C300&ssl=1 1.5x, https:\/\/i0.wp.com\/oui-oui.es\/blog\/wp-content\/uploads\/2018\/03\/Oui-Oui-libros-feminismo-como-educar-en-el-feminismo.jpg?resize=700%2C400&ssl=1 2x, https:\/\/i0.wp.com\/oui-oui.es\/blog\/wp-content\/uploads\/2018\/03\/Oui-Oui-libros-feminismo-como-educar-en-el-feminismo.jpg?resize=1050%2C600&ssl=1 3x, https:\/\/i0.wp.com\/oui-oui.es\/blog\/wp-content\/uploads\/2018\/03\/Oui-Oui-libros-feminismo-como-educar-en-el-feminismo.jpg?resize=1400%2C800&ssl=1 4x"},"classes":[]},{"id":3487,"url":"https:\/\/oui-oui.es\/blog\/la-wishlist-de-martin-por-su-segundo-cumpleanos\/","url_meta":{"origin":9616,"position":3},"title":"La wishlist de Mart\u00edn por su segundo cumplea\u00f1os","author":"Mar\u00eda \u2665Oui Oui\u2665","date":"12 octubre, 2015","format":false,"excerpt":"El cumplea\u00f1os de Mart\u00edn fue hace exactamente un mes y, como nos pill\u00f3 reci\u00e9n llegados de viaje y con l\u00edo de trabajo no me di\u00f3 tiempo a hacer su lista de regalos como me hubiera gustado, est\u00e1 claro que no pasa nada, tuvo regalos m\u00e1s que de sobra (hasta guard\u00e9\u2026","rel":"","context":"En \u00abNI\u00d1OS Y NI\u00d1AS\u00bb","block_context":{"text":"NI\u00d1OS Y NI\u00d1AS","link":"https:\/\/oui-oui.es\/blog\/category\/ninos\/"},"img":{"alt_text":"","src":"https:\/\/i0.wp.com\/oui-oui.es\/blog\/wp-content\/uploads\/2015\/10\/Oui-Oui-wishlist-martin-babyoui-material-montessori-torre-rosa-tigriteando.jpg?resize=350%2C200&ssl=1","width":350,"height":200},"classes":[]},{"id":5476,"url":"https:\/\/oui-oui.es\/blog\/11-cuentos-de-igualdad-y-feminismo-para-ninos\/","url_meta":{"origin":9616,"position":4},"title":"11 cuentos de igualdad y feminismo para ni\u00f1os","author":"Mar\u00eda \u2665Oui Oui\u2665","date":"2 junio, 2017","format":false,"excerpt":"Cuando naci\u00f3 Mart\u00edn recuper\u00e9 de casa de mis padres algunos de mis cuentos favoritos de cuando era peque\u00f1a, estaba claro no iba a le\u00e9rselos de inmediato, pero ah\u00ed estaban en su habitaci\u00f3n, en lo alto de un estante para que no los cogiera y se rompieran. Sin embargo el otro\u2026","rel":"","context":"En \u00abNI\u00d1OS Y NI\u00d1AS\u00bb","block_context":{"text":"NI\u00d1OS Y NI\u00d1AS","link":"https:\/\/oui-oui.es\/blog\/category\/ninos\/"},"img":{"alt_text":"","src":"https:\/\/i0.wp.com\/oui-oui.es\/blog\/wp-content\/uploads\/2017\/06\/Oui-Oui-libros-igualdad-cuentos-igualdad-coleccion-peque%C3%B1a-y-grande-rosa-caramelo-historia-de-unos-bocadillos-1.jpg?resize=350%2C200&ssl=1","width":350,"height":200,"srcset":"https:\/\/i0.wp.com\/oui-oui.es\/blog\/wp-content\/uploads\/2017\/06\/Oui-Oui-libros-igualdad-cuentos-igualdad-coleccion-peque%C3%B1a-y-grande-rosa-caramelo-historia-de-unos-bocadillos-1.jpg?resize=350%2C200&ssl=1 1x, https:\/\/i0.wp.com\/oui-oui.es\/blog\/wp-content\/uploads\/2017\/06\/Oui-Oui-libros-igualdad-cuentos-igualdad-coleccion-peque%C3%B1a-y-grande-rosa-caramelo-historia-de-unos-bocadillos-1.jpg?resize=525%2C300&ssl=1 1.5x, https:\/\/i0.wp.com\/oui-oui.es\/blog\/wp-content\/uploads\/2017\/06\/Oui-Oui-libros-igualdad-cuentos-igualdad-coleccion-peque%C3%B1a-y-grande-rosa-caramelo-historia-de-unos-bocadillos-1.jpg?resize=700%2C400&ssl=1 2x, https:\/\/i0.wp.com\/oui-oui.es\/blog\/wp-content\/uploads\/2017\/06\/Oui-Oui-libros-igualdad-cuentos-igualdad-coleccion-peque%C3%B1a-y-grande-rosa-caramelo-historia-de-unos-bocadillos-1.jpg?resize=1050%2C600&ssl=1 3x, https:\/\/i0.wp.com\/oui-oui.es\/blog\/wp-content\/uploads\/2017\/06\/Oui-Oui-libros-igualdad-cuentos-igualdad-coleccion-peque%C3%B1a-y-grande-rosa-caramelo-historia-de-unos-bocadillos-1.jpg?resize=1400%2C800&ssl=1 4x"},"classes":[]},{"id":10505,"url":"https:\/\/oui-oui.es\/blog\/los-cuentos-que-hemos-leido-ultimamente\/","url_meta":{"origin":9616,"position":5},"title":"Los cuentos que hemos le\u00eddo \u00faltimamente","author":"Mar\u00eda \u2665Oui Oui\u2665","date":"19 mayo, 2020","format":false,"excerpt":"Hace un a\u00f1o me propuse compartir en el blog los cuentos que le\u00edamos cada mes...Creo que escrib\u00ed dos post y ah\u00ed se qued\u00f3 la idea, si bien s\u00ed que comparto todas nuestras lecturas en Stories de mi cuenta de Instagram y ten\u00e9is sendos destacados HOY LEEMOS 1 y HOY LEEMOS\u2026","rel":"","context":"En \u00abEDUCACI\u00d3N\u00bb","block_context":{"text":"EDUCACI\u00d3N","link":"https:\/\/oui-oui.es\/blog\/category\/educacion\/"},"img":{"alt_text":"","src":"https:\/\/i0.wp.com\/oui-oui.es\/blog\/wp-content\/uploads\/2020\/05\/Oui-Oui-libros-recomendados-infantil-primaria-cuentos-para-ni%C3%B1os-cuatro-a%C3%B1os-cinco-a%C3%B1os-patio-editorial-tramintana-beascoa-daniela-pirata-1.jpg?resize=350%2C200&ssl=1","width":350,"height":200,"srcset":"https:\/\/i0.wp.com\/oui-oui.es\/blog\/wp-content\/uploads\/2020\/05\/Oui-Oui-libros-recomendados-infantil-primaria-cuentos-para-ni%C3%B1os-cuatro-a%C3%B1os-cinco-a%C3%B1os-patio-editorial-tramintana-beascoa-daniela-pirata-1.jpg?resize=350%2C200&ssl=1 1x, https:\/\/i0.wp.com\/oui-oui.es\/blog\/wp-content\/uploads\/2020\/05\/Oui-Oui-libros-recomendados-infantil-primaria-cuentos-para-ni%C3%B1os-cuatro-a%C3%B1os-cinco-a%C3%B1os-patio-editorial-tramintana-beascoa-daniela-pirata-1.jpg?resize=525%2C300&ssl=1 1.5x, https:\/\/i0.wp.com\/oui-oui.es\/blog\/wp-content\/uploads\/2020\/05\/Oui-Oui-libros-recomendados-infantil-primaria-cuentos-para-ni%C3%B1os-cuatro-a%C3%B1os-cinco-a%C3%B1os-patio-editorial-tramintana-beascoa-daniela-pirata-1.jpg?resize=700%2C400&ssl=1 2x, https:\/\/i0.wp.com\/oui-oui.es\/blog\/wp-content\/uploads\/2020\/05\/Oui-Oui-libros-recomendados-infantil-primaria-cuentos-para-ni%C3%B1os-cuatro-a%C3%B1os-cinco-a%C3%B1os-patio-editorial-tramintana-beascoa-daniela-pirata-1.jpg?resize=1050%2C600&ssl=1 3x, https:\/\/i0.wp.com\/oui-oui.es\/blog\/wp-content\/uploads\/2020\/05\/Oui-Oui-libros-recomendados-infantil-primaria-cuentos-para-ni%C3%B1os-cuatro-a%C3%B1os-cinco-a%C3%B1os-patio-editorial-tramintana-beascoa-daniela-pirata-1.jpg?resize=1400%2C800&ssl=1 4x"},"classes":[]}],"_links":{"self":[{"href":"https:\/\/oui-oui.es\/blog\/wp-json\/wp\/v2\/posts\/9616","targetHints":{"allow":["GET"]}}],"collection":[{"href":"https:\/\/oui-oui.es\/blog\/wp-json\/wp\/v2\/posts"}],"about":[{"href":"https:\/\/oui-oui.es\/blog\/wp-json\/wp\/v2\/types\/post"}],"author":[{"embeddable":true,"href":"https:\/\/oui-oui.es\/blog\/wp-json\/wp\/v2\/users\/1"}],"replies":[{"embeddable":true,"href":"https:\/\/oui-oui.es\/blog\/wp-json\/wp\/v2\/comments?post=9616"}],"version-history":[{"count":2,"href":"https:\/\/oui-oui.es\/blog\/wp-json\/wp\/v2\/posts\/9616\/revisions"}],"predecessor-version":[{"id":9624,"href":"https:\/\/oui-oui.es\/blog\/wp-json\/wp\/v2\/posts\/9616\/revisions\/9624"}],"wp:featuredmedia":[{"embeddable":true,"href":"https:\/\/oui-oui.es\/blog\/wp-json\/wp\/v2\/media\/9618"}],"wp:attachment":[{"href":"https:\/\/oui-oui.es\/blog\/wp-json\/wp\/v2\/media?parent=9616"}],"wp:term":[{"taxonomy":"category","embeddable":true,"href":"https:\/\/oui-oui.es\/blog\/wp-json\/wp\/v2\/categories?post=9616"},{"taxonomy":"post_tag","embeddable":true,"href":"https:\/\/oui-oui.es\/blog\/wp-json\/wp\/v2\/tags?post=9616"}],"curies":[{"name":"wp","href":"https:\/\/api.w.org\/{rel}","templated":true}]}}