{"id":973,"date":"2013-10-25T00:56:38","date_gmt":"2013-10-24T22:56:38","guid":{"rendered":"http:\/\/ouiouiblog.wordpress.com\/?p=973"},"modified":"2013-10-25T00:56:38","modified_gmt":"2013-10-24T22:56:38","slug":"una-historia-detras-de-cada-puerta-para-el-ratoncito-perez","status":"publish","type":"post","link":"https:\/\/oui-oui.es\/blog\/una-historia-detras-de-cada-puerta-para-el-ratoncito-perez\/","title":{"rendered":"Una historia detr\u00e1s de cada Puerta para el ratoncito P\u00e9rez"},"content":{"rendered":"<p style=\"text-align:center;\"><a href=\"http:\/\/ouiouiblog.files.wordpress.com\/2013\/10\/oui-oui-puerta-inglesa-mint-martc3adn.jpg\"><img loading=\"lazy\" decoding=\"async\" class=\"aligncenter size-full wp-image-979\" alt=\"Oui Oui-puerta inglesa mint Mart\u00edn\" src=\"http:\/\/ouiouiblog.files.wordpress.com\/2013\/10\/oui-oui-puerta-inglesa-mint-martc3adn.jpg\" width=\"529\" height=\"529\" srcset=\"https:\/\/oui-oui.es\/blog\/wp-content\/uploads\/oui-oui-puerta-inglesa-mint-martc3adn.jpg 612w, https:\/\/oui-oui.es\/blog\/wp-content\/uploads\/oui-oui-puerta-inglesa-mint-martc3adn-150x150.jpg 150w, https:\/\/oui-oui.es\/blog\/wp-content\/uploads\/oui-oui-puerta-inglesa-mint-martc3adn-300x300.jpg 300w\" sizes=\"auto, (max-width: 529px) 100vw, 529px\" \/><\/a><\/p>\n<p style=\"text-align:center;\">Me encanta imaginar la <strong>habitaci\u00f3n<\/strong> de cada ni\u00f1o o ni\u00f1a que ya tiene su <a href=\"http:\/\/www.oui-oui.es\/29-puertas-ratoncito-perez\" target=\"_blank\"><strong>puerta del ratoncito P\u00e9rez<\/strong><\/a>, d\u00f3nde la habr\u00e1 colocado, si la mirar\u00e1n con asombro o si inventan historias sobre el ratoncito mientras no hay diente en vilo, o, mejor a\u00fan, la noche de la espera, y cuando al d\u00eda siguiente ven que se ha <em>bebido<\/em> una lecherita, por ejemplo.<\/p>\n<p style=\"text-align:center;\"><a href=\"http:\/\/ouiouiblog.files.wordpress.com\/2013\/10\/oui-oui-puerta-ratoncito-pc3a9rez-verde-pino.jpg\"><img loading=\"lazy\" decoding=\"async\" class=\"aligncenter size-full wp-image-977\" alt=\"Oui Oui-puerta ratoncito P\u00e9rez verde pino\" src=\"http:\/\/ouiouiblog.files.wordpress.com\/2013\/10\/oui-oui-puerta-ratoncito-pc3a9rez-verde-pino.jpg\" width=\"529\" height=\"705\" srcset=\"https:\/\/oui-oui.es\/blog\/wp-content\/uploads\/oui-oui-puerta-ratoncito-pc3a9rez-verde-pino.jpg 1536w, https:\/\/oui-oui.es\/blog\/wp-content\/uploads\/oui-oui-puerta-ratoncito-pc3a9rez-verde-pino-225x300.jpg 225w, https:\/\/oui-oui.es\/blog\/wp-content\/uploads\/oui-oui-puerta-ratoncito-pc3a9rez-verde-pino-768x1024.jpg 768w\" sizes=\"auto, (max-width: 529px) 100vw, 529px\" \/><\/a><\/p>\n<p style=\"text-align:center;\">Porque en menos de dos meses <strong>se cumplir\u00e1 un a\u00f1o desde que hici\u00e9ramos la primera puerta<\/strong> y desde entonces he conocido muchas historias; de <strong>puertas del ratoncito p\u00e9rez<\/strong> para <strong>beb\u00e9s<\/strong> reci\u00e9n nacidos, otras para mayores fans del ratoncito que ten\u00edan hasta la <strong>caja de galletas<\/strong> donde originalmente viv\u00eda, para peques con dientes movedizos en <strong>multitud de colores<\/strong>, una hasta <strong>para la habitaci\u00f3n de un perro<\/strong> o alguna para <strong>consultas de dentista<\/strong> por la que pasan muchos dientes \ud83d\ude09<\/p>\n<p style=\"text-align:center;\"><a href=\"http:\/\/ouiouiblog.files.wordpress.com\/2013\/10\/oui-oui-puertas-ratoncito-pc3a9rez-balnca-colombia.jpg\"><img loading=\"lazy\" decoding=\"async\" class=\"aligncenter size-full wp-image-982\" alt=\"Oui Oui-puertas ratoncito p\u00e9rez-balnca-colombia\" src=\"http:\/\/ouiouiblog.files.wordpress.com\/2013\/10\/oui-oui-puertas-ratoncito-pc3a9rez-balnca-colombia.jpg\" width=\"478\" height=\"640\" srcset=\"https:\/\/oui-oui.es\/blog\/wp-content\/uploads\/oui-oui-puertas-ratoncito-pc3a9rez-balnca-colombia.jpg 478w, https:\/\/oui-oui.es\/blog\/wp-content\/uploads\/oui-oui-puertas-ratoncito-pc3a9rez-balnca-colombia-224x300.jpg 224w\" sizes=\"auto, (max-width: 478px) 100vw, 478px\" \/><\/a><\/p>\n<p style=\"text-align:center;\">Porque <strong>detr\u00e1s de cada n\u00famero<\/strong> que nos ped\u00eds <strong>hay una historia<\/strong>, un cumplea\u00f1os, un n\u00famero de la calle, de la suerte&#8230;Todo tiene su porqu\u00e9 y eso me gusta!<\/p>\n<p style=\"text-align:center;\"><a href=\"http:\/\/ouiouiblog.files.wordpress.com\/2013\/10\/oui-oui-puertas-ratoncito-pc3a9rez-negra-san-pedro.jpg\"><img loading=\"lazy\" decoding=\"async\" class=\"aligncenter size-full wp-image-986\" alt=\"Oui Oui-puertas ratoncito p\u00e9rez-negra-san pedro\" src=\"http:\/\/ouiouiblog.files.wordpress.com\/2013\/10\/oui-oui-puertas-ratoncito-pc3a9rez-negra-san-pedro.jpg\" width=\"529\" height=\"529\" srcset=\"https:\/\/oui-oui.es\/blog\/wp-content\/uploads\/oui-oui-puertas-ratoncito-pc3a9rez-negra-san-pedro.jpg 612w, https:\/\/oui-oui.es\/blog\/wp-content\/uploads\/oui-oui-puertas-ratoncito-pc3a9rez-negra-san-pedro-150x150.jpg 150w, https:\/\/oui-oui.es\/blog\/wp-content\/uploads\/oui-oui-puertas-ratoncito-pc3a9rez-negra-san-pedro-300x300.jpg 300w\" sizes=\"auto, (max-width: 529px) 100vw, 529px\" \/><\/a><\/p>\n<p style=\"text-align:center;\">Empezamos personalizando las <a href=\"http:\/\/www.oui-oui.es\/29-puertas-ratoncito-perez\" target=\"_blank\"><strong>puertas para el ratoncito P\u00e9rez<\/strong><\/a> en blanco, crema, gris, y azul y rosa beb\u00e9, y desde entonces hemos ido incorporando todos los colores que nos hab\u00e9is pedido; <strong>rojo, verde gris\u00e1ceo, negro, mint, amarillo beb\u00e9<\/strong>&#8230;Y me encanta ver el resultado, pod\u00e9is verlo en las diferentes fotos!<\/p>\n<p style=\"text-align:center;\"><a href=\"http:\/\/ouiouiblog.files.wordpress.com\/2013\/10\/oui-oui-puerta-ratoncito-pc3a9rez-victoriana-verde-pino-212.jpg\"><img loading=\"lazy\" decoding=\"async\" class=\"aligncenter size-full wp-image-978\" alt=\"Oui Oui-puerta ratoncito P\u00e9rez victoriana verde pino 212\" src=\"http:\/\/ouiouiblog.files.wordpress.com\/2013\/10\/oui-oui-puerta-ratoncito-pc3a9rez-victoriana-verde-pino-212.jpg\" width=\"529\" height=\"529\" srcset=\"https:\/\/oui-oui.es\/blog\/wp-content\/uploads\/oui-oui-puerta-ratoncito-pc3a9rez-victoriana-verde-pino-212.jpg 612w, https:\/\/oui-oui.es\/blog\/wp-content\/uploads\/oui-oui-puerta-ratoncito-pc3a9rez-victoriana-verde-pino-212-150x150.jpg 150w, https:\/\/oui-oui.es\/blog\/wp-content\/uploads\/oui-oui-puerta-ratoncito-pc3a9rez-victoriana-verde-pino-212-300x300.jpg 300w\" sizes=\"auto, (max-width: 529px) 100vw, 529px\" \/><\/a> <a href=\"http:\/\/ouiouiblog.files.wordpress.com\/2013\/10\/oui-oui-puerta-ratoncito-pc3a9rez-con-botellas-cocac2b4cola.jpg\"><img loading=\"lazy\" decoding=\"async\" class=\"aligncenter size-full wp-image-974\" alt=\"Oui Oui-puerta ratoncito P\u00e9rez con botellas Coca\u00b4Cola\" src=\"http:\/\/ouiouiblog.files.wordpress.com\/2013\/10\/oui-oui-puerta-ratoncito-pc3a9rez-con-botellas-cocac2b4cola.jpg\" width=\"529\" height=\"705\" srcset=\"https:\/\/oui-oui.es\/blog\/wp-content\/uploads\/oui-oui-puerta-ratoncito-pc3a9rez-con-botellas-cocac2b4cola.jpg 2448w, https:\/\/oui-oui.es\/blog\/wp-content\/uploads\/oui-oui-puerta-ratoncito-pc3a9rez-con-botellas-cocac2b4cola-225x300.jpg 225w, https:\/\/oui-oui.es\/blog\/wp-content\/uploads\/oui-oui-puerta-ratoncito-pc3a9rez-con-botellas-cocac2b4cola-768x1024.jpg 768w\" sizes=\"auto, (max-width: 529px) 100vw, 529px\" \/><\/a><a href=\"http:\/\/ouiouiblog.files.wordpress.com\/2013\/10\/oui-oui-puerta-ratoncito-pc3a9rez-verde-cc3a9sped.jpg\"><img loading=\"lazy\" decoding=\"async\" class=\"aligncenter size-full wp-image-976\" alt=\"Oui Oui-puerta ratoncito p\u00e9rez verde c\u00e9sped\" src=\"http:\/\/ouiouiblog.files.wordpress.com\/2013\/10\/oui-oui-puerta-ratoncito-pc3a9rez-verde-cc3a9sped.jpg\" width=\"529\" height=\"529\" srcset=\"https:\/\/oui-oui.es\/blog\/wp-content\/uploads\/oui-oui-puerta-ratoncito-pc3a9rez-verde-cc3a9sped.jpg 612w, https:\/\/oui-oui.es\/blog\/wp-content\/uploads\/oui-oui-puerta-ratoncito-pc3a9rez-verde-cc3a9sped-150x150.jpg 150w, https:\/\/oui-oui.es\/blog\/wp-content\/uploads\/oui-oui-puerta-ratoncito-pc3a9rez-verde-cc3a9sped-300x300.jpg 300w\" sizes=\"auto, (max-width: 529px) 100vw, 529px\" \/><\/a><a href=\"http:\/\/ouiouiblog.files.wordpress.com\/2013\/10\/oui-oui-puerta-ratoncito-pc3a9rez-amarillo-bebc3a9-golosinas.jpg\"><img loading=\"lazy\" decoding=\"async\" class=\"aligncenter size-full wp-image-987\" alt=\"Oui OUi-puerta ratoncito p\u00e9rez-amarillo beb\u00e9-golosinas\" src=\"http:\/\/ouiouiblog.files.wordpress.com\/2013\/10\/oui-oui-puerta-ratoncito-pc3a9rez-amarillo-bebc3a9-golosinas.jpg\" width=\"529\" height=\"529\" srcset=\"https:\/\/oui-oui.es\/blog\/wp-content\/uploads\/oui-oui-puerta-ratoncito-pc3a9rez-amarillo-bebc3a9-golosinas.jpg 640w, https:\/\/oui-oui.es\/blog\/wp-content\/uploads\/oui-oui-puerta-ratoncito-pc3a9rez-amarillo-bebc3a9-golosinas-150x150.jpg 150w, https:\/\/oui-oui.es\/blog\/wp-content\/uploads\/oui-oui-puerta-ratoncito-pc3a9rez-amarillo-bebc3a9-golosinas-300x300.jpg 300w\" sizes=\"auto, (max-width: 529px) 100vw, 529px\" \/><\/a><\/p>\n<p style=\"text-align:center;\">Lo mismo pas\u00f3 con los complementos&#8230;Pensando en el <strong>ratoncito P\u00e9rez<\/strong> hicimos <strong>quesos, paquetitos de regalo sorpresa, escaleras<\/strong> para que llegase encima del rodapi\u00e9, pero no me pude resisitir a incluir unas <strong>bolsas kraft<\/strong> para dejar el diente, el <strong>clipboard<\/strong> para escribir un mensajito, un <strong>felpudo<\/strong> que le de la bienvenida o un <strong>peri\u00f3dico<\/strong>&#8230;Y por supuesto, las <strong>lecheritas<\/strong>!!, que adem\u00e1s me han chivado que le encanta bebeberse!!<\/p>\n<p style=\"text-align:center;\"><a href=\"http:\/\/ouiouiblog.files.wordpress.com\/2013\/10\/puerta-ratoncito-perez-oui-oui-mexico-tere.jpg\"><img loading=\"lazy\" decoding=\"async\" class=\"aligncenter size-full wp-image-984\" alt=\"puerta ratoncito perez-oui oui-mexico-tere\" src=\"http:\/\/ouiouiblog.files.wordpress.com\/2013\/10\/puerta-ratoncito-perez-oui-oui-mexico-tere.jpg\" width=\"529\" height=\"396\" srcset=\"https:\/\/oui-oui.es\/blog\/wp-content\/uploads\/puerta-ratoncito-perez-oui-oui-mexico-tere.jpg 960w, https:\/\/oui-oui.es\/blog\/wp-content\/uploads\/puerta-ratoncito-perez-oui-oui-mexico-tere-300x225.jpg 300w\" sizes=\"auto, (max-width: 529px) 100vw, 529px\" \/><\/a><\/p>\n<p style=\"text-align:center;\">Y en verano, claro&#8230;<strong>Frambuesas<\/strong>!!<\/p>\n<p style=\"text-align:center;\"><a href=\"http:\/\/ouiouiblog.files.wordpress.com\/2013\/10\/oui-oui-puerta-ratoncito-pc3a9rez-con-frambuesas.jpg\"><img loading=\"lazy\" decoding=\"async\" class=\"aligncenter size-full wp-image-975\" alt=\"Oui Oui-puerta ratoncito p\u00e9rez con frambuesas\" src=\"http:\/\/ouiouiblog.files.wordpress.com\/2013\/10\/oui-oui-puerta-ratoncito-pc3a9rez-con-frambuesas.jpg\" width=\"529\" height=\"529\" srcset=\"https:\/\/oui-oui.es\/blog\/wp-content\/uploads\/oui-oui-puerta-ratoncito-pc3a9rez-con-frambuesas.jpg 612w, https:\/\/oui-oui.es\/blog\/wp-content\/uploads\/oui-oui-puerta-ratoncito-pc3a9rez-con-frambuesas-150x150.jpg 150w, https:\/\/oui-oui.es\/blog\/wp-content\/uploads\/oui-oui-puerta-ratoncito-pc3a9rez-con-frambuesas-300x300.jpg 300w\" sizes=\"auto, (max-width: 529px) 100vw, 529px\" \/><\/a>Aunque ya tenemos la cabeza en el invierno y la Navidad ;)&#8230;S\u00f3lo recordaros que el plazo de entrega normal es de una semana, pero si se acumulan muchos pedidos pueden tardar un poco m\u00e1s, <strong>si est\u00e1s pensando en regalar una <a href=\"http:\/\/www.oui-oui.es\/29-puertas-ratoncito-perez\" target=\"_blank\">puerta del ratoncito P\u00e9rez<\/a> por navidad, adelanta el encargo para que llegue a tiempo!!<\/strong><\/p>\n<p style=\"text-align:center;\"><a href=\"http:\/\/ouiouiblog.files.wordpress.com\/2013\/10\/oui-oui-puerta-ratoncito-pc3a9rez-dorothy.jpg\"><img loading=\"lazy\" decoding=\"async\" class=\"aligncenter size-full wp-image-980\" alt=\"Oui Oui-puerta ratoncito P\u00e9rez dorothy\" src=\"http:\/\/ouiouiblog.files.wordpress.com\/2013\/10\/oui-oui-puerta-ratoncito-pc3a9rez-dorothy.jpg\" width=\"529\" height=\"529\" srcset=\"https:\/\/oui-oui.es\/blog\/wp-content\/uploads\/oui-oui-puerta-ratoncito-pc3a9rez-dorothy.jpg 612w, https:\/\/oui-oui.es\/blog\/wp-content\/uploads\/oui-oui-puerta-ratoncito-pc3a9rez-dorothy-150x150.jpg 150w, https:\/\/oui-oui.es\/blog\/wp-content\/uploads\/oui-oui-puerta-ratoncito-pc3a9rez-dorothy-300x300.jpg 300w\" sizes=\"auto, (max-width: 529px) 100vw, 529px\" \/><\/a><\/p>\n<p style=\"text-align:center;\">Pod\u00e9is ver todos los modelos de <a href=\"http:\/\/www.oui-oui.es\/29-puertas-ratoncito-perez\" target=\"_blank\"><strong>puertas del ratoncito P\u00e9rez<\/strong><\/a> <a href=\"http:\/\/www.oui-oui.es\/29-puertas-ratoncito-perez\" target=\"_blank\">aqu\u00ed <\/a><\/p>\n<p style=\"text-align:center;\"><strong>Mart\u00edn<\/strong> ya tiene la suya, claro!<\/p>\n<p style=\"text-align:center;\"><a href=\"http:\/\/ouiouiblog.files.wordpress.com\/2013\/10\/oui-oui-puertas-ratoncito-pc3a9rez-martc3adn-color-mint-esclaera-lechera-queso.jpg\"><img loading=\"lazy\" decoding=\"async\" class=\"aligncenter size-full wp-image-985\" alt=\"Oui Oui-puertas ratoncito p\u00e9rez-mart\u00edn-color mint-esclaera-lechera-queso\" src=\"http:\/\/ouiouiblog.files.wordpress.com\/2013\/10\/oui-oui-puertas-ratoncito-pc3a9rez-martc3adn-color-mint-esclaera-lechera-queso.jpg\" width=\"529\" height=\"705\" \/><\/a>Todas las fotos son de <strong>puertas para el ratoncito P\u00e9rez hechas por Oui Oui<\/strong>, si la coges para un post o para compartirla, por favor, <strong>cita la fuente www.oui-oui.es<\/strong> GRACIAS!<\/p>\n","protected":false},"excerpt":{"rendered":"<p>Me encanta imaginar la habitaci\u00f3n de cada ni\u00f1o o ni\u00f1a que ya tiene su puerta del ratoncito P\u00e9rez, d\u00f3nde la habr\u00e1 colocado, si la mirar\u00e1n con asombro o si inventan historias sobre el ratoncito mientras no hay diente en vilo, o, mejor a\u00fan, la noche de la espera, y cuando al d\u00eda siguiente ven que [&hellip;]<\/p>\n","protected":false},"author":1,"featured_media":979,"comment_status":"open","ping_status":"open","sticky":false,"template":"","format":"standard","meta":{"jetpack_post_was_ever_published":false,"_jetpack_newsletter_access":"","_jetpack_dont_email_post_to_subs":false,"_jetpack_newsletter_tier_id":0,"_jetpack_memberships_contains_paywalled_content":false,"_jetpack_memberships_contains_paid_content":false,"footnotes":"","jetpack_publicize_message":"","jetpack_publicize_feature_enabled":true,"jetpack_social_post_already_shared":false,"jetpack_social_options":{"image_generator_settings":{"template":"highway","default_image_id":0,"font":"","enabled":false},"version":2}},"categories":[175,18],"tags":[733,340,734],"class_list":["post-973","post","type-post","status-publish","format-standard","has-post-thumbnail","hentry","category-puertas-para-el-ratoncito-perez","category-regalos-originales-para-ninos","tag-oui-oui-concept-store","tag-puertas-ratoncito-perez","tag-regalos"],"aioseo_notices":[],"jetpack_publicize_connections":[],"jetpack_featured_media_url":"https:\/\/oui-oui.es\/blog\/wp-content\/uploads\/oui-oui-puerta-inglesa-mint-martc3adn.jpg","jetpack_sharing_enabled":true,"jetpack-related-posts":[{"id":4546,"url":"https:\/\/oui-oui.es\/blog\/las-puertas-del-ratoncito-de-junio\/","url_meta":{"origin":973,"position":0},"title":"Las puertas del ratoncito de junio","author":"Mar\u00eda \u2665Oui Oui\u2665","date":"28 junio, 2016","format":false,"excerpt":"\u00a0 Con junio lleg\u00f3 el calor, las terracitas y la vida al aire libre, el ratoncito P\u00e9rez no pod\u00eda ser menos y hemos tra\u00eddo un mont\u00f3n de complementos nuevos para hacerle m\u00e1s fresca y alegre la visita a casa; una planta, una bici (por si quiere moverse en ella entre\u2026","rel":"","context":"En \u00abPUERTAS RATONCITO P\u00c9REZ\u00bb","block_context":{"text":"PUERTAS RATONCITO P\u00c9REZ","link":"https:\/\/oui-oui.es\/blog\/category\/puertas-para-el-ratoncito-perez\/"},"img":{"alt_text":"","src":"https:\/\/i0.wp.com\/oui-oui.es\/blog\/wp-content\/uploads\/2016\/06\/Oui-Oui-puertas-ratoncito-p%C3%A9rez-ratoncitos-maileg-mint.jpg?resize=350%2C200&ssl=1","width":350,"height":200,"srcset":"https:\/\/i0.wp.com\/oui-oui.es\/blog\/wp-content\/uploads\/2016\/06\/Oui-Oui-puertas-ratoncito-p%C3%A9rez-ratoncitos-maileg-mint.jpg?resize=350%2C200&ssl=1 1x, https:\/\/i0.wp.com\/oui-oui.es\/blog\/wp-content\/uploads\/2016\/06\/Oui-Oui-puertas-ratoncito-p%C3%A9rez-ratoncitos-maileg-mint.jpg?resize=525%2C300&ssl=1 1.5x, https:\/\/i0.wp.com\/oui-oui.es\/blog\/wp-content\/uploads\/2016\/06\/Oui-Oui-puertas-ratoncito-p%C3%A9rez-ratoncitos-maileg-mint.jpg?resize=700%2C400&ssl=1 2x, https:\/\/i0.wp.com\/oui-oui.es\/blog\/wp-content\/uploads\/2016\/06\/Oui-Oui-puertas-ratoncito-p%C3%A9rez-ratoncitos-maileg-mint.jpg?resize=1050%2C600&ssl=1 3x, https:\/\/i0.wp.com\/oui-oui.es\/blog\/wp-content\/uploads\/2016\/06\/Oui-Oui-puertas-ratoncito-p%C3%A9rez-ratoncitos-maileg-mint.jpg?resize=1400%2C800&ssl=1 4x"},"classes":[]},{"id":10866,"url":"https:\/\/oui-oui.es\/blog\/algunas-puertas-del-ratoncito-perez-de-mayo\/","url_meta":{"origin":973,"position":1},"title":"Algunas puertas del ratoncito P\u00e9rez de mayo","author":"Mar\u00eda \u2665Oui Oui\u2665","date":"21 mayo, 2024","format":false,"excerpt":"Algunas de las Puertas para el Ratoncito P\u00e9rez que hemos hecho en el \u00faltimo mes.","rel":"","context":"En \u00abPUERTAS RATONCITO P\u00c9REZ\u00bb","block_context":{"text":"PUERTAS RATONCITO P\u00c9REZ","link":"https:\/\/oui-oui.es\/blog\/category\/puertas-para-el-ratoncito-perez\/"},"img":{"alt_text":"","src":"https:\/\/i0.wp.com\/oui-oui.es\/blog\/wp-content\/uploads\/2024\/05\/Oui-Oui-Puerta-Ratoncito-Perez-Ratoncitos-Maileg-Autenticas-Puertas-Ratoncito-Perez-6-scaled.jpg?resize=350%2C200&ssl=1","width":350,"height":200,"srcset":"https:\/\/i0.wp.com\/oui-oui.es\/blog\/wp-content\/uploads\/2024\/05\/Oui-Oui-Puerta-Ratoncito-Perez-Ratoncitos-Maileg-Autenticas-Puertas-Ratoncito-Perez-6-scaled.jpg?resize=350%2C200&ssl=1 1x, https:\/\/i0.wp.com\/oui-oui.es\/blog\/wp-content\/uploads\/2024\/05\/Oui-Oui-Puerta-Ratoncito-Perez-Ratoncitos-Maileg-Autenticas-Puertas-Ratoncito-Perez-6-scaled.jpg?resize=525%2C300&ssl=1 1.5x, https:\/\/i0.wp.com\/oui-oui.es\/blog\/wp-content\/uploads\/2024\/05\/Oui-Oui-Puerta-Ratoncito-Perez-Ratoncitos-Maileg-Autenticas-Puertas-Ratoncito-Perez-6-scaled.jpg?resize=700%2C400&ssl=1 2x, https:\/\/i0.wp.com\/oui-oui.es\/blog\/wp-content\/uploads\/2024\/05\/Oui-Oui-Puerta-Ratoncito-Perez-Ratoncitos-Maileg-Autenticas-Puertas-Ratoncito-Perez-6-scaled.jpg?resize=1050%2C600&ssl=1 3x, https:\/\/i0.wp.com\/oui-oui.es\/blog\/wp-content\/uploads\/2024\/05\/Oui-Oui-Puerta-Ratoncito-Perez-Ratoncitos-Maileg-Autenticas-Puertas-Ratoncito-Perez-6-scaled.jpg?resize=1400%2C800&ssl=1 4x"},"classes":[]},{"id":2495,"url":"https:\/\/oui-oui.es\/blog\/las-puertas-del-ratoncito-perez-de-mayo\/","url_meta":{"origin":973,"position":2},"title":"Las puertas del ratoncito P\u00e9rez de mayo","author":"Mar\u00eda \u2665Oui Oui\u2665","date":"1 junio, 2015","format":false,"excerpt":"\u00a0 Creo que me he saltado un par de meses porque hemos tenido mucho l\u00edo, pero no quer\u00eda dejar de ense\u00f1aros por aqu\u00ed alguna de las puertas para el ratoncito P\u00e9rez que hemos hecho este mes, como sab\u00e9is, las hacemos personalizadas\u00a0con el n\u00famero o nombre que quer\u00e1is, as\u00ed como con\u2026","rel":"","context":"En \u00abNI\u00d1OS Y NI\u00d1AS\u00bb","block_context":{"text":"NI\u00d1OS Y NI\u00d1AS","link":"https:\/\/oui-oui.es\/blog\/category\/ninos\/"},"img":{"alt_text":"","src":"https:\/\/i0.wp.com\/oui-oui.es\/blog\/wp-content\/uploads\/2015\/06\/oui-oui-edicion-especial-puerta-ratocnito-pc3a9rez-san-isidro-puerta-chulapa.jpg?resize=350%2C200&ssl=1","width":350,"height":200},"classes":[]},{"id":4232,"url":"https:\/\/oui-oui.es\/blog\/las-puertas-del-ratoncito-de-este-ano\/","url_meta":{"origin":973,"position":3},"title":"Las puertas del ratoncito de este a\u00f1o","author":"Mar\u00eda \u2665Oui Oui\u2665","date":"26 abril, 2016","format":false,"excerpt":"Mi intenci\u00f3n era ense\u00f1aros una selecci\u00f3n de las puertas para el ratoncito P\u00e9rez que hacemos cada mes, pero lo cierto es que vamos a mil con los pedidos y seg\u00fan las trae mi padre a la oficina salen corriendo hacia vuetsras casas y muchas veces no me da tiempo a\u2026","rel":"","context":"En \u00abNI\u00d1OS Y NI\u00d1AS\u00bb","block_context":{"text":"NI\u00d1OS Y NI\u00d1AS","link":"https:\/\/oui-oui.es\/blog\/category\/ninos\/"},"img":{"alt_text":"","src":"https:\/\/i0.wp.com\/oui-oui.es\/blog\/wp-content\/uploads\/2016\/04\/Oui-Oui-puerta-ratoncito-perez-puerta-raton-perez-dream-big.jpg?resize=350%2C200&ssl=1","width":350,"height":200,"srcset":"https:\/\/i0.wp.com\/oui-oui.es\/blog\/wp-content\/uploads\/2016\/04\/Oui-Oui-puerta-ratoncito-perez-puerta-raton-perez-dream-big.jpg?resize=350%2C200&ssl=1 1x, https:\/\/i0.wp.com\/oui-oui.es\/blog\/wp-content\/uploads\/2016\/04\/Oui-Oui-puerta-ratoncito-perez-puerta-raton-perez-dream-big.jpg?resize=525%2C300&ssl=1 1.5x, https:\/\/i0.wp.com\/oui-oui.es\/blog\/wp-content\/uploads\/2016\/04\/Oui-Oui-puerta-ratoncito-perez-puerta-raton-perez-dream-big.jpg?resize=700%2C400&ssl=1 2x, https:\/\/i0.wp.com\/oui-oui.es\/blog\/wp-content\/uploads\/2016\/04\/Oui-Oui-puerta-ratoncito-perez-puerta-raton-perez-dream-big.jpg?resize=1050%2C600&ssl=1 3x, https:\/\/i0.wp.com\/oui-oui.es\/blog\/wp-content\/uploads\/2016\/04\/Oui-Oui-puerta-ratoncito-perez-puerta-raton-perez-dream-big.jpg?resize=1400%2C800&ssl=1 4x"},"classes":[]},{"id":3293,"url":"https:\/\/oui-oui.es\/blog\/una-puerta-del-ratoncito-perez-con-boca-de-riego\/","url_meta":{"origin":973,"position":4},"title":"Una puerta del ratoncito P\u00e9rez con boca de riego","author":"Mar\u00eda \u2665Oui Oui\u2665","date":"14 septiembre, 2015","format":false,"excerpt":"No me canso de deciros lo que me gusta conocer vuestras historias con nuestros produtos y, en concreto, con las puertas del ratoncito P\u00e9rez, m\u00e1s a\u00fan. Nos encanta ver vuestras puertas colocadas, cuando customiz\u00e1is alg\u00fan complemento, conocer la historia del porqu\u00e9 del nombre o n\u00famero que ped\u00eds o hasta cuando\u2026","rel":"","context":"En \u00abNI\u00d1OS Y NI\u00d1AS\u00bb","block_context":{"text":"NI\u00d1OS Y NI\u00d1AS","link":"https:\/\/oui-oui.es\/blog\/category\/ninos\/"},"img":{"alt_text":"","src":"https:\/\/i0.wp.com\/oui-oui.es\/blog\/wp-content\/uploads\/2015\/09\/Oui-Oui-puerta-ratoncito-p%C3%A9rez-casita-ratoncito-perez-9.jpg?resize=350%2C200&ssl=1","width":350,"height":200,"srcset":"https:\/\/i0.wp.com\/oui-oui.es\/blog\/wp-content\/uploads\/2015\/09\/Oui-Oui-puerta-ratoncito-p%C3%A9rez-casita-ratoncito-perez-9.jpg?resize=350%2C200&ssl=1 1x, https:\/\/i0.wp.com\/oui-oui.es\/blog\/wp-content\/uploads\/2015\/09\/Oui-Oui-puerta-ratoncito-p%C3%A9rez-casita-ratoncito-perez-9.jpg?resize=525%2C300&ssl=1 1.5x, https:\/\/i0.wp.com\/oui-oui.es\/blog\/wp-content\/uploads\/2015\/09\/Oui-Oui-puerta-ratoncito-p%C3%A9rez-casita-ratoncito-perez-9.jpg?resize=700%2C400&ssl=1 2x, https:\/\/i0.wp.com\/oui-oui.es\/blog\/wp-content\/uploads\/2015\/09\/Oui-Oui-puerta-ratoncito-p%C3%A9rez-casita-ratoncito-perez-9.jpg?resize=1050%2C600&ssl=1 3x, https:\/\/i0.wp.com\/oui-oui.es\/blog\/wp-content\/uploads\/2015\/09\/Oui-Oui-puerta-ratoncito-p%C3%A9rez-casita-ratoncito-perez-9.jpg?resize=1400%2C800&ssl=1 4x"},"classes":[]},{"id":4397,"url":"https:\/\/oui-oui.es\/blog\/las-puertas-del-ratoncito-perez-de-mayo-2\/","url_meta":{"origin":973,"position":5},"title":"Las puertas del ratoncito P\u00e9rez de mayo","author":"Mar\u00eda \u2665Oui Oui\u2665","date":"3 junio, 2016","format":false,"excerpt":"Durante las \u00faltimas semanas hemos hecho algunas puertas para el ratoncito P\u00e9rez m\u00e1s especiales, llev\u00e1bamos un tiempo trabajando en una de las m\u00e1s personalizadas que hemos ehcho hasta el momento y por fin vio la luz...Se trata de la puerta del rat\u00f3n P\u00e9rez de la pasteler\u00eda Motteau en el Barrio\u2026","rel":"","context":"En \u00abNI\u00d1OS Y NI\u00d1AS\u00bb","block_context":{"text":"NI\u00d1OS Y NI\u00d1AS","link":"https:\/\/oui-oui.es\/blog\/category\/ninos\/"},"img":{"alt_text":"","src":"https:\/\/i0.wp.com\/oui-oui.es\/blog\/wp-content\/uploads\/2016\/06\/Oui-Oui-puerta-ratoncito-P%C3%A9rez-Motteau-bakery-madrid.jpg?resize=350%2C200&ssl=1","width":350,"height":200,"srcset":"https:\/\/i0.wp.com\/oui-oui.es\/blog\/wp-content\/uploads\/2016\/06\/Oui-Oui-puerta-ratoncito-P%C3%A9rez-Motteau-bakery-madrid.jpg?resize=350%2C200&ssl=1 1x, https:\/\/i0.wp.com\/oui-oui.es\/blog\/wp-content\/uploads\/2016\/06\/Oui-Oui-puerta-ratoncito-P%C3%A9rez-Motteau-bakery-madrid.jpg?resize=525%2C300&ssl=1 1.5x, https:\/\/i0.wp.com\/oui-oui.es\/blog\/wp-content\/uploads\/2016\/06\/Oui-Oui-puerta-ratoncito-P%C3%A9rez-Motteau-bakery-madrid.jpg?resize=700%2C400&ssl=1 2x, https:\/\/i0.wp.com\/oui-oui.es\/blog\/wp-content\/uploads\/2016\/06\/Oui-Oui-puerta-ratoncito-P%C3%A9rez-Motteau-bakery-madrid.jpg?resize=1050%2C600&ssl=1 3x, https:\/\/i0.wp.com\/oui-oui.es\/blog\/wp-content\/uploads\/2016\/06\/Oui-Oui-puerta-ratoncito-P%C3%A9rez-Motteau-bakery-madrid.jpg?resize=1400%2C800&ssl=1 4x"},"classes":[]}],"_links":{"self":[{"href":"https:\/\/oui-oui.es\/blog\/wp-json\/wp\/v2\/posts\/973","targetHints":{"allow":["GET"]}}],"collection":[{"href":"https:\/\/oui-oui.es\/blog\/wp-json\/wp\/v2\/posts"}],"about":[{"href":"https:\/\/oui-oui.es\/blog\/wp-json\/wp\/v2\/types\/post"}],"author":[{"embeddable":true,"href":"https:\/\/oui-oui.es\/blog\/wp-json\/wp\/v2\/users\/1"}],"replies":[{"embeddable":true,"href":"https:\/\/oui-oui.es\/blog\/wp-json\/wp\/v2\/comments?post=973"}],"version-history":[{"count":0,"href":"https:\/\/oui-oui.es\/blog\/wp-json\/wp\/v2\/posts\/973\/revisions"}],"wp:featuredmedia":[{"embeddable":true,"href":"https:\/\/oui-oui.es\/blog\/wp-json\/wp\/v2\/media\/979"}],"wp:attachment":[{"href":"https:\/\/oui-oui.es\/blog\/wp-json\/wp\/v2\/media?parent=973"}],"wp:term":[{"taxonomy":"category","embeddable":true,"href":"https:\/\/oui-oui.es\/blog\/wp-json\/wp\/v2\/categories?post=973"},{"taxonomy":"post_tag","embeddable":true,"href":"https:\/\/oui-oui.es\/blog\/wp-json\/wp\/v2\/tags?post=973"}],"curies":[{"name":"wp","href":"https:\/\/api.w.org\/{rel}","templated":true}]}}