{"id":9775,"date":"2019-04-23T17:45:49","date_gmt":"2019-04-23T15:45:49","guid":{"rendered":"https:\/\/oui-oui.es\/blog\/?p=9775"},"modified":"2019-04-23T17:45:53","modified_gmt":"2019-04-23T15:45:53","slug":"como-gestionar-la-carga-mental-descubrelo-en-net-a-emprender","status":"publish","type":"post","link":"https:\/\/oui-oui.es\/blog\/como-gestionar-la-carga-mental-descubrelo-en-net-a-emprender\/","title":{"rendered":"C\u00f3mo gestionar la carga mental |Desc\u00fabrelo en Net \u00e0 Emprender"},"content":{"rendered":"\n<figure class=\"wp-block-image\"><img loading=\"lazy\" decoding=\"async\" width=\"643\" height=\"534\" src=\"https:\/\/oui-oui.es\/blog\/wp-content\/uploads\/2019\/04\/Oui-Oui-la-carga-mental-net-a-emprender-emma.jpg\" alt=\"\" class=\"wp-image-9790\" srcset=\"https:\/\/oui-oui.es\/blog\/wp-content\/uploads\/2019\/04\/Oui-Oui-la-carga-mental-net-a-emprender-emma.jpg 643w, https:\/\/oui-oui.es\/blog\/wp-content\/uploads\/2019\/04\/Oui-Oui-la-carga-mental-net-a-emprender-emma-300x249.jpg 300w, https:\/\/oui-oui.es\/blog\/wp-content\/uploads\/2019\/04\/Oui-Oui-la-carga-mental-net-a-emprender-emma-600x498.jpg 600w, https:\/\/oui-oui.es\/blog\/wp-content\/uploads\/2019\/04\/Oui-Oui-la-carga-mental-net-a-emprender-emma-640x532.jpg 640w\" sizes=\"auto, (max-width: 643px) 100vw, 643px\" \/><\/figure>\n\n\n\n<p>Quiz\u00e1s no le hayas puesto nombre, pero si eres mujer, emprendedora y\/o madre, padeces <strong>carga mental<\/strong> SEGURO.<\/p>\n\n\n\n<p>Yo la identifiqu\u00e9 cuando emprend\u00ed y fui madre que, en mi caso, fue casi a la vez, coincidi\u00f3 el embarazo con el lanzamiento de Oui Oui, proyecto en el que trabaj\u00e9 un a\u00f1o antes de quedarme embarazada y durante ese tiempo, aunque trabajaba mucho, no sent\u00ed la carga mental en ning\u00fan momento.<br><\/p>\n\n\n\n<p>Pero al ser madre todo cambi\u00f3, empezar a gestionar una casa, a encargarte de todo, no solo de un beb\u00e9 sino de la gesti\u00f3n que eso conlleva y, ya de paso, de la casa, los temas familiares&#8230;\u00bfTe suena?, sobre esto hablaremos en el pr\u00f3ximo <strong>NET \u00c0 EMPRENDER este JUEVES 25<\/strong><\/p>\n\n\n\n<blockquote class=\"wp-block-quote is-layout-flow wp-block-quote-is-layout-flow\"><p> <br>Planificar el d\u00eda a d\u00eda, coordinar qui\u00e9n hace cada tarea y tomar decisiones es nuestro segundo trabajo.<\/p><p> La carga mental es el esfuerzo mental constante de estar pendiente de que las din\u00e1micas dom\u00e9sticas funcionen <\/p><\/blockquote>\n\n\n\n<p>  \u00bfPor qu\u00e9 debemos \u00abpedir las cosas\u00bb para que se hagan?<\/p>\n\n\n\n<p> <br>La ilustradora francesa <a href=\"https:\/\/emmaclit.com\/\">Emma Clit<\/a> fue una de las impulsoras del concepto <strong>carga mental<\/strong> a trav\u00e9s de su c\u00f3mic <em>Me lo podr\u00edas haber pedido,<\/em> a continuaci\u00f3n pod\u00e9is ver una de sus vi\u00f1etas m\u00e1s famosas&#8230;Si no os sent\u00eds identificadas por favor \u00a1escribidme!     <\/p>\n\n\n\n<figure class=\"wp-block-image\"><img loading=\"lazy\" decoding=\"async\" width=\"643\" height=\"643\" src=\"https:\/\/oui-oui.es\/blog\/wp-content\/uploads\/2019\/04\/Oui-Oui-la-carga-mental-net-a-emprender-deberias-haberlo-pedido.jpg\" alt=\"\" class=\"wp-image-9789\" srcset=\"https:\/\/oui-oui.es\/blog\/wp-content\/uploads\/2019\/04\/Oui-Oui-la-carga-mental-net-a-emprender-deberias-haberlo-pedido.jpg 643w, https:\/\/oui-oui.es\/blog\/wp-content\/uploads\/2019\/04\/Oui-Oui-la-carga-mental-net-a-emprender-deberias-haberlo-pedido-150x150.jpg 150w, https:\/\/oui-oui.es\/blog\/wp-content\/uploads\/2019\/04\/Oui-Oui-la-carga-mental-net-a-emprender-deberias-haberlo-pedido-300x300.jpg 300w, https:\/\/oui-oui.es\/blog\/wp-content\/uploads\/2019\/04\/Oui-Oui-la-carga-mental-net-a-emprender-deberias-haberlo-pedido-600x600.jpg 600w, https:\/\/oui-oui.es\/blog\/wp-content\/uploads\/2019\/04\/Oui-Oui-la-carga-mental-net-a-emprender-deberias-haberlo-pedido-640x640.jpg 640w\" sizes=\"auto, (max-width: 643px) 100vw, 643px\" \/><\/figure>\n\n\n\n<figure class=\"wp-block-image\"><img loading=\"lazy\" decoding=\"async\" width=\"643\" height=\"643\" src=\"https:\/\/oui-oui.es\/blog\/wp-content\/uploads\/2019\/04\/Oui-Oui-la-carga-mental-net-a-emprender.jpg\" alt=\"\" class=\"wp-image-9777\" srcset=\"https:\/\/oui-oui.es\/blog\/wp-content\/uploads\/2019\/04\/Oui-Oui-la-carga-mental-net-a-emprender.jpg 643w, https:\/\/oui-oui.es\/blog\/wp-content\/uploads\/2019\/04\/Oui-Oui-la-carga-mental-net-a-emprender-150x150.jpg 150w, https:\/\/oui-oui.es\/blog\/wp-content\/uploads\/2019\/04\/Oui-Oui-la-carga-mental-net-a-emprender-300x300.jpg 300w, https:\/\/oui-oui.es\/blog\/wp-content\/uploads\/2019\/04\/Oui-Oui-la-carga-mental-net-a-emprender-600x600.jpg 600w, https:\/\/oui-oui.es\/blog\/wp-content\/uploads\/2019\/04\/Oui-Oui-la-carga-mental-net-a-emprender-640x640.jpg 640w\" sizes=\"auto, (max-width: 643px) 100vw, 643px\" \/><\/figure>\n\n\n\n<figure class=\"wp-block-image\"><img loading=\"lazy\" decoding=\"async\" width=\"643\" height=\"643\" src=\"https:\/\/oui-oui.es\/blog\/wp-content\/uploads\/2019\/04\/Oui-Oui-la-carga-mental-net-a-emprender-4.jpg\" alt=\"\" class=\"wp-image-9778\" srcset=\"https:\/\/oui-oui.es\/blog\/wp-content\/uploads\/2019\/04\/Oui-Oui-la-carga-mental-net-a-emprender-4.jpg 643w, https:\/\/oui-oui.es\/blog\/wp-content\/uploads\/2019\/04\/Oui-Oui-la-carga-mental-net-a-emprender-4-150x150.jpg 150w, https:\/\/oui-oui.es\/blog\/wp-content\/uploads\/2019\/04\/Oui-Oui-la-carga-mental-net-a-emprender-4-300x300.jpg 300w, https:\/\/oui-oui.es\/blog\/wp-content\/uploads\/2019\/04\/Oui-Oui-la-carga-mental-net-a-emprender-4-600x600.jpg 600w, https:\/\/oui-oui.es\/blog\/wp-content\/uploads\/2019\/04\/Oui-Oui-la-carga-mental-net-a-emprender-4-640x640.jpg 640w\" sizes=\"auto, (max-width: 643px) 100vw, 643px\" \/><\/figure>\n\n\n\n<figure class=\"wp-block-image\"><img loading=\"lazy\" decoding=\"async\" width=\"643\" height=\"643\" src=\"https:\/\/oui-oui.es\/blog\/wp-content\/uploads\/2019\/04\/Oui-Oui-la-carga-mental-net-a-emprender-5.jpg\" alt=\"\" class=\"wp-image-9779\" srcset=\"https:\/\/oui-oui.es\/blog\/wp-content\/uploads\/2019\/04\/Oui-Oui-la-carga-mental-net-a-emprender-5.jpg 643w, https:\/\/oui-oui.es\/blog\/wp-content\/uploads\/2019\/04\/Oui-Oui-la-carga-mental-net-a-emprender-5-150x150.jpg 150w, https:\/\/oui-oui.es\/blog\/wp-content\/uploads\/2019\/04\/Oui-Oui-la-carga-mental-net-a-emprender-5-300x300.jpg 300w, https:\/\/oui-oui.es\/blog\/wp-content\/uploads\/2019\/04\/Oui-Oui-la-carga-mental-net-a-emprender-5-600x600.jpg 600w, https:\/\/oui-oui.es\/blog\/wp-content\/uploads\/2019\/04\/Oui-Oui-la-carga-mental-net-a-emprender-5-640x640.jpg 640w\" sizes=\"auto, (max-width: 643px) 100vw, 643px\" \/><\/figure>\n\n\n\n<figure class=\"wp-block-image\"><img loading=\"lazy\" decoding=\"async\" width=\"643\" height=\"643\" src=\"https:\/\/oui-oui.es\/blog\/wp-content\/uploads\/2019\/04\/Oui-Oui-la-carga-mental-net-a-emprender-6.jpg\" alt=\"\" class=\"wp-image-9780\" srcset=\"https:\/\/oui-oui.es\/blog\/wp-content\/uploads\/2019\/04\/Oui-Oui-la-carga-mental-net-a-emprender-6.jpg 643w, https:\/\/oui-oui.es\/blog\/wp-content\/uploads\/2019\/04\/Oui-Oui-la-carga-mental-net-a-emprender-6-150x150.jpg 150w, https:\/\/oui-oui.es\/blog\/wp-content\/uploads\/2019\/04\/Oui-Oui-la-carga-mental-net-a-emprender-6-300x300.jpg 300w, https:\/\/oui-oui.es\/blog\/wp-content\/uploads\/2019\/04\/Oui-Oui-la-carga-mental-net-a-emprender-6-600x600.jpg 600w, https:\/\/oui-oui.es\/blog\/wp-content\/uploads\/2019\/04\/Oui-Oui-la-carga-mental-net-a-emprender-6-640x640.jpg 640w\" sizes=\"auto, (max-width: 643px) 100vw, 643px\" \/><\/figure>\n\n\n\n<figure class=\"wp-block-image\"><img loading=\"lazy\" decoding=\"async\" width=\"643\" height=\"643\" src=\"https:\/\/oui-oui.es\/blog\/wp-content\/uploads\/2019\/04\/Oui-Oui-la-carga-mental-net-a-emprender-7.jpg\" alt=\"\" class=\"wp-image-9781\" srcset=\"https:\/\/oui-oui.es\/blog\/wp-content\/uploads\/2019\/04\/Oui-Oui-la-carga-mental-net-a-emprender-7.jpg 643w, https:\/\/oui-oui.es\/blog\/wp-content\/uploads\/2019\/04\/Oui-Oui-la-carga-mental-net-a-emprender-7-150x150.jpg 150w, https:\/\/oui-oui.es\/blog\/wp-content\/uploads\/2019\/04\/Oui-Oui-la-carga-mental-net-a-emprender-7-300x300.jpg 300w, https:\/\/oui-oui.es\/blog\/wp-content\/uploads\/2019\/04\/Oui-Oui-la-carga-mental-net-a-emprender-7-600x600.jpg 600w, https:\/\/oui-oui.es\/blog\/wp-content\/uploads\/2019\/04\/Oui-Oui-la-carga-mental-net-a-emprender-7-640x640.jpg 640w\" sizes=\"auto, (max-width: 643px) 100vw, 643px\" \/><\/figure>\n\n\n\n<figure class=\"wp-block-image\"><img loading=\"lazy\" decoding=\"async\" width=\"643\" height=\"643\" src=\"https:\/\/oui-oui.es\/blog\/wp-content\/uploads\/2019\/04\/Oui-Oui-la-carga-mental-net-a-emprender-8.jpg\" alt=\"\" class=\"wp-image-9782\" srcset=\"https:\/\/oui-oui.es\/blog\/wp-content\/uploads\/2019\/04\/Oui-Oui-la-carga-mental-net-a-emprender-8.jpg 643w, https:\/\/oui-oui.es\/blog\/wp-content\/uploads\/2019\/04\/Oui-Oui-la-carga-mental-net-a-emprender-8-150x150.jpg 150w, https:\/\/oui-oui.es\/blog\/wp-content\/uploads\/2019\/04\/Oui-Oui-la-carga-mental-net-a-emprender-8-300x300.jpg 300w, https:\/\/oui-oui.es\/blog\/wp-content\/uploads\/2019\/04\/Oui-Oui-la-carga-mental-net-a-emprender-8-600x600.jpg 600w, https:\/\/oui-oui.es\/blog\/wp-content\/uploads\/2019\/04\/Oui-Oui-la-carga-mental-net-a-emprender-8-640x640.jpg 640w\" sizes=\"auto, (max-width: 643px) 100vw, 643px\" \/><\/figure>\n\n\n\n<figure class=\"wp-block-image\"><img loading=\"lazy\" decoding=\"async\" width=\"643\" height=\"687\" src=\"https:\/\/oui-oui.es\/blog\/wp-content\/uploads\/2019\/04\/Oui-Oui-la-carga-mental-net-a-emprender-9.jpg\" alt=\"\" class=\"wp-image-9783\" srcset=\"https:\/\/oui-oui.es\/blog\/wp-content\/uploads\/2019\/04\/Oui-Oui-la-carga-mental-net-a-emprender-9.jpg 643w, https:\/\/oui-oui.es\/blog\/wp-content\/uploads\/2019\/04\/Oui-Oui-la-carga-mental-net-a-emprender-9-281x300.jpg 281w, https:\/\/oui-oui.es\/blog\/wp-content\/uploads\/2019\/04\/Oui-Oui-la-carga-mental-net-a-emprender-9-600x641.jpg 600w, https:\/\/oui-oui.es\/blog\/wp-content\/uploads\/2019\/04\/Oui-Oui-la-carga-mental-net-a-emprender-9-640x684.jpg 640w\" sizes=\"auto, (max-width: 643px) 100vw, 643px\" \/><\/figure>\n\n\n\n<figure class=\"wp-block-image\"><img loading=\"lazy\" decoding=\"async\" width=\"643\" height=\"529\" src=\"https:\/\/oui-oui.es\/blog\/wp-content\/uploads\/2019\/04\/Oui-Oui-la-carga-mental-net-a-emprender-10.jpg\" alt=\"\" class=\"wp-image-9784\" srcset=\"https:\/\/oui-oui.es\/blog\/wp-content\/uploads\/2019\/04\/Oui-Oui-la-carga-mental-net-a-emprender-10.jpg 643w, https:\/\/oui-oui.es\/blog\/wp-content\/uploads\/2019\/04\/Oui-Oui-la-carga-mental-net-a-emprender-10-300x247.jpg 300w, https:\/\/oui-oui.es\/blog\/wp-content\/uploads\/2019\/04\/Oui-Oui-la-carga-mental-net-a-emprender-10-600x494.jpg 600w, https:\/\/oui-oui.es\/blog\/wp-content\/uploads\/2019\/04\/Oui-Oui-la-carga-mental-net-a-emprender-10-640x527.jpg 640w\" sizes=\"auto, (max-width: 643px) 100vw, 643px\" \/><\/figure>\n\n\n\n<figure class=\"wp-block-image\"><img loading=\"lazy\" decoding=\"async\" width=\"643\" height=\"664\" src=\"https:\/\/oui-oui.es\/blog\/wp-content\/uploads\/2019\/04\/Oui-Oui-la-carga-mental-net-a-emprender-11.jpg\" alt=\"\" class=\"wp-image-9785\" srcset=\"https:\/\/oui-oui.es\/blog\/wp-content\/uploads\/2019\/04\/Oui-Oui-la-carga-mental-net-a-emprender-11.jpg 643w, https:\/\/oui-oui.es\/blog\/wp-content\/uploads\/2019\/04\/Oui-Oui-la-carga-mental-net-a-emprender-11-291x300.jpg 291w, https:\/\/oui-oui.es\/blog\/wp-content\/uploads\/2019\/04\/Oui-Oui-la-carga-mental-net-a-emprender-11-600x620.jpg 600w, https:\/\/oui-oui.es\/blog\/wp-content\/uploads\/2019\/04\/Oui-Oui-la-carga-mental-net-a-emprender-11-640x661.jpg 640w\" sizes=\"auto, (max-width: 643px) 100vw, 643px\" \/><\/figure>\n\n\n\n<figure class=\"wp-block-image\"><img loading=\"lazy\" decoding=\"async\" width=\"643\" height=\"643\" src=\"https:\/\/oui-oui.es\/blog\/wp-content\/uploads\/2019\/04\/Oui-Oui-la-carga-mental-net-a-emprender-12.jpg\" alt=\"\" class=\"wp-image-9786\" srcset=\"https:\/\/oui-oui.es\/blog\/wp-content\/uploads\/2019\/04\/Oui-Oui-la-carga-mental-net-a-emprender-12.jpg 643w, https:\/\/oui-oui.es\/blog\/wp-content\/uploads\/2019\/04\/Oui-Oui-la-carga-mental-net-a-emprender-12-150x150.jpg 150w, https:\/\/oui-oui.es\/blog\/wp-content\/uploads\/2019\/04\/Oui-Oui-la-carga-mental-net-a-emprender-12-300x300.jpg 300w, https:\/\/oui-oui.es\/blog\/wp-content\/uploads\/2019\/04\/Oui-Oui-la-carga-mental-net-a-emprender-12-600x600.jpg 600w, https:\/\/oui-oui.es\/blog\/wp-content\/uploads\/2019\/04\/Oui-Oui-la-carga-mental-net-a-emprender-12-640x640.jpg 640w\" sizes=\"auto, (max-width: 643px) 100vw, 643px\" \/><\/figure>\n\n\n\n<figure class=\"wp-block-image\"><img loading=\"lazy\" decoding=\"async\" width=\"643\" height=\"643\" src=\"https:\/\/oui-oui.es\/blog\/wp-content\/uploads\/2019\/04\/Oui-Oui-la-carga-mental-net-a-emprender-13.jpg\" alt=\"\" class=\"wp-image-9787\" srcset=\"https:\/\/oui-oui.es\/blog\/wp-content\/uploads\/2019\/04\/Oui-Oui-la-carga-mental-net-a-emprender-13.jpg 643w, https:\/\/oui-oui.es\/blog\/wp-content\/uploads\/2019\/04\/Oui-Oui-la-carga-mental-net-a-emprender-13-150x150.jpg 150w, https:\/\/oui-oui.es\/blog\/wp-content\/uploads\/2019\/04\/Oui-Oui-la-carga-mental-net-a-emprender-13-300x300.jpg 300w, https:\/\/oui-oui.es\/blog\/wp-content\/uploads\/2019\/04\/Oui-Oui-la-carga-mental-net-a-emprender-13-600x600.jpg 600w, https:\/\/oui-oui.es\/blog\/wp-content\/uploads\/2019\/04\/Oui-Oui-la-carga-mental-net-a-emprender-13-640x640.jpg 640w\" sizes=\"auto, (max-width: 643px) 100vw, 643px\" \/><\/figure>\n\n\n\n<figure class=\"wp-block-image\"><img loading=\"lazy\" decoding=\"async\" width=\"643\" height=\"643\" src=\"https:\/\/oui-oui.es\/blog\/wp-content\/uploads\/2019\/04\/Oui-Oui-la-carga-mental-net-a-emprender-14.jpg\" alt=\"\" class=\"wp-image-9788\" srcset=\"https:\/\/oui-oui.es\/blog\/wp-content\/uploads\/2019\/04\/Oui-Oui-la-carga-mental-net-a-emprender-14.jpg 643w, https:\/\/oui-oui.es\/blog\/wp-content\/uploads\/2019\/04\/Oui-Oui-la-carga-mental-net-a-emprender-14-150x150.jpg 150w, https:\/\/oui-oui.es\/blog\/wp-content\/uploads\/2019\/04\/Oui-Oui-la-carga-mental-net-a-emprender-14-300x300.jpg 300w, https:\/\/oui-oui.es\/blog\/wp-content\/uploads\/2019\/04\/Oui-Oui-la-carga-mental-net-a-emprender-14-600x600.jpg 600w, https:\/\/oui-oui.es\/blog\/wp-content\/uploads\/2019\/04\/Oui-Oui-la-carga-mental-net-a-emprender-14-640x640.jpg 640w\" sizes=\"auto, (max-width: 643px) 100vw, 643px\" \/><\/figure>\n\n\n\n<p>Sobre la<strong> CARGA MENTAL<\/strong> hay mucho que hablar, que debatir, y, sobretodo, que CAMBIAR&#8230;Aprender a gestionar la carga mental, a identificarla, procesarla y delegarla, yo llevo trabajando en ello cinco a\u00f1os y sigo padeci\u00e9ndola, pero voy implementando herramientas y procesos para disminuirla y sobre eso charlaremos en el pr\u00f3ximo <strong>NET \u00c0 EMPRENDER.<\/strong><\/p>\n\n\n\n<p><strong>\u00bfQu\u00e9 es Net \u00e0 Emprender?<\/strong>; <strong>Net \u00e0 Emprender<\/strong> es una cita para emprendedores (aunque solemos ser 99% mujeres) en las que aprender sobre un tema, compartir opiniones y experiencias y, adem\u00e1s, hacer networking, conectar con otros emprendedores, dar a conocer tu negocio, inspirarte, salir de tu cueva de oficina&#8230;Y saborear un rico brunch de Ten Cook, en esta ocasi\u00f3n compartiremos los trucos para gestionar la carga mental.<\/p>\n\n\n\n<blockquote class=\"wp-block-quote is-layout-flow wp-block-quote-is-layout-flow\"><p><strong>Os espero entonces este JUEVES 25 de ABRIL en el Espacio La Galerie de 10.30 a 13.30 aunque es imprescindible reservar plaza en el siguiete correo: info@espaciolagalerie.com <\/strong><br><\/p><\/blockquote>\n\n\n\n<p> <br><\/p>\n","protected":false},"excerpt":{"rendered":"<p>Quiz\u00e1s no le hayas puesto nombre, pero si eres mujer, emprendedora y\/o madre, padeces carga mental SEGURO. Yo la identifiqu\u00e9 cuando emprend\u00ed y fui madre que, en mi caso, fue casi a la vez, coincidi\u00f3 el embarazo con el lanzamiento de Oui Oui, proyecto en el que trabaj\u00e9 un a\u00f1o antes de quedarme embarazada y [&hellip;]<\/p>\n","protected":false},"author":1,"featured_media":9790,"comment_status":"open","ping_status":"open","sticky":false,"template":"","format":"standard","meta":{"jetpack_post_was_ever_published":false,"_jetpack_newsletter_access":"","_jetpack_dont_email_post_to_subs":false,"_jetpack_newsletter_tier_id":0,"_jetpack_memberships_contains_paywalled_content":false,"_jetpack_memberships_contains_paid_content":false,"footnotes":"","jetpack_publicize_message":"Descubre en Net \u00e0 Emprender c\u00f3mo gestionar la carga mental ","jetpack_publicize_feature_enabled":true,"jetpack_social_post_already_shared":true,"jetpack_social_options":{"image_generator_settings":{"template":"highway","default_image_id":0,"font":"","enabled":false},"version":2}},"categories":[792],"tags":[863,836,791,862],"class_list":["post-9775","post","type-post","status-publish","format-standard","has-post-thumbnail","hentry","category-mentoring-emprendedores","tag-carga-mental","tag-feminismo","tag-mentoring","tag-net-a-emprender"],"aioseo_notices":[],"jetpack_publicize_connections":[],"jetpack_featured_media_url":"https:\/\/oui-oui.es\/blog\/wp-content\/uploads\/2019\/04\/Oui-Oui-la-carga-mental-net-a-emprender-emma.jpg","jetpack_sharing_enabled":true,"jetpack-related-posts":[{"id":5788,"url":"https:\/\/oui-oui.es\/blog\/como-organizarte-para-emprender\/","url_meta":{"origin":9775,"position":0},"title":"C\u00f3mo organizarte para emprender","author":"Mar\u00eda \u2665Oui Oui\u2665","date":"23 junio, 2017","format":false,"excerpt":"Cuando tienes el gusanillo de emprender, cuando tienes las ganas o la idea (me he encontrado con muchas personas con ganas pero sin una idea concreta y otras con la idea pero con miedo o falta de un empujoncito para ponerse a ello) parece que es bueno fijarse en todos\u2026","rel":"","context":"En \u00abEMPRENDEDORAS\u00bb","block_context":{"text":"EMPRENDEDORAS","link":"https:\/\/oui-oui.es\/blog\/category\/mentoring-emprendedores\/"},"img":{"alt_text":"","src":"https:\/\/i0.wp.com\/oui-oui.es\/blog\/wp-content\/uploads\/2017\/06\/C%C3%B3mo-organizarte-para-emprender-taller-emprendimiento-oui-oui-ham-on-market.png?resize=350%2C200&ssl=1","width":350,"height":200,"srcset":"https:\/\/i0.wp.com\/oui-oui.es\/blog\/wp-content\/uploads\/2017\/06\/C%C3%B3mo-organizarte-para-emprender-taller-emprendimiento-oui-oui-ham-on-market.png?resize=350%2C200&ssl=1 1x, https:\/\/i0.wp.com\/oui-oui.es\/blog\/wp-content\/uploads\/2017\/06\/C%C3%B3mo-organizarte-para-emprender-taller-emprendimiento-oui-oui-ham-on-market.png?resize=525%2C300&ssl=1 1.5x, https:\/\/i0.wp.com\/oui-oui.es\/blog\/wp-content\/uploads\/2017\/06\/C%C3%B3mo-organizarte-para-emprender-taller-emprendimiento-oui-oui-ham-on-market.png?resize=700%2C400&ssl=1 2x, https:\/\/i0.wp.com\/oui-oui.es\/blog\/wp-content\/uploads\/2017\/06\/C%C3%B3mo-organizarte-para-emprender-taller-emprendimiento-oui-oui-ham-on-market.png?resize=1050%2C600&ssl=1 3x"},"classes":[]},{"id":9554,"url":"https:\/\/oui-oui.es\/blog\/net-a-emprender\/","url_meta":{"origin":9775,"position":1},"title":"Net \u00e0 Emprender","author":"Mar\u00eda \u2665Oui Oui\u2665","date":"14 enero, 2019","format":false,"excerpt":"En muchas de las sesiones de mentoring, surge la misma pregunta \u00bfc\u00f3mo hago para darme a conocer personalmente para que me inviten a eventos y para conectar con otros emprendedores con los que hacer colaboraciones y crear sinergias?. Y la respuesta no es f\u00e1cil, porque es el conjunto de muchas\u2026","rel":"","context":"En \u00abEMPRENDEDORAS\u00bb","block_context":{"text":"EMPRENDEDORAS","link":"https:\/\/oui-oui.es\/blog\/category\/mentoring-emprendedores\/"},"img":{"alt_text":"","src":"https:\/\/i0.wp.com\/oui-oui.es\/blog\/wp-content\/uploads\/2019\/01\/Oui-Oui-net-a-emprender-mentoring-emprendedores-mentoring-oui-oui-espacio-la-galerie-ten-cook.jpg?resize=350%2C200&ssl=1","width":350,"height":200,"srcset":"https:\/\/i0.wp.com\/oui-oui.es\/blog\/wp-content\/uploads\/2019\/01\/Oui-Oui-net-a-emprender-mentoring-emprendedores-mentoring-oui-oui-espacio-la-galerie-ten-cook.jpg?resize=350%2C200&ssl=1 1x, https:\/\/i0.wp.com\/oui-oui.es\/blog\/wp-content\/uploads\/2019\/01\/Oui-Oui-net-a-emprender-mentoring-emprendedores-mentoring-oui-oui-espacio-la-galerie-ten-cook.jpg?resize=525%2C300&ssl=1 1.5x, https:\/\/i0.wp.com\/oui-oui.es\/blog\/wp-content\/uploads\/2019\/01\/Oui-Oui-net-a-emprender-mentoring-emprendedores-mentoring-oui-oui-espacio-la-galerie-ten-cook.jpg?resize=700%2C400&ssl=1 2x, https:\/\/i0.wp.com\/oui-oui.es\/blog\/wp-content\/uploads\/2019\/01\/Oui-Oui-net-a-emprender-mentoring-emprendedores-mentoring-oui-oui-espacio-la-galerie-ten-cook.jpg?resize=1050%2C600&ssl=1 3x"},"classes":[]},{"id":9602,"url":"https:\/\/oui-oui.es\/blog\/el-tercer-cumple-de-frida\/","url_meta":{"origin":9775,"position":2},"title":"El tercer cumple de Frida","author":"Mar\u00eda \u2665Oui Oui\u2665","date":"12 febrero, 2019","format":false,"excerpt":"El domingo celebramos el tercer cumplea\u00f1os de Frida, cuando lo empezamos a plantear hace meses d\u00ed por hecho que estar\u00edamos en nuestra nueva casa, as\u00ed que pensando en los temas de la fiesta acabamos decidiendo que ser\u00eda \"La fiesta de la plastilina\" , ya me imaginaba mi cocina nueva llena\u2026","rel":"","context":"En \u00abFIESTAS y CELEBRACIONES\u00bb","block_context":{"text":"FIESTAS y CELEBRACIONES","link":"https:\/\/oui-oui.es\/blog\/category\/fiestas-celebraciones\/"},"img":{"alt_text":"","src":"https:\/\/i0.wp.com\/oui-oui.es\/blog\/wp-content\/uploads\/2019\/02\/Oui-Oui-cumplea%C3%B1os-infantiles-espacio-la-galerie-local-cumplea%C3%B1os-tarta-ten-cook-2.jpg?resize=350%2C200&ssl=1","width":350,"height":200,"srcset":"https:\/\/i0.wp.com\/oui-oui.es\/blog\/wp-content\/uploads\/2019\/02\/Oui-Oui-cumplea%C3%B1os-infantiles-espacio-la-galerie-local-cumplea%C3%B1os-tarta-ten-cook-2.jpg?resize=350%2C200&ssl=1 1x, https:\/\/i0.wp.com\/oui-oui.es\/blog\/wp-content\/uploads\/2019\/02\/Oui-Oui-cumplea%C3%B1os-infantiles-espacio-la-galerie-local-cumplea%C3%B1os-tarta-ten-cook-2.jpg?resize=525%2C300&ssl=1 1.5x, https:\/\/i0.wp.com\/oui-oui.es\/blog\/wp-content\/uploads\/2019\/02\/Oui-Oui-cumplea%C3%B1os-infantiles-espacio-la-galerie-local-cumplea%C3%B1os-tarta-ten-cook-2.jpg?resize=700%2C400&ssl=1 2x, https:\/\/i0.wp.com\/oui-oui.es\/blog\/wp-content\/uploads\/2019\/02\/Oui-Oui-cumplea%C3%B1os-infantiles-espacio-la-galerie-local-cumplea%C3%B1os-tarta-ten-cook-2.jpg?resize=1050%2C600&ssl=1 3x, https:\/\/i0.wp.com\/oui-oui.es\/blog\/wp-content\/uploads\/2019\/02\/Oui-Oui-cumplea%C3%B1os-infantiles-espacio-la-galerie-local-cumplea%C3%B1os-tarta-ten-cook-2.jpg?resize=1400%2C800&ssl=1 4x"},"classes":[]},{"id":10827,"url":"https:\/\/oui-oui.es\/blog\/el-miedo-y-el-emprendimiento\/","url_meta":{"origin":9775,"position":3},"title":"El miedo y el emprendimiento","author":"Mar\u00eda \u2665Oui Oui\u2665","date":"23 octubre, 2023","format":false,"excerpt":"Si eres emprendedora o est\u00e1s pensando en serlo, ven a compartir tus miedos en Net \u00e1 Emprender, un encuentro de emprendedoras en el que compartir, inspirarte, desahogarte y salir con m\u00e1s energ\u00eda e ilusi\u00f3n que nunca...Adem\u00e1s,siempre surgen colaboraciones y proyectos entre emprendedoras que ayudan mucho","rel":"","context":"En \u00abEMPRENDEDORAS\u00bb","block_context":{"text":"EMPRENDEDORAS","link":"https:\/\/oui-oui.es\/blog\/category\/mentoring-emprendedores\/"},"img":{"alt_text":"","src":"https:\/\/oui-oui.es\/blog\/wp-content\/uploads\/2023\/10\/Net-a-emprender-miedo-a-emprender-miedo-y-emprendimiento-mujer-y-emprendimiento.jpe","width":350,"height":200,"srcset":"https:\/\/oui-oui.es\/blog\/wp-content\/uploads\/2023\/10\/Net-a-emprender-miedo-a-emprender-miedo-y-emprendimiento-mujer-y-emprendimiento.jpe 1x, https:\/\/oui-oui.es\/blog\/wp-content\/uploads\/2023\/10\/Net-a-emprender-miedo-a-emprender-miedo-y-emprendimiento-mujer-y-emprendimiento.jpe 1.5x"},"classes":[]},{"id":3349,"url":"https:\/\/oui-oui.es\/blog\/ganas-de-emprender-te-esperamos\/","url_meta":{"origin":9775,"position":4},"title":"\u00bfGanas de emprender? \u00a1te esperamos!","author":"Mar\u00eda \u2665Oui Oui\u2665","date":"17 septiembre, 2015","format":false,"excerpt":"Sabes que quieres cambiar tu forma de ganarte la vida pero no sabes c\u00f3mo, o tienes una idea que crees que puede gustar a la gente pero no te decides a arrancar y te cuesta darle forma...Muchas de las personas que quieren dejar su trabajo por cuenta ajena para montar\u2026","rel":"","context":"En \u00abESTILO DE VIDA\u00bb","block_context":{"text":"ESTILO DE VIDA","link":"https:\/\/oui-oui.es\/blog\/category\/lifestyle-2\/"},"img":{"alt_text":"","src":"https:\/\/i0.wp.com\/oui-oui.es\/blog\/wp-content\/uploads\/2015\/09\/Oui-Oui-finca-monte-cutamilla-taller-emprendedores-experienciar-8.jpg?resize=350%2C200&ssl=1","width":350,"height":200,"srcset":"https:\/\/i0.wp.com\/oui-oui.es\/blog\/wp-content\/uploads\/2015\/09\/Oui-Oui-finca-monte-cutamilla-taller-emprendedores-experienciar-8.jpg?resize=350%2C200&ssl=1 1x, https:\/\/i0.wp.com\/oui-oui.es\/blog\/wp-content\/uploads\/2015\/09\/Oui-Oui-finca-monte-cutamilla-taller-emprendedores-experienciar-8.jpg?resize=525%2C300&ssl=1 1.5x"},"classes":[]},{"id":2180,"url":"https:\/\/oui-oui.es\/blog\/un-dia-de-la-madre-diferente\/","url_meta":{"origin":9775,"position":5},"title":"Un d\u00eda de la madre diferente","author":"Mar\u00eda \u2665Oui Oui\u2665","date":"21 abril, 2015","format":false,"excerpt":"Siempre buscando regalos diferentes, monos, que sorprendan y se salgan del b\u00e1sico perfume\/libro\/pa\u00f1uelo (que no tengo nada contra ellos si est\u00e1 justificado porque tu madre quiera alguno, pero no como comod\u00edn!), este a\u00f1o hemos tra\u00eddo a Oui Oui varios objetos de regalo que seguro har\u00e1n sonreir a tu madre... La\u2026","rel":"","context":"En \u00abD\u00eda de la Madre\u00bb","block_context":{"text":"D\u00eda de la Madre","link":"https:\/\/oui-oui.es\/blog\/category\/no-se-que-regalar\/dia-de-la-madre\/"},"img":{"alt_text":"","src":"https:\/\/i0.wp.com\/oui-oui.es\/blog\/wp-content\/uploads\/2015\/04\/oui-oui-taza-mum.jpg?resize=350%2C200&ssl=1","width":350,"height":200,"srcset":"https:\/\/i0.wp.com\/oui-oui.es\/blog\/wp-content\/uploads\/2015\/04\/oui-oui-taza-mum.jpg?resize=350%2C200&ssl=1 1x, https:\/\/i0.wp.com\/oui-oui.es\/blog\/wp-content\/uploads\/2015\/04\/oui-oui-taza-mum.jpg?resize=525%2C300&ssl=1 1.5x, https:\/\/i0.wp.com\/oui-oui.es\/blog\/wp-content\/uploads\/2015\/04\/oui-oui-taza-mum.jpg?resize=700%2C400&ssl=1 2x, https:\/\/i0.wp.com\/oui-oui.es\/blog\/wp-content\/uploads\/2015\/04\/oui-oui-taza-mum.jpg?resize=1050%2C600&ssl=1 3x, https:\/\/i0.wp.com\/oui-oui.es\/blog\/wp-content\/uploads\/2015\/04\/oui-oui-taza-mum.jpg?resize=1400%2C800&ssl=1 4x"},"classes":[]}],"_links":{"self":[{"href":"https:\/\/oui-oui.es\/blog\/wp-json\/wp\/v2\/posts\/9775","targetHints":{"allow":["GET"]}}],"collection":[{"href":"https:\/\/oui-oui.es\/blog\/wp-json\/wp\/v2\/posts"}],"about":[{"href":"https:\/\/oui-oui.es\/blog\/wp-json\/wp\/v2\/types\/post"}],"author":[{"embeddable":true,"href":"https:\/\/oui-oui.es\/blog\/wp-json\/wp\/v2\/users\/1"}],"replies":[{"embeddable":true,"href":"https:\/\/oui-oui.es\/blog\/wp-json\/wp\/v2\/comments?post=9775"}],"version-history":[{"count":2,"href":"https:\/\/oui-oui.es\/blog\/wp-json\/wp\/v2\/posts\/9775\/revisions"}],"predecessor-version":[{"id":9791,"href":"https:\/\/oui-oui.es\/blog\/wp-json\/wp\/v2\/posts\/9775\/revisions\/9791"}],"wp:featuredmedia":[{"embeddable":true,"href":"https:\/\/oui-oui.es\/blog\/wp-json\/wp\/v2\/media\/9790"}],"wp:attachment":[{"href":"https:\/\/oui-oui.es\/blog\/wp-json\/wp\/v2\/media?parent=9775"}],"wp:term":[{"taxonomy":"category","embeddable":true,"href":"https:\/\/oui-oui.es\/blog\/wp-json\/wp\/v2\/categories?post=9775"},{"taxonomy":"post_tag","embeddable":true,"href":"https:\/\/oui-oui.es\/blog\/wp-json\/wp\/v2\/tags?post=9775"}],"curies":[{"name":"wp","href":"https:\/\/api.w.org\/{rel}","templated":true}]}}