{"id":9842,"date":"2019-05-23T14:43:02","date_gmt":"2019-05-23T12:43:02","guid":{"rendered":"https:\/\/oui-oui.es\/blog\/?p=9842"},"modified":"2019-05-23T14:43:02","modified_gmt":"2019-05-23T12:43:02","slug":"una-casa-rural-con-infinity-pool-y-apta-para-ninos","status":"publish","type":"post","link":"https:\/\/oui-oui.es\/blog\/una-casa-rural-con-infinity-pool-y-apta-para-ninos\/","title":{"rendered":"Una casa rural con infinity pool y apta para ni\u00f1os"},"content":{"rendered":"\n<p>Hace cuatro a\u00f1os descubr\u00ed las incre\u00edbles <strong>casas rurales de alquiler en Candeleda<\/strong> de <strong><a rel=\"noreferrer noopener\" aria-label=\"El Escondite de Pedro Malillo (opens in a new tab)\" href=\"http:\/\/elesconditedepedromalillo.com\/\" target=\"_blank\">El Escondite de Pedro Malillo<\/a> <\/strong>(pod\u00e9is ver el post <a href=\"https:\/\/oui-oui.es\/blog\/3-hoteles-con-encanto-para-ir-con-ninos-cerca-de-madrid\/\" target=\"_blank\" rel=\"noreferrer noopener\" aria-label=\"AQU\u00cd (opens in a new tab)\">AQU\u00cd<\/a>).<strong> <\/strong>Las ten\u00eda fichadas desde entonces porque me encantan los <strong>alojamientos especiales<\/strong>, que cuidan la decoraci\u00f3n y que, adem\u00e1s, tienen una piscina singular.<\/p>\n\n\n\n<p><strong><a rel=\"noreferrer noopener\" aria-label=\"El Escondite de Pedro Malillo (opens in a new tab)\" href=\"http:\/\/elesconditedepedromalillo.com\/\" target=\"_blank\">El Escondite de Pedro Malillo<\/a><\/strong> consta de varias casas rurales de alquiler por separado y de distintas capacidades, tienes opciones desde 2 personas hasta 16, la casa que m\u00e1s me gustaba y que tuve en mente desde el d\u00eda que las conoc\u00ed era la del <strong>Arroyo<\/strong>, precisamente por la imponencia de la piscina, pero es la casa de mayor capacidad y nunca consegu\u00eda poner de acuerdo a varias familias para ir. <\/p>\n\n\n\n<figure class=\"wp-block-image\"><img loading=\"lazy\" decoding=\"async\" width=\"1024\" height=\"768\" src=\"https:\/\/oui-oui.es\/blog\/wp-content\/uploads\/2019\/05\/Oui-Oui-El-escondite-de-Pedro-Malillo-Casa-Rural-Candeleda-Ni\u00f1os-Piscina-6-1-1024x768.jpg\" alt=\"\" class=\"wp-image-9848\" srcset=\"https:\/\/oui-oui.es\/blog\/wp-content\/uploads\/2019\/05\/Oui-Oui-El-escondite-de-Pedro-Malillo-Casa-Rural-Candeleda-Ni\u00f1os-Piscina-6-1-1024x768.jpg 1024w, https:\/\/oui-oui.es\/blog\/wp-content\/uploads\/2019\/05\/Oui-Oui-El-escondite-de-Pedro-Malillo-Casa-Rural-Candeleda-Ni\u00f1os-Piscina-6-1-300x225.jpg 300w, https:\/\/oui-oui.es\/blog\/wp-content\/uploads\/2019\/05\/Oui-Oui-El-escondite-de-Pedro-Malillo-Casa-Rural-Candeleda-Ni\u00f1os-Piscina-6-1-768x576.jpg 768w, https:\/\/oui-oui.es\/blog\/wp-content\/uploads\/2019\/05\/Oui-Oui-El-escondite-de-Pedro-Malillo-Casa-Rural-Candeleda-Ni\u00f1os-Piscina-6-1-600x450.jpg 600w, https:\/\/oui-oui.es\/blog\/wp-content\/uploads\/2019\/05\/Oui-Oui-El-escondite-de-Pedro-Malillo-Casa-Rural-Candeleda-Ni\u00f1os-Piscina-6-1-640x480.jpg 640w, https:\/\/oui-oui.es\/blog\/wp-content\/uploads\/2019\/05\/Oui-Oui-El-escondite-de-Pedro-Malillo-Casa-Rural-Candeleda-Ni\u00f1os-Piscina-6-1.jpg 2016w\" sizes=\"auto, (max-width: 1024px) 100vw, 1024px\" \/><\/figure>\n\n\n\n<p>Hasta hace un par de fines de semana que tuvimos la oportunidad de disfrutar de un fin de semana completo all\u00ed y no exagero si os digo que es <strong>una de las mejores casas rurales en la que he estado<\/strong>, es una casa amplia y muy bien decorada, acogedora y que dan ganas de disfrutarla, no esas que est\u00e1n \u00abtan bien decoradas\u00bb que no te sientes c\u00f3modo. Con detalles de construcci\u00f3n especiales como la <strong>ba\u00f1era en alto con un ventanal que da al jardin<\/strong>, o la <strong>infitiy pool<\/strong> donde da el sol siempre y desde donde se contemplan unas vistas de <strong>Candeleda <\/strong>impresionantes.<\/p>\n\n\n\n<figure class=\"wp-block-image\"><img loading=\"lazy\" decoding=\"async\" width=\"780\" height=\"1024\" src=\"https:\/\/oui-oui.es\/blog\/wp-content\/uploads\/2019\/05\/Oui-Oui-ba\u00f1era-con-vistas-el-escondite-de-pedro-malillo-casa-rural-candeleda-cerca-de-madrid-780x1024.jpg\" alt=\"\" class=\"wp-image-9853\" srcset=\"https:\/\/oui-oui.es\/blog\/wp-content\/uploads\/2019\/05\/Oui-Oui-ba\u00f1era-con-vistas-el-escondite-de-pedro-malillo-casa-rural-candeleda-cerca-de-madrid-780x1024.jpg 780w, https:\/\/oui-oui.es\/blog\/wp-content\/uploads\/2019\/05\/Oui-Oui-ba\u00f1era-con-vistas-el-escondite-de-pedro-malillo-casa-rural-candeleda-cerca-de-madrid-228x300.jpg 228w, https:\/\/oui-oui.es\/blog\/wp-content\/uploads\/2019\/05\/Oui-Oui-ba\u00f1era-con-vistas-el-escondite-de-pedro-malillo-casa-rural-candeleda-cerca-de-madrid-768x1008.jpg 768w, https:\/\/oui-oui.es\/blog\/wp-content\/uploads\/2019\/05\/Oui-Oui-ba\u00f1era-con-vistas-el-escondite-de-pedro-malillo-casa-rural-candeleda-cerca-de-madrid-600x788.jpg 600w, https:\/\/oui-oui.es\/blog\/wp-content\/uploads\/2019\/05\/Oui-Oui-ba\u00f1era-con-vistas-el-escondite-de-pedro-malillo-casa-rural-candeleda-cerca-de-madrid-640x840.jpg 640w, https:\/\/oui-oui.es\/blog\/wp-content\/uploads\/2019\/05\/Oui-Oui-ba\u00f1era-con-vistas-el-escondite-de-pedro-malillo-casa-rural-candeleda-cerca-de-madrid.jpg 1498w\" sizes=\"auto, (max-width: 780px) 100vw, 780px\" \/><\/figure>\n\n\n\n<figure class=\"wp-block-image\"><img loading=\"lazy\" decoding=\"async\" width=\"768\" height=\"1024\" src=\"https:\/\/oui-oui.es\/blog\/wp-content\/uploads\/2019\/05\/Oui-Oui-El-escondite-de-Pedro-Malillo-Casa-Rural-Candeleda-Ni\u00f1os-Piscina-5-768x1024.jpg\" alt=\"\" class=\"wp-image-9852\" srcset=\"https:\/\/oui-oui.es\/blog\/wp-content\/uploads\/2019\/05\/Oui-Oui-El-escondite-de-Pedro-Malillo-Casa-Rural-Candeleda-Ni\u00f1os-Piscina-5-768x1024.jpg 768w, https:\/\/oui-oui.es\/blog\/wp-content\/uploads\/2019\/05\/Oui-Oui-El-escondite-de-Pedro-Malillo-Casa-Rural-Candeleda-Ni\u00f1os-Piscina-5-225x300.jpg 225w, https:\/\/oui-oui.es\/blog\/wp-content\/uploads\/2019\/05\/Oui-Oui-El-escondite-de-Pedro-Malillo-Casa-Rural-Candeleda-Ni\u00f1os-Piscina-5-600x800.jpg 600w, https:\/\/oui-oui.es\/blog\/wp-content\/uploads\/2019\/05\/Oui-Oui-El-escondite-de-Pedro-Malillo-Casa-Rural-Candeleda-Ni\u00f1os-Piscina-5-640x853.jpg 640w, https:\/\/oui-oui.es\/blog\/wp-content\/uploads\/2019\/05\/Oui-Oui-El-escondite-de-Pedro-Malillo-Casa-Rural-Candeleda-Ni\u00f1os-Piscina-5.jpg 1512w\" sizes=\"auto, (max-width: 768px) 100vw, 768px\" \/><\/figure>\n\n\n\n<figure class=\"wp-block-image\"><img loading=\"lazy\" decoding=\"async\" width=\"1024\" height=\"768\" src=\"https:\/\/oui-oui.es\/blog\/wp-content\/uploads\/2019\/05\/Oui-Oui-El-escondite-de-Pedro-Malillo-Casa-Rural-Candeleda-Ni\u00f1os-Piscina-2-1024x768.jpg\" alt=\"\" class=\"wp-image-9849\" srcset=\"https:\/\/oui-oui.es\/blog\/wp-content\/uploads\/2019\/05\/Oui-Oui-El-escondite-de-Pedro-Malillo-Casa-Rural-Candeleda-Ni\u00f1os-Piscina-2-1024x768.jpg 1024w, https:\/\/oui-oui.es\/blog\/wp-content\/uploads\/2019\/05\/Oui-Oui-El-escondite-de-Pedro-Malillo-Casa-Rural-Candeleda-Ni\u00f1os-Piscina-2-300x225.jpg 300w, https:\/\/oui-oui.es\/blog\/wp-content\/uploads\/2019\/05\/Oui-Oui-El-escondite-de-Pedro-Malillo-Casa-Rural-Candeleda-Ni\u00f1os-Piscina-2-768x576.jpg 768w, https:\/\/oui-oui.es\/blog\/wp-content\/uploads\/2019\/05\/Oui-Oui-El-escondite-de-Pedro-Malillo-Casa-Rural-Candeleda-Ni\u00f1os-Piscina-2-600x450.jpg 600w, https:\/\/oui-oui.es\/blog\/wp-content\/uploads\/2019\/05\/Oui-Oui-El-escondite-de-Pedro-Malillo-Casa-Rural-Candeleda-Ni\u00f1os-Piscina-2-640x480.jpg 640w, https:\/\/oui-oui.es\/blog\/wp-content\/uploads\/2019\/05\/Oui-Oui-El-escondite-de-Pedro-Malillo-Casa-Rural-Candeleda-Ni\u00f1os-Piscina-2.jpg 2016w\" sizes=\"auto, (max-width: 1024px) 100vw, 1024px\" \/><\/figure>\n\n\n\n<p><\/p>\n\n\n\n<p>Adem\u00e1s pudimos conocer algunas de las otras casas que no estaban ocupadas en ese momento y que tambi\u00e9n merecen mucho la pena, cada una seg\u00fan la capacidad que necesites, <strong>mi segunda prefe es la del bosque<\/strong> y si ponen en alquiler una que creo recordar se llama <strong>la del casta\u00f1o<\/strong>, tambi\u00e9n. <\/p>\n\n\n\n<figure class=\"wp-block-image\"><img loading=\"lazy\" decoding=\"async\" width=\"1024\" height=\"768\" src=\"https:\/\/oui-oui.es\/blog\/wp-content\/uploads\/2019\/05\/Oui-Oui-El-escondite-de-Pedro-Malillo-Casa-Rural-Candeleda-Ni\u00f1os-Piscina-3-1024x768.jpg\" alt=\"\" class=\"wp-image-9846\" srcset=\"https:\/\/oui-oui.es\/blog\/wp-content\/uploads\/2019\/05\/Oui-Oui-El-escondite-de-Pedro-Malillo-Casa-Rural-Candeleda-Ni\u00f1os-Piscina-3-1024x768.jpg 1024w, https:\/\/oui-oui.es\/blog\/wp-content\/uploads\/2019\/05\/Oui-Oui-El-escondite-de-Pedro-Malillo-Casa-Rural-Candeleda-Ni\u00f1os-Piscina-3-300x225.jpg 300w, https:\/\/oui-oui.es\/blog\/wp-content\/uploads\/2019\/05\/Oui-Oui-El-escondite-de-Pedro-Malillo-Casa-Rural-Candeleda-Ni\u00f1os-Piscina-3-768x576.jpg 768w, https:\/\/oui-oui.es\/blog\/wp-content\/uploads\/2019\/05\/Oui-Oui-El-escondite-de-Pedro-Malillo-Casa-Rural-Candeleda-Ni\u00f1os-Piscina-3-600x450.jpg 600w, https:\/\/oui-oui.es\/blog\/wp-content\/uploads\/2019\/05\/Oui-Oui-El-escondite-de-Pedro-Malillo-Casa-Rural-Candeleda-Ni\u00f1os-Piscina-3-640x480.jpg 640w, https:\/\/oui-oui.es\/blog\/wp-content\/uploads\/2019\/05\/Oui-Oui-El-escondite-de-Pedro-Malillo-Casa-Rural-Candeleda-Ni\u00f1os-Piscina-3.jpg 2016w\" sizes=\"auto, (max-width: 1024px) 100vw, 1024px\" \/><\/figure>\n\n\n\n<p>Las casas de menor capacidad (para 6 pax) tambi\u00e9n cuentan con una peque\u00f1a piscina as\u00ed que sigues pudiendo disfrutar de agua en mitad del monte, porque todas las casas est\u00e1n \u00abescondidas\u00bb entre un bosque de robles precioso.<\/p>\n\n\n\n<figure class=\"wp-block-image\"><img loading=\"lazy\" decoding=\"async\" width=\"768\" height=\"1024\" src=\"https:\/\/oui-oui.es\/blog\/wp-content\/uploads\/2019\/05\/Oui-Oui-el-escondite-de-pedro-malillo-candeleda-casa-rural-ni\u00f1os-piscina-1-e1558615148251-768x1024.jpg\" alt=\"\" class=\"wp-image-9854\" srcset=\"https:\/\/oui-oui.es\/blog\/wp-content\/uploads\/2019\/05\/Oui-Oui-el-escondite-de-pedro-malillo-candeleda-casa-rural-ni\u00f1os-piscina-1-e1558615148251-768x1024.jpg 768w, https:\/\/oui-oui.es\/blog\/wp-content\/uploads\/2019\/05\/Oui-Oui-el-escondite-de-pedro-malillo-candeleda-casa-rural-ni\u00f1os-piscina-1-e1558615148251-225x300.jpg 225w, https:\/\/oui-oui.es\/blog\/wp-content\/uploads\/2019\/05\/Oui-Oui-el-escondite-de-pedro-malillo-candeleda-casa-rural-ni\u00f1os-piscina-1-e1558615148251-600x800.jpg 600w, https:\/\/oui-oui.es\/blog\/wp-content\/uploads\/2019\/05\/Oui-Oui-el-escondite-de-pedro-malillo-candeleda-casa-rural-ni\u00f1os-piscina-1-e1558615148251-640x853.jpg 640w, https:\/\/oui-oui.es\/blog\/wp-content\/uploads\/2019\/05\/Oui-Oui-el-escondite-de-pedro-malillo-candeleda-casa-rural-ni\u00f1os-piscina-1-e1558615148251.jpg 1512w\" sizes=\"auto, (max-width: 768px) 100vw, 768px\" \/><\/figure>\n\n\n\n<p>Adem\u00e1s, la zona de Candeleda es preciosa, \u00c1lvaro, el due\u00f1o de <strong><a href=\"http:\/\/elesconditedepedromalillo.com\/\" target=\"_blank\" rel=\"noreferrer noopener\" aria-label=\"El Escondite de Pedro Malillo (opens in a new tab)\">El Escondite de Pedro Malillo<\/a><\/strong>, nos ense\u00f1\u00f3 varias rutas chul\u00edsimas, aunque est\u00e1bamos TAN a gusto en la piscina que nos cost\u00f3 movernos de la casa.<\/p>\n\n\n\n<figure class=\"wp-block-image\"><img loading=\"lazy\" decoding=\"async\" width=\"1024\" height=\"768\" src=\"https:\/\/oui-oui.es\/blog\/wp-content\/uploads\/2019\/05\/Oui-Oui-El-escondite-de-Pedro-Malillo-Casa-Rural-Candeleda-Ni\u00f1os-Piscina-4-1-1024x768.jpg\" alt=\"\" class=\"wp-image-9850\" srcset=\"https:\/\/oui-oui.es\/blog\/wp-content\/uploads\/2019\/05\/Oui-Oui-El-escondite-de-Pedro-Malillo-Casa-Rural-Candeleda-Ni\u00f1os-Piscina-4-1-1024x768.jpg 1024w, https:\/\/oui-oui.es\/blog\/wp-content\/uploads\/2019\/05\/Oui-Oui-El-escondite-de-Pedro-Malillo-Casa-Rural-Candeleda-Ni\u00f1os-Piscina-4-1-300x225.jpg 300w, https:\/\/oui-oui.es\/blog\/wp-content\/uploads\/2019\/05\/Oui-Oui-El-escondite-de-Pedro-Malillo-Casa-Rural-Candeleda-Ni\u00f1os-Piscina-4-1-768x576.jpg 768w, https:\/\/oui-oui.es\/blog\/wp-content\/uploads\/2019\/05\/Oui-Oui-El-escondite-de-Pedro-Malillo-Casa-Rural-Candeleda-Ni\u00f1os-Piscina-4-1-600x450.jpg 600w, https:\/\/oui-oui.es\/blog\/wp-content\/uploads\/2019\/05\/Oui-Oui-El-escondite-de-Pedro-Malillo-Casa-Rural-Candeleda-Ni\u00f1os-Piscina-4-1-640x480.jpg 640w, https:\/\/oui-oui.es\/blog\/wp-content\/uploads\/2019\/05\/Oui-Oui-El-escondite-de-Pedro-Malillo-Casa-Rural-Candeleda-Ni\u00f1os-Piscina-4-1.jpg 2016w\" sizes=\"auto, (max-width: 1024px) 100vw, 1024px\" \/><\/figure>\n\n\n\n<p>Adem\u00e1s, la casa cuenta con dos porches y una barbacoa que hacen que te apetezca a\u00fan menos salir de ella, el terreno es tan grande que hicimos una peque\u00f1a excursi\u00f3n por la zona del arroyo que da nombre al complejo rural.<\/p>\n\n\n\n<figure class=\"wp-block-image\"><img loading=\"lazy\" decoding=\"async\" width=\"768\" height=\"1024\" src=\"https:\/\/oui-oui.es\/blog\/wp-content\/uploads\/2019\/05\/Oui-Oui-El-escondite-de-Pedro-Malillo-Casa-Rural-Candeleda-Ni\u00f1os-Piscina-1-768x1024.jpg\" alt=\"\" class=\"wp-image-9851\" srcset=\"https:\/\/oui-oui.es\/blog\/wp-content\/uploads\/2019\/05\/Oui-Oui-El-escondite-de-Pedro-Malillo-Casa-Rural-Candeleda-Ni\u00f1os-Piscina-1-768x1024.jpg 768w, https:\/\/oui-oui.es\/blog\/wp-content\/uploads\/2019\/05\/Oui-Oui-El-escondite-de-Pedro-Malillo-Casa-Rural-Candeleda-Ni\u00f1os-Piscina-1-225x300.jpg 225w, https:\/\/oui-oui.es\/blog\/wp-content\/uploads\/2019\/05\/Oui-Oui-El-escondite-de-Pedro-Malillo-Casa-Rural-Candeleda-Ni\u00f1os-Piscina-1-600x800.jpg 600w, https:\/\/oui-oui.es\/blog\/wp-content\/uploads\/2019\/05\/Oui-Oui-El-escondite-de-Pedro-Malillo-Casa-Rural-Candeleda-Ni\u00f1os-Piscina-1-640x853.jpg 640w, https:\/\/oui-oui.es\/blog\/wp-content\/uploads\/2019\/05\/Oui-Oui-El-escondite-de-Pedro-Malillo-Casa-Rural-Candeleda-Ni\u00f1os-Piscina-1.jpg 1512w\" sizes=\"auto, (max-width: 768px) 100vw, 768px\" \/><\/figure>\n\n\n\n<p>Sin ninguna duda os recomiendo <strong><a href=\"http:\/\/elesconditedepedromalillo.com\/\" target=\"_blank\" rel=\"noreferrer noopener\" aria-label=\"El Escondite de Pedro Malillo (opens in a new tab)\">El Escondite de Pedro Malillo<\/a><\/strong> para un plan en familia, donde los ni\u00f1os corrieron y jugaron tan a su bola en el jard\u00edn que muchas veces ni les not\u00e1bamos! en verano es incre\u00edble por sus piscinas, pero tambi\u00e9n me parece un planazo en invierno de plan de amigos, chimenea y copas \ud83d\ude09<\/p>\n\n\n\n<figure class=\"wp-block-image\"><img loading=\"lazy\" decoding=\"async\" width=\"768\" height=\"1024\" src=\"https:\/\/oui-oui.es\/blog\/wp-content\/uploads\/2019\/05\/Oui-Oui-el-escondite-de-pedro-malillo-candeleda-casa-rural-ni\u00f1os-piscina-2-e1558615194615-768x1024.jpg\" alt=\"\" class=\"wp-image-9855\" srcset=\"https:\/\/oui-oui.es\/blog\/wp-content\/uploads\/2019\/05\/Oui-Oui-el-escondite-de-pedro-malillo-candeleda-casa-rural-ni\u00f1os-piscina-2-e1558615194615-768x1024.jpg 768w, https:\/\/oui-oui.es\/blog\/wp-content\/uploads\/2019\/05\/Oui-Oui-el-escondite-de-pedro-malillo-candeleda-casa-rural-ni\u00f1os-piscina-2-e1558615194615-225x300.jpg 225w, https:\/\/oui-oui.es\/blog\/wp-content\/uploads\/2019\/05\/Oui-Oui-el-escondite-de-pedro-malillo-candeleda-casa-rural-ni\u00f1os-piscina-2-e1558615194615-600x800.jpg 600w, https:\/\/oui-oui.es\/blog\/wp-content\/uploads\/2019\/05\/Oui-Oui-el-escondite-de-pedro-malillo-candeleda-casa-rural-ni\u00f1os-piscina-2-e1558615194615-640x853.jpg 640w, https:\/\/oui-oui.es\/blog\/wp-content\/uploads\/2019\/05\/Oui-Oui-el-escondite-de-pedro-malillo-candeleda-casa-rural-ni\u00f1os-piscina-2-e1558615194615.jpg 1512w\" sizes=\"auto, (max-width: 768px) 100vw, 768px\" \/><\/figure>\n\n\n\n<p><strong><a rel=\"noreferrer noopener\" aria-label=\"Aqu\u00ed (opens in a new tab)\" href=\"http:\/\/elesconditedepedromalillo.com\/\" target=\"_blank\">Aqu\u00ed<\/a><\/strong> pod\u00e9is ver toda la informaci\u00f3n , no s\u00e9 por qu\u00e9 pero ahora viendo estas fotos siento que no he reflejado bien lo IMPRESIONANTE que es la casa, as\u00ed que no dud\u00e9is en echar un vistazo a su p\u00e1gina y ver m\u00e1s!<br><\/p>\n","protected":false},"excerpt":{"rendered":"<p>Hace cuatro a\u00f1os descubr\u00ed las incre\u00edbles casas rurales de alquiler en Candeleda de El Escondite de Pedro Malillo (pod\u00e9is ver el post AQU\u00cd). Las ten\u00eda fichadas desde entonces porque me encantan los alojamientos especiales, que cuidan la decoraci\u00f3n y que, adem\u00e1s, tienen una piscina singular. El Escondite de Pedro Malillo consta de varias casas rurales [&hellip;]<\/p>\n","protected":false},"author":1,"featured_media":9848,"comment_status":"open","ping_status":"open","sticky":false,"template":"","format":"standard","meta":{"jetpack_post_was_ever_published":false,"_jetpack_newsletter_access":"","_jetpack_dont_email_post_to_subs":false,"_jetpack_newsletter_tier_id":0,"_jetpack_memberships_contains_paywalled_content":false,"_jetpack_memberships_contains_paid_content":false,"footnotes":"","jetpack_publicize_message":"","jetpack_publicize_feature_enabled":true,"jetpack_social_post_already_shared":true,"jetpack_social_options":{"image_generator_settings":{"template":"highway","default_image_id":0,"font":"","enabled":false},"version":2}},"categories":[177],"tags":[864,865,721,706],"class_list":["post-9842","post","type-post","status-publish","format-standard","has-post-thumbnail","hentry","category-lifestyle-2","tag-casas-rurales","tag-casas-rurales-ninos","tag-planes-con-ninos","tag-viajar-con-ninos"],"aioseo_notices":[],"jetpack_publicize_connections":[],"jetpack_featured_media_url":"https:\/\/oui-oui.es\/blog\/wp-content\/uploads\/2019\/05\/Oui-Oui-El-escondite-de-Pedro-Malillo-Casa-Rural-Candeleda-Ni\u00f1os-Piscina-6-1.jpg","jetpack_sharing_enabled":true,"jetpack-related-posts":[{"id":2544,"url":"https:\/\/oui-oui.es\/blog\/3-hoteles-con-encanto-para-ir-con-ninos-cerca-de-madrid\/","url_meta":{"origin":9842,"position":0},"title":"3 hoteles con encanto para ir con ni\u00f1os cerca de Madrid","author":"Mar\u00eda \u2665Oui Oui\u2665","date":"4 junio, 2015","format":false,"excerpt":"Parece que las palabras ni\u00f1os y \"con encanto\" son incompatibles, pero yo me niego a ello, as\u00ed que voy a intentar recopilar en el blog todas las direcciones \"con encanto\" (al final es el t\u00e9rmino de b\u00fasqueda, porque cuando pongo \"hoteles monos\" salen hoteles CON monos...jajaja) que vaya descubriendo, porque\u2026","rel":"","context":"En \u00abESTILO DE VIDA\u00bb","block_context":{"text":"ESTILO DE VIDA","link":"https:\/\/oui-oui.es\/blog\/category\/lifestyle-2\/"},"img":{"alt_text":"","src":"https:\/\/i0.wp.com\/oui-oui.es\/blog\/wp-content\/uploads\/2015\/06\/oui-oui-hoteles-con-encanto-con-nic3b1os-madrid-candeleda-la-casa-de-los-tomillares-4.jpg?resize=350%2C200&ssl=1","width":350,"height":200,"srcset":"https:\/\/i0.wp.com\/oui-oui.es\/blog\/wp-content\/uploads\/2015\/06\/oui-oui-hoteles-con-encanto-con-nic3b1os-madrid-candeleda-la-casa-de-los-tomillares-4.jpg?resize=350%2C200&ssl=1 1x, https:\/\/i0.wp.com\/oui-oui.es\/blog\/wp-content\/uploads\/2015\/06\/oui-oui-hoteles-con-encanto-con-nic3b1os-madrid-candeleda-la-casa-de-los-tomillares-4.jpg?resize=525%2C300&ssl=1 1.5x"},"classes":[]},{"id":4537,"url":"https:\/\/oui-oui.es\/blog\/casa-la-bonita\/","url_meta":{"origin":9842,"position":1},"title":"Casa La Bonita","author":"Mar\u00eda \u2665Oui Oui\u2665","date":"27 junio, 2016","format":false,"excerpt":"Me gustan los hoteles peque\u00f1os y con encanto, las casas rurales, los hoteles boutique y los alojamientos especiales.Ahora con ni\u00f1os no es tan f\u00e1cil encontrar uno que nos cuadre a todos pero a\u00fan as\u00ed no me rindo, por eso en cuanto descubr\u00ed Casa La Bonita en Agua Amarga (uno de\u2026","rel":"","context":"En \u00abESTILO DE VIDA\u00bb","block_context":{"text":"ESTILO DE VIDA","link":"https:\/\/oui-oui.es\/blog\/category\/lifestyle-2\/"},"img":{"alt_text":"","src":"https:\/\/i0.wp.com\/oui-oui.es\/blog\/wp-content\/uploads\/2016\/06\/Oui-Oui-casa-la-bonita-hoteles-cool-aguamarga-alojamiento-con-encanto-almeria-1.jpg?resize=350%2C200&ssl=1","width":350,"height":200,"srcset":"https:\/\/i0.wp.com\/oui-oui.es\/blog\/wp-content\/uploads\/2016\/06\/Oui-Oui-casa-la-bonita-hoteles-cool-aguamarga-alojamiento-con-encanto-almeria-1.jpg?resize=350%2C200&ssl=1 1x, https:\/\/i0.wp.com\/oui-oui.es\/blog\/wp-content\/uploads\/2016\/06\/Oui-Oui-casa-la-bonita-hoteles-cool-aguamarga-alojamiento-con-encanto-almeria-1.jpg?resize=525%2C300&ssl=1 1.5x"},"classes":[]},{"id":3099,"url":"https:\/\/oui-oui.es\/blog\/cabo-de-gata-en-familia\/","url_meta":{"origin":9842,"position":2},"title":"Cabo de Gata en familia","author":"Mar\u00eda \u2665Oui Oui\u2665","date":"2 septiembre, 2015","format":false,"excerpt":"Como contaba el otro d\u00eda, este a\u00f1o decidimos buscar un destino de \"playa de calor\" para segurarnos los d\u00edas de playa con Mart\u00edn, pero quer\u00edamos hu\u00edr de las masificaciones, los macro hoteles y los atascos, as\u00ed llegamos a Cabo de Gata. Siendo sincera, seg\u00fan bajamos del coche nos golpe\u00f3 una\u2026","rel":"","context":"En \u00abESTILO DE VIDA\u00bb","block_context":{"text":"ESTILO DE VIDA","link":"https:\/\/oui-oui.es\/blog\/category\/lifestyle-2\/"},"img":{"alt_text":"","src":"https:\/\/i0.wp.com\/oui-oui.es\/blog\/wp-content\/uploads\/2015\/09\/Oui-Oui-cabo-de-gata-con-ni%C3%B1os-agua-amarga.jpg?resize=350%2C200&ssl=1","width":350,"height":200,"srcset":"https:\/\/i0.wp.com\/oui-oui.es\/blog\/wp-content\/uploads\/2015\/09\/Oui-Oui-cabo-de-gata-con-ni%C3%B1os-agua-amarga.jpg?resize=350%2C200&ssl=1 1x, https:\/\/i0.wp.com\/oui-oui.es\/blog\/wp-content\/uploads\/2015\/09\/Oui-Oui-cabo-de-gata-con-ni%C3%B1os-agua-amarga.jpg?resize=525%2C300&ssl=1 1.5x, https:\/\/i0.wp.com\/oui-oui.es\/blog\/wp-content\/uploads\/2015\/09\/Oui-Oui-cabo-de-gata-con-ni%C3%B1os-agua-amarga.jpg?resize=700%2C400&ssl=1 2x, https:\/\/i0.wp.com\/oui-oui.es\/blog\/wp-content\/uploads\/2015\/09\/Oui-Oui-cabo-de-gata-con-ni%C3%B1os-agua-amarga.jpg?resize=1050%2C600&ssl=1 3x, https:\/\/i0.wp.com\/oui-oui.es\/blog\/wp-content\/uploads\/2015\/09\/Oui-Oui-cabo-de-gata-con-ni%C3%B1os-agua-amarga.jpg?resize=1400%2C800&ssl=1 4x"},"classes":[]},{"id":312,"url":"https:\/\/oui-oui.es\/blog\/una-puerta-para-el-ratoncito-perez\/","url_meta":{"origin":9842,"position":3},"title":"Una puerta para el Ratoncito P\u00e9rez","author":"Mar\u00eda \u2665Oui Oui\u2665","date":"17 diciembre, 2012","format":false,"excerpt":"All\u00e1 por 1894, hab\u00eda un rat\u00f3n que viv\u00eda con su familia dentro de una gran caja de galletas, en el almac\u00e9n de la entonces famosa confiter\u00eda Prats, en el n\u00famero ocho de la calle del Arenal, en el coraz\u00f3n de Madrid, a unos cien metros del Palacio Real. El peque\u00f1o\u2026","rel":"","context":"En \u00abPUERTAS RATONCITO P\u00c9REZ\u00bb","block_context":{"text":"PUERTAS RATONCITO P\u00c9REZ","link":"https:\/\/oui-oui.es\/blog\/category\/puertas-para-el-ratoncito-perez\/"},"img":{"alt_text":"","src":"https:\/\/i0.wp.com\/oui-oui.es\/blog\/wp-content\/uploads\/puertas-para-el-ratoncito-pc3a9rez-oui-oui1.jpg?resize=350%2C200&ssl=1","width":350,"height":200,"srcset":"https:\/\/i0.wp.com\/oui-oui.es\/blog\/wp-content\/uploads\/puertas-para-el-ratoncito-pc3a9rez-oui-oui1.jpg?resize=350%2C200&ssl=1 1x, https:\/\/i0.wp.com\/oui-oui.es\/blog\/wp-content\/uploads\/puertas-para-el-ratoncito-pc3a9rez-oui-oui1.jpg?resize=525%2C300&ssl=1 1.5x, https:\/\/i0.wp.com\/oui-oui.es\/blog\/wp-content\/uploads\/puertas-para-el-ratoncito-pc3a9rez-oui-oui1.jpg?resize=700%2C400&ssl=1 2x, https:\/\/i0.wp.com\/oui-oui.es\/blog\/wp-content\/uploads\/puertas-para-el-ratoncito-pc3a9rez-oui-oui1.jpg?resize=1050%2C600&ssl=1 3x, https:\/\/i0.wp.com\/oui-oui.es\/blog\/wp-content\/uploads\/puertas-para-el-ratoncito-pc3a9rez-oui-oui1.jpg?resize=1400%2C800&ssl=1 4x"},"classes":[]},{"id":4659,"url":"https:\/\/oui-oui.es\/blog\/pequena-y-grande-una-coleccion-con-encanto\/","url_meta":{"origin":9842,"position":4},"title":"Peque\u00f1a y Grande, una colecci\u00f3n con encanto","author":"Mar\u00eda \u2665Oui Oui\u2665","date":"14 julio, 2016","format":false,"excerpt":"El verano es un momento ideal para leer, no solo los mayores que tenemos m\u00e1s tiempo sino tambi\u00e9n los peques, tanto a los que les encanta leer cuentos como a Mart\u00edn como a los que a\u00fan no les ha llamado, es un momento perfecto para introducirles nuevas historias, nuevos cuentos,\u2026","rel":"","context":"En \u00abNI\u00d1OS Y NI\u00d1AS\u00bb","block_context":{"text":"NI\u00d1OS Y NI\u00d1AS","link":"https:\/\/oui-oui.es\/blog\/category\/ninos\/"},"img":{"alt_text":"","src":"https:\/\/i0.wp.com\/oui-oui.es\/blog\/wp-content\/uploads\/2016\/07\/Oui-Oui-Peque%C3%B1a-y-Grande-Coco-Chanel.jpg?resize=350%2C200&ssl=1","width":350,"height":200,"srcset":"https:\/\/i0.wp.com\/oui-oui.es\/blog\/wp-content\/uploads\/2016\/07\/Oui-Oui-Peque%C3%B1a-y-Grande-Coco-Chanel.jpg?resize=350%2C200&ssl=1 1x, https:\/\/i0.wp.com\/oui-oui.es\/blog\/wp-content\/uploads\/2016\/07\/Oui-Oui-Peque%C3%B1a-y-Grande-Coco-Chanel.jpg?resize=525%2C300&ssl=1 1.5x, https:\/\/i0.wp.com\/oui-oui.es\/blog\/wp-content\/uploads\/2016\/07\/Oui-Oui-Peque%C3%B1a-y-Grande-Coco-Chanel.jpg?resize=700%2C400&ssl=1 2x, https:\/\/i0.wp.com\/oui-oui.es\/blog\/wp-content\/uploads\/2016\/07\/Oui-Oui-Peque%C3%B1a-y-Grande-Coco-Chanel.jpg?resize=1050%2C600&ssl=1 3x, https:\/\/i0.wp.com\/oui-oui.es\/blog\/wp-content\/uploads\/2016\/07\/Oui-Oui-Peque%C3%B1a-y-Grande-Coco-Chanel.jpg?resize=1400%2C800&ssl=1 4x"},"classes":[]},{"id":8769,"url":"https:\/\/oui-oui.es\/blog\/este-finde-kids-up-christmas-os-esperamos\/","url_meta":{"origin":9842,"position":5},"title":"Este finde \u00a1Kids UP Christmas! Os esperamos","author":"Mar\u00eda \u2665Oui Oui\u2665","date":"14 diciembre, 2017","format":false,"excerpt":"Queda poco m\u00e1s de una semana para Navidad y la mayor\u00eda de nosotros a\u00fan no tenemos ni la mitad de los regalos, queremos hacer algo especial pero nos falta tiempo...Pues te propongo un plan para este finde \u00a1vuelve nuestra pop up infantil! KIDS UP CHRISTMAS. Un espacio, 10 marcas y\u2026","rel":"","context":"En \u00abNI\u00d1OS Y NI\u00d1AS\u00bb","block_context":{"text":"NI\u00d1OS Y NI\u00d1AS","link":"https:\/\/oui-oui.es\/blog\/category\/ninos\/"},"img":{"alt_text":"","src":"https:\/\/i0.wp.com\/oui-oui.es\/blog\/wp-content\/uploads\/2017\/12\/Oui-Oui-puerta-ratoncito-navidad-puertas-ratoncito-perez-marta-machin.jpg?resize=350%2C200&ssl=1","width":350,"height":200,"srcset":"https:\/\/i0.wp.com\/oui-oui.es\/blog\/wp-content\/uploads\/2017\/12\/Oui-Oui-puerta-ratoncito-navidad-puertas-ratoncito-perez-marta-machin.jpg?resize=350%2C200&ssl=1 1x, https:\/\/i0.wp.com\/oui-oui.es\/blog\/wp-content\/uploads\/2017\/12\/Oui-Oui-puerta-ratoncito-navidad-puertas-ratoncito-perez-marta-machin.jpg?resize=525%2C300&ssl=1 1.5x, https:\/\/i0.wp.com\/oui-oui.es\/blog\/wp-content\/uploads\/2017\/12\/Oui-Oui-puerta-ratoncito-navidad-puertas-ratoncito-perez-marta-machin.jpg?resize=700%2C400&ssl=1 2x, https:\/\/i0.wp.com\/oui-oui.es\/blog\/wp-content\/uploads\/2017\/12\/Oui-Oui-puerta-ratoncito-navidad-puertas-ratoncito-perez-marta-machin.jpg?resize=1050%2C600&ssl=1 3x, https:\/\/i0.wp.com\/oui-oui.es\/blog\/wp-content\/uploads\/2017\/12\/Oui-Oui-puerta-ratoncito-navidad-puertas-ratoncito-perez-marta-machin.jpg?resize=1400%2C800&ssl=1 4x"},"classes":[]}],"_links":{"self":[{"href":"https:\/\/oui-oui.es\/blog\/wp-json\/wp\/v2\/posts\/9842","targetHints":{"allow":["GET"]}}],"collection":[{"href":"https:\/\/oui-oui.es\/blog\/wp-json\/wp\/v2\/posts"}],"about":[{"href":"https:\/\/oui-oui.es\/blog\/wp-json\/wp\/v2\/types\/post"}],"author":[{"embeddable":true,"href":"https:\/\/oui-oui.es\/blog\/wp-json\/wp\/v2\/users\/1"}],"replies":[{"embeddable":true,"href":"https:\/\/oui-oui.es\/blog\/wp-json\/wp\/v2\/comments?post=9842"}],"version-history":[{"count":1,"href":"https:\/\/oui-oui.es\/blog\/wp-json\/wp\/v2\/posts\/9842\/revisions"}],"predecessor-version":[{"id":9856,"href":"https:\/\/oui-oui.es\/blog\/wp-json\/wp\/v2\/posts\/9842\/revisions\/9856"}],"wp:featuredmedia":[{"embeddable":true,"href":"https:\/\/oui-oui.es\/blog\/wp-json\/wp\/v2\/media\/9848"}],"wp:attachment":[{"href":"https:\/\/oui-oui.es\/blog\/wp-json\/wp\/v2\/media?parent=9842"}],"wp:term":[{"taxonomy":"category","embeddable":true,"href":"https:\/\/oui-oui.es\/blog\/wp-json\/wp\/v2\/categories?post=9842"},{"taxonomy":"post_tag","embeddable":true,"href":"https:\/\/oui-oui.es\/blog\/wp-json\/wp\/v2\/tags?post=9842"}],"curies":[{"name":"wp","href":"https:\/\/api.w.org\/{rel}","templated":true}]}}